{"id":10291,"date":"2022-12-07T09:57:27","date_gmt":"2022-12-07T12:57:27","guid":{"rendered":"https:\/\/aliancasocial.org\/?p=10291"},"modified":"2024-04-11T11:03:39","modified_gmt":"2024-04-11T14:03:39","slug":"premiacao-melhores-ongs-2022","status":"publish","type":"post","link":"https:\/\/aliancasocial.org\/en\/premiacao-melhores-ongs-2022\/","title":{"rendered":"Best NGOs Awards 2022!"},"content":{"rendered":"\n<p>Dia 25 de novembro a Associa\u00e7\u00e3o Alian\u00e7a de Miseric\u00f3rdia, recebeu mais um trof\u00e9u do Melhores ONGs, em uma cerim\u00f4nia que mostrou a\u00e7\u00f5es inovadoras e transformadoras do ano de 2022. Confira!<\/p>\n\n\n\n<p>Mais de 700 organiza\u00e7\u00f5es concorreram ao Pr\u00eamio Melhores ONGS 2022, esse pr\u00eamio elege, por meio de uma sele\u00e7\u00e3o, que estabelece crit\u00e9rios, sobre governan\u00e7a, gest\u00e3o e transpar\u00eancia, elegendo as 100 melhores do Brasil.<\/p>\n\n\n\n<p>Esse pr\u00eamio teve in\u00edcio em 2017,\u00a0fruto de uma parceria entre o <a rel=\"noreferrer noopener\" href=\"https:\/\/omundoquequeremos.com.br\/\" target=\"_blank\"><strong>Instituto O Mundo que Queremos<\/strong><\/a>, <a rel=\"noreferrer noopener\" href=\"https:\/\/www.institutodoar.org\/\" target=\"_blank\"><strong>Instituto Doar<\/strong><\/a>\u00a0e <a rel=\"noreferrer noopener\" href=\"https:\/\/voa.ambev.com.br\/#:~:text=O%20VOA%20%C3%A9%20o%20programa,realizarem%20uma%20gest%C3%A3o%20mais%20eficaz.\" target=\"_blank\"><strong>Ambev VOA<\/strong><\/a>, \u00a0assim como pesquisadores da Funda\u00e7\u00e3o Get\u00falio Vargas (FGV), da\u00a0<a rel=\"noreferrer noopener\" href=\"https:\/\/fundacaotoyotadobrasil.org.br\/\" target=\"_blank\"><strong>Funda\u00e7\u00e3o Toyota do Brasil<\/strong><\/a>\u00a0e do\u00a0<a rel=\"noreferrer noopener\" href=\"https:\/\/www.ihumanize.org\/\" target=\"_blank\"><strong>Instituto Humanize<\/strong><\/a><strong>. <\/strong>Ap\u00f3s dois anos de forma remota, a premia\u00e7\u00e3o voltou a ser presencial, a cerim\u00f4nia que premiou e homenageou o trabalho das 100 Melhores ONGs, foi realizada no Unibes Cultural, em S\u00e3o Paulo no dia 25 de novembro, com transmiss\u00e3o ao vivo pelo canal do YouTube, para conferir o nome de todas as vencedoras e conhecer as eleitas por estado, causa, pequeno porte e claro, a melhor ONG de 2022, Ref\u00fagio 343, <a rel=\"noreferrer noopener\" href=\"https:\/\/www.premiomelhores.org\/conheca-as-melhores-ongs-de-2022-2\/?utm_campaign=e-mail-mensal_1_dez&amp;utm_medium=email&amp;utm_source=RD+Station\" data-type=\"URL\" data-id=\"https:\/\/www.premiomelhores.org\/conheca-as-melhores-ongs-de-2022-2\/?utm_campaign=e-mail-mensal_1_dez&amp;utm_medium=email&amp;utm_source=RD+Station\" target=\"_blank\">clique aqui<\/a><\/p>\n\n\n\n<div class=\"wp-block-cb-carousel\" data-slick=\"{&quot;slidesToShow&quot;:3,&quot;slidesToScroll&quot;:1,&quot;speed&quot;:300,&quot;arrows&quot;:false,&quot;dots&quot;:true,&quot;autoplay&quot;:true,&quot;autoplaySpeed&quot;:3000,&quot;infinite&quot;:true,&quot;responsive&quot;:[{&quot;breakpoint&quot;:769,&quot;settings&quot;:{&quot;slidesToShow&quot;:1,&quot;slidesToScroll&quot;:1}}]}\">\n<div class=\"wp-block-cb-slide\">\n<figure class=\"wp-block-image size-large\"><img fetchpriority=\"high\" decoding=\"async\" width=\"1024\" height=\"683\" src=\"http:\/\/aliancasocial.org\/wp-content\/uploads\/2022\/12\/2c02f22bf878d228155d40c25e553b2982bef945855654cbde9098e45da952bd_965842be12b56b5f2706b0e3a4795180a8944cb4d9ea8d997b2c39a694e60870_52532311078_bb562a23b7_o-1-1024x683.jpg\" alt=\"\" class=\"wp-image-10295\" srcset=\"https:\/\/aliancasocial.org\/wp-content\/uploads\/2022\/12\/2c02f22bf878d228155d40c25e553b2982bef945855654cbde9098e45da952bd_965842be12b56b5f2706b0e3a4795180a8944cb4d9ea8d997b2c39a694e60870_52532311078_bb562a23b7_o-1-1024x683.jpg 1024w, https:\/\/aliancasocial.org\/wp-content\/uploads\/2022\/12\/2c02f22bf878d228155d40c25e553b2982bef945855654cbde9098e45da952bd_965842be12b56b5f2706b0e3a4795180a8944cb4d9ea8d997b2c39a694e60870_52532311078_bb562a23b7_o-1-300x200.jpg 300w, https:\/\/aliancasocial.org\/wp-content\/uploads\/2022\/12\/2c02f22bf878d228155d40c25e553b2982bef945855654cbde9098e45da952bd_965842be12b56b5f2706b0e3a4795180a8944cb4d9ea8d997b2c39a694e60870_52532311078_bb562a23b7_o-1-150x100.jpg 150w, https:\/\/aliancasocial.org\/wp-content\/uploads\/2022\/12\/2c02f22bf878d228155d40c25e553b2982bef945855654cbde9098e45da952bd_965842be12b56b5f2706b0e3a4795180a8944cb4d9ea8d997b2c39a694e60870_52532311078_bb562a23b7_o-1-768x512.jpg 768w, https:\/\/aliancasocial.org\/wp-content\/uploads\/2022\/12\/2c02f22bf878d228155d40c25e553b2982bef945855654cbde9098e45da952bd_965842be12b56b5f2706b0e3a4795180a8944cb4d9ea8d997b2c39a694e60870_52532311078_bb562a23b7_o-1-1536x1024.jpg 1536w, https:\/\/aliancasocial.org\/wp-content\/uploads\/2022\/12\/2c02f22bf878d228155d40c25e553b2982bef945855654cbde9098e45da952bd_965842be12b56b5f2706b0e3a4795180a8944cb4d9ea8d997b2c39a694e60870_52532311078_bb562a23b7_o-1-2048x1365.jpg 2048w\" sizes=\"(max-width: 1024px) 100vw, 1024px\" \/><\/figure>\n<\/div>\n\n\n\n<div class=\"wp-block-cb-slide\">\n<figure class=\"wp-block-image size-large\"><img decoding=\"async\" width=\"1024\" height=\"683\" src=\"http:\/\/aliancasocial.org\/wp-content\/uploads\/2022\/12\/2c02f22bf878d228155d40c25e553b2982bef945855654cbde9098e45da952bd_c62fc53978a7f3ac8d54aaa69ec19455d04035f180dd8fbae8fdf80b3d61743d_52532056234_51702ab6ee_o-1024x683.jpg\" alt=\"\" class=\"wp-image-10303\" srcset=\"https:\/\/aliancasocial.org\/wp-content\/uploads\/2022\/12\/2c02f22bf878d228155d40c25e553b2982bef945855654cbde9098e45da952bd_c62fc53978a7f3ac8d54aaa69ec19455d04035f180dd8fbae8fdf80b3d61743d_52532056234_51702ab6ee_o-1024x683.jpg 1024w, https:\/\/aliancasocial.org\/wp-content\/uploads\/2022\/12\/2c02f22bf878d228155d40c25e553b2982bef945855654cbde9098e45da952bd_c62fc53978a7f3ac8d54aaa69ec19455d04035f180dd8fbae8fdf80b3d61743d_52532056234_51702ab6ee_o-300x200.jpg 300w, https:\/\/aliancasocial.org\/wp-content\/uploads\/2022\/12\/2c02f22bf878d228155d40c25e553b2982bef945855654cbde9098e45da952bd_c62fc53978a7f3ac8d54aaa69ec19455d04035f180dd8fbae8fdf80b3d61743d_52532056234_51702ab6ee_o-150x100.jpg 150w, https:\/\/aliancasocial.org\/wp-content\/uploads\/2022\/12\/2c02f22bf878d228155d40c25e553b2982bef945855654cbde9098e45da952bd_c62fc53978a7f3ac8d54aaa69ec19455d04035f180dd8fbae8fdf80b3d61743d_52532056234_51702ab6ee_o-768x512.jpg 768w, https:\/\/aliancasocial.org\/wp-content\/uploads\/2022\/12\/2c02f22bf878d228155d40c25e553b2982bef945855654cbde9098e45da952bd_c62fc53978a7f3ac8d54aaa69ec19455d04035f180dd8fbae8fdf80b3d61743d_52532056234_51702ab6ee_o-1536x1024.jpg 1536w, https:\/\/aliancasocial.org\/wp-content\/uploads\/2022\/12\/2c02f22bf878d228155d40c25e553b2982bef945855654cbde9098e45da952bd_c62fc53978a7f3ac8d54aaa69ec19455d04035f180dd8fbae8fdf80b3d61743d_52532056234_51702ab6ee_o-2048x1365.jpg 2048w\" sizes=\"(max-width: 1024px) 100vw, 1024px\" \/><\/figure>\n<\/div>\n\n\n\n<div class=\"wp-block-cb-slide\">\n<figure class=\"wp-block-image size-large\"><img decoding=\"async\" width=\"1024\" height=\"683\" src=\"http:\/\/aliancasocial.org\/wp-content\/uploads\/2022\/12\/2c02f22bf878d228155d40c25e553b2982bef945855654cbde9098e45da952bd_b690a0f2cf234453dad60b6f0152b494f99a9689162c29b7ce3f72a00d5b213b_52532265260_91fd58e8dc_o-1024x683.jpg\" alt=\"\" class=\"wp-image-10302\" srcset=\"https:\/\/aliancasocial.org\/wp-content\/uploads\/2022\/12\/2c02f22bf878d228155d40c25e553b2982bef945855654cbde9098e45da952bd_b690a0f2cf234453dad60b6f0152b494f99a9689162c29b7ce3f72a00d5b213b_52532265260_91fd58e8dc_o-1024x683.jpg 1024w, https:\/\/aliancasocial.org\/wp-content\/uploads\/2022\/12\/2c02f22bf878d228155d40c25e553b2982bef945855654cbde9098e45da952bd_b690a0f2cf234453dad60b6f0152b494f99a9689162c29b7ce3f72a00d5b213b_52532265260_91fd58e8dc_o-300x200.jpg 300w, https:\/\/aliancasocial.org\/wp-content\/uploads\/2022\/12\/2c02f22bf878d228155d40c25e553b2982bef945855654cbde9098e45da952bd_b690a0f2cf234453dad60b6f0152b494f99a9689162c29b7ce3f72a00d5b213b_52532265260_91fd58e8dc_o-150x100.jpg 150w, https:\/\/aliancasocial.org\/wp-content\/uploads\/2022\/12\/2c02f22bf878d228155d40c25e553b2982bef945855654cbde9098e45da952bd_b690a0f2cf234453dad60b6f0152b494f99a9689162c29b7ce3f72a00d5b213b_52532265260_91fd58e8dc_o-768x512.jpg 768w, https:\/\/aliancasocial.org\/wp-content\/uploads\/2022\/12\/2c02f22bf878d228155d40c25e553b2982bef945855654cbde9098e45da952bd_b690a0f2cf234453dad60b6f0152b494f99a9689162c29b7ce3f72a00d5b213b_52532265260_91fd58e8dc_o-1536x1024.jpg 1536w, https:\/\/aliancasocial.org\/wp-content\/uploads\/2022\/12\/2c02f22bf878d228155d40c25e553b2982bef945855654cbde9098e45da952bd_b690a0f2cf234453dad60b6f0152b494f99a9689162c29b7ce3f72a00d5b213b_52532265260_91fd58e8dc_o-2048x1365.jpg 2048w\" sizes=\"(max-width: 1024px) 100vw, 1024px\" \/><\/figure>\n<\/div>\n\n\n\n<div class=\"wp-block-cb-slide\">\n<figure class=\"wp-block-image size-large\"><img loading=\"lazy\" decoding=\"async\" width=\"1024\" height=\"683\" src=\"http:\/\/aliancasocial.org\/wp-content\/uploads\/2022\/12\/2c02f22bf878d228155d40c25e553b2982bef945855654cbde9098e45da952bd_32daa487d319685f2a05ea365e8cf8fedb91ed3fcb5a3328dcba0b3767100c1c_52531304292_d0ebdf8245_o-1024x683.jpg\" alt=\"\" class=\"wp-image-10300\" srcset=\"https:\/\/aliancasocial.org\/wp-content\/uploads\/2022\/12\/2c02f22bf878d228155d40c25e553b2982bef945855654cbde9098e45da952bd_32daa487d319685f2a05ea365e8cf8fedb91ed3fcb5a3328dcba0b3767100c1c_52531304292_d0ebdf8245_o-1024x683.jpg 1024w, https:\/\/aliancasocial.org\/wp-content\/uploads\/2022\/12\/2c02f22bf878d228155d40c25e553b2982bef945855654cbde9098e45da952bd_32daa487d319685f2a05ea365e8cf8fedb91ed3fcb5a3328dcba0b3767100c1c_52531304292_d0ebdf8245_o-300x200.jpg 300w, https:\/\/aliancasocial.org\/wp-content\/uploads\/2022\/12\/2c02f22bf878d228155d40c25e553b2982bef945855654cbde9098e45da952bd_32daa487d319685f2a05ea365e8cf8fedb91ed3fcb5a3328dcba0b3767100c1c_52531304292_d0ebdf8245_o-150x100.jpg 150w, https:\/\/aliancasocial.org\/wp-content\/uploads\/2022\/12\/2c02f22bf878d228155d40c25e553b2982bef945855654cbde9098e45da952bd_32daa487d319685f2a05ea365e8cf8fedb91ed3fcb5a3328dcba0b3767100c1c_52531304292_d0ebdf8245_o-768x512.jpg 768w, https:\/\/aliancasocial.org\/wp-content\/uploads\/2022\/12\/2c02f22bf878d228155d40c25e553b2982bef945855654cbde9098e45da952bd_32daa487d319685f2a05ea365e8cf8fedb91ed3fcb5a3328dcba0b3767100c1c_52531304292_d0ebdf8245_o-1536x1024.jpg 1536w, https:\/\/aliancasocial.org\/wp-content\/uploads\/2022\/12\/2c02f22bf878d228155d40c25e553b2982bef945855654cbde9098e45da952bd_32daa487d319685f2a05ea365e8cf8fedb91ed3fcb5a3328dcba0b3767100c1c_52531304292_d0ebdf8245_o-2048x1365.jpg 2048w\" sizes=\"(max-width: 1024px) 100vw, 1024px\" \/><\/figure>\n<\/div>\n\n\n\n<div class=\"wp-block-cb-slide\">\n<figure class=\"wp-block-image size-large\"><img loading=\"lazy\" decoding=\"async\" width=\"1024\" height=\"683\" src=\"http:\/\/aliancasocial.org\/wp-content\/uploads\/2022\/12\/2c02f22bf878d228155d40c25e553b2982bef945855654cbde9098e45da952bd_e44d546f1c691e3a45f6aae1fe77136d2fad589e6a5cfab03e49adf8e3a7a46b_52532237920_4a47b5ca0e_o-1024x683.jpg\" alt=\"\" class=\"wp-image-10299\" srcset=\"https:\/\/aliancasocial.org\/wp-content\/uploads\/2022\/12\/2c02f22bf878d228155d40c25e553b2982bef945855654cbde9098e45da952bd_e44d546f1c691e3a45f6aae1fe77136d2fad589e6a5cfab03e49adf8e3a7a46b_52532237920_4a47b5ca0e_o-1024x683.jpg 1024w, https:\/\/aliancasocial.org\/wp-content\/uploads\/2022\/12\/2c02f22bf878d228155d40c25e553b2982bef945855654cbde9098e45da952bd_e44d546f1c691e3a45f6aae1fe77136d2fad589e6a5cfab03e49adf8e3a7a46b_52532237920_4a47b5ca0e_o-300x200.jpg 300w, https:\/\/aliancasocial.org\/wp-content\/uploads\/2022\/12\/2c02f22bf878d228155d40c25e553b2982bef945855654cbde9098e45da952bd_e44d546f1c691e3a45f6aae1fe77136d2fad589e6a5cfab03e49adf8e3a7a46b_52532237920_4a47b5ca0e_o-150x100.jpg 150w, https:\/\/aliancasocial.org\/wp-content\/uploads\/2022\/12\/2c02f22bf878d228155d40c25e553b2982bef945855654cbde9098e45da952bd_e44d546f1c691e3a45f6aae1fe77136d2fad589e6a5cfab03e49adf8e3a7a46b_52532237920_4a47b5ca0e_o-768x512.jpg 768w, https:\/\/aliancasocial.org\/wp-content\/uploads\/2022\/12\/2c02f22bf878d228155d40c25e553b2982bef945855654cbde9098e45da952bd_e44d546f1c691e3a45f6aae1fe77136d2fad589e6a5cfab03e49adf8e3a7a46b_52532237920_4a47b5ca0e_o-1536x1024.jpg 1536w, https:\/\/aliancasocial.org\/wp-content\/uploads\/2022\/12\/2c02f22bf878d228155d40c25e553b2982bef945855654cbde9098e45da952bd_e44d546f1c691e3a45f6aae1fe77136d2fad589e6a5cfab03e49adf8e3a7a46b_52532237920_4a47b5ca0e_o-2048x1365.jpg 2048w\" sizes=\"(max-width: 1024px) 100vw, 1024px\" \/><\/figure>\n<\/div>\n\n\n\n<div class=\"wp-block-cb-slide\">\n<figure class=\"wp-block-image size-large\"><img loading=\"lazy\" decoding=\"async\" width=\"1024\" height=\"683\" src=\"http:\/\/aliancasocial.org\/wp-content\/uploads\/2022\/12\/2c02f22bf878d228155d40c25e553b2982bef945855654cbde9098e45da952bd_42fc3b4ed6ceba04e67c57d5e05ef9047f5e948fec4ddb5e9152ab1f3773433a_52532314163_68ede33e93_o-1024x683.jpg\" alt=\"\" class=\"wp-image-10296\" srcset=\"https:\/\/aliancasocial.org\/wp-content\/uploads\/2022\/12\/2c02f22bf878d228155d40c25e553b2982bef945855654cbde9098e45da952bd_42fc3b4ed6ceba04e67c57d5e05ef9047f5e948fec4ddb5e9152ab1f3773433a_52532314163_68ede33e93_o-1024x683.jpg 1024w, https:\/\/aliancasocial.org\/wp-content\/uploads\/2022\/12\/2c02f22bf878d228155d40c25e553b2982bef945855654cbde9098e45da952bd_42fc3b4ed6ceba04e67c57d5e05ef9047f5e948fec4ddb5e9152ab1f3773433a_52532314163_68ede33e93_o-300x200.jpg 300w, https:\/\/aliancasocial.org\/wp-content\/uploads\/2022\/12\/2c02f22bf878d228155d40c25e553b2982bef945855654cbde9098e45da952bd_42fc3b4ed6ceba04e67c57d5e05ef9047f5e948fec4ddb5e9152ab1f3773433a_52532314163_68ede33e93_o-150x100.jpg 150w, https:\/\/aliancasocial.org\/wp-content\/uploads\/2022\/12\/2c02f22bf878d228155d40c25e553b2982bef945855654cbde9098e45da952bd_42fc3b4ed6ceba04e67c57d5e05ef9047f5e948fec4ddb5e9152ab1f3773433a_52532314163_68ede33e93_o-768x512.jpg 768w, https:\/\/aliancasocial.org\/wp-content\/uploads\/2022\/12\/2c02f22bf878d228155d40c25e553b2982bef945855654cbde9098e45da952bd_42fc3b4ed6ceba04e67c57d5e05ef9047f5e948fec4ddb5e9152ab1f3773433a_52532314163_68ede33e93_o-1536x1024.jpg 1536w, https:\/\/aliancasocial.org\/wp-content\/uploads\/2022\/12\/2c02f22bf878d228155d40c25e553b2982bef945855654cbde9098e45da952bd_42fc3b4ed6ceba04e67c57d5e05ef9047f5e948fec4ddb5e9152ab1f3773433a_52532314163_68ede33e93_o-2048x1365.jpg 2048w\" sizes=\"(max-width: 1024px) 100vw, 1024px\" \/><\/figure>\n<\/div>\n<\/div>\n","protected":false},"excerpt":{"rendered":"<p>Dia 25 de novembro a Associa\u00e7\u00e3o Alian\u00e7a de Miseric\u00f3rdia, recebeu mais um trof\u00e9u do Melhores ONGs, em uma cerim\u00f4nia que mostrou a\u00e7\u00f5es inovadoras e transformadoras do ano de 2022. Confira! Mais de 700 organiza\u00e7\u00f5es concorreram ao Pr\u00eamio Melhores ONGS 2022, esse pr\u00eamio elege, por meio de uma sele\u00e7\u00e3o, que estabelece crit\u00e9rios, sobre governan\u00e7a, gest\u00e3o e [&hellip;]<\/p>\n","protected":false},"author":3,"featured_media":10294,"comment_status":"closed","ping_status":"closed","sticky":false,"template":"","format":"standard","meta":{"footnotes":""},"categories":[46],"tags":[],"destaques":[],"class_list":["post-10291","post","type-post","status-publish","format-standard","has-post-thumbnail","hentry","category-reconhecimento"],"yoast_head":"<!-- This site is optimized with the Yoast SEO plugin v27.5 - https:\/\/yoast.com\/product\/yoast-seo-wordpress\/ -->\n<title>Premia\u00e7\u00e3o Melhores ONGs 2022! - Alian\u00e7a de Miseric\u00f3rdia<\/title>\n<meta name=\"description\" content=\"Dia 25 de novembro a Associa\u00e7\u00e3o Alian\u00e7a de Miseric\u00f3rdia, recebeu mais um trof\u00e9u do Melhores ONGs, em uma cerim\u00f4nia que mostrou a\u00e7\u00f5es inovadoras e\" \/>\n<meta name=\"robots\" content=\"index, follow, max-snippet:-1, max-image-preview:large, max-video-preview:-1\" \/>\n<link rel=\"canonical\" href=\"https:\/\/aliancasocial.org\/en\/premiacao-melhores-ongs-2022\/\" \/>\n<meta property=\"og:locale\" content=\"en_US\" \/>\n<meta property=\"og:type\" content=\"article\" \/>\n<meta property=\"og:title\" content=\"Premia\u00e7\u00e3o Melhores ONGs 2022! - Alian\u00e7a de Miseric\u00f3rdia\" \/>\n<meta property=\"og:description\" content=\"Dia 25 de novembro a Associa\u00e7\u00e3o Alian\u00e7a de Miseric\u00f3rdia, recebeu mais um trof\u00e9u do Melhores ONGs, em uma cerim\u00f4nia que mostrou a\u00e7\u00f5es inovadoras e\" \/>\n<meta property=\"og:url\" content=\"https:\/\/aliancasocial.org\/en\/premiacao-melhores-ongs-2022\/\" \/>\n<meta property=\"og:site_name\" content=\"Alian\u00e7a de Miseric\u00f3rdia\" \/>\n<meta property=\"article:publisher\" content=\"https:\/\/www.facebook.com\/iesmisericordia\/\" \/>\n<meta property=\"article:published_time\" content=\"2022-12-07T12:57:27+00:00\" \/>\n<meta property=\"article:modified_time\" content=\"2024-04-11T14:03:39+00:00\" \/>\n<meta property=\"og:image\" content=\"https:\/\/aliancasocial.org\/wp-content\/uploads\/2022\/12\/2c02f22bf878d228155d40c25e553b2982bef945855654cbde9098e45da952bd_965842be12b56b5f2706b0e3a4795180a8944cb4d9ea8d997b2c39a694e60870_52532311078_bb562a23b7_o-scaled.jpg\" \/>\n\t<meta property=\"og:image:width\" content=\"2560\" \/>\n\t<meta property=\"og:image:height\" content=\"1707\" \/>\n\t<meta property=\"og:image:type\" content=\"image\/jpeg\" \/>\n<meta name=\"author\" content=\"Thyago Fran\u00e7a\" \/>\n<meta name=\"twitter:card\" content=\"summary_large_image\" \/>\n<meta name=\"twitter:creator\" content=\"@thyago.f@aliancasocial.org\" \/>\n<meta name=\"twitter:label1\" content=\"Written by\" \/>\n\t<meta name=\"twitter:data1\" content=\"Thyago Fran\u00e7a\" \/>\n\t<meta name=\"twitter:label2\" content=\"Est. reading time\" \/>\n\t<meta name=\"twitter:data2\" content=\"3 minutes\" \/>\n<script type=\"application\/ld+json\" class=\"yoast-schema-graph\">{\"@context\":\"https:\\\/\\\/schema.org\",\"@graph\":[{\"@type\":\"Article\",\"@id\":\"https:\\\/\\\/aliancasocial.org\\\/premiacao-melhores-ongs-2022\\\/#article\",\"isPartOf\":{\"@id\":\"https:\\\/\\\/aliancasocial.org\\\/premiacao-melhores-ongs-2022\\\/\"},\"author\":{\"name\":\"Thyago Fran\u00e7a\",\"@id\":\"https:\\\/\\\/aliancasocial.org\\\/#\\\/schema\\\/person\\\/8f8ae145580ca7206a1f21a56814959a\"},\"headline\":\"Premia\u00e7\u00e3o Melhores ONGs 2022!\",\"datePublished\":\"2022-12-07T12:57:27+00:00\",\"dateModified\":\"2024-04-11T14:03:39+00:00\",\"mainEntityOfPage\":{\"@id\":\"https:\\\/\\\/aliancasocial.org\\\/premiacao-melhores-ongs-2022\\\/\"},\"wordCount\":193,\"publisher\":{\"@id\":\"https:\\\/\\\/aliancasocial.org\\\/#organization\"},\"image\":{\"@id\":\"https:\\\/\\\/aliancasocial.org\\\/premiacao-melhores-ongs-2022\\\/#primaryimage\"},\"thumbnailUrl\":\"https:\\\/\\\/aliancasocial.org\\\/wp-content\\\/uploads\\\/2022\\\/12\\\/2c02f22bf878d228155d40c25e553b2982bef945855654cbde9098e45da952bd_965842be12b56b5f2706b0e3a4795180a8944cb4d9ea8d997b2c39a694e60870_52532311078_bb562a23b7_o-scaled.jpg\",\"articleSection\":[\"Reconhecimento\"],\"inLanguage\":\"en-US\"},{\"@type\":\"WebPage\",\"@id\":\"https:\\\/\\\/aliancasocial.org\\\/premiacao-melhores-ongs-2022\\\/\",\"url\":\"https:\\\/\\\/aliancasocial.org\\\/premiacao-melhores-ongs-2022\\\/\",\"name\":\"Premia\u00e7\u00e3o Melhores ONGs 2022! - Alian\u00e7a de Miseric\u00f3rdia\",\"isPartOf\":{\"@id\":\"https:\\\/\\\/aliancasocial.org\\\/#website\"},\"primaryImageOfPage\":{\"@id\":\"https:\\\/\\\/aliancasocial.org\\\/premiacao-melhores-ongs-2022\\\/#primaryimage\"},\"image\":{\"@id\":\"https:\\\/\\\/aliancasocial.org\\\/premiacao-melhores-ongs-2022\\\/#primaryimage\"},\"thumbnailUrl\":\"https:\\\/\\\/aliancasocial.org\\\/wp-content\\\/uploads\\\/2022\\\/12\\\/2c02f22bf878d228155d40c25e553b2982bef945855654cbde9098e45da952bd_965842be12b56b5f2706b0e3a4795180a8944cb4d9ea8d997b2c39a694e60870_52532311078_bb562a23b7_o-scaled.jpg\",\"datePublished\":\"2022-12-07T12:57:27+00:00\",\"dateModified\":\"2024-04-11T14:03:39+00:00\",\"description\":\"Dia 25 de novembro a Associa\u00e7\u00e3o Alian\u00e7a de Miseric\u00f3rdia, recebeu mais um trof\u00e9u do Melhores ONGs, em uma cerim\u00f4nia que mostrou a\u00e7\u00f5es inovadoras e\",\"breadcrumb\":{\"@id\":\"https:\\\/\\\/aliancasocial.org\\\/premiacao-melhores-ongs-2022\\\/#breadcrumb\"},\"inLanguage\":\"en-US\",\"potentialAction\":[{\"@type\":\"ReadAction\",\"target\":[\"https:\\\/\\\/aliancasocial.org\\\/premiacao-melhores-ongs-2022\\\/\"]}]},{\"@type\":\"ImageObject\",\"inLanguage\":\"en-US\",\"@id\":\"https:\\\/\\\/aliancasocial.org\\\/premiacao-melhores-ongs-2022\\\/#primaryimage\",\"url\":\"https:\\\/\\\/aliancasocial.org\\\/wp-content\\\/uploads\\\/2022\\\/12\\\/2c02f22bf878d228155d40c25e553b2982bef945855654cbde9098e45da952bd_965842be12b56b5f2706b0e3a4795180a8944cb4d9ea8d997b2c39a694e60870_52532311078_bb562a23b7_o-scaled.jpg\",\"contentUrl\":\"https:\\\/\\\/aliancasocial.org\\\/wp-content\\\/uploads\\\/2022\\\/12\\\/2c02f22bf878d228155d40c25e553b2982bef945855654cbde9098e45da952bd_965842be12b56b5f2706b0e3a4795180a8944cb4d9ea8d997b2c39a694e60870_52532311078_bb562a23b7_o-scaled.jpg\",\"width\":2560,\"height\":1707},{\"@type\":\"BreadcrumbList\",\"@id\":\"https:\\\/\\\/aliancasocial.org\\\/premiacao-melhores-ongs-2022\\\/#breadcrumb\",\"itemListElement\":[{\"@type\":\"ListItem\",\"position\":1,\"name\":\"In\u00edcio\",\"item\":\"https:\\\/\\\/aliancasocial.org\\\/en\\\/\"},{\"@type\":\"ListItem\",\"position\":2,\"name\":\"Premia\u00e7\u00e3o Melhores ONGs 2022!\"}]},{\"@type\":\"WebSite\",\"@id\":\"https:\\\/\\\/aliancasocial.org\\\/#website\",\"url\":\"https:\\\/\\\/aliancasocial.org\\\/\",\"name\":\"Alian\u00e7a de Miseric\u00f3rdia\",\"description\":\"Levando dignidade humana a todos os cantos do mundo\",\"publisher\":{\"@id\":\"https:\\\/\\\/aliancasocial.org\\\/#organization\"},\"potentialAction\":[{\"@type\":\"SearchAction\",\"target\":{\"@type\":\"EntryPoint\",\"urlTemplate\":\"https:\\\/\\\/aliancasocial.org\\\/?s={search_term_string}\"},\"query-input\":{\"@type\":\"PropertyValueSpecification\",\"valueRequired\":true,\"valueName\":\"search_term_string\"}}],\"inLanguage\":\"en-US\"},{\"@type\":\"Organization\",\"@id\":\"https:\\\/\\\/aliancasocial.org\\\/#organization\",\"name\":\"Alian\u00e7a de Miseric\u00f3rdia\",\"url\":\"https:\\\/\\\/aliancasocial.org\\\/\",\"logo\":{\"@type\":\"ImageObject\",\"inLanguage\":\"en-US\",\"@id\":\"https:\\\/\\\/aliancasocial.org\\\/#\\\/schema\\\/logo\\\/image\\\/\",\"url\":\"https:\\\/\\\/aliancasocial.org\\\/wp-content\\\/uploads\\\/2022\\\/07\\\/logo-alianca-marrom.svg\",\"contentUrl\":\"https:\\\/\\\/aliancasocial.org\\\/wp-content\\\/uploads\\\/2022\\\/07\\\/logo-alianca-marrom.svg\",\"width\":91,\"height\":33,\"caption\":\"Alian\u00e7a de Miseric\u00f3rdia\"},\"image\":{\"@id\":\"https:\\\/\\\/aliancasocial.org\\\/#\\\/schema\\\/logo\\\/image\\\/\"},\"sameAs\":[\"https:\\\/\\\/www.facebook.com\\\/iesmisericordia\\\/\",\"https:\\\/\\\/www.instagram.com\\\/aliancademisericordia\\\/\"]},{\"@type\":\"Person\",\"@id\":\"https:\\\/\\\/aliancasocial.org\\\/#\\\/schema\\\/person\\\/8f8ae145580ca7206a1f21a56814959a\",\"name\":\"Thyago Fran\u00e7a\",\"image\":{\"@type\":\"ImageObject\",\"inLanguage\":\"en-US\",\"@id\":\"https:\\\/\\\/secure.gravatar.com\\\/avatar\\\/4ad8f8c064c4e384fbf837e889f8f835f33194d182958150114e034bfa236622?s=96&d=mm&r=g\",\"url\":\"https:\\\/\\\/secure.gravatar.com\\\/avatar\\\/4ad8f8c064c4e384fbf837e889f8f835f33194d182958150114e034bfa236622?s=96&d=mm&r=g\",\"contentUrl\":\"https:\\\/\\\/secure.gravatar.com\\\/avatar\\\/4ad8f8c064c4e384fbf837e889f8f835f33194d182958150114e034bfa236622?s=96&d=mm&r=g\",\"caption\":\"Thyago Fran\u00e7a\"},\"sameAs\":[\"https:\\\/\\\/x.com\\\/thyago.f@aliancasocial.org\"],\"url\":\"https:\\\/\\\/aliancasocial.org\\\/en\\\/author\\\/thyagoalianca\\\/\"}]}<\/script>\n<!-- \/ Yoast SEO plugin. -->","yoast_head_json":{"title":"Premia\u00e7\u00e3o Melhores ONGs 2022! - Alian\u00e7a de Miseric\u00f3rdia","description":"Dia 25 de novembro a Associa\u00e7\u00e3o Alian\u00e7a de Miseric\u00f3rdia, recebeu mais um trof\u00e9u do Melhores ONGs, em uma cerim\u00f4nia que mostrou a\u00e7\u00f5es inovadoras e","robots":{"index":"index","follow":"follow","max-snippet":"max-snippet:-1","max-image-preview":"max-image-preview:large","max-video-preview":"max-video-preview:-1"},"canonical":"https:\/\/aliancasocial.org\/en\/premiacao-melhores-ongs-2022\/","og_locale":"en_US","og_type":"article","og_title":"Premia\u00e7\u00e3o Melhores ONGs 2022! - Alian\u00e7a de Miseric\u00f3rdia","og_description":"Dia 25 de novembro a Associa\u00e7\u00e3o Alian\u00e7a de Miseric\u00f3rdia, recebeu mais um trof\u00e9u do Melhores ONGs, em uma cerim\u00f4nia que mostrou a\u00e7\u00f5es inovadoras e","og_url":"https:\/\/aliancasocial.org\/en\/premiacao-melhores-ongs-2022\/","og_site_name":"Alian\u00e7a de Miseric\u00f3rdia","article_publisher":"https:\/\/www.facebook.com\/iesmisericordia\/","article_published_time":"2022-12-07T12:57:27+00:00","article_modified_time":"2024-04-11T14:03:39+00:00","og_image":[{"width":2560,"height":1707,"url":"https:\/\/aliancasocial.org\/wp-content\/uploads\/2022\/12\/2c02f22bf878d228155d40c25e553b2982bef945855654cbde9098e45da952bd_965842be12b56b5f2706b0e3a4795180a8944cb4d9ea8d997b2c39a694e60870_52532311078_bb562a23b7_o-scaled.jpg","type":"image\/jpeg"}],"author":"Thyago Fran\u00e7a","twitter_card":"summary_large_image","twitter_creator":"@thyago.f@aliancasocial.org","twitter_misc":{"Written by":"Thyago Fran\u00e7a","Est. reading time":"3 minutes"},"schema":{"@context":"https:\/\/schema.org","@graph":[{"@type":"Article","@id":"https:\/\/aliancasocial.org\/premiacao-melhores-ongs-2022\/#article","isPartOf":{"@id":"https:\/\/aliancasocial.org\/premiacao-melhores-ongs-2022\/"},"author":{"name":"Thyago Fran\u00e7a","@id":"https:\/\/aliancasocial.org\/#\/schema\/person\/8f8ae145580ca7206a1f21a56814959a"},"headline":"Premia\u00e7\u00e3o Melhores ONGs 2022!","datePublished":"2022-12-07T12:57:27+00:00","dateModified":"2024-04-11T14:03:39+00:00","mainEntityOfPage":{"@id":"https:\/\/aliancasocial.org\/premiacao-melhores-ongs-2022\/"},"wordCount":193,"publisher":{"@id":"https:\/\/aliancasocial.org\/#organization"},"image":{"@id":"https:\/\/aliancasocial.org\/premiacao-melhores-ongs-2022\/#primaryimage"},"thumbnailUrl":"https:\/\/aliancasocial.org\/wp-content\/uploads\/2022\/12\/2c02f22bf878d228155d40c25e553b2982bef945855654cbde9098e45da952bd_965842be12b56b5f2706b0e3a4795180a8944cb4d9ea8d997b2c39a694e60870_52532311078_bb562a23b7_o-scaled.jpg","articleSection":["Reconhecimento"],"inLanguage":"en-US"},{"@type":"WebPage","@id":"https:\/\/aliancasocial.org\/premiacao-melhores-ongs-2022\/","url":"https:\/\/aliancasocial.org\/premiacao-melhores-ongs-2022\/","name":"Premia\u00e7\u00e3o Melhores ONGs 2022! - Alian\u00e7a de Miseric\u00f3rdia","isPartOf":{"@id":"https:\/\/aliancasocial.org\/#website"},"primaryImageOfPage":{"@id":"https:\/\/aliancasocial.org\/premiacao-melhores-ongs-2022\/#primaryimage"},"image":{"@id":"https:\/\/aliancasocial.org\/premiacao-melhores-ongs-2022\/#primaryimage"},"thumbnailUrl":"https:\/\/aliancasocial.org\/wp-content\/uploads\/2022\/12\/2c02f22bf878d228155d40c25e553b2982bef945855654cbde9098e45da952bd_965842be12b56b5f2706b0e3a4795180a8944cb4d9ea8d997b2c39a694e60870_52532311078_bb562a23b7_o-scaled.jpg","datePublished":"2022-12-07T12:57:27+00:00","dateModified":"2024-04-11T14:03:39+00:00","description":"Dia 25 de novembro a Associa\u00e7\u00e3o Alian\u00e7a de Miseric\u00f3rdia, recebeu mais um trof\u00e9u do Melhores ONGs, em uma cerim\u00f4nia que mostrou a\u00e7\u00f5es inovadoras e","breadcrumb":{"@id":"https:\/\/aliancasocial.org\/premiacao-melhores-ongs-2022\/#breadcrumb"},"inLanguage":"en-US","potentialAction":[{"@type":"ReadAction","target":["https:\/\/aliancasocial.org\/premiacao-melhores-ongs-2022\/"]}]},{"@type":"ImageObject","inLanguage":"en-US","@id":"https:\/\/aliancasocial.org\/premiacao-melhores-ongs-2022\/#primaryimage","url":"https:\/\/aliancasocial.org\/wp-content\/uploads\/2022\/12\/2c02f22bf878d228155d40c25e553b2982bef945855654cbde9098e45da952bd_965842be12b56b5f2706b0e3a4795180a8944cb4d9ea8d997b2c39a694e60870_52532311078_bb562a23b7_o-scaled.jpg","contentUrl":"https:\/\/aliancasocial.org\/wp-content\/uploads\/2022\/12\/2c02f22bf878d228155d40c25e553b2982bef945855654cbde9098e45da952bd_965842be12b56b5f2706b0e3a4795180a8944cb4d9ea8d997b2c39a694e60870_52532311078_bb562a23b7_o-scaled.jpg","width":2560,"height":1707},{"@type":"BreadcrumbList","@id":"https:\/\/aliancasocial.org\/premiacao-melhores-ongs-2022\/#breadcrumb","itemListElement":[{"@type":"ListItem","position":1,"name":"In\u00edcio","item":"https:\/\/aliancasocial.org\/en\/"},{"@type":"ListItem","position":2,"name":"Premia\u00e7\u00e3o Melhores ONGs 2022!"}]},{"@type":"WebSite","@id":"https:\/\/aliancasocial.org\/#website","url":"https:\/\/aliancasocial.org\/","name":"Covenant of Mercy","description":"Bringing human dignity to every corner of the world","publisher":{"@id":"https:\/\/aliancasocial.org\/#organization"},"potentialAction":[{"@type":"SearchAction","target":{"@type":"EntryPoint","urlTemplate":"https:\/\/aliancasocial.org\/?s={search_term_string}"},"query-input":{"@type":"PropertyValueSpecification","valueRequired":true,"valueName":"search_term_string"}}],"inLanguage":"en-US"},{"@type":"Organization","@id":"https:\/\/aliancasocial.org\/#organization","name":"Covenant of Mercy","url":"https:\/\/aliancasocial.org\/","logo":{"@type":"ImageObject","inLanguage":"en-US","@id":"https:\/\/aliancasocial.org\/#\/schema\/logo\/image\/","url":"https:\/\/aliancasocial.org\/wp-content\/uploads\/2022\/07\/logo-alianca-marrom.svg","contentUrl":"https:\/\/aliancasocial.org\/wp-content\/uploads\/2022\/07\/logo-alianca-marrom.svg","width":91,"height":33,"caption":"Alian\u00e7a de Miseric\u00f3rdia"},"image":{"@id":"https:\/\/aliancasocial.org\/#\/schema\/logo\/image\/"},"sameAs":["https:\/\/www.facebook.com\/iesmisericordia\/","https:\/\/www.instagram.com\/aliancademisericordia\/"]},{"@type":"Person","@id":"https:\/\/aliancasocial.org\/#\/schema\/person\/8f8ae145580ca7206a1f21a56814959a","name":"Thyago France","image":{"@type":"ImageObject","inLanguage":"en-US","@id":"https:\/\/secure.gravatar.com\/avatar\/4ad8f8c064c4e384fbf837e889f8f835f33194d182958150114e034bfa236622?s=96&d=mm&r=g","url":"https:\/\/secure.gravatar.com\/avatar\/4ad8f8c064c4e384fbf837e889f8f835f33194d182958150114e034bfa236622?s=96&d=mm&r=g","contentUrl":"https:\/\/secure.gravatar.com\/avatar\/4ad8f8c064c4e384fbf837e889f8f835f33194d182958150114e034bfa236622?s=96&d=mm&r=g","caption":"Thyago Fran\u00e7a"},"sameAs":["https:\/\/x.com\/thyago.f@aliancasocial.org"],"url":"https:\/\/aliancasocial.org\/en\/author\/thyagoalianca\/"}]}},"_links":{"self":[{"href":"https:\/\/aliancasocial.org\/en\/wp-json\/wp\/v2\/posts\/10291","targetHints":{"allow":["GET"]}}],"collection":[{"href":"https:\/\/aliancasocial.org\/en\/wp-json\/wp\/v2\/posts"}],"about":[{"href":"https:\/\/aliancasocial.org\/en\/wp-json\/wp\/v2\/types\/post"}],"author":[{"embeddable":true,"href":"https:\/\/aliancasocial.org\/en\/wp-json\/wp\/v2\/users\/3"}],"replies":[{"embeddable":true,"href":"https:\/\/aliancasocial.org\/en\/wp-json\/wp\/v2\/comments?post=10291"}],"version-history":[{"count":0,"href":"https:\/\/aliancasocial.org\/en\/wp-json\/wp\/v2\/posts\/10291\/revisions"}],"wp:featuredmedia":[{"embeddable":true,"href":"https:\/\/aliancasocial.org\/en\/wp-json\/wp\/v2\/media\/10294"}],"wp:attachment":[{"href":"https:\/\/aliancasocial.org\/en\/wp-json\/wp\/v2\/media?parent=10291"}],"wp:term":[{"taxonomy":"category","embeddable":true,"href":"https:\/\/aliancasocial.org\/en\/wp-json\/wp\/v2\/categories?post=10291"},{"taxonomy":"post_tag","embeddable":true,"href":"https:\/\/aliancasocial.org\/en\/wp-json\/wp\/v2\/tags?post=10291"},{"taxonomy":"destaques","embeddable":true,"href":"https:\/\/aliancasocial.org\/en\/wp-json\/wp\/v2\/destaques?post=10291"}],"curies":[{"name":"wp","href":"https:\/\/api.w.org\/{rel}","templated":true}]}}