{"id":10322,"date":"2022-12-19T09:24:18","date_gmt":"2022-12-19T12:24:18","guid":{"rendered":"https:\/\/aliancasocial.org\/?p=10322"},"modified":"2024-04-11T11:01:45","modified_gmt":"2024-04-11T14:01:45","slug":"premio-cor-unum-alianca-celebra-a-forca-do-bem","status":"publish","type":"post","link":"https:\/\/aliancasocial.org\/en\/premio-cor-unum-alianca-celebra-a-forca-do-bem\/","title":{"rendered":"COR UNUM PRIZE: ALIAN\u00c7A CELEBRATES THE FORCE OF GOOD"},"content":{"rendered":"\n<p>Uma noite para celebrar o sonho de Deus, realizado por muitas m\u00e3os, e a certeza de que faz bem fazer o bem! Foi assim o dia 10 de novembro, quando a Alian\u00e7a de Miseric\u00f3rdia reuniu no Teatro Paulinas, em S\u00e3o Paulo, mission\u00e1rios, volunt\u00e1rios, filhos, amigos, funcion\u00e1rios e benfeitores do Movimento, para a entrega do \u201cPr\u00eamio Cor Unum\u201d (<em>Um s\u00f3 Cora\u00e7\u00e3o<\/em>).<\/p>\n\n\n\n<p>Na oportunidade, a presid\u00eancia da Alian\u00e7a, junto com seus padres fundadores, homenageou algumas das pessoas que, ao longo destes 22 anos de exist\u00eancia do Movimento, prestaram valorosa contribui\u00e7\u00e3o para com a miss\u00e3o desenvolvida, tornando ainda mais relevante \u00e0 a\u00e7\u00e3o evangelizadora e o trabalho social promovido junto aos mais necessitados.<\/p>\n\n\n\n<p>\u201cN\u00f3s sonhamos este momento n\u00e3o para que ele fosse um trof\u00e9u, mas um gesto de agradecimento para com aqueles que colaboram concretamente na miss\u00e3o da Alian\u00e7a\u201d, explica padre Cust\u00f3dio Ramos, atual presidente da Alian\u00e7a.<\/p>\n\n\n\n<p>A mission\u00e1ria Vitalina dos Santos foi a primeira a receber o pr\u00eamio simb\u00f3lico. Ela viveu o carisma da Alian\u00e7a em Manaus, no Amazonas, e constituiu fraternidade no Alto Solim\u00f5es. Al\u00e9m dela, tamb\u00e9m foram homenageados: Marta e Luiz Roberto Barcelos, do Cear\u00e1, Maria Cristina e Ant\u00f4nio Claret de Oliveira e Divina Eliana e Gilmar Dias dos Santos, de Minas Gerais, Cl\u00e1udia Vieira Ramos, do Rio de Janeiro, Regina Sueli Grego Vagner, do Paran\u00e1, Welligton Jos\u00e9 Proc\u00f3pio da Silva, Sandra e Cl\u00f3vis Finger, de S\u00e3o Jos\u00e9 dos Campos (SP), e M\u00f4nica e Weber Della Vecchia, de Salto (SP). <\/p>\n\n\n\n<p>Da capital paulista, sede do Movimento, foram reconhecidos os pr\u00e9stimos de Ana L\u00facia e S\u00e9rgio Comolatti, Luciano Augusto de Bona, Pedro Leite Cardoso, Ana Cec\u00edlia e Luiz Virg\u00edlio Manente, Silvia e Reinaldo Anton\u00e1cio, Sandra e D\u00falio Freitas, Maria Am\u00e1lia Candalaft e de Dona Luzia da Silva. A pr\u00f3xima edi\u00e7\u00e3o do Pr\u00eamio Cor Unum est\u00e1 prevista para 2024!<\/p>\n\n\n\n<div class=\"wp-block-cb-carousel\" data-slick=\"{&quot;slidesToShow&quot;:3,&quot;slidesToScroll&quot;:1,&quot;speed&quot;:300,&quot;arrows&quot;:false,&quot;dots&quot;:true,&quot;autoplay&quot;:true,&quot;autoplaySpeed&quot;:3000,&quot;infinite&quot;:true,&quot;responsive&quot;:[{&quot;breakpoint&quot;:769,&quot;settings&quot;:{&quot;slidesToShow&quot;:1,&quot;slidesToScroll&quot;:1}}]}\">\n<div class=\"wp-block-cb-slide\">\n<figure class=\"wp-block-image size-full\"><img fetchpriority=\"high\" decoding=\"async\" width=\"512\" height=\"512\" src=\"http:\/\/aliancasocial.org\/wp-content\/uploads\/2022\/12\/image.png\" alt=\"\" class=\"wp-image-10323\" srcset=\"https:\/\/aliancasocial.org\/wp-content\/uploads\/2022\/12\/image.png 512w, https:\/\/aliancasocial.org\/wp-content\/uploads\/2022\/12\/image-300x300.png 300w, https:\/\/aliancasocial.org\/wp-content\/uploads\/2022\/12\/image-150x150.png 150w\" sizes=\"(max-width: 512px) 100vw, 512px\" \/><\/figure>\n<\/div>\n\n\n\n<div class=\"wp-block-cb-slide\">\n<figure class=\"wp-block-image size-full\"><img decoding=\"async\" width=\"512\" height=\"512\" src=\"http:\/\/aliancasocial.org\/wp-content\/uploads\/2022\/12\/image-2.png\" alt=\"\" class=\"wp-image-10324\" srcset=\"https:\/\/aliancasocial.org\/wp-content\/uploads\/2022\/12\/image-2.png 512w, https:\/\/aliancasocial.org\/wp-content\/uploads\/2022\/12\/image-2-300x300.png 300w, https:\/\/aliancasocial.org\/wp-content\/uploads\/2022\/12\/image-2-150x150.png 150w\" sizes=\"(max-width: 512px) 100vw, 512px\" \/><\/figure>\n<\/div>\n\n\n\n<div class=\"wp-block-cb-slide\">\n<figure class=\"wp-block-image size-full\"><img decoding=\"async\" width=\"512\" height=\"512\" src=\"http:\/\/aliancasocial.org\/wp-content\/uploads\/2022\/12\/image-3.png\" alt=\"\" class=\"wp-image-10325\" srcset=\"https:\/\/aliancasocial.org\/wp-content\/uploads\/2022\/12\/image-3.png 512w, https:\/\/aliancasocial.org\/wp-content\/uploads\/2022\/12\/image-3-300x300.png 300w, https:\/\/aliancasocial.org\/wp-content\/uploads\/2022\/12\/image-3-150x150.png 150w\" sizes=\"(max-width: 512px) 100vw, 512px\" \/><\/figure>\n<\/div>\n\n\n\n<div class=\"wp-block-cb-slide\">\n<figure class=\"wp-block-image size-full\"><img loading=\"lazy\" decoding=\"async\" width=\"512\" height=\"512\" src=\"http:\/\/aliancasocial.org\/wp-content\/uploads\/2022\/12\/image-4.png\" alt=\"\" class=\"wp-image-10326\" srcset=\"https:\/\/aliancasocial.org\/wp-content\/uploads\/2022\/12\/image-4.png 512w, https:\/\/aliancasocial.org\/wp-content\/uploads\/2022\/12\/image-4-300x300.png 300w, https:\/\/aliancasocial.org\/wp-content\/uploads\/2022\/12\/image-4-150x150.png 150w\" sizes=\"(max-width: 512px) 100vw, 512px\" \/><\/figure>\n<\/div>\n\n\n\n<div class=\"wp-block-cb-slide\">\n<figure class=\"wp-block-image size-full\"><img loading=\"lazy\" decoding=\"async\" width=\"512\" height=\"512\" src=\"http:\/\/aliancasocial.org\/wp-content\/uploads\/2022\/12\/image-5.png\" alt=\"\" class=\"wp-image-10327\" srcset=\"https:\/\/aliancasocial.org\/wp-content\/uploads\/2022\/12\/image-5.png 512w, https:\/\/aliancasocial.org\/wp-content\/uploads\/2022\/12\/image-5-300x300.png 300w, https:\/\/aliancasocial.org\/wp-content\/uploads\/2022\/12\/image-5-150x150.png 150w\" sizes=\"(max-width: 512px) 100vw, 512px\" \/><\/figure>\n<\/div>\n\n\n\n<div class=\"wp-block-cb-slide\">\n<figure class=\"wp-block-image size-full\"><img loading=\"lazy\" decoding=\"async\" width=\"512\" height=\"512\" src=\"http:\/\/aliancasocial.org\/wp-content\/uploads\/2022\/12\/image-6.png\" alt=\"\" class=\"wp-image-10328\" srcset=\"https:\/\/aliancasocial.org\/wp-content\/uploads\/2022\/12\/image-6.png 512w, https:\/\/aliancasocial.org\/wp-content\/uploads\/2022\/12\/image-6-300x300.png 300w, https:\/\/aliancasocial.org\/wp-content\/uploads\/2022\/12\/image-6-150x150.png 150w\" sizes=\"(max-width: 512px) 100vw, 512px\" \/><\/figure>\n<\/div>\n\n\n\n<div class=\"wp-block-cb-slide\">\n<figure class=\"wp-block-image size-full\"><img loading=\"lazy\" decoding=\"async\" width=\"512\" height=\"512\" src=\"http:\/\/aliancasocial.org\/wp-content\/uploads\/2022\/12\/image-8.png\" alt=\"\" class=\"wp-image-10355\" srcset=\"https:\/\/aliancasocial.org\/wp-content\/uploads\/2022\/12\/image-8.png 512w, https:\/\/aliancasocial.org\/wp-content\/uploads\/2022\/12\/image-8-300x300.png 300w, https:\/\/aliancasocial.org\/wp-content\/uploads\/2022\/12\/image-8-150x150.png 150w\" sizes=\"(max-width: 512px) 100vw, 512px\" \/><\/figure>\n<\/div>\n\n\n\n<div class=\"wp-block-cb-slide\">\n<figure class=\"wp-block-image size-full\"><img loading=\"lazy\" decoding=\"async\" width=\"512\" height=\"512\" src=\"http:\/\/aliancasocial.org\/wp-content\/uploads\/2022\/12\/image-9.png\" alt=\"\" class=\"wp-image-10354\" srcset=\"https:\/\/aliancasocial.org\/wp-content\/uploads\/2022\/12\/image-9.png 512w, https:\/\/aliancasocial.org\/wp-content\/uploads\/2022\/12\/image-9-300x300.png 300w, https:\/\/aliancasocial.org\/wp-content\/uploads\/2022\/12\/image-9-150x150.png 150w\" sizes=\"(max-width: 512px) 100vw, 512px\" \/><\/figure>\n<\/div>\n\n\n\n<div class=\"wp-block-cb-slide\">\n<figure class=\"wp-block-image size-full\"><img loading=\"lazy\" decoding=\"async\" width=\"512\" height=\"512\" src=\"http:\/\/aliancasocial.org\/wp-content\/uploads\/2022\/12\/image-10.png\" alt=\"\" class=\"wp-image-10353\" srcset=\"https:\/\/aliancasocial.org\/wp-content\/uploads\/2022\/12\/image-10.png 512w, https:\/\/aliancasocial.org\/wp-content\/uploads\/2022\/12\/image-10-300x300.png 300w, https:\/\/aliancasocial.org\/wp-content\/uploads\/2022\/12\/image-10-150x150.png 150w\" sizes=\"(max-width: 512px) 100vw, 512px\" \/><\/figure>\n<\/div>\n\n\n\n<div class=\"wp-block-cb-slide\">\n<figure class=\"wp-block-image size-full\"><img loading=\"lazy\" decoding=\"async\" width=\"512\" height=\"512\" src=\"http:\/\/aliancasocial.org\/wp-content\/uploads\/2022\/12\/image-11.png\" alt=\"\" class=\"wp-image-10352\" srcset=\"https:\/\/aliancasocial.org\/wp-content\/uploads\/2022\/12\/image-11.png 512w, https:\/\/aliancasocial.org\/wp-content\/uploads\/2022\/12\/image-11-300x300.png 300w, https:\/\/aliancasocial.org\/wp-content\/uploads\/2022\/12\/image-11-150x150.png 150w\" sizes=\"(max-width: 512px) 100vw, 512px\" \/><\/figure>\n<\/div>\n\n\n\n<div class=\"wp-block-cb-slide\">\n<figure class=\"wp-block-image size-full\"><img loading=\"lazy\" decoding=\"async\" width=\"512\" height=\"512\" src=\"http:\/\/aliancasocial.org\/wp-content\/uploads\/2022\/12\/image-12.png\" alt=\"\" class=\"wp-image-10351\" srcset=\"https:\/\/aliancasocial.org\/wp-content\/uploads\/2022\/12\/image-12.png 512w, https:\/\/aliancasocial.org\/wp-content\/uploads\/2022\/12\/image-12-300x300.png 300w, https:\/\/aliancasocial.org\/wp-content\/uploads\/2022\/12\/image-12-150x150.png 150w\" sizes=\"(max-width: 512px) 100vw, 512px\" \/><\/figure>\n<\/div>\n\n\n\n<div class=\"wp-block-cb-slide\">\n<figure class=\"wp-block-image size-full\"><img loading=\"lazy\" decoding=\"async\" width=\"512\" height=\"512\" src=\"http:\/\/aliancasocial.org\/wp-content\/uploads\/2022\/12\/image-13.png\" alt=\"\" class=\"wp-image-10350\" srcset=\"https:\/\/aliancasocial.org\/wp-content\/uploads\/2022\/12\/image-13.png 512w, https:\/\/aliancasocial.org\/wp-content\/uploads\/2022\/12\/image-13-300x300.png 300w, https:\/\/aliancasocial.org\/wp-content\/uploads\/2022\/12\/image-13-150x150.png 150w\" sizes=\"(max-width: 512px) 100vw, 512px\" \/><\/figure>\n<\/div>\n\n\n\n<div class=\"wp-block-cb-slide\">\n<figure class=\"wp-block-image size-full\"><img loading=\"lazy\" decoding=\"async\" width=\"512\" height=\"512\" src=\"http:\/\/aliancasocial.org\/wp-content\/uploads\/2022\/12\/image-14.png\" alt=\"\" class=\"wp-image-10349\" srcset=\"https:\/\/aliancasocial.org\/wp-content\/uploads\/2022\/12\/image-14.png 512w, https:\/\/aliancasocial.org\/wp-content\/uploads\/2022\/12\/image-14-300x300.png 300w, https:\/\/aliancasocial.org\/wp-content\/uploads\/2022\/12\/image-14-150x150.png 150w\" sizes=\"(max-width: 512px) 100vw, 512px\" \/><\/figure>\n<\/div>\n\n\n\n<div class=\"wp-block-cb-slide\">\n<figure class=\"wp-block-image size-full\"><img loading=\"lazy\" decoding=\"async\" width=\"512\" height=\"512\" src=\"http:\/\/aliancasocial.org\/wp-content\/uploads\/2022\/12\/image-15.png\" alt=\"\" class=\"wp-image-10348\" srcset=\"https:\/\/aliancasocial.org\/wp-content\/uploads\/2022\/12\/image-15.png 512w, https:\/\/aliancasocial.org\/wp-content\/uploads\/2022\/12\/image-15-300x300.png 300w, https:\/\/aliancasocial.org\/wp-content\/uploads\/2022\/12\/image-15-150x150.png 150w\" sizes=\"(max-width: 512px) 100vw, 512px\" \/><\/figure>\n<\/div>\n\n\n\n<div class=\"wp-block-cb-slide\">\n<figure class=\"wp-block-image size-full\"><img loading=\"lazy\" decoding=\"async\" width=\"512\" height=\"512\" src=\"http:\/\/aliancasocial.org\/wp-content\/uploads\/2022\/12\/image-16.png\" alt=\"\" class=\"wp-image-10347\" srcset=\"https:\/\/aliancasocial.org\/wp-content\/uploads\/2022\/12\/image-16.png 512w, https:\/\/aliancasocial.org\/wp-content\/uploads\/2022\/12\/image-16-300x300.png 300w, https:\/\/aliancasocial.org\/wp-content\/uploads\/2022\/12\/image-16-150x150.png 150w\" sizes=\"(max-width: 512px) 100vw, 512px\" \/><\/figure>\n<\/div>\n\n\n\n<div class=\"wp-block-cb-slide\">\n<figure class=\"wp-block-image size-full\"><img loading=\"lazy\" decoding=\"async\" width=\"512\" height=\"512\" src=\"http:\/\/aliancasocial.org\/wp-content\/uploads\/2022\/12\/image-17.png\" alt=\"\" class=\"wp-image-10346\" srcset=\"https:\/\/aliancasocial.org\/wp-content\/uploads\/2022\/12\/image-17.png 512w, https:\/\/aliancasocial.org\/wp-content\/uploads\/2022\/12\/image-17-300x300.png 300w, https:\/\/aliancasocial.org\/wp-content\/uploads\/2022\/12\/image-17-150x150.png 150w\" sizes=\"(max-width: 512px) 100vw, 512px\" \/><\/figure>\n<\/div>\n\n\n\n<div class=\"wp-block-cb-slide\">\n<figure class=\"wp-block-image size-full\"><img loading=\"lazy\" decoding=\"async\" width=\"512\" height=\"512\" src=\"http:\/\/aliancasocial.org\/wp-content\/uploads\/2022\/12\/image-18.png\" alt=\"\" class=\"wp-image-10345\" srcset=\"https:\/\/aliancasocial.org\/wp-content\/uploads\/2022\/12\/image-18.png 512w, https:\/\/aliancasocial.org\/wp-content\/uploads\/2022\/12\/image-18-300x300.png 300w, https:\/\/aliancasocial.org\/wp-content\/uploads\/2022\/12\/image-18-150x150.png 150w\" sizes=\"(max-width: 512px) 100vw, 512px\" \/><\/figure>\n<\/div>\n\n\n\n<div class=\"wp-block-cb-slide\">\n<figure class=\"wp-block-image size-full\"><img loading=\"lazy\" decoding=\"async\" width=\"512\" height=\"512\" src=\"http:\/\/aliancasocial.org\/wp-content\/uploads\/2022\/12\/image-19.png\" alt=\"\" class=\"wp-image-10344\" srcset=\"https:\/\/aliancasocial.org\/wp-content\/uploads\/2022\/12\/image-19.png 512w, https:\/\/aliancasocial.org\/wp-content\/uploads\/2022\/12\/image-19-300x300.png 300w, https:\/\/aliancasocial.org\/wp-content\/uploads\/2022\/12\/image-19-150x150.png 150w\" sizes=\"(max-width: 512px) 100vw, 512px\" \/><\/figure>\n<\/div>\n\n\n\n<div class=\"wp-block-cb-slide\">\n<figure class=\"wp-block-image size-full\"><img loading=\"lazy\" decoding=\"async\" width=\"512\" height=\"512\" src=\"http:\/\/aliancasocial.org\/wp-content\/uploads\/2022\/12\/image-20.png\" alt=\"\" class=\"wp-image-10343\" srcset=\"https:\/\/aliancasocial.org\/wp-content\/uploads\/2022\/12\/image-20.png 512w, https:\/\/aliancasocial.org\/wp-content\/uploads\/2022\/12\/image-20-300x300.png 300w, https:\/\/aliancasocial.org\/wp-content\/uploads\/2022\/12\/image-20-150x150.png 150w\" sizes=\"(max-width: 512px) 100vw, 512px\" \/><\/figure>\n<\/div>\n\n\n\n<div class=\"wp-block-cb-slide\">\n<figure class=\"wp-block-image size-full\"><img loading=\"lazy\" decoding=\"async\" width=\"512\" height=\"512\" src=\"http:\/\/aliancasocial.org\/wp-content\/uploads\/2022\/12\/image-21.png\" alt=\"\" class=\"wp-image-10342\" srcset=\"https:\/\/aliancasocial.org\/wp-content\/uploads\/2022\/12\/image-21.png 512w, https:\/\/aliancasocial.org\/wp-content\/uploads\/2022\/12\/image-21-300x300.png 300w, https:\/\/aliancasocial.org\/wp-content\/uploads\/2022\/12\/image-21-150x150.png 150w\" sizes=\"(max-width: 512px) 100vw, 512px\" \/><\/figure>\n<\/div>\n\n\n\n<div class=\"wp-block-cb-slide\">\n<figure class=\"wp-block-image size-full\"><img loading=\"lazy\" decoding=\"async\" width=\"512\" height=\"512\" src=\"http:\/\/aliancasocial.org\/wp-content\/uploads\/2022\/12\/image-23.png\" alt=\"\" class=\"wp-image-10341\" srcset=\"https:\/\/aliancasocial.org\/wp-content\/uploads\/2022\/12\/image-23.png 512w, https:\/\/aliancasocial.org\/wp-content\/uploads\/2022\/12\/image-23-300x300.png 300w, https:\/\/aliancasocial.org\/wp-content\/uploads\/2022\/12\/image-23-150x150.png 150w\" sizes=\"(max-width: 512px) 100vw, 512px\" \/><\/figure>\n<\/div>\n\n\n\n<div class=\"wp-block-cb-slide\">\n<figure class=\"wp-block-image size-full\"><img loading=\"lazy\" decoding=\"async\" width=\"512\" height=\"512\" src=\"http:\/\/aliancasocial.org\/wp-content\/uploads\/2022\/12\/image-24.png\" alt=\"\" class=\"wp-image-10340\" srcset=\"https:\/\/aliancasocial.org\/wp-content\/uploads\/2022\/12\/image-24.png 512w, https:\/\/aliancasocial.org\/wp-content\/uploads\/2022\/12\/image-24-300x300.png 300w, https:\/\/aliancasocial.org\/wp-content\/uploads\/2022\/12\/image-24-150x150.png 150w\" sizes=\"(max-width: 512px) 100vw, 512px\" \/><\/figure>\n<\/div>\n\n\n\n<div class=\"wp-block-cb-slide\">\n<figure class=\"wp-block-image size-full\"><img loading=\"lazy\" decoding=\"async\" width=\"512\" height=\"512\" src=\"http:\/\/aliancasocial.org\/wp-content\/uploads\/2022\/12\/image-25.png\" alt=\"\" class=\"wp-image-10339\" srcset=\"https:\/\/aliancasocial.org\/wp-content\/uploads\/2022\/12\/image-25.png 512w, https:\/\/aliancasocial.org\/wp-content\/uploads\/2022\/12\/image-25-300x300.png 300w, https:\/\/aliancasocial.org\/wp-content\/uploads\/2022\/12\/image-25-150x150.png 150w\" sizes=\"(max-width: 512px) 100vw, 512px\" \/><\/figure>\n<\/div>\n\n\n\n<div class=\"wp-block-cb-slide\">\n<figure class=\"wp-block-image size-full\"><img loading=\"lazy\" decoding=\"async\" width=\"512\" height=\"512\" src=\"http:\/\/aliancasocial.org\/wp-content\/uploads\/2022\/12\/image-26.png\" alt=\"\" class=\"wp-image-10338\" srcset=\"https:\/\/aliancasocial.org\/wp-content\/uploads\/2022\/12\/image-26.png 512w, https:\/\/aliancasocial.org\/wp-content\/uploads\/2022\/12\/image-26-300x300.png 300w, https:\/\/aliancasocial.org\/wp-content\/uploads\/2022\/12\/image-26-150x150.png 150w\" sizes=\"(max-width: 512px) 100vw, 512px\" \/><\/figure>\n<\/div>\n\n\n\n<div class=\"wp-block-cb-slide\">\n<figure class=\"wp-block-image size-full\"><img loading=\"lazy\" decoding=\"async\" width=\"512\" height=\"512\" src=\"http:\/\/aliancasocial.org\/wp-content\/uploads\/2022\/12\/image-27.png\" alt=\"\" class=\"wp-image-10337\" srcset=\"https:\/\/aliancasocial.org\/wp-content\/uploads\/2022\/12\/image-27.png 512w, https:\/\/aliancasocial.org\/wp-content\/uploads\/2022\/12\/image-27-300x300.png 300w, https:\/\/aliancasocial.org\/wp-content\/uploads\/2022\/12\/image-27-150x150.png 150w\" sizes=\"(max-width: 512px) 100vw, 512px\" \/><\/figure>\n<\/div>\n\n\n\n<div class=\"wp-block-cb-slide\">\n<figure class=\"wp-block-image size-full\"><img loading=\"lazy\" decoding=\"async\" width=\"512\" height=\"512\" src=\"http:\/\/aliancasocial.org\/wp-content\/uploads\/2022\/12\/image-28.png\" alt=\"\" class=\"wp-image-10336\" srcset=\"https:\/\/aliancasocial.org\/wp-content\/uploads\/2022\/12\/image-28.png 512w, https:\/\/aliancasocial.org\/wp-content\/uploads\/2022\/12\/image-28-300x300.png 300w, https:\/\/aliancasocial.org\/wp-content\/uploads\/2022\/12\/image-28-150x150.png 150w\" sizes=\"(max-width: 512px) 100vw, 512px\" \/><\/figure>\n<\/div>\n\n\n\n<div class=\"wp-block-cb-slide\">\n<figure class=\"wp-block-image size-full\"><img loading=\"lazy\" decoding=\"async\" width=\"512\" height=\"512\" src=\"http:\/\/aliancasocial.org\/wp-content\/uploads\/2022\/12\/image-29.png\" alt=\"\" class=\"wp-image-10335\" srcset=\"https:\/\/aliancasocial.org\/wp-content\/uploads\/2022\/12\/image-29.png 512w, https:\/\/aliancasocial.org\/wp-content\/uploads\/2022\/12\/image-29-300x300.png 300w, https:\/\/aliancasocial.org\/wp-content\/uploads\/2022\/12\/image-29-150x150.png 150w\" sizes=\"(max-width: 512px) 100vw, 512px\" \/><\/figure>\n<\/div>\n\n\n\n<div class=\"wp-block-cb-slide\">\n<figure class=\"wp-block-image size-full\"><img loading=\"lazy\" decoding=\"async\" width=\"512\" height=\"512\" src=\"http:\/\/aliancasocial.org\/wp-content\/uploads\/2022\/12\/image-30.png\" alt=\"\" class=\"wp-image-10334\" srcset=\"https:\/\/aliancasocial.org\/wp-content\/uploads\/2022\/12\/image-30.png 512w, https:\/\/aliancasocial.org\/wp-content\/uploads\/2022\/12\/image-30-300x300.png 300w, https:\/\/aliancasocial.org\/wp-content\/uploads\/2022\/12\/image-30-150x150.png 150w\" sizes=\"(max-width: 512px) 100vw, 512px\" \/><\/figure>\n<\/div>\n\n\n\n<div class=\"wp-block-cb-slide\">\n<figure class=\"wp-block-image size-full\"><img loading=\"lazy\" decoding=\"async\" width=\"512\" height=\"512\" src=\"http:\/\/aliancasocial.org\/wp-content\/uploads\/2022\/12\/image-31.png\" alt=\"\" class=\"wp-image-10333\" srcset=\"https:\/\/aliancasocial.org\/wp-content\/uploads\/2022\/12\/image-31.png 512w, https:\/\/aliancasocial.org\/wp-content\/uploads\/2022\/12\/image-31-300x300.png 300w, https:\/\/aliancasocial.org\/wp-content\/uploads\/2022\/12\/image-31-150x150.png 150w\" sizes=\"(max-width: 512px) 100vw, 512px\" \/><\/figure>\n<\/div>\n\n\n\n<div class=\"wp-block-cb-slide\">\n<figure class=\"wp-block-image size-full\"><img loading=\"lazy\" decoding=\"async\" width=\"512\" height=\"512\" src=\"http:\/\/aliancasocial.org\/wp-content\/uploads\/2022\/12\/image-32.png\" alt=\"\" class=\"wp-image-10332\" srcset=\"https:\/\/aliancasocial.org\/wp-content\/uploads\/2022\/12\/image-32.png 512w, https:\/\/aliancasocial.org\/wp-content\/uploads\/2022\/12\/image-32-300x300.png 300w, https:\/\/aliancasocial.org\/wp-content\/uploads\/2022\/12\/image-32-150x150.png 150w\" sizes=\"(max-width: 512px) 100vw, 512px\" \/><\/figure>\n<\/div>\n\n\n\n<div class=\"wp-block-cb-slide\">\n<figure class=\"wp-block-image size-full\"><img loading=\"lazy\" decoding=\"async\" width=\"512\" height=\"512\" src=\"http:\/\/aliancasocial.org\/wp-content\/uploads\/2022\/12\/image-33.png\" alt=\"\" class=\"wp-image-10331\" srcset=\"https:\/\/aliancasocial.org\/wp-content\/uploads\/2022\/12\/image-33.png 512w, https:\/\/aliancasocial.org\/wp-content\/uploads\/2022\/12\/image-33-300x300.png 300w, https:\/\/aliancasocial.org\/wp-content\/uploads\/2022\/12\/image-33-150x150.png 150w\" sizes=\"(max-width: 512px) 100vw, 512px\" \/><\/figure>\n<\/div>\n\n\n\n<div class=\"wp-block-cb-slide\">\n<figure class=\"wp-block-image size-full\"><img loading=\"lazy\" decoding=\"async\" width=\"512\" height=\"512\" src=\"http:\/\/aliancasocial.org\/wp-content\/uploads\/2022\/12\/image-34.png\" alt=\"\" class=\"wp-image-10330\" srcset=\"https:\/\/aliancasocial.org\/wp-content\/uploads\/2022\/12\/image-34.png 512w, https:\/\/aliancasocial.org\/wp-content\/uploads\/2022\/12\/image-34-300x300.png 300w, https:\/\/aliancasocial.org\/wp-content\/uploads\/2022\/12\/image-34-150x150.png 150w\" sizes=\"(max-width: 512px) 100vw, 512px\" \/><\/figure>\n<\/div>\n\n\n\n<div class=\"wp-block-cb-slide\">\n<figure class=\"wp-block-image size-full\"><img loading=\"lazy\" decoding=\"async\" width=\"512\" height=\"512\" src=\"http:\/\/aliancasocial.org\/wp-content\/uploads\/2022\/12\/image-35.png\" alt=\"\" class=\"wp-image-10329\" srcset=\"https:\/\/aliancasocial.org\/wp-content\/uploads\/2022\/12\/image-35.png 512w, https:\/\/aliancasocial.org\/wp-content\/uploads\/2022\/12\/image-35-300x300.png 300w, https:\/\/aliancasocial.org\/wp-content\/uploads\/2022\/12\/image-35-150x150.png 150w\" sizes=\"(max-width: 512px) 100vw, 512px\" \/><\/figure>\n<\/div>\n\n\n\n<div class=\"wp-block-cb-slide\"><\/div>\n\n\n\n<div class=\"wp-block-cb-slide\"><\/div>\n<\/div>\n","protected":false},"excerpt":{"rendered":"<p>Uma noite para celebrar o sonho de Deus, realizado por muitas m\u00e3os, e a certeza de que faz bem fazer o bem! Foi assim o dia 10 de novembro, quando a Alian\u00e7a de Miseric\u00f3rdia reuniu no Teatro Paulinas, em S\u00e3o Paulo, mission\u00e1rios, volunt\u00e1rios, filhos, amigos, funcion\u00e1rios e benfeitores do Movimento, para a entrega do \u201cPr\u00eamio [&hellip;]<\/p>\n","protected":false},"author":3,"featured_media":10355,"comment_status":"closed","ping_status":"closed","sticky":false,"template":"","format":"standard","meta":{"footnotes":""},"categories":[46],"tags":[],"destaques":[],"class_list":["post-10322","post","type-post","status-publish","format-standard","has-post-thumbnail","hentry","category-reconhecimento"],"yoast_head":"<!-- This site is optimized with the Yoast SEO plugin v27.5 - https:\/\/yoast.com\/product\/yoast-seo-wordpress\/ -->\n<title>PR\u00caMIO COR UNUM: ALIAN\u00c7A CELEBRA A FOR\u00c7A DO BEM - Alian\u00e7a de Miseric\u00f3rdia<\/title>\n<meta name=\"description\" content=\"Uma noite para celebrar o sonho de Deus, realizado por muitas m\u00e3os, e a certeza de que faz bem fazer o bem! Foi assim o dia 10 de novembro, quando a\" \/>\n<meta name=\"robots\" content=\"index, follow, max-snippet:-1, max-image-preview:large, max-video-preview:-1\" \/>\n<link rel=\"canonical\" href=\"https:\/\/aliancasocial.org\/en\/premio-cor-unum-alianca-celebra-a-forca-do-bem\/\" \/>\n<meta property=\"og:locale\" content=\"en_US\" \/>\n<meta property=\"og:type\" content=\"article\" \/>\n<meta property=\"og:title\" content=\"PR\u00caMIO COR UNUM: ALIAN\u00c7A CELEBRA A FOR\u00c7A DO BEM - Alian\u00e7a de Miseric\u00f3rdia\" \/>\n<meta property=\"og:description\" content=\"Uma noite para celebrar o sonho de Deus, realizado por muitas m\u00e3os, e a certeza de que faz bem fazer o bem! Foi assim o dia 10 de novembro, quando a\" \/>\n<meta property=\"og:url\" content=\"https:\/\/aliancasocial.org\/en\/premio-cor-unum-alianca-celebra-a-forca-do-bem\/\" \/>\n<meta property=\"og:site_name\" content=\"Alian\u00e7a de Miseric\u00f3rdia\" \/>\n<meta property=\"article:publisher\" content=\"https:\/\/www.facebook.com\/iesmisericordia\/\" \/>\n<meta property=\"article:published_time\" content=\"2022-12-19T12:24:18+00:00\" \/>\n<meta property=\"article:modified_time\" content=\"2024-04-11T14:01:45+00:00\" \/>\n<meta property=\"og:image\" content=\"https:\/\/aliancasocial.org\/wp-content\/uploads\/2022\/12\/image-8.png\" \/>\n\t<meta property=\"og:image:width\" content=\"512\" \/>\n\t<meta property=\"og:image:height\" content=\"512\" \/>\n\t<meta property=\"og:image:type\" content=\"image\/png\" \/>\n<meta name=\"author\" content=\"Thyago Fran\u00e7a\" \/>\n<meta name=\"twitter:card\" content=\"summary_large_image\" \/>\n<meta name=\"twitter:creator\" content=\"@thyago.f@aliancasocial.org\" \/>\n<meta name=\"twitter:label1\" content=\"Written by\" \/>\n\t<meta name=\"twitter:data1\" content=\"Thyago Fran\u00e7a\" \/>\n\t<meta name=\"twitter:label2\" content=\"Est. reading time\" \/>\n\t<meta name=\"twitter:data2\" content=\"9 minutes\" \/>\n<script type=\"application\/ld+json\" class=\"yoast-schema-graph\">{\"@context\":\"https:\\\/\\\/schema.org\",\"@graph\":[{\"@type\":\"Article\",\"@id\":\"https:\\\/\\\/aliancasocial.org\\\/premio-cor-unum-alianca-celebra-a-forca-do-bem\\\/#article\",\"isPartOf\":{\"@id\":\"https:\\\/\\\/aliancasocial.org\\\/premio-cor-unum-alianca-celebra-a-forca-do-bem\\\/\"},\"author\":{\"name\":\"Thyago Fran\u00e7a\",\"@id\":\"https:\\\/\\\/aliancasocial.org\\\/#\\\/schema\\\/person\\\/8f8ae145580ca7206a1f21a56814959a\"},\"headline\":\"PR\u00caMIO COR UNUM: ALIAN\u00c7A CELEBRA A FOR\u00c7A DO BEM\",\"datePublished\":\"2022-12-19T12:24:18+00:00\",\"dateModified\":\"2024-04-11T14:01:45+00:00\",\"mainEntityOfPage\":{\"@id\":\"https:\\\/\\\/aliancasocial.org\\\/premio-cor-unum-alianca-celebra-a-forca-do-bem\\\/\"},\"wordCount\":350,\"publisher\":{\"@id\":\"https:\\\/\\\/aliancasocial.org\\\/#organization\"},\"image\":{\"@id\":\"https:\\\/\\\/aliancasocial.org\\\/premio-cor-unum-alianca-celebra-a-forca-do-bem\\\/#primaryimage\"},\"thumbnailUrl\":\"https:\\\/\\\/aliancasocial.org\\\/wp-content\\\/uploads\\\/2022\\\/12\\\/image-8.png\",\"articleSection\":[\"Reconhecimento\"],\"inLanguage\":\"en-US\"},{\"@type\":\"WebPage\",\"@id\":\"https:\\\/\\\/aliancasocial.org\\\/premio-cor-unum-alianca-celebra-a-forca-do-bem\\\/\",\"url\":\"https:\\\/\\\/aliancasocial.org\\\/premio-cor-unum-alianca-celebra-a-forca-do-bem\\\/\",\"name\":\"PR\u00caMIO COR UNUM: ALIAN\u00c7A CELEBRA A FOR\u00c7A DO BEM - Alian\u00e7a de Miseric\u00f3rdia\",\"isPartOf\":{\"@id\":\"https:\\\/\\\/aliancasocial.org\\\/#website\"},\"primaryImageOfPage\":{\"@id\":\"https:\\\/\\\/aliancasocial.org\\\/premio-cor-unum-alianca-celebra-a-forca-do-bem\\\/#primaryimage\"},\"image\":{\"@id\":\"https:\\\/\\\/aliancasocial.org\\\/premio-cor-unum-alianca-celebra-a-forca-do-bem\\\/#primaryimage\"},\"thumbnailUrl\":\"https:\\\/\\\/aliancasocial.org\\\/wp-content\\\/uploads\\\/2022\\\/12\\\/image-8.png\",\"datePublished\":\"2022-12-19T12:24:18+00:00\",\"dateModified\":\"2024-04-11T14:01:45+00:00\",\"description\":\"Uma noite para celebrar o sonho de Deus, realizado por muitas m\u00e3os, e a certeza de que faz bem fazer o bem! Foi assim o dia 10 de novembro, quando a\",\"breadcrumb\":{\"@id\":\"https:\\\/\\\/aliancasocial.org\\\/premio-cor-unum-alianca-celebra-a-forca-do-bem\\\/#breadcrumb\"},\"inLanguage\":\"en-US\",\"potentialAction\":[{\"@type\":\"ReadAction\",\"target\":[\"https:\\\/\\\/aliancasocial.org\\\/premio-cor-unum-alianca-celebra-a-forca-do-bem\\\/\"]}]},{\"@type\":\"ImageObject\",\"inLanguage\":\"en-US\",\"@id\":\"https:\\\/\\\/aliancasocial.org\\\/premio-cor-unum-alianca-celebra-a-forca-do-bem\\\/#primaryimage\",\"url\":\"https:\\\/\\\/aliancasocial.org\\\/wp-content\\\/uploads\\\/2022\\\/12\\\/image-8.png\",\"contentUrl\":\"https:\\\/\\\/aliancasocial.org\\\/wp-content\\\/uploads\\\/2022\\\/12\\\/image-8.png\",\"width\":512,\"height\":512},{\"@type\":\"BreadcrumbList\",\"@id\":\"https:\\\/\\\/aliancasocial.org\\\/premio-cor-unum-alianca-celebra-a-forca-do-bem\\\/#breadcrumb\",\"itemListElement\":[{\"@type\":\"ListItem\",\"position\":1,\"name\":\"In\u00edcio\",\"item\":\"https:\\\/\\\/aliancasocial.org\\\/en\\\/\"},{\"@type\":\"ListItem\",\"position\":2,\"name\":\"PR\u00caMIO COR UNUM: ALIAN\u00c7A CELEBRA A FOR\u00c7A DO BEM\"}]},{\"@type\":\"WebSite\",\"@id\":\"https:\\\/\\\/aliancasocial.org\\\/#website\",\"url\":\"https:\\\/\\\/aliancasocial.org\\\/\",\"name\":\"Alian\u00e7a de Miseric\u00f3rdia\",\"description\":\"Levando dignidade humana a todos os cantos do mundo\",\"publisher\":{\"@id\":\"https:\\\/\\\/aliancasocial.org\\\/#organization\"},\"potentialAction\":[{\"@type\":\"SearchAction\",\"target\":{\"@type\":\"EntryPoint\",\"urlTemplate\":\"https:\\\/\\\/aliancasocial.org\\\/?s={search_term_string}\"},\"query-input\":{\"@type\":\"PropertyValueSpecification\",\"valueRequired\":true,\"valueName\":\"search_term_string\"}}],\"inLanguage\":\"en-US\"},{\"@type\":\"Organization\",\"@id\":\"https:\\\/\\\/aliancasocial.org\\\/#organization\",\"name\":\"Alian\u00e7a de Miseric\u00f3rdia\",\"url\":\"https:\\\/\\\/aliancasocial.org\\\/\",\"logo\":{\"@type\":\"ImageObject\",\"inLanguage\":\"en-US\",\"@id\":\"https:\\\/\\\/aliancasocial.org\\\/#\\\/schema\\\/logo\\\/image\\\/\",\"url\":\"https:\\\/\\\/aliancasocial.org\\\/wp-content\\\/uploads\\\/2022\\\/07\\\/logo-alianca-marrom.svg\",\"contentUrl\":\"https:\\\/\\\/aliancasocial.org\\\/wp-content\\\/uploads\\\/2022\\\/07\\\/logo-alianca-marrom.svg\",\"width\":91,\"height\":33,\"caption\":\"Alian\u00e7a de Miseric\u00f3rdia\"},\"image\":{\"@id\":\"https:\\\/\\\/aliancasocial.org\\\/#\\\/schema\\\/logo\\\/image\\\/\"},\"sameAs\":[\"https:\\\/\\\/www.facebook.com\\\/iesmisericordia\\\/\",\"https:\\\/\\\/www.instagram.com\\\/aliancademisericordia\\\/\"]},{\"@type\":\"Person\",\"@id\":\"https:\\\/\\\/aliancasocial.org\\\/#\\\/schema\\\/person\\\/8f8ae145580ca7206a1f21a56814959a\",\"name\":\"Thyago Fran\u00e7a\",\"image\":{\"@type\":\"ImageObject\",\"inLanguage\":\"en-US\",\"@id\":\"https:\\\/\\\/secure.gravatar.com\\\/avatar\\\/4ad8f8c064c4e384fbf837e889f8f835f33194d182958150114e034bfa236622?s=96&d=mm&r=g\",\"url\":\"https:\\\/\\\/secure.gravatar.com\\\/avatar\\\/4ad8f8c064c4e384fbf837e889f8f835f33194d182958150114e034bfa236622?s=96&d=mm&r=g\",\"contentUrl\":\"https:\\\/\\\/secure.gravatar.com\\\/avatar\\\/4ad8f8c064c4e384fbf837e889f8f835f33194d182958150114e034bfa236622?s=96&d=mm&r=g\",\"caption\":\"Thyago Fran\u00e7a\"},\"sameAs\":[\"https:\\\/\\\/x.com\\\/thyago.f@aliancasocial.org\"],\"url\":\"https:\\\/\\\/aliancasocial.org\\\/en\\\/author\\\/thyagoalianca\\\/\"}]}<\/script>\n<!-- \/ Yoast SEO plugin. -->","yoast_head_json":{"title":"PR\u00caMIO COR UNUM: ALIAN\u00c7A CELEBRA A FOR\u00c7A DO BEM - Alian\u00e7a de Miseric\u00f3rdia","description":"Uma noite para celebrar o sonho de Deus, realizado por muitas m\u00e3os, e a certeza de que faz bem fazer o bem! Foi assim o dia 10 de novembro, quando a","robots":{"index":"index","follow":"follow","max-snippet":"max-snippet:-1","max-image-preview":"max-image-preview:large","max-video-preview":"max-video-preview:-1"},"canonical":"https:\/\/aliancasocial.org\/en\/premio-cor-unum-alianca-celebra-a-forca-do-bem\/","og_locale":"en_US","og_type":"article","og_title":"PR\u00caMIO COR UNUM: ALIAN\u00c7A CELEBRA A FOR\u00c7A DO BEM - Alian\u00e7a de Miseric\u00f3rdia","og_description":"Uma noite para celebrar o sonho de Deus, realizado por muitas m\u00e3os, e a certeza de que faz bem fazer o bem! Foi assim o dia 10 de novembro, quando a","og_url":"https:\/\/aliancasocial.org\/en\/premio-cor-unum-alianca-celebra-a-forca-do-bem\/","og_site_name":"Alian\u00e7a de Miseric\u00f3rdia","article_publisher":"https:\/\/www.facebook.com\/iesmisericordia\/","article_published_time":"2022-12-19T12:24:18+00:00","article_modified_time":"2024-04-11T14:01:45+00:00","og_image":[{"width":512,"height":512,"url":"https:\/\/aliancasocial.org\/wp-content\/uploads\/2022\/12\/image-8.png","type":"image\/png"}],"author":"Thyago Fran\u00e7a","twitter_card":"summary_large_image","twitter_creator":"@thyago.f@aliancasocial.org","twitter_misc":{"Written by":"Thyago Fran\u00e7a","Est. reading time":"9 minutes"},"schema":{"@context":"https:\/\/schema.org","@graph":[{"@type":"Article","@id":"https:\/\/aliancasocial.org\/premio-cor-unum-alianca-celebra-a-forca-do-bem\/#article","isPartOf":{"@id":"https:\/\/aliancasocial.org\/premio-cor-unum-alianca-celebra-a-forca-do-bem\/"},"author":{"name":"Thyago Fran\u00e7a","@id":"https:\/\/aliancasocial.org\/#\/schema\/person\/8f8ae145580ca7206a1f21a56814959a"},"headline":"PR\u00caMIO COR UNUM: ALIAN\u00c7A CELEBRA A FOR\u00c7A DO BEM","datePublished":"2022-12-19T12:24:18+00:00","dateModified":"2024-04-11T14:01:45+00:00","mainEntityOfPage":{"@id":"https:\/\/aliancasocial.org\/premio-cor-unum-alianca-celebra-a-forca-do-bem\/"},"wordCount":350,"publisher":{"@id":"https:\/\/aliancasocial.org\/#organization"},"image":{"@id":"https:\/\/aliancasocial.org\/premio-cor-unum-alianca-celebra-a-forca-do-bem\/#primaryimage"},"thumbnailUrl":"https:\/\/aliancasocial.org\/wp-content\/uploads\/2022\/12\/image-8.png","articleSection":["Reconhecimento"],"inLanguage":"en-US"},{"@type":"WebPage","@id":"https:\/\/aliancasocial.org\/premio-cor-unum-alianca-celebra-a-forca-do-bem\/","url":"https:\/\/aliancasocial.org\/premio-cor-unum-alianca-celebra-a-forca-do-bem\/","name":"PR\u00caMIO COR UNUM: ALIAN\u00c7A CELEBRA A FOR\u00c7A DO BEM - Alian\u00e7a de Miseric\u00f3rdia","isPartOf":{"@id":"https:\/\/aliancasocial.org\/#website"},"primaryImageOfPage":{"@id":"https:\/\/aliancasocial.org\/premio-cor-unum-alianca-celebra-a-forca-do-bem\/#primaryimage"},"image":{"@id":"https:\/\/aliancasocial.org\/premio-cor-unum-alianca-celebra-a-forca-do-bem\/#primaryimage"},"thumbnailUrl":"https:\/\/aliancasocial.org\/wp-content\/uploads\/2022\/12\/image-8.png","datePublished":"2022-12-19T12:24:18+00:00","dateModified":"2024-04-11T14:01:45+00:00","description":"Uma noite para celebrar o sonho de Deus, realizado por muitas m\u00e3os, e a certeza de que faz bem fazer o bem! Foi assim o dia 10 de novembro, quando a","breadcrumb":{"@id":"https:\/\/aliancasocial.org\/premio-cor-unum-alianca-celebra-a-forca-do-bem\/#breadcrumb"},"inLanguage":"en-US","potentialAction":[{"@type":"ReadAction","target":["https:\/\/aliancasocial.org\/premio-cor-unum-alianca-celebra-a-forca-do-bem\/"]}]},{"@type":"ImageObject","inLanguage":"en-US","@id":"https:\/\/aliancasocial.org\/premio-cor-unum-alianca-celebra-a-forca-do-bem\/#primaryimage","url":"https:\/\/aliancasocial.org\/wp-content\/uploads\/2022\/12\/image-8.png","contentUrl":"https:\/\/aliancasocial.org\/wp-content\/uploads\/2022\/12\/image-8.png","width":512,"height":512},{"@type":"BreadcrumbList","@id":"https:\/\/aliancasocial.org\/premio-cor-unum-alianca-celebra-a-forca-do-bem\/#breadcrumb","itemListElement":[{"@type":"ListItem","position":1,"name":"In\u00edcio","item":"https:\/\/aliancasocial.org\/en\/"},{"@type":"ListItem","position":2,"name":"PR\u00caMIO COR UNUM: ALIAN\u00c7A CELEBRA A FOR\u00c7A DO BEM"}]},{"@type":"WebSite","@id":"https:\/\/aliancasocial.org\/#website","url":"https:\/\/aliancasocial.org\/","name":"Covenant of Mercy","description":"Bringing human dignity to every corner of the world","publisher":{"@id":"https:\/\/aliancasocial.org\/#organization"},"potentialAction":[{"@type":"SearchAction","target":{"@type":"EntryPoint","urlTemplate":"https:\/\/aliancasocial.org\/?s={search_term_string}"},"query-input":{"@type":"PropertyValueSpecification","valueRequired":true,"valueName":"search_term_string"}}],"inLanguage":"en-US"},{"@type":"Organization","@id":"https:\/\/aliancasocial.org\/#organization","name":"Covenant of Mercy","url":"https:\/\/aliancasocial.org\/","logo":{"@type":"ImageObject","inLanguage":"en-US","@id":"https:\/\/aliancasocial.org\/#\/schema\/logo\/image\/","url":"https:\/\/aliancasocial.org\/wp-content\/uploads\/2022\/07\/logo-alianca-marrom.svg","contentUrl":"https:\/\/aliancasocial.org\/wp-content\/uploads\/2022\/07\/logo-alianca-marrom.svg","width":91,"height":33,"caption":"Alian\u00e7a de Miseric\u00f3rdia"},"image":{"@id":"https:\/\/aliancasocial.org\/#\/schema\/logo\/image\/"},"sameAs":["https:\/\/www.facebook.com\/iesmisericordia\/","https:\/\/www.instagram.com\/aliancademisericordia\/"]},{"@type":"Person","@id":"https:\/\/aliancasocial.org\/#\/schema\/person\/8f8ae145580ca7206a1f21a56814959a","name":"Thyago France","image":{"@type":"ImageObject","inLanguage":"en-US","@id":"https:\/\/secure.gravatar.com\/avatar\/4ad8f8c064c4e384fbf837e889f8f835f33194d182958150114e034bfa236622?s=96&d=mm&r=g","url":"https:\/\/secure.gravatar.com\/avatar\/4ad8f8c064c4e384fbf837e889f8f835f33194d182958150114e034bfa236622?s=96&d=mm&r=g","contentUrl":"https:\/\/secure.gravatar.com\/avatar\/4ad8f8c064c4e384fbf837e889f8f835f33194d182958150114e034bfa236622?s=96&d=mm&r=g","caption":"Thyago Fran\u00e7a"},"sameAs":["https:\/\/x.com\/thyago.f@aliancasocial.org"],"url":"https:\/\/aliancasocial.org\/en\/author\/thyagoalianca\/"}]}},"_links":{"self":[{"href":"https:\/\/aliancasocial.org\/en\/wp-json\/wp\/v2\/posts\/10322","targetHints":{"allow":["GET"]}}],"collection":[{"href":"https:\/\/aliancasocial.org\/en\/wp-json\/wp\/v2\/posts"}],"about":[{"href":"https:\/\/aliancasocial.org\/en\/wp-json\/wp\/v2\/types\/post"}],"author":[{"embeddable":true,"href":"https:\/\/aliancasocial.org\/en\/wp-json\/wp\/v2\/users\/3"}],"replies":[{"embeddable":true,"href":"https:\/\/aliancasocial.org\/en\/wp-json\/wp\/v2\/comments?post=10322"}],"version-history":[{"count":0,"href":"https:\/\/aliancasocial.org\/en\/wp-json\/wp\/v2\/posts\/10322\/revisions"}],"wp:featuredmedia":[{"embeddable":true,"href":"https:\/\/aliancasocial.org\/en\/wp-json\/wp\/v2\/media\/10355"}],"wp:attachment":[{"href":"https:\/\/aliancasocial.org\/en\/wp-json\/wp\/v2\/media?parent=10322"}],"wp:term":[{"taxonomy":"category","embeddable":true,"href":"https:\/\/aliancasocial.org\/en\/wp-json\/wp\/v2\/categories?post=10322"},{"taxonomy":"post_tag","embeddable":true,"href":"https:\/\/aliancasocial.org\/en\/wp-json\/wp\/v2\/tags?post=10322"},{"taxonomy":"destaques","embeddable":true,"href":"https:\/\/aliancasocial.org\/en\/wp-json\/wp\/v2\/destaques?post=10322"}],"curies":[{"name":"wp","href":"https:\/\/api.w.org\/{rel}","templated":true}]}}