{"id":10359,"date":"2023-01-03T12:24:42","date_gmt":"2023-01-03T15:24:42","guid":{"rendered":"https:\/\/aliancasocial.org\/?p=10359"},"modified":"2024-04-11T11:01:29","modified_gmt":"2024-04-11T14:01:29","slug":"nota-fiscal-paulista-janeiro","status":"publish","type":"post","link":"https:\/\/aliancasocial.org\/en\/nota-fiscal-paulista-janeiro\/","title":{"rendered":"Paulista Invoice January"},"content":{"rendered":"<p>It&#039;s 23 years of history, experiences and a lot of gratitude!<\/p>\n\n\n\n<p>On January 1st, Alian\u00e7a de Miseric\u00f3rdia completed 23 years of foundation and our greatest gift is you! It is a great joy to share this journey together, building bridges, and now we want to take advantage of this great milestone to renew our invitation: do you agree to continue dreaming God&#039;s dream with us?<\/p>\n\n\n\n<p>Look, these 23 years have been numerous <em>meetings<\/em>, with a huge diversity of people, and with each one of them the Alliance can exercise and learn to love, regardless of the situation. Everyone who passed through here left deep marks on our lives, on our history, and even today many are those who help build it!<\/p>\n\n\n\n<p>You already know, but it doesn&#039;t hurt to remember that to carry out our mission we have countless people who, with affection and dedication, have never spared efforts to make these 23 years of Work possible. These people offered and continue to support evangelizing actions, as well as various social works in peripheral communities and assisting people living on the streets. Many testified with their own lives that it is possible to overcome challenges and go beyond! Without hesitating, we can say that they were guided by God and sustained by the power of the Holy Spirit.<\/p>\n\n\n\n<p>Today it is possible to look at the past with great gratitude, because we have a rich history, lived with the eyes of faith and creative response to the needs of people and the Church. We therefore want to celebrate these 23 years, yes, but also to celebrate your life offered to God and to the services of this Work.<\/p>\n\n\n\n<p>Everything we have experienced, the projects, the spirituality, the ideas and challenges, the mission, our values, all of this has brought us this far, strengthening our Charisma. We have overcome many difficulties and we want to continue <em>renewed and with maximum confidence in the love of God!<\/em><\/p>\n\n\n\n<p>For years to come let&#039;s continue with the same compassion that was with Jesus when he saw the crowds as sheep without a shepherd, communicating his Word, healing and delivering, and welcoming those who approached. We are at your service and if necessary we will offer our lives! For as our Sister and Foundress Maria Paola said: <em>\u201cNo one takes my life, I offer it!\u201d.<\/em><\/p>\n\n\n\n<p>Thus, in these years we have not questioned the setbacks or the mission entrusted to us, on the contrary, every day we try to adapt even more to what the Holy Spirit impels us to do. In our services and in our works, our presence will always be generous.<\/p>\n\n\n\n<p>Once again, we want to thank everyone who, in various ways, taught us to demonstrate the purity of love that demands nothing in return. We continue together with hope for the future and, even with so many uncertainties, we hope that in these 24 years we can celebrate greater achievements!<\/p>\n\n\n\n<p>We at the Alliance are happy to have your friendship and for you to help us build this Movement. We feel supported and certain that together we can do much more, as we are family!<\/p>\n\n\n\n<p>We have no doubt: our greatest gift is you!<\/p>\n\n\n\n<figure class=\"wp-block-gallery has-nested-images columns-default is-cropped wp-block-gallery-1 is-layout-flex wp-block-gallery-is-layout-flex\">\n<figure class=\"wp-block-image size-full\"><img fetchpriority=\"high\" decoding=\"async\" width=\"383\" height=\"576\" data-id=\"10366\" src=\"http:\/\/aliancasocial.org\/wp-content\/uploads\/2023\/01\/fotomae96755.png\" alt=\"\" class=\"wp-image-10366\" srcset=\"https:\/\/aliancasocial.org\/wp-content\/uploads\/2023\/01\/fotomae96755.png 383w, https:\/\/aliancasocial.org\/wp-content\/uploads\/2023\/01\/fotomae96755-199x300.png 199w, https:\/\/aliancasocial.org\/wp-content\/uploads\/2023\/01\/fotomae96755-100x150.png 100w\" sizes=\"(max-width: 383px) 100vw, 383px\" \/><\/figure>\n\n\n\n<figure class=\"wp-block-image size-full\"><img decoding=\"async\" width=\"383\" height=\"576\" data-id=\"10367\" src=\"http:\/\/aliancasocial.org\/wp-content\/uploads\/2023\/01\/senhorjfd.png\" alt=\"\" class=\"wp-image-10367\" srcset=\"https:\/\/aliancasocial.org\/wp-content\/uploads\/2023\/01\/senhorjfd.png 383w, https:\/\/aliancasocial.org\/wp-content\/uploads\/2023\/01\/senhorjfd-199x300.png 199w, https:\/\/aliancasocial.org\/wp-content\/uploads\/2023\/01\/senhorjfd-100x150.png 100w\" sizes=\"(max-width: 383px) 100vw, 383px\" \/><\/figure>\n<\/figure>","protected":false},"excerpt":{"rendered":"<p>S\u00e3o 23 anos de hist\u00f3ria, viv\u00eancias e muita gratid\u00e3o! No dia 1\u00ba de janeiro a Alian\u00e7a de Miseric\u00f3rdia completou 23 anos de funda\u00e7\u00e3o e o nosso maior presente \u00e9 voc\u00ea! \u00c9 uma grande alegria partilharmos juntos desta caminhada, construindo pontes, e agora queremos aproveitar este grande marco para renovar o nosso convite: voc\u00ea aceita continuar [&hellip;]<\/p>\n","protected":false},"author":3,"featured_media":10365,"comment_status":"closed","ping_status":"closed","sticky":false,"template":"","format":"standard","meta":{"footnotes":""},"categories":[49],"tags":[],"destaques":[],"class_list":["post-10359","post","type-post","status-publish","format-standard","has-post-thumbnail","hentry","category-campanhas"],"yoast_head":"<!-- This site is optimized with the Yoast SEO plugin v27.5 - https:\/\/yoast.com\/product\/yoast-seo-wordpress\/ -->\n<title>Nota Fiscal Paulista Janeiro - Alian\u00e7a de Miseric\u00f3rdia<\/title>\n<meta name=\"description\" content=\"S\u00e3o 23 anos de hist\u00f3ria, viv\u00eancias e muita gratid\u00e3o! No dia 1\u00ba de janeiro a Alian\u00e7a de Miseric\u00f3rdia completou 23 anos de funda\u00e7\u00e3o e o nosso maior presente\" \/>\n<meta name=\"robots\" content=\"index, follow, max-snippet:-1, max-image-preview:large, max-video-preview:-1\" \/>\n<link rel=\"canonical\" href=\"https:\/\/aliancasocial.org\/en\/nota-fiscal-paulista-janeiro\/\" \/>\n<meta property=\"og:locale\" content=\"en_US\" \/>\n<meta property=\"og:type\" content=\"article\" \/>\n<meta property=\"og:title\" content=\"Nota Fiscal Paulista Janeiro - Alian\u00e7a de Miseric\u00f3rdia\" \/>\n<meta property=\"og:description\" content=\"S\u00e3o 23 anos de hist\u00f3ria, viv\u00eancias e muita gratid\u00e3o! No dia 1\u00ba de janeiro a Alian\u00e7a de Miseric\u00f3rdia completou 23 anos de funda\u00e7\u00e3o e o nosso maior presente\" \/>\n<meta property=\"og:url\" content=\"https:\/\/aliancasocial.org\/en\/nota-fiscal-paulista-janeiro\/\" \/>\n<meta property=\"og:site_name\" content=\"Alian\u00e7a de Miseric\u00f3rdia\" \/>\n<meta property=\"article:publisher\" content=\"https:\/\/www.facebook.com\/iesmisericordia\/\" \/>\n<meta property=\"article:published_time\" content=\"2023-01-03T15:24:42+00:00\" \/>\n<meta property=\"article:modified_time\" content=\"2024-04-11T14:01:29+00:00\" \/>\n<meta property=\"og:image\" content=\"https:\/\/aliancasocial.org\/wp-content\/uploads\/2023\/01\/menino09jhu70.png\" \/>\n\t<meta property=\"og:image:width\" content=\"768\" \/>\n\t<meta property=\"og:image:height\" content=\"829\" \/>\n\t<meta property=\"og:image:type\" content=\"image\/png\" \/>\n<meta name=\"author\" content=\"Thyago Fran\u00e7a\" \/>\n<meta name=\"twitter:card\" content=\"summary_large_image\" \/>\n<meta name=\"twitter:creator\" content=\"@thyago.f@aliancasocial.org\" \/>\n<meta name=\"twitter:label1\" content=\"Written by\" \/>\n\t<meta name=\"twitter:data1\" content=\"Thyago Fran\u00e7a\" \/>\n\t<meta name=\"twitter:label2\" content=\"Est. reading time\" \/>\n\t<meta name=\"twitter:data2\" content=\"4 minutes\" \/>\n<script type=\"application\/ld+json\" class=\"yoast-schema-graph\">{\"@context\":\"https:\\\/\\\/schema.org\",\"@graph\":[{\"@type\":\"Article\",\"@id\":\"https:\\\/\\\/aliancasocial.org\\\/nota-fiscal-paulista-janeiro\\\/#article\",\"isPartOf\":{\"@id\":\"https:\\\/\\\/aliancasocial.org\\\/nota-fiscal-paulista-janeiro\\\/\"},\"author\":{\"name\":\"Thyago Fran\u00e7a\",\"@id\":\"https:\\\/\\\/aliancasocial.org\\\/#\\\/schema\\\/person\\\/8f8ae145580ca7206a1f21a56814959a\"},\"headline\":\"Nota Fiscal Paulista Janeiro\",\"datePublished\":\"2023-01-03T15:24:42+00:00\",\"dateModified\":\"2024-04-11T14:01:29+00:00\",\"mainEntityOfPage\":{\"@id\":\"https:\\\/\\\/aliancasocial.org\\\/nota-fiscal-paulista-janeiro\\\/\"},\"wordCount\":554,\"publisher\":{\"@id\":\"https:\\\/\\\/aliancasocial.org\\\/#organization\"},\"image\":{\"@id\":\"https:\\\/\\\/aliancasocial.org\\\/nota-fiscal-paulista-janeiro\\\/#primaryimage\"},\"thumbnailUrl\":\"https:\\\/\\\/aliancasocial.org\\\/wp-content\\\/uploads\\\/2023\\\/01\\\/menino09jhu70.png\",\"articleSection\":[\"Campanhas\"],\"inLanguage\":\"en-US\"},{\"@type\":\"WebPage\",\"@id\":\"https:\\\/\\\/aliancasocial.org\\\/nota-fiscal-paulista-janeiro\\\/\",\"url\":\"https:\\\/\\\/aliancasocial.org\\\/nota-fiscal-paulista-janeiro\\\/\",\"name\":\"Nota Fiscal Paulista Janeiro - Alian\u00e7a de Miseric\u00f3rdia\",\"isPartOf\":{\"@id\":\"https:\\\/\\\/aliancasocial.org\\\/#website\"},\"primaryImageOfPage\":{\"@id\":\"https:\\\/\\\/aliancasocial.org\\\/nota-fiscal-paulista-janeiro\\\/#primaryimage\"},\"image\":{\"@id\":\"https:\\\/\\\/aliancasocial.org\\\/nota-fiscal-paulista-janeiro\\\/#primaryimage\"},\"thumbnailUrl\":\"https:\\\/\\\/aliancasocial.org\\\/wp-content\\\/uploads\\\/2023\\\/01\\\/menino09jhu70.png\",\"datePublished\":\"2023-01-03T15:24:42+00:00\",\"dateModified\":\"2024-04-11T14:01:29+00:00\",\"description\":\"S\u00e3o 23 anos de hist\u00f3ria, viv\u00eancias e muita gratid\u00e3o! No dia 1\u00ba de janeiro a Alian\u00e7a de Miseric\u00f3rdia completou 23 anos de funda\u00e7\u00e3o e o nosso maior presente\",\"breadcrumb\":{\"@id\":\"https:\\\/\\\/aliancasocial.org\\\/nota-fiscal-paulista-janeiro\\\/#breadcrumb\"},\"inLanguage\":\"en-US\",\"potentialAction\":[{\"@type\":\"ReadAction\",\"target\":[\"https:\\\/\\\/aliancasocial.org\\\/nota-fiscal-paulista-janeiro\\\/\"]}]},{\"@type\":\"ImageObject\",\"inLanguage\":\"en-US\",\"@id\":\"https:\\\/\\\/aliancasocial.org\\\/nota-fiscal-paulista-janeiro\\\/#primaryimage\",\"url\":\"https:\\\/\\\/aliancasocial.org\\\/wp-content\\\/uploads\\\/2023\\\/01\\\/menino09jhu70.png\",\"contentUrl\":\"https:\\\/\\\/aliancasocial.org\\\/wp-content\\\/uploads\\\/2023\\\/01\\\/menino09jhu70.png\",\"width\":768,\"height\":829},{\"@type\":\"BreadcrumbList\",\"@id\":\"https:\\\/\\\/aliancasocial.org\\\/nota-fiscal-paulista-janeiro\\\/#breadcrumb\",\"itemListElement\":[{\"@type\":\"ListItem\",\"position\":1,\"name\":\"In\u00edcio\",\"item\":\"https:\\\/\\\/aliancasocial.org\\\/en\\\/\"},{\"@type\":\"ListItem\",\"position\":2,\"name\":\"Nota Fiscal Paulista Janeiro\"}]},{\"@type\":\"WebSite\",\"@id\":\"https:\\\/\\\/aliancasocial.org\\\/#website\",\"url\":\"https:\\\/\\\/aliancasocial.org\\\/\",\"name\":\"Alian\u00e7a de Miseric\u00f3rdia\",\"description\":\"Levando dignidade humana a todos os cantos do mundo\",\"publisher\":{\"@id\":\"https:\\\/\\\/aliancasocial.org\\\/#organization\"},\"potentialAction\":[{\"@type\":\"SearchAction\",\"target\":{\"@type\":\"EntryPoint\",\"urlTemplate\":\"https:\\\/\\\/aliancasocial.org\\\/?s={search_term_string}\"},\"query-input\":{\"@type\":\"PropertyValueSpecification\",\"valueRequired\":true,\"valueName\":\"search_term_string\"}}],\"inLanguage\":\"en-US\"},{\"@type\":\"Organization\",\"@id\":\"https:\\\/\\\/aliancasocial.org\\\/#organization\",\"name\":\"Alian\u00e7a de Miseric\u00f3rdia\",\"url\":\"https:\\\/\\\/aliancasocial.org\\\/\",\"logo\":{\"@type\":\"ImageObject\",\"inLanguage\":\"en-US\",\"@id\":\"https:\\\/\\\/aliancasocial.org\\\/#\\\/schema\\\/logo\\\/image\\\/\",\"url\":\"https:\\\/\\\/aliancasocial.org\\\/wp-content\\\/uploads\\\/2022\\\/07\\\/logo-alianca-marrom.svg\",\"contentUrl\":\"https:\\\/\\\/aliancasocial.org\\\/wp-content\\\/uploads\\\/2022\\\/07\\\/logo-alianca-marrom.svg\",\"width\":91,\"height\":33,\"caption\":\"Alian\u00e7a de Miseric\u00f3rdia\"},\"image\":{\"@id\":\"https:\\\/\\\/aliancasocial.org\\\/#\\\/schema\\\/logo\\\/image\\\/\"},\"sameAs\":[\"https:\\\/\\\/www.facebook.com\\\/iesmisericordia\\\/\",\"https:\\\/\\\/www.instagram.com\\\/aliancademisericordia\\\/\"]},{\"@type\":\"Person\",\"@id\":\"https:\\\/\\\/aliancasocial.org\\\/#\\\/schema\\\/person\\\/8f8ae145580ca7206a1f21a56814959a\",\"name\":\"Thyago Fran\u00e7a\",\"image\":{\"@type\":\"ImageObject\",\"inLanguage\":\"en-US\",\"@id\":\"https:\\\/\\\/secure.gravatar.com\\\/avatar\\\/4ad8f8c064c4e384fbf837e889f8f835f33194d182958150114e034bfa236622?s=96&d=mm&r=g\",\"url\":\"https:\\\/\\\/secure.gravatar.com\\\/avatar\\\/4ad8f8c064c4e384fbf837e889f8f835f33194d182958150114e034bfa236622?s=96&d=mm&r=g\",\"contentUrl\":\"https:\\\/\\\/secure.gravatar.com\\\/avatar\\\/4ad8f8c064c4e384fbf837e889f8f835f33194d182958150114e034bfa236622?s=96&d=mm&r=g\",\"caption\":\"Thyago Fran\u00e7a\"},\"sameAs\":[\"https:\\\/\\\/x.com\\\/thyago.f@aliancasocial.org\"],\"url\":\"https:\\\/\\\/aliancasocial.org\\\/en\\\/author\\\/thyagoalianca\\\/\"}]}<\/script>\n<!-- \/ Yoast SEO plugin. -->","yoast_head_json":{"title":"Nota Fiscal Paulista January - Alliance of Mercy","description":"Twenty-three years of history, experiences, and immense gratitude! On January 1st, the Alliance of Mercy celebrated its 23rd anniversary, and our greatest gift...","robots":{"index":"index","follow":"follow","max-snippet":"max-snippet:-1","max-image-preview":"max-image-preview:large","max-video-preview":"max-video-preview:-1"},"canonical":"https:\/\/aliancasocial.org\/en\/nota-fiscal-paulista-janeiro\/","og_locale":"en_US","og_type":"article","og_title":"Nota Fiscal Paulista Janeiro - Alian\u00e7a de Miseric\u00f3rdia","og_description":"S\u00e3o 23 anos de hist\u00f3ria, viv\u00eancias e muita gratid\u00e3o! No dia 1\u00ba de janeiro a Alian\u00e7a de Miseric\u00f3rdia completou 23 anos de funda\u00e7\u00e3o e o nosso maior presente","og_url":"https:\/\/aliancasocial.org\/en\/nota-fiscal-paulista-janeiro\/","og_site_name":"Alian\u00e7a de Miseric\u00f3rdia","article_publisher":"https:\/\/www.facebook.com\/iesmisericordia\/","article_published_time":"2023-01-03T15:24:42+00:00","article_modified_time":"2024-04-11T14:01:29+00:00","og_image":[{"width":768,"height":829,"url":"https:\/\/aliancasocial.org\/wp-content\/uploads\/2023\/01\/menino09jhu70.png","type":"image\/png"}],"author":"Thyago Fran\u00e7a","twitter_card":"summary_large_image","twitter_creator":"@thyago.f@aliancasocial.org","twitter_misc":{"Written by":"Thyago Fran\u00e7a","Est. reading time":"4 minutes"},"schema":{"@context":"https:\/\/schema.org","@graph":[{"@type":"Article","@id":"https:\/\/aliancasocial.org\/nota-fiscal-paulista-janeiro\/#article","isPartOf":{"@id":"https:\/\/aliancasocial.org\/nota-fiscal-paulista-janeiro\/"},"author":{"name":"Thyago Fran\u00e7a","@id":"https:\/\/aliancasocial.org\/#\/schema\/person\/8f8ae145580ca7206a1f21a56814959a"},"headline":"Nota Fiscal Paulista Janeiro","datePublished":"2023-01-03T15:24:42+00:00","dateModified":"2024-04-11T14:01:29+00:00","mainEntityOfPage":{"@id":"https:\/\/aliancasocial.org\/nota-fiscal-paulista-janeiro\/"},"wordCount":554,"publisher":{"@id":"https:\/\/aliancasocial.org\/#organization"},"image":{"@id":"https:\/\/aliancasocial.org\/nota-fiscal-paulista-janeiro\/#primaryimage"},"thumbnailUrl":"https:\/\/aliancasocial.org\/wp-content\/uploads\/2023\/01\/menino09jhu70.png","articleSection":["Campanhas"],"inLanguage":"en-US"},{"@type":"WebPage","@id":"https:\/\/aliancasocial.org\/nota-fiscal-paulista-janeiro\/","url":"https:\/\/aliancasocial.org\/nota-fiscal-paulista-janeiro\/","name":"Nota Fiscal Paulista January - Alliance of Mercy","isPartOf":{"@id":"https:\/\/aliancasocial.org\/#website"},"primaryImageOfPage":{"@id":"https:\/\/aliancasocial.org\/nota-fiscal-paulista-janeiro\/#primaryimage"},"image":{"@id":"https:\/\/aliancasocial.org\/nota-fiscal-paulista-janeiro\/#primaryimage"},"thumbnailUrl":"https:\/\/aliancasocial.org\/wp-content\/uploads\/2023\/01\/menino09jhu70.png","datePublished":"2023-01-03T15:24:42+00:00","dateModified":"2024-04-11T14:01:29+00:00","description":"Twenty-three years of history, experiences, and immense gratitude! On January 1st, the Alliance of Mercy celebrated its 23rd anniversary, and our greatest gift...","breadcrumb":{"@id":"https:\/\/aliancasocial.org\/nota-fiscal-paulista-janeiro\/#breadcrumb"},"inLanguage":"en-US","potentialAction":[{"@type":"ReadAction","target":["https:\/\/aliancasocial.org\/nota-fiscal-paulista-janeiro\/"]}]},{"@type":"ImageObject","inLanguage":"en-US","@id":"https:\/\/aliancasocial.org\/nota-fiscal-paulista-janeiro\/#primaryimage","url":"https:\/\/aliancasocial.org\/wp-content\/uploads\/2023\/01\/menino09jhu70.png","contentUrl":"https:\/\/aliancasocial.org\/wp-content\/uploads\/2023\/01\/menino09jhu70.png","width":768,"height":829},{"@type":"BreadcrumbList","@id":"https:\/\/aliancasocial.org\/nota-fiscal-paulista-janeiro\/#breadcrumb","itemListElement":[{"@type":"ListItem","position":1,"name":"In\u00edcio","item":"https:\/\/aliancasocial.org\/en\/"},{"@type":"ListItem","position":2,"name":"Nota Fiscal Paulista Janeiro"}]},{"@type":"WebSite","@id":"https:\/\/aliancasocial.org\/#website","url":"https:\/\/aliancasocial.org\/","name":"Covenant of Mercy","description":"Bringing human dignity to every corner of the world","publisher":{"@id":"https:\/\/aliancasocial.org\/#organization"},"potentialAction":[{"@type":"SearchAction","target":{"@type":"EntryPoint","urlTemplate":"https:\/\/aliancasocial.org\/?s={search_term_string}"},"query-input":{"@type":"PropertyValueSpecification","valueRequired":true,"valueName":"search_term_string"}}],"inLanguage":"en-US"},{"@type":"Organization","@id":"https:\/\/aliancasocial.org\/#organization","name":"Covenant of Mercy","url":"https:\/\/aliancasocial.org\/","logo":{"@type":"ImageObject","inLanguage":"en-US","@id":"https:\/\/aliancasocial.org\/#\/schema\/logo\/image\/","url":"https:\/\/aliancasocial.org\/wp-content\/uploads\/2022\/07\/logo-alianca-marrom.svg","contentUrl":"https:\/\/aliancasocial.org\/wp-content\/uploads\/2022\/07\/logo-alianca-marrom.svg","width":91,"height":33,"caption":"Alian\u00e7a de Miseric\u00f3rdia"},"image":{"@id":"https:\/\/aliancasocial.org\/#\/schema\/logo\/image\/"},"sameAs":["https:\/\/www.facebook.com\/iesmisericordia\/","https:\/\/www.instagram.com\/aliancademisericordia\/"]},{"@type":"Person","@id":"https:\/\/aliancasocial.org\/#\/schema\/person\/8f8ae145580ca7206a1f21a56814959a","name":"Thyago France","image":{"@type":"ImageObject","inLanguage":"en-US","@id":"https:\/\/secure.gravatar.com\/avatar\/4ad8f8c064c4e384fbf837e889f8f835f33194d182958150114e034bfa236622?s=96&d=mm&r=g","url":"https:\/\/secure.gravatar.com\/avatar\/4ad8f8c064c4e384fbf837e889f8f835f33194d182958150114e034bfa236622?s=96&d=mm&r=g","contentUrl":"https:\/\/secure.gravatar.com\/avatar\/4ad8f8c064c4e384fbf837e889f8f835f33194d182958150114e034bfa236622?s=96&d=mm&r=g","caption":"Thyago Fran\u00e7a"},"sameAs":["https:\/\/x.com\/thyago.f@aliancasocial.org"],"url":"https:\/\/aliancasocial.org\/en\/author\/thyagoalianca\/"}]}},"_links":{"self":[{"href":"https:\/\/aliancasocial.org\/en\/wp-json\/wp\/v2\/posts\/10359","targetHints":{"allow":["GET"]}}],"collection":[{"href":"https:\/\/aliancasocial.org\/en\/wp-json\/wp\/v2\/posts"}],"about":[{"href":"https:\/\/aliancasocial.org\/en\/wp-json\/wp\/v2\/types\/post"}],"author":[{"embeddable":true,"href":"https:\/\/aliancasocial.org\/en\/wp-json\/wp\/v2\/users\/3"}],"replies":[{"embeddable":true,"href":"https:\/\/aliancasocial.org\/en\/wp-json\/wp\/v2\/comments?post=10359"}],"version-history":[{"count":0,"href":"https:\/\/aliancasocial.org\/en\/wp-json\/wp\/v2\/posts\/10359\/revisions"}],"wp:featuredmedia":[{"embeddable":true,"href":"https:\/\/aliancasocial.org\/en\/wp-json\/wp\/v2\/media\/10365"}],"wp:attachment":[{"href":"https:\/\/aliancasocial.org\/en\/wp-json\/wp\/v2\/media?parent=10359"}],"wp:term":[{"taxonomy":"category","embeddable":true,"href":"https:\/\/aliancasocial.org\/en\/wp-json\/wp\/v2\/categories?post=10359"},{"taxonomy":"post_tag","embeddable":true,"href":"https:\/\/aliancasocial.org\/en\/wp-json\/wp\/v2\/tags?post=10359"},{"taxonomy":"destaques","embeddable":true,"href":"https:\/\/aliancasocial.org\/en\/wp-json\/wp\/v2\/destaques?post=10359"}],"curies":[{"name":"wp","href":"https:\/\/api.w.org\/{rel}","templated":true}]}}