{"id":10370,"date":"2023-01-06T14:30:16","date_gmt":"2023-01-06T17:30:16","guid":{"rendered":"https:\/\/aliancasocial.org\/?p=10370"},"modified":"2024-04-11T11:02:01","modified_gmt":"2024-04-11T14:02:01","slug":"bazar-solidario-compromisso-de-gente-grande","status":"publish","type":"post","link":"https:\/\/aliancasocial.org\/en\/bazar-solidario-compromisso-de-gente-grande\/","title":{"rendered":"Alian\u00e7a de Miseric\u00f3rdia and Sefras carry out \u201cSolidarity Bazaar Compromisso de Gente Grande\u201d with items ranging from maternity to decoration"},"content":{"rendered":"<p><em>The initiative is promoted by <strong>Great People Commitment, <\/strong>conceived by Gr\u00e3o de Gente, Instituto Sabrina Sato and ICDH.<\/em><\/p>\n\n\n\n<p>Thinking about making the assembly of the trousseau a happier and surprisingly accessible moment, the <strong>Covenant of Mercy<\/strong> and the <strong>Sephras<\/strong> \u2013 Franciscan Social Action, promote a bazaar next week with items from <strong>Grain of People<\/strong> such as a crib, chest of drawers, breastfeeding chair, in addition to various layette and decoration items for the baby&#039;s room. The initiative is from <strong>Great People Commitment<\/strong> carried out by Gr\u00e3o de Gente, the Sabrina Sato Institute and the Institute of Commitment to Human Development (ICDH).<\/p>\n\n\n\n<p>Faced with the context of increasingly latent social vulnerability in our country, many mothers and mothers-to-be face difficulties when putting together their baby&#039;s trousseau. With items ranging from maternity to decoration, the \u201cSolidarity Bazaar Compromisso de Gente Grande\u201d will have prices starting at R$5 in the capital and will be held on January 9th and 10th (Monday and Tuesday) from 8am to 3pm, close to the Bras.<\/p>\n\n\n\n<p><em>\u201cIt was Christmas Eve when we were surprised with the wonderful news: receiving two carts with Gr\u00e3o de Gente products for a bazaar! Even in the rush at the end of the year, no one spared efforts to do good!! And with the entire \u201cCommitment of Great People\u201d team, we rolled up our sleeves and started the organization! And that&#039;s why we feel very honored with this partnership and happy to be able to offer families wonderful items at very affordable prices. This is the wonder of our mission: to be a bridge of mercy that unites everyone!\u201d <\/em>highlights Bia Hauptmann, Director of Institutional Development at Alian\u00e7a.<\/p>\n\n\n\n<p>Anyone who goes there will find: crib kit, duvet, sheet, lamp, pillows, cribs, maternity bags, beds, blankets, chests of drawers, changing tables, pictures, mobiles, among others. With prices starting at R$5, it is important to emphasize that some products have minor faults, but are in perfect condition for use.<\/p>\n\n\n\n<p>Service: Solidarity Bazaar &#039;Commitment of Great People&#039;<\/p>\n\n\n\n<p>When: Monday and Tuesday, January 9 and 10, 2023<\/p>\n\n\n\n<p>Opening hours: from 08:00 to 15:00<\/p>\n\n\n\n<p>Prices: From R$5<\/p>\n\n\n\n<p>Where: Rua Madeira, 43, Canind\u00e9 (Next to Br\u00e1s)<\/p>","protected":false},"excerpt":{"rendered":"<p>A iniciativa \u00e9 promovida pelo Compromisso de Gente Grande, idealizado pela Gr\u00e3o de Gente, Instituto Sabrina Sato e ICDH. Pensando em tornar a montagem do enxoval um momento mais feliz e surpreendentemente acess\u00edvel, a Alian\u00e7a de Miseric\u00f3rdia e o Sefras &#8211; A\u00e7\u00e3o Social Franciscana, promovem um bazar na pr\u00f3xima semana com itens da Gr\u00e3o de [&hellip;]<\/p>\n","protected":false},"author":3,"featured_media":10371,"comment_status":"closed","ping_status":"closed","sticky":false,"template":"","format":"standard","meta":{"footnotes":""},"categories":[48],"tags":[],"destaques":[],"class_list":["post-10370","post","type-post","status-publish","format-standard","has-post-thumbnail","hentry","category-eventos"],"yoast_head":"<!-- This site is optimized with the Yoast SEO plugin v27.5 - https:\/\/yoast.com\/product\/yoast-seo-wordpress\/ -->\n<title>Alian\u00e7a de Miseric\u00f3rdia e Sefras realizam \u201cBazar Solid\u00e1rio Compromisso de Gente Grande\u201d com itens que v\u00e3o da maternidade \u00e0 decora\u00e7\u00e3o - Alian\u00e7a de Miseric\u00f3rdia<\/title>\n<meta name=\"description\" content=\"A iniciativa \u00e9 promovida pelo Compromisso de Gente Grande, idealizado pela Gr\u00e3o de Gente, Instituto Sabrina Sato e ICDH. Pensando em tornar a montagem do\" \/>\n<meta name=\"robots\" content=\"index, follow, max-snippet:-1, max-image-preview:large, max-video-preview:-1\" \/>\n<link rel=\"canonical\" href=\"https:\/\/aliancasocial.org\/en\/bazar-solidario-compromisso-de-gente-grande\/\" \/>\n<meta property=\"og:locale\" content=\"en_US\" \/>\n<meta property=\"og:type\" content=\"article\" \/>\n<meta property=\"og:title\" content=\"Alian\u00e7a de Miseric\u00f3rdia e Sefras realizam \u201cBazar Solid\u00e1rio Compromisso de Gente Grande\u201d com itens que v\u00e3o da maternidade \u00e0 decora\u00e7\u00e3o - Alian\u00e7a de Miseric\u00f3rdia\" \/>\n<meta property=\"og:description\" content=\"A iniciativa \u00e9 promovida pelo Compromisso de Gente Grande, idealizado pela Gr\u00e3o de Gente, Instituto Sabrina Sato e ICDH. Pensando em tornar a montagem do\" \/>\n<meta property=\"og:url\" content=\"https:\/\/aliancasocial.org\/en\/bazar-solidario-compromisso-de-gente-grande\/\" \/>\n<meta property=\"og:site_name\" content=\"Alian\u00e7a de Miseric\u00f3rdia\" \/>\n<meta property=\"article:publisher\" content=\"https:\/\/www.facebook.com\/iesmisericordia\/\" \/>\n<meta property=\"article:published_time\" content=\"2023-01-06T17:30:16+00:00\" \/>\n<meta property=\"article:modified_time\" content=\"2024-04-11T14:02:01+00:00\" \/>\n<meta property=\"og:image\" content=\"https:\/\/aliancasocial.org\/wp-content\/uploads\/2023\/01\/Mask-group.webp\" \/>\n\t<meta property=\"og:image:width\" content=\"1120\" \/>\n\t<meta property=\"og:image:height\" content=\"591\" \/>\n\t<meta property=\"og:image:type\" content=\"image\/webp\" \/>\n<meta name=\"author\" content=\"Thyago Fran\u00e7a\" \/>\n<meta name=\"twitter:card\" content=\"summary_large_image\" \/>\n<meta name=\"twitter:creator\" content=\"@thyago.f@aliancasocial.org\" \/>\n<meta name=\"twitter:label1\" content=\"Written by\" \/>\n\t<meta name=\"twitter:data1\" content=\"Thyago Fran\u00e7a\" \/>\n\t<meta name=\"twitter:label2\" content=\"Est. reading time\" \/>\n\t<meta name=\"twitter:data2\" content=\"3 minutes\" \/>\n<script type=\"application\/ld+json\" class=\"yoast-schema-graph\">{\"@context\":\"https:\\\/\\\/schema.org\",\"@graph\":[{\"@type\":\"Article\",\"@id\":\"https:\\\/\\\/aliancasocial.org\\\/en\\\/bazar-solidario-compromisso-de-gente-grande\\\/#article\",\"isPartOf\":{\"@id\":\"https:\\\/\\\/aliancasocial.org\\\/en\\\/bazar-solidario-compromisso-de-gente-grande\\\/\"},\"author\":{\"name\":\"Thyago Fran\u00e7a\",\"@id\":\"https:\\\/\\\/aliancasocial.org\\\/#\\\/schema\\\/person\\\/8f8ae145580ca7206a1f21a56814959a\"},\"headline\":\"Alian\u00e7a de Miseric\u00f3rdia e Sefras realizam \u201cBazar Solid\u00e1rio Compromisso de Gente Grande\u201d com itens que v\u00e3o da maternidade \u00e0 decora\u00e7\u00e3o\",\"datePublished\":\"2023-01-06T17:30:16+00:00\",\"dateModified\":\"2024-04-11T14:02:01+00:00\",\"mainEntityOfPage\":{\"@id\":\"https:\\\/\\\/aliancasocial.org\\\/en\\\/bazar-solidario-compromisso-de-gente-grande\\\/\"},\"wordCount\":423,\"publisher\":{\"@id\":\"https:\\\/\\\/aliancasocial.org\\\/#organization\"},\"image\":{\"@id\":\"https:\\\/\\\/aliancasocial.org\\\/en\\\/bazar-solidario-compromisso-de-gente-grande\\\/#primaryimage\"},\"thumbnailUrl\":\"https:\\\/\\\/aliancasocial.org\\\/wp-content\\\/uploads\\\/2023\\\/01\\\/Mask-group.webp\",\"articleSection\":[\"Eventos\"],\"inLanguage\":\"en-US\"},{\"@type\":\"WebPage\",\"@id\":\"https:\\\/\\\/aliancasocial.org\\\/en\\\/bazar-solidario-compromisso-de-gente-grande\\\/\",\"url\":\"https:\\\/\\\/aliancasocial.org\\\/en\\\/bazar-solidario-compromisso-de-gente-grande\\\/\",\"name\":\"Alian\u00e7a de Miseric\u00f3rdia e Sefras realizam \u201cBazar Solid\u00e1rio Compromisso de Gente Grande\u201d com itens que v\u00e3o da maternidade \u00e0 decora\u00e7\u00e3o - Alian\u00e7a de Miseric\u00f3rdia\",\"isPartOf\":{\"@id\":\"https:\\\/\\\/aliancasocial.org\\\/#website\"},\"primaryImageOfPage\":{\"@id\":\"https:\\\/\\\/aliancasocial.org\\\/en\\\/bazar-solidario-compromisso-de-gente-grande\\\/#primaryimage\"},\"image\":{\"@id\":\"https:\\\/\\\/aliancasocial.org\\\/en\\\/bazar-solidario-compromisso-de-gente-grande\\\/#primaryimage\"},\"thumbnailUrl\":\"https:\\\/\\\/aliancasocial.org\\\/wp-content\\\/uploads\\\/2023\\\/01\\\/Mask-group.webp\",\"datePublished\":\"2023-01-06T17:30:16+00:00\",\"dateModified\":\"2024-04-11T14:02:01+00:00\",\"description\":\"A iniciativa \u00e9 promovida pelo Compromisso de Gente Grande, idealizado pela Gr\u00e3o de Gente, Instituto Sabrina Sato e ICDH. Pensando em tornar a montagem do\",\"breadcrumb\":{\"@id\":\"https:\\\/\\\/aliancasocial.org\\\/en\\\/bazar-solidario-compromisso-de-gente-grande\\\/#breadcrumb\"},\"inLanguage\":\"en-US\",\"potentialAction\":[{\"@type\":\"ReadAction\",\"target\":[\"https:\\\/\\\/aliancasocial.org\\\/en\\\/bazar-solidario-compromisso-de-gente-grande\\\/\"]}]},{\"@type\":\"ImageObject\",\"inLanguage\":\"en-US\",\"@id\":\"https:\\\/\\\/aliancasocial.org\\\/en\\\/bazar-solidario-compromisso-de-gente-grande\\\/#primaryimage\",\"url\":\"https:\\\/\\\/aliancasocial.org\\\/wp-content\\\/uploads\\\/2023\\\/01\\\/Mask-group.webp\",\"contentUrl\":\"https:\\\/\\\/aliancasocial.org\\\/wp-content\\\/uploads\\\/2023\\\/01\\\/Mask-group.webp\",\"width\":1120,\"height\":591},{\"@type\":\"BreadcrumbList\",\"@id\":\"https:\\\/\\\/aliancasocial.org\\\/en\\\/bazar-solidario-compromisso-de-gente-grande\\\/#breadcrumb\",\"itemListElement\":[{\"@type\":\"ListItem\",\"position\":1,\"name\":\"In\u00edcio\",\"item\":\"https:\\\/\\\/aliancasocial.org\\\/en\\\/\"},{\"@type\":\"ListItem\",\"position\":2,\"name\":\"Alian\u00e7a de Miseric\u00f3rdia e Sefras realizam \u201cBazar Solid\u00e1rio Compromisso de Gente Grande\u201d com itens que v\u00e3o da maternidade \u00e0 decora\u00e7\u00e3o\"}]},{\"@type\":\"WebSite\",\"@id\":\"https:\\\/\\\/aliancasocial.org\\\/#website\",\"url\":\"https:\\\/\\\/aliancasocial.org\\\/\",\"name\":\"Alian\u00e7a de Miseric\u00f3rdia\",\"description\":\"Levando dignidade humana a todos os cantos do mundo\",\"publisher\":{\"@id\":\"https:\\\/\\\/aliancasocial.org\\\/#organization\"},\"potentialAction\":[{\"@type\":\"SearchAction\",\"target\":{\"@type\":\"EntryPoint\",\"urlTemplate\":\"https:\\\/\\\/aliancasocial.org\\\/?s={search_term_string}\"},\"query-input\":{\"@type\":\"PropertyValueSpecification\",\"valueRequired\":true,\"valueName\":\"search_term_string\"}}],\"inLanguage\":\"en-US\"},{\"@type\":\"Organization\",\"@id\":\"https:\\\/\\\/aliancasocial.org\\\/#organization\",\"name\":\"Alian\u00e7a de Miseric\u00f3rdia\",\"url\":\"https:\\\/\\\/aliancasocial.org\\\/\",\"logo\":{\"@type\":\"ImageObject\",\"inLanguage\":\"en-US\",\"@id\":\"https:\\\/\\\/aliancasocial.org\\\/#\\\/schema\\\/logo\\\/image\\\/\",\"url\":\"https:\\\/\\\/aliancasocial.org\\\/wp-content\\\/uploads\\\/2022\\\/07\\\/logo-alianca-marrom.svg\",\"contentUrl\":\"https:\\\/\\\/aliancasocial.org\\\/wp-content\\\/uploads\\\/2022\\\/07\\\/logo-alianca-marrom.svg\",\"width\":91,\"height\":33,\"caption\":\"Alian\u00e7a de Miseric\u00f3rdia\"},\"image\":{\"@id\":\"https:\\\/\\\/aliancasocial.org\\\/#\\\/schema\\\/logo\\\/image\\\/\"},\"sameAs\":[\"https:\\\/\\\/www.facebook.com\\\/iesmisericordia\\\/\",\"https:\\\/\\\/www.instagram.com\\\/aliancademisericordia\\\/\"]},{\"@type\":\"Person\",\"@id\":\"https:\\\/\\\/aliancasocial.org\\\/#\\\/schema\\\/person\\\/8f8ae145580ca7206a1f21a56814959a\",\"name\":\"Thyago Fran\u00e7a\",\"image\":{\"@type\":\"ImageObject\",\"inLanguage\":\"en-US\",\"@id\":\"https:\\\/\\\/secure.gravatar.com\\\/avatar\\\/4ad8f8c064c4e384fbf837e889f8f835f33194d182958150114e034bfa236622?s=96&d=mm&r=g\",\"url\":\"https:\\\/\\\/secure.gravatar.com\\\/avatar\\\/4ad8f8c064c4e384fbf837e889f8f835f33194d182958150114e034bfa236622?s=96&d=mm&r=g\",\"contentUrl\":\"https:\\\/\\\/secure.gravatar.com\\\/avatar\\\/4ad8f8c064c4e384fbf837e889f8f835f33194d182958150114e034bfa236622?s=96&d=mm&r=g\",\"caption\":\"Thyago Fran\u00e7a\"},\"sameAs\":[\"https:\\\/\\\/x.com\\\/thyago.f@aliancasocial.org\"],\"url\":\"https:\\\/\\\/aliancasocial.org\\\/en\\\/author\\\/thyagoalianca\\\/\"}]}<\/script>\n<!-- \/ Yoast SEO plugin. -->","yoast_head_json":{"title":"Alian\u00e7a de Miseric\u00f3rdia e Sefras realizam \u201cBazar Solid\u00e1rio Compromisso de Gente Grande\u201d com itens que v\u00e3o da maternidade \u00e0 decora\u00e7\u00e3o - Alian\u00e7a de Miseric\u00f3rdia","description":"A iniciativa \u00e9 promovida pelo Compromisso de Gente Grande, idealizado pela Gr\u00e3o de Gente, Instituto Sabrina Sato e ICDH. Pensando em tornar a montagem do","robots":{"index":"index","follow":"follow","max-snippet":"max-snippet:-1","max-image-preview":"max-image-preview:large","max-video-preview":"max-video-preview:-1"},"canonical":"https:\/\/aliancasocial.org\/en\/bazar-solidario-compromisso-de-gente-grande\/","og_locale":"en_US","og_type":"article","og_title":"Alian\u00e7a de Miseric\u00f3rdia e Sefras realizam \u201cBazar Solid\u00e1rio Compromisso de Gente Grande\u201d com itens que v\u00e3o da maternidade \u00e0 decora\u00e7\u00e3o - Alian\u00e7a de Miseric\u00f3rdia","og_description":"A iniciativa \u00e9 promovida pelo Compromisso de Gente Grande, idealizado pela Gr\u00e3o de Gente, Instituto Sabrina Sato e ICDH. Pensando em tornar a montagem do","og_url":"https:\/\/aliancasocial.org\/en\/bazar-solidario-compromisso-de-gente-grande\/","og_site_name":"Alian\u00e7a de Miseric\u00f3rdia","article_publisher":"https:\/\/www.facebook.com\/iesmisericordia\/","article_published_time":"2023-01-06T17:30:16+00:00","article_modified_time":"2024-04-11T14:02:01+00:00","og_image":[{"width":1120,"height":591,"url":"https:\/\/aliancasocial.org\/wp-content\/uploads\/2023\/01\/Mask-group.webp","type":"image\/webp"}],"author":"Thyago Fran\u00e7a","twitter_card":"summary_large_image","twitter_creator":"@thyago.f@aliancasocial.org","twitter_misc":{"Written by":"Thyago Fran\u00e7a","Est. reading time":"3 minutes"},"schema":{"@context":"https:\/\/schema.org","@graph":[{"@type":"Article","@id":"https:\/\/aliancasocial.org\/en\/bazar-solidario-compromisso-de-gente-grande\/#article","isPartOf":{"@id":"https:\/\/aliancasocial.org\/en\/bazar-solidario-compromisso-de-gente-grande\/"},"author":{"name":"Thyago Fran\u00e7a","@id":"https:\/\/aliancasocial.org\/#\/schema\/person\/8f8ae145580ca7206a1f21a56814959a"},"headline":"Alian\u00e7a de Miseric\u00f3rdia e Sefras realizam \u201cBazar Solid\u00e1rio Compromisso de Gente Grande\u201d com itens que v\u00e3o da maternidade \u00e0 decora\u00e7\u00e3o","datePublished":"2023-01-06T17:30:16+00:00","dateModified":"2024-04-11T14:02:01+00:00","mainEntityOfPage":{"@id":"https:\/\/aliancasocial.org\/en\/bazar-solidario-compromisso-de-gente-grande\/"},"wordCount":423,"publisher":{"@id":"https:\/\/aliancasocial.org\/#organization"},"image":{"@id":"https:\/\/aliancasocial.org\/en\/bazar-solidario-compromisso-de-gente-grande\/#primaryimage"},"thumbnailUrl":"https:\/\/aliancasocial.org\/wp-content\/uploads\/2023\/01\/Mask-group.webp","articleSection":["Eventos"],"inLanguage":"en-US"},{"@type":"WebPage","@id":"https:\/\/aliancasocial.org\/en\/bazar-solidario-compromisso-de-gente-grande\/","url":"https:\/\/aliancasocial.org\/en\/bazar-solidario-compromisso-de-gente-grande\/","name":"Alian\u00e7a de Miseric\u00f3rdia e Sefras realizam \u201cBazar Solid\u00e1rio Compromisso de Gente Grande\u201d com itens que v\u00e3o da maternidade \u00e0 decora\u00e7\u00e3o - Alian\u00e7a de Miseric\u00f3rdia","isPartOf":{"@id":"https:\/\/aliancasocial.org\/#website"},"primaryImageOfPage":{"@id":"https:\/\/aliancasocial.org\/en\/bazar-solidario-compromisso-de-gente-grande\/#primaryimage"},"image":{"@id":"https:\/\/aliancasocial.org\/en\/bazar-solidario-compromisso-de-gente-grande\/#primaryimage"},"thumbnailUrl":"https:\/\/aliancasocial.org\/wp-content\/uploads\/2023\/01\/Mask-group.webp","datePublished":"2023-01-06T17:30:16+00:00","dateModified":"2024-04-11T14:02:01+00:00","description":"A iniciativa \u00e9 promovida pelo Compromisso de Gente Grande, idealizado pela Gr\u00e3o de Gente, Instituto Sabrina Sato e ICDH. Pensando em tornar a montagem do","breadcrumb":{"@id":"https:\/\/aliancasocial.org\/en\/bazar-solidario-compromisso-de-gente-grande\/#breadcrumb"},"inLanguage":"en-US","potentialAction":[{"@type":"ReadAction","target":["https:\/\/aliancasocial.org\/en\/bazar-solidario-compromisso-de-gente-grande\/"]}]},{"@type":"ImageObject","inLanguage":"en-US","@id":"https:\/\/aliancasocial.org\/en\/bazar-solidario-compromisso-de-gente-grande\/#primaryimage","url":"https:\/\/aliancasocial.org\/wp-content\/uploads\/2023\/01\/Mask-group.webp","contentUrl":"https:\/\/aliancasocial.org\/wp-content\/uploads\/2023\/01\/Mask-group.webp","width":1120,"height":591},{"@type":"BreadcrumbList","@id":"https:\/\/aliancasocial.org\/en\/bazar-solidario-compromisso-de-gente-grande\/#breadcrumb","itemListElement":[{"@type":"ListItem","position":1,"name":"In\u00edcio","item":"https:\/\/aliancasocial.org\/en\/"},{"@type":"ListItem","position":2,"name":"Alian\u00e7a de Miseric\u00f3rdia e Sefras realizam \u201cBazar Solid\u00e1rio Compromisso de Gente Grande\u201d com itens que v\u00e3o da maternidade \u00e0 decora\u00e7\u00e3o"}]},{"@type":"WebSite","@id":"https:\/\/aliancasocial.org\/#website","url":"https:\/\/aliancasocial.org\/","name":"Covenant of Mercy","description":"Bringing human dignity to every corner of the world","publisher":{"@id":"https:\/\/aliancasocial.org\/#organization"},"potentialAction":[{"@type":"SearchAction","target":{"@type":"EntryPoint","urlTemplate":"https:\/\/aliancasocial.org\/?s={search_term_string}"},"query-input":{"@type":"PropertyValueSpecification","valueRequired":true,"valueName":"search_term_string"}}],"inLanguage":"en-US"},{"@type":"Organization","@id":"https:\/\/aliancasocial.org\/#organization","name":"Covenant of Mercy","url":"https:\/\/aliancasocial.org\/","logo":{"@type":"ImageObject","inLanguage":"en-US","@id":"https:\/\/aliancasocial.org\/#\/schema\/logo\/image\/","url":"https:\/\/aliancasocial.org\/wp-content\/uploads\/2022\/07\/logo-alianca-marrom.svg","contentUrl":"https:\/\/aliancasocial.org\/wp-content\/uploads\/2022\/07\/logo-alianca-marrom.svg","width":91,"height":33,"caption":"Alian\u00e7a de Miseric\u00f3rdia"},"image":{"@id":"https:\/\/aliancasocial.org\/#\/schema\/logo\/image\/"},"sameAs":["https:\/\/www.facebook.com\/iesmisericordia\/","https:\/\/www.instagram.com\/aliancademisericordia\/"]},{"@type":"Person","@id":"https:\/\/aliancasocial.org\/#\/schema\/person\/8f8ae145580ca7206a1f21a56814959a","name":"Thyago France","image":{"@type":"ImageObject","inLanguage":"en-US","@id":"https:\/\/secure.gravatar.com\/avatar\/4ad8f8c064c4e384fbf837e889f8f835f33194d182958150114e034bfa236622?s=96&d=mm&r=g","url":"https:\/\/secure.gravatar.com\/avatar\/4ad8f8c064c4e384fbf837e889f8f835f33194d182958150114e034bfa236622?s=96&d=mm&r=g","contentUrl":"https:\/\/secure.gravatar.com\/avatar\/4ad8f8c064c4e384fbf837e889f8f835f33194d182958150114e034bfa236622?s=96&d=mm&r=g","caption":"Thyago Fran\u00e7a"},"sameAs":["https:\/\/x.com\/thyago.f@aliancasocial.org"],"url":"https:\/\/aliancasocial.org\/en\/author\/thyagoalianca\/"}]}},"_links":{"self":[{"href":"https:\/\/aliancasocial.org\/en\/wp-json\/wp\/v2\/posts\/10370","targetHints":{"allow":["GET"]}}],"collection":[{"href":"https:\/\/aliancasocial.org\/en\/wp-json\/wp\/v2\/posts"}],"about":[{"href":"https:\/\/aliancasocial.org\/en\/wp-json\/wp\/v2\/types\/post"}],"author":[{"embeddable":true,"href":"https:\/\/aliancasocial.org\/en\/wp-json\/wp\/v2\/users\/3"}],"replies":[{"embeddable":true,"href":"https:\/\/aliancasocial.org\/en\/wp-json\/wp\/v2\/comments?post=10370"}],"version-history":[{"count":0,"href":"https:\/\/aliancasocial.org\/en\/wp-json\/wp\/v2\/posts\/10370\/revisions"}],"wp:featuredmedia":[{"embeddable":true,"href":"https:\/\/aliancasocial.org\/en\/wp-json\/wp\/v2\/media\/10371"}],"wp:attachment":[{"href":"https:\/\/aliancasocial.org\/en\/wp-json\/wp\/v2\/media?parent=10370"}],"wp:term":[{"taxonomy":"category","embeddable":true,"href":"https:\/\/aliancasocial.org\/en\/wp-json\/wp\/v2\/categories?post=10370"},{"taxonomy":"post_tag","embeddable":true,"href":"https:\/\/aliancasocial.org\/en\/wp-json\/wp\/v2\/tags?post=10370"},{"taxonomy":"destaques","embeddable":true,"href":"https:\/\/aliancasocial.org\/en\/wp-json\/wp\/v2\/destaques?post=10370"}],"curies":[{"name":"wp","href":"https:\/\/api.w.org\/{rel}","templated":true}]}}