{"id":10383,"date":"2023-01-16T10:29:48","date_gmt":"2023-01-16T13:29:48","guid":{"rendered":"https:\/\/aliancasocial.org\/?p=10383"},"modified":"2024-04-11T11:01:16","modified_gmt":"2024-04-11T14:01:16","slug":"alianca-e-contemplada-com-selo-de-direitos-humanos-e-diversidade","status":"publish","type":"post","link":"https:\/\/aliancasocial.org\/en\/alianca-e-contemplada-com-selo-de-direitos-humanos-e-diversidade\/","title":{"rendered":"Alliance is awarded the Seal of Human Rights and Diversity"},"content":{"rendered":"<div class=\"wp-block-columns is-layout-flex wp-container-core-columns-is-layout-28f84493 wp-block-columns-is-layout-flex\">\n<div class=\"wp-block-column is-layout-flow wp-block-column-is-layout-flow\">\n<p>In December, Alian\u00e7a officially received the <strong>Human Rights and Diversity Seal<\/strong>, an initiative of the Municipal Secretary of Human Rights and Citizenship of S\u00e3o Paulo (SMDHC). The DOE ESPERAN\u00c7A initiative was awarded for the second year, this time awarded in the category <em>transversalities<\/em>.&nbsp;<\/p>\n\n\n\n<p>Transversality concerns the possibility of establishing an analogy between learning theoretically systematized knowledge (learning about reality) and real-life issues (learning in reality and from reality) in educational practice.&nbsp;<\/p>\n<\/div>\n\n\n\n<div class=\"wp-block-column is-layout-flow wp-block-column-is-layout-flow\">\n<figure class=\"wp-block-image size-large\"><img fetchpriority=\"high\" decoding=\"async\" width=\"1024\" height=\"1024\" src=\"http:\/\/aliancasocial.org\/wp-content\/uploads\/2023\/01\/selohdfhdf-1024x1024.png\" alt=\"\" class=\"wp-image-10418\" srcset=\"https:\/\/aliancasocial.org\/wp-content\/uploads\/2023\/01\/selohdfhdf-1024x1024.png 1024w, https:\/\/aliancasocial.org\/wp-content\/uploads\/2023\/01\/selohdfhdf-300x300.png 300w, https:\/\/aliancasocial.org\/wp-content\/uploads\/2023\/01\/selohdfhdf-150x150.png 150w, https:\/\/aliancasocial.org\/wp-content\/uploads\/2023\/01\/selohdfhdf-768x768.png 768w, https:\/\/aliancasocial.org\/wp-content\/uploads\/2023\/01\/selohdfhdf-1536x1536.png 1536w, https:\/\/aliancasocial.org\/wp-content\/uploads\/2023\/01\/selohdfhdf.png 2000w\" sizes=\"(max-width: 1024px) 100vw, 1024px\" \/><\/figure>\n<\/div>\n<\/div>\n\n\n\n<p>The campaign&#039;s target audience is needy families and people in situations of social vulnerability, whom we serve in our projects and also in the various missions carried out.&nbsp;<\/p>\n\n\n\n<p>An example of this happened during the parents&#039; meeting at Creche da Miseric\u00f3rdia, where the mother of one of the children attended reported: <em>\u201cAt the beginning of the year, when my son received this vacancy at the day care center, my husband said that it was better to wait a bit because he was too small, but I insisted and brought him. Today I told him, it was this daycare that during this whole year, in addition to taking care of our son, filled our bellies\u201d.<\/em> In fact, unemployment and poverty arrived for many, but mainly in the peripheries and poor communities.&nbsp;<\/p>\n\n\n\n<p>In 2023 we will continue to help so many in need and we count on all those who wish to be bridges of mercy with us.&nbsp;<\/p>\n\n\n\n<p>At the beginning of the year, we will help with school materials, food and personal hygiene and cleaning products.&nbsp;<\/p>\n\n\n\n<p>Among the projects that will benefit are Casas Lares, an institutional reception service that aims to bring the family structure closer to children and adolescents from 0 to 17 years and 11 months old, who, due to situations of personal, social, abandonment and \/or violation of their rights in the family environment, are referred to foster care as an exceptional and provisional protective measure.&nbsp;&nbsp;<\/p>\n\n\n\n<p>Altogether there are 4 Casas Lares in the city of S\u00e3o Paulo that are inserted in the community and have a welcoming atmosphere, with 10 welcomed per unit. The service methodology seeks to favor the development of aptitudes, capabilities and opportunities, so that children and adolescents are worked on in their autonomy and construction of values, in addition to carrying out family monitoring and encouraging affective sponsorship.&nbsp;<\/p>\n\n\n\n<p>We seek companies and sponsors for our actions, if you know or want to help in any way in this work, please contact us. Any help is welcome!&nbsp;<\/p>\n\n\n\n<figure class=\"wp-block-image aligncenter size-full is-resized\"><a href=\"http:\/\/bit.ly\/3ZHwBhh\" target=\"_blank\" rel=\"noreferrer noopener\"><img decoding=\"async\" src=\"http:\/\/aliancasocial.org\/wp-content\/uploads\/2023\/01\/BENNERRODAPE-MATERIA-1.webp\" alt=\"\" class=\"wp-image-10384\" width=\"900\" height=\"135\"\/><\/a><\/figure>","protected":false},"excerpt":{"rendered":"<p>Em dezembro, a Alian\u00e7a recebeu oficialmente o Selo de Direitos Humanos e Diversidade, uma iniciativa da Secretaria Municipal de Direitos Humanos e Cidadania de S\u00e3o Paulo (SMDHC). A iniciativa DOE ESPERAN\u00c7A foi contemplada pelo segundo ano, desta vez premiada na categoria transversalidades.&nbsp; A\u202ftransversalidade\u202fdiz respeito a possibilidade de se instituir na pr\u00e1tica educativa uma analogia entre [&hellip;]<\/p>\n","protected":false},"author":3,"featured_media":10415,"comment_status":"closed","ping_status":"closed","sticky":false,"template":"","format":"standard","meta":{"footnotes":""},"categories":[46],"tags":[],"destaques":[],"class_list":["post-10383","post","type-post","status-publish","format-standard","has-post-thumbnail","hentry","category-reconhecimento"],"yoast_head":"<!-- This site is optimized with the Yoast SEO plugin v27.5 - https:\/\/yoast.com\/product\/yoast-seo-wordpress\/ -->\n<title>Alian\u00e7a \u00e9 contemplada com Selo de Direitos Humanos e Diversidade - Alian\u00e7a de Miseric\u00f3rdia<\/title>\n<meta name=\"description\" content=\"Em dezembro, a Alian\u00e7a recebeu oficialmente o Selo de Direitos Humanos e Diversidade, uma iniciativa da Secretaria Municipal de Direitos Humanos e\" \/>\n<meta name=\"robots\" content=\"index, follow, max-snippet:-1, max-image-preview:large, max-video-preview:-1\" \/>\n<link rel=\"canonical\" href=\"https:\/\/aliancasocial.org\/en\/alianca-e-contemplada-com-selo-de-direitos-humanos-e-diversidade\/\" \/>\n<meta property=\"og:locale\" content=\"en_US\" \/>\n<meta property=\"og:type\" content=\"article\" \/>\n<meta property=\"og:title\" content=\"Alian\u00e7a \u00e9 contemplada com Selo de Direitos Humanos e Diversidade - Alian\u00e7a de Miseric\u00f3rdia\" \/>\n<meta property=\"og:description\" content=\"Em dezembro, a Alian\u00e7a recebeu oficialmente o Selo de Direitos Humanos e Diversidade, uma iniciativa da Secretaria Municipal de Direitos Humanos e\" \/>\n<meta property=\"og:url\" content=\"https:\/\/aliancasocial.org\/en\/alianca-e-contemplada-com-selo-de-direitos-humanos-e-diversidade\/\" \/>\n<meta property=\"og:site_name\" content=\"Alian\u00e7a de Miseric\u00f3rdia\" \/>\n<meta property=\"article:publisher\" content=\"https:\/\/www.facebook.com\/iesmisericordia\/\" \/>\n<meta property=\"article:published_time\" content=\"2023-01-16T13:29:48+00:00\" \/>\n<meta property=\"article:modified_time\" content=\"2024-04-11T14:01:16+00:00\" \/>\n<meta property=\"og:image\" content=\"https:\/\/aliancasocial.org\/wp-content\/uploads\/2023\/01\/dsfsifsdkjf4.png\" \/>\n\t<meta property=\"og:image:width\" content=\"1740\" \/>\n\t<meta property=\"og:image:height\" content=\"591\" \/>\n\t<meta property=\"og:image:type\" content=\"image\/png\" \/>\n<meta name=\"author\" content=\"Thyago Fran\u00e7a\" \/>\n<meta name=\"twitter:card\" content=\"summary_large_image\" \/>\n<meta name=\"twitter:creator\" content=\"@thyago.f@aliancasocial.org\" \/>\n<meta name=\"twitter:label1\" content=\"Written by\" \/>\n\t<meta name=\"twitter:data1\" content=\"Thyago Fran\u00e7a\" \/>\n\t<meta name=\"twitter:label2\" content=\"Est. reading time\" \/>\n\t<meta name=\"twitter:data2\" content=\"3 minutes\" \/>\n<script type=\"application\/ld+json\" class=\"yoast-schema-graph\">{\"@context\":\"https:\\\/\\\/schema.org\",\"@graph\":[{\"@type\":\"Article\",\"@id\":\"https:\\\/\\\/aliancasocial.org\\\/en\\\/alianca-e-contemplada-com-selo-de-direitos-humanos-e-diversidade\\\/#article\",\"isPartOf\":{\"@id\":\"https:\\\/\\\/aliancasocial.org\\\/en\\\/alianca-e-contemplada-com-selo-de-direitos-humanos-e-diversidade\\\/\"},\"author\":{\"name\":\"Thyago Fran\u00e7a\",\"@id\":\"https:\\\/\\\/aliancasocial.org\\\/#\\\/schema\\\/person\\\/8f8ae145580ca7206a1f21a56814959a\"},\"headline\":\"Alian\u00e7a \u00e9 contemplada com Selo de Direitos Humanos e Diversidade\",\"datePublished\":\"2023-01-16T13:29:48+00:00\",\"dateModified\":\"2024-04-11T14:01:16+00:00\",\"mainEntityOfPage\":{\"@id\":\"https:\\\/\\\/aliancasocial.org\\\/en\\\/alianca-e-contemplada-com-selo-de-direitos-humanos-e-diversidade\\\/\"},\"wordCount\":437,\"publisher\":{\"@id\":\"https:\\\/\\\/aliancasocial.org\\\/#organization\"},\"image\":{\"@id\":\"https:\\\/\\\/aliancasocial.org\\\/en\\\/alianca-e-contemplada-com-selo-de-direitos-humanos-e-diversidade\\\/#primaryimage\"},\"thumbnailUrl\":\"https:\\\/\\\/aliancasocial.org\\\/wp-content\\\/uploads\\\/2023\\\/01\\\/dsfsifsdkjf4.png\",\"articleSection\":[\"Reconhecimento\"],\"inLanguage\":\"en-US\"},{\"@type\":\"WebPage\",\"@id\":\"https:\\\/\\\/aliancasocial.org\\\/en\\\/alianca-e-contemplada-com-selo-de-direitos-humanos-e-diversidade\\\/\",\"url\":\"https:\\\/\\\/aliancasocial.org\\\/en\\\/alianca-e-contemplada-com-selo-de-direitos-humanos-e-diversidade\\\/\",\"name\":\"Alian\u00e7a \u00e9 contemplada com Selo de Direitos Humanos e Diversidade - Alian\u00e7a de Miseric\u00f3rdia\",\"isPartOf\":{\"@id\":\"https:\\\/\\\/aliancasocial.org\\\/#website\"},\"primaryImageOfPage\":{\"@id\":\"https:\\\/\\\/aliancasocial.org\\\/en\\\/alianca-e-contemplada-com-selo-de-direitos-humanos-e-diversidade\\\/#primaryimage\"},\"image\":{\"@id\":\"https:\\\/\\\/aliancasocial.org\\\/en\\\/alianca-e-contemplada-com-selo-de-direitos-humanos-e-diversidade\\\/#primaryimage\"},\"thumbnailUrl\":\"https:\\\/\\\/aliancasocial.org\\\/wp-content\\\/uploads\\\/2023\\\/01\\\/dsfsifsdkjf4.png\",\"datePublished\":\"2023-01-16T13:29:48+00:00\",\"dateModified\":\"2024-04-11T14:01:16+00:00\",\"description\":\"Em dezembro, a Alian\u00e7a recebeu oficialmente o Selo de Direitos Humanos e Diversidade, uma iniciativa da Secretaria Municipal de Direitos Humanos e\",\"breadcrumb\":{\"@id\":\"https:\\\/\\\/aliancasocial.org\\\/en\\\/alianca-e-contemplada-com-selo-de-direitos-humanos-e-diversidade\\\/#breadcrumb\"},\"inLanguage\":\"en-US\",\"potentialAction\":[{\"@type\":\"ReadAction\",\"target\":[\"https:\\\/\\\/aliancasocial.org\\\/en\\\/alianca-e-contemplada-com-selo-de-direitos-humanos-e-diversidade\\\/\"]}]},{\"@type\":\"ImageObject\",\"inLanguage\":\"en-US\",\"@id\":\"https:\\\/\\\/aliancasocial.org\\\/en\\\/alianca-e-contemplada-com-selo-de-direitos-humanos-e-diversidade\\\/#primaryimage\",\"url\":\"https:\\\/\\\/aliancasocial.org\\\/wp-content\\\/uploads\\\/2023\\\/01\\\/dsfsifsdkjf4.png\",\"contentUrl\":\"https:\\\/\\\/aliancasocial.org\\\/wp-content\\\/uploads\\\/2023\\\/01\\\/dsfsifsdkjf4.png\",\"width\":1740,\"height\":591},{\"@type\":\"BreadcrumbList\",\"@id\":\"https:\\\/\\\/aliancasocial.org\\\/en\\\/alianca-e-contemplada-com-selo-de-direitos-humanos-e-diversidade\\\/#breadcrumb\",\"itemListElement\":[{\"@type\":\"ListItem\",\"position\":1,\"name\":\"In\u00edcio\",\"item\":\"https:\\\/\\\/aliancasocial.org\\\/en\\\/\"},{\"@type\":\"ListItem\",\"position\":2,\"name\":\"Alian\u00e7a \u00e9 contemplada com Selo de Direitos Humanos e Diversidade\"}]},{\"@type\":\"WebSite\",\"@id\":\"https:\\\/\\\/aliancasocial.org\\\/#website\",\"url\":\"https:\\\/\\\/aliancasocial.org\\\/\",\"name\":\"Alian\u00e7a de Miseric\u00f3rdia\",\"description\":\"Levando dignidade humana a todos os cantos do mundo\",\"publisher\":{\"@id\":\"https:\\\/\\\/aliancasocial.org\\\/#organization\"},\"potentialAction\":[{\"@type\":\"SearchAction\",\"target\":{\"@type\":\"EntryPoint\",\"urlTemplate\":\"https:\\\/\\\/aliancasocial.org\\\/?s={search_term_string}\"},\"query-input\":{\"@type\":\"PropertyValueSpecification\",\"valueRequired\":true,\"valueName\":\"search_term_string\"}}],\"inLanguage\":\"en-US\"},{\"@type\":\"Organization\",\"@id\":\"https:\\\/\\\/aliancasocial.org\\\/#organization\",\"name\":\"Alian\u00e7a de Miseric\u00f3rdia\",\"url\":\"https:\\\/\\\/aliancasocial.org\\\/\",\"logo\":{\"@type\":\"ImageObject\",\"inLanguage\":\"en-US\",\"@id\":\"https:\\\/\\\/aliancasocial.org\\\/#\\\/schema\\\/logo\\\/image\\\/\",\"url\":\"https:\\\/\\\/aliancasocial.org\\\/wp-content\\\/uploads\\\/2022\\\/07\\\/logo-alianca-marrom.svg\",\"contentUrl\":\"https:\\\/\\\/aliancasocial.org\\\/wp-content\\\/uploads\\\/2022\\\/07\\\/logo-alianca-marrom.svg\",\"width\":91,\"height\":33,\"caption\":\"Alian\u00e7a de Miseric\u00f3rdia\"},\"image\":{\"@id\":\"https:\\\/\\\/aliancasocial.org\\\/#\\\/schema\\\/logo\\\/image\\\/\"},\"sameAs\":[\"https:\\\/\\\/www.facebook.com\\\/iesmisericordia\\\/\",\"https:\\\/\\\/www.instagram.com\\\/aliancademisericordia\\\/\"]},{\"@type\":\"Person\",\"@id\":\"https:\\\/\\\/aliancasocial.org\\\/#\\\/schema\\\/person\\\/8f8ae145580ca7206a1f21a56814959a\",\"name\":\"Thyago Fran\u00e7a\",\"image\":{\"@type\":\"ImageObject\",\"inLanguage\":\"en-US\",\"@id\":\"https:\\\/\\\/secure.gravatar.com\\\/avatar\\\/4ad8f8c064c4e384fbf837e889f8f835f33194d182958150114e034bfa236622?s=96&d=mm&r=g\",\"url\":\"https:\\\/\\\/secure.gravatar.com\\\/avatar\\\/4ad8f8c064c4e384fbf837e889f8f835f33194d182958150114e034bfa236622?s=96&d=mm&r=g\",\"contentUrl\":\"https:\\\/\\\/secure.gravatar.com\\\/avatar\\\/4ad8f8c064c4e384fbf837e889f8f835f33194d182958150114e034bfa236622?s=96&d=mm&r=g\",\"caption\":\"Thyago Fran\u00e7a\"},\"sameAs\":[\"https:\\\/\\\/x.com\\\/thyago.f@aliancasocial.org\"],\"url\":\"https:\\\/\\\/aliancasocial.org\\\/en\\\/author\\\/thyagoalianca\\\/\"}]}<\/script>\n<!-- \/ Yoast SEO plugin. -->","yoast_head_json":{"title":"Alian\u00e7a \u00e9 contemplada com Selo de Direitos Humanos e Diversidade - Alian\u00e7a de Miseric\u00f3rdia","description":"Em dezembro, a Alian\u00e7a recebeu oficialmente o Selo de Direitos Humanos e Diversidade, uma iniciativa da Secretaria Municipal de Direitos Humanos e","robots":{"index":"index","follow":"follow","max-snippet":"max-snippet:-1","max-image-preview":"max-image-preview:large","max-video-preview":"max-video-preview:-1"},"canonical":"https:\/\/aliancasocial.org\/en\/alianca-e-contemplada-com-selo-de-direitos-humanos-e-diversidade\/","og_locale":"en_US","og_type":"article","og_title":"Alian\u00e7a \u00e9 contemplada com Selo de Direitos Humanos e Diversidade - Alian\u00e7a de Miseric\u00f3rdia","og_description":"Em dezembro, a Alian\u00e7a recebeu oficialmente o Selo de Direitos Humanos e Diversidade, uma iniciativa da Secretaria Municipal de Direitos Humanos e","og_url":"https:\/\/aliancasocial.org\/en\/alianca-e-contemplada-com-selo-de-direitos-humanos-e-diversidade\/","og_site_name":"Alian\u00e7a de Miseric\u00f3rdia","article_publisher":"https:\/\/www.facebook.com\/iesmisericordia\/","article_published_time":"2023-01-16T13:29:48+00:00","article_modified_time":"2024-04-11T14:01:16+00:00","og_image":[{"width":1740,"height":591,"url":"https:\/\/aliancasocial.org\/wp-content\/uploads\/2023\/01\/dsfsifsdkjf4.png","type":"image\/png"}],"author":"Thyago Fran\u00e7a","twitter_card":"summary_large_image","twitter_creator":"@thyago.f@aliancasocial.org","twitter_misc":{"Written by":"Thyago Fran\u00e7a","Est. reading time":"3 minutes"},"schema":{"@context":"https:\/\/schema.org","@graph":[{"@type":"Article","@id":"https:\/\/aliancasocial.org\/en\/alianca-e-contemplada-com-selo-de-direitos-humanos-e-diversidade\/#article","isPartOf":{"@id":"https:\/\/aliancasocial.org\/en\/alianca-e-contemplada-com-selo-de-direitos-humanos-e-diversidade\/"},"author":{"name":"Thyago Fran\u00e7a","@id":"https:\/\/aliancasocial.org\/#\/schema\/person\/8f8ae145580ca7206a1f21a56814959a"},"headline":"Alian\u00e7a \u00e9 contemplada com Selo de Direitos Humanos e Diversidade","datePublished":"2023-01-16T13:29:48+00:00","dateModified":"2024-04-11T14:01:16+00:00","mainEntityOfPage":{"@id":"https:\/\/aliancasocial.org\/en\/alianca-e-contemplada-com-selo-de-direitos-humanos-e-diversidade\/"},"wordCount":437,"publisher":{"@id":"https:\/\/aliancasocial.org\/#organization"},"image":{"@id":"https:\/\/aliancasocial.org\/en\/alianca-e-contemplada-com-selo-de-direitos-humanos-e-diversidade\/#primaryimage"},"thumbnailUrl":"https:\/\/aliancasocial.org\/wp-content\/uploads\/2023\/01\/dsfsifsdkjf4.png","articleSection":["Reconhecimento"],"inLanguage":"en-US"},{"@type":"WebPage","@id":"https:\/\/aliancasocial.org\/en\/alianca-e-contemplada-com-selo-de-direitos-humanos-e-diversidade\/","url":"https:\/\/aliancasocial.org\/en\/alianca-e-contemplada-com-selo-de-direitos-humanos-e-diversidade\/","name":"Alian\u00e7a \u00e9 contemplada com Selo de Direitos Humanos e Diversidade - Alian\u00e7a de Miseric\u00f3rdia","isPartOf":{"@id":"https:\/\/aliancasocial.org\/#website"},"primaryImageOfPage":{"@id":"https:\/\/aliancasocial.org\/en\/alianca-e-contemplada-com-selo-de-direitos-humanos-e-diversidade\/#primaryimage"},"image":{"@id":"https:\/\/aliancasocial.org\/en\/alianca-e-contemplada-com-selo-de-direitos-humanos-e-diversidade\/#primaryimage"},"thumbnailUrl":"https:\/\/aliancasocial.org\/wp-content\/uploads\/2023\/01\/dsfsifsdkjf4.png","datePublished":"2023-01-16T13:29:48+00:00","dateModified":"2024-04-11T14:01:16+00:00","description":"Em dezembro, a Alian\u00e7a recebeu oficialmente o Selo de Direitos Humanos e Diversidade, uma iniciativa da Secretaria Municipal de Direitos Humanos e","breadcrumb":{"@id":"https:\/\/aliancasocial.org\/en\/alianca-e-contemplada-com-selo-de-direitos-humanos-e-diversidade\/#breadcrumb"},"inLanguage":"en-US","potentialAction":[{"@type":"ReadAction","target":["https:\/\/aliancasocial.org\/en\/alianca-e-contemplada-com-selo-de-direitos-humanos-e-diversidade\/"]}]},{"@type":"ImageObject","inLanguage":"en-US","@id":"https:\/\/aliancasocial.org\/en\/alianca-e-contemplada-com-selo-de-direitos-humanos-e-diversidade\/#primaryimage","url":"https:\/\/aliancasocial.org\/wp-content\/uploads\/2023\/01\/dsfsifsdkjf4.png","contentUrl":"https:\/\/aliancasocial.org\/wp-content\/uploads\/2023\/01\/dsfsifsdkjf4.png","width":1740,"height":591},{"@type":"BreadcrumbList","@id":"https:\/\/aliancasocial.org\/en\/alianca-e-contemplada-com-selo-de-direitos-humanos-e-diversidade\/#breadcrumb","itemListElement":[{"@type":"ListItem","position":1,"name":"In\u00edcio","item":"https:\/\/aliancasocial.org\/en\/"},{"@type":"ListItem","position":2,"name":"Alian\u00e7a \u00e9 contemplada com Selo de Direitos Humanos e Diversidade"}]},{"@type":"WebSite","@id":"https:\/\/aliancasocial.org\/#website","url":"https:\/\/aliancasocial.org\/","name":"Covenant of Mercy","description":"Bringing human dignity to every corner of the world","publisher":{"@id":"https:\/\/aliancasocial.org\/#organization"},"potentialAction":[{"@type":"SearchAction","target":{"@type":"EntryPoint","urlTemplate":"https:\/\/aliancasocial.org\/?s={search_term_string}"},"query-input":{"@type":"PropertyValueSpecification","valueRequired":true,"valueName":"search_term_string"}}],"inLanguage":"en-US"},{"@type":"Organization","@id":"https:\/\/aliancasocial.org\/#organization","name":"Covenant of Mercy","url":"https:\/\/aliancasocial.org\/","logo":{"@type":"ImageObject","inLanguage":"en-US","@id":"https:\/\/aliancasocial.org\/#\/schema\/logo\/image\/","url":"https:\/\/aliancasocial.org\/wp-content\/uploads\/2022\/07\/logo-alianca-marrom.svg","contentUrl":"https:\/\/aliancasocial.org\/wp-content\/uploads\/2022\/07\/logo-alianca-marrom.svg","width":91,"height":33,"caption":"Alian\u00e7a de Miseric\u00f3rdia"},"image":{"@id":"https:\/\/aliancasocial.org\/#\/schema\/logo\/image\/"},"sameAs":["https:\/\/www.facebook.com\/iesmisericordia\/","https:\/\/www.instagram.com\/aliancademisericordia\/"]},{"@type":"Person","@id":"https:\/\/aliancasocial.org\/#\/schema\/person\/8f8ae145580ca7206a1f21a56814959a","name":"Thyago France","image":{"@type":"ImageObject","inLanguage":"en-US","@id":"https:\/\/secure.gravatar.com\/avatar\/4ad8f8c064c4e384fbf837e889f8f835f33194d182958150114e034bfa236622?s=96&d=mm&r=g","url":"https:\/\/secure.gravatar.com\/avatar\/4ad8f8c064c4e384fbf837e889f8f835f33194d182958150114e034bfa236622?s=96&d=mm&r=g","contentUrl":"https:\/\/secure.gravatar.com\/avatar\/4ad8f8c064c4e384fbf837e889f8f835f33194d182958150114e034bfa236622?s=96&d=mm&r=g","caption":"Thyago Fran\u00e7a"},"sameAs":["https:\/\/x.com\/thyago.f@aliancasocial.org"],"url":"https:\/\/aliancasocial.org\/en\/author\/thyagoalianca\/"}]}},"_links":{"self":[{"href":"https:\/\/aliancasocial.org\/en\/wp-json\/wp\/v2\/posts\/10383","targetHints":{"allow":["GET"]}}],"collection":[{"href":"https:\/\/aliancasocial.org\/en\/wp-json\/wp\/v2\/posts"}],"about":[{"href":"https:\/\/aliancasocial.org\/en\/wp-json\/wp\/v2\/types\/post"}],"author":[{"embeddable":true,"href":"https:\/\/aliancasocial.org\/en\/wp-json\/wp\/v2\/users\/3"}],"replies":[{"embeddable":true,"href":"https:\/\/aliancasocial.org\/en\/wp-json\/wp\/v2\/comments?post=10383"}],"version-history":[{"count":0,"href":"https:\/\/aliancasocial.org\/en\/wp-json\/wp\/v2\/posts\/10383\/revisions"}],"wp:featuredmedia":[{"embeddable":true,"href":"https:\/\/aliancasocial.org\/en\/wp-json\/wp\/v2\/media\/10415"}],"wp:attachment":[{"href":"https:\/\/aliancasocial.org\/en\/wp-json\/wp\/v2\/media?parent=10383"}],"wp:term":[{"taxonomy":"category","embeddable":true,"href":"https:\/\/aliancasocial.org\/en\/wp-json\/wp\/v2\/categories?post=10383"},{"taxonomy":"post_tag","embeddable":true,"href":"https:\/\/aliancasocial.org\/en\/wp-json\/wp\/v2\/tags?post=10383"},{"taxonomy":"destaques","embeddable":true,"href":"https:\/\/aliancasocial.org\/en\/wp-json\/wp\/v2\/destaques?post=10383"}],"curies":[{"name":"wp","href":"https:\/\/api.w.org\/{rel}","templated":true}]}}