{"id":10431,"date":"2023-02-02T09:11:19","date_gmt":"2023-02-02T12:11:19","guid":{"rendered":"https:\/\/aliancasocial.org\/?p=10431"},"modified":"2024-04-11T11:02:17","modified_gmt":"2024-04-11T14:02:17","slug":"mutirao-do-cadunico-beneficia-atendidos-da-casa-restaura-me-em-sao-paulo","status":"publish","type":"post","link":"https:\/\/aliancasocial.org\/en\/mutirao-do-cadunico-beneficia-atendidos-da-casa-restaura-me-em-sao-paulo\/","title":{"rendered":"Mutir\u00e3o do Cad\u00danico benefits people assisted at Casa Restaura-me in S\u00e3o Paulo"},"content":{"rendered":"<p>On the 25th of January, the Municipal Secretariat for Assistance and Social Development (SMADS) of S\u00e3o Paulo, in partnership with Casa Restaura-me, carried out the Cad\u00danico task force for people who are homeless and who have never registered in consequences of several issues.<\/p>\n\n\n\n<p>The Cadastro \u00danico is a set of information on Brazilian families in situations of poverty and extreme vulnerability. This information is used by the Federal Government, by the States and by the municipalities, for the implementation of public policies capable of promoting the improvement of the lives of these families.<\/p>\n\n\n\n<p>The task force at Casa Restaura-me was supported by two vans, employees of SMDAS and with the support and organization of employees of Alian\u00e7a de Miseric\u00f3rdia. In all, during the period from 9 am to 4 pm, 130 people were assisted.<\/p>\n\n\n\n<p>In addition to providing assistance to the population, the secretariat team updated the records of other citizens who for some reason were not receiving benefits, as well as assisting other people who came from other services and territories.<\/p>\n\n\n\n<p><strong>HOME RESTORES ME<\/strong><\/p>\n\n\n\n<p>Located in the neighborhood of Br\u00e1s, in S\u00e3o Paulo, Casa Restaura-me is a social center for homeless adults, which serves around 500 people a day. Offers food, living and socializing space, referral to access social assistance benefits, personal hygiene and laundry, cultural, sports and recreational activities, in addition to professional courses and referral to shelters. The project seeks to welcome and rescue human dignity, giving a new meaning to the life and trajectory of each one of its beneficiaries.<\/p>\n\n\n\n<p>Did you like this initiative and want to help us?<\/p>\n\n\n\n<p><a href=\"https:\/\/aliancasocial.org\/en\/\">Click on the link below and get to know our Social Site.<\/a><\/p>","protected":false},"excerpt":{"rendered":"<p>No dia 25 de janeiro, a Secretaria Municipal de Assist\u00eancia e Desenvolvimento Social (SMADS) de S\u00e3o Paulo, em parceira com a Casa Restaura-me, realizou o mutir\u00e3o do Cad\u00danico para pessoas que est\u00e3o em situa\u00e7\u00e3o de rua e que nunca fizeram esse cadastro em decorr\u00eancias de v\u00e1rias quest\u00f5es. O Cadastro \u00danico \u00e9 um conjunto de informa\u00e7\u00f5es [&hellip;]<\/p>\n","protected":false},"author":3,"featured_media":10432,"comment_status":"closed","ping_status":"closed","sticky":false,"template":"","format":"standard","meta":{"footnotes":""},"categories":[44],"tags":[],"destaques":[],"class_list":["post-10431","post","type-post","status-publish","format-standard","has-post-thumbnail","hentry","category-reabilitacao"],"yoast_head":"<!-- This site is optimized with the Yoast SEO plugin v27.5 - https:\/\/yoast.com\/product\/yoast-seo-wordpress\/ -->\n<title>Mutir\u00e3o do Cad\u00danico beneficia atendidos da Casa Restaura-me em S\u00e3o Paulo - Alian\u00e7a de Miseric\u00f3rdia<\/title>\n<meta name=\"description\" content=\"No dia 25 de janeiro, a Secretaria Municipal de Assist\u00eancia e Desenvolvimento Social (SMADS) de S\u00e3o Paulo, em parceira com a Casa Restaura-me, realizou o\" \/>\n<meta name=\"robots\" content=\"index, follow, max-snippet:-1, max-image-preview:large, max-video-preview:-1\" \/>\n<link rel=\"canonical\" href=\"https:\/\/aliancasocial.org\/en\/mutirao-do-cadunico-beneficia-atendidos-da-casa-restaura-me-em-sao-paulo\/\" \/>\n<meta property=\"og:locale\" content=\"en_US\" \/>\n<meta property=\"og:type\" content=\"article\" \/>\n<meta property=\"og:title\" content=\"Mutir\u00e3o do Cad\u00danico beneficia atendidos da Casa Restaura-me em S\u00e3o Paulo - Alian\u00e7a de Miseric\u00f3rdia\" \/>\n<meta property=\"og:description\" content=\"No dia 25 de janeiro, a Secretaria Municipal de Assist\u00eancia e Desenvolvimento Social (SMADS) de S\u00e3o Paulo, em parceira com a Casa Restaura-me, realizou o\" \/>\n<meta property=\"og:url\" content=\"https:\/\/aliancasocial.org\/en\/mutirao-do-cadunico-beneficia-atendidos-da-casa-restaura-me-em-sao-paulo\/\" \/>\n<meta property=\"og:site_name\" content=\"Alian\u00e7a de Miseric\u00f3rdia\" \/>\n<meta property=\"article:publisher\" content=\"https:\/\/www.facebook.com\/iesmisericordia\/\" \/>\n<meta property=\"article:published_time\" content=\"2023-02-02T12:11:19+00:00\" \/>\n<meta property=\"article:modified_time\" content=\"2024-04-11T14:02:17+00:00\" \/>\n<meta property=\"og:image\" content=\"https:\/\/aliancasocial.org\/wp-content\/uploads\/2023\/02\/site.webp\" \/>\n\t<meta property=\"og:image:width\" content=\"976\" \/>\n\t<meta property=\"og:image:height\" content=\"341\" \/>\n\t<meta property=\"og:image:type\" content=\"image\/webp\" \/>\n<meta name=\"author\" content=\"Thyago Fran\u00e7a\" \/>\n<meta name=\"twitter:card\" content=\"summary_large_image\" \/>\n<meta name=\"twitter:creator\" content=\"@thyago.f@aliancasocial.org\" \/>\n<meta name=\"twitter:label1\" content=\"Written by\" \/>\n\t<meta name=\"twitter:data1\" content=\"Thyago Fran\u00e7a\" \/>\n\t<meta name=\"twitter:label2\" content=\"Est. reading time\" \/>\n\t<meta name=\"twitter:data2\" content=\"2 minutes\" \/>\n<script type=\"application\/ld+json\" class=\"yoast-schema-graph\">{\"@context\":\"https:\\\/\\\/schema.org\",\"@graph\":[{\"@type\":\"Article\",\"@id\":\"https:\\\/\\\/aliancasocial.org\\\/mutirao-do-cadunico-beneficia-atendidos-da-casa-restaura-me-em-sao-paulo\\\/#article\",\"isPartOf\":{\"@id\":\"https:\\\/\\\/aliancasocial.org\\\/mutirao-do-cadunico-beneficia-atendidos-da-casa-restaura-me-em-sao-paulo\\\/\"},\"author\":{\"name\":\"Thyago Fran\u00e7a\",\"@id\":\"https:\\\/\\\/aliancasocial.org\\\/#\\\/schema\\\/person\\\/8f8ae145580ca7206a1f21a56814959a\"},\"headline\":\"Mutir\u00e3o do Cad\u00danico beneficia atendidos da Casa Restaura-me em S\u00e3o Paulo\",\"datePublished\":\"2023-02-02T12:11:19+00:00\",\"dateModified\":\"2024-04-11T14:02:17+00:00\",\"mainEntityOfPage\":{\"@id\":\"https:\\\/\\\/aliancasocial.org\\\/mutirao-do-cadunico-beneficia-atendidos-da-casa-restaura-me-em-sao-paulo\\\/\"},\"wordCount\":331,\"publisher\":{\"@id\":\"https:\\\/\\\/aliancasocial.org\\\/#organization\"},\"image\":{\"@id\":\"https:\\\/\\\/aliancasocial.org\\\/mutirao-do-cadunico-beneficia-atendidos-da-casa-restaura-me-em-sao-paulo\\\/#primaryimage\"},\"thumbnailUrl\":\"https:\\\/\\\/aliancasocial.org\\\/wp-content\\\/uploads\\\/2023\\\/02\\\/site.webp\",\"articleSection\":[\"Reabilita\u00e7\u00e3o\"],\"inLanguage\":\"en-US\"},{\"@type\":\"WebPage\",\"@id\":\"https:\\\/\\\/aliancasocial.org\\\/mutirao-do-cadunico-beneficia-atendidos-da-casa-restaura-me-em-sao-paulo\\\/\",\"url\":\"https:\\\/\\\/aliancasocial.org\\\/mutirao-do-cadunico-beneficia-atendidos-da-casa-restaura-me-em-sao-paulo\\\/\",\"name\":\"Mutir\u00e3o do Cad\u00danico beneficia atendidos da Casa Restaura-me em S\u00e3o Paulo - Alian\u00e7a de Miseric\u00f3rdia\",\"isPartOf\":{\"@id\":\"https:\\\/\\\/aliancasocial.org\\\/#website\"},\"primaryImageOfPage\":{\"@id\":\"https:\\\/\\\/aliancasocial.org\\\/mutirao-do-cadunico-beneficia-atendidos-da-casa-restaura-me-em-sao-paulo\\\/#primaryimage\"},\"image\":{\"@id\":\"https:\\\/\\\/aliancasocial.org\\\/mutirao-do-cadunico-beneficia-atendidos-da-casa-restaura-me-em-sao-paulo\\\/#primaryimage\"},\"thumbnailUrl\":\"https:\\\/\\\/aliancasocial.org\\\/wp-content\\\/uploads\\\/2023\\\/02\\\/site.webp\",\"datePublished\":\"2023-02-02T12:11:19+00:00\",\"dateModified\":\"2024-04-11T14:02:17+00:00\",\"description\":\"No dia 25 de janeiro, a Secretaria Municipal de Assist\u00eancia e Desenvolvimento Social (SMADS) de S\u00e3o Paulo, em parceira com a Casa Restaura-me, realizou o\",\"breadcrumb\":{\"@id\":\"https:\\\/\\\/aliancasocial.org\\\/mutirao-do-cadunico-beneficia-atendidos-da-casa-restaura-me-em-sao-paulo\\\/#breadcrumb\"},\"inLanguage\":\"en-US\",\"potentialAction\":[{\"@type\":\"ReadAction\",\"target\":[\"https:\\\/\\\/aliancasocial.org\\\/mutirao-do-cadunico-beneficia-atendidos-da-casa-restaura-me-em-sao-paulo\\\/\"]}]},{\"@type\":\"ImageObject\",\"inLanguage\":\"en-US\",\"@id\":\"https:\\\/\\\/aliancasocial.org\\\/mutirao-do-cadunico-beneficia-atendidos-da-casa-restaura-me-em-sao-paulo\\\/#primaryimage\",\"url\":\"https:\\\/\\\/aliancasocial.org\\\/wp-content\\\/uploads\\\/2023\\\/02\\\/site.webp\",\"contentUrl\":\"https:\\\/\\\/aliancasocial.org\\\/wp-content\\\/uploads\\\/2023\\\/02\\\/site.webp\",\"width\":976,\"height\":341},{\"@type\":\"BreadcrumbList\",\"@id\":\"https:\\\/\\\/aliancasocial.org\\\/mutirao-do-cadunico-beneficia-atendidos-da-casa-restaura-me-em-sao-paulo\\\/#breadcrumb\",\"itemListElement\":[{\"@type\":\"ListItem\",\"position\":1,\"name\":\"In\u00edcio\",\"item\":\"https:\\\/\\\/aliancasocial.org\\\/en\\\/\"},{\"@type\":\"ListItem\",\"position\":2,\"name\":\"Mutir\u00e3o do Cad\u00danico beneficia atendidos da Casa Restaura-me em S\u00e3o Paulo\"}]},{\"@type\":\"WebSite\",\"@id\":\"https:\\\/\\\/aliancasocial.org\\\/#website\",\"url\":\"https:\\\/\\\/aliancasocial.org\\\/\",\"name\":\"Alian\u00e7a de Miseric\u00f3rdia\",\"description\":\"Levando dignidade humana a todos os cantos do mundo\",\"publisher\":{\"@id\":\"https:\\\/\\\/aliancasocial.org\\\/#organization\"},\"potentialAction\":[{\"@type\":\"SearchAction\",\"target\":{\"@type\":\"EntryPoint\",\"urlTemplate\":\"https:\\\/\\\/aliancasocial.org\\\/?s={search_term_string}\"},\"query-input\":{\"@type\":\"PropertyValueSpecification\",\"valueRequired\":true,\"valueName\":\"search_term_string\"}}],\"inLanguage\":\"en-US\"},{\"@type\":\"Organization\",\"@id\":\"https:\\\/\\\/aliancasocial.org\\\/#organization\",\"name\":\"Alian\u00e7a de Miseric\u00f3rdia\",\"url\":\"https:\\\/\\\/aliancasocial.org\\\/\",\"logo\":{\"@type\":\"ImageObject\",\"inLanguage\":\"en-US\",\"@id\":\"https:\\\/\\\/aliancasocial.org\\\/#\\\/schema\\\/logo\\\/image\\\/\",\"url\":\"https:\\\/\\\/aliancasocial.org\\\/wp-content\\\/uploads\\\/2022\\\/07\\\/logo-alianca-marrom.svg\",\"contentUrl\":\"https:\\\/\\\/aliancasocial.org\\\/wp-content\\\/uploads\\\/2022\\\/07\\\/logo-alianca-marrom.svg\",\"width\":91,\"height\":33,\"caption\":\"Alian\u00e7a de Miseric\u00f3rdia\"},\"image\":{\"@id\":\"https:\\\/\\\/aliancasocial.org\\\/#\\\/schema\\\/logo\\\/image\\\/\"},\"sameAs\":[\"https:\\\/\\\/www.facebook.com\\\/iesmisericordia\\\/\",\"https:\\\/\\\/www.instagram.com\\\/aliancademisericordia\\\/\"]},{\"@type\":\"Person\",\"@id\":\"https:\\\/\\\/aliancasocial.org\\\/#\\\/schema\\\/person\\\/8f8ae145580ca7206a1f21a56814959a\",\"name\":\"Thyago Fran\u00e7a\",\"image\":{\"@type\":\"ImageObject\",\"inLanguage\":\"en-US\",\"@id\":\"https:\\\/\\\/secure.gravatar.com\\\/avatar\\\/4ad8f8c064c4e384fbf837e889f8f835f33194d182958150114e034bfa236622?s=96&d=mm&r=g\",\"url\":\"https:\\\/\\\/secure.gravatar.com\\\/avatar\\\/4ad8f8c064c4e384fbf837e889f8f835f33194d182958150114e034bfa236622?s=96&d=mm&r=g\",\"contentUrl\":\"https:\\\/\\\/secure.gravatar.com\\\/avatar\\\/4ad8f8c064c4e384fbf837e889f8f835f33194d182958150114e034bfa236622?s=96&d=mm&r=g\",\"caption\":\"Thyago Fran\u00e7a\"},\"sameAs\":[\"https:\\\/\\\/x.com\\\/thyago.f@aliancasocial.org\"],\"url\":\"https:\\\/\\\/aliancasocial.org\\\/en\\\/author\\\/thyagoalianca\\\/\"}]}<\/script>\n<!-- \/ Yoast SEO plugin. -->","yoast_head_json":{"title":"Mutir\u00e3o do Cad\u00danico beneficia atendidos da Casa Restaura-me em S\u00e3o Paulo - Alian\u00e7a de Miseric\u00f3rdia","description":"No dia 25 de janeiro, a Secretaria Municipal de Assist\u00eancia e Desenvolvimento Social (SMADS) de S\u00e3o Paulo, em parceira com a Casa Restaura-me, realizou o","robots":{"index":"index","follow":"follow","max-snippet":"max-snippet:-1","max-image-preview":"max-image-preview:large","max-video-preview":"max-video-preview:-1"},"canonical":"https:\/\/aliancasocial.org\/en\/mutirao-do-cadunico-beneficia-atendidos-da-casa-restaura-me-em-sao-paulo\/","og_locale":"en_US","og_type":"article","og_title":"Mutir\u00e3o do Cad\u00danico beneficia atendidos da Casa Restaura-me em S\u00e3o Paulo - Alian\u00e7a de Miseric\u00f3rdia","og_description":"No dia 25 de janeiro, a Secretaria Municipal de Assist\u00eancia e Desenvolvimento Social (SMADS) de S\u00e3o Paulo, em parceira com a Casa Restaura-me, realizou o","og_url":"https:\/\/aliancasocial.org\/en\/mutirao-do-cadunico-beneficia-atendidos-da-casa-restaura-me-em-sao-paulo\/","og_site_name":"Alian\u00e7a de Miseric\u00f3rdia","article_publisher":"https:\/\/www.facebook.com\/iesmisericordia\/","article_published_time":"2023-02-02T12:11:19+00:00","article_modified_time":"2024-04-11T14:02:17+00:00","og_image":[{"width":976,"height":341,"url":"https:\/\/aliancasocial.org\/wp-content\/uploads\/2023\/02\/site.webp","type":"image\/webp"}],"author":"Thyago Fran\u00e7a","twitter_card":"summary_large_image","twitter_creator":"@thyago.f@aliancasocial.org","twitter_misc":{"Written by":"Thyago Fran\u00e7a","Est. reading time":"2 minutes"},"schema":{"@context":"https:\/\/schema.org","@graph":[{"@type":"Article","@id":"https:\/\/aliancasocial.org\/mutirao-do-cadunico-beneficia-atendidos-da-casa-restaura-me-em-sao-paulo\/#article","isPartOf":{"@id":"https:\/\/aliancasocial.org\/mutirao-do-cadunico-beneficia-atendidos-da-casa-restaura-me-em-sao-paulo\/"},"author":{"name":"Thyago Fran\u00e7a","@id":"https:\/\/aliancasocial.org\/#\/schema\/person\/8f8ae145580ca7206a1f21a56814959a"},"headline":"Mutir\u00e3o do Cad\u00danico beneficia atendidos da Casa Restaura-me em S\u00e3o Paulo","datePublished":"2023-02-02T12:11:19+00:00","dateModified":"2024-04-11T14:02:17+00:00","mainEntityOfPage":{"@id":"https:\/\/aliancasocial.org\/mutirao-do-cadunico-beneficia-atendidos-da-casa-restaura-me-em-sao-paulo\/"},"wordCount":331,"publisher":{"@id":"https:\/\/aliancasocial.org\/#organization"},"image":{"@id":"https:\/\/aliancasocial.org\/mutirao-do-cadunico-beneficia-atendidos-da-casa-restaura-me-em-sao-paulo\/#primaryimage"},"thumbnailUrl":"https:\/\/aliancasocial.org\/wp-content\/uploads\/2023\/02\/site.webp","articleSection":["Reabilita\u00e7\u00e3o"],"inLanguage":"en-US"},{"@type":"WebPage","@id":"https:\/\/aliancasocial.org\/mutirao-do-cadunico-beneficia-atendidos-da-casa-restaura-me-em-sao-paulo\/","url":"https:\/\/aliancasocial.org\/mutirao-do-cadunico-beneficia-atendidos-da-casa-restaura-me-em-sao-paulo\/","name":"Mutir\u00e3o do Cad\u00danico beneficia atendidos da Casa Restaura-me em S\u00e3o Paulo - Alian\u00e7a de Miseric\u00f3rdia","isPartOf":{"@id":"https:\/\/aliancasocial.org\/#website"},"primaryImageOfPage":{"@id":"https:\/\/aliancasocial.org\/mutirao-do-cadunico-beneficia-atendidos-da-casa-restaura-me-em-sao-paulo\/#primaryimage"},"image":{"@id":"https:\/\/aliancasocial.org\/mutirao-do-cadunico-beneficia-atendidos-da-casa-restaura-me-em-sao-paulo\/#primaryimage"},"thumbnailUrl":"https:\/\/aliancasocial.org\/wp-content\/uploads\/2023\/02\/site.webp","datePublished":"2023-02-02T12:11:19+00:00","dateModified":"2024-04-11T14:02:17+00:00","description":"No dia 25 de janeiro, a Secretaria Municipal de Assist\u00eancia e Desenvolvimento Social (SMADS) de S\u00e3o Paulo, em parceira com a Casa Restaura-me, realizou o","breadcrumb":{"@id":"https:\/\/aliancasocial.org\/mutirao-do-cadunico-beneficia-atendidos-da-casa-restaura-me-em-sao-paulo\/#breadcrumb"},"inLanguage":"en-US","potentialAction":[{"@type":"ReadAction","target":["https:\/\/aliancasocial.org\/mutirao-do-cadunico-beneficia-atendidos-da-casa-restaura-me-em-sao-paulo\/"]}]},{"@type":"ImageObject","inLanguage":"en-US","@id":"https:\/\/aliancasocial.org\/mutirao-do-cadunico-beneficia-atendidos-da-casa-restaura-me-em-sao-paulo\/#primaryimage","url":"https:\/\/aliancasocial.org\/wp-content\/uploads\/2023\/02\/site.webp","contentUrl":"https:\/\/aliancasocial.org\/wp-content\/uploads\/2023\/02\/site.webp","width":976,"height":341},{"@type":"BreadcrumbList","@id":"https:\/\/aliancasocial.org\/mutirao-do-cadunico-beneficia-atendidos-da-casa-restaura-me-em-sao-paulo\/#breadcrumb","itemListElement":[{"@type":"ListItem","position":1,"name":"In\u00edcio","item":"https:\/\/aliancasocial.org\/en\/"},{"@type":"ListItem","position":2,"name":"Mutir\u00e3o do Cad\u00danico beneficia atendidos da Casa Restaura-me em S\u00e3o Paulo"}]},{"@type":"WebSite","@id":"https:\/\/aliancasocial.org\/#website","url":"https:\/\/aliancasocial.org\/","name":"Covenant of Mercy","description":"Bringing human dignity to every corner of the world","publisher":{"@id":"https:\/\/aliancasocial.org\/#organization"},"potentialAction":[{"@type":"SearchAction","target":{"@type":"EntryPoint","urlTemplate":"https:\/\/aliancasocial.org\/?s={search_term_string}"},"query-input":{"@type":"PropertyValueSpecification","valueRequired":true,"valueName":"search_term_string"}}],"inLanguage":"en-US"},{"@type":"Organization","@id":"https:\/\/aliancasocial.org\/#organization","name":"Covenant of Mercy","url":"https:\/\/aliancasocial.org\/","logo":{"@type":"ImageObject","inLanguage":"en-US","@id":"https:\/\/aliancasocial.org\/#\/schema\/logo\/image\/","url":"https:\/\/aliancasocial.org\/wp-content\/uploads\/2022\/07\/logo-alianca-marrom.svg","contentUrl":"https:\/\/aliancasocial.org\/wp-content\/uploads\/2022\/07\/logo-alianca-marrom.svg","width":91,"height":33,"caption":"Alian\u00e7a de Miseric\u00f3rdia"},"image":{"@id":"https:\/\/aliancasocial.org\/#\/schema\/logo\/image\/"},"sameAs":["https:\/\/www.facebook.com\/iesmisericordia\/","https:\/\/www.instagram.com\/aliancademisericordia\/"]},{"@type":"Person","@id":"https:\/\/aliancasocial.org\/#\/schema\/person\/8f8ae145580ca7206a1f21a56814959a","name":"Thyago France","image":{"@type":"ImageObject","inLanguage":"en-US","@id":"https:\/\/secure.gravatar.com\/avatar\/4ad8f8c064c4e384fbf837e889f8f835f33194d182958150114e034bfa236622?s=96&d=mm&r=g","url":"https:\/\/secure.gravatar.com\/avatar\/4ad8f8c064c4e384fbf837e889f8f835f33194d182958150114e034bfa236622?s=96&d=mm&r=g","contentUrl":"https:\/\/secure.gravatar.com\/avatar\/4ad8f8c064c4e384fbf837e889f8f835f33194d182958150114e034bfa236622?s=96&d=mm&r=g","caption":"Thyago Fran\u00e7a"},"sameAs":["https:\/\/x.com\/thyago.f@aliancasocial.org"],"url":"https:\/\/aliancasocial.org\/en\/author\/thyagoalianca\/"}]}},"_links":{"self":[{"href":"https:\/\/aliancasocial.org\/en\/wp-json\/wp\/v2\/posts\/10431","targetHints":{"allow":["GET"]}}],"collection":[{"href":"https:\/\/aliancasocial.org\/en\/wp-json\/wp\/v2\/posts"}],"about":[{"href":"https:\/\/aliancasocial.org\/en\/wp-json\/wp\/v2\/types\/post"}],"author":[{"embeddable":true,"href":"https:\/\/aliancasocial.org\/en\/wp-json\/wp\/v2\/users\/3"}],"replies":[{"embeddable":true,"href":"https:\/\/aliancasocial.org\/en\/wp-json\/wp\/v2\/comments?post=10431"}],"version-history":[{"count":0,"href":"https:\/\/aliancasocial.org\/en\/wp-json\/wp\/v2\/posts\/10431\/revisions"}],"wp:featuredmedia":[{"embeddable":true,"href":"https:\/\/aliancasocial.org\/en\/wp-json\/wp\/v2\/media\/10432"}],"wp:attachment":[{"href":"https:\/\/aliancasocial.org\/en\/wp-json\/wp\/v2\/media?parent=10431"}],"wp:term":[{"taxonomy":"category","embeddable":true,"href":"https:\/\/aliancasocial.org\/en\/wp-json\/wp\/v2\/categories?post=10431"},{"taxonomy":"post_tag","embeddable":true,"href":"https:\/\/aliancasocial.org\/en\/wp-json\/wp\/v2\/tags?post=10431"},{"taxonomy":"destaques","embeddable":true,"href":"https:\/\/aliancasocial.org\/en\/wp-json\/wp\/v2\/destaques?post=10431"}],"curies":[{"name":"wp","href":"https:\/\/api.w.org\/{rel}","templated":true}]}}