{"id":10894,"date":"2023-12-06T10:14:57","date_gmt":"2023-12-06T13:14:57","guid":{"rendered":"https:\/\/aliancasocial.org\/?p=10894"},"modified":"2024-04-11T11:00:01","modified_gmt":"2024-04-11T14:00:01","slug":"imposto-de-renda-consciente-contribuicao-que-transforma-vidas","status":"publish","type":"post","link":"https:\/\/aliancasocial.org\/en\/imposto-de-renda-consciente-contribuicao-que-transforma-vidas\/","title":{"rendered":"Conscious Income Tax: Contribution That Transforms Lives"},"content":{"rendered":"<p>Brazil, with its more than 11 thousand favelas and around 16 million people living in them, faces complex challenges, especially in the most vulnerable areas of large cities. But did you know that companies that calculate Income Tax based on real profit have the chance to direct up to 1% of the amount owed to social causes? This gesture not only alleviates the tax burden, but also translates into quality education, development opportunities and hope for those who need it most.<\/p>\n\n\n\n<p>This is why the Alliance of Mercy highlights the importance of <a href=\"https:\/\/www.gov.br\/receitafederal\/pt-br\/acesso-a-informacao\/acoes-e-programas\/cidadania-fiscal\/destinacao-irpf\">Conscious Income Tax<\/a> as a powerful tool for social transformation, because, while many see tax declaration as a fiscal obligation, we see it as a unique opportunity to promote a positive impact on the community. And you can be part of this initiative by collaborating with the 2024 actions, choosing right now where your IR should go.<\/p>\n\n\n\n<p>In this context, the Alliance presents the project <a href=\"http:\/\/aliancasocial.org\/wp-content\/uploads\/2023\/07\/Relatorio_de_Atividades_2022_2023.pdf\">Early Childhood Education Center (CEI) S\u00e3o Miguel Arcanjo<\/a>, an initiative that has been transforming reality in Favela do Moinho, in the center of S\u00e3o Paulo, for a decade. This space offers quality education to 100 children aged 0 to 5 in situations of risk and social vulnerability, providing enriching learning, awakening interest in reading and guaranteeing access to the processes of appropriation, renewal and articulation of knowledge.<\/p>\n\n\n\n<p>In Favela do Moinho, where more than 40% of households have an income of less than two minimum wages and less than 40% have reached secondary and primary education, CEI S\u00e3o Miguel becomes a vital differentiator. Having resisted for more than three decades and surviving two fires, the region is home to more than 5 thousand people, with 51% of households depending on income transfer programs.<\/p>\n\n\n\n<p><strong>IR Consciente Seal: How can I collaborate?<\/strong><\/p>\n\n\n\n<p>By choosing Alian\u00e7a de Miseric\u00f3rdia as a destination to direct up to 1% of Income Tax due, companies not only fulfill their fiscal responsibilities, but also become agents of change in a community like Moinho, which needs it so much.<\/p>\n\n\n\n<p>The process is simple: companies with real profit can contact us by email <a href=\"mailto:institucional@aliancasocial.org\">institucional@aliancasocial.org<\/a> to learn more about how to contribute and the tax benefits involved.<\/p>\n\n\n\n<p>By joining this initiative, companies have the opportunity to earn the IR Consciente Seal, as well as their Corporate Social Responsibility. This is not just recognition, but an affirmation of the company&#039;s commitment to social responsibility, positively differentiating it in the market.<\/p>\n\n\n\n<p>The Alian\u00e7a de Miseric\u00f3rdia highlights that this contribution goes beyond the fiscal aspect. Companies become an active part in eradicating poverty, promoting quality education and reducing inequalities, directly contributing to the sustainable development of the local community.<\/p>\n\n\n\n<p><strong>Invest in the Future: Be Part of the Change<\/strong> By choosing Alian\u00e7a de Miseric\u00f3rdia as their Income Tax destination, companies are not just investing in a project; they are investing in the future of children and families who yearn for opportunity. Join us on this journey of hope and build a better future for everyone!<\/p>","protected":false},"excerpt":{"rendered":"<p>O Brasil, com suas mais de 11 mil favelas e cerca de 16 milh\u00f5es de pessoas vivendo nelas, enfrenta desafios complexos, principalmente nas \u00e1reas mais vulner\u00e1veis das grandes cidades. Mas voc\u00ea sabia que empresas que apuram o Imposto de Renda com base no lucro real t\u00eam a chance de direcionar at\u00e9 1% do valor devido [&hellip;]<\/p>\n","protected":false},"author":3,"featured_media":10893,"comment_status":"closed","ping_status":"closed","sticky":false,"template":"","format":"standard","meta":{"footnotes":""},"categories":[49],"tags":[],"destaques":[],"class_list":["post-10894","post","type-post","status-publish","format-standard","has-post-thumbnail","hentry","category-campanhas"],"yoast_head":"<!-- This site is optimized with the Yoast SEO plugin v27.5 - https:\/\/yoast.com\/product\/yoast-seo-wordpress\/ -->\n<title>Imposto de Renda Consciente: Contribui\u00e7\u00e3o Que Transforma Vidas - Alian\u00e7a de Miseric\u00f3rdia<\/title>\n<meta name=\"description\" content=\"Imposto de Renda Consciente: Contribui\u00e7\u00e3o Que Transforma Vidas\" \/>\n<meta name=\"robots\" content=\"index, follow, max-snippet:-1, max-image-preview:large, max-video-preview:-1\" \/>\n<link rel=\"canonical\" href=\"https:\/\/aliancasocial.org\/en\/imposto-de-renda-consciente-contribuicao-que-transforma-vidas\/\" \/>\n<meta property=\"og:locale\" content=\"en_US\" \/>\n<meta property=\"og:type\" content=\"article\" \/>\n<meta property=\"og:title\" content=\"Imposto de Renda Consciente: Contribui\u00e7\u00e3o Que Transforma Vidas - Alian\u00e7a de Miseric\u00f3rdia\" \/>\n<meta property=\"og:description\" content=\"Imposto de Renda Consciente: Contribui\u00e7\u00e3o Que Transforma Vidas\" \/>\n<meta property=\"og:url\" content=\"https:\/\/aliancasocial.org\/en\/imposto-de-renda-consciente-contribuicao-que-transforma-vidas\/\" \/>\n<meta property=\"og:site_name\" content=\"Alian\u00e7a de Miseric\u00f3rdia\" \/>\n<meta property=\"article:publisher\" content=\"https:\/\/www.facebook.com\/iesmisericordia\/\" \/>\n<meta property=\"article:published_time\" content=\"2023-12-06T13:14:57+00:00\" \/>\n<meta property=\"article:modified_time\" content=\"2024-04-11T14:00:01+00:00\" \/>\n<meta property=\"og:image\" content=\"https:\/\/aliancasocial.org\/wp-content\/uploads\/2023\/08\/CARD-NOVIDADE-LANCAMENTO-SELO.png\" \/>\n\t<meta property=\"og:image:width\" content=\"1000\" \/>\n\t<meta property=\"og:image:height\" content=\"560\" \/>\n\t<meta property=\"og:image:type\" content=\"image\/png\" \/>\n<meta name=\"author\" content=\"Thyago Fran\u00e7a\" \/>\n<meta name=\"twitter:card\" content=\"summary_large_image\" \/>\n<meta name=\"twitter:creator\" content=\"@thyago.f@aliancasocial.org\" \/>\n<meta name=\"twitter:label1\" content=\"Written by\" \/>\n\t<meta name=\"twitter:data1\" content=\"Thyago Fran\u00e7a\" \/>\n\t<meta name=\"twitter:label2\" content=\"Est. reading time\" \/>\n\t<meta name=\"twitter:data2\" content=\"4 minutes\" \/>\n<script type=\"application\/ld+json\" class=\"yoast-schema-graph\">{\"@context\":\"https:\\\/\\\/schema.org\",\"@graph\":[{\"@type\":\"Article\",\"@id\":\"https:\\\/\\\/aliancasocial.org\\\/en\\\/imposto-de-renda-consciente-contribuicao-que-transforma-vidas\\\/#article\",\"isPartOf\":{\"@id\":\"https:\\\/\\\/aliancasocial.org\\\/en\\\/imposto-de-renda-consciente-contribuicao-que-transforma-vidas\\\/\"},\"author\":{\"name\":\"Thyago Fran\u00e7a\",\"@id\":\"https:\\\/\\\/aliancasocial.org\\\/#\\\/schema\\\/person\\\/8f8ae145580ca7206a1f21a56814959a\"},\"headline\":\"Imposto de Renda Consciente: Contribui\u00e7\u00e3o Que Transforma Vidas\",\"datePublished\":\"2023-12-06T13:14:57+00:00\",\"dateModified\":\"2024-04-11T14:00:01+00:00\",\"mainEntityOfPage\":{\"@id\":\"https:\\\/\\\/aliancasocial.org\\\/en\\\/imposto-de-renda-consciente-contribuicao-que-transforma-vidas\\\/\"},\"wordCount\":577,\"publisher\":{\"@id\":\"https:\\\/\\\/aliancasocial.org\\\/#organization\"},\"image\":{\"@id\":\"https:\\\/\\\/aliancasocial.org\\\/en\\\/imposto-de-renda-consciente-contribuicao-que-transforma-vidas\\\/#primaryimage\"},\"thumbnailUrl\":\"https:\\\/\\\/aliancasocial.org\\\/wp-content\\\/uploads\\\/2023\\\/08\\\/CARD-NOVIDADE-LANCAMENTO-SELO.png\",\"articleSection\":[\"Campanhas\"],\"inLanguage\":\"en-US\"},{\"@type\":\"WebPage\",\"@id\":\"https:\\\/\\\/aliancasocial.org\\\/en\\\/imposto-de-renda-consciente-contribuicao-que-transforma-vidas\\\/\",\"url\":\"https:\\\/\\\/aliancasocial.org\\\/en\\\/imposto-de-renda-consciente-contribuicao-que-transforma-vidas\\\/\",\"name\":\"Imposto de Renda Consciente: Contribui\u00e7\u00e3o Que Transforma Vidas - Alian\u00e7a de Miseric\u00f3rdia\",\"isPartOf\":{\"@id\":\"https:\\\/\\\/aliancasocial.org\\\/#website\"},\"primaryImageOfPage\":{\"@id\":\"https:\\\/\\\/aliancasocial.org\\\/en\\\/imposto-de-renda-consciente-contribuicao-que-transforma-vidas\\\/#primaryimage\"},\"image\":{\"@id\":\"https:\\\/\\\/aliancasocial.org\\\/en\\\/imposto-de-renda-consciente-contribuicao-que-transforma-vidas\\\/#primaryimage\"},\"thumbnailUrl\":\"https:\\\/\\\/aliancasocial.org\\\/wp-content\\\/uploads\\\/2023\\\/08\\\/CARD-NOVIDADE-LANCAMENTO-SELO.png\",\"datePublished\":\"2023-12-06T13:14:57+00:00\",\"dateModified\":\"2024-04-11T14:00:01+00:00\",\"description\":\"Imposto de Renda Consciente: Contribui\u00e7\u00e3o Que Transforma Vidas\",\"breadcrumb\":{\"@id\":\"https:\\\/\\\/aliancasocial.org\\\/en\\\/imposto-de-renda-consciente-contribuicao-que-transforma-vidas\\\/#breadcrumb\"},\"inLanguage\":\"en-US\",\"potentialAction\":[{\"@type\":\"ReadAction\",\"target\":[\"https:\\\/\\\/aliancasocial.org\\\/en\\\/imposto-de-renda-consciente-contribuicao-que-transforma-vidas\\\/\"]}]},{\"@type\":\"ImageObject\",\"inLanguage\":\"en-US\",\"@id\":\"https:\\\/\\\/aliancasocial.org\\\/en\\\/imposto-de-renda-consciente-contribuicao-que-transforma-vidas\\\/#primaryimage\",\"url\":\"https:\\\/\\\/aliancasocial.org\\\/wp-content\\\/uploads\\\/2023\\\/08\\\/CARD-NOVIDADE-LANCAMENTO-SELO.png\",\"contentUrl\":\"https:\\\/\\\/aliancasocial.org\\\/wp-content\\\/uploads\\\/2023\\\/08\\\/CARD-NOVIDADE-LANCAMENTO-SELO.png\",\"width\":1000,\"height\":560},{\"@type\":\"BreadcrumbList\",\"@id\":\"https:\\\/\\\/aliancasocial.org\\\/en\\\/imposto-de-renda-consciente-contribuicao-que-transforma-vidas\\\/#breadcrumb\",\"itemListElement\":[{\"@type\":\"ListItem\",\"position\":1,\"name\":\"In\u00edcio\",\"item\":\"https:\\\/\\\/aliancasocial.org\\\/en\\\/\"},{\"@type\":\"ListItem\",\"position\":2,\"name\":\"Imposto de Renda Consciente: Contribui\u00e7\u00e3o Que Transforma Vidas\"}]},{\"@type\":\"WebSite\",\"@id\":\"https:\\\/\\\/aliancasocial.org\\\/#website\",\"url\":\"https:\\\/\\\/aliancasocial.org\\\/\",\"name\":\"Alian\u00e7a de Miseric\u00f3rdia\",\"description\":\"Levando dignidade humana a todos os cantos do mundo\",\"publisher\":{\"@id\":\"https:\\\/\\\/aliancasocial.org\\\/#organization\"},\"potentialAction\":[{\"@type\":\"SearchAction\",\"target\":{\"@type\":\"EntryPoint\",\"urlTemplate\":\"https:\\\/\\\/aliancasocial.org\\\/?s={search_term_string}\"},\"query-input\":{\"@type\":\"PropertyValueSpecification\",\"valueRequired\":true,\"valueName\":\"search_term_string\"}}],\"inLanguage\":\"en-US\"},{\"@type\":\"Organization\",\"@id\":\"https:\\\/\\\/aliancasocial.org\\\/#organization\",\"name\":\"Alian\u00e7a de Miseric\u00f3rdia\",\"url\":\"https:\\\/\\\/aliancasocial.org\\\/\",\"logo\":{\"@type\":\"ImageObject\",\"inLanguage\":\"en-US\",\"@id\":\"https:\\\/\\\/aliancasocial.org\\\/#\\\/schema\\\/logo\\\/image\\\/\",\"url\":\"https:\\\/\\\/aliancasocial.org\\\/wp-content\\\/uploads\\\/2022\\\/07\\\/logo-alianca-marrom.svg\",\"contentUrl\":\"https:\\\/\\\/aliancasocial.org\\\/wp-content\\\/uploads\\\/2022\\\/07\\\/logo-alianca-marrom.svg\",\"width\":91,\"height\":33,\"caption\":\"Alian\u00e7a de Miseric\u00f3rdia\"},\"image\":{\"@id\":\"https:\\\/\\\/aliancasocial.org\\\/#\\\/schema\\\/logo\\\/image\\\/\"},\"sameAs\":[\"https:\\\/\\\/www.facebook.com\\\/iesmisericordia\\\/\",\"https:\\\/\\\/www.instagram.com\\\/aliancademisericordia\\\/\"]},{\"@type\":\"Person\",\"@id\":\"https:\\\/\\\/aliancasocial.org\\\/#\\\/schema\\\/person\\\/8f8ae145580ca7206a1f21a56814959a\",\"name\":\"Thyago Fran\u00e7a\",\"image\":{\"@type\":\"ImageObject\",\"inLanguage\":\"en-US\",\"@id\":\"https:\\\/\\\/secure.gravatar.com\\\/avatar\\\/4ad8f8c064c4e384fbf837e889f8f835f33194d182958150114e034bfa236622?s=96&d=mm&r=g\",\"url\":\"https:\\\/\\\/secure.gravatar.com\\\/avatar\\\/4ad8f8c064c4e384fbf837e889f8f835f33194d182958150114e034bfa236622?s=96&d=mm&r=g\",\"contentUrl\":\"https:\\\/\\\/secure.gravatar.com\\\/avatar\\\/4ad8f8c064c4e384fbf837e889f8f835f33194d182958150114e034bfa236622?s=96&d=mm&r=g\",\"caption\":\"Thyago Fran\u00e7a\"},\"sameAs\":[\"https:\\\/\\\/x.com\\\/thyago.f@aliancasocial.org\"],\"url\":\"https:\\\/\\\/aliancasocial.org\\\/en\\\/author\\\/thyagoalianca\\\/\"}]}<\/script>\n<!-- \/ Yoast SEO plugin. -->","yoast_head_json":{"title":"Imposto de Renda Consciente: Contribui\u00e7\u00e3o Que Transforma Vidas - Alian\u00e7a de Miseric\u00f3rdia","description":"Conscious Income Tax: Contribution That Transforms Lives","robots":{"index":"index","follow":"follow","max-snippet":"max-snippet:-1","max-image-preview":"max-image-preview:large","max-video-preview":"max-video-preview:-1"},"canonical":"https:\/\/aliancasocial.org\/en\/imposto-de-renda-consciente-contribuicao-que-transforma-vidas\/","og_locale":"en_US","og_type":"article","og_title":"Imposto de Renda Consciente: Contribui\u00e7\u00e3o Que Transforma Vidas - Alian\u00e7a de Miseric\u00f3rdia","og_description":"Imposto de Renda Consciente: Contribui\u00e7\u00e3o Que Transforma Vidas","og_url":"https:\/\/aliancasocial.org\/en\/imposto-de-renda-consciente-contribuicao-que-transforma-vidas\/","og_site_name":"Alian\u00e7a de Miseric\u00f3rdia","article_publisher":"https:\/\/www.facebook.com\/iesmisericordia\/","article_published_time":"2023-12-06T13:14:57+00:00","article_modified_time":"2024-04-11T14:00:01+00:00","og_image":[{"width":1000,"height":560,"url":"https:\/\/aliancasocial.org\/wp-content\/uploads\/2023\/08\/CARD-NOVIDADE-LANCAMENTO-SELO.png","type":"image\/png"}],"author":"Thyago Fran\u00e7a","twitter_card":"summary_large_image","twitter_creator":"@thyago.f@aliancasocial.org","twitter_misc":{"Written by":"Thyago Fran\u00e7a","Est. reading time":"4 minutes"},"schema":{"@context":"https:\/\/schema.org","@graph":[{"@type":"Article","@id":"https:\/\/aliancasocial.org\/en\/imposto-de-renda-consciente-contribuicao-que-transforma-vidas\/#article","isPartOf":{"@id":"https:\/\/aliancasocial.org\/en\/imposto-de-renda-consciente-contribuicao-que-transforma-vidas\/"},"author":{"name":"Thyago Fran\u00e7a","@id":"https:\/\/aliancasocial.org\/#\/schema\/person\/8f8ae145580ca7206a1f21a56814959a"},"headline":"Imposto de Renda Consciente: Contribui\u00e7\u00e3o Que Transforma Vidas","datePublished":"2023-12-06T13:14:57+00:00","dateModified":"2024-04-11T14:00:01+00:00","mainEntityOfPage":{"@id":"https:\/\/aliancasocial.org\/en\/imposto-de-renda-consciente-contribuicao-que-transforma-vidas\/"},"wordCount":577,"publisher":{"@id":"https:\/\/aliancasocial.org\/#organization"},"image":{"@id":"https:\/\/aliancasocial.org\/en\/imposto-de-renda-consciente-contribuicao-que-transforma-vidas\/#primaryimage"},"thumbnailUrl":"https:\/\/aliancasocial.org\/wp-content\/uploads\/2023\/08\/CARD-NOVIDADE-LANCAMENTO-SELO.png","articleSection":["Campanhas"],"inLanguage":"en-US"},{"@type":"WebPage","@id":"https:\/\/aliancasocial.org\/en\/imposto-de-renda-consciente-contribuicao-que-transforma-vidas\/","url":"https:\/\/aliancasocial.org\/en\/imposto-de-renda-consciente-contribuicao-que-transforma-vidas\/","name":"Imposto de Renda Consciente: Contribui\u00e7\u00e3o Que Transforma Vidas - Alian\u00e7a de Miseric\u00f3rdia","isPartOf":{"@id":"https:\/\/aliancasocial.org\/#website"},"primaryImageOfPage":{"@id":"https:\/\/aliancasocial.org\/en\/imposto-de-renda-consciente-contribuicao-que-transforma-vidas\/#primaryimage"},"image":{"@id":"https:\/\/aliancasocial.org\/en\/imposto-de-renda-consciente-contribuicao-que-transforma-vidas\/#primaryimage"},"thumbnailUrl":"https:\/\/aliancasocial.org\/wp-content\/uploads\/2023\/08\/CARD-NOVIDADE-LANCAMENTO-SELO.png","datePublished":"2023-12-06T13:14:57+00:00","dateModified":"2024-04-11T14:00:01+00:00","description":"Conscious Income Tax: Contribution That Transforms Lives","breadcrumb":{"@id":"https:\/\/aliancasocial.org\/en\/imposto-de-renda-consciente-contribuicao-que-transforma-vidas\/#breadcrumb"},"inLanguage":"en-US","potentialAction":[{"@type":"ReadAction","target":["https:\/\/aliancasocial.org\/en\/imposto-de-renda-consciente-contribuicao-que-transforma-vidas\/"]}]},{"@type":"ImageObject","inLanguage":"en-US","@id":"https:\/\/aliancasocial.org\/en\/imposto-de-renda-consciente-contribuicao-que-transforma-vidas\/#primaryimage","url":"https:\/\/aliancasocial.org\/wp-content\/uploads\/2023\/08\/CARD-NOVIDADE-LANCAMENTO-SELO.png","contentUrl":"https:\/\/aliancasocial.org\/wp-content\/uploads\/2023\/08\/CARD-NOVIDADE-LANCAMENTO-SELO.png","width":1000,"height":560},{"@type":"BreadcrumbList","@id":"https:\/\/aliancasocial.org\/en\/imposto-de-renda-consciente-contribuicao-que-transforma-vidas\/#breadcrumb","itemListElement":[{"@type":"ListItem","position":1,"name":"In\u00edcio","item":"https:\/\/aliancasocial.org\/en\/"},{"@type":"ListItem","position":2,"name":"Imposto de Renda Consciente: Contribui\u00e7\u00e3o Que Transforma Vidas"}]},{"@type":"WebSite","@id":"https:\/\/aliancasocial.org\/#website","url":"https:\/\/aliancasocial.org\/","name":"Covenant of Mercy","description":"Bringing human dignity to every corner of the world","publisher":{"@id":"https:\/\/aliancasocial.org\/#organization"},"potentialAction":[{"@type":"SearchAction","target":{"@type":"EntryPoint","urlTemplate":"https:\/\/aliancasocial.org\/?s={search_term_string}"},"query-input":{"@type":"PropertyValueSpecification","valueRequired":true,"valueName":"search_term_string"}}],"inLanguage":"en-US"},{"@type":"Organization","@id":"https:\/\/aliancasocial.org\/#organization","name":"Covenant of Mercy","url":"https:\/\/aliancasocial.org\/","logo":{"@type":"ImageObject","inLanguage":"en-US","@id":"https:\/\/aliancasocial.org\/#\/schema\/logo\/image\/","url":"https:\/\/aliancasocial.org\/wp-content\/uploads\/2022\/07\/logo-alianca-marrom.svg","contentUrl":"https:\/\/aliancasocial.org\/wp-content\/uploads\/2022\/07\/logo-alianca-marrom.svg","width":91,"height":33,"caption":"Alian\u00e7a de Miseric\u00f3rdia"},"image":{"@id":"https:\/\/aliancasocial.org\/#\/schema\/logo\/image\/"},"sameAs":["https:\/\/www.facebook.com\/iesmisericordia\/","https:\/\/www.instagram.com\/aliancademisericordia\/"]},{"@type":"Person","@id":"https:\/\/aliancasocial.org\/#\/schema\/person\/8f8ae145580ca7206a1f21a56814959a","name":"Thyago France","image":{"@type":"ImageObject","inLanguage":"en-US","@id":"https:\/\/secure.gravatar.com\/avatar\/4ad8f8c064c4e384fbf837e889f8f835f33194d182958150114e034bfa236622?s=96&d=mm&r=g","url":"https:\/\/secure.gravatar.com\/avatar\/4ad8f8c064c4e384fbf837e889f8f835f33194d182958150114e034bfa236622?s=96&d=mm&r=g","contentUrl":"https:\/\/secure.gravatar.com\/avatar\/4ad8f8c064c4e384fbf837e889f8f835f33194d182958150114e034bfa236622?s=96&d=mm&r=g","caption":"Thyago Fran\u00e7a"},"sameAs":["https:\/\/x.com\/thyago.f@aliancasocial.org"],"url":"https:\/\/aliancasocial.org\/en\/author\/thyagoalianca\/"}]}},"_links":{"self":[{"href":"https:\/\/aliancasocial.org\/en\/wp-json\/wp\/v2\/posts\/10894","targetHints":{"allow":["GET"]}}],"collection":[{"href":"https:\/\/aliancasocial.org\/en\/wp-json\/wp\/v2\/posts"}],"about":[{"href":"https:\/\/aliancasocial.org\/en\/wp-json\/wp\/v2\/types\/post"}],"author":[{"embeddable":true,"href":"https:\/\/aliancasocial.org\/en\/wp-json\/wp\/v2\/users\/3"}],"replies":[{"embeddable":true,"href":"https:\/\/aliancasocial.org\/en\/wp-json\/wp\/v2\/comments?post=10894"}],"version-history":[{"count":0,"href":"https:\/\/aliancasocial.org\/en\/wp-json\/wp\/v2\/posts\/10894\/revisions"}],"wp:featuredmedia":[{"embeddable":true,"href":"https:\/\/aliancasocial.org\/en\/wp-json\/wp\/v2\/media\/10893"}],"wp:attachment":[{"href":"https:\/\/aliancasocial.org\/en\/wp-json\/wp\/v2\/media?parent=10894"}],"wp:term":[{"taxonomy":"category","embeddable":true,"href":"https:\/\/aliancasocial.org\/en\/wp-json\/wp\/v2\/categories?post=10894"},{"taxonomy":"post_tag","embeddable":true,"href":"https:\/\/aliancasocial.org\/en\/wp-json\/wp\/v2\/tags?post=10894"},{"taxonomy":"destaques","embeddable":true,"href":"https:\/\/aliancasocial.org\/en\/wp-json\/wp\/v2\/destaques?post=10894"}],"curies":[{"name":"wp","href":"https:\/\/api.w.org\/{rel}","templated":true}]}}