{"id":10923,"date":"2024-02-27T13:53:50","date_gmt":"2024-02-27T16:53:50","guid":{"rendered":"https:\/\/aliancasocial.org\/?p=10923"},"modified":"2024-04-11T10:58:37","modified_gmt":"2024-04-11T13:58:37","slug":"azeite-allea-inspiracao-e-transformacao-social-em-barbacena","status":"publish","type":"post","link":"https:\/\/aliancasocial.org\/en\/azeite-allea-inspiracao-e-transformacao-social-em-barbacena\/","title":{"rendered":"ALLEA olive oil: inspiration and social transformation in Barbacena"},"content":{"rendered":"<div class=\"wp-block-columns is-layout-flex wp-container-core-columns-is-layout-28f84493 wp-block-columns-is-layout-flex\">\n<div class=\"wp-block-column is-layout-flow wp-block-column-is-layout-flow\">\n<figure class=\"wp-block-image size-full is-resized\"><img fetchpriority=\"high\" decoding=\"async\" width=\"253\" height=\"450\" src=\"http:\/\/aliancasocial.org\/wp-content\/uploads\/2024\/02\/azeitealleia.webp\" alt=\"\" class=\"wp-image-10924\" style=\"width:304px;height:auto\" srcset=\"https:\/\/aliancasocial.org\/wp-content\/uploads\/2024\/02\/azeitealleia.webp 253w, https:\/\/aliancasocial.org\/wp-content\/uploads\/2024\/02\/azeitealleia-169x300.webp 169w, https:\/\/aliancasocial.org\/wp-content\/uploads\/2024\/02\/azeitealleia-84x150.webp 84w, https:\/\/aliancasocial.org\/wp-content\/uploads\/2024\/02\/azeitealleia-7x12.webp 7w\" sizes=\"(max-width: 253px) 100vw, 253px\" \/><\/figure>\n<\/div>\n\n\n\n<div class=\"wp-block-column is-layout-flow wp-block-column-is-layout-flow\">\n<p>The Alliance of Mercy is proud to present the\u00a0<strong>ALLEA olive oil<\/strong>, a product that goes beyond a refined and unique flavor: it is a symbol of hope and opportunity for those who need it most. Produced in\u00a0<strong>Sacred Heart Shelter<\/strong>\u00a0of Jesus, in\u00a0<strong>Barbacena (MG)<\/strong>, ALLEA Olive Oil is the result of a project that directly benefits 32 homeless people.<\/p>\n\n\n\n<p>The Casa de Acolhida do Sagrado Cora\u00e7\u00e3o de Jesus is one of the 9 houses maintained by the Alliance, which seeks to offer welcome and opportunities for those who face adversities such as drug addiction, abandonment and social vulnerability. There, those welcomed follow a path of\u00a0<strong>personal reconstruction<\/strong>, through therapeutic, community and training activities, aiming at social reintegration and the recovery of self-esteem and personal values.<\/p>\n<\/div>\n<\/div>\n\n\n\n<p>ALLEA Olive Oil is the result of a long process of cultivation and care. With around 2 thousand olive trees cultivated in the region over eight years, the project reached its conclusion&nbsp;<strong>third harvest<\/strong>&nbsp;in 2024. The olives are harvested and sent to a nearby farm to extract the oil, with the active participation of employees and those hosted at Casa em Barbacena.<\/p>\n\n\n\n<p>However, keeping this project running requires investment. With an annual cost of approximately 43 thousand reais, Alian\u00e7a seeks to make the project\u00a0<strong>self-sustainable and generating employment opportunities<\/strong>\u00a0for those served. To do this, it counts on the help and support of the community.<\/p>\n\n\n\n<p><strong><a href=\"https:\/\/misericordia.com.br\/casa-de-acolhida-piracicaba-parte-de-nos\/\">+ Discover the work of Casas de Acolhida | Part of us<\/a><\/strong><\/p>\n\n\n\n<p>Those who wish to contribute to this project can become&nbsp;<strong>monthly godparents<\/strong>&nbsp;and win a&nbsp;<strong>exclusive bottle<\/strong>&nbsp;of ALLEA Olive Oil from the 2024 harvest. In addition to appreciating a product of exceptional quality, supporters will be promoting welcome and opportunities for homeless people! The&nbsp;<strong>50 first people to support the initiative<\/strong>&nbsp;with a monthly donation starting at R$100.00.<\/p>\n\n\n\n<p>More than a simple olive oil, ALLEA represents a commitment to social transformation and the construction of a fairer and more supportive world. Support this cause and make a difference in the lives of those who need it most!<\/p>\n\n\n\n<p>To become a monthly sponsor or for more information, contact <a href=\"tel:11995092097\">(11) 99509-2097<\/a>.<\/p>\n\n\n\n<p>Together we can make the difference!<\/p>\n\n\n\n<p>Find out more about the projects maintained by Alian\u00e7a de Miseric\u00f3rdia, visit&nbsp;<a href=\"https:\/\/aliancasocial.org\/en\/\">https:\/\/aliancasocial.org\/<\/a><\/p>","protected":false},"excerpt":{"rendered":"<p>A Alian\u00e7a de Miseric\u00f3rdia tem o orgulho de apresentar o\u00a0Azeite ALLEA, um produto que vai al\u00e9m do sabor refinado e \u00fanico: \u00e9 um s\u00edmbolo de esperan\u00e7a e oportunidade para aqueles que mais precisam. Produzido na\u00a0Casa de Acolhida do Sagrado Cora\u00e7\u00e3o\u00a0de Jesus, em\u00a0Barbacena (MG), o Azeite ALLEA \u00e9 fruto de um projeto que beneficia diretamente 32 [&hellip;]<\/p>\n","protected":false},"author":3,"featured_media":10931,"comment_status":"closed","ping_status":"closed","sticky":false,"template":"","format":"standard","meta":{"footnotes":""},"categories":[10],"tags":[],"destaques":[],"class_list":["post-10923","post","type-post","status-publish","format-standard","has-post-thumbnail","hentry","category-sustentabilidade"],"yoast_head":"<!-- This site is optimized with the Yoast SEO plugin v27.5 - https:\/\/yoast.com\/product\/yoast-seo-wordpress\/ -->\n<title>Azeite ALLEA: inspira\u00e7\u00e3o e transforma\u00e7\u00e3o social em Barbacena - Alian\u00e7a de Miseric\u00f3rdia<\/title>\n<meta name=\"description\" content=\"A Alian\u00e7a de Miseric\u00f3rdia tem o orgulho de apresentar o\u00a0Azeite ALLEA, um produto que vai al\u00e9m do sabor refinado e \u00fanico: \u00e9 um s\u00edmbolo de esperan\u00e7a e\" \/>\n<meta name=\"robots\" content=\"index, follow, max-snippet:-1, max-image-preview:large, max-video-preview:-1\" \/>\n<link rel=\"canonical\" href=\"https:\/\/aliancasocial.org\/en\/azeite-allea-inspiracao-e-transformacao-social-em-barbacena\/\" \/>\n<meta property=\"og:locale\" content=\"en_US\" \/>\n<meta property=\"og:type\" content=\"article\" \/>\n<meta property=\"og:title\" content=\"Azeite ALLEA: inspira\u00e7\u00e3o e transforma\u00e7\u00e3o social em Barbacena - Alian\u00e7a de Miseric\u00f3rdia\" \/>\n<meta property=\"og:description\" content=\"A Alian\u00e7a de Miseric\u00f3rdia tem o orgulho de apresentar o\u00a0Azeite ALLEA, um produto que vai al\u00e9m do sabor refinado e \u00fanico: \u00e9 um s\u00edmbolo de esperan\u00e7a e\" \/>\n<meta property=\"og:url\" content=\"https:\/\/aliancasocial.org\/en\/azeite-allea-inspiracao-e-transformacao-social-em-barbacena\/\" \/>\n<meta property=\"og:site_name\" content=\"Alian\u00e7a de Miseric\u00f3rdia\" \/>\n<meta property=\"article:publisher\" content=\"https:\/\/www.facebook.com\/iesmisericordia\/\" \/>\n<meta property=\"article:published_time\" content=\"2024-02-27T16:53:50+00:00\" \/>\n<meta property=\"article:modified_time\" content=\"2024-04-11T13:58:37+00:00\" \/>\n<meta property=\"og:image\" content=\"https:\/\/aliancasocial.org\/wp-content\/uploads\/2024\/02\/Azeite-Allea_2022-comp-scaled.webp\" \/>\n\t<meta property=\"og:image:width\" content=\"2560\" \/>\n\t<meta property=\"og:image:height\" content=\"1928\" \/>\n\t<meta property=\"og:image:type\" content=\"image\/webp\" \/>\n<meta name=\"author\" content=\"Thyago Fran\u00e7a\" \/>\n<meta name=\"twitter:card\" content=\"summary_large_image\" \/>\n<meta name=\"twitter:creator\" content=\"@thyago.f@aliancasocial.org\" \/>\n<meta name=\"twitter:label1\" content=\"Written by\" \/>\n\t<meta name=\"twitter:data1\" content=\"Thyago Fran\u00e7a\" \/>\n\t<meta name=\"twitter:label2\" content=\"Est. reading time\" \/>\n\t<meta name=\"twitter:data2\" content=\"3 minutes\" \/>\n<script type=\"application\/ld+json\" class=\"yoast-schema-graph\">{\"@context\":\"https:\\\/\\\/schema.org\",\"@graph\":[{\"@type\":\"Article\",\"@id\":\"https:\\\/\\\/aliancasocial.org\\\/azeite-allea-inspiracao-e-transformacao-social-em-barbacena\\\/#article\",\"isPartOf\":{\"@id\":\"https:\\\/\\\/aliancasocial.org\\\/azeite-allea-inspiracao-e-transformacao-social-em-barbacena\\\/\"},\"author\":{\"name\":\"Thyago Fran\u00e7a\",\"@id\":\"https:\\\/\\\/aliancasocial.org\\\/#\\\/schema\\\/person\\\/8f8ae145580ca7206a1f21a56814959a\"},\"headline\":\"Azeite ALLEA: inspira\u00e7\u00e3o e transforma\u00e7\u00e3o social em Barbacena\",\"datePublished\":\"2024-02-27T16:53:50+00:00\",\"dateModified\":\"2024-04-11T13:58:37+00:00\",\"mainEntityOfPage\":{\"@id\":\"https:\\\/\\\/aliancasocial.org\\\/azeite-allea-inspiracao-e-transformacao-social-em-barbacena\\\/\"},\"wordCount\":435,\"publisher\":{\"@id\":\"https:\\\/\\\/aliancasocial.org\\\/#organization\"},\"image\":{\"@id\":\"https:\\\/\\\/aliancasocial.org\\\/azeite-allea-inspiracao-e-transformacao-social-em-barbacena\\\/#primaryimage\"},\"thumbnailUrl\":\"https:\\\/\\\/aliancasocial.org\\\/wp-content\\\/uploads\\\/2024\\\/02\\\/Azeite-Allea_2022-comp-scaled.webp\",\"articleSection\":[\"Sustentabilidade\"],\"inLanguage\":\"en-US\"},{\"@type\":\"WebPage\",\"@id\":\"https:\\\/\\\/aliancasocial.org\\\/azeite-allea-inspiracao-e-transformacao-social-em-barbacena\\\/\",\"url\":\"https:\\\/\\\/aliancasocial.org\\\/azeite-allea-inspiracao-e-transformacao-social-em-barbacena\\\/\",\"name\":\"Azeite ALLEA: inspira\u00e7\u00e3o e transforma\u00e7\u00e3o social em Barbacena - Alian\u00e7a de Miseric\u00f3rdia\",\"isPartOf\":{\"@id\":\"https:\\\/\\\/aliancasocial.org\\\/#website\"},\"primaryImageOfPage\":{\"@id\":\"https:\\\/\\\/aliancasocial.org\\\/azeite-allea-inspiracao-e-transformacao-social-em-barbacena\\\/#primaryimage\"},\"image\":{\"@id\":\"https:\\\/\\\/aliancasocial.org\\\/azeite-allea-inspiracao-e-transformacao-social-em-barbacena\\\/#primaryimage\"},\"thumbnailUrl\":\"https:\\\/\\\/aliancasocial.org\\\/wp-content\\\/uploads\\\/2024\\\/02\\\/Azeite-Allea_2022-comp-scaled.webp\",\"datePublished\":\"2024-02-27T16:53:50+00:00\",\"dateModified\":\"2024-04-11T13:58:37+00:00\",\"description\":\"A Alian\u00e7a de Miseric\u00f3rdia tem o orgulho de apresentar o\u00a0Azeite ALLEA, um produto que vai al\u00e9m do sabor refinado e \u00fanico: \u00e9 um s\u00edmbolo de esperan\u00e7a e\",\"breadcrumb\":{\"@id\":\"https:\\\/\\\/aliancasocial.org\\\/azeite-allea-inspiracao-e-transformacao-social-em-barbacena\\\/#breadcrumb\"},\"inLanguage\":\"en-US\",\"potentialAction\":[{\"@type\":\"ReadAction\",\"target\":[\"https:\\\/\\\/aliancasocial.org\\\/azeite-allea-inspiracao-e-transformacao-social-em-barbacena\\\/\"]}]},{\"@type\":\"ImageObject\",\"inLanguage\":\"en-US\",\"@id\":\"https:\\\/\\\/aliancasocial.org\\\/azeite-allea-inspiracao-e-transformacao-social-em-barbacena\\\/#primaryimage\",\"url\":\"https:\\\/\\\/aliancasocial.org\\\/wp-content\\\/uploads\\\/2024\\\/02\\\/Azeite-Allea_2022-comp-scaled.webp\",\"contentUrl\":\"https:\\\/\\\/aliancasocial.org\\\/wp-content\\\/uploads\\\/2024\\\/02\\\/Azeite-Allea_2022-comp-scaled.webp\",\"width\":2560,\"height\":1928},{\"@type\":\"BreadcrumbList\",\"@id\":\"https:\\\/\\\/aliancasocial.org\\\/azeite-allea-inspiracao-e-transformacao-social-em-barbacena\\\/#breadcrumb\",\"itemListElement\":[{\"@type\":\"ListItem\",\"position\":1,\"name\":\"In\u00edcio\",\"item\":\"https:\\\/\\\/aliancasocial.org\\\/en\\\/\"},{\"@type\":\"ListItem\",\"position\":2,\"name\":\"Azeite ALLEA: inspira\u00e7\u00e3o e transforma\u00e7\u00e3o social em Barbacena\"}]},{\"@type\":\"WebSite\",\"@id\":\"https:\\\/\\\/aliancasocial.org\\\/#website\",\"url\":\"https:\\\/\\\/aliancasocial.org\\\/\",\"name\":\"Alian\u00e7a de Miseric\u00f3rdia\",\"description\":\"Levando dignidade humana a todos os cantos do mundo\",\"publisher\":{\"@id\":\"https:\\\/\\\/aliancasocial.org\\\/#organization\"},\"potentialAction\":[{\"@type\":\"SearchAction\",\"target\":{\"@type\":\"EntryPoint\",\"urlTemplate\":\"https:\\\/\\\/aliancasocial.org\\\/?s={search_term_string}\"},\"query-input\":{\"@type\":\"PropertyValueSpecification\",\"valueRequired\":true,\"valueName\":\"search_term_string\"}}],\"inLanguage\":\"en-US\"},{\"@type\":\"Organization\",\"@id\":\"https:\\\/\\\/aliancasocial.org\\\/#organization\",\"name\":\"Alian\u00e7a de Miseric\u00f3rdia\",\"url\":\"https:\\\/\\\/aliancasocial.org\\\/\",\"logo\":{\"@type\":\"ImageObject\",\"inLanguage\":\"en-US\",\"@id\":\"https:\\\/\\\/aliancasocial.org\\\/#\\\/schema\\\/logo\\\/image\\\/\",\"url\":\"https:\\\/\\\/aliancasocial.org\\\/wp-content\\\/uploads\\\/2022\\\/07\\\/logo-alianca-marrom.svg\",\"contentUrl\":\"https:\\\/\\\/aliancasocial.org\\\/wp-content\\\/uploads\\\/2022\\\/07\\\/logo-alianca-marrom.svg\",\"width\":91,\"height\":33,\"caption\":\"Alian\u00e7a de Miseric\u00f3rdia\"},\"image\":{\"@id\":\"https:\\\/\\\/aliancasocial.org\\\/#\\\/schema\\\/logo\\\/image\\\/\"},\"sameAs\":[\"https:\\\/\\\/www.facebook.com\\\/iesmisericordia\\\/\",\"https:\\\/\\\/www.instagram.com\\\/aliancademisericordia\\\/\"]},{\"@type\":\"Person\",\"@id\":\"https:\\\/\\\/aliancasocial.org\\\/#\\\/schema\\\/person\\\/8f8ae145580ca7206a1f21a56814959a\",\"name\":\"Thyago Fran\u00e7a\",\"image\":{\"@type\":\"ImageObject\",\"inLanguage\":\"en-US\",\"@id\":\"https:\\\/\\\/secure.gravatar.com\\\/avatar\\\/4ad8f8c064c4e384fbf837e889f8f835f33194d182958150114e034bfa236622?s=96&d=mm&r=g\",\"url\":\"https:\\\/\\\/secure.gravatar.com\\\/avatar\\\/4ad8f8c064c4e384fbf837e889f8f835f33194d182958150114e034bfa236622?s=96&d=mm&r=g\",\"contentUrl\":\"https:\\\/\\\/secure.gravatar.com\\\/avatar\\\/4ad8f8c064c4e384fbf837e889f8f835f33194d182958150114e034bfa236622?s=96&d=mm&r=g\",\"caption\":\"Thyago Fran\u00e7a\"},\"sameAs\":[\"https:\\\/\\\/x.com\\\/thyago.f@aliancasocial.org\"],\"url\":\"https:\\\/\\\/aliancasocial.org\\\/en\\\/author\\\/thyagoalianca\\\/\"}]}<\/script>\n<!-- \/ Yoast SEO plugin. -->","yoast_head_json":{"title":"ALLEA Olive Oil: inspiration and social transformation in Barbacena - Alliance of Mercy","description":"The Alliance of Mercy is proud to present ALLEA Olive Oil, a product that goes beyond its refined and unique flavor: it is a symbol of hope and","robots":{"index":"index","follow":"follow","max-snippet":"max-snippet:-1","max-image-preview":"max-image-preview:large","max-video-preview":"max-video-preview:-1"},"canonical":"https:\/\/aliancasocial.org\/en\/azeite-allea-inspiracao-e-transformacao-social-em-barbacena\/","og_locale":"en_US","og_type":"article","og_title":"Azeite ALLEA: inspira\u00e7\u00e3o e transforma\u00e7\u00e3o social em Barbacena - Alian\u00e7a de Miseric\u00f3rdia","og_description":"A Alian\u00e7a de Miseric\u00f3rdia tem o orgulho de apresentar o\u00a0Azeite ALLEA, um produto que vai al\u00e9m do sabor refinado e \u00fanico: \u00e9 um s\u00edmbolo de esperan\u00e7a e","og_url":"https:\/\/aliancasocial.org\/en\/azeite-allea-inspiracao-e-transformacao-social-em-barbacena\/","og_site_name":"Alian\u00e7a de Miseric\u00f3rdia","article_publisher":"https:\/\/www.facebook.com\/iesmisericordia\/","article_published_time":"2024-02-27T16:53:50+00:00","article_modified_time":"2024-04-11T13:58:37+00:00","og_image":[{"width":2560,"height":1928,"url":"https:\/\/aliancasocial.org\/wp-content\/uploads\/2024\/02\/Azeite-Allea_2022-comp-scaled.webp","type":"image\/webp"}],"author":"Thyago Fran\u00e7a","twitter_card":"summary_large_image","twitter_creator":"@thyago.f@aliancasocial.org","twitter_misc":{"Written by":"Thyago Fran\u00e7a","Est. reading time":"3 minutes"},"schema":{"@context":"https:\/\/schema.org","@graph":[{"@type":"Article","@id":"https:\/\/aliancasocial.org\/azeite-allea-inspiracao-e-transformacao-social-em-barbacena\/#article","isPartOf":{"@id":"https:\/\/aliancasocial.org\/azeite-allea-inspiracao-e-transformacao-social-em-barbacena\/"},"author":{"name":"Thyago Fran\u00e7a","@id":"https:\/\/aliancasocial.org\/#\/schema\/person\/8f8ae145580ca7206a1f21a56814959a"},"headline":"Azeite ALLEA: inspira\u00e7\u00e3o e transforma\u00e7\u00e3o social em Barbacena","datePublished":"2024-02-27T16:53:50+00:00","dateModified":"2024-04-11T13:58:37+00:00","mainEntityOfPage":{"@id":"https:\/\/aliancasocial.org\/azeite-allea-inspiracao-e-transformacao-social-em-barbacena\/"},"wordCount":435,"publisher":{"@id":"https:\/\/aliancasocial.org\/#organization"},"image":{"@id":"https:\/\/aliancasocial.org\/azeite-allea-inspiracao-e-transformacao-social-em-barbacena\/#primaryimage"},"thumbnailUrl":"https:\/\/aliancasocial.org\/wp-content\/uploads\/2024\/02\/Azeite-Allea_2022-comp-scaled.webp","articleSection":["Sustentabilidade"],"inLanguage":"en-US"},{"@type":"WebPage","@id":"https:\/\/aliancasocial.org\/azeite-allea-inspiracao-e-transformacao-social-em-barbacena\/","url":"https:\/\/aliancasocial.org\/azeite-allea-inspiracao-e-transformacao-social-em-barbacena\/","name":"ALLEA Olive Oil: inspiration and social transformation in Barbacena - Alliance of Mercy","isPartOf":{"@id":"https:\/\/aliancasocial.org\/#website"},"primaryImageOfPage":{"@id":"https:\/\/aliancasocial.org\/azeite-allea-inspiracao-e-transformacao-social-em-barbacena\/#primaryimage"},"image":{"@id":"https:\/\/aliancasocial.org\/azeite-allea-inspiracao-e-transformacao-social-em-barbacena\/#primaryimage"},"thumbnailUrl":"https:\/\/aliancasocial.org\/wp-content\/uploads\/2024\/02\/Azeite-Allea_2022-comp-scaled.webp","datePublished":"2024-02-27T16:53:50+00:00","dateModified":"2024-04-11T13:58:37+00:00","description":"The Alliance of Mercy is proud to present ALLEA Olive Oil, a product that goes beyond its refined and unique flavor: it is a symbol of hope and","breadcrumb":{"@id":"https:\/\/aliancasocial.org\/azeite-allea-inspiracao-e-transformacao-social-em-barbacena\/#breadcrumb"},"inLanguage":"en-US","potentialAction":[{"@type":"ReadAction","target":["https:\/\/aliancasocial.org\/azeite-allea-inspiracao-e-transformacao-social-em-barbacena\/"]}]},{"@type":"ImageObject","inLanguage":"en-US","@id":"https:\/\/aliancasocial.org\/azeite-allea-inspiracao-e-transformacao-social-em-barbacena\/#primaryimage","url":"https:\/\/aliancasocial.org\/wp-content\/uploads\/2024\/02\/Azeite-Allea_2022-comp-scaled.webp","contentUrl":"https:\/\/aliancasocial.org\/wp-content\/uploads\/2024\/02\/Azeite-Allea_2022-comp-scaled.webp","width":2560,"height":1928},{"@type":"BreadcrumbList","@id":"https:\/\/aliancasocial.org\/azeite-allea-inspiracao-e-transformacao-social-em-barbacena\/#breadcrumb","itemListElement":[{"@type":"ListItem","position":1,"name":"In\u00edcio","item":"https:\/\/aliancasocial.org\/en\/"},{"@type":"ListItem","position":2,"name":"Azeite ALLEA: inspira\u00e7\u00e3o e transforma\u00e7\u00e3o social em Barbacena"}]},{"@type":"WebSite","@id":"https:\/\/aliancasocial.org\/#website","url":"https:\/\/aliancasocial.org\/","name":"Covenant of Mercy","description":"Bringing human dignity to every corner of the world","publisher":{"@id":"https:\/\/aliancasocial.org\/#organization"},"potentialAction":[{"@type":"SearchAction","target":{"@type":"EntryPoint","urlTemplate":"https:\/\/aliancasocial.org\/?s={search_term_string}"},"query-input":{"@type":"PropertyValueSpecification","valueRequired":true,"valueName":"search_term_string"}}],"inLanguage":"en-US"},{"@type":"Organization","@id":"https:\/\/aliancasocial.org\/#organization","name":"Covenant of Mercy","url":"https:\/\/aliancasocial.org\/","logo":{"@type":"ImageObject","inLanguage":"en-US","@id":"https:\/\/aliancasocial.org\/#\/schema\/logo\/image\/","url":"https:\/\/aliancasocial.org\/wp-content\/uploads\/2022\/07\/logo-alianca-marrom.svg","contentUrl":"https:\/\/aliancasocial.org\/wp-content\/uploads\/2022\/07\/logo-alianca-marrom.svg","width":91,"height":33,"caption":"Alian\u00e7a de Miseric\u00f3rdia"},"image":{"@id":"https:\/\/aliancasocial.org\/#\/schema\/logo\/image\/"},"sameAs":["https:\/\/www.facebook.com\/iesmisericordia\/","https:\/\/www.instagram.com\/aliancademisericordia\/"]},{"@type":"Person","@id":"https:\/\/aliancasocial.org\/#\/schema\/person\/8f8ae145580ca7206a1f21a56814959a","name":"Thyago France","image":{"@type":"ImageObject","inLanguage":"en-US","@id":"https:\/\/secure.gravatar.com\/avatar\/4ad8f8c064c4e384fbf837e889f8f835f33194d182958150114e034bfa236622?s=96&d=mm&r=g","url":"https:\/\/secure.gravatar.com\/avatar\/4ad8f8c064c4e384fbf837e889f8f835f33194d182958150114e034bfa236622?s=96&d=mm&r=g","contentUrl":"https:\/\/secure.gravatar.com\/avatar\/4ad8f8c064c4e384fbf837e889f8f835f33194d182958150114e034bfa236622?s=96&d=mm&r=g","caption":"Thyago Fran\u00e7a"},"sameAs":["https:\/\/x.com\/thyago.f@aliancasocial.org"],"url":"https:\/\/aliancasocial.org\/en\/author\/thyagoalianca\/"}]}},"_links":{"self":[{"href":"https:\/\/aliancasocial.org\/en\/wp-json\/wp\/v2\/posts\/10923","targetHints":{"allow":["GET"]}}],"collection":[{"href":"https:\/\/aliancasocial.org\/en\/wp-json\/wp\/v2\/posts"}],"about":[{"href":"https:\/\/aliancasocial.org\/en\/wp-json\/wp\/v2\/types\/post"}],"author":[{"embeddable":true,"href":"https:\/\/aliancasocial.org\/en\/wp-json\/wp\/v2\/users\/3"}],"replies":[{"embeddable":true,"href":"https:\/\/aliancasocial.org\/en\/wp-json\/wp\/v2\/comments?post=10923"}],"version-history":[{"count":0,"href":"https:\/\/aliancasocial.org\/en\/wp-json\/wp\/v2\/posts\/10923\/revisions"}],"wp:featuredmedia":[{"embeddable":true,"href":"https:\/\/aliancasocial.org\/en\/wp-json\/wp\/v2\/media\/10931"}],"wp:attachment":[{"href":"https:\/\/aliancasocial.org\/en\/wp-json\/wp\/v2\/media?parent=10923"}],"wp:term":[{"taxonomy":"category","embeddable":true,"href":"https:\/\/aliancasocial.org\/en\/wp-json\/wp\/v2\/categories?post=10923"},{"taxonomy":"post_tag","embeddable":true,"href":"https:\/\/aliancasocial.org\/en\/wp-json\/wp\/v2\/tags?post=10923"},{"taxonomy":"destaques","embeddable":true,"href":"https:\/\/aliancasocial.org\/en\/wp-json\/wp\/v2\/destaques?post=10923"}],"curies":[{"name":"wp","href":"https:\/\/api.w.org\/{rel}","templated":true}]}}