{"id":10938,"date":"2024-03-04T09:01:21","date_gmt":"2024-03-04T12:01:21","guid":{"rendered":"https:\/\/aliancasocial.org\/?p=10938"},"modified":"2024-03-27T08:47:00","modified_gmt":"2024-03-27T11:47:00","slug":"alianca-de-misericordia-lanca-canal-de-relacionamento-etico-em-reuniao-com-colaboradores","status":"publish","type":"post","link":"https:\/\/aliancasocial.org\/en\/alianca-de-misericordia-lanca-canal-de-relacionamento-etico-em-reuniao-com-colaboradores\/","title":{"rendered":"Alian\u00e7a de Miseric\u00f3rdia launches Ethical Relationship Channel in meeting with employees"},"content":{"rendered":"<p>During the meeting between the president of Alian\u00e7a de Miseric\u00f3rdia and its collaborators, held recently, an important milestone for the institution was announced: the launch of the Ethical Relationship Channel. This new tool represents a renewed commitment by the Alliance to integrity, transparency and accountability in all its activities.<\/p>\n\n\n\n<p>Father Isaac Madureira, civil president of the Association, and Marina Sim\u00f5es, Legal manager, presented this initiative, highlighting its relevance for promoting a healthy and transparent work environment. Marina Sim\u00f5es emphasized that <em>\u201cEthics is the foundation of a strong and sustainable organization. By providing a safe channel to report unethical behavior or policy violations, we are building a culture of trust and mutual respect.\u201d<\/em>.<\/p>\n\n\n\n<p>Previously, more serious questions or reports had to be submitted via email or a form on the Alliance website. Now, with the new channel, reports can be made anonymously or identified, providing a safer environment free from possible reprisals. The proposal highly values confidentiality and respect for employees, allowing them to report concerns without fear of retaliation.<\/p>\n\n\n\n<p>Developed to offer a safe and confidential space, the Ethical Relationship Channel will allow employees, clients, suppliers and all people linked to the Alliance to report concerns or complaints related to ethical issues in a safe way. This initiative reinforces the Alliance&#039;s commitment to promoting a healthier and more transparent work environment for everyone involved.<\/p>\n\n\n\n<p>To access the Ethical Relationship Channel and make a report safely, access the link: <a href=\"https:\/\/canal.ouvidordigital.com.br\/aliancademisericordia\">https:\/\/canal.ouvidordigital.com.br\/aliancademisericordia<\/a> or contact us via WhatsApp <a href=\"http:\/\/<a href=&quot;https:\/\/api.whatsapp.com\/send\/?phone=553189477889&quot;&gt;(31) 8947-7889<\/a&gt;\">(31) 8947-7889<\/a>.<\/p>","protected":false},"excerpt":{"rendered":"<p>Durante a reuni\u00e3o da presid\u00eancia da Alian\u00e7a de Miseric\u00f3rdia com seus colaboradores, realizada recentemente, foi anunciado um importante marco para a institui\u00e7\u00e3o: o lan\u00e7amento do Canal de Relacionamento \u00c9tico. Essa nova ferramenta representa um compromisso renovado da Alian\u00e7a com a integridade, transpar\u00eancia e responsabilidade em todas as suas atividades. Padre Isaac Madureira, presidente civil da [&hellip;]<\/p>\n","protected":false},"author":3,"featured_media":10944,"comment_status":"closed","ping_status":"closed","sticky":false,"template":"","format":"standard","meta":{"footnotes":""},"categories":[50],"tags":[],"destaques":[],"class_list":["post-10938","post","type-post","status-publish","format-standard","has-post-thumbnail","hentry","category-transparencia"],"yoast_head":"<!-- This site is optimized with the Yoast SEO plugin v27.4 - https:\/\/yoast.com\/product\/yoast-seo-wordpress\/ -->\n<title>Alian\u00e7a de Miseric\u00f3rdia lan\u00e7a Canal de Relacionamento \u00c9tico em reuni\u00e3o com colaboradores - Alian\u00e7a de Miseric\u00f3rdia<\/title>\n<meta name=\"description\" content=\"Durante a reuni\u00e3o da presid\u00eancia da Alian\u00e7a de Miseric\u00f3rdia com seus colaboradores, realizada recentemente, foi anunciado um importante marco para a\" \/>\n<meta name=\"robots\" content=\"index, follow, max-snippet:-1, max-image-preview:large, max-video-preview:-1\" \/>\n<link rel=\"canonical\" href=\"https:\/\/aliancasocial.org\/en\/alianca-de-misericordia-lanca-canal-de-relacionamento-etico-em-reuniao-com-colaboradores\/\" \/>\n<meta property=\"og:locale\" content=\"en_US\" \/>\n<meta property=\"og:type\" content=\"article\" \/>\n<meta property=\"og:title\" content=\"Alian\u00e7a de Miseric\u00f3rdia lan\u00e7a Canal de Relacionamento \u00c9tico em reuni\u00e3o com colaboradores - Alian\u00e7a de Miseric\u00f3rdia\" \/>\n<meta property=\"og:description\" content=\"Durante a reuni\u00e3o da presid\u00eancia da Alian\u00e7a de Miseric\u00f3rdia com seus colaboradores, realizada recentemente, foi anunciado um importante marco para a\" \/>\n<meta property=\"og:url\" content=\"https:\/\/aliancasocial.org\/en\/alianca-de-misericordia-lanca-canal-de-relacionamento-etico-em-reuniao-com-colaboradores\/\" \/>\n<meta property=\"og:site_name\" content=\"Alian\u00e7a de Miseric\u00f3rdia\" \/>\n<meta property=\"article:publisher\" content=\"https:\/\/www.facebook.com\/iesmisericordia\/\" \/>\n<meta property=\"article:published_time\" content=\"2024-03-04T12:01:21+00:00\" \/>\n<meta property=\"article:modified_time\" content=\"2024-03-27T11:47:00+00:00\" \/>\n<meta property=\"og:image\" content=\"https:\/\/aliancasocial.org\/wp-content\/uploads\/2024\/03\/evento-portal-da-transparencia.jpg\" \/>\n\t<meta property=\"og:image:width\" content=\"1913\" \/>\n\t<meta property=\"og:image:height\" content=\"628\" \/>\n\t<meta property=\"og:image:type\" content=\"image\/jpeg\" \/>\n<meta name=\"author\" content=\"Thyago Fran\u00e7a\" \/>\n<meta name=\"twitter:card\" content=\"summary_large_image\" \/>\n<meta name=\"twitter:creator\" content=\"@thyago.f@aliancasocial.org\" \/>\n<meta name=\"twitter:label1\" content=\"Written by\" \/>\n\t<meta name=\"twitter:data1\" content=\"Thyago Fran\u00e7a\" \/>\n\t<meta name=\"twitter:label2\" content=\"Est. reading time\" \/>\n\t<meta name=\"twitter:data2\" content=\"2 minutes\" \/>\n<script type=\"application\/ld+json\" class=\"yoast-schema-graph\">{\"@context\":\"https:\\\/\\\/schema.org\",\"@graph\":[{\"@type\":\"Article\",\"@id\":\"https:\\\/\\\/aliancasocial.org\\\/alianca-de-misericordia-lanca-canal-de-relacionamento-etico-em-reuniao-com-colaboradores\\\/#article\",\"isPartOf\":{\"@id\":\"https:\\\/\\\/aliancasocial.org\\\/alianca-de-misericordia-lanca-canal-de-relacionamento-etico-em-reuniao-com-colaboradores\\\/\"},\"author\":{\"name\":\"Thyago Fran\u00e7a\",\"@id\":\"https:\\\/\\\/aliancasocial.org\\\/#\\\/schema\\\/person\\\/8f8ae145580ca7206a1f21a56814959a\"},\"headline\":\"Alian\u00e7a de Miseric\u00f3rdia lan\u00e7a Canal de Relacionamento \u00c9tico em reuni\u00e3o com colaboradores\",\"datePublished\":\"2024-03-04T12:01:21+00:00\",\"dateModified\":\"2024-03-27T11:47:00+00:00\",\"mainEntityOfPage\":{\"@id\":\"https:\\\/\\\/aliancasocial.org\\\/alianca-de-misericordia-lanca-canal-de-relacionamento-etico-em-reuniao-com-colaboradores\\\/\"},\"wordCount\":317,\"publisher\":{\"@id\":\"https:\\\/\\\/aliancasocial.org\\\/#organization\"},\"image\":{\"@id\":\"https:\\\/\\\/aliancasocial.org\\\/alianca-de-misericordia-lanca-canal-de-relacionamento-etico-em-reuniao-com-colaboradores\\\/#primaryimage\"},\"thumbnailUrl\":\"https:\\\/\\\/aliancasocial.org\\\/wp-content\\\/uploads\\\/2024\\\/03\\\/evento-portal-da-transparencia.jpg\",\"articleSection\":[\"Transpar\u00eancia\"],\"inLanguage\":\"en-US\"},{\"@type\":\"WebPage\",\"@id\":\"https:\\\/\\\/aliancasocial.org\\\/alianca-de-misericordia-lanca-canal-de-relacionamento-etico-em-reuniao-com-colaboradores\\\/\",\"url\":\"https:\\\/\\\/aliancasocial.org\\\/alianca-de-misericordia-lanca-canal-de-relacionamento-etico-em-reuniao-com-colaboradores\\\/\",\"name\":\"Alian\u00e7a de Miseric\u00f3rdia lan\u00e7a Canal de Relacionamento \u00c9tico em reuni\u00e3o com colaboradores - Alian\u00e7a de Miseric\u00f3rdia\",\"isPartOf\":{\"@id\":\"https:\\\/\\\/aliancasocial.org\\\/#website\"},\"primaryImageOfPage\":{\"@id\":\"https:\\\/\\\/aliancasocial.org\\\/alianca-de-misericordia-lanca-canal-de-relacionamento-etico-em-reuniao-com-colaboradores\\\/#primaryimage\"},\"image\":{\"@id\":\"https:\\\/\\\/aliancasocial.org\\\/alianca-de-misericordia-lanca-canal-de-relacionamento-etico-em-reuniao-com-colaboradores\\\/#primaryimage\"},\"thumbnailUrl\":\"https:\\\/\\\/aliancasocial.org\\\/wp-content\\\/uploads\\\/2024\\\/03\\\/evento-portal-da-transparencia.jpg\",\"datePublished\":\"2024-03-04T12:01:21+00:00\",\"dateModified\":\"2024-03-27T11:47:00+00:00\",\"description\":\"Durante a reuni\u00e3o da presid\u00eancia da Alian\u00e7a de Miseric\u00f3rdia com seus colaboradores, realizada recentemente, foi anunciado um importante marco para a\",\"breadcrumb\":{\"@id\":\"https:\\\/\\\/aliancasocial.org\\\/alianca-de-misericordia-lanca-canal-de-relacionamento-etico-em-reuniao-com-colaboradores\\\/#breadcrumb\"},\"inLanguage\":\"en-US\",\"potentialAction\":[{\"@type\":\"ReadAction\",\"target\":[\"https:\\\/\\\/aliancasocial.org\\\/alianca-de-misericordia-lanca-canal-de-relacionamento-etico-em-reuniao-com-colaboradores\\\/\"]}]},{\"@type\":\"ImageObject\",\"inLanguage\":\"en-US\",\"@id\":\"https:\\\/\\\/aliancasocial.org\\\/alianca-de-misericordia-lanca-canal-de-relacionamento-etico-em-reuniao-com-colaboradores\\\/#primaryimage\",\"url\":\"https:\\\/\\\/aliancasocial.org\\\/wp-content\\\/uploads\\\/2024\\\/03\\\/evento-portal-da-transparencia.jpg\",\"contentUrl\":\"https:\\\/\\\/aliancasocial.org\\\/wp-content\\\/uploads\\\/2024\\\/03\\\/evento-portal-da-transparencia.jpg\",\"width\":1913,\"height\":628},{\"@type\":\"BreadcrumbList\",\"@id\":\"https:\\\/\\\/aliancasocial.org\\\/alianca-de-misericordia-lanca-canal-de-relacionamento-etico-em-reuniao-com-colaboradores\\\/#breadcrumb\",\"itemListElement\":[{\"@type\":\"ListItem\",\"position\":1,\"name\":\"In\u00edcio\",\"item\":\"https:\\\/\\\/aliancasocial.org\\\/en\\\/\"},{\"@type\":\"ListItem\",\"position\":2,\"name\":\"Alian\u00e7a de Miseric\u00f3rdia lan\u00e7a Canal de Relacionamento \u00c9tico em reuni\u00e3o com colaboradores\"}]},{\"@type\":\"WebSite\",\"@id\":\"https:\\\/\\\/aliancasocial.org\\\/#website\",\"url\":\"https:\\\/\\\/aliancasocial.org\\\/\",\"name\":\"Alian\u00e7a de Miseric\u00f3rdia\",\"description\":\"Levando dignidade humana a todos os cantos do mundo\",\"publisher\":{\"@id\":\"https:\\\/\\\/aliancasocial.org\\\/#organization\"},\"potentialAction\":[{\"@type\":\"SearchAction\",\"target\":{\"@type\":\"EntryPoint\",\"urlTemplate\":\"https:\\\/\\\/aliancasocial.org\\\/?s={search_term_string}\"},\"query-input\":{\"@type\":\"PropertyValueSpecification\",\"valueRequired\":true,\"valueName\":\"search_term_string\"}}],\"inLanguage\":\"en-US\"},{\"@type\":\"Organization\",\"@id\":\"https:\\\/\\\/aliancasocial.org\\\/#organization\",\"name\":\"Alian\u00e7a de Miseric\u00f3rdia\",\"url\":\"https:\\\/\\\/aliancasocial.org\\\/\",\"logo\":{\"@type\":\"ImageObject\",\"inLanguage\":\"en-US\",\"@id\":\"https:\\\/\\\/aliancasocial.org\\\/#\\\/schema\\\/logo\\\/image\\\/\",\"url\":\"https:\\\/\\\/aliancasocial.org\\\/wp-content\\\/uploads\\\/2022\\\/07\\\/logo-alianca-marrom.svg\",\"contentUrl\":\"https:\\\/\\\/aliancasocial.org\\\/wp-content\\\/uploads\\\/2022\\\/07\\\/logo-alianca-marrom.svg\",\"width\":91,\"height\":33,\"caption\":\"Alian\u00e7a de Miseric\u00f3rdia\"},\"image\":{\"@id\":\"https:\\\/\\\/aliancasocial.org\\\/#\\\/schema\\\/logo\\\/image\\\/\"},\"sameAs\":[\"https:\\\/\\\/www.facebook.com\\\/iesmisericordia\\\/\",\"https:\\\/\\\/www.instagram.com\\\/aliancademisericordia\\\/\"]},{\"@type\":\"Person\",\"@id\":\"https:\\\/\\\/aliancasocial.org\\\/#\\\/schema\\\/person\\\/8f8ae145580ca7206a1f21a56814959a\",\"name\":\"Thyago Fran\u00e7a\",\"image\":{\"@type\":\"ImageObject\",\"inLanguage\":\"en-US\",\"@id\":\"https:\\\/\\\/secure.gravatar.com\\\/avatar\\\/4ad8f8c064c4e384fbf837e889f8f835f33194d182958150114e034bfa236622?s=96&d=mm&r=g\",\"url\":\"https:\\\/\\\/secure.gravatar.com\\\/avatar\\\/4ad8f8c064c4e384fbf837e889f8f835f33194d182958150114e034bfa236622?s=96&d=mm&r=g\",\"contentUrl\":\"https:\\\/\\\/secure.gravatar.com\\\/avatar\\\/4ad8f8c064c4e384fbf837e889f8f835f33194d182958150114e034bfa236622?s=96&d=mm&r=g\",\"caption\":\"Thyago Fran\u00e7a\"},\"sameAs\":[\"https:\\\/\\\/x.com\\\/thyago.f@aliancasocial.org\"],\"url\":\"https:\\\/\\\/aliancasocial.org\\\/en\\\/author\\\/thyagoalianca\\\/\"}]}<\/script>\n<!-- \/ Yoast SEO plugin. -->","yoast_head_json":{"title":"Alian\u00e7a de Miseric\u00f3rdia lan\u00e7a Canal de Relacionamento \u00c9tico em reuni\u00e3o com colaboradores - Alian\u00e7a de Miseric\u00f3rdia","description":"Durante a reuni\u00e3o da presid\u00eancia da Alian\u00e7a de Miseric\u00f3rdia com seus colaboradores, realizada recentemente, foi anunciado um importante marco para a","robots":{"index":"index","follow":"follow","max-snippet":"max-snippet:-1","max-image-preview":"max-image-preview:large","max-video-preview":"max-video-preview:-1"},"canonical":"https:\/\/aliancasocial.org\/en\/alianca-de-misericordia-lanca-canal-de-relacionamento-etico-em-reuniao-com-colaboradores\/","og_locale":"en_US","og_type":"article","og_title":"Alian\u00e7a de Miseric\u00f3rdia lan\u00e7a Canal de Relacionamento \u00c9tico em reuni\u00e3o com colaboradores - Alian\u00e7a de Miseric\u00f3rdia","og_description":"Durante a reuni\u00e3o da presid\u00eancia da Alian\u00e7a de Miseric\u00f3rdia com seus colaboradores, realizada recentemente, foi anunciado um importante marco para a","og_url":"https:\/\/aliancasocial.org\/en\/alianca-de-misericordia-lanca-canal-de-relacionamento-etico-em-reuniao-com-colaboradores\/","og_site_name":"Alian\u00e7a de Miseric\u00f3rdia","article_publisher":"https:\/\/www.facebook.com\/iesmisericordia\/","article_published_time":"2024-03-04T12:01:21+00:00","article_modified_time":"2024-03-27T11:47:00+00:00","og_image":[{"width":1913,"height":628,"url":"https:\/\/aliancasocial.org\/wp-content\/uploads\/2024\/03\/evento-portal-da-transparencia.jpg","type":"image\/jpeg"}],"author":"Thyago Fran\u00e7a","twitter_card":"summary_large_image","twitter_creator":"@thyago.f@aliancasocial.org","twitter_misc":{"Written by":"Thyago Fran\u00e7a","Est. reading time":"2 minutes"},"schema":{"@context":"https:\/\/schema.org","@graph":[{"@type":"Article","@id":"https:\/\/aliancasocial.org\/alianca-de-misericordia-lanca-canal-de-relacionamento-etico-em-reuniao-com-colaboradores\/#article","isPartOf":{"@id":"https:\/\/aliancasocial.org\/alianca-de-misericordia-lanca-canal-de-relacionamento-etico-em-reuniao-com-colaboradores\/"},"author":{"name":"Thyago Fran\u00e7a","@id":"https:\/\/aliancasocial.org\/#\/schema\/person\/8f8ae145580ca7206a1f21a56814959a"},"headline":"Alian\u00e7a de Miseric\u00f3rdia lan\u00e7a Canal de Relacionamento \u00c9tico em reuni\u00e3o com colaboradores","datePublished":"2024-03-04T12:01:21+00:00","dateModified":"2024-03-27T11:47:00+00:00","mainEntityOfPage":{"@id":"https:\/\/aliancasocial.org\/alianca-de-misericordia-lanca-canal-de-relacionamento-etico-em-reuniao-com-colaboradores\/"},"wordCount":317,"publisher":{"@id":"https:\/\/aliancasocial.org\/#organization"},"image":{"@id":"https:\/\/aliancasocial.org\/alianca-de-misericordia-lanca-canal-de-relacionamento-etico-em-reuniao-com-colaboradores\/#primaryimage"},"thumbnailUrl":"https:\/\/aliancasocial.org\/wp-content\/uploads\/2024\/03\/evento-portal-da-transparencia.jpg","articleSection":["Transpar\u00eancia"],"inLanguage":"en-US"},{"@type":"WebPage","@id":"https:\/\/aliancasocial.org\/alianca-de-misericordia-lanca-canal-de-relacionamento-etico-em-reuniao-com-colaboradores\/","url":"https:\/\/aliancasocial.org\/alianca-de-misericordia-lanca-canal-de-relacionamento-etico-em-reuniao-com-colaboradores\/","name":"Alian\u00e7a de Miseric\u00f3rdia lan\u00e7a Canal de Relacionamento \u00c9tico em reuni\u00e3o com colaboradores - Alian\u00e7a de Miseric\u00f3rdia","isPartOf":{"@id":"https:\/\/aliancasocial.org\/#website"},"primaryImageOfPage":{"@id":"https:\/\/aliancasocial.org\/alianca-de-misericordia-lanca-canal-de-relacionamento-etico-em-reuniao-com-colaboradores\/#primaryimage"},"image":{"@id":"https:\/\/aliancasocial.org\/alianca-de-misericordia-lanca-canal-de-relacionamento-etico-em-reuniao-com-colaboradores\/#primaryimage"},"thumbnailUrl":"https:\/\/aliancasocial.org\/wp-content\/uploads\/2024\/03\/evento-portal-da-transparencia.jpg","datePublished":"2024-03-04T12:01:21+00:00","dateModified":"2024-03-27T11:47:00+00:00","description":"Durante a reuni\u00e3o da presid\u00eancia da Alian\u00e7a de Miseric\u00f3rdia com seus colaboradores, realizada recentemente, foi anunciado um importante marco para a","breadcrumb":{"@id":"https:\/\/aliancasocial.org\/alianca-de-misericordia-lanca-canal-de-relacionamento-etico-em-reuniao-com-colaboradores\/#breadcrumb"},"inLanguage":"en-US","potentialAction":[{"@type":"ReadAction","target":["https:\/\/aliancasocial.org\/alianca-de-misericordia-lanca-canal-de-relacionamento-etico-em-reuniao-com-colaboradores\/"]}]},{"@type":"ImageObject","inLanguage":"en-US","@id":"https:\/\/aliancasocial.org\/alianca-de-misericordia-lanca-canal-de-relacionamento-etico-em-reuniao-com-colaboradores\/#primaryimage","url":"https:\/\/aliancasocial.org\/wp-content\/uploads\/2024\/03\/evento-portal-da-transparencia.jpg","contentUrl":"https:\/\/aliancasocial.org\/wp-content\/uploads\/2024\/03\/evento-portal-da-transparencia.jpg","width":1913,"height":628},{"@type":"BreadcrumbList","@id":"https:\/\/aliancasocial.org\/alianca-de-misericordia-lanca-canal-de-relacionamento-etico-em-reuniao-com-colaboradores\/#breadcrumb","itemListElement":[{"@type":"ListItem","position":1,"name":"In\u00edcio","item":"https:\/\/aliancasocial.org\/en\/"},{"@type":"ListItem","position":2,"name":"Alian\u00e7a de Miseric\u00f3rdia lan\u00e7a Canal de Relacionamento \u00c9tico em reuni\u00e3o com colaboradores"}]},{"@type":"WebSite","@id":"https:\/\/aliancasocial.org\/#website","url":"https:\/\/aliancasocial.org\/","name":"Covenant of Mercy","description":"Bringing human dignity to every corner of the world","publisher":{"@id":"https:\/\/aliancasocial.org\/#organization"},"potentialAction":[{"@type":"SearchAction","target":{"@type":"EntryPoint","urlTemplate":"https:\/\/aliancasocial.org\/?s={search_term_string}"},"query-input":{"@type":"PropertyValueSpecification","valueRequired":true,"valueName":"search_term_string"}}],"inLanguage":"en-US"},{"@type":"Organization","@id":"https:\/\/aliancasocial.org\/#organization","name":"Covenant of Mercy","url":"https:\/\/aliancasocial.org\/","logo":{"@type":"ImageObject","inLanguage":"en-US","@id":"https:\/\/aliancasocial.org\/#\/schema\/logo\/image\/","url":"https:\/\/aliancasocial.org\/wp-content\/uploads\/2022\/07\/logo-alianca-marrom.svg","contentUrl":"https:\/\/aliancasocial.org\/wp-content\/uploads\/2022\/07\/logo-alianca-marrom.svg","width":91,"height":33,"caption":"Alian\u00e7a de Miseric\u00f3rdia"},"image":{"@id":"https:\/\/aliancasocial.org\/#\/schema\/logo\/image\/"},"sameAs":["https:\/\/www.facebook.com\/iesmisericordia\/","https:\/\/www.instagram.com\/aliancademisericordia\/"]},{"@type":"Person","@id":"https:\/\/aliancasocial.org\/#\/schema\/person\/8f8ae145580ca7206a1f21a56814959a","name":"Thyago France","image":{"@type":"ImageObject","inLanguage":"en-US","@id":"https:\/\/secure.gravatar.com\/avatar\/4ad8f8c064c4e384fbf837e889f8f835f33194d182958150114e034bfa236622?s=96&d=mm&r=g","url":"https:\/\/secure.gravatar.com\/avatar\/4ad8f8c064c4e384fbf837e889f8f835f33194d182958150114e034bfa236622?s=96&d=mm&r=g","contentUrl":"https:\/\/secure.gravatar.com\/avatar\/4ad8f8c064c4e384fbf837e889f8f835f33194d182958150114e034bfa236622?s=96&d=mm&r=g","caption":"Thyago Fran\u00e7a"},"sameAs":["https:\/\/x.com\/thyago.f@aliancasocial.org"],"url":"https:\/\/aliancasocial.org\/en\/author\/thyagoalianca\/"}]}},"_links":{"self":[{"href":"https:\/\/aliancasocial.org\/en\/wp-json\/wp\/v2\/posts\/10938","targetHints":{"allow":["GET"]}}],"collection":[{"href":"https:\/\/aliancasocial.org\/en\/wp-json\/wp\/v2\/posts"}],"about":[{"href":"https:\/\/aliancasocial.org\/en\/wp-json\/wp\/v2\/types\/post"}],"author":[{"embeddable":true,"href":"https:\/\/aliancasocial.org\/en\/wp-json\/wp\/v2\/users\/3"}],"replies":[{"embeddable":true,"href":"https:\/\/aliancasocial.org\/en\/wp-json\/wp\/v2\/comments?post=10938"}],"version-history":[{"count":0,"href":"https:\/\/aliancasocial.org\/en\/wp-json\/wp\/v2\/posts\/10938\/revisions"}],"wp:featuredmedia":[{"embeddable":true,"href":"https:\/\/aliancasocial.org\/en\/wp-json\/wp\/v2\/media\/10944"}],"wp:attachment":[{"href":"https:\/\/aliancasocial.org\/en\/wp-json\/wp\/v2\/media?parent=10938"}],"wp:term":[{"taxonomy":"category","embeddable":true,"href":"https:\/\/aliancasocial.org\/en\/wp-json\/wp\/v2\/categories?post=10938"},{"taxonomy":"post_tag","embeddable":true,"href":"https:\/\/aliancasocial.org\/en\/wp-json\/wp\/v2\/tags?post=10938"},{"taxonomy":"destaques","embeddable":true,"href":"https:\/\/aliancasocial.org\/en\/wp-json\/wp\/v2\/destaques?post=10938"}],"curies":[{"name":"wp","href":"https:\/\/api.w.org\/{rel}","templated":true}]}}