{"id":10947,"date":"2024-03-11T16:05:49","date_gmt":"2024-03-11T19:05:49","guid":{"rendered":"https:\/\/aliancasocial.org\/?p=10947"},"modified":"2024-03-12T10:51:45","modified_gmt":"2024-03-12T13:51:45","slug":"alianca-oferece-atividades-gratuitas-para-criancas-adolescentes-e-adultos-em-senador-camara","status":"publish","type":"post","link":"https:\/\/aliancasocial.org\/en\/alianca-oferece-atividades-gratuitas-para-criancas-adolescentes-e-adultos-em-senador-camara\/","title":{"rendered":"Alian\u00e7a offers free activities for children, teenagers and adults in Senador Camar\u00e1"},"content":{"rendered":"<p>The Fraternity of the Alliance of Mercy in Senador Camar\u00e1, in the city of Rio de Janeiro, is promoting an initiative that promises to bring hope and opportunities to the local community. With the aim of offering positive alternatives and keeping children and adults away from the world of drugs, registration is open for free ballet, sewing, guitar, tutoring and tennis classes.<\/p>\n\n\n\n<p>The activities, aimed at children from 5 years of age, teenagers and adults, started this week and will be held at the Fraternidade itself, located at Rua Manoel Ribeiro, n\u00ba 5, in Senador Camar\u00e1. With approximately 15 places available for each activity, classes last up to 1h30 and will take place throughout the year depending on the participation and needs of the community.<\/p>\n\n\n\n<p>The project aims not only to offer healthy and educational occupation for the residents of Senador Camar\u00e1, but also to provide moments of leisure and learning in a welcoming environment. To register, simply appear in person and provide personal data such as name and address when registering. The entire process is completely free.<\/p>\n\n\n\n<p><strong><a href=\"https:\/\/misericordia.com.br\/inauguracao-de-quadra-poliesportiva-em-senador-camara-gera-gratidao-e-esperanca\/\">+ Opening of multi-sports court in Senador Camar\u00e1 generates hope<\/a><\/strong><\/p>\n\n\n\n<p>Since 2008, Alian\u00e7a de Miseric\u00f3rdia has played a fundamental role in the neighborhood, recognizing the need for intervention to combat the challenges faced by the community. Amid the scarcity of leisure areas and infrastructure, as well as the presence of drug trafficking, the local fraternity has dedicated itself to offering alternatives for overcoming and renewing. Find out more about the project <a href=\"https:\/\/misericordia.com.br\/oratorio-menino-jesus-semear-sonhos-e-mostrar-que-e-possivel-ir-alem\/\">Baby Jesus Oratory<\/a> in Senador Camar\u00e1!<\/p>\n\n\n\n<p>For information about the activities offered, contact us via WhatsApp: <strong>(21) 99916-6181<\/strong>.<\/p>","protected":false},"excerpt":{"rendered":"<p>A Fraternidade da Alian\u00e7a de Miseric\u00f3rdia em Senador Camar\u00e1, na cidade do Rio de Janeiro, est\u00e1 promovendo uma iniciativa que promete trazer esperan\u00e7a e oportunidades para a comunidade local. Com o objetivo de oferecer alternativas positivas e afastar as crian\u00e7as e adultos do mundo das drogas, est\u00e3o abertas as inscri\u00e7\u00f5es para aulas gratuitas de ballet, [&hellip;]<\/p>\n","protected":false},"author":8,"featured_media":10948,"comment_status":"closed","ping_status":"closed","sticky":false,"template":"","format":"standard","meta":{"footnotes":""},"categories":[9],"tags":[],"destaques":[],"class_list":["post-10947","post","type-post","status-publish","format-standard","has-post-thumbnail","hentry","category-educacao"],"yoast_head":"<!-- This site is optimized with the Yoast SEO plugin v27.4 - https:\/\/yoast.com\/product\/yoast-seo-wordpress\/ -->\n<title>Alian\u00e7a oferece atividades gratuitas para crian\u00e7as, adolescentes e adultos em Senador Camar\u00e1<\/title>\n<meta name=\"description\" content=\"A Fraternidade da Alian\u00e7a de Miseric\u00f3rdia em Senador Camar\u00e1, na cidade do Rio de Janeiro, est\u00e1 promovendo uma iniciativa que promete trazer esperan\u00e7a e\" \/>\n<meta name=\"robots\" content=\"index, follow, max-snippet:-1, max-image-preview:large, max-video-preview:-1\" \/>\n<link rel=\"canonical\" href=\"https:\/\/aliancasocial.org\/en\/alianca-oferece-atividades-gratuitas-para-criancas-adolescentes-e-adultos-em-senador-camara\/\" \/>\n<meta property=\"og:locale\" content=\"en_US\" \/>\n<meta property=\"og:type\" content=\"article\" \/>\n<meta property=\"og:title\" content=\"Alian\u00e7a oferece atividades gratuitas para crian\u00e7as, adolescentes e adultos em Senador Camar\u00e1\" \/>\n<meta property=\"og:description\" content=\"A Fraternidade da Alian\u00e7a de Miseric\u00f3rdia em Senador Camar\u00e1, na cidade do Rio de Janeiro, est\u00e1 promovendo uma iniciativa que promete trazer esperan\u00e7a e\" \/>\n<meta property=\"og:url\" content=\"https:\/\/aliancasocial.org\/en\/alianca-oferece-atividades-gratuitas-para-criancas-adolescentes-e-adultos-em-senador-camara\/\" \/>\n<meta property=\"og:site_name\" content=\"Alian\u00e7a de Miseric\u00f3rdia\" \/>\n<meta property=\"article:publisher\" content=\"https:\/\/www.facebook.com\/iesmisericordia\/\" \/>\n<meta property=\"article:published_time\" content=\"2024-03-11T19:05:49+00:00\" \/>\n<meta property=\"article:modified_time\" content=\"2024-03-12T13:51:45+00:00\" \/>\n<meta property=\"og:image\" content=\"https:\/\/aliancasocial.org\/wp-content\/uploads\/2024\/03\/WhatsApp-Image-2024-03-06-at-18.34.49.jpeg\" \/>\n\t<meta property=\"og:image:width\" content=\"710\" \/>\n\t<meta property=\"og:image:height\" content=\"399\" \/>\n\t<meta property=\"og:image:type\" content=\"image\/jpeg\" \/>\n<meta name=\"author\" content=\"Fernanda Monzambani\" \/>\n<meta name=\"twitter:card\" content=\"summary_large_image\" \/>\n<meta name=\"twitter:label1\" content=\"Written by\" \/>\n\t<meta name=\"twitter:data1\" content=\"Fernanda Monzambani\" \/>\n\t<meta name=\"twitter:label2\" content=\"Est. reading time\" \/>\n\t<meta name=\"twitter:data2\" content=\"2 minutes\" \/>\n<script type=\"application\/ld+json\" class=\"yoast-schema-graph\">{\"@context\":\"https:\\\/\\\/schema.org\",\"@graph\":[{\"@type\":\"Article\",\"@id\":\"https:\\\/\\\/aliancasocial.org\\\/alianca-oferece-atividades-gratuitas-para-criancas-adolescentes-e-adultos-em-senador-camara\\\/#article\",\"isPartOf\":{\"@id\":\"https:\\\/\\\/aliancasocial.org\\\/alianca-oferece-atividades-gratuitas-para-criancas-adolescentes-e-adultos-em-senador-camara\\\/\"},\"author\":{\"name\":\"Fernanda Monzambani\",\"@id\":\"https:\\\/\\\/aliancasocial.org\\\/#\\\/schema\\\/person\\\/73a690df527bfd7df78ba35714ff67d4\"},\"headline\":\"Alian\u00e7a oferece atividades gratuitas para crian\u00e7as, adolescentes e adultos em Senador Camar\u00e1\",\"datePublished\":\"2024-03-11T19:05:49+00:00\",\"dateModified\":\"2024-03-12T13:51:45+00:00\",\"mainEntityOfPage\":{\"@id\":\"https:\\\/\\\/aliancasocial.org\\\/alianca-oferece-atividades-gratuitas-para-criancas-adolescentes-e-adultos-em-senador-camara\\\/\"},\"wordCount\":309,\"publisher\":{\"@id\":\"https:\\\/\\\/aliancasocial.org\\\/#organization\"},\"image\":{\"@id\":\"https:\\\/\\\/aliancasocial.org\\\/alianca-oferece-atividades-gratuitas-para-criancas-adolescentes-e-adultos-em-senador-camara\\\/#primaryimage\"},\"thumbnailUrl\":\"https:\\\/\\\/aliancasocial.org\\\/wp-content\\\/uploads\\\/2024\\\/03\\\/WhatsApp-Image-2024-03-06-at-18.34.49.jpeg\",\"articleSection\":[\"Educa\u00e7\u00e3o\"],\"inLanguage\":\"en-US\"},{\"@type\":\"WebPage\",\"@id\":\"https:\\\/\\\/aliancasocial.org\\\/alianca-oferece-atividades-gratuitas-para-criancas-adolescentes-e-adultos-em-senador-camara\\\/\",\"url\":\"https:\\\/\\\/aliancasocial.org\\\/alianca-oferece-atividades-gratuitas-para-criancas-adolescentes-e-adultos-em-senador-camara\\\/\",\"name\":\"Alian\u00e7a oferece atividades gratuitas para crian\u00e7as, adolescentes e adultos em Senador Camar\u00e1\",\"isPartOf\":{\"@id\":\"https:\\\/\\\/aliancasocial.org\\\/#website\"},\"primaryImageOfPage\":{\"@id\":\"https:\\\/\\\/aliancasocial.org\\\/alianca-oferece-atividades-gratuitas-para-criancas-adolescentes-e-adultos-em-senador-camara\\\/#primaryimage\"},\"image\":{\"@id\":\"https:\\\/\\\/aliancasocial.org\\\/alianca-oferece-atividades-gratuitas-para-criancas-adolescentes-e-adultos-em-senador-camara\\\/#primaryimage\"},\"thumbnailUrl\":\"https:\\\/\\\/aliancasocial.org\\\/wp-content\\\/uploads\\\/2024\\\/03\\\/WhatsApp-Image-2024-03-06-at-18.34.49.jpeg\",\"datePublished\":\"2024-03-11T19:05:49+00:00\",\"dateModified\":\"2024-03-12T13:51:45+00:00\",\"description\":\"A Fraternidade da Alian\u00e7a de Miseric\u00f3rdia em Senador Camar\u00e1, na cidade do Rio de Janeiro, est\u00e1 promovendo uma iniciativa que promete trazer esperan\u00e7a e\",\"breadcrumb\":{\"@id\":\"https:\\\/\\\/aliancasocial.org\\\/alianca-oferece-atividades-gratuitas-para-criancas-adolescentes-e-adultos-em-senador-camara\\\/#breadcrumb\"},\"inLanguage\":\"en-US\",\"potentialAction\":[{\"@type\":\"ReadAction\",\"target\":[\"https:\\\/\\\/aliancasocial.org\\\/alianca-oferece-atividades-gratuitas-para-criancas-adolescentes-e-adultos-em-senador-camara\\\/\"]}]},{\"@type\":\"ImageObject\",\"inLanguage\":\"en-US\",\"@id\":\"https:\\\/\\\/aliancasocial.org\\\/alianca-oferece-atividades-gratuitas-para-criancas-adolescentes-e-adultos-em-senador-camara\\\/#primaryimage\",\"url\":\"https:\\\/\\\/aliancasocial.org\\\/wp-content\\\/uploads\\\/2024\\\/03\\\/WhatsApp-Image-2024-03-06-at-18.34.49.jpeg\",\"contentUrl\":\"https:\\\/\\\/aliancasocial.org\\\/wp-content\\\/uploads\\\/2024\\\/03\\\/WhatsApp-Image-2024-03-06-at-18.34.49.jpeg\",\"width\":710,\"height\":399},{\"@type\":\"BreadcrumbList\",\"@id\":\"https:\\\/\\\/aliancasocial.org\\\/alianca-oferece-atividades-gratuitas-para-criancas-adolescentes-e-adultos-em-senador-camara\\\/#breadcrumb\",\"itemListElement\":[{\"@type\":\"ListItem\",\"position\":1,\"name\":\"In\u00edcio\",\"item\":\"https:\\\/\\\/aliancasocial.org\\\/en\\\/\"},{\"@type\":\"ListItem\",\"position\":2,\"name\":\"Alian\u00e7a oferece atividades gratuitas para crian\u00e7as, adolescentes e adultos em Senador Camar\u00e1\"}]},{\"@type\":\"WebSite\",\"@id\":\"https:\\\/\\\/aliancasocial.org\\\/#website\",\"url\":\"https:\\\/\\\/aliancasocial.org\\\/\",\"name\":\"Alian\u00e7a de Miseric\u00f3rdia\",\"description\":\"Levando dignidade humana a todos os cantos do mundo\",\"publisher\":{\"@id\":\"https:\\\/\\\/aliancasocial.org\\\/#organization\"},\"potentialAction\":[{\"@type\":\"SearchAction\",\"target\":{\"@type\":\"EntryPoint\",\"urlTemplate\":\"https:\\\/\\\/aliancasocial.org\\\/?s={search_term_string}\"},\"query-input\":{\"@type\":\"PropertyValueSpecification\",\"valueRequired\":true,\"valueName\":\"search_term_string\"}}],\"inLanguage\":\"en-US\"},{\"@type\":\"Organization\",\"@id\":\"https:\\\/\\\/aliancasocial.org\\\/#organization\",\"name\":\"Alian\u00e7a de Miseric\u00f3rdia\",\"url\":\"https:\\\/\\\/aliancasocial.org\\\/\",\"logo\":{\"@type\":\"ImageObject\",\"inLanguage\":\"en-US\",\"@id\":\"https:\\\/\\\/aliancasocial.org\\\/#\\\/schema\\\/logo\\\/image\\\/\",\"url\":\"https:\\\/\\\/aliancasocial.org\\\/wp-content\\\/uploads\\\/2022\\\/07\\\/logo-alianca-marrom.svg\",\"contentUrl\":\"https:\\\/\\\/aliancasocial.org\\\/wp-content\\\/uploads\\\/2022\\\/07\\\/logo-alianca-marrom.svg\",\"width\":91,\"height\":33,\"caption\":\"Alian\u00e7a de Miseric\u00f3rdia\"},\"image\":{\"@id\":\"https:\\\/\\\/aliancasocial.org\\\/#\\\/schema\\\/logo\\\/image\\\/\"},\"sameAs\":[\"https:\\\/\\\/www.facebook.com\\\/iesmisericordia\\\/\",\"https:\\\/\\\/www.instagram.com\\\/aliancademisericordia\\\/\"]},{\"@type\":\"Person\",\"@id\":\"https:\\\/\\\/aliancasocial.org\\\/#\\\/schema\\\/person\\\/73a690df527bfd7df78ba35714ff67d4\",\"name\":\"Fernanda Monzambani\",\"image\":{\"@type\":\"ImageObject\",\"inLanguage\":\"en-US\",\"@id\":\"https:\\\/\\\/secure.gravatar.com\\\/avatar\\\/aa6d89063e21cd9638051b6cd0602c108d4b79b0898534c712d68409f7e5b64c?s=96&d=mm&r=g\",\"url\":\"https:\\\/\\\/secure.gravatar.com\\\/avatar\\\/aa6d89063e21cd9638051b6cd0602c108d4b79b0898534c712d68409f7e5b64c?s=96&d=mm&r=g\",\"contentUrl\":\"https:\\\/\\\/secure.gravatar.com\\\/avatar\\\/aa6d89063e21cd9638051b6cd0602c108d4b79b0898534c712d68409f7e5b64c?s=96&d=mm&r=g\",\"caption\":\"Fernanda Monzambani\"},\"url\":\"https:\\\/\\\/aliancasocial.org\\\/en\\\/author\\\/fernanda\\\/\"}]}<\/script>\n<!-- \/ Yoast SEO plugin. -->","yoast_head_json":{"title":"Alian\u00e7a offers free activities for children, teenagers and adults in Senador Camar\u00e1","description":"A Fraternidade da Alian\u00e7a de Miseric\u00f3rdia em Senador Camar\u00e1, na cidade do Rio de Janeiro, est\u00e1 promovendo uma iniciativa que promete trazer esperan\u00e7a e","robots":{"index":"index","follow":"follow","max-snippet":"max-snippet:-1","max-image-preview":"max-image-preview:large","max-video-preview":"max-video-preview:-1"},"canonical":"https:\/\/aliancasocial.org\/en\/alianca-oferece-atividades-gratuitas-para-criancas-adolescentes-e-adultos-em-senador-camara\/","og_locale":"en_US","og_type":"article","og_title":"Alian\u00e7a oferece atividades gratuitas para crian\u00e7as, adolescentes e adultos em Senador Camar\u00e1","og_description":"A Fraternidade da Alian\u00e7a de Miseric\u00f3rdia em Senador Camar\u00e1, na cidade do Rio de Janeiro, est\u00e1 promovendo uma iniciativa que promete trazer esperan\u00e7a e","og_url":"https:\/\/aliancasocial.org\/en\/alianca-oferece-atividades-gratuitas-para-criancas-adolescentes-e-adultos-em-senador-camara\/","og_site_name":"Alian\u00e7a de Miseric\u00f3rdia","article_publisher":"https:\/\/www.facebook.com\/iesmisericordia\/","article_published_time":"2024-03-11T19:05:49+00:00","article_modified_time":"2024-03-12T13:51:45+00:00","og_image":[{"width":710,"height":399,"url":"https:\/\/aliancasocial.org\/wp-content\/uploads\/2024\/03\/WhatsApp-Image-2024-03-06-at-18.34.49.jpeg","type":"image\/jpeg"}],"author":"Fernanda Monzambani","twitter_card":"summary_large_image","twitter_misc":{"Written by":"Fernanda Monzambani","Est. reading time":"2 minutes"},"schema":{"@context":"https:\/\/schema.org","@graph":[{"@type":"Article","@id":"https:\/\/aliancasocial.org\/alianca-oferece-atividades-gratuitas-para-criancas-adolescentes-e-adultos-em-senador-camara\/#article","isPartOf":{"@id":"https:\/\/aliancasocial.org\/alianca-oferece-atividades-gratuitas-para-criancas-adolescentes-e-adultos-em-senador-camara\/"},"author":{"name":"Fernanda Monzambani","@id":"https:\/\/aliancasocial.org\/#\/schema\/person\/73a690df527bfd7df78ba35714ff67d4"},"headline":"Alian\u00e7a oferece atividades gratuitas para crian\u00e7as, adolescentes e adultos em Senador Camar\u00e1","datePublished":"2024-03-11T19:05:49+00:00","dateModified":"2024-03-12T13:51:45+00:00","mainEntityOfPage":{"@id":"https:\/\/aliancasocial.org\/alianca-oferece-atividades-gratuitas-para-criancas-adolescentes-e-adultos-em-senador-camara\/"},"wordCount":309,"publisher":{"@id":"https:\/\/aliancasocial.org\/#organization"},"image":{"@id":"https:\/\/aliancasocial.org\/alianca-oferece-atividades-gratuitas-para-criancas-adolescentes-e-adultos-em-senador-camara\/#primaryimage"},"thumbnailUrl":"https:\/\/aliancasocial.org\/wp-content\/uploads\/2024\/03\/WhatsApp-Image-2024-03-06-at-18.34.49.jpeg","articleSection":["Educa\u00e7\u00e3o"],"inLanguage":"en-US"},{"@type":"WebPage","@id":"https:\/\/aliancasocial.org\/alianca-oferece-atividades-gratuitas-para-criancas-adolescentes-e-adultos-em-senador-camara\/","url":"https:\/\/aliancasocial.org\/alianca-oferece-atividades-gratuitas-para-criancas-adolescentes-e-adultos-em-senador-camara\/","name":"Alian\u00e7a offers free activities for children, teenagers and adults in Senador Camar\u00e1","isPartOf":{"@id":"https:\/\/aliancasocial.org\/#website"},"primaryImageOfPage":{"@id":"https:\/\/aliancasocial.org\/alianca-oferece-atividades-gratuitas-para-criancas-adolescentes-e-adultos-em-senador-camara\/#primaryimage"},"image":{"@id":"https:\/\/aliancasocial.org\/alianca-oferece-atividades-gratuitas-para-criancas-adolescentes-e-adultos-em-senador-camara\/#primaryimage"},"thumbnailUrl":"https:\/\/aliancasocial.org\/wp-content\/uploads\/2024\/03\/WhatsApp-Image-2024-03-06-at-18.34.49.jpeg","datePublished":"2024-03-11T19:05:49+00:00","dateModified":"2024-03-12T13:51:45+00:00","description":"A Fraternidade da Alian\u00e7a de Miseric\u00f3rdia em Senador Camar\u00e1, na cidade do Rio de Janeiro, est\u00e1 promovendo uma iniciativa que promete trazer esperan\u00e7a e","breadcrumb":{"@id":"https:\/\/aliancasocial.org\/alianca-oferece-atividades-gratuitas-para-criancas-adolescentes-e-adultos-em-senador-camara\/#breadcrumb"},"inLanguage":"en-US","potentialAction":[{"@type":"ReadAction","target":["https:\/\/aliancasocial.org\/alianca-oferece-atividades-gratuitas-para-criancas-adolescentes-e-adultos-em-senador-camara\/"]}]},{"@type":"ImageObject","inLanguage":"en-US","@id":"https:\/\/aliancasocial.org\/alianca-oferece-atividades-gratuitas-para-criancas-adolescentes-e-adultos-em-senador-camara\/#primaryimage","url":"https:\/\/aliancasocial.org\/wp-content\/uploads\/2024\/03\/WhatsApp-Image-2024-03-06-at-18.34.49.jpeg","contentUrl":"https:\/\/aliancasocial.org\/wp-content\/uploads\/2024\/03\/WhatsApp-Image-2024-03-06-at-18.34.49.jpeg","width":710,"height":399},{"@type":"BreadcrumbList","@id":"https:\/\/aliancasocial.org\/alianca-oferece-atividades-gratuitas-para-criancas-adolescentes-e-adultos-em-senador-camara\/#breadcrumb","itemListElement":[{"@type":"ListItem","position":1,"name":"In\u00edcio","item":"https:\/\/aliancasocial.org\/en\/"},{"@type":"ListItem","position":2,"name":"Alian\u00e7a oferece atividades gratuitas para crian\u00e7as, adolescentes e adultos em Senador Camar\u00e1"}]},{"@type":"WebSite","@id":"https:\/\/aliancasocial.org\/#website","url":"https:\/\/aliancasocial.org\/","name":"Covenant of Mercy","description":"Bringing human dignity to every corner of the world","publisher":{"@id":"https:\/\/aliancasocial.org\/#organization"},"potentialAction":[{"@type":"SearchAction","target":{"@type":"EntryPoint","urlTemplate":"https:\/\/aliancasocial.org\/?s={search_term_string}"},"query-input":{"@type":"PropertyValueSpecification","valueRequired":true,"valueName":"search_term_string"}}],"inLanguage":"en-US"},{"@type":"Organization","@id":"https:\/\/aliancasocial.org\/#organization","name":"Covenant of Mercy","url":"https:\/\/aliancasocial.org\/","logo":{"@type":"ImageObject","inLanguage":"en-US","@id":"https:\/\/aliancasocial.org\/#\/schema\/logo\/image\/","url":"https:\/\/aliancasocial.org\/wp-content\/uploads\/2022\/07\/logo-alianca-marrom.svg","contentUrl":"https:\/\/aliancasocial.org\/wp-content\/uploads\/2022\/07\/logo-alianca-marrom.svg","width":91,"height":33,"caption":"Alian\u00e7a de Miseric\u00f3rdia"},"image":{"@id":"https:\/\/aliancasocial.org\/#\/schema\/logo\/image\/"},"sameAs":["https:\/\/www.facebook.com\/iesmisericordia\/","https:\/\/www.instagram.com\/aliancademisericordia\/"]},{"@type":"Person","@id":"https:\/\/aliancasocial.org\/#\/schema\/person\/73a690df527bfd7df78ba35714ff67d4","name":"Fernanda Monzambani","image":{"@type":"ImageObject","inLanguage":"en-US","@id":"https:\/\/secure.gravatar.com\/avatar\/aa6d89063e21cd9638051b6cd0602c108d4b79b0898534c712d68409f7e5b64c?s=96&d=mm&r=g","url":"https:\/\/secure.gravatar.com\/avatar\/aa6d89063e21cd9638051b6cd0602c108d4b79b0898534c712d68409f7e5b64c?s=96&d=mm&r=g","contentUrl":"https:\/\/secure.gravatar.com\/avatar\/aa6d89063e21cd9638051b6cd0602c108d4b79b0898534c712d68409f7e5b64c?s=96&d=mm&r=g","caption":"Fernanda Monzambani"},"url":"https:\/\/aliancasocial.org\/en\/author\/fernanda\/"}]}},"_links":{"self":[{"href":"https:\/\/aliancasocial.org\/en\/wp-json\/wp\/v2\/posts\/10947","targetHints":{"allow":["GET"]}}],"collection":[{"href":"https:\/\/aliancasocial.org\/en\/wp-json\/wp\/v2\/posts"}],"about":[{"href":"https:\/\/aliancasocial.org\/en\/wp-json\/wp\/v2\/types\/post"}],"author":[{"embeddable":true,"href":"https:\/\/aliancasocial.org\/en\/wp-json\/wp\/v2\/users\/8"}],"replies":[{"embeddable":true,"href":"https:\/\/aliancasocial.org\/en\/wp-json\/wp\/v2\/comments?post=10947"}],"version-history":[{"count":0,"href":"https:\/\/aliancasocial.org\/en\/wp-json\/wp\/v2\/posts\/10947\/revisions"}],"wp:featuredmedia":[{"embeddable":true,"href":"https:\/\/aliancasocial.org\/en\/wp-json\/wp\/v2\/media\/10948"}],"wp:attachment":[{"href":"https:\/\/aliancasocial.org\/en\/wp-json\/wp\/v2\/media?parent=10947"}],"wp:term":[{"taxonomy":"category","embeddable":true,"href":"https:\/\/aliancasocial.org\/en\/wp-json\/wp\/v2\/categories?post=10947"},{"taxonomy":"post_tag","embeddable":true,"href":"https:\/\/aliancasocial.org\/en\/wp-json\/wp\/v2\/tags?post=10947"},{"taxonomy":"destaques","embeddable":true,"href":"https:\/\/aliancasocial.org\/en\/wp-json\/wp\/v2\/destaques?post=10947"}],"curies":[{"name":"wp","href":"https:\/\/api.w.org\/{rel}","templated":true}]}}