{"id":10969,"date":"2024-03-19T15:41:53","date_gmt":"2024-03-19T18:41:53","guid":{"rendered":"https:\/\/aliancasocial.org\/?p=10969"},"modified":"2024-04-11T10:59:14","modified_gmt":"2024-04-11T13:59:14","slug":"formatura-do-curso-de-eletricista-instalador-na-casa-restaura-me","status":"publish","type":"post","link":"https:\/\/aliancasocial.org\/en\/formatura-do-curso-de-eletricista-instalador-na-casa-restaura-me\/","title":{"rendered":"Graduation of the Electrician Installer Course at Casa Restaura-me"},"content":{"rendered":"<p>On March 15th, the Casa Restaura-me Community Center, located in S\u00e3o Paulo (SP), hosted the graduation ceremony for the Installation Electrician Course. After three months of learning, nine students were honored and certified, ready to enter the job market with expertise in the area.<\/p>\n\n\n\n<p>The ceremony was attended by SENAI coordinator, D\u00e9bora, who expressed her emotion upon hearing the students&#039; testimonies and witnessing their achievements. This initiative, the result of a partnership between Alian\u00e7a de Miseric\u00f3rdia and SENAI, has been transforming lives since 2016.<\/p>\n\n\n\n<p>Initially designed by Ricardo and Ana L\u00facia Cavalieri, two friends from Alian\u00e7a, the project came to life with the investment and sponsorship of the couple, who adapted the Casa Restaura-me space to house the courses.<\/p>\n\n\n\n<p>The formalized partnership with SENAI in 2017 further increased the quality and reach of the program, guaranteeing professional certification to participants and consolidating Casa Restaura-me as a space for training and social inclusion.<\/p>\n\n\n\n<p>Located in the Br\u00e1s neighborhood, Casa Restaura-me is a reference in assistance to the homeless population. In addition to professional courses, the site offers a range of services and activities daily, including food, social assistance, personal hygiene, among others.<\/p>\n\n\n\n<p>With a focus on rescuing human dignity, Casa Restaura-me seeks not only to provide immediate support, but also to give new meaning to trajectories and promote dignified re-entry into society.<\/p>\n\n\n\n<p>In this way, the Alian\u00e7a de Miseric\u00f3rdia remains committed to offering opportunities and building a more inclusive and fraternal future for all.<\/p>","protected":false},"excerpt":{"rendered":"<p>No \u00faltimo dia 15 de mar\u00e7o, o Centro de Conviv\u00eancia Casa Restaura-me, localizado em S\u00e3o Paulo (SP), foi palco da formatura do Curso de Eletricista Instalador. Ap\u00f3s tr\u00eas meses de aprendizado, nove alunos foram homenageados e certificados, prontos para ingressar no mercado de trabalho com expertise na \u00e1rea. A cerim\u00f4nia contou com a presen\u00e7a da [&hellip;]<\/p>\n","protected":false},"author":8,"featured_media":10970,"comment_status":"closed","ping_status":"closed","sticky":false,"template":"","format":"standard","meta":{"footnotes":""},"categories":[47],"tags":[],"destaques":[38],"class_list":["post-10969","post","type-post","status-publish","format-standard","has-post-thumbnail","hentry","category-responsabilidade-social","destaques-destaque-03"],"yoast_head":"<!-- This site is optimized with the Yoast SEO plugin v27.4 - https:\/\/yoast.com\/product\/yoast-seo-wordpress\/ -->\n<title>Formatura do Curso de Eletricista Instalador na Casa Restaura-me - Alian\u00e7a de Miseric\u00f3rdia<\/title>\n<meta name=\"description\" content=\"No \u00faltimo dia 15 de mar\u00e7o, o Centro de Conviv\u00eancia Casa Restaura-me, localizado em S\u00e3o Paulo (SP), foi palco da formatura do Curso de Eletricista\" \/>\n<meta name=\"robots\" content=\"index, follow, max-snippet:-1, max-image-preview:large, max-video-preview:-1\" \/>\n<link rel=\"canonical\" href=\"https:\/\/aliancasocial.org\/en\/formatura-do-curso-de-eletricista-instalador-na-casa-restaura-me\/\" \/>\n<meta property=\"og:locale\" content=\"en_US\" \/>\n<meta property=\"og:type\" content=\"article\" \/>\n<meta property=\"og:title\" content=\"Formatura do Curso de Eletricista Instalador na Casa Restaura-me - Alian\u00e7a de Miseric\u00f3rdia\" \/>\n<meta property=\"og:description\" content=\"No \u00faltimo dia 15 de mar\u00e7o, o Centro de Conviv\u00eancia Casa Restaura-me, localizado em S\u00e3o Paulo (SP), foi palco da formatura do Curso de Eletricista\" \/>\n<meta property=\"og:url\" content=\"https:\/\/aliancasocial.org\/en\/formatura-do-curso-de-eletricista-instalador-na-casa-restaura-me\/\" \/>\n<meta property=\"og:site_name\" content=\"Alian\u00e7a de Miseric\u00f3rdia\" \/>\n<meta property=\"article:publisher\" content=\"https:\/\/www.facebook.com\/iesmisericordia\/\" \/>\n<meta property=\"article:published_time\" content=\"2024-03-19T18:41:53+00:00\" \/>\n<meta property=\"article:modified_time\" content=\"2024-04-11T13:59:14+00:00\" \/>\n<meta property=\"og:image\" content=\"https:\/\/aliancasocial.org\/wp-content\/uploads\/2024\/03\/WhatsApp-Image-2024-03-18-at-10.31.00.jpeg\" \/>\n\t<meta property=\"og:image:width\" content=\"1600\" \/>\n\t<meta property=\"og:image:height\" content=\"1204\" \/>\n\t<meta property=\"og:image:type\" content=\"image\/jpeg\" \/>\n<meta name=\"author\" content=\"Fernanda Monzambani\" \/>\n<meta name=\"twitter:card\" content=\"summary_large_image\" \/>\n<meta name=\"twitter:label1\" content=\"Written by\" \/>\n\t<meta name=\"twitter:data1\" content=\"Fernanda Monzambani\" \/>\n\t<meta name=\"twitter:label2\" content=\"Est. reading time\" \/>\n\t<meta name=\"twitter:data2\" content=\"2 minutes\" \/>\n<script type=\"application\/ld+json\" class=\"yoast-schema-graph\">{\"@context\":\"https:\\\/\\\/schema.org\",\"@graph\":[{\"@type\":\"Article\",\"@id\":\"https:\\\/\\\/aliancasocial.org\\\/formatura-do-curso-de-eletricista-instalador-na-casa-restaura-me\\\/#article\",\"isPartOf\":{\"@id\":\"https:\\\/\\\/aliancasocial.org\\\/formatura-do-curso-de-eletricista-instalador-na-casa-restaura-me\\\/\"},\"author\":{\"name\":\"Fernanda Monzambani\",\"@id\":\"https:\\\/\\\/aliancasocial.org\\\/#\\\/schema\\\/person\\\/73a690df527bfd7df78ba35714ff67d4\"},\"headline\":\"Formatura do Curso de Eletricista Instalador na Casa Restaura-me\",\"datePublished\":\"2024-03-19T18:41:53+00:00\",\"dateModified\":\"2024-04-11T13:59:14+00:00\",\"mainEntityOfPage\":{\"@id\":\"https:\\\/\\\/aliancasocial.org\\\/formatura-do-curso-de-eletricista-instalador-na-casa-restaura-me\\\/\"},\"wordCount\":290,\"publisher\":{\"@id\":\"https:\\\/\\\/aliancasocial.org\\\/#organization\"},\"image\":{\"@id\":\"https:\\\/\\\/aliancasocial.org\\\/formatura-do-curso-de-eletricista-instalador-na-casa-restaura-me\\\/#primaryimage\"},\"thumbnailUrl\":\"https:\\\/\\\/aliancasocial.org\\\/wp-content\\\/uploads\\\/2024\\\/03\\\/WhatsApp-Image-2024-03-18-at-10.31.00.jpeg\",\"articleSection\":[\"Responsabilidade Social\"],\"inLanguage\":\"en-US\"},{\"@type\":\"WebPage\",\"@id\":\"https:\\\/\\\/aliancasocial.org\\\/formatura-do-curso-de-eletricista-instalador-na-casa-restaura-me\\\/\",\"url\":\"https:\\\/\\\/aliancasocial.org\\\/formatura-do-curso-de-eletricista-instalador-na-casa-restaura-me\\\/\",\"name\":\"Formatura do Curso de Eletricista Instalador na Casa Restaura-me - Alian\u00e7a de Miseric\u00f3rdia\",\"isPartOf\":{\"@id\":\"https:\\\/\\\/aliancasocial.org\\\/#website\"},\"primaryImageOfPage\":{\"@id\":\"https:\\\/\\\/aliancasocial.org\\\/formatura-do-curso-de-eletricista-instalador-na-casa-restaura-me\\\/#primaryimage\"},\"image\":{\"@id\":\"https:\\\/\\\/aliancasocial.org\\\/formatura-do-curso-de-eletricista-instalador-na-casa-restaura-me\\\/#primaryimage\"},\"thumbnailUrl\":\"https:\\\/\\\/aliancasocial.org\\\/wp-content\\\/uploads\\\/2024\\\/03\\\/WhatsApp-Image-2024-03-18-at-10.31.00.jpeg\",\"datePublished\":\"2024-03-19T18:41:53+00:00\",\"dateModified\":\"2024-04-11T13:59:14+00:00\",\"description\":\"No \u00faltimo dia 15 de mar\u00e7o, o Centro de Conviv\u00eancia Casa Restaura-me, localizado em S\u00e3o Paulo (SP), foi palco da formatura do Curso de Eletricista\",\"breadcrumb\":{\"@id\":\"https:\\\/\\\/aliancasocial.org\\\/formatura-do-curso-de-eletricista-instalador-na-casa-restaura-me\\\/#breadcrumb\"},\"inLanguage\":\"en-US\",\"potentialAction\":[{\"@type\":\"ReadAction\",\"target\":[\"https:\\\/\\\/aliancasocial.org\\\/formatura-do-curso-de-eletricista-instalador-na-casa-restaura-me\\\/\"]}]},{\"@type\":\"ImageObject\",\"inLanguage\":\"en-US\",\"@id\":\"https:\\\/\\\/aliancasocial.org\\\/formatura-do-curso-de-eletricista-instalador-na-casa-restaura-me\\\/#primaryimage\",\"url\":\"https:\\\/\\\/aliancasocial.org\\\/wp-content\\\/uploads\\\/2024\\\/03\\\/WhatsApp-Image-2024-03-18-at-10.31.00.jpeg\",\"contentUrl\":\"https:\\\/\\\/aliancasocial.org\\\/wp-content\\\/uploads\\\/2024\\\/03\\\/WhatsApp-Image-2024-03-18-at-10.31.00.jpeg\",\"width\":1600,\"height\":1204},{\"@type\":\"BreadcrumbList\",\"@id\":\"https:\\\/\\\/aliancasocial.org\\\/formatura-do-curso-de-eletricista-instalador-na-casa-restaura-me\\\/#breadcrumb\",\"itemListElement\":[{\"@type\":\"ListItem\",\"position\":1,\"name\":\"In\u00edcio\",\"item\":\"https:\\\/\\\/aliancasocial.org\\\/en\\\/\"},{\"@type\":\"ListItem\",\"position\":2,\"name\":\"Formatura do Curso de Eletricista Instalador na Casa Restaura-me\"}]},{\"@type\":\"WebSite\",\"@id\":\"https:\\\/\\\/aliancasocial.org\\\/#website\",\"url\":\"https:\\\/\\\/aliancasocial.org\\\/\",\"name\":\"Alian\u00e7a de Miseric\u00f3rdia\",\"description\":\"Levando dignidade humana a todos os cantos do mundo\",\"publisher\":{\"@id\":\"https:\\\/\\\/aliancasocial.org\\\/#organization\"},\"potentialAction\":[{\"@type\":\"SearchAction\",\"target\":{\"@type\":\"EntryPoint\",\"urlTemplate\":\"https:\\\/\\\/aliancasocial.org\\\/?s={search_term_string}\"},\"query-input\":{\"@type\":\"PropertyValueSpecification\",\"valueRequired\":true,\"valueName\":\"search_term_string\"}}],\"inLanguage\":\"en-US\"},{\"@type\":\"Organization\",\"@id\":\"https:\\\/\\\/aliancasocial.org\\\/#organization\",\"name\":\"Alian\u00e7a de Miseric\u00f3rdia\",\"url\":\"https:\\\/\\\/aliancasocial.org\\\/\",\"logo\":{\"@type\":\"ImageObject\",\"inLanguage\":\"en-US\",\"@id\":\"https:\\\/\\\/aliancasocial.org\\\/#\\\/schema\\\/logo\\\/image\\\/\",\"url\":\"https:\\\/\\\/aliancasocial.org\\\/wp-content\\\/uploads\\\/2022\\\/07\\\/logo-alianca-marrom.svg\",\"contentUrl\":\"https:\\\/\\\/aliancasocial.org\\\/wp-content\\\/uploads\\\/2022\\\/07\\\/logo-alianca-marrom.svg\",\"width\":91,\"height\":33,\"caption\":\"Alian\u00e7a de Miseric\u00f3rdia\"},\"image\":{\"@id\":\"https:\\\/\\\/aliancasocial.org\\\/#\\\/schema\\\/logo\\\/image\\\/\"},\"sameAs\":[\"https:\\\/\\\/www.facebook.com\\\/iesmisericordia\\\/\",\"https:\\\/\\\/www.instagram.com\\\/aliancademisericordia\\\/\"]},{\"@type\":\"Person\",\"@id\":\"https:\\\/\\\/aliancasocial.org\\\/#\\\/schema\\\/person\\\/73a690df527bfd7df78ba35714ff67d4\",\"name\":\"Fernanda Monzambani\",\"image\":{\"@type\":\"ImageObject\",\"inLanguage\":\"en-US\",\"@id\":\"https:\\\/\\\/secure.gravatar.com\\\/avatar\\\/aa6d89063e21cd9638051b6cd0602c108d4b79b0898534c712d68409f7e5b64c?s=96&d=mm&r=g\",\"url\":\"https:\\\/\\\/secure.gravatar.com\\\/avatar\\\/aa6d89063e21cd9638051b6cd0602c108d4b79b0898534c712d68409f7e5b64c?s=96&d=mm&r=g\",\"contentUrl\":\"https:\\\/\\\/secure.gravatar.com\\\/avatar\\\/aa6d89063e21cd9638051b6cd0602c108d4b79b0898534c712d68409f7e5b64c?s=96&d=mm&r=g\",\"caption\":\"Fernanda Monzambani\"},\"url\":\"https:\\\/\\\/aliancasocial.org\\\/en\\\/author\\\/fernanda\\\/\"}]}<\/script>\n<!-- \/ Yoast SEO plugin. -->","yoast_head_json":{"title":"Formatura do Curso de Eletricista Instalador na Casa Restaura-me - Alian\u00e7a de Miseric\u00f3rdia","description":"No \u00faltimo dia 15 de mar\u00e7o, o Centro de Conviv\u00eancia Casa Restaura-me, localizado em S\u00e3o Paulo (SP), foi palco da formatura do Curso de Eletricista","robots":{"index":"index","follow":"follow","max-snippet":"max-snippet:-1","max-image-preview":"max-image-preview:large","max-video-preview":"max-video-preview:-1"},"canonical":"https:\/\/aliancasocial.org\/en\/formatura-do-curso-de-eletricista-instalador-na-casa-restaura-me\/","og_locale":"en_US","og_type":"article","og_title":"Formatura do Curso de Eletricista Instalador na Casa Restaura-me - Alian\u00e7a de Miseric\u00f3rdia","og_description":"No \u00faltimo dia 15 de mar\u00e7o, o Centro de Conviv\u00eancia Casa Restaura-me, localizado em S\u00e3o Paulo (SP), foi palco da formatura do Curso de Eletricista","og_url":"https:\/\/aliancasocial.org\/en\/formatura-do-curso-de-eletricista-instalador-na-casa-restaura-me\/","og_site_name":"Alian\u00e7a de Miseric\u00f3rdia","article_publisher":"https:\/\/www.facebook.com\/iesmisericordia\/","article_published_time":"2024-03-19T18:41:53+00:00","article_modified_time":"2024-04-11T13:59:14+00:00","og_image":[{"width":1600,"height":1204,"url":"https:\/\/aliancasocial.org\/wp-content\/uploads\/2024\/03\/WhatsApp-Image-2024-03-18-at-10.31.00.jpeg","type":"image\/jpeg"}],"author":"Fernanda Monzambani","twitter_card":"summary_large_image","twitter_misc":{"Written by":"Fernanda Monzambani","Est. reading time":"2 minutes"},"schema":{"@context":"https:\/\/schema.org","@graph":[{"@type":"Article","@id":"https:\/\/aliancasocial.org\/formatura-do-curso-de-eletricista-instalador-na-casa-restaura-me\/#article","isPartOf":{"@id":"https:\/\/aliancasocial.org\/formatura-do-curso-de-eletricista-instalador-na-casa-restaura-me\/"},"author":{"name":"Fernanda Monzambani","@id":"https:\/\/aliancasocial.org\/#\/schema\/person\/73a690df527bfd7df78ba35714ff67d4"},"headline":"Formatura do Curso de Eletricista Instalador na Casa Restaura-me","datePublished":"2024-03-19T18:41:53+00:00","dateModified":"2024-04-11T13:59:14+00:00","mainEntityOfPage":{"@id":"https:\/\/aliancasocial.org\/formatura-do-curso-de-eletricista-instalador-na-casa-restaura-me\/"},"wordCount":290,"publisher":{"@id":"https:\/\/aliancasocial.org\/#organization"},"image":{"@id":"https:\/\/aliancasocial.org\/formatura-do-curso-de-eletricista-instalador-na-casa-restaura-me\/#primaryimage"},"thumbnailUrl":"https:\/\/aliancasocial.org\/wp-content\/uploads\/2024\/03\/WhatsApp-Image-2024-03-18-at-10.31.00.jpeg","articleSection":["Responsabilidade Social"],"inLanguage":"en-US"},{"@type":"WebPage","@id":"https:\/\/aliancasocial.org\/formatura-do-curso-de-eletricista-instalador-na-casa-restaura-me\/","url":"https:\/\/aliancasocial.org\/formatura-do-curso-de-eletricista-instalador-na-casa-restaura-me\/","name":"Formatura do Curso de Eletricista Instalador na Casa Restaura-me - Alian\u00e7a de Miseric\u00f3rdia","isPartOf":{"@id":"https:\/\/aliancasocial.org\/#website"},"primaryImageOfPage":{"@id":"https:\/\/aliancasocial.org\/formatura-do-curso-de-eletricista-instalador-na-casa-restaura-me\/#primaryimage"},"image":{"@id":"https:\/\/aliancasocial.org\/formatura-do-curso-de-eletricista-instalador-na-casa-restaura-me\/#primaryimage"},"thumbnailUrl":"https:\/\/aliancasocial.org\/wp-content\/uploads\/2024\/03\/WhatsApp-Image-2024-03-18-at-10.31.00.jpeg","datePublished":"2024-03-19T18:41:53+00:00","dateModified":"2024-04-11T13:59:14+00:00","description":"No \u00faltimo dia 15 de mar\u00e7o, o Centro de Conviv\u00eancia Casa Restaura-me, localizado em S\u00e3o Paulo (SP), foi palco da formatura do Curso de Eletricista","breadcrumb":{"@id":"https:\/\/aliancasocial.org\/formatura-do-curso-de-eletricista-instalador-na-casa-restaura-me\/#breadcrumb"},"inLanguage":"en-US","potentialAction":[{"@type":"ReadAction","target":["https:\/\/aliancasocial.org\/formatura-do-curso-de-eletricista-instalador-na-casa-restaura-me\/"]}]},{"@type":"ImageObject","inLanguage":"en-US","@id":"https:\/\/aliancasocial.org\/formatura-do-curso-de-eletricista-instalador-na-casa-restaura-me\/#primaryimage","url":"https:\/\/aliancasocial.org\/wp-content\/uploads\/2024\/03\/WhatsApp-Image-2024-03-18-at-10.31.00.jpeg","contentUrl":"https:\/\/aliancasocial.org\/wp-content\/uploads\/2024\/03\/WhatsApp-Image-2024-03-18-at-10.31.00.jpeg","width":1600,"height":1204},{"@type":"BreadcrumbList","@id":"https:\/\/aliancasocial.org\/formatura-do-curso-de-eletricista-instalador-na-casa-restaura-me\/#breadcrumb","itemListElement":[{"@type":"ListItem","position":1,"name":"In\u00edcio","item":"https:\/\/aliancasocial.org\/en\/"},{"@type":"ListItem","position":2,"name":"Formatura do Curso de Eletricista Instalador na Casa Restaura-me"}]},{"@type":"WebSite","@id":"https:\/\/aliancasocial.org\/#website","url":"https:\/\/aliancasocial.org\/","name":"Covenant of Mercy","description":"Bringing human dignity to every corner of the world","publisher":{"@id":"https:\/\/aliancasocial.org\/#organization"},"potentialAction":[{"@type":"SearchAction","target":{"@type":"EntryPoint","urlTemplate":"https:\/\/aliancasocial.org\/?s={search_term_string}"},"query-input":{"@type":"PropertyValueSpecification","valueRequired":true,"valueName":"search_term_string"}}],"inLanguage":"en-US"},{"@type":"Organization","@id":"https:\/\/aliancasocial.org\/#organization","name":"Covenant of Mercy","url":"https:\/\/aliancasocial.org\/","logo":{"@type":"ImageObject","inLanguage":"en-US","@id":"https:\/\/aliancasocial.org\/#\/schema\/logo\/image\/","url":"https:\/\/aliancasocial.org\/wp-content\/uploads\/2022\/07\/logo-alianca-marrom.svg","contentUrl":"https:\/\/aliancasocial.org\/wp-content\/uploads\/2022\/07\/logo-alianca-marrom.svg","width":91,"height":33,"caption":"Alian\u00e7a de Miseric\u00f3rdia"},"image":{"@id":"https:\/\/aliancasocial.org\/#\/schema\/logo\/image\/"},"sameAs":["https:\/\/www.facebook.com\/iesmisericordia\/","https:\/\/www.instagram.com\/aliancademisericordia\/"]},{"@type":"Person","@id":"https:\/\/aliancasocial.org\/#\/schema\/person\/73a690df527bfd7df78ba35714ff67d4","name":"Fernanda Monzambani","image":{"@type":"ImageObject","inLanguage":"en-US","@id":"https:\/\/secure.gravatar.com\/avatar\/aa6d89063e21cd9638051b6cd0602c108d4b79b0898534c712d68409f7e5b64c?s=96&d=mm&r=g","url":"https:\/\/secure.gravatar.com\/avatar\/aa6d89063e21cd9638051b6cd0602c108d4b79b0898534c712d68409f7e5b64c?s=96&d=mm&r=g","contentUrl":"https:\/\/secure.gravatar.com\/avatar\/aa6d89063e21cd9638051b6cd0602c108d4b79b0898534c712d68409f7e5b64c?s=96&d=mm&r=g","caption":"Fernanda Monzambani"},"url":"https:\/\/aliancasocial.org\/en\/author\/fernanda\/"}]}},"_links":{"self":[{"href":"https:\/\/aliancasocial.org\/en\/wp-json\/wp\/v2\/posts\/10969","targetHints":{"allow":["GET"]}}],"collection":[{"href":"https:\/\/aliancasocial.org\/en\/wp-json\/wp\/v2\/posts"}],"about":[{"href":"https:\/\/aliancasocial.org\/en\/wp-json\/wp\/v2\/types\/post"}],"author":[{"embeddable":true,"href":"https:\/\/aliancasocial.org\/en\/wp-json\/wp\/v2\/users\/8"}],"replies":[{"embeddable":true,"href":"https:\/\/aliancasocial.org\/en\/wp-json\/wp\/v2\/comments?post=10969"}],"version-history":[{"count":0,"href":"https:\/\/aliancasocial.org\/en\/wp-json\/wp\/v2\/posts\/10969\/revisions"}],"wp:featuredmedia":[{"embeddable":true,"href":"https:\/\/aliancasocial.org\/en\/wp-json\/wp\/v2\/media\/10970"}],"wp:attachment":[{"href":"https:\/\/aliancasocial.org\/en\/wp-json\/wp\/v2\/media?parent=10969"}],"wp:term":[{"taxonomy":"category","embeddable":true,"href":"https:\/\/aliancasocial.org\/en\/wp-json\/wp\/v2\/categories?post=10969"},{"taxonomy":"post_tag","embeddable":true,"href":"https:\/\/aliancasocial.org\/en\/wp-json\/wp\/v2\/tags?post=10969"},{"taxonomy":"destaques","embeddable":true,"href":"https:\/\/aliancasocial.org\/en\/wp-json\/wp\/v2\/destaques?post=10969"}],"curies":[{"name":"wp","href":"https:\/\/api.w.org\/{rel}","templated":true}]}}