{"id":10972,"date":"2024-03-25T16:31:51","date_gmt":"2024-03-25T19:31:51","guid":{"rendered":"https:\/\/aliancasocial.org\/?p=10972"},"modified":"2024-04-11T10:58:13","modified_gmt":"2024-04-11T13:58:13","slug":"capela-sao-marcos-participa-do-programa-familias-fortes","status":"publish","type":"post","link":"https:\/\/aliancasocial.org\/en\/capela-sao-marcos-participa-do-programa-familias-fortes\/","title":{"rendered":"Capela S\u00e3o Marcos participates in the Strong Families Program"},"content":{"rendered":"<p>Capela S\u00e3o Marcos in Taipas, entered into a partnership with the federal government to strengthen families, now we are part of Fam\u00edlias Fortes.<\/p>\n\n\n\n<p>This program, recognized for its effectiveness in promoting family well-being, consists of a series of seven weekly meetings, aimed specifically at families with children between 10 and 14 years old.<\/p>\n\n\n\n<p>The main objective of the program is to promote the strengthening of family protection and construction processes, through the program A Capela S\u00e3o Marcos offers support and resources to families at all stages of their children&#039;s development.<\/p>\n\n\n\n<p>During meetings, participants have the opportunity to engage in activities carefully designed to meet the needs of both parents and children.<\/p>\n\n\n\n<p>Initially, parents and guardians meet separately to receive guidance on how to clarify expectations based on youth developmental norms, adopt appropriate disciplinary practices, manage emotions toward their children, and improve family communication.<\/p>\n\n\n\n<p>Meanwhile, children participate in sessions aimed at developing essential skills for personal and social interaction. They learn to set meaningful goals, follow rules, recognize parenting difficulties and strengths, deal with external pressures, identify positive role models, and offer support to others.<\/p>\n\n\n\n<p>In the second part of the meetings, parents and children meet together to practice the skills learned. These sessions provide a safe environment to resolve conflicts, promote family cohesion and encourage children&#039;s positive involvement in family dynamics.<\/p>\n\n\n\n<p>Discover some testimonies from families who were reached by the actions of Alian\u00e7a de Miseric\u00f3rdia in the S\u00e3o Marcos chapel:<\/p>\n\n\n\n<p>Marli Soares Ramos has been a resident of the Botuquara region for over 20 years, but suffering from the lack of employment and her husband&#039;s alcoholism, she fell into a serious state of depression, no longer saw meaning in life, until she was invited to participate in the Strong Families project, and after 7 meetings she started treating depression, seeking help and today she managed to help her husband with his alcoholism, got a job and managed to restructure her family.<\/p>\n\n\n\n<p>Pedro Henrique Ramos Bastos is a 12-year-old teenager who, through the Strong Families project, managed to reconnect with his family and improve family life, even more. Dialogue between him, his parents and his younger brother, today everyone participates in the project and other events at the S\u00e3o Marcos chapel.<\/p>\n\n\n\n<figure class=\"wp-block-gallery has-nested-images columns-4 is-cropped wp-block-gallery-1 is-layout-flex wp-block-gallery-is-layout-flex\">\n<figure class=\"wp-block-image size-large is-style-default\"><img fetchpriority=\"high\" decoding=\"async\" width=\"461\" height=\"1024\" data-id=\"10977\" src=\"http:\/\/aliancasocial.org\/wp-content\/uploads\/2024\/03\/WhatsApp-Image-2024-03-22-at-09.10.27-1-461x1024.jpeg\" alt=\"\" class=\"wp-image-10977\" srcset=\"https:\/\/aliancasocial.org\/wp-content\/uploads\/2024\/03\/WhatsApp-Image-2024-03-22-at-09.10.27-1-461x1024.jpeg 461w, https:\/\/aliancasocial.org\/wp-content\/uploads\/2024\/03\/WhatsApp-Image-2024-03-22-at-09.10.27-1-135x300.jpeg 135w, https:\/\/aliancasocial.org\/wp-content\/uploads\/2024\/03\/WhatsApp-Image-2024-03-22-at-09.10.27-1-68x150.jpeg 68w, https:\/\/aliancasocial.org\/wp-content\/uploads\/2024\/03\/WhatsApp-Image-2024-03-22-at-09.10.27-1-692x1536.jpeg 692w, https:\/\/aliancasocial.org\/wp-content\/uploads\/2024\/03\/WhatsApp-Image-2024-03-22-at-09.10.27-1-5x12.jpeg 5w, https:\/\/aliancasocial.org\/wp-content\/uploads\/2024\/03\/WhatsApp-Image-2024-03-22-at-09.10.27-1.jpeg 721w\" sizes=\"(max-width: 461px) 100vw, 461px\" \/><\/figure>\n\n\n\n<figure data-wp-context=\"{&quot;imageId&quot;:&quot;69efdea385205&quot;}\" data-wp-interactive=\"core\/image\" data-wp-key=\"69efdea385205\" class=\"wp-block-image size-medium wp-lightbox-container\"><img decoding=\"async\" width=\"135\" height=\"300\" data-wp-class--hide=\"state.isContentHidden\" data-wp-class--show=\"state.isContentVisible\" data-wp-init=\"callbacks.setButtonStyles\" data-wp-on--click=\"actions.showLightbox\" data-wp-on--load=\"callbacks.setButtonStyles\" data-wp-on-window--resize=\"callbacks.setButtonStyles\" data-id=\"10975\" src=\"http:\/\/aliancasocial.org\/wp-content\/uploads\/2024\/03\/WhatsApp-Image-2024-03-22-at-09.10.27-135x300.jpeg\" alt=\"\" class=\"wp-image-10975\" srcset=\"https:\/\/aliancasocial.org\/wp-content\/uploads\/2024\/03\/WhatsApp-Image-2024-03-22-at-09.10.27-135x300.jpeg 135w, https:\/\/aliancasocial.org\/wp-content\/uploads\/2024\/03\/WhatsApp-Image-2024-03-22-at-09.10.27-461x1024.jpeg 461w, https:\/\/aliancasocial.org\/wp-content\/uploads\/2024\/03\/WhatsApp-Image-2024-03-22-at-09.10.27-68x150.jpeg 68w, https:\/\/aliancasocial.org\/wp-content\/uploads\/2024\/03\/WhatsApp-Image-2024-03-22-at-09.10.27-692x1536.jpeg 692w, https:\/\/aliancasocial.org\/wp-content\/uploads\/2024\/03\/WhatsApp-Image-2024-03-22-at-09.10.27-5x12.jpeg 5w, https:\/\/aliancasocial.org\/wp-content\/uploads\/2024\/03\/WhatsApp-Image-2024-03-22-at-09.10.27.jpeg 721w\" sizes=\"(max-width: 135px) 100vw, 135px\" \/><button\n\t\t\tclass=\"lightbox-trigger\"\n\t\t\ttype=\"button\"\n\t\t\taria-haspopup=\"dialog\"\n\t\t\taria-label=\"Enlarge\"\n\t\t\tdata-wp-init=\"callbacks.initTriggerButton\"\n\t\t\tdata-wp-on--click=\"actions.showLightbox\"\n\t\t\tdata-wp-style--right=\"state.imageButtonRight\"\n\t\t\tdata-wp-style--top=\"state.imageButtonTop\"\n\t\t>\n\t\t\t<svg xmlns=\"http:\/\/www.w3.org\/2000\/svg\" width=\"12\" height=\"12\" fill=\"none\" viewbox=\"0 0 12 12\">\n\t\t\t\t<path fill=\"#fff\" d=\"M2 0a2 2 0 0 0-2 2v2h1.5V2a.5.5 0 0 1 .5-.5h2V0H2Zm2 10.5H2a.5.5 0 0 1-.5-.5V8H0v2a2 2 0 0 0 2 2h2v-1.5ZM8 12v-1.5h2a.5.5 0 0 0 .5-.5V8H12v2a2 2 0 0 1-2 2H8Zm2-12a2 2 0 0 1 2 2v2h-1.5V2a.5.5 0 0 0-.5-.5H8V0h2Z\" \/>\n\t\t\t<\/svg>\n\t\t<\/button><\/figure>\n\n\n\n<figure class=\"wp-block-image size-large\"><img decoding=\"async\" width=\"461\" height=\"1024\" data-id=\"10976\" src=\"http:\/\/aliancasocial.org\/wp-content\/uploads\/2024\/03\/WhatsApp-Image-2024-03-25-at-08.15.44-461x1024.jpeg\" alt=\"\" class=\"wp-image-10976\" srcset=\"https:\/\/aliancasocial.org\/wp-content\/uploads\/2024\/03\/WhatsApp-Image-2024-03-25-at-08.15.44-461x1024.jpeg 461w, https:\/\/aliancasocial.org\/wp-content\/uploads\/2024\/03\/WhatsApp-Image-2024-03-25-at-08.15.44-135x300.jpeg 135w, https:\/\/aliancasocial.org\/wp-content\/uploads\/2024\/03\/WhatsApp-Image-2024-03-25-at-08.15.44-68x150.jpeg 68w, https:\/\/aliancasocial.org\/wp-content\/uploads\/2024\/03\/WhatsApp-Image-2024-03-25-at-08.15.44-692x1536.jpeg 692w, https:\/\/aliancasocial.org\/wp-content\/uploads\/2024\/03\/WhatsApp-Image-2024-03-25-at-08.15.44-5x12.jpeg 5w, https:\/\/aliancasocial.org\/wp-content\/uploads\/2024\/03\/WhatsApp-Image-2024-03-25-at-08.15.44.jpeg 721w\" sizes=\"(max-width: 461px) 100vw, 461px\" \/><\/figure>\n\n\n\n<figure class=\"wp-block-image size-large\"><img loading=\"lazy\" decoding=\"async\" width=\"577\" height=\"1024\" data-id=\"10979\" src=\"http:\/\/aliancasocial.org\/wp-content\/uploads\/2024\/03\/WhatsApp-Image-2024-03-25-at-08.18.30-1-577x1024.jpeg\" alt=\"\" class=\"wp-image-10979\" srcset=\"https:\/\/aliancasocial.org\/wp-content\/uploads\/2024\/03\/WhatsApp-Image-2024-03-25-at-08.18.30-1-577x1024.jpeg 577w, https:\/\/aliancasocial.org\/wp-content\/uploads\/2024\/03\/WhatsApp-Image-2024-03-25-at-08.18.30-1-169x300.jpeg 169w, https:\/\/aliancasocial.org\/wp-content\/uploads\/2024\/03\/WhatsApp-Image-2024-03-25-at-08.18.30-1-84x150.jpeg 84w, https:\/\/aliancasocial.org\/wp-content\/uploads\/2024\/03\/WhatsApp-Image-2024-03-25-at-08.18.30-1-768x1364.jpeg 768w, https:\/\/aliancasocial.org\/wp-content\/uploads\/2024\/03\/WhatsApp-Image-2024-03-25-at-08.18.30-1-865x1536.jpeg 865w, https:\/\/aliancasocial.org\/wp-content\/uploads\/2024\/03\/WhatsApp-Image-2024-03-25-at-08.18.30-1-7x12.jpeg 7w, https:\/\/aliancasocial.org\/wp-content\/uploads\/2024\/03\/WhatsApp-Image-2024-03-25-at-08.18.30-1.jpeg 901w\" sizes=\"(max-width: 577px) 100vw, 577px\" \/><\/figure>\n\n\n\n<figure class=\"wp-block-image size-large\"><img loading=\"lazy\" decoding=\"async\" width=\"651\" height=\"858\" data-id=\"10973\" src=\"http:\/\/aliancasocial.org\/wp-content\/uploads\/2024\/03\/WhatsApp-Image-2024-03-22-at-09.06.28.jpeg\" alt=\"\" class=\"wp-image-10973\" srcset=\"https:\/\/aliancasocial.org\/wp-content\/uploads\/2024\/03\/WhatsApp-Image-2024-03-22-at-09.06.28.jpeg 651w, https:\/\/aliancasocial.org\/wp-content\/uploads\/2024\/03\/WhatsApp-Image-2024-03-22-at-09.06.28-228x300.jpeg 228w, https:\/\/aliancasocial.org\/wp-content\/uploads\/2024\/03\/WhatsApp-Image-2024-03-22-at-09.06.28-114x150.jpeg 114w, https:\/\/aliancasocial.org\/wp-content\/uploads\/2024\/03\/WhatsApp-Image-2024-03-22-at-09.06.28-9x12.jpeg 9w\" sizes=\"(max-width: 651px) 100vw, 651px\" \/><\/figure>\n<\/figure>","protected":false},"excerpt":{"rendered":"<p>A Capela S\u00e3o Marcos em Taipas, firmou uma parceria com o governo federal para o fortalecimento familiar, agora fazemos parte do Fam\u00edlias Fortes. Este programa, reconhecido por sua efic\u00e1cia em promover o bem-estar familiar, consiste em uma s\u00e9rie de sete encontros semanais, voltados especificamente para fam\u00edlias com filhos entre 10 e 14 anos. O objetivo [&hellip;]<\/p>\n","protected":false},"author":8,"featured_media":10974,"comment_status":"closed","ping_status":"closed","sticky":false,"template":"","format":"standard","meta":{"footnotes":""},"categories":[47],"tags":[],"destaques":[37],"class_list":["post-10972","post","type-post","status-publish","format-standard","has-post-thumbnail","hentry","category-responsabilidade-social","destaques-destaque-02"],"yoast_head":"<!-- This site is optimized with the Yoast SEO plugin v27.4 - https:\/\/yoast.com\/product\/yoast-seo-wordpress\/ -->\n<title>Capela S\u00e3o Marcos participa do Programa Fam\u00edlias Fortes - Alian\u00e7a de Miseric\u00f3rdia<\/title>\n<meta name=\"description\" content=\"A Capela S\u00e3o Marcos em Taipas, firmou uma parceria com o governo federal para o fortalecimento familiar, agora fazemos parte do Fam\u00edlias Fortes. Este\" \/>\n<meta name=\"robots\" content=\"index, follow, max-snippet:-1, max-image-preview:large, max-video-preview:-1\" \/>\n<link rel=\"canonical\" href=\"https:\/\/aliancasocial.org\/en\/capela-sao-marcos-participa-do-programa-familias-fortes\/\" \/>\n<meta property=\"og:locale\" content=\"en_US\" \/>\n<meta property=\"og:type\" content=\"article\" \/>\n<meta property=\"og:title\" content=\"Capela S\u00e3o Marcos participa do Programa Fam\u00edlias Fortes - Alian\u00e7a de Miseric\u00f3rdia\" \/>\n<meta property=\"og:description\" content=\"A Capela S\u00e3o Marcos em Taipas, firmou uma parceria com o governo federal para o fortalecimento familiar, agora fazemos parte do Fam\u00edlias Fortes. Este\" \/>\n<meta property=\"og:url\" content=\"https:\/\/aliancasocial.org\/en\/capela-sao-marcos-participa-do-programa-familias-fortes\/\" \/>\n<meta property=\"og:site_name\" content=\"Alian\u00e7a de Miseric\u00f3rdia\" \/>\n<meta property=\"article:publisher\" content=\"https:\/\/www.facebook.com\/iesmisericordia\/\" \/>\n<meta property=\"article:published_time\" content=\"2024-03-25T19:31:51+00:00\" \/>\n<meta property=\"article:modified_time\" content=\"2024-04-11T13:58:13+00:00\" \/>\n<meta property=\"og:image\" content=\"https:\/\/aliancasocial.org\/wp-content\/uploads\/2024\/03\/WhatsApp-Image-2024-03-22-at-09.07.23.jpeg\" \/>\n\t<meta property=\"og:image:width\" content=\"1600\" \/>\n\t<meta property=\"og:image:height\" content=\"720\" \/>\n\t<meta property=\"og:image:type\" content=\"image\/jpeg\" \/>\n<meta name=\"author\" content=\"Fernanda Monzambani\" \/>\n<meta name=\"twitter:card\" content=\"summary_large_image\" \/>\n<meta name=\"twitter:label1\" content=\"Written by\" \/>\n\t<meta name=\"twitter:data1\" content=\"Fernanda Monzambani\" \/>\n\t<meta name=\"twitter:label2\" content=\"Est. reading time\" \/>\n\t<meta name=\"twitter:data2\" content=\"4 minutes\" \/>\n<script type=\"application\/ld+json\" class=\"yoast-schema-graph\">{\"@context\":\"https:\\\/\\\/schema.org\",\"@graph\":[{\"@type\":\"Article\",\"@id\":\"https:\\\/\\\/aliancasocial.org\\\/capela-sao-marcos-participa-do-programa-familias-fortes\\\/#article\",\"isPartOf\":{\"@id\":\"https:\\\/\\\/aliancasocial.org\\\/capela-sao-marcos-participa-do-programa-familias-fortes\\\/\"},\"author\":{\"name\":\"Fernanda Monzambani\",\"@id\":\"https:\\\/\\\/aliancasocial.org\\\/#\\\/schema\\\/person\\\/78098b551faec531645dbd5d82778414\"},\"headline\":\"Capela S\u00e3o Marcos participa do Programa Fam\u00edlias Fortes\",\"datePublished\":\"2024-03-25T19:31:51+00:00\",\"dateModified\":\"2024-04-11T13:58:13+00:00\",\"mainEntityOfPage\":{\"@id\":\"https:\\\/\\\/aliancasocial.org\\\/capela-sao-marcos-participa-do-programa-familias-fortes\\\/\"},\"wordCount\":439,\"publisher\":{\"@id\":\"https:\\\/\\\/aliancasocial.org\\\/#organization\"},\"image\":{\"@id\":\"https:\\\/\\\/aliancasocial.org\\\/capela-sao-marcos-participa-do-programa-familias-fortes\\\/#primaryimage\"},\"thumbnailUrl\":\"https:\\\/\\\/aliancasocial.org\\\/wp-content\\\/uploads\\\/2024\\\/03\\\/WhatsApp-Image-2024-03-22-at-09.07.23.jpeg\",\"articleSection\":[\"Responsabilidade Social\"],\"inLanguage\":\"en-US\"},{\"@type\":\"WebPage\",\"@id\":\"https:\\\/\\\/aliancasocial.org\\\/capela-sao-marcos-participa-do-programa-familias-fortes\\\/\",\"url\":\"https:\\\/\\\/aliancasocial.org\\\/capela-sao-marcos-participa-do-programa-familias-fortes\\\/\",\"name\":\"Capela S\u00e3o Marcos participa do Programa Fam\u00edlias Fortes - Alian\u00e7a de Miseric\u00f3rdia\",\"isPartOf\":{\"@id\":\"https:\\\/\\\/aliancasocial.org\\\/#website\"},\"primaryImageOfPage\":{\"@id\":\"https:\\\/\\\/aliancasocial.org\\\/capela-sao-marcos-participa-do-programa-familias-fortes\\\/#primaryimage\"},\"image\":{\"@id\":\"https:\\\/\\\/aliancasocial.org\\\/capela-sao-marcos-participa-do-programa-familias-fortes\\\/#primaryimage\"},\"thumbnailUrl\":\"https:\\\/\\\/aliancasocial.org\\\/wp-content\\\/uploads\\\/2024\\\/03\\\/WhatsApp-Image-2024-03-22-at-09.07.23.jpeg\",\"datePublished\":\"2024-03-25T19:31:51+00:00\",\"dateModified\":\"2024-04-11T13:58:13+00:00\",\"description\":\"A Capela S\u00e3o Marcos em Taipas, firmou uma parceria com o governo federal para o fortalecimento familiar, agora fazemos parte do Fam\u00edlias Fortes. Este\",\"breadcrumb\":{\"@id\":\"https:\\\/\\\/aliancasocial.org\\\/capela-sao-marcos-participa-do-programa-familias-fortes\\\/#breadcrumb\"},\"inLanguage\":\"en-US\",\"potentialAction\":[{\"@type\":\"ReadAction\",\"target\":[\"https:\\\/\\\/aliancasocial.org\\\/capela-sao-marcos-participa-do-programa-familias-fortes\\\/\"]}]},{\"@type\":\"ImageObject\",\"inLanguage\":\"en-US\",\"@id\":\"https:\\\/\\\/aliancasocial.org\\\/capela-sao-marcos-participa-do-programa-familias-fortes\\\/#primaryimage\",\"url\":\"https:\\\/\\\/aliancasocial.org\\\/wp-content\\\/uploads\\\/2024\\\/03\\\/WhatsApp-Image-2024-03-22-at-09.07.23.jpeg\",\"contentUrl\":\"https:\\\/\\\/aliancasocial.org\\\/wp-content\\\/uploads\\\/2024\\\/03\\\/WhatsApp-Image-2024-03-22-at-09.07.23.jpeg\",\"width\":1600,\"height\":720},{\"@type\":\"BreadcrumbList\",\"@id\":\"https:\\\/\\\/aliancasocial.org\\\/capela-sao-marcos-participa-do-programa-familias-fortes\\\/#breadcrumb\",\"itemListElement\":[{\"@type\":\"ListItem\",\"position\":1,\"name\":\"In\u00edcio\",\"item\":\"https:\\\/\\\/aliancasocial.org\\\/en\\\/\"},{\"@type\":\"ListItem\",\"position\":2,\"name\":\"Capela S\u00e3o Marcos participa do Programa Fam\u00edlias Fortes\"}]},{\"@type\":\"WebSite\",\"@id\":\"https:\\\/\\\/aliancasocial.org\\\/#website\",\"url\":\"https:\\\/\\\/aliancasocial.org\\\/\",\"name\":\"Alian\u00e7a de Miseric\u00f3rdia\",\"description\":\"Levando dignidade humana a todos os cantos do mundo\",\"publisher\":{\"@id\":\"https:\\\/\\\/aliancasocial.org\\\/#organization\"},\"potentialAction\":[{\"@type\":\"SearchAction\",\"target\":{\"@type\":\"EntryPoint\",\"urlTemplate\":\"https:\\\/\\\/aliancasocial.org\\\/?s={search_term_string}\"},\"query-input\":{\"@type\":\"PropertyValueSpecification\",\"valueRequired\":true,\"valueName\":\"search_term_string\"}}],\"inLanguage\":\"en-US\"},{\"@type\":\"Organization\",\"@id\":\"https:\\\/\\\/aliancasocial.org\\\/#organization\",\"name\":\"Alian\u00e7a de Miseric\u00f3rdia\",\"url\":\"https:\\\/\\\/aliancasocial.org\\\/\",\"logo\":{\"@type\":\"ImageObject\",\"inLanguage\":\"en-US\",\"@id\":\"https:\\\/\\\/aliancasocial.org\\\/#\\\/schema\\\/logo\\\/image\\\/\",\"url\":\"https:\\\/\\\/aliancasocial.org\\\/wp-content\\\/uploads\\\/2022\\\/07\\\/logo-alianca-marrom.svg\",\"contentUrl\":\"https:\\\/\\\/aliancasocial.org\\\/wp-content\\\/uploads\\\/2022\\\/07\\\/logo-alianca-marrom.svg\",\"width\":91,\"height\":33,\"caption\":\"Alian\u00e7a de Miseric\u00f3rdia\"},\"image\":{\"@id\":\"https:\\\/\\\/aliancasocial.org\\\/#\\\/schema\\\/logo\\\/image\\\/\"},\"sameAs\":[\"https:\\\/\\\/www.facebook.com\\\/iesmisericordia\\\/\",\"https:\\\/\\\/www.instagram.com\\\/aliancademisericordia\\\/\"]},{\"@type\":\"Person\",\"@id\":\"https:\\\/\\\/aliancasocial.org\\\/#\\\/schema\\\/person\\\/78098b551faec531645dbd5d82778414\",\"name\":\"Fernanda Monzambani\",\"image\":{\"@type\":\"ImageObject\",\"inLanguage\":\"en-US\",\"@id\":\"https:\\\/\\\/secure.gravatar.com\\\/avatar\\\/aa6d89063e21cd9638051b6cd0602c108d4b79b0898534c712d68409f7e5b64c?s=96&d=mm&r=g\",\"url\":\"https:\\\/\\\/secure.gravatar.com\\\/avatar\\\/aa6d89063e21cd9638051b6cd0602c108d4b79b0898534c712d68409f7e5b64c?s=96&d=mm&r=g\",\"contentUrl\":\"https:\\\/\\\/secure.gravatar.com\\\/avatar\\\/aa6d89063e21cd9638051b6cd0602c108d4b79b0898534c712d68409f7e5b64c?s=96&d=mm&r=g\",\"caption\":\"Fernanda Monzambani\"},\"url\":\"https:\\\/\\\/aliancasocial.org\\\/en\\\/author\\\/fernanda\\\/\"}]}<\/script>\n<!-- \/ Yoast SEO plugin. -->","yoast_head_json":{"title":"St. Mark&#039;s Chapel participates in the Strong Families Program - Alliance of Mercy","description":"The S\u00e3o Marcos Chapel in Taipas has partnered with the federal government to strengthen families; we are now part of the Strong Families program.","robots":{"index":"index","follow":"follow","max-snippet":"max-snippet:-1","max-image-preview":"max-image-preview:large","max-video-preview":"max-video-preview:-1"},"canonical":"https:\/\/aliancasocial.org\/en\/capela-sao-marcos-participa-do-programa-familias-fortes\/","og_locale":"en_US","og_type":"article","og_title":"Capela S\u00e3o Marcos participa do Programa Fam\u00edlias Fortes - Alian\u00e7a de Miseric\u00f3rdia","og_description":"A Capela S\u00e3o Marcos em Taipas, firmou uma parceria com o governo federal para o fortalecimento familiar, agora fazemos parte do Fam\u00edlias Fortes. Este","og_url":"https:\/\/aliancasocial.org\/en\/capela-sao-marcos-participa-do-programa-familias-fortes\/","og_site_name":"Alian\u00e7a de Miseric\u00f3rdia","article_publisher":"https:\/\/www.facebook.com\/iesmisericordia\/","article_published_time":"2024-03-25T19:31:51+00:00","article_modified_time":"2024-04-11T13:58:13+00:00","og_image":[{"width":1600,"height":720,"url":"https:\/\/aliancasocial.org\/wp-content\/uploads\/2024\/03\/WhatsApp-Image-2024-03-22-at-09.07.23.jpeg","type":"image\/jpeg"}],"author":"Fernanda Monzambani","twitter_card":"summary_large_image","twitter_misc":{"Written by":"Fernanda Monzambani","Est. reading time":"4 minutes"},"schema":{"@context":"https:\/\/schema.org","@graph":[{"@type":"Article","@id":"https:\/\/aliancasocial.org\/capela-sao-marcos-participa-do-programa-familias-fortes\/#article","isPartOf":{"@id":"https:\/\/aliancasocial.org\/capela-sao-marcos-participa-do-programa-familias-fortes\/"},"author":{"name":"Fernanda Monzambani","@id":"https:\/\/aliancasocial.org\/#\/schema\/person\/78098b551faec531645dbd5d82778414"},"headline":"Capela S\u00e3o Marcos participa do Programa Fam\u00edlias Fortes","datePublished":"2024-03-25T19:31:51+00:00","dateModified":"2024-04-11T13:58:13+00:00","mainEntityOfPage":{"@id":"https:\/\/aliancasocial.org\/capela-sao-marcos-participa-do-programa-familias-fortes\/"},"wordCount":439,"publisher":{"@id":"https:\/\/aliancasocial.org\/#organization"},"image":{"@id":"https:\/\/aliancasocial.org\/capela-sao-marcos-participa-do-programa-familias-fortes\/#primaryimage"},"thumbnailUrl":"https:\/\/aliancasocial.org\/wp-content\/uploads\/2024\/03\/WhatsApp-Image-2024-03-22-at-09.07.23.jpeg","articleSection":["Responsabilidade Social"],"inLanguage":"en-US"},{"@type":"WebPage","@id":"https:\/\/aliancasocial.org\/capela-sao-marcos-participa-do-programa-familias-fortes\/","url":"https:\/\/aliancasocial.org\/capela-sao-marcos-participa-do-programa-familias-fortes\/","name":"St. Mark&#039;s Chapel participates in the Strong Families Program - Alliance of Mercy","isPartOf":{"@id":"https:\/\/aliancasocial.org\/#website"},"primaryImageOfPage":{"@id":"https:\/\/aliancasocial.org\/capela-sao-marcos-participa-do-programa-familias-fortes\/#primaryimage"},"image":{"@id":"https:\/\/aliancasocial.org\/capela-sao-marcos-participa-do-programa-familias-fortes\/#primaryimage"},"thumbnailUrl":"https:\/\/aliancasocial.org\/wp-content\/uploads\/2024\/03\/WhatsApp-Image-2024-03-22-at-09.07.23.jpeg","datePublished":"2024-03-25T19:31:51+00:00","dateModified":"2024-04-11T13:58:13+00:00","description":"The S\u00e3o Marcos Chapel in Taipas has partnered with the federal government to strengthen families; we are now part of the Strong Families program.","breadcrumb":{"@id":"https:\/\/aliancasocial.org\/capela-sao-marcos-participa-do-programa-familias-fortes\/#breadcrumb"},"inLanguage":"en-US","potentialAction":[{"@type":"ReadAction","target":["https:\/\/aliancasocial.org\/capela-sao-marcos-participa-do-programa-familias-fortes\/"]}]},{"@type":"ImageObject","inLanguage":"en-US","@id":"https:\/\/aliancasocial.org\/capela-sao-marcos-participa-do-programa-familias-fortes\/#primaryimage","url":"https:\/\/aliancasocial.org\/wp-content\/uploads\/2024\/03\/WhatsApp-Image-2024-03-22-at-09.07.23.jpeg","contentUrl":"https:\/\/aliancasocial.org\/wp-content\/uploads\/2024\/03\/WhatsApp-Image-2024-03-22-at-09.07.23.jpeg","width":1600,"height":720},{"@type":"BreadcrumbList","@id":"https:\/\/aliancasocial.org\/capela-sao-marcos-participa-do-programa-familias-fortes\/#breadcrumb","itemListElement":[{"@type":"ListItem","position":1,"name":"In\u00edcio","item":"https:\/\/aliancasocial.org\/en\/"},{"@type":"ListItem","position":2,"name":"Capela S\u00e3o Marcos participa do Programa Fam\u00edlias Fortes"}]},{"@type":"WebSite","@id":"https:\/\/aliancasocial.org\/#website","url":"https:\/\/aliancasocial.org\/","name":"Covenant of Mercy","description":"Bringing human dignity to every corner of the world","publisher":{"@id":"https:\/\/aliancasocial.org\/#organization"},"potentialAction":[{"@type":"SearchAction","target":{"@type":"EntryPoint","urlTemplate":"https:\/\/aliancasocial.org\/?s={search_term_string}"},"query-input":{"@type":"PropertyValueSpecification","valueRequired":true,"valueName":"search_term_string"}}],"inLanguage":"en-US"},{"@type":"Organization","@id":"https:\/\/aliancasocial.org\/#organization","name":"Covenant of Mercy","url":"https:\/\/aliancasocial.org\/","logo":{"@type":"ImageObject","inLanguage":"en-US","@id":"https:\/\/aliancasocial.org\/#\/schema\/logo\/image\/","url":"https:\/\/aliancasocial.org\/wp-content\/uploads\/2022\/07\/logo-alianca-marrom.svg","contentUrl":"https:\/\/aliancasocial.org\/wp-content\/uploads\/2022\/07\/logo-alianca-marrom.svg","width":91,"height":33,"caption":"Alian\u00e7a de Miseric\u00f3rdia"},"image":{"@id":"https:\/\/aliancasocial.org\/#\/schema\/logo\/image\/"},"sameAs":["https:\/\/www.facebook.com\/iesmisericordia\/","https:\/\/www.instagram.com\/aliancademisericordia\/"]},{"@type":"Person","@id":"https:\/\/aliancasocial.org\/#\/schema\/person\/78098b551faec531645dbd5d82778414","name":"Fernanda Monzambani","image":{"@type":"ImageObject","inLanguage":"en-US","@id":"https:\/\/secure.gravatar.com\/avatar\/aa6d89063e21cd9638051b6cd0602c108d4b79b0898534c712d68409f7e5b64c?s=96&d=mm&r=g","url":"https:\/\/secure.gravatar.com\/avatar\/aa6d89063e21cd9638051b6cd0602c108d4b79b0898534c712d68409f7e5b64c?s=96&d=mm&r=g","contentUrl":"https:\/\/secure.gravatar.com\/avatar\/aa6d89063e21cd9638051b6cd0602c108d4b79b0898534c712d68409f7e5b64c?s=96&d=mm&r=g","caption":"Fernanda Monzambani"},"url":"https:\/\/aliancasocial.org\/en\/author\/fernanda\/"}]}},"_links":{"self":[{"href":"https:\/\/aliancasocial.org\/en\/wp-json\/wp\/v2\/posts\/10972","targetHints":{"allow":["GET"]}}],"collection":[{"href":"https:\/\/aliancasocial.org\/en\/wp-json\/wp\/v2\/posts"}],"about":[{"href":"https:\/\/aliancasocial.org\/en\/wp-json\/wp\/v2\/types\/post"}],"author":[{"embeddable":true,"href":"https:\/\/aliancasocial.org\/en\/wp-json\/wp\/v2\/users\/8"}],"replies":[{"embeddable":true,"href":"https:\/\/aliancasocial.org\/en\/wp-json\/wp\/v2\/comments?post=10972"}],"version-history":[{"count":0,"href":"https:\/\/aliancasocial.org\/en\/wp-json\/wp\/v2\/posts\/10972\/revisions"}],"wp:featuredmedia":[{"embeddable":true,"href":"https:\/\/aliancasocial.org\/en\/wp-json\/wp\/v2\/media\/10974"}],"wp:attachment":[{"href":"https:\/\/aliancasocial.org\/en\/wp-json\/wp\/v2\/media?parent=10972"}],"wp:term":[{"taxonomy":"category","embeddable":true,"href":"https:\/\/aliancasocial.org\/en\/wp-json\/wp\/v2\/categories?post=10972"},{"taxonomy":"post_tag","embeddable":true,"href":"https:\/\/aliancasocial.org\/en\/wp-json\/wp\/v2\/tags?post=10972"},{"taxonomy":"destaques","embeddable":true,"href":"https:\/\/aliancasocial.org\/en\/wp-json\/wp\/v2\/destaques?post=10972"}],"curies":[{"name":"wp","href":"https:\/\/api.w.org\/{rel}","templated":true}]}}