{"id":10987,"date":"2024-03-26T18:56:44","date_gmt":"2024-03-26T21:56:44","guid":{"rendered":"https:\/\/aliancasocial.org\/?p=10987"},"modified":"2024-04-11T10:58:18","modified_gmt":"2024-04-11T13:58:18","slug":"acolhimento-e-transformacao-acoes-marcantes-no-mes-de-marco-celebram-mulher-e-fortalecimento-de-vinculos","status":"publish","type":"post","link":"https:\/\/aliancasocial.org\/en\/acolhimento-e-transformacao-acoes-marcantes-no-mes-de-marco-celebram-mulher-e-fortalecimento-de-vinculos\/","title":{"rendered":"Welcome and transformation: Striking actions in the month of March celebrate Women and Strengthening Bonds"},"content":{"rendered":"<p>In the month dedicated to the celebration and appreciation of women, Alian\u00e7a de Miseric\u00f3rdia intensified its activities in different projects, highlighting the inauguration of the podcast in <strong>Home Restore Me<\/strong> in Sao Paulo.<\/p>\n\n\n\n<p>The new podcast, a monthly initiative, was launched in style with the presence of Cidoca, a daughter and collaborator of Alian\u00e7a, who shared her life testimony. Alongside her, Tathy Nogueira, vice-president of the institution, brought reflections on the charisma and essence of the Movement, while addressing experiences of street evangelization and mission.<\/p>\n\n\n\n<p>The event, led by Leandro and Gumercindo, presenters of the program, had the participation of 50 special guests, homeless brothers, providing a space for sharing and live communion. In addition, the podcast will be broadcast simultaneously on Casa Restaura-me&#039;s internal local radio, expanding its reach and impact.<\/p>\n\n\n\n<p><strong><a href=\"https:\/\/misericordia.com.br\/cafeteria-inaugurada-na-casa-restaura-me-de-sao-paulo-um-refugio-de-cuidado-e-valorizacao\/\">+ Cafeteria opened at Casa Restaura-me in S\u00e3o Paulo: A refuge of care and appreciation<\/a><\/strong><\/p>\n\n\n\n<p>Meanwhile, in <strong>SASF Centro Maria Paola<\/strong>, women&#039;s week was marked by a series of activities focused on self-care and personal development of women assisted by the service. Braiding and eyebrow design workshops were held, in addition to an inspiring Virtues Bingo, promoting moments of learning and coexistence.<\/p>\n\n\n\n<p>At the <strong>CCA Padre Pio<\/strong>, there was \u201cBeauty Day\u201d dedicated to the well-being of children and adolescents. With the support of volunteers, services such as haircuts, hydration, nail polish and hairstyle were offered, providing a day of joy and high self-esteem.<\/p>\n\n\n\n<p>Finally, in <strong>village cuore<\/strong>, Alian\u00e7a de Miseric\u00f3rdia promoted a moment of learning and income generation for women in the Taipas Park region, through the making of Easter eggs, chocolates and truffles. In addition to contributing to family support, this initiative strengthened community ties, providing a space for care, listening and coexistence for everyone.<\/p>\n\n\n\n<p><strong><a href=\"https:\/\/misericordia.com.br\/populacao-em-situacao-de-rua-em-alta-alianca-de-misericordia-age-para-transformar-essa-realidade\/#:~:text=Segundo%20o%20estudo%2C%20a%20popula%C3%A7%C3%A3o,aumento%20de%20935%2C31%25.\">+ Homeless population on the rise: Alian\u00e7a de Miseric\u00f3rdia acts to transform this reality<\/a><\/strong><\/p>\n\n\n\n<p>Thus, the Alliance of Mercy reiterates its commitment to promoting human dignity, while continuing to strengthen community ties and transform lives through its various social and evangelization projects.<\/p>","protected":false},"excerpt":{"rendered":"<p>No m\u00eas dedicado \u00e0 celebra\u00e7\u00e3o e valoriza\u00e7\u00e3o da mulher, a Alian\u00e7a de Miseric\u00f3rdia intensificou suas atividades em diferentes projetos, destacando-se a inaugura\u00e7\u00e3o do podcast na Casa Restaura-me em S\u00e3o Paulo. O novo podcast, uma iniciativa mensal, foi lan\u00e7ado em grande estilo com a presen\u00e7a de Cidoca, uma filha e colaboradora da Alian\u00e7a, que compartilhou seu [&hellip;]<\/p>\n","protected":false},"author":8,"featured_media":10995,"comment_status":"closed","ping_status":"closed","sticky":false,"template":"","format":"standard","meta":{"footnotes":""},"categories":[47],"tags":[],"destaques":[37],"class_list":["post-10987","post","type-post","status-publish","format-standard","has-post-thumbnail","hentry","category-responsabilidade-social","destaques-destaque-02"],"yoast_head":"<!-- This site is optimized with the Yoast SEO plugin v27.4 - https:\/\/yoast.com\/product\/yoast-seo-wordpress\/ -->\n<title>Acolhimento e transforma\u00e7\u00e3o: A\u00e7\u00f5es marcantes no m\u00eas de mar\u00e7o celebram Mulher e Fortalecimento de V\u00ednculos - Alian\u00e7a de Miseric\u00f3rdia<\/title>\n<meta name=\"description\" content=\"No m\u00eas dedicado \u00e0 celebra\u00e7\u00e3o e valoriza\u00e7\u00e3o da mulher, a Alian\u00e7a de Miseric\u00f3rdia intensificou suas atividades em diferentes projetos, destacando-se a\" \/>\n<meta name=\"robots\" content=\"index, follow, max-snippet:-1, max-image-preview:large, max-video-preview:-1\" \/>\n<link rel=\"canonical\" href=\"https:\/\/aliancasocial.org\/en\/acolhimento-e-transformacao-acoes-marcantes-no-mes-de-marco-celebram-mulher-e-fortalecimento-de-vinculos\/\" \/>\n<meta property=\"og:locale\" content=\"en_US\" \/>\n<meta property=\"og:type\" content=\"article\" \/>\n<meta property=\"og:title\" content=\"Acolhimento e transforma\u00e7\u00e3o: A\u00e7\u00f5es marcantes no m\u00eas de mar\u00e7o celebram Mulher e Fortalecimento de V\u00ednculos - Alian\u00e7a de Miseric\u00f3rdia\" \/>\n<meta property=\"og:description\" content=\"No m\u00eas dedicado \u00e0 celebra\u00e7\u00e3o e valoriza\u00e7\u00e3o da mulher, a Alian\u00e7a de Miseric\u00f3rdia intensificou suas atividades em diferentes projetos, destacando-se a\" \/>\n<meta property=\"og:url\" content=\"https:\/\/aliancasocial.org\/en\/acolhimento-e-transformacao-acoes-marcantes-no-mes-de-marco-celebram-mulher-e-fortalecimento-de-vinculos\/\" \/>\n<meta property=\"og:site_name\" content=\"Alian\u00e7a de Miseric\u00f3rdia\" \/>\n<meta property=\"article:publisher\" content=\"https:\/\/www.facebook.com\/iesmisericordia\/\" \/>\n<meta property=\"article:published_time\" content=\"2024-03-26T21:56:44+00:00\" \/>\n<meta property=\"article:modified_time\" content=\"2024-04-11T13:58:18+00:00\" \/>\n<meta property=\"og:image\" content=\"https:\/\/aliancasocial.org\/wp-content\/uploads\/2024\/03\/ALIANCA-MODELO-POST32.png\" \/>\n\t<meta property=\"og:image:width\" content=\"835\" \/>\n\t<meta property=\"og:image:height\" content=\"835\" \/>\n\t<meta property=\"og:image:type\" content=\"image\/png\" \/>\n<meta name=\"author\" content=\"Fernanda Monzambani\" \/>\n<meta name=\"twitter:card\" content=\"summary_large_image\" \/>\n<meta name=\"twitter:label1\" content=\"Written by\" \/>\n\t<meta name=\"twitter:data1\" content=\"Fernanda Monzambani\" \/>\n\t<meta name=\"twitter:label2\" content=\"Est. reading time\" \/>\n\t<meta name=\"twitter:data2\" content=\"3 minutes\" \/>\n<script type=\"application\/ld+json\" class=\"yoast-schema-graph\">{\"@context\":\"https:\\\/\\\/schema.org\",\"@graph\":[{\"@type\":\"Article\",\"@id\":\"https:\\\/\\\/aliancasocial.org\\\/acolhimento-e-transformacao-acoes-marcantes-no-mes-de-marco-celebram-mulher-e-fortalecimento-de-vinculos\\\/#article\",\"isPartOf\":{\"@id\":\"https:\\\/\\\/aliancasocial.org\\\/acolhimento-e-transformacao-acoes-marcantes-no-mes-de-marco-celebram-mulher-e-fortalecimento-de-vinculos\\\/\"},\"author\":{\"name\":\"Fernanda Monzambani\",\"@id\":\"https:\\\/\\\/aliancasocial.org\\\/#\\\/schema\\\/person\\\/78098b551faec531645dbd5d82778414\"},\"headline\":\"Acolhimento e transforma\u00e7\u00e3o: A\u00e7\u00f5es marcantes no m\u00eas de mar\u00e7o celebram Mulher e Fortalecimento de V\u00ednculos\",\"datePublished\":\"2024-03-26T21:56:44+00:00\",\"dateModified\":\"2024-04-11T13:58:18+00:00\",\"mainEntityOfPage\":{\"@id\":\"https:\\\/\\\/aliancasocial.org\\\/acolhimento-e-transformacao-acoes-marcantes-no-mes-de-marco-celebram-mulher-e-fortalecimento-de-vinculos\\\/\"},\"wordCount\":427,\"publisher\":{\"@id\":\"https:\\\/\\\/aliancasocial.org\\\/#organization\"},\"image\":{\"@id\":\"https:\\\/\\\/aliancasocial.org\\\/acolhimento-e-transformacao-acoes-marcantes-no-mes-de-marco-celebram-mulher-e-fortalecimento-de-vinculos\\\/#primaryimage\"},\"thumbnailUrl\":\"https:\\\/\\\/aliancasocial.org\\\/wp-content\\\/uploads\\\/2024\\\/03\\\/ALIANCA-MODELO-POST32.png\",\"articleSection\":[\"Responsabilidade Social\"],\"inLanguage\":\"en-US\"},{\"@type\":\"WebPage\",\"@id\":\"https:\\\/\\\/aliancasocial.org\\\/acolhimento-e-transformacao-acoes-marcantes-no-mes-de-marco-celebram-mulher-e-fortalecimento-de-vinculos\\\/\",\"url\":\"https:\\\/\\\/aliancasocial.org\\\/acolhimento-e-transformacao-acoes-marcantes-no-mes-de-marco-celebram-mulher-e-fortalecimento-de-vinculos\\\/\",\"name\":\"Acolhimento e transforma\u00e7\u00e3o: A\u00e7\u00f5es marcantes no m\u00eas de mar\u00e7o celebram Mulher e Fortalecimento de V\u00ednculos - Alian\u00e7a de Miseric\u00f3rdia\",\"isPartOf\":{\"@id\":\"https:\\\/\\\/aliancasocial.org\\\/#website\"},\"primaryImageOfPage\":{\"@id\":\"https:\\\/\\\/aliancasocial.org\\\/acolhimento-e-transformacao-acoes-marcantes-no-mes-de-marco-celebram-mulher-e-fortalecimento-de-vinculos\\\/#primaryimage\"},\"image\":{\"@id\":\"https:\\\/\\\/aliancasocial.org\\\/acolhimento-e-transformacao-acoes-marcantes-no-mes-de-marco-celebram-mulher-e-fortalecimento-de-vinculos\\\/#primaryimage\"},\"thumbnailUrl\":\"https:\\\/\\\/aliancasocial.org\\\/wp-content\\\/uploads\\\/2024\\\/03\\\/ALIANCA-MODELO-POST32.png\",\"datePublished\":\"2024-03-26T21:56:44+00:00\",\"dateModified\":\"2024-04-11T13:58:18+00:00\",\"description\":\"No m\u00eas dedicado \u00e0 celebra\u00e7\u00e3o e valoriza\u00e7\u00e3o da mulher, a Alian\u00e7a de Miseric\u00f3rdia intensificou suas atividades em diferentes projetos, destacando-se a\",\"breadcrumb\":{\"@id\":\"https:\\\/\\\/aliancasocial.org\\\/acolhimento-e-transformacao-acoes-marcantes-no-mes-de-marco-celebram-mulher-e-fortalecimento-de-vinculos\\\/#breadcrumb\"},\"inLanguage\":\"en-US\",\"potentialAction\":[{\"@type\":\"ReadAction\",\"target\":[\"https:\\\/\\\/aliancasocial.org\\\/acolhimento-e-transformacao-acoes-marcantes-no-mes-de-marco-celebram-mulher-e-fortalecimento-de-vinculos\\\/\"]}]},{\"@type\":\"ImageObject\",\"inLanguage\":\"en-US\",\"@id\":\"https:\\\/\\\/aliancasocial.org\\\/acolhimento-e-transformacao-acoes-marcantes-no-mes-de-marco-celebram-mulher-e-fortalecimento-de-vinculos\\\/#primaryimage\",\"url\":\"https:\\\/\\\/aliancasocial.org\\\/wp-content\\\/uploads\\\/2024\\\/03\\\/ALIANCA-MODELO-POST32.png\",\"contentUrl\":\"https:\\\/\\\/aliancasocial.org\\\/wp-content\\\/uploads\\\/2024\\\/03\\\/ALIANCA-MODELO-POST32.png\",\"width\":835,\"height\":835},{\"@type\":\"BreadcrumbList\",\"@id\":\"https:\\\/\\\/aliancasocial.org\\\/acolhimento-e-transformacao-acoes-marcantes-no-mes-de-marco-celebram-mulher-e-fortalecimento-de-vinculos\\\/#breadcrumb\",\"itemListElement\":[{\"@type\":\"ListItem\",\"position\":1,\"name\":\"In\u00edcio\",\"item\":\"https:\\\/\\\/aliancasocial.org\\\/en\\\/\"},{\"@type\":\"ListItem\",\"position\":2,\"name\":\"Acolhimento e transforma\u00e7\u00e3o: A\u00e7\u00f5es marcantes no m\u00eas de mar\u00e7o celebram Mulher e Fortalecimento de V\u00ednculos\"}]},{\"@type\":\"WebSite\",\"@id\":\"https:\\\/\\\/aliancasocial.org\\\/#website\",\"url\":\"https:\\\/\\\/aliancasocial.org\\\/\",\"name\":\"Alian\u00e7a de Miseric\u00f3rdia\",\"description\":\"Levando dignidade humana a todos os cantos do mundo\",\"publisher\":{\"@id\":\"https:\\\/\\\/aliancasocial.org\\\/#organization\"},\"potentialAction\":[{\"@type\":\"SearchAction\",\"target\":{\"@type\":\"EntryPoint\",\"urlTemplate\":\"https:\\\/\\\/aliancasocial.org\\\/?s={search_term_string}\"},\"query-input\":{\"@type\":\"PropertyValueSpecification\",\"valueRequired\":true,\"valueName\":\"search_term_string\"}}],\"inLanguage\":\"en-US\"},{\"@type\":\"Organization\",\"@id\":\"https:\\\/\\\/aliancasocial.org\\\/#organization\",\"name\":\"Alian\u00e7a de Miseric\u00f3rdia\",\"url\":\"https:\\\/\\\/aliancasocial.org\\\/\",\"logo\":{\"@type\":\"ImageObject\",\"inLanguage\":\"en-US\",\"@id\":\"https:\\\/\\\/aliancasocial.org\\\/#\\\/schema\\\/logo\\\/image\\\/\",\"url\":\"https:\\\/\\\/aliancasocial.org\\\/wp-content\\\/uploads\\\/2022\\\/07\\\/logo-alianca-marrom.svg\",\"contentUrl\":\"https:\\\/\\\/aliancasocial.org\\\/wp-content\\\/uploads\\\/2022\\\/07\\\/logo-alianca-marrom.svg\",\"width\":91,\"height\":33,\"caption\":\"Alian\u00e7a de Miseric\u00f3rdia\"},\"image\":{\"@id\":\"https:\\\/\\\/aliancasocial.org\\\/#\\\/schema\\\/logo\\\/image\\\/\"},\"sameAs\":[\"https:\\\/\\\/www.facebook.com\\\/iesmisericordia\\\/\",\"https:\\\/\\\/www.instagram.com\\\/aliancademisericordia\\\/\"]},{\"@type\":\"Person\",\"@id\":\"https:\\\/\\\/aliancasocial.org\\\/#\\\/schema\\\/person\\\/78098b551faec531645dbd5d82778414\",\"name\":\"Fernanda Monzambani\",\"image\":{\"@type\":\"ImageObject\",\"inLanguage\":\"en-US\",\"@id\":\"https:\\\/\\\/secure.gravatar.com\\\/avatar\\\/aa6d89063e21cd9638051b6cd0602c108d4b79b0898534c712d68409f7e5b64c?s=96&d=mm&r=g\",\"url\":\"https:\\\/\\\/secure.gravatar.com\\\/avatar\\\/aa6d89063e21cd9638051b6cd0602c108d4b79b0898534c712d68409f7e5b64c?s=96&d=mm&r=g\",\"contentUrl\":\"https:\\\/\\\/secure.gravatar.com\\\/avatar\\\/aa6d89063e21cd9638051b6cd0602c108d4b79b0898534c712d68409f7e5b64c?s=96&d=mm&r=g\",\"caption\":\"Fernanda Monzambani\"},\"url\":\"https:\\\/\\\/aliancasocial.org\\\/en\\\/author\\\/fernanda\\\/\"}]}<\/script>\n<!-- \/ Yoast SEO plugin. -->","yoast_head_json":{"title":"Acolhimento e transforma\u00e7\u00e3o: A\u00e7\u00f5es marcantes no m\u00eas de mar\u00e7o celebram Mulher e Fortalecimento de V\u00ednculos - Alian\u00e7a de Miseric\u00f3rdia","description":"No m\u00eas dedicado \u00e0 celebra\u00e7\u00e3o e valoriza\u00e7\u00e3o da mulher, a Alian\u00e7a de Miseric\u00f3rdia intensificou suas atividades em diferentes projetos, destacando-se a","robots":{"index":"index","follow":"follow","max-snippet":"max-snippet:-1","max-image-preview":"max-image-preview:large","max-video-preview":"max-video-preview:-1"},"canonical":"https:\/\/aliancasocial.org\/en\/acolhimento-e-transformacao-acoes-marcantes-no-mes-de-marco-celebram-mulher-e-fortalecimento-de-vinculos\/","og_locale":"en_US","og_type":"article","og_title":"Acolhimento e transforma\u00e7\u00e3o: A\u00e7\u00f5es marcantes no m\u00eas de mar\u00e7o celebram Mulher e Fortalecimento de V\u00ednculos - Alian\u00e7a de Miseric\u00f3rdia","og_description":"No m\u00eas dedicado \u00e0 celebra\u00e7\u00e3o e valoriza\u00e7\u00e3o da mulher, a Alian\u00e7a de Miseric\u00f3rdia intensificou suas atividades em diferentes projetos, destacando-se a","og_url":"https:\/\/aliancasocial.org\/en\/acolhimento-e-transformacao-acoes-marcantes-no-mes-de-marco-celebram-mulher-e-fortalecimento-de-vinculos\/","og_site_name":"Alian\u00e7a de Miseric\u00f3rdia","article_publisher":"https:\/\/www.facebook.com\/iesmisericordia\/","article_published_time":"2024-03-26T21:56:44+00:00","article_modified_time":"2024-04-11T13:58:18+00:00","og_image":[{"width":835,"height":835,"url":"https:\/\/aliancasocial.org\/wp-content\/uploads\/2024\/03\/ALIANCA-MODELO-POST32.png","type":"image\/png"}],"author":"Fernanda Monzambani","twitter_card":"summary_large_image","twitter_misc":{"Written by":"Fernanda Monzambani","Est. reading time":"3 minutes"},"schema":{"@context":"https:\/\/schema.org","@graph":[{"@type":"Article","@id":"https:\/\/aliancasocial.org\/acolhimento-e-transformacao-acoes-marcantes-no-mes-de-marco-celebram-mulher-e-fortalecimento-de-vinculos\/#article","isPartOf":{"@id":"https:\/\/aliancasocial.org\/acolhimento-e-transformacao-acoes-marcantes-no-mes-de-marco-celebram-mulher-e-fortalecimento-de-vinculos\/"},"author":{"name":"Fernanda Monzambani","@id":"https:\/\/aliancasocial.org\/#\/schema\/person\/78098b551faec531645dbd5d82778414"},"headline":"Acolhimento e transforma\u00e7\u00e3o: A\u00e7\u00f5es marcantes no m\u00eas de mar\u00e7o celebram Mulher e Fortalecimento de V\u00ednculos","datePublished":"2024-03-26T21:56:44+00:00","dateModified":"2024-04-11T13:58:18+00:00","mainEntityOfPage":{"@id":"https:\/\/aliancasocial.org\/acolhimento-e-transformacao-acoes-marcantes-no-mes-de-marco-celebram-mulher-e-fortalecimento-de-vinculos\/"},"wordCount":427,"publisher":{"@id":"https:\/\/aliancasocial.org\/#organization"},"image":{"@id":"https:\/\/aliancasocial.org\/acolhimento-e-transformacao-acoes-marcantes-no-mes-de-marco-celebram-mulher-e-fortalecimento-de-vinculos\/#primaryimage"},"thumbnailUrl":"https:\/\/aliancasocial.org\/wp-content\/uploads\/2024\/03\/ALIANCA-MODELO-POST32.png","articleSection":["Responsabilidade Social"],"inLanguage":"en-US"},{"@type":"WebPage","@id":"https:\/\/aliancasocial.org\/acolhimento-e-transformacao-acoes-marcantes-no-mes-de-marco-celebram-mulher-e-fortalecimento-de-vinculos\/","url":"https:\/\/aliancasocial.org\/acolhimento-e-transformacao-acoes-marcantes-no-mes-de-marco-celebram-mulher-e-fortalecimento-de-vinculos\/","name":"Acolhimento e transforma\u00e7\u00e3o: A\u00e7\u00f5es marcantes no m\u00eas de mar\u00e7o celebram Mulher e Fortalecimento de V\u00ednculos - Alian\u00e7a de Miseric\u00f3rdia","isPartOf":{"@id":"https:\/\/aliancasocial.org\/#website"},"primaryImageOfPage":{"@id":"https:\/\/aliancasocial.org\/acolhimento-e-transformacao-acoes-marcantes-no-mes-de-marco-celebram-mulher-e-fortalecimento-de-vinculos\/#primaryimage"},"image":{"@id":"https:\/\/aliancasocial.org\/acolhimento-e-transformacao-acoes-marcantes-no-mes-de-marco-celebram-mulher-e-fortalecimento-de-vinculos\/#primaryimage"},"thumbnailUrl":"https:\/\/aliancasocial.org\/wp-content\/uploads\/2024\/03\/ALIANCA-MODELO-POST32.png","datePublished":"2024-03-26T21:56:44+00:00","dateModified":"2024-04-11T13:58:18+00:00","description":"No m\u00eas dedicado \u00e0 celebra\u00e7\u00e3o e valoriza\u00e7\u00e3o da mulher, a Alian\u00e7a de Miseric\u00f3rdia intensificou suas atividades em diferentes projetos, destacando-se a","breadcrumb":{"@id":"https:\/\/aliancasocial.org\/acolhimento-e-transformacao-acoes-marcantes-no-mes-de-marco-celebram-mulher-e-fortalecimento-de-vinculos\/#breadcrumb"},"inLanguage":"en-US","potentialAction":[{"@type":"ReadAction","target":["https:\/\/aliancasocial.org\/acolhimento-e-transformacao-acoes-marcantes-no-mes-de-marco-celebram-mulher-e-fortalecimento-de-vinculos\/"]}]},{"@type":"ImageObject","inLanguage":"en-US","@id":"https:\/\/aliancasocial.org\/acolhimento-e-transformacao-acoes-marcantes-no-mes-de-marco-celebram-mulher-e-fortalecimento-de-vinculos\/#primaryimage","url":"https:\/\/aliancasocial.org\/wp-content\/uploads\/2024\/03\/ALIANCA-MODELO-POST32.png","contentUrl":"https:\/\/aliancasocial.org\/wp-content\/uploads\/2024\/03\/ALIANCA-MODELO-POST32.png","width":835,"height":835},{"@type":"BreadcrumbList","@id":"https:\/\/aliancasocial.org\/acolhimento-e-transformacao-acoes-marcantes-no-mes-de-marco-celebram-mulher-e-fortalecimento-de-vinculos\/#breadcrumb","itemListElement":[{"@type":"ListItem","position":1,"name":"In\u00edcio","item":"https:\/\/aliancasocial.org\/en\/"},{"@type":"ListItem","position":2,"name":"Acolhimento e transforma\u00e7\u00e3o: A\u00e7\u00f5es marcantes no m\u00eas de mar\u00e7o celebram Mulher e Fortalecimento de V\u00ednculos"}]},{"@type":"WebSite","@id":"https:\/\/aliancasocial.org\/#website","url":"https:\/\/aliancasocial.org\/","name":"Covenant of Mercy","description":"Bringing human dignity to every corner of the world","publisher":{"@id":"https:\/\/aliancasocial.org\/#organization"},"potentialAction":[{"@type":"SearchAction","target":{"@type":"EntryPoint","urlTemplate":"https:\/\/aliancasocial.org\/?s={search_term_string}"},"query-input":{"@type":"PropertyValueSpecification","valueRequired":true,"valueName":"search_term_string"}}],"inLanguage":"en-US"},{"@type":"Organization","@id":"https:\/\/aliancasocial.org\/#organization","name":"Covenant of Mercy","url":"https:\/\/aliancasocial.org\/","logo":{"@type":"ImageObject","inLanguage":"en-US","@id":"https:\/\/aliancasocial.org\/#\/schema\/logo\/image\/","url":"https:\/\/aliancasocial.org\/wp-content\/uploads\/2022\/07\/logo-alianca-marrom.svg","contentUrl":"https:\/\/aliancasocial.org\/wp-content\/uploads\/2022\/07\/logo-alianca-marrom.svg","width":91,"height":33,"caption":"Alian\u00e7a de Miseric\u00f3rdia"},"image":{"@id":"https:\/\/aliancasocial.org\/#\/schema\/logo\/image\/"},"sameAs":["https:\/\/www.facebook.com\/iesmisericordia\/","https:\/\/www.instagram.com\/aliancademisericordia\/"]},{"@type":"Person","@id":"https:\/\/aliancasocial.org\/#\/schema\/person\/78098b551faec531645dbd5d82778414","name":"Fernanda Monzambani","image":{"@type":"ImageObject","inLanguage":"en-US","@id":"https:\/\/secure.gravatar.com\/avatar\/aa6d89063e21cd9638051b6cd0602c108d4b79b0898534c712d68409f7e5b64c?s=96&d=mm&r=g","url":"https:\/\/secure.gravatar.com\/avatar\/aa6d89063e21cd9638051b6cd0602c108d4b79b0898534c712d68409f7e5b64c?s=96&d=mm&r=g","contentUrl":"https:\/\/secure.gravatar.com\/avatar\/aa6d89063e21cd9638051b6cd0602c108d4b79b0898534c712d68409f7e5b64c?s=96&d=mm&r=g","caption":"Fernanda Monzambani"},"url":"https:\/\/aliancasocial.org\/en\/author\/fernanda\/"}]}},"_links":{"self":[{"href":"https:\/\/aliancasocial.org\/en\/wp-json\/wp\/v2\/posts\/10987","targetHints":{"allow":["GET"]}}],"collection":[{"href":"https:\/\/aliancasocial.org\/en\/wp-json\/wp\/v2\/posts"}],"about":[{"href":"https:\/\/aliancasocial.org\/en\/wp-json\/wp\/v2\/types\/post"}],"author":[{"embeddable":true,"href":"https:\/\/aliancasocial.org\/en\/wp-json\/wp\/v2\/users\/8"}],"replies":[{"embeddable":true,"href":"https:\/\/aliancasocial.org\/en\/wp-json\/wp\/v2\/comments?post=10987"}],"version-history":[{"count":0,"href":"https:\/\/aliancasocial.org\/en\/wp-json\/wp\/v2\/posts\/10987\/revisions"}],"wp:featuredmedia":[{"embeddable":true,"href":"https:\/\/aliancasocial.org\/en\/wp-json\/wp\/v2\/media\/10995"}],"wp:attachment":[{"href":"https:\/\/aliancasocial.org\/en\/wp-json\/wp\/v2\/media?parent=10987"}],"wp:term":[{"taxonomy":"category","embeddable":true,"href":"https:\/\/aliancasocial.org\/en\/wp-json\/wp\/v2\/categories?post=10987"},{"taxonomy":"post_tag","embeddable":true,"href":"https:\/\/aliancasocial.org\/en\/wp-json\/wp\/v2\/tags?post=10987"},{"taxonomy":"destaques","embeddable":true,"href":"https:\/\/aliancasocial.org\/en\/wp-json\/wp\/v2\/destaques?post=10987"}],"curies":[{"name":"wp","href":"https:\/\/api.w.org\/{rel}","templated":true}]}}