{"id":11001,"date":"2024-03-27T12:19:30","date_gmt":"2024-03-27T15:19:30","guid":{"rendered":"https:\/\/aliancasocial.org\/?p=11001"},"modified":"2024-03-27T12:19:32","modified_gmt":"2024-03-27T15:19:32","slug":"transforme-seu-imposto-de-renda-em-esperanca-e-oportunidade-para-o-cca-sao-domingos-savio","status":"publish","type":"post","link":"https:\/\/aliancasocial.org\/en\/transforme-seu-imposto-de-renda-em-esperanca-e-oportunidade-para-o-cca-sao-domingos-savio\/","title":{"rendered":"Turn your Income Tax into Hope and Opportunity for CCA S\u00e3o Domingos S\u00e1vio"},"content":{"rendered":"<p><em>It&#039;s time to declare your Income Tax, and did you know that you can allocate part of it to social causes? This year, Alian\u00e7a de Miseric\u00f3rdia invites you to direct part of your Income Tax to the S\u00e3o Domingos S\u00e1vio Center for Children and Adolescents (CCA S\u00e3o Domingos S\u00e1vio), a project that has been transforming lives in Favela do Moinho, in S\u00e3o Paulo. Don&#039;t forget: the declaration must be submitted between March 15th and May 31st.<\/em><\/p>\n\n\n\n<p>In the midst of a challenging scenario, Alian\u00e7a de Miseric\u00f3rdia has been a sign of hope for hundreds of children and adolescents at social risk. An example of this commitment is the S\u00e3o Domingos S\u00e1vio Center for Children and Adolescents, located in Favela do Moinho, in S\u00e3o Paulo.<\/p>\n\n\n\n<p>Favela do Moinho, one of the largest favelas in the center of S\u00e3o Paulo, is home to more than five thousand people living in extreme poverty. For these families, CCA S\u00e3o Domingos S\u00e1vio represents not only a welcoming space, but also an opportunity for transformation for 120 children and adolescents aged between 6 and 14 years and 11 months.<\/p>\n\n\n\n<p>With socio-educational, recreational, sporting and cultural activities, the center offers a safe and stimulating environment after school. More than that, it provides families with the peace of mind of knowing that their children are in good hands, allowing them greater availability for the job market. And now, you can be part of this transformation too!<\/p>\n\n\n\n<p><strong>FIND OUT HOW TO CONTRIBUTE TO YOUR INCOME TAX<\/strong><\/p>\n\n\n\n<p>By allocating part of your Income Tax to CCA S\u00e3o Domingos S\u00e1vio, you contribute to the continuity of this important social work. For companies taxed based on real profit, it is possible to allocate 1% of the Income Tax due. Individuals can allocate up to 3% of the Income Tax due, as long as in both cases they use the Complete Income Tax Declaration Template.<\/p>\n\n\n\n<p>The donation process is simple and can be done in two ways:<\/p>\n\n\n\n<p><strong>1. Directly through the Federal Revenue program:<\/strong> During the Income Tax declaration, select the option \u201cDonations Directly in the Declaration\u201d. The system will issue a DARF with the desired value. After paying the DARF, send proof of payment and the donation letter to CONDECA (condeca@sp.gov.br) and Associa\u00e7\u00e3o Alian\u00e7a de Miseric\u00f3rdia (<a href=\"mailto:institucional@aliancasocial.org\">institucional@aliancasocial.org<\/a>).<\/p>\n\n\n\n<p><strong>2. Deposit in the State Fund for the Rights of Children and Adolescents of S\u00e3o Paulo:<\/strong> Make a deposit identified in the account of the State Fund for the Rights of Children and Adolescents of S\u00e3o Paulo, and send the deposit receipt and donation letter to the same addresses mentioned above. You will receive proof of donation that must be used in your Income Tax Declaration:<\/p>\n\n\n\n<p><strong>Bank of Brazil&nbsp;<\/strong><\/p>\n\n\n\n<p><strong>Agency 1897-X&nbsp;<\/strong><\/p>\n\n\n\n<p><strong>Current Account 8947-8&nbsp;<\/strong><\/p>\n\n\n\n<p><strong>CNPJ 13.885.657\/0001-25&nbsp;<\/strong><\/p>\n\n\n\n<p>Each donation received will be another step in building a better future for the children and teenagers served by CCA S\u00e3o Domingos S\u00e1vio! Don&#039;t miss the chance to make a difference! Turn your Income Tax into hope and opportunity for those who need it most.<\/p>\n\n\n\n<p>Remember: the declaration must be submitted within the <strong>March 15th to May 31st<\/strong>.<\/p>\n\n\n\n<p>For more information, contact us at (11) 96595-3828 or by email <a href=\"mailto:institucional@aliancasocial.org\">institucional@aliancasocial.org<\/a>.<\/p>","protected":false},"excerpt":{"rendered":"<p>Est\u00e1 na hora de declarar o Imposto de Renda, e voc\u00ea sabia que pode destinar parte dele para causas sociais? Este ano, a Alian\u00e7a de Miseric\u00f3rdia convida voc\u00ea a direcionar parte do seu Imposto de Renda para o Centro para Crian\u00e7as e Adolescentes S\u00e3o Domingos S\u00e1vio (CCA S\u00e3o Domingos S\u00e1vio), um projeto que vem transformando [&hellip;]<\/p>\n","protected":false},"author":8,"featured_media":11003,"comment_status":"closed","ping_status":"closed","sticky":false,"template":"","format":"standard","meta":{"footnotes":""},"categories":[49],"tags":[],"destaques":[36],"class_list":["post-11001","post","type-post","status-publish","format-standard","has-post-thumbnail","hentry","category-campanhas","destaques-destaque-01"],"yoast_head":"<!-- This site is optimized with the Yoast SEO plugin v27.4 - https:\/\/yoast.com\/product\/yoast-seo-wordpress\/ -->\n<title>Transforme seu Imposto de Renda em Esperan\u00e7a e Oportunidade para o CCA S\u00e3o Domingos S\u00e1vio<\/title>\n<meta name=\"description\" content=\"Est\u00e1 na hora de declarar o Imposto de Renda, e voc\u00ea sabia que pode destinar parte dele para causas sociais? Este ano, a Alian\u00e7a de Miseric\u00f3rdia convida\" \/>\n<meta name=\"robots\" content=\"index, follow, max-snippet:-1, max-image-preview:large, max-video-preview:-1\" \/>\n<link rel=\"canonical\" href=\"https:\/\/aliancasocial.org\/en\/transforme-seu-imposto-de-renda-em-esperanca-e-oportunidade-para-o-cca-sao-domingos-savio\/\" \/>\n<meta property=\"og:locale\" content=\"en_US\" \/>\n<meta property=\"og:type\" content=\"article\" \/>\n<meta property=\"og:title\" content=\"Transforme seu Imposto de Renda em Esperan\u00e7a e Oportunidade para o CCA S\u00e3o Domingos S\u00e1vio\" \/>\n<meta property=\"og:description\" content=\"Est\u00e1 na hora de declarar o Imposto de Renda, e voc\u00ea sabia que pode destinar parte dele para causas sociais? Este ano, a Alian\u00e7a de Miseric\u00f3rdia convida\" \/>\n<meta property=\"og:url\" content=\"https:\/\/aliancasocial.org\/en\/transforme-seu-imposto-de-renda-em-esperanca-e-oportunidade-para-o-cca-sao-domingos-savio\/\" \/>\n<meta property=\"og:site_name\" content=\"Alian\u00e7a de Miseric\u00f3rdia\" \/>\n<meta property=\"article:publisher\" content=\"https:\/\/www.facebook.com\/iesmisericordia\/\" \/>\n<meta property=\"article:published_time\" content=\"2024-03-27T15:19:30+00:00\" \/>\n<meta property=\"article:modified_time\" content=\"2024-03-27T15:19:32+00:00\" \/>\n<meta property=\"og:image\" content=\"https:\/\/aliancasocial.org\/wp-content\/uploads\/2024\/03\/PopUp-IR-Declaro-com-amor.jpeg\" \/>\n\t<meta property=\"og:image:width\" content=\"1000\" \/>\n\t<meta property=\"og:image:height\" content=\"560\" \/>\n\t<meta property=\"og:image:type\" content=\"image\/jpeg\" \/>\n<meta name=\"author\" content=\"Fernanda Monzambani\" \/>\n<meta name=\"twitter:card\" content=\"summary_large_image\" \/>\n<meta name=\"twitter:label1\" content=\"Written by\" \/>\n\t<meta name=\"twitter:data1\" content=\"Fernanda Monzambani\" \/>\n\t<meta name=\"twitter:label2\" content=\"Est. reading time\" \/>\n\t<meta name=\"twitter:data2\" content=\"4 minutes\" \/>\n<script type=\"application\/ld+json\" class=\"yoast-schema-graph\">{\"@context\":\"https:\\\/\\\/schema.org\",\"@graph\":[{\"@type\":\"Article\",\"@id\":\"https:\\\/\\\/aliancasocial.org\\\/transforme-seu-imposto-de-renda-em-esperanca-e-oportunidade-para-o-cca-sao-domingos-savio\\\/#article\",\"isPartOf\":{\"@id\":\"https:\\\/\\\/aliancasocial.org\\\/transforme-seu-imposto-de-renda-em-esperanca-e-oportunidade-para-o-cca-sao-domingos-savio\\\/\"},\"author\":{\"name\":\"Fernanda Monzambani\",\"@id\":\"https:\\\/\\\/aliancasocial.org\\\/#\\\/schema\\\/person\\\/78098b551faec531645dbd5d82778414\"},\"headline\":\"Transforme seu Imposto de Renda em Esperan\u00e7a e Oportunidade para o CCA S\u00e3o Domingos S\u00e1vio\",\"datePublished\":\"2024-03-27T15:19:30+00:00\",\"dateModified\":\"2024-03-27T15:19:32+00:00\",\"mainEntityOfPage\":{\"@id\":\"https:\\\/\\\/aliancasocial.org\\\/transforme-seu-imposto-de-renda-em-esperanca-e-oportunidade-para-o-cca-sao-domingos-savio\\\/\"},\"wordCount\":642,\"publisher\":{\"@id\":\"https:\\\/\\\/aliancasocial.org\\\/#organization\"},\"image\":{\"@id\":\"https:\\\/\\\/aliancasocial.org\\\/transforme-seu-imposto-de-renda-em-esperanca-e-oportunidade-para-o-cca-sao-domingos-savio\\\/#primaryimage\"},\"thumbnailUrl\":\"https:\\\/\\\/aliancasocial.org\\\/wp-content\\\/uploads\\\/2024\\\/03\\\/PopUp-IR-Declaro-com-amor.jpeg\",\"articleSection\":[\"Campanhas\"],\"inLanguage\":\"en-US\"},{\"@type\":\"WebPage\",\"@id\":\"https:\\\/\\\/aliancasocial.org\\\/transforme-seu-imposto-de-renda-em-esperanca-e-oportunidade-para-o-cca-sao-domingos-savio\\\/\",\"url\":\"https:\\\/\\\/aliancasocial.org\\\/transforme-seu-imposto-de-renda-em-esperanca-e-oportunidade-para-o-cca-sao-domingos-savio\\\/\",\"name\":\"Transforme seu Imposto de Renda em Esperan\u00e7a e Oportunidade para o CCA S\u00e3o Domingos S\u00e1vio\",\"isPartOf\":{\"@id\":\"https:\\\/\\\/aliancasocial.org\\\/#website\"},\"primaryImageOfPage\":{\"@id\":\"https:\\\/\\\/aliancasocial.org\\\/transforme-seu-imposto-de-renda-em-esperanca-e-oportunidade-para-o-cca-sao-domingos-savio\\\/#primaryimage\"},\"image\":{\"@id\":\"https:\\\/\\\/aliancasocial.org\\\/transforme-seu-imposto-de-renda-em-esperanca-e-oportunidade-para-o-cca-sao-domingos-savio\\\/#primaryimage\"},\"thumbnailUrl\":\"https:\\\/\\\/aliancasocial.org\\\/wp-content\\\/uploads\\\/2024\\\/03\\\/PopUp-IR-Declaro-com-amor.jpeg\",\"datePublished\":\"2024-03-27T15:19:30+00:00\",\"dateModified\":\"2024-03-27T15:19:32+00:00\",\"description\":\"Est\u00e1 na hora de declarar o Imposto de Renda, e voc\u00ea sabia que pode destinar parte dele para causas sociais? Este ano, a Alian\u00e7a de Miseric\u00f3rdia convida\",\"breadcrumb\":{\"@id\":\"https:\\\/\\\/aliancasocial.org\\\/transforme-seu-imposto-de-renda-em-esperanca-e-oportunidade-para-o-cca-sao-domingos-savio\\\/#breadcrumb\"},\"inLanguage\":\"en-US\",\"potentialAction\":[{\"@type\":\"ReadAction\",\"target\":[\"https:\\\/\\\/aliancasocial.org\\\/transforme-seu-imposto-de-renda-em-esperanca-e-oportunidade-para-o-cca-sao-domingos-savio\\\/\"]}]},{\"@type\":\"ImageObject\",\"inLanguage\":\"en-US\",\"@id\":\"https:\\\/\\\/aliancasocial.org\\\/transforme-seu-imposto-de-renda-em-esperanca-e-oportunidade-para-o-cca-sao-domingos-savio\\\/#primaryimage\",\"url\":\"https:\\\/\\\/aliancasocial.org\\\/wp-content\\\/uploads\\\/2024\\\/03\\\/PopUp-IR-Declaro-com-amor.jpeg\",\"contentUrl\":\"https:\\\/\\\/aliancasocial.org\\\/wp-content\\\/uploads\\\/2024\\\/03\\\/PopUp-IR-Declaro-com-amor.jpeg\",\"width\":1000,\"height\":560},{\"@type\":\"BreadcrumbList\",\"@id\":\"https:\\\/\\\/aliancasocial.org\\\/transforme-seu-imposto-de-renda-em-esperanca-e-oportunidade-para-o-cca-sao-domingos-savio\\\/#breadcrumb\",\"itemListElement\":[{\"@type\":\"ListItem\",\"position\":1,\"name\":\"In\u00edcio\",\"item\":\"https:\\\/\\\/aliancasocial.org\\\/en\\\/\"},{\"@type\":\"ListItem\",\"position\":2,\"name\":\"Transforme seu Imposto de Renda em Esperan\u00e7a e Oportunidade para o CCA S\u00e3o Domingos S\u00e1vio\"}]},{\"@type\":\"WebSite\",\"@id\":\"https:\\\/\\\/aliancasocial.org\\\/#website\",\"url\":\"https:\\\/\\\/aliancasocial.org\\\/\",\"name\":\"Alian\u00e7a de Miseric\u00f3rdia\",\"description\":\"Levando dignidade humana a todos os cantos do mundo\",\"publisher\":{\"@id\":\"https:\\\/\\\/aliancasocial.org\\\/#organization\"},\"potentialAction\":[{\"@type\":\"SearchAction\",\"target\":{\"@type\":\"EntryPoint\",\"urlTemplate\":\"https:\\\/\\\/aliancasocial.org\\\/?s={search_term_string}\"},\"query-input\":{\"@type\":\"PropertyValueSpecification\",\"valueRequired\":true,\"valueName\":\"search_term_string\"}}],\"inLanguage\":\"en-US\"},{\"@type\":\"Organization\",\"@id\":\"https:\\\/\\\/aliancasocial.org\\\/#organization\",\"name\":\"Alian\u00e7a de Miseric\u00f3rdia\",\"url\":\"https:\\\/\\\/aliancasocial.org\\\/\",\"logo\":{\"@type\":\"ImageObject\",\"inLanguage\":\"en-US\",\"@id\":\"https:\\\/\\\/aliancasocial.org\\\/#\\\/schema\\\/logo\\\/image\\\/\",\"url\":\"https:\\\/\\\/aliancasocial.org\\\/wp-content\\\/uploads\\\/2022\\\/07\\\/logo-alianca-marrom.svg\",\"contentUrl\":\"https:\\\/\\\/aliancasocial.org\\\/wp-content\\\/uploads\\\/2022\\\/07\\\/logo-alianca-marrom.svg\",\"width\":91,\"height\":33,\"caption\":\"Alian\u00e7a de Miseric\u00f3rdia\"},\"image\":{\"@id\":\"https:\\\/\\\/aliancasocial.org\\\/#\\\/schema\\\/logo\\\/image\\\/\"},\"sameAs\":[\"https:\\\/\\\/www.facebook.com\\\/iesmisericordia\\\/\",\"https:\\\/\\\/www.instagram.com\\\/aliancademisericordia\\\/\"]},{\"@type\":\"Person\",\"@id\":\"https:\\\/\\\/aliancasocial.org\\\/#\\\/schema\\\/person\\\/78098b551faec531645dbd5d82778414\",\"name\":\"Fernanda Monzambani\",\"image\":{\"@type\":\"ImageObject\",\"inLanguage\":\"en-US\",\"@id\":\"https:\\\/\\\/secure.gravatar.com\\\/avatar\\\/aa6d89063e21cd9638051b6cd0602c108d4b79b0898534c712d68409f7e5b64c?s=96&d=mm&r=g\",\"url\":\"https:\\\/\\\/secure.gravatar.com\\\/avatar\\\/aa6d89063e21cd9638051b6cd0602c108d4b79b0898534c712d68409f7e5b64c?s=96&d=mm&r=g\",\"contentUrl\":\"https:\\\/\\\/secure.gravatar.com\\\/avatar\\\/aa6d89063e21cd9638051b6cd0602c108d4b79b0898534c712d68409f7e5b64c?s=96&d=mm&r=g\",\"caption\":\"Fernanda Monzambani\"},\"url\":\"https:\\\/\\\/aliancasocial.org\\\/en\\\/author\\\/fernanda\\\/\"}]}<\/script>\n<!-- \/ Yoast SEO plugin. -->","yoast_head_json":{"title":"Turn your Income Tax into Hope and Opportunity for CCA S\u00e3o Domingos S\u00e1vio","description":"Est\u00e1 na hora de declarar o Imposto de Renda, e voc\u00ea sabia que pode destinar parte dele para causas sociais? Este ano, a Alian\u00e7a de Miseric\u00f3rdia convida","robots":{"index":"index","follow":"follow","max-snippet":"max-snippet:-1","max-image-preview":"max-image-preview:large","max-video-preview":"max-video-preview:-1"},"canonical":"https:\/\/aliancasocial.org\/en\/transforme-seu-imposto-de-renda-em-esperanca-e-oportunidade-para-o-cca-sao-domingos-savio\/","og_locale":"en_US","og_type":"article","og_title":"Transforme seu Imposto de Renda em Esperan\u00e7a e Oportunidade para o CCA S\u00e3o Domingos S\u00e1vio","og_description":"Est\u00e1 na hora de declarar o Imposto de Renda, e voc\u00ea sabia que pode destinar parte dele para causas sociais? Este ano, a Alian\u00e7a de Miseric\u00f3rdia convida","og_url":"https:\/\/aliancasocial.org\/en\/transforme-seu-imposto-de-renda-em-esperanca-e-oportunidade-para-o-cca-sao-domingos-savio\/","og_site_name":"Alian\u00e7a de Miseric\u00f3rdia","article_publisher":"https:\/\/www.facebook.com\/iesmisericordia\/","article_published_time":"2024-03-27T15:19:30+00:00","article_modified_time":"2024-03-27T15:19:32+00:00","og_image":[{"width":1000,"height":560,"url":"https:\/\/aliancasocial.org\/wp-content\/uploads\/2024\/03\/PopUp-IR-Declaro-com-amor.jpeg","type":"image\/jpeg"}],"author":"Fernanda Monzambani","twitter_card":"summary_large_image","twitter_misc":{"Written by":"Fernanda Monzambani","Est. reading time":"4 minutes"},"schema":{"@context":"https:\/\/schema.org","@graph":[{"@type":"Article","@id":"https:\/\/aliancasocial.org\/transforme-seu-imposto-de-renda-em-esperanca-e-oportunidade-para-o-cca-sao-domingos-savio\/#article","isPartOf":{"@id":"https:\/\/aliancasocial.org\/transforme-seu-imposto-de-renda-em-esperanca-e-oportunidade-para-o-cca-sao-domingos-savio\/"},"author":{"name":"Fernanda Monzambani","@id":"https:\/\/aliancasocial.org\/#\/schema\/person\/78098b551faec531645dbd5d82778414"},"headline":"Transforme seu Imposto de Renda em Esperan\u00e7a e Oportunidade para o CCA S\u00e3o Domingos S\u00e1vio","datePublished":"2024-03-27T15:19:30+00:00","dateModified":"2024-03-27T15:19:32+00:00","mainEntityOfPage":{"@id":"https:\/\/aliancasocial.org\/transforme-seu-imposto-de-renda-em-esperanca-e-oportunidade-para-o-cca-sao-domingos-savio\/"},"wordCount":642,"publisher":{"@id":"https:\/\/aliancasocial.org\/#organization"},"image":{"@id":"https:\/\/aliancasocial.org\/transforme-seu-imposto-de-renda-em-esperanca-e-oportunidade-para-o-cca-sao-domingos-savio\/#primaryimage"},"thumbnailUrl":"https:\/\/aliancasocial.org\/wp-content\/uploads\/2024\/03\/PopUp-IR-Declaro-com-amor.jpeg","articleSection":["Campanhas"],"inLanguage":"en-US"},{"@type":"WebPage","@id":"https:\/\/aliancasocial.org\/transforme-seu-imposto-de-renda-em-esperanca-e-oportunidade-para-o-cca-sao-domingos-savio\/","url":"https:\/\/aliancasocial.org\/transforme-seu-imposto-de-renda-em-esperanca-e-oportunidade-para-o-cca-sao-domingos-savio\/","name":"Turn your Income Tax into Hope and Opportunity for CCA S\u00e3o Domingos S\u00e1vio","isPartOf":{"@id":"https:\/\/aliancasocial.org\/#website"},"primaryImageOfPage":{"@id":"https:\/\/aliancasocial.org\/transforme-seu-imposto-de-renda-em-esperanca-e-oportunidade-para-o-cca-sao-domingos-savio\/#primaryimage"},"image":{"@id":"https:\/\/aliancasocial.org\/transforme-seu-imposto-de-renda-em-esperanca-e-oportunidade-para-o-cca-sao-domingos-savio\/#primaryimage"},"thumbnailUrl":"https:\/\/aliancasocial.org\/wp-content\/uploads\/2024\/03\/PopUp-IR-Declaro-com-amor.jpeg","datePublished":"2024-03-27T15:19:30+00:00","dateModified":"2024-03-27T15:19:32+00:00","description":"Est\u00e1 na hora de declarar o Imposto de Renda, e voc\u00ea sabia que pode destinar parte dele para causas sociais? Este ano, a Alian\u00e7a de Miseric\u00f3rdia convida","breadcrumb":{"@id":"https:\/\/aliancasocial.org\/transforme-seu-imposto-de-renda-em-esperanca-e-oportunidade-para-o-cca-sao-domingos-savio\/#breadcrumb"},"inLanguage":"en-US","potentialAction":[{"@type":"ReadAction","target":["https:\/\/aliancasocial.org\/transforme-seu-imposto-de-renda-em-esperanca-e-oportunidade-para-o-cca-sao-domingos-savio\/"]}]},{"@type":"ImageObject","inLanguage":"en-US","@id":"https:\/\/aliancasocial.org\/transforme-seu-imposto-de-renda-em-esperanca-e-oportunidade-para-o-cca-sao-domingos-savio\/#primaryimage","url":"https:\/\/aliancasocial.org\/wp-content\/uploads\/2024\/03\/PopUp-IR-Declaro-com-amor.jpeg","contentUrl":"https:\/\/aliancasocial.org\/wp-content\/uploads\/2024\/03\/PopUp-IR-Declaro-com-amor.jpeg","width":1000,"height":560},{"@type":"BreadcrumbList","@id":"https:\/\/aliancasocial.org\/transforme-seu-imposto-de-renda-em-esperanca-e-oportunidade-para-o-cca-sao-domingos-savio\/#breadcrumb","itemListElement":[{"@type":"ListItem","position":1,"name":"In\u00edcio","item":"https:\/\/aliancasocial.org\/en\/"},{"@type":"ListItem","position":2,"name":"Transforme seu Imposto de Renda em Esperan\u00e7a e Oportunidade para o CCA S\u00e3o Domingos S\u00e1vio"}]},{"@type":"WebSite","@id":"https:\/\/aliancasocial.org\/#website","url":"https:\/\/aliancasocial.org\/","name":"Covenant of Mercy","description":"Bringing human dignity to every corner of the world","publisher":{"@id":"https:\/\/aliancasocial.org\/#organization"},"potentialAction":[{"@type":"SearchAction","target":{"@type":"EntryPoint","urlTemplate":"https:\/\/aliancasocial.org\/?s={search_term_string}"},"query-input":{"@type":"PropertyValueSpecification","valueRequired":true,"valueName":"search_term_string"}}],"inLanguage":"en-US"},{"@type":"Organization","@id":"https:\/\/aliancasocial.org\/#organization","name":"Covenant of Mercy","url":"https:\/\/aliancasocial.org\/","logo":{"@type":"ImageObject","inLanguage":"en-US","@id":"https:\/\/aliancasocial.org\/#\/schema\/logo\/image\/","url":"https:\/\/aliancasocial.org\/wp-content\/uploads\/2022\/07\/logo-alianca-marrom.svg","contentUrl":"https:\/\/aliancasocial.org\/wp-content\/uploads\/2022\/07\/logo-alianca-marrom.svg","width":91,"height":33,"caption":"Alian\u00e7a de Miseric\u00f3rdia"},"image":{"@id":"https:\/\/aliancasocial.org\/#\/schema\/logo\/image\/"},"sameAs":["https:\/\/www.facebook.com\/iesmisericordia\/","https:\/\/www.instagram.com\/aliancademisericordia\/"]},{"@type":"Person","@id":"https:\/\/aliancasocial.org\/#\/schema\/person\/78098b551faec531645dbd5d82778414","name":"Fernanda Monzambani","image":{"@type":"ImageObject","inLanguage":"en-US","@id":"https:\/\/secure.gravatar.com\/avatar\/aa6d89063e21cd9638051b6cd0602c108d4b79b0898534c712d68409f7e5b64c?s=96&d=mm&r=g","url":"https:\/\/secure.gravatar.com\/avatar\/aa6d89063e21cd9638051b6cd0602c108d4b79b0898534c712d68409f7e5b64c?s=96&d=mm&r=g","contentUrl":"https:\/\/secure.gravatar.com\/avatar\/aa6d89063e21cd9638051b6cd0602c108d4b79b0898534c712d68409f7e5b64c?s=96&d=mm&r=g","caption":"Fernanda Monzambani"},"url":"https:\/\/aliancasocial.org\/en\/author\/fernanda\/"}]}},"_links":{"self":[{"href":"https:\/\/aliancasocial.org\/en\/wp-json\/wp\/v2\/posts\/11001","targetHints":{"allow":["GET"]}}],"collection":[{"href":"https:\/\/aliancasocial.org\/en\/wp-json\/wp\/v2\/posts"}],"about":[{"href":"https:\/\/aliancasocial.org\/en\/wp-json\/wp\/v2\/types\/post"}],"author":[{"embeddable":true,"href":"https:\/\/aliancasocial.org\/en\/wp-json\/wp\/v2\/users\/8"}],"replies":[{"embeddable":true,"href":"https:\/\/aliancasocial.org\/en\/wp-json\/wp\/v2\/comments?post=11001"}],"version-history":[{"count":0,"href":"https:\/\/aliancasocial.org\/en\/wp-json\/wp\/v2\/posts\/11001\/revisions"}],"wp:featuredmedia":[{"embeddable":true,"href":"https:\/\/aliancasocial.org\/en\/wp-json\/wp\/v2\/media\/11003"}],"wp:attachment":[{"href":"https:\/\/aliancasocial.org\/en\/wp-json\/wp\/v2\/media?parent=11001"}],"wp:term":[{"taxonomy":"category","embeddable":true,"href":"https:\/\/aliancasocial.org\/en\/wp-json\/wp\/v2\/categories?post=11001"},{"taxonomy":"post_tag","embeddable":true,"href":"https:\/\/aliancasocial.org\/en\/wp-json\/wp\/v2\/tags?post=11001"},{"taxonomy":"destaques","embeddable":true,"href":"https:\/\/aliancasocial.org\/en\/wp-json\/wp\/v2\/destaques?post=11001"}],"curies":[{"name":"wp","href":"https:\/\/api.w.org\/{rel}","templated":true}]}}