{"id":11063,"date":"2024-05-03T10:28:09","date_gmt":"2024-05-03T13:28:09","guid":{"rendered":"https:\/\/aliancasocial.org\/?p=11063"},"modified":"2024-05-03T10:28:11","modified_gmt":"2024-05-03T13:28:11","slug":"alianca-de-misericordia-concorre-ao-premio-ibest-participe-e-vote-agora","status":"publish","type":"post","link":"https:\/\/aliancasocial.org\/en\/alianca-de-misericordia-concorre-ao-premio-ibest-participe-e-vote-agora\/","title":{"rendered":"Alian\u00e7a de Miseric\u00f3rdia competes for the iBest Award: Participate and vote now!"},"content":{"rendered":"<p>Alian\u00e7a de Miseric\u00f3rdia, an institution recognized for its transformative actions and its commitment to social inclusion, is in contention for the iBest Award, one of the most important awards in the Brazilian digital scene. This recognition is a reflection of the positive and human impact of the initiatives developed by the Alliance on behalf of those who need it most.<\/p>\n\n\n\n<p>With projects that range from actions in Cracol\u00e2ndia, in S\u00e3o Paulo, to educational programs for children and adolescents in vulnerable situations, Alian\u00e7a de Miseric\u00f3rdia has stood out for its comprehensive action and commitment to social transformation in 46 cities in Brazil and in others six countries.<\/p>\n\n\n\n<p>In 2023, for example, with <strong>35 social programs and projects<\/strong> operational, the Alliance provided assistance to <strong>39,310 people living on the streets<\/strong>, welcomed <strong>6,462 adults<\/strong> in difficulties, responded <strong>1,299 families<\/strong> and provided essential care and education for <strong>1,220 children and adolescents<\/strong>. Furthermore, <strong>more than a million meals were served<\/strong>, nourishing not only the body, but also the hope and dignity of those in need.<\/p>\n\n\n\n<p><strong><a href=\"https:\/\/misericordia.com.br\/populacao-em-situacao-de-rua-em-alta-alianca-de-misericordia-age-para-transformar-essa-realidade\/\">+ Homeless population on the rise: Alian\u00e7a de Miseric\u00f3rdia acts to transform this reality<\/a><\/strong><\/p>\n\n\n\n<p>Furthermore, Alian\u00e7a de Miseric\u00f3rdia invests in professional training programs, providing people assisted with the necessary tools to gain financial independence and reintegrate into society in a dignified and sustainable way. In this way, his work has positively impacted the lives of countless people and communities.<\/p>\n\n\n\n<p>To support the Alliance of Mercy in <strong>iBest Award<\/strong> and recognize the positive impact of your actions, just access the link <a href=\"https:\/\/ibest.vote\/843631513\">https:\/\/ibest.vote\/843631513<\/a> and vote. Join us in this purpose of transformation and solidarity!<\/p>\n\n\n\n<p>Participation is free and allows everyone to contribute to recognizing and celebrating the best in the Brazilian digital scene. Together, we can make a difference and promote a more just, merciful and inclusive society for all.<\/p>\n\n\n\n<p><strong>Award<\/strong><\/p>\n\n\n\n<p>The iBest Awards are a unique opportunity to recognize and celebrate not only digital excellence, but also the social impact of online initiatives. With the free participation of voters and competitors, iBest recognizes and certifies the best in the country, providing visibility and recognition for everyone involved. This recognition not only highlights the importance of Alian\u00e7a de Miseric\u00f3rdia\u2019s work, but also amplifies its voice and reach, inspiring others to engage in actions of solidarity and inclusion.<\/p>","protected":false},"excerpt":{"rendered":"<p>A Alian\u00e7a de Miseric\u00f3rdia, uma institui\u00e7\u00e3o reconhecida por suas a\u00e7\u00f5es transformadoras e seu compromisso com a inclus\u00e3o social, est\u00e1 na disputa pelo Pr\u00eamio iBest, uma das mais importantes premia\u00e7\u00f5es do cen\u00e1rio digital brasileiro. Este reconhecimento \u00e9 um reflexo do impacto positivo e humano das iniciativas desenvolvidas pela Alian\u00e7a em prol daqueles que mais necessitam. Com [&hellip;]<\/p>\n","protected":false},"author":8,"featured_media":11064,"comment_status":"closed","ping_status":"closed","sticky":false,"template":"","format":"standard","meta":{"footnotes":""},"categories":[1],"tags":[],"destaques":[],"class_list":["post-11063","post","type-post","status-publish","format-standard","has-post-thumbnail","hentry","category-sem-categoria"],"yoast_head":"<!-- This site is optimized with the Yoast SEO plugin v27.4 - https:\/\/yoast.com\/product\/yoast-seo-wordpress\/ -->\n<title>Alian\u00e7a de Miseric\u00f3rdia concorre ao Pr\u00eamio iBest: Participe e vote agora! - Alian\u00e7a de Miseric\u00f3rdia<\/title>\n<meta name=\"description\" content=\"A Alian\u00e7a de Miseric\u00f3rdia, uma institui\u00e7\u00e3o reconhecida por suas a\u00e7\u00f5es transformadoras e seu compromisso com a inclus\u00e3o social, est\u00e1 na disputa pelo Pr\u00eamio iBest\" \/>\n<meta name=\"robots\" content=\"index, follow, max-snippet:-1, max-image-preview:large, max-video-preview:-1\" \/>\n<link rel=\"canonical\" href=\"https:\/\/aliancasocial.org\/en\/alianca-de-misericordia-concorre-ao-premio-ibest-participe-e-vote-agora\/\" \/>\n<meta property=\"og:locale\" content=\"en_US\" \/>\n<meta property=\"og:type\" content=\"article\" \/>\n<meta property=\"og:title\" content=\"Alian\u00e7a de Miseric\u00f3rdia concorre ao Pr\u00eamio iBest: Participe e vote agora! - Alian\u00e7a de Miseric\u00f3rdia\" \/>\n<meta property=\"og:description\" content=\"A Alian\u00e7a de Miseric\u00f3rdia, uma institui\u00e7\u00e3o reconhecida por suas a\u00e7\u00f5es transformadoras e seu compromisso com a inclus\u00e3o social, est\u00e1 na disputa pelo Pr\u00eamio iBest\" \/>\n<meta property=\"og:url\" content=\"https:\/\/aliancasocial.org\/en\/alianca-de-misericordia-concorre-ao-premio-ibest-participe-e-vote-agora\/\" \/>\n<meta property=\"og:site_name\" content=\"Alian\u00e7a de Miseric\u00f3rdia\" \/>\n<meta property=\"article:publisher\" content=\"https:\/\/www.facebook.com\/iesmisericordia\/\" \/>\n<meta property=\"article:published_time\" content=\"2024-05-03T13:28:09+00:00\" \/>\n<meta property=\"article:modified_time\" content=\"2024-05-03T13:28:11+00:00\" \/>\n<meta property=\"og:image\" content=\"https:\/\/aliancasocial.org\/wp-content\/uploads\/2024\/05\/ibest.jpg\" \/>\n\t<meta property=\"og:image:width\" content=\"1200\" \/>\n\t<meta property=\"og:image:height\" content=\"628\" \/>\n\t<meta property=\"og:image:type\" content=\"image\/jpeg\" \/>\n<meta name=\"author\" content=\"Fernanda Monzambani\" \/>\n<meta name=\"twitter:card\" content=\"summary_large_image\" \/>\n<meta name=\"twitter:label1\" content=\"Written by\" \/>\n\t<meta name=\"twitter:data1\" content=\"Fernanda Monzambani\" \/>\n\t<meta name=\"twitter:label2\" content=\"Est. reading time\" \/>\n\t<meta name=\"twitter:data2\" content=\"3 minutes\" \/>\n<script type=\"application\/ld+json\" class=\"yoast-schema-graph\">{\"@context\":\"https:\\\/\\\/schema.org\",\"@graph\":[{\"@type\":\"Article\",\"@id\":\"https:\\\/\\\/aliancasocial.org\\\/en\\\/alianca-de-misericordia-concorre-ao-premio-ibest-participe-e-vote-agora\\\/#article\",\"isPartOf\":{\"@id\":\"https:\\\/\\\/aliancasocial.org\\\/en\\\/alianca-de-misericordia-concorre-ao-premio-ibest-participe-e-vote-agora\\\/\"},\"author\":{\"name\":\"Fernanda Monzambani\",\"@id\":\"https:\\\/\\\/aliancasocial.org\\\/#\\\/schema\\\/person\\\/78098b551faec531645dbd5d82778414\"},\"headline\":\"Alian\u00e7a de Miseric\u00f3rdia concorre ao Pr\u00eamio iBest: Participe e vote agora!\",\"datePublished\":\"2024-05-03T13:28:09+00:00\",\"dateModified\":\"2024-05-03T13:28:11+00:00\",\"mainEntityOfPage\":{\"@id\":\"https:\\\/\\\/aliancasocial.org\\\/en\\\/alianca-de-misericordia-concorre-ao-premio-ibest-participe-e-vote-agora\\\/\"},\"wordCount\":457,\"publisher\":{\"@id\":\"https:\\\/\\\/aliancasocial.org\\\/#organization\"},\"image\":{\"@id\":\"https:\\\/\\\/aliancasocial.org\\\/en\\\/alianca-de-misericordia-concorre-ao-premio-ibest-participe-e-vote-agora\\\/#primaryimage\"},\"thumbnailUrl\":\"https:\\\/\\\/aliancasocial.org\\\/wp-content\\\/uploads\\\/2024\\\/05\\\/ibest.jpg\",\"articleSection\":[\"Sem Categoria\"],\"inLanguage\":\"en-US\"},{\"@type\":\"WebPage\",\"@id\":\"https:\\\/\\\/aliancasocial.org\\\/en\\\/alianca-de-misericordia-concorre-ao-premio-ibest-participe-e-vote-agora\\\/\",\"url\":\"https:\\\/\\\/aliancasocial.org\\\/en\\\/alianca-de-misericordia-concorre-ao-premio-ibest-participe-e-vote-agora\\\/\",\"name\":\"Alian\u00e7a de Miseric\u00f3rdia concorre ao Pr\u00eamio iBest: Participe e vote agora! - Alian\u00e7a de Miseric\u00f3rdia\",\"isPartOf\":{\"@id\":\"https:\\\/\\\/aliancasocial.org\\\/#website\"},\"primaryImageOfPage\":{\"@id\":\"https:\\\/\\\/aliancasocial.org\\\/en\\\/alianca-de-misericordia-concorre-ao-premio-ibest-participe-e-vote-agora\\\/#primaryimage\"},\"image\":{\"@id\":\"https:\\\/\\\/aliancasocial.org\\\/en\\\/alianca-de-misericordia-concorre-ao-premio-ibest-participe-e-vote-agora\\\/#primaryimage\"},\"thumbnailUrl\":\"https:\\\/\\\/aliancasocial.org\\\/wp-content\\\/uploads\\\/2024\\\/05\\\/ibest.jpg\",\"datePublished\":\"2024-05-03T13:28:09+00:00\",\"dateModified\":\"2024-05-03T13:28:11+00:00\",\"description\":\"A Alian\u00e7a de Miseric\u00f3rdia, uma institui\u00e7\u00e3o reconhecida por suas a\u00e7\u00f5es transformadoras e seu compromisso com a inclus\u00e3o social, est\u00e1 na disputa pelo Pr\u00eamio iBest\",\"breadcrumb\":{\"@id\":\"https:\\\/\\\/aliancasocial.org\\\/en\\\/alianca-de-misericordia-concorre-ao-premio-ibest-participe-e-vote-agora\\\/#breadcrumb\"},\"inLanguage\":\"en-US\",\"potentialAction\":[{\"@type\":\"ReadAction\",\"target\":[\"https:\\\/\\\/aliancasocial.org\\\/en\\\/alianca-de-misericordia-concorre-ao-premio-ibest-participe-e-vote-agora\\\/\"]}]},{\"@type\":\"ImageObject\",\"inLanguage\":\"en-US\",\"@id\":\"https:\\\/\\\/aliancasocial.org\\\/en\\\/alianca-de-misericordia-concorre-ao-premio-ibest-participe-e-vote-agora\\\/#primaryimage\",\"url\":\"https:\\\/\\\/aliancasocial.org\\\/wp-content\\\/uploads\\\/2024\\\/05\\\/ibest.jpg\",\"contentUrl\":\"https:\\\/\\\/aliancasocial.org\\\/wp-content\\\/uploads\\\/2024\\\/05\\\/ibest.jpg\",\"width\":1200,\"height\":628},{\"@type\":\"BreadcrumbList\",\"@id\":\"https:\\\/\\\/aliancasocial.org\\\/en\\\/alianca-de-misericordia-concorre-ao-premio-ibest-participe-e-vote-agora\\\/#breadcrumb\",\"itemListElement\":[{\"@type\":\"ListItem\",\"position\":1,\"name\":\"In\u00edcio\",\"item\":\"https:\\\/\\\/aliancasocial.org\\\/en\\\/\"},{\"@type\":\"ListItem\",\"position\":2,\"name\":\"Alian\u00e7a de Miseric\u00f3rdia concorre ao Pr\u00eamio iBest: Participe e vote agora!\"}]},{\"@type\":\"WebSite\",\"@id\":\"https:\\\/\\\/aliancasocial.org\\\/#website\",\"url\":\"https:\\\/\\\/aliancasocial.org\\\/\",\"name\":\"Alian\u00e7a de Miseric\u00f3rdia\",\"description\":\"Levando dignidade humana a todos os cantos do mundo\",\"publisher\":{\"@id\":\"https:\\\/\\\/aliancasocial.org\\\/#organization\"},\"potentialAction\":[{\"@type\":\"SearchAction\",\"target\":{\"@type\":\"EntryPoint\",\"urlTemplate\":\"https:\\\/\\\/aliancasocial.org\\\/?s={search_term_string}\"},\"query-input\":{\"@type\":\"PropertyValueSpecification\",\"valueRequired\":true,\"valueName\":\"search_term_string\"}}],\"inLanguage\":\"en-US\"},{\"@type\":\"Organization\",\"@id\":\"https:\\\/\\\/aliancasocial.org\\\/#organization\",\"name\":\"Alian\u00e7a de Miseric\u00f3rdia\",\"url\":\"https:\\\/\\\/aliancasocial.org\\\/\",\"logo\":{\"@type\":\"ImageObject\",\"inLanguage\":\"en-US\",\"@id\":\"https:\\\/\\\/aliancasocial.org\\\/#\\\/schema\\\/logo\\\/image\\\/\",\"url\":\"https:\\\/\\\/aliancasocial.org\\\/wp-content\\\/uploads\\\/2022\\\/07\\\/logo-alianca-marrom.svg\",\"contentUrl\":\"https:\\\/\\\/aliancasocial.org\\\/wp-content\\\/uploads\\\/2022\\\/07\\\/logo-alianca-marrom.svg\",\"width\":91,\"height\":33,\"caption\":\"Alian\u00e7a de Miseric\u00f3rdia\"},\"image\":{\"@id\":\"https:\\\/\\\/aliancasocial.org\\\/#\\\/schema\\\/logo\\\/image\\\/\"},\"sameAs\":[\"https:\\\/\\\/www.facebook.com\\\/iesmisericordia\\\/\",\"https:\\\/\\\/www.instagram.com\\\/aliancademisericordia\\\/\"]},{\"@type\":\"Person\",\"@id\":\"https:\\\/\\\/aliancasocial.org\\\/#\\\/schema\\\/person\\\/78098b551faec531645dbd5d82778414\",\"name\":\"Fernanda Monzambani\",\"image\":{\"@type\":\"ImageObject\",\"inLanguage\":\"en-US\",\"@id\":\"https:\\\/\\\/secure.gravatar.com\\\/avatar\\\/aa6d89063e21cd9638051b6cd0602c108d4b79b0898534c712d68409f7e5b64c?s=96&d=mm&r=g\",\"url\":\"https:\\\/\\\/secure.gravatar.com\\\/avatar\\\/aa6d89063e21cd9638051b6cd0602c108d4b79b0898534c712d68409f7e5b64c?s=96&d=mm&r=g\",\"contentUrl\":\"https:\\\/\\\/secure.gravatar.com\\\/avatar\\\/aa6d89063e21cd9638051b6cd0602c108d4b79b0898534c712d68409f7e5b64c?s=96&d=mm&r=g\",\"caption\":\"Fernanda Monzambani\"},\"url\":\"https:\\\/\\\/aliancasocial.org\\\/en\\\/author\\\/fernanda\\\/\"}]}<\/script>\n<!-- \/ Yoast SEO plugin. -->","yoast_head_json":{"title":"Alliance of Mercy is competing for the iBest Award: Participate and vote now! - Alliance of Mercy","description":"Alian\u00e7a de Miseric\u00f3rdia, an institution recognized for its transformative actions and commitment to social inclusion, is competing for the iBest Award","robots":{"index":"index","follow":"follow","max-snippet":"max-snippet:-1","max-image-preview":"max-image-preview:large","max-video-preview":"max-video-preview:-1"},"canonical":"https:\/\/aliancasocial.org\/en\/alianca-de-misericordia-concorre-ao-premio-ibest-participe-e-vote-agora\/","og_locale":"en_US","og_type":"article","og_title":"Alian\u00e7a de Miseric\u00f3rdia concorre ao Pr\u00eamio iBest: Participe e vote agora! - Alian\u00e7a de Miseric\u00f3rdia","og_description":"A Alian\u00e7a de Miseric\u00f3rdia, uma institui\u00e7\u00e3o reconhecida por suas a\u00e7\u00f5es transformadoras e seu compromisso com a inclus\u00e3o social, est\u00e1 na disputa pelo Pr\u00eamio iBest","og_url":"https:\/\/aliancasocial.org\/en\/alianca-de-misericordia-concorre-ao-premio-ibest-participe-e-vote-agora\/","og_site_name":"Alian\u00e7a de Miseric\u00f3rdia","article_publisher":"https:\/\/www.facebook.com\/iesmisericordia\/","article_published_time":"2024-05-03T13:28:09+00:00","article_modified_time":"2024-05-03T13:28:11+00:00","og_image":[{"width":1200,"height":628,"url":"https:\/\/aliancasocial.org\/wp-content\/uploads\/2024\/05\/ibest.jpg","type":"image\/jpeg"}],"author":"Fernanda Monzambani","twitter_card":"summary_large_image","twitter_misc":{"Written by":"Fernanda Monzambani","Est. reading time":"3 minutes"},"schema":{"@context":"https:\/\/schema.org","@graph":[{"@type":"Article","@id":"https:\/\/aliancasocial.org\/en\/alianca-de-misericordia-concorre-ao-premio-ibest-participe-e-vote-agora\/#article","isPartOf":{"@id":"https:\/\/aliancasocial.org\/en\/alianca-de-misericordia-concorre-ao-premio-ibest-participe-e-vote-agora\/"},"author":{"name":"Fernanda Monzambani","@id":"https:\/\/aliancasocial.org\/#\/schema\/person\/78098b551faec531645dbd5d82778414"},"headline":"Alian\u00e7a de Miseric\u00f3rdia concorre ao Pr\u00eamio iBest: Participe e vote agora!","datePublished":"2024-05-03T13:28:09+00:00","dateModified":"2024-05-03T13:28:11+00:00","mainEntityOfPage":{"@id":"https:\/\/aliancasocial.org\/en\/alianca-de-misericordia-concorre-ao-premio-ibest-participe-e-vote-agora\/"},"wordCount":457,"publisher":{"@id":"https:\/\/aliancasocial.org\/#organization"},"image":{"@id":"https:\/\/aliancasocial.org\/en\/alianca-de-misericordia-concorre-ao-premio-ibest-participe-e-vote-agora\/#primaryimage"},"thumbnailUrl":"https:\/\/aliancasocial.org\/wp-content\/uploads\/2024\/05\/ibest.jpg","articleSection":["Sem Categoria"],"inLanguage":"en-US"},{"@type":"WebPage","@id":"https:\/\/aliancasocial.org\/en\/alianca-de-misericordia-concorre-ao-premio-ibest-participe-e-vote-agora\/","url":"https:\/\/aliancasocial.org\/en\/alianca-de-misericordia-concorre-ao-premio-ibest-participe-e-vote-agora\/","name":"Alliance of Mercy is competing for the iBest Award: Participate and vote now! - Alliance of Mercy","isPartOf":{"@id":"https:\/\/aliancasocial.org\/#website"},"primaryImageOfPage":{"@id":"https:\/\/aliancasocial.org\/en\/alianca-de-misericordia-concorre-ao-premio-ibest-participe-e-vote-agora\/#primaryimage"},"image":{"@id":"https:\/\/aliancasocial.org\/en\/alianca-de-misericordia-concorre-ao-premio-ibest-participe-e-vote-agora\/#primaryimage"},"thumbnailUrl":"https:\/\/aliancasocial.org\/wp-content\/uploads\/2024\/05\/ibest.jpg","datePublished":"2024-05-03T13:28:09+00:00","dateModified":"2024-05-03T13:28:11+00:00","description":"Alian\u00e7a de Miseric\u00f3rdia, an institution recognized for its transformative actions and commitment to social inclusion, is competing for the iBest Award","breadcrumb":{"@id":"https:\/\/aliancasocial.org\/en\/alianca-de-misericordia-concorre-ao-premio-ibest-participe-e-vote-agora\/#breadcrumb"},"inLanguage":"en-US","potentialAction":[{"@type":"ReadAction","target":["https:\/\/aliancasocial.org\/en\/alianca-de-misericordia-concorre-ao-premio-ibest-participe-e-vote-agora\/"]}]},{"@type":"ImageObject","inLanguage":"en-US","@id":"https:\/\/aliancasocial.org\/en\/alianca-de-misericordia-concorre-ao-premio-ibest-participe-e-vote-agora\/#primaryimage","url":"https:\/\/aliancasocial.org\/wp-content\/uploads\/2024\/05\/ibest.jpg","contentUrl":"https:\/\/aliancasocial.org\/wp-content\/uploads\/2024\/05\/ibest.jpg","width":1200,"height":628},{"@type":"BreadcrumbList","@id":"https:\/\/aliancasocial.org\/en\/alianca-de-misericordia-concorre-ao-premio-ibest-participe-e-vote-agora\/#breadcrumb","itemListElement":[{"@type":"ListItem","position":1,"name":"In\u00edcio","item":"https:\/\/aliancasocial.org\/en\/"},{"@type":"ListItem","position":2,"name":"Alian\u00e7a de Miseric\u00f3rdia concorre ao Pr\u00eamio iBest: Participe e vote agora!"}]},{"@type":"WebSite","@id":"https:\/\/aliancasocial.org\/#website","url":"https:\/\/aliancasocial.org\/","name":"Covenant of Mercy","description":"Bringing human dignity to every corner of the world","publisher":{"@id":"https:\/\/aliancasocial.org\/#organization"},"potentialAction":[{"@type":"SearchAction","target":{"@type":"EntryPoint","urlTemplate":"https:\/\/aliancasocial.org\/?s={search_term_string}"},"query-input":{"@type":"PropertyValueSpecification","valueRequired":true,"valueName":"search_term_string"}}],"inLanguage":"en-US"},{"@type":"Organization","@id":"https:\/\/aliancasocial.org\/#organization","name":"Covenant of Mercy","url":"https:\/\/aliancasocial.org\/","logo":{"@type":"ImageObject","inLanguage":"en-US","@id":"https:\/\/aliancasocial.org\/#\/schema\/logo\/image\/","url":"https:\/\/aliancasocial.org\/wp-content\/uploads\/2022\/07\/logo-alianca-marrom.svg","contentUrl":"https:\/\/aliancasocial.org\/wp-content\/uploads\/2022\/07\/logo-alianca-marrom.svg","width":91,"height":33,"caption":"Alian\u00e7a de Miseric\u00f3rdia"},"image":{"@id":"https:\/\/aliancasocial.org\/#\/schema\/logo\/image\/"},"sameAs":["https:\/\/www.facebook.com\/iesmisericordia\/","https:\/\/www.instagram.com\/aliancademisericordia\/"]},{"@type":"Person","@id":"https:\/\/aliancasocial.org\/#\/schema\/person\/78098b551faec531645dbd5d82778414","name":"Fernanda Monzambani","image":{"@type":"ImageObject","inLanguage":"en-US","@id":"https:\/\/secure.gravatar.com\/avatar\/aa6d89063e21cd9638051b6cd0602c108d4b79b0898534c712d68409f7e5b64c?s=96&d=mm&r=g","url":"https:\/\/secure.gravatar.com\/avatar\/aa6d89063e21cd9638051b6cd0602c108d4b79b0898534c712d68409f7e5b64c?s=96&d=mm&r=g","contentUrl":"https:\/\/secure.gravatar.com\/avatar\/aa6d89063e21cd9638051b6cd0602c108d4b79b0898534c712d68409f7e5b64c?s=96&d=mm&r=g","caption":"Fernanda Monzambani"},"url":"https:\/\/aliancasocial.org\/en\/author\/fernanda\/"}]}},"_links":{"self":[{"href":"https:\/\/aliancasocial.org\/en\/wp-json\/wp\/v2\/posts\/11063","targetHints":{"allow":["GET"]}}],"collection":[{"href":"https:\/\/aliancasocial.org\/en\/wp-json\/wp\/v2\/posts"}],"about":[{"href":"https:\/\/aliancasocial.org\/en\/wp-json\/wp\/v2\/types\/post"}],"author":[{"embeddable":true,"href":"https:\/\/aliancasocial.org\/en\/wp-json\/wp\/v2\/users\/8"}],"replies":[{"embeddable":true,"href":"https:\/\/aliancasocial.org\/en\/wp-json\/wp\/v2\/comments?post=11063"}],"version-history":[{"count":0,"href":"https:\/\/aliancasocial.org\/en\/wp-json\/wp\/v2\/posts\/11063\/revisions"}],"wp:featuredmedia":[{"embeddable":true,"href":"https:\/\/aliancasocial.org\/en\/wp-json\/wp\/v2\/media\/11064"}],"wp:attachment":[{"href":"https:\/\/aliancasocial.org\/en\/wp-json\/wp\/v2\/media?parent=11063"}],"wp:term":[{"taxonomy":"category","embeddable":true,"href":"https:\/\/aliancasocial.org\/en\/wp-json\/wp\/v2\/categories?post=11063"},{"taxonomy":"post_tag","embeddable":true,"href":"https:\/\/aliancasocial.org\/en\/wp-json\/wp\/v2\/tags?post=11063"},{"taxonomy":"destaques","embeddable":true,"href":"https:\/\/aliancasocial.org\/en\/wp-json\/wp\/v2\/destaques?post=11063"}],"curies":[{"name":"wp","href":"https:\/\/api.w.org\/{rel}","templated":true}]}}