{"id":11073,"date":"2024-05-09T18:21:25","date_gmt":"2024-05-09T21:21:25","guid":{"rendered":"https:\/\/aliancasocial.org\/?p=11073"},"modified":"2024-05-09T18:27:31","modified_gmt":"2024-05-09T21:27:31","slug":"alianca-estende-auxilio-as-vitimas-das-enchentes-no-rio-grande-do-sul","status":"publish","type":"post","link":"https:\/\/aliancasocial.org\/en\/alianca-estende-auxilio-as-vitimas-das-enchentes-no-rio-grande-do-sul\/","title":{"rendered":"Alliance extends aid to flood victims in Rio Grande do Sul"},"content":{"rendered":"<p>The recent torrential rains that hit the state of Rio Grande do Sul left a trail of destruction, affecting countless communities and leaving thousands of people homeless and in a vulnerable situation. With a total of <strong>428 municipalities<\/strong> impacted and more than <strong>1.5 million people affected<\/strong>, the magnitude of this disaster demands an immediate and supportive response.<\/p>\n\n\n\n<p>Therefore, Alian\u00e7a de Miseric\u00f3rdia, in partnership with various groups and institutions, is mobilizing efforts to provide assistance to flood victims. A group of volunteers, organized on the initiative of <a href=\"https:\/\/www.instagram.com\/conexao.parental?igsh=bW52d214YXd1emF2\">Diandra Sammour<\/a>, has dedicated itself to collecting essential items, such as <strong>water, diapers, milk, ointments and products for children and families<\/strong>. In S\u00e3o Paulo, Alian\u00e7a provides its space in <strong>Rua Avanhandava, 616, Jardim Bela Vista<\/strong>, as one of these support points, receiving donations from 8 am to 5 pm.<\/p>\n\n\n\n<p>Solidarity and unity among all are fundamental to alleviating the suffering of those affected by this catastrophe. Whether by donating material items, offering emotional support or simply including victims in our prayers, every gesture of solidarity makes a difference.<\/p>\n\n\n\n<p>Additionally, for those who wish to contribute financially, the <strong><a href=\"https:\/\/caritassp.org.br\/\">C\u00e1ritas of the Archdiocese of S\u00e3o Paulo<\/a><\/strong> is receiving donations that will be directed to local parishes, aiming to meet the basic needs of the affected population. The PIX key for donations is the <strong>pix@caritassp.org.br<\/strong>.<\/p>\n\n\n\n<p><strong>VATICAN<\/strong><\/p>\n\n\n\n<p>The generosity also extends beyond borders, with a significant contribution coming directly from the Vatican. Pope Francis allocated 100,000 euros, around 550,000 reais, to help victims of the floods in Rio Grande do Sul. This financial aid, coming from the Apostolic Alms, will be directed to Regional South 3 of the National Conference of Bishops of Brazil (CNBB ), covering the entire state. In his words, the Pope expressed his solidarity with the affected populations of Rio Grande do Sul, assuring his prayers for the victims and their families. The Holy Father&#039;s gesture of support demonstrates the importance of extending our compassion and assistance to those in need, especially in times of adversity like this.<\/p>\n\n\n\n<p>The recent torrential rains that hit the state of Rio Grande do Sul left a trail of destruction, affecting countless communities and leaving thousands of people homeless and in a vulnerable situation. With a total of <strong>428 municipalities<\/strong> impacted and more than <strong>1.5 million people affected<\/strong>, the magnitude of this disaster demands an immediate and supportive response.<\/p>\n\n\n\n<p>Therefore, Alian\u00e7a de Miseric\u00f3rdia, in partnership with various groups and institutions, is mobilizing efforts to provide assistance to flood victims. A group of volunteers, organized on the initiative of <a href=\"https:\/\/www.instagram.com\/conexao.parental?igsh=bW52d214YXd1emF2\">Diandra Sammour<\/a>, has dedicated itself to collecting essential items, such as <strong>water, diapers, milk, ointments and products for children and families<\/strong>. In S\u00e3o Paulo, Alian\u00e7a provides its space in <strong>Rua Avanhandava, 616, Jardim Bela Vista<\/strong>, as one of these support points, receiving donations from 8 am to 5 pm.<\/p>\n\n\n\n<p>Solidarity and unity among all are fundamental to alleviating the suffering of those affected by this catastrophe. Whether by donating material items, offering emotional support or simply including victims in our prayers, every gesture of solidarity makes a difference.<\/p>\n\n\n\n<p>Additionally, for those who wish to contribute financially, the <strong><a href=\"https:\/\/caritassp.org.br\/\">C\u00e1ritas of the Archdiocese of S\u00e3o Paulo<\/a><\/strong> is receiving donations that will be directed to local parishes, aiming to meet the basic needs of the affected population. The PIX key for donations is the <strong>pix@caritassp.org.br<\/strong>.<\/p>\n\n\n\n<p><strong>VATICAN<\/strong><\/p>\n\n\n\n<p>The generosity also extends beyond borders, with a significant contribution coming directly from the Vatican. Pope Francis allocated 100,000 euros, around 550,000 reais, to help victims of the floods in Rio Grande do Sul. This financial aid, coming from the Apostolic Alms, will be directed to Regional South 3 of the National Conference of Bishops of Brazil (CNBB ), covering the entire state. In his words, the Pope expressed his solidarity with the affected populations of Rio Grande do Sul, assuring his prayers for the victims and their families. The Holy Father&#039;s gesture of support demonstrates the importance of extending our compassion and assistance to those in need, especially in times of adversity like this.<\/p>\n\n\n\n<p><\/p>","protected":false},"excerpt":{"rendered":"<p>As recentes chuvas torrenciais que assolaram o estado do Rio Grande do Sul deixaram um rastro de destrui\u00e7\u00e3o, afetando in\u00fameras comunidades e deixando milhares de pessoas desabrigadas e em situa\u00e7\u00e3o de vulnerabilidade. Com um total de 428 munic\u00edpios impactados e mais de 1,5 milh\u00e3o de pessoas afetadas, a magnitude desse desastre exige uma resposta imediata [&hellip;]<\/p>\n","protected":false},"author":8,"featured_media":11074,"comment_status":"closed","ping_status":"closed","sticky":false,"template":"","format":"standard","meta":{"footnotes":""},"categories":[47],"tags":[],"destaques":[38],"class_list":["post-11073","post","type-post","status-publish","format-standard","has-post-thumbnail","hentry","category-responsabilidade-social","destaques-destaque-03"],"yoast_head":"<!-- This site is optimized with the Yoast SEO plugin v27.4 - https:\/\/yoast.com\/product\/yoast-seo-wordpress\/ -->\n<title>Alian\u00e7a estende aux\u00edlio \u00e0s v\u00edtimas das enchentes no Rio Grande do Sul<\/title>\n<meta name=\"description\" content=\"As recentes chuvas torrenciais que assolaram o estado do Rio Grande do Sul deixaram um rastro de destrui\u00e7\u00e3o, afetando in\u00fameras comunidades e deixando\" \/>\n<meta name=\"robots\" content=\"index, follow, max-snippet:-1, max-image-preview:large, max-video-preview:-1\" \/>\n<link rel=\"canonical\" href=\"https:\/\/aliancasocial.org\/en\/alianca-estende-auxilio-as-vitimas-das-enchentes-no-rio-grande-do-sul\/\" \/>\n<meta property=\"og:locale\" content=\"en_US\" \/>\n<meta property=\"og:type\" content=\"article\" \/>\n<meta property=\"og:title\" content=\"Alian\u00e7a estende aux\u00edlio \u00e0s v\u00edtimas das enchentes no Rio Grande do Sul\" \/>\n<meta property=\"og:description\" content=\"As recentes chuvas torrenciais que assolaram o estado do Rio Grande do Sul deixaram um rastro de destrui\u00e7\u00e3o, afetando in\u00fameras comunidades e deixando\" \/>\n<meta property=\"og:url\" content=\"https:\/\/aliancasocial.org\/en\/alianca-estende-auxilio-as-vitimas-das-enchentes-no-rio-grande-do-sul\/\" \/>\n<meta property=\"og:site_name\" content=\"Alian\u00e7a de Miseric\u00f3rdia\" \/>\n<meta property=\"article:publisher\" content=\"https:\/\/www.facebook.com\/iesmisericordia\/\" \/>\n<meta property=\"article:published_time\" content=\"2024-05-09T21:21:25+00:00\" \/>\n<meta property=\"article:modified_time\" content=\"2024-05-09T21:27:31+00:00\" \/>\n<meta property=\"og:image\" content=\"https:\/\/aliancasocial.org\/wp-content\/uploads\/2024\/05\/ALIANC\u0327A-MODELO-POST54.png\" \/>\n\t<meta property=\"og:image:width\" content=\"835\" \/>\n\t<meta property=\"og:image:height\" content=\"835\" \/>\n\t<meta property=\"og:image:type\" content=\"image\/png\" \/>\n<meta name=\"author\" content=\"Fernanda Monzambani\" \/>\n<meta name=\"twitter:card\" content=\"summary_large_image\" \/>\n<meta name=\"twitter:label1\" content=\"Written by\" \/>\n\t<meta name=\"twitter:data1\" content=\"Fernanda Monzambani\" \/>\n\t<meta name=\"twitter:label2\" content=\"Est. reading time\" \/>\n\t<meta name=\"twitter:data2\" content=\"4 minutes\" \/>\n<script type=\"application\/ld+json\" class=\"yoast-schema-graph\">{\"@context\":\"https:\\\/\\\/schema.org\",\"@graph\":[{\"@type\":\"Article\",\"@id\":\"https:\\\/\\\/aliancasocial.org\\\/alianca-estende-auxilio-as-vitimas-das-enchentes-no-rio-grande-do-sul\\\/#article\",\"isPartOf\":{\"@id\":\"https:\\\/\\\/aliancasocial.org\\\/alianca-estende-auxilio-as-vitimas-das-enchentes-no-rio-grande-do-sul\\\/\"},\"author\":{\"name\":\"Fernanda Monzambani\",\"@id\":\"https:\\\/\\\/aliancasocial.org\\\/#\\\/schema\\\/person\\\/78098b551faec531645dbd5d82778414\"},\"headline\":\"Alian\u00e7a estende aux\u00edlio \u00e0s v\u00edtimas das enchentes no Rio Grande do Sul\",\"datePublished\":\"2024-05-09T21:21:25+00:00\",\"dateModified\":\"2024-05-09T21:27:31+00:00\",\"mainEntityOfPage\":{\"@id\":\"https:\\\/\\\/aliancasocial.org\\\/alianca-estende-auxilio-as-vitimas-das-enchentes-no-rio-grande-do-sul\\\/\"},\"wordCount\":773,\"publisher\":{\"@id\":\"https:\\\/\\\/aliancasocial.org\\\/#organization\"},\"image\":{\"@id\":\"https:\\\/\\\/aliancasocial.org\\\/alianca-estende-auxilio-as-vitimas-das-enchentes-no-rio-grande-do-sul\\\/#primaryimage\"},\"thumbnailUrl\":\"https:\\\/\\\/aliancasocial.org\\\/wp-content\\\/uploads\\\/2024\\\/05\\\/ALIANC\u0327A-MODELO-POST54.png\",\"articleSection\":[\"Responsabilidade Social\"],\"inLanguage\":\"en-US\"},{\"@type\":\"WebPage\",\"@id\":\"https:\\\/\\\/aliancasocial.org\\\/alianca-estende-auxilio-as-vitimas-das-enchentes-no-rio-grande-do-sul\\\/\",\"url\":\"https:\\\/\\\/aliancasocial.org\\\/alianca-estende-auxilio-as-vitimas-das-enchentes-no-rio-grande-do-sul\\\/\",\"name\":\"Alian\u00e7a estende aux\u00edlio \u00e0s v\u00edtimas das enchentes no Rio Grande do Sul\",\"isPartOf\":{\"@id\":\"https:\\\/\\\/aliancasocial.org\\\/#website\"},\"primaryImageOfPage\":{\"@id\":\"https:\\\/\\\/aliancasocial.org\\\/alianca-estende-auxilio-as-vitimas-das-enchentes-no-rio-grande-do-sul\\\/#primaryimage\"},\"image\":{\"@id\":\"https:\\\/\\\/aliancasocial.org\\\/alianca-estende-auxilio-as-vitimas-das-enchentes-no-rio-grande-do-sul\\\/#primaryimage\"},\"thumbnailUrl\":\"https:\\\/\\\/aliancasocial.org\\\/wp-content\\\/uploads\\\/2024\\\/05\\\/ALIANC\u0327A-MODELO-POST54.png\",\"datePublished\":\"2024-05-09T21:21:25+00:00\",\"dateModified\":\"2024-05-09T21:27:31+00:00\",\"description\":\"As recentes chuvas torrenciais que assolaram o estado do Rio Grande do Sul deixaram um rastro de destrui\u00e7\u00e3o, afetando in\u00fameras comunidades e deixando\",\"breadcrumb\":{\"@id\":\"https:\\\/\\\/aliancasocial.org\\\/alianca-estende-auxilio-as-vitimas-das-enchentes-no-rio-grande-do-sul\\\/#breadcrumb\"},\"inLanguage\":\"en-US\",\"potentialAction\":[{\"@type\":\"ReadAction\",\"target\":[\"https:\\\/\\\/aliancasocial.org\\\/alianca-estende-auxilio-as-vitimas-das-enchentes-no-rio-grande-do-sul\\\/\"]}]},{\"@type\":\"ImageObject\",\"inLanguage\":\"en-US\",\"@id\":\"https:\\\/\\\/aliancasocial.org\\\/alianca-estende-auxilio-as-vitimas-das-enchentes-no-rio-grande-do-sul\\\/#primaryimage\",\"url\":\"https:\\\/\\\/aliancasocial.org\\\/wp-content\\\/uploads\\\/2024\\\/05\\\/ALIANC\u0327A-MODELO-POST54.png\",\"contentUrl\":\"https:\\\/\\\/aliancasocial.org\\\/wp-content\\\/uploads\\\/2024\\\/05\\\/ALIANC\u0327A-MODELO-POST54.png\",\"width\":835,\"height\":835},{\"@type\":\"BreadcrumbList\",\"@id\":\"https:\\\/\\\/aliancasocial.org\\\/alianca-estende-auxilio-as-vitimas-das-enchentes-no-rio-grande-do-sul\\\/#breadcrumb\",\"itemListElement\":[{\"@type\":\"ListItem\",\"position\":1,\"name\":\"In\u00edcio\",\"item\":\"https:\\\/\\\/aliancasocial.org\\\/en\\\/\"},{\"@type\":\"ListItem\",\"position\":2,\"name\":\"Alian\u00e7a estende aux\u00edlio \u00e0s v\u00edtimas das enchentes no Rio Grande do Sul\"}]},{\"@type\":\"WebSite\",\"@id\":\"https:\\\/\\\/aliancasocial.org\\\/#website\",\"url\":\"https:\\\/\\\/aliancasocial.org\\\/\",\"name\":\"Alian\u00e7a de Miseric\u00f3rdia\",\"description\":\"Levando dignidade humana a todos os cantos do mundo\",\"publisher\":{\"@id\":\"https:\\\/\\\/aliancasocial.org\\\/#organization\"},\"potentialAction\":[{\"@type\":\"SearchAction\",\"target\":{\"@type\":\"EntryPoint\",\"urlTemplate\":\"https:\\\/\\\/aliancasocial.org\\\/?s={search_term_string}\"},\"query-input\":{\"@type\":\"PropertyValueSpecification\",\"valueRequired\":true,\"valueName\":\"search_term_string\"}}],\"inLanguage\":\"en-US\"},{\"@type\":\"Organization\",\"@id\":\"https:\\\/\\\/aliancasocial.org\\\/#organization\",\"name\":\"Alian\u00e7a de Miseric\u00f3rdia\",\"url\":\"https:\\\/\\\/aliancasocial.org\\\/\",\"logo\":{\"@type\":\"ImageObject\",\"inLanguage\":\"en-US\",\"@id\":\"https:\\\/\\\/aliancasocial.org\\\/#\\\/schema\\\/logo\\\/image\\\/\",\"url\":\"https:\\\/\\\/aliancasocial.org\\\/wp-content\\\/uploads\\\/2022\\\/07\\\/logo-alianca-marrom.svg\",\"contentUrl\":\"https:\\\/\\\/aliancasocial.org\\\/wp-content\\\/uploads\\\/2022\\\/07\\\/logo-alianca-marrom.svg\",\"width\":91,\"height\":33,\"caption\":\"Alian\u00e7a de Miseric\u00f3rdia\"},\"image\":{\"@id\":\"https:\\\/\\\/aliancasocial.org\\\/#\\\/schema\\\/logo\\\/image\\\/\"},\"sameAs\":[\"https:\\\/\\\/www.facebook.com\\\/iesmisericordia\\\/\",\"https:\\\/\\\/www.instagram.com\\\/aliancademisericordia\\\/\"]},{\"@type\":\"Person\",\"@id\":\"https:\\\/\\\/aliancasocial.org\\\/#\\\/schema\\\/person\\\/78098b551faec531645dbd5d82778414\",\"name\":\"Fernanda Monzambani\",\"image\":{\"@type\":\"ImageObject\",\"inLanguage\":\"en-US\",\"@id\":\"https:\\\/\\\/secure.gravatar.com\\\/avatar\\\/aa6d89063e21cd9638051b6cd0602c108d4b79b0898534c712d68409f7e5b64c?s=96&d=mm&r=g\",\"url\":\"https:\\\/\\\/secure.gravatar.com\\\/avatar\\\/aa6d89063e21cd9638051b6cd0602c108d4b79b0898534c712d68409f7e5b64c?s=96&d=mm&r=g\",\"contentUrl\":\"https:\\\/\\\/secure.gravatar.com\\\/avatar\\\/aa6d89063e21cd9638051b6cd0602c108d4b79b0898534c712d68409f7e5b64c?s=96&d=mm&r=g\",\"caption\":\"Fernanda Monzambani\"},\"url\":\"https:\\\/\\\/aliancasocial.org\\\/en\\\/author\\\/fernanda\\\/\"}]}<\/script>\n<!-- \/ Yoast SEO plugin. -->","yoast_head_json":{"title":"Alliance extends aid to flood victims in Rio Grande do Sul","description":"As recentes chuvas torrenciais que assolaram o estado do Rio Grande do Sul deixaram um rastro de destrui\u00e7\u00e3o, afetando in\u00fameras comunidades e deixando","robots":{"index":"index","follow":"follow","max-snippet":"max-snippet:-1","max-image-preview":"max-image-preview:large","max-video-preview":"max-video-preview:-1"},"canonical":"https:\/\/aliancasocial.org\/en\/alianca-estende-auxilio-as-vitimas-das-enchentes-no-rio-grande-do-sul\/","og_locale":"en_US","og_type":"article","og_title":"Alian\u00e7a estende aux\u00edlio \u00e0s v\u00edtimas das enchentes no Rio Grande do Sul","og_description":"As recentes chuvas torrenciais que assolaram o estado do Rio Grande do Sul deixaram um rastro de destrui\u00e7\u00e3o, afetando in\u00fameras comunidades e deixando","og_url":"https:\/\/aliancasocial.org\/en\/alianca-estende-auxilio-as-vitimas-das-enchentes-no-rio-grande-do-sul\/","og_site_name":"Alian\u00e7a de Miseric\u00f3rdia","article_publisher":"https:\/\/www.facebook.com\/iesmisericordia\/","article_published_time":"2024-05-09T21:21:25+00:00","article_modified_time":"2024-05-09T21:27:31+00:00","og_image":[{"width":835,"height":835,"url":"https:\/\/aliancasocial.org\/wp-content\/uploads\/2024\/05\/ALIANC\u0327A-MODELO-POST54.png","type":"image\/png"}],"author":"Fernanda Monzambani","twitter_card":"summary_large_image","twitter_misc":{"Written by":"Fernanda Monzambani","Est. reading time":"4 minutes"},"schema":{"@context":"https:\/\/schema.org","@graph":[{"@type":"Article","@id":"https:\/\/aliancasocial.org\/alianca-estende-auxilio-as-vitimas-das-enchentes-no-rio-grande-do-sul\/#article","isPartOf":{"@id":"https:\/\/aliancasocial.org\/alianca-estende-auxilio-as-vitimas-das-enchentes-no-rio-grande-do-sul\/"},"author":{"name":"Fernanda Monzambani","@id":"https:\/\/aliancasocial.org\/#\/schema\/person\/78098b551faec531645dbd5d82778414"},"headline":"Alian\u00e7a estende aux\u00edlio \u00e0s v\u00edtimas das enchentes no Rio Grande do Sul","datePublished":"2024-05-09T21:21:25+00:00","dateModified":"2024-05-09T21:27:31+00:00","mainEntityOfPage":{"@id":"https:\/\/aliancasocial.org\/alianca-estende-auxilio-as-vitimas-das-enchentes-no-rio-grande-do-sul\/"},"wordCount":773,"publisher":{"@id":"https:\/\/aliancasocial.org\/#organization"},"image":{"@id":"https:\/\/aliancasocial.org\/alianca-estende-auxilio-as-vitimas-das-enchentes-no-rio-grande-do-sul\/#primaryimage"},"thumbnailUrl":"https:\/\/aliancasocial.org\/wp-content\/uploads\/2024\/05\/ALIANC\u0327A-MODELO-POST54.png","articleSection":["Responsabilidade Social"],"inLanguage":"en-US"},{"@type":"WebPage","@id":"https:\/\/aliancasocial.org\/alianca-estende-auxilio-as-vitimas-das-enchentes-no-rio-grande-do-sul\/","url":"https:\/\/aliancasocial.org\/alianca-estende-auxilio-as-vitimas-das-enchentes-no-rio-grande-do-sul\/","name":"Alliance extends aid to flood victims in Rio Grande do Sul","isPartOf":{"@id":"https:\/\/aliancasocial.org\/#website"},"primaryImageOfPage":{"@id":"https:\/\/aliancasocial.org\/alianca-estende-auxilio-as-vitimas-das-enchentes-no-rio-grande-do-sul\/#primaryimage"},"image":{"@id":"https:\/\/aliancasocial.org\/alianca-estende-auxilio-as-vitimas-das-enchentes-no-rio-grande-do-sul\/#primaryimage"},"thumbnailUrl":"https:\/\/aliancasocial.org\/wp-content\/uploads\/2024\/05\/ALIANC\u0327A-MODELO-POST54.png","datePublished":"2024-05-09T21:21:25+00:00","dateModified":"2024-05-09T21:27:31+00:00","description":"As recentes chuvas torrenciais que assolaram o estado do Rio Grande do Sul deixaram um rastro de destrui\u00e7\u00e3o, afetando in\u00fameras comunidades e deixando","breadcrumb":{"@id":"https:\/\/aliancasocial.org\/alianca-estende-auxilio-as-vitimas-das-enchentes-no-rio-grande-do-sul\/#breadcrumb"},"inLanguage":"en-US","potentialAction":[{"@type":"ReadAction","target":["https:\/\/aliancasocial.org\/alianca-estende-auxilio-as-vitimas-das-enchentes-no-rio-grande-do-sul\/"]}]},{"@type":"ImageObject","inLanguage":"en-US","@id":"https:\/\/aliancasocial.org\/alianca-estende-auxilio-as-vitimas-das-enchentes-no-rio-grande-do-sul\/#primaryimage","url":"https:\/\/aliancasocial.org\/wp-content\/uploads\/2024\/05\/ALIANC\u0327A-MODELO-POST54.png","contentUrl":"https:\/\/aliancasocial.org\/wp-content\/uploads\/2024\/05\/ALIANC\u0327A-MODELO-POST54.png","width":835,"height":835},{"@type":"BreadcrumbList","@id":"https:\/\/aliancasocial.org\/alianca-estende-auxilio-as-vitimas-das-enchentes-no-rio-grande-do-sul\/#breadcrumb","itemListElement":[{"@type":"ListItem","position":1,"name":"In\u00edcio","item":"https:\/\/aliancasocial.org\/en\/"},{"@type":"ListItem","position":2,"name":"Alian\u00e7a estende aux\u00edlio \u00e0s v\u00edtimas das enchentes no Rio Grande do Sul"}]},{"@type":"WebSite","@id":"https:\/\/aliancasocial.org\/#website","url":"https:\/\/aliancasocial.org\/","name":"Covenant of Mercy","description":"Bringing human dignity to every corner of the world","publisher":{"@id":"https:\/\/aliancasocial.org\/#organization"},"potentialAction":[{"@type":"SearchAction","target":{"@type":"EntryPoint","urlTemplate":"https:\/\/aliancasocial.org\/?s={search_term_string}"},"query-input":{"@type":"PropertyValueSpecification","valueRequired":true,"valueName":"search_term_string"}}],"inLanguage":"en-US"},{"@type":"Organization","@id":"https:\/\/aliancasocial.org\/#organization","name":"Covenant of Mercy","url":"https:\/\/aliancasocial.org\/","logo":{"@type":"ImageObject","inLanguage":"en-US","@id":"https:\/\/aliancasocial.org\/#\/schema\/logo\/image\/","url":"https:\/\/aliancasocial.org\/wp-content\/uploads\/2022\/07\/logo-alianca-marrom.svg","contentUrl":"https:\/\/aliancasocial.org\/wp-content\/uploads\/2022\/07\/logo-alianca-marrom.svg","width":91,"height":33,"caption":"Alian\u00e7a de Miseric\u00f3rdia"},"image":{"@id":"https:\/\/aliancasocial.org\/#\/schema\/logo\/image\/"},"sameAs":["https:\/\/www.facebook.com\/iesmisericordia\/","https:\/\/www.instagram.com\/aliancademisericordia\/"]},{"@type":"Person","@id":"https:\/\/aliancasocial.org\/#\/schema\/person\/78098b551faec531645dbd5d82778414","name":"Fernanda Monzambani","image":{"@type":"ImageObject","inLanguage":"en-US","@id":"https:\/\/secure.gravatar.com\/avatar\/aa6d89063e21cd9638051b6cd0602c108d4b79b0898534c712d68409f7e5b64c?s=96&d=mm&r=g","url":"https:\/\/secure.gravatar.com\/avatar\/aa6d89063e21cd9638051b6cd0602c108d4b79b0898534c712d68409f7e5b64c?s=96&d=mm&r=g","contentUrl":"https:\/\/secure.gravatar.com\/avatar\/aa6d89063e21cd9638051b6cd0602c108d4b79b0898534c712d68409f7e5b64c?s=96&d=mm&r=g","caption":"Fernanda Monzambani"},"url":"https:\/\/aliancasocial.org\/en\/author\/fernanda\/"}]}},"_links":{"self":[{"href":"https:\/\/aliancasocial.org\/en\/wp-json\/wp\/v2\/posts\/11073","targetHints":{"allow":["GET"]}}],"collection":[{"href":"https:\/\/aliancasocial.org\/en\/wp-json\/wp\/v2\/posts"}],"about":[{"href":"https:\/\/aliancasocial.org\/en\/wp-json\/wp\/v2\/types\/post"}],"author":[{"embeddable":true,"href":"https:\/\/aliancasocial.org\/en\/wp-json\/wp\/v2\/users\/8"}],"replies":[{"embeddable":true,"href":"https:\/\/aliancasocial.org\/en\/wp-json\/wp\/v2\/comments?post=11073"}],"version-history":[{"count":0,"href":"https:\/\/aliancasocial.org\/en\/wp-json\/wp\/v2\/posts\/11073\/revisions"}],"wp:featuredmedia":[{"embeddable":true,"href":"https:\/\/aliancasocial.org\/en\/wp-json\/wp\/v2\/media\/11074"}],"wp:attachment":[{"href":"https:\/\/aliancasocial.org\/en\/wp-json\/wp\/v2\/media?parent=11073"}],"wp:term":[{"taxonomy":"category","embeddable":true,"href":"https:\/\/aliancasocial.org\/en\/wp-json\/wp\/v2\/categories?post=11073"},{"taxonomy":"post_tag","embeddable":true,"href":"https:\/\/aliancasocial.org\/en\/wp-json\/wp\/v2\/tags?post=11073"},{"taxonomy":"destaques","embeddable":true,"href":"https:\/\/aliancasocial.org\/en\/wp-json\/wp\/v2\/destaques?post=11073"}],"curies":[{"name":"wp","href":"https:\/\/api.w.org\/{rel}","templated":true}]}}