{"id":11346,"date":"2024-07-05T13:46:54","date_gmt":"2024-07-05T16:46:54","guid":{"rendered":"https:\/\/aliancasocial.org\/?p=11346"},"modified":"2024-07-05T13:47:55","modified_gmt":"2024-07-05T16:47:55","slug":"alliance-of-mercy-celebra-2-anos-de-atividades-nos-eua","status":"publish","type":"post","link":"https:\/\/aliancasocial.org\/en\/alliance-of-mercy-celebra-2-anos-de-atividades-nos-eua\/","title":{"rendered":"Alliance of Mercy celebrates 2 years of activities in the USA"},"content":{"rendered":"<p>A <em>Alliance of Mercy<\/em> <a href=\"https:\/\/www.instagram.com\/allianceofmercy.us\/\">(@allianceofmercy.us<\/a>) celebrated two years of activities in the United States with a joy-filled meeting at Viva Brazil Signature, in North Miami Beach. The celebration was attended by the president of the Movement, Father Evandro Torlai, who traveled from Brazil especially for the event.<\/p>\n\n\n\n<p>The celebratory dinner brought together partners and volunteers who contribute to the Alliance of Mercy&#039;s various social actions, with emphasis on the Consul General of Brazil in Miami, Andr\u00e9 Odenbreit, and Vice-Consul Gilda Ara\u00fajo de Souza, demonstrating official support for the cause.<\/p>\n\n\n\n<p>Since its beginning in May 2022 in Miami, the Alliance of Mercy&#039;s U.S. mission has expanded to other cities in Florida such as Weston, Fort Lauderdale, Boca Raton, Margate, Pompano Beach, and Orlando. In 2023, the group held important events, such as the <strong>The House of Arts<\/strong>, which raised funds and benefited actions in favor of the Fraternidade de Senador Camar\u00e1, in Rio de Janeiro.<\/p>\n\n\n\n<p>The Alliance of Mercy has also strengthened ties with the Archdiocese of Miami and the Diocese of Orlando.  A testimony to the mission is the story of a little warrior who faced cancer. Initially atheists, her parents were deeply impacted by the love and prayers of the community, resulting in the mother&#039;s conversion upon seeing her daughter&#039;s miraculous healing.<\/p>\n\n\n\n<p>See what the Alliance Of Mercy opening event was like by clicking <a href=\"https:\/\/misericordia.com.br\/veja-como-foi-o-evento-de-inauguracao-da-alliance-of-mercy-eua\/\">here<\/a>.<\/p>","protected":false},"excerpt":{"rendered":"<p>A Alliance of Mercy (@allianceofmercy.us) comemorou dois anos de atividades nos Estados Unidos com um encontro repleto de alegria no Viva Brazil Signature, em North Miami Beach. A celebra\u00e7\u00e3o contou com a presen\u00e7a do presidente do Movimento, Padre Evandro Torlai, que viajou do Brasil especialmente para o evento. O jantar de comemora\u00e7\u00e3o reuniu parceiros e [&hellip;]<\/p>\n","protected":false},"author":8,"featured_media":11347,"comment_status":"closed","ping_status":"closed","sticky":false,"template":"","format":"standard","meta":{"footnotes":""},"categories":[8],"tags":[],"destaques":[36],"class_list":["post-11346","post","type-post","status-publish","format-standard","has-post-thumbnail","hentry","category-acoes-no-exterior","destaques-destaque-01"],"yoast_head":"<!-- This site is optimized with the Yoast SEO plugin v27.4 - https:\/\/yoast.com\/product\/yoast-seo-wordpress\/ -->\n<title>Alliance of Mercy celebra 2 anos de atividades nos EUA - Alian\u00e7a de Miseric\u00f3rdia<\/title>\n<meta name=\"description\" content=\"A Alliance of Mercy (@allianceofmercy.us) comemorou dois anos de atividades nos Estados Unidos com um encontro repleto de alegria no Viva Brazil\" \/>\n<meta name=\"robots\" content=\"index, follow, max-snippet:-1, max-image-preview:large, max-video-preview:-1\" \/>\n<link rel=\"canonical\" href=\"https:\/\/aliancasocial.org\/en\/alliance-of-mercy-celebra-2-anos-de-atividades-nos-eua\/\" \/>\n<meta property=\"og:locale\" content=\"en_US\" \/>\n<meta property=\"og:type\" content=\"article\" \/>\n<meta property=\"og:title\" content=\"Alliance of Mercy celebra 2 anos de atividades nos EUA - Alian\u00e7a de Miseric\u00f3rdia\" \/>\n<meta property=\"og:description\" content=\"A Alliance of Mercy (@allianceofmercy.us) comemorou dois anos de atividades nos Estados Unidos com um encontro repleto de alegria no Viva Brazil\" \/>\n<meta property=\"og:url\" content=\"https:\/\/aliancasocial.org\/en\/alliance-of-mercy-celebra-2-anos-de-atividades-nos-eua\/\" \/>\n<meta property=\"og:site_name\" content=\"Alian\u00e7a de Miseric\u00f3rdia\" \/>\n<meta property=\"article:publisher\" content=\"https:\/\/www.facebook.com\/iesmisericordia\/\" \/>\n<meta property=\"article:published_time\" content=\"2024-07-05T16:46:54+00:00\" \/>\n<meta property=\"article:modified_time\" content=\"2024-07-05T16:47:55+00:00\" \/>\n<meta property=\"og:image\" content=\"https:\/\/aliancasocial.org\/wp-content\/uploads\/2024\/07\/WhatsApp-Image-2024-07-04-at-10.35.08.jpeg\" \/>\n\t<meta property=\"og:image:width\" content=\"632\" \/>\n\t<meta property=\"og:image:height\" content=\"397\" \/>\n\t<meta property=\"og:image:type\" content=\"image\/jpeg\" \/>\n<meta name=\"author\" content=\"Fernanda Monzambani\" \/>\n<meta name=\"twitter:card\" content=\"summary_large_image\" \/>\n<meta name=\"twitter:label1\" content=\"Written by\" \/>\n\t<meta name=\"twitter:data1\" content=\"Fernanda Monzambani\" \/>\n\t<meta name=\"twitter:label2\" content=\"Est. reading time\" \/>\n\t<meta name=\"twitter:data2\" content=\"2 minutes\" \/>\n<script type=\"application\/ld+json\" class=\"yoast-schema-graph\">{\"@context\":\"https:\\\/\\\/schema.org\",\"@graph\":[{\"@type\":\"Article\",\"@id\":\"https:\\\/\\\/aliancasocial.org\\\/alliance-of-mercy-celebra-2-anos-de-atividades-nos-eua\\\/#article\",\"isPartOf\":{\"@id\":\"https:\\\/\\\/aliancasocial.org\\\/alliance-of-mercy-celebra-2-anos-de-atividades-nos-eua\\\/\"},\"author\":{\"name\":\"Fernanda Monzambani\",\"@id\":\"https:\\\/\\\/aliancasocial.org\\\/#\\\/schema\\\/person\\\/73a690df527bfd7df78ba35714ff67d4\"},\"headline\":\"Alliance of Mercy celebra 2 anos de atividades nos EUA\",\"datePublished\":\"2024-07-05T16:46:54+00:00\",\"dateModified\":\"2024-07-05T16:47:55+00:00\",\"mainEntityOfPage\":{\"@id\":\"https:\\\/\\\/aliancasocial.org\\\/alliance-of-mercy-celebra-2-anos-de-atividades-nos-eua\\\/\"},\"wordCount\":255,\"publisher\":{\"@id\":\"https:\\\/\\\/aliancasocial.org\\\/#organization\"},\"image\":{\"@id\":\"https:\\\/\\\/aliancasocial.org\\\/alliance-of-mercy-celebra-2-anos-de-atividades-nos-eua\\\/#primaryimage\"},\"thumbnailUrl\":\"https:\\\/\\\/aliancasocial.org\\\/wp-content\\\/uploads\\\/2024\\\/07\\\/WhatsApp-Image-2024-07-04-at-10.35.08.jpeg\",\"articleSection\":[\"A\u00e7\u00f5es no exterior\"],\"inLanguage\":\"en-US\"},{\"@type\":\"WebPage\",\"@id\":\"https:\\\/\\\/aliancasocial.org\\\/alliance-of-mercy-celebra-2-anos-de-atividades-nos-eua\\\/\",\"url\":\"https:\\\/\\\/aliancasocial.org\\\/alliance-of-mercy-celebra-2-anos-de-atividades-nos-eua\\\/\",\"name\":\"Alliance of Mercy celebra 2 anos de atividades nos EUA - Alian\u00e7a de Miseric\u00f3rdia\",\"isPartOf\":{\"@id\":\"https:\\\/\\\/aliancasocial.org\\\/#website\"},\"primaryImageOfPage\":{\"@id\":\"https:\\\/\\\/aliancasocial.org\\\/alliance-of-mercy-celebra-2-anos-de-atividades-nos-eua\\\/#primaryimage\"},\"image\":{\"@id\":\"https:\\\/\\\/aliancasocial.org\\\/alliance-of-mercy-celebra-2-anos-de-atividades-nos-eua\\\/#primaryimage\"},\"thumbnailUrl\":\"https:\\\/\\\/aliancasocial.org\\\/wp-content\\\/uploads\\\/2024\\\/07\\\/WhatsApp-Image-2024-07-04-at-10.35.08.jpeg\",\"datePublished\":\"2024-07-05T16:46:54+00:00\",\"dateModified\":\"2024-07-05T16:47:55+00:00\",\"description\":\"A Alliance of Mercy (@allianceofmercy.us) comemorou dois anos de atividades nos Estados Unidos com um encontro repleto de alegria no Viva Brazil\",\"breadcrumb\":{\"@id\":\"https:\\\/\\\/aliancasocial.org\\\/alliance-of-mercy-celebra-2-anos-de-atividades-nos-eua\\\/#breadcrumb\"},\"inLanguage\":\"en-US\",\"potentialAction\":[{\"@type\":\"ReadAction\",\"target\":[\"https:\\\/\\\/aliancasocial.org\\\/alliance-of-mercy-celebra-2-anos-de-atividades-nos-eua\\\/\"]}]},{\"@type\":\"ImageObject\",\"inLanguage\":\"en-US\",\"@id\":\"https:\\\/\\\/aliancasocial.org\\\/alliance-of-mercy-celebra-2-anos-de-atividades-nos-eua\\\/#primaryimage\",\"url\":\"https:\\\/\\\/aliancasocial.org\\\/wp-content\\\/uploads\\\/2024\\\/07\\\/WhatsApp-Image-2024-07-04-at-10.35.08.jpeg\",\"contentUrl\":\"https:\\\/\\\/aliancasocial.org\\\/wp-content\\\/uploads\\\/2024\\\/07\\\/WhatsApp-Image-2024-07-04-at-10.35.08.jpeg\",\"width\":632,\"height\":397},{\"@type\":\"BreadcrumbList\",\"@id\":\"https:\\\/\\\/aliancasocial.org\\\/alliance-of-mercy-celebra-2-anos-de-atividades-nos-eua\\\/#breadcrumb\",\"itemListElement\":[{\"@type\":\"ListItem\",\"position\":1,\"name\":\"In\u00edcio\",\"item\":\"https:\\\/\\\/aliancasocial.org\\\/en\\\/\"},{\"@type\":\"ListItem\",\"position\":2,\"name\":\"Alliance of Mercy celebra 2 anos de atividades nos EUA\"}]},{\"@type\":\"WebSite\",\"@id\":\"https:\\\/\\\/aliancasocial.org\\\/#website\",\"url\":\"https:\\\/\\\/aliancasocial.org\\\/\",\"name\":\"Alian\u00e7a de Miseric\u00f3rdia\",\"description\":\"Levando dignidade humana a todos os cantos do mundo\",\"publisher\":{\"@id\":\"https:\\\/\\\/aliancasocial.org\\\/#organization\"},\"potentialAction\":[{\"@type\":\"SearchAction\",\"target\":{\"@type\":\"EntryPoint\",\"urlTemplate\":\"https:\\\/\\\/aliancasocial.org\\\/?s={search_term_string}\"},\"query-input\":{\"@type\":\"PropertyValueSpecification\",\"valueRequired\":true,\"valueName\":\"search_term_string\"}}],\"inLanguage\":\"en-US\"},{\"@type\":\"Organization\",\"@id\":\"https:\\\/\\\/aliancasocial.org\\\/#organization\",\"name\":\"Alian\u00e7a de Miseric\u00f3rdia\",\"url\":\"https:\\\/\\\/aliancasocial.org\\\/\",\"logo\":{\"@type\":\"ImageObject\",\"inLanguage\":\"en-US\",\"@id\":\"https:\\\/\\\/aliancasocial.org\\\/#\\\/schema\\\/logo\\\/image\\\/\",\"url\":\"https:\\\/\\\/aliancasocial.org\\\/wp-content\\\/uploads\\\/2022\\\/07\\\/logo-alianca-marrom.svg\",\"contentUrl\":\"https:\\\/\\\/aliancasocial.org\\\/wp-content\\\/uploads\\\/2022\\\/07\\\/logo-alianca-marrom.svg\",\"width\":91,\"height\":33,\"caption\":\"Alian\u00e7a de Miseric\u00f3rdia\"},\"image\":{\"@id\":\"https:\\\/\\\/aliancasocial.org\\\/#\\\/schema\\\/logo\\\/image\\\/\"},\"sameAs\":[\"https:\\\/\\\/www.facebook.com\\\/iesmisericordia\\\/\",\"https:\\\/\\\/www.instagram.com\\\/aliancademisericordia\\\/\"]},{\"@type\":\"Person\",\"@id\":\"https:\\\/\\\/aliancasocial.org\\\/#\\\/schema\\\/person\\\/73a690df527bfd7df78ba35714ff67d4\",\"name\":\"Fernanda Monzambani\",\"image\":{\"@type\":\"ImageObject\",\"inLanguage\":\"en-US\",\"@id\":\"https:\\\/\\\/secure.gravatar.com\\\/avatar\\\/aa6d89063e21cd9638051b6cd0602c108d4b79b0898534c712d68409f7e5b64c?s=96&d=mm&r=g\",\"url\":\"https:\\\/\\\/secure.gravatar.com\\\/avatar\\\/aa6d89063e21cd9638051b6cd0602c108d4b79b0898534c712d68409f7e5b64c?s=96&d=mm&r=g\",\"contentUrl\":\"https:\\\/\\\/secure.gravatar.com\\\/avatar\\\/aa6d89063e21cd9638051b6cd0602c108d4b79b0898534c712d68409f7e5b64c?s=96&d=mm&r=g\",\"caption\":\"Fernanda Monzambani\"},\"url\":\"https:\\\/\\\/aliancasocial.org\\\/en\\\/author\\\/fernanda\\\/\"}]}<\/script>\n<!-- \/ Yoast SEO plugin. -->","yoast_head_json":{"title":"Alliance of Mercy celebra 2 anos de atividades nos EUA - Alian\u00e7a de Miseric\u00f3rdia","description":"A Alliance of Mercy (@allianceofmercy.us) comemorou dois anos de atividades nos Estados Unidos com um encontro repleto de alegria no Viva Brazil","robots":{"index":"index","follow":"follow","max-snippet":"max-snippet:-1","max-image-preview":"max-image-preview:large","max-video-preview":"max-video-preview:-1"},"canonical":"https:\/\/aliancasocial.org\/en\/alliance-of-mercy-celebra-2-anos-de-atividades-nos-eua\/","og_locale":"en_US","og_type":"article","og_title":"Alliance of Mercy celebra 2 anos de atividades nos EUA - Alian\u00e7a de Miseric\u00f3rdia","og_description":"A Alliance of Mercy (@allianceofmercy.us) comemorou dois anos de atividades nos Estados Unidos com um encontro repleto de alegria no Viva Brazil","og_url":"https:\/\/aliancasocial.org\/en\/alliance-of-mercy-celebra-2-anos-de-atividades-nos-eua\/","og_site_name":"Alian\u00e7a de Miseric\u00f3rdia","article_publisher":"https:\/\/www.facebook.com\/iesmisericordia\/","article_published_time":"2024-07-05T16:46:54+00:00","article_modified_time":"2024-07-05T16:47:55+00:00","og_image":[{"width":632,"height":397,"url":"https:\/\/aliancasocial.org\/wp-content\/uploads\/2024\/07\/WhatsApp-Image-2024-07-04-at-10.35.08.jpeg","type":"image\/jpeg"}],"author":"Fernanda Monzambani","twitter_card":"summary_large_image","twitter_misc":{"Written by":"Fernanda Monzambani","Est. reading time":"2 minutes"},"schema":{"@context":"https:\/\/schema.org","@graph":[{"@type":"Article","@id":"https:\/\/aliancasocial.org\/alliance-of-mercy-celebra-2-anos-de-atividades-nos-eua\/#article","isPartOf":{"@id":"https:\/\/aliancasocial.org\/alliance-of-mercy-celebra-2-anos-de-atividades-nos-eua\/"},"author":{"name":"Fernanda Monzambani","@id":"https:\/\/aliancasocial.org\/#\/schema\/person\/73a690df527bfd7df78ba35714ff67d4"},"headline":"Alliance of Mercy celebra 2 anos de atividades nos EUA","datePublished":"2024-07-05T16:46:54+00:00","dateModified":"2024-07-05T16:47:55+00:00","mainEntityOfPage":{"@id":"https:\/\/aliancasocial.org\/alliance-of-mercy-celebra-2-anos-de-atividades-nos-eua\/"},"wordCount":255,"publisher":{"@id":"https:\/\/aliancasocial.org\/#organization"},"image":{"@id":"https:\/\/aliancasocial.org\/alliance-of-mercy-celebra-2-anos-de-atividades-nos-eua\/#primaryimage"},"thumbnailUrl":"https:\/\/aliancasocial.org\/wp-content\/uploads\/2024\/07\/WhatsApp-Image-2024-07-04-at-10.35.08.jpeg","articleSection":["A\u00e7\u00f5es no exterior"],"inLanguage":"en-US"},{"@type":"WebPage","@id":"https:\/\/aliancasocial.org\/alliance-of-mercy-celebra-2-anos-de-atividades-nos-eua\/","url":"https:\/\/aliancasocial.org\/alliance-of-mercy-celebra-2-anos-de-atividades-nos-eua\/","name":"Alliance of Mercy celebra 2 anos de atividades nos EUA - Alian\u00e7a de Miseric\u00f3rdia","isPartOf":{"@id":"https:\/\/aliancasocial.org\/#website"},"primaryImageOfPage":{"@id":"https:\/\/aliancasocial.org\/alliance-of-mercy-celebra-2-anos-de-atividades-nos-eua\/#primaryimage"},"image":{"@id":"https:\/\/aliancasocial.org\/alliance-of-mercy-celebra-2-anos-de-atividades-nos-eua\/#primaryimage"},"thumbnailUrl":"https:\/\/aliancasocial.org\/wp-content\/uploads\/2024\/07\/WhatsApp-Image-2024-07-04-at-10.35.08.jpeg","datePublished":"2024-07-05T16:46:54+00:00","dateModified":"2024-07-05T16:47:55+00:00","description":"A Alliance of Mercy (@allianceofmercy.us) comemorou dois anos de atividades nos Estados Unidos com um encontro repleto de alegria no Viva Brazil","breadcrumb":{"@id":"https:\/\/aliancasocial.org\/alliance-of-mercy-celebra-2-anos-de-atividades-nos-eua\/#breadcrumb"},"inLanguage":"en-US","potentialAction":[{"@type":"ReadAction","target":["https:\/\/aliancasocial.org\/alliance-of-mercy-celebra-2-anos-de-atividades-nos-eua\/"]}]},{"@type":"ImageObject","inLanguage":"en-US","@id":"https:\/\/aliancasocial.org\/alliance-of-mercy-celebra-2-anos-de-atividades-nos-eua\/#primaryimage","url":"https:\/\/aliancasocial.org\/wp-content\/uploads\/2024\/07\/WhatsApp-Image-2024-07-04-at-10.35.08.jpeg","contentUrl":"https:\/\/aliancasocial.org\/wp-content\/uploads\/2024\/07\/WhatsApp-Image-2024-07-04-at-10.35.08.jpeg","width":632,"height":397},{"@type":"BreadcrumbList","@id":"https:\/\/aliancasocial.org\/alliance-of-mercy-celebra-2-anos-de-atividades-nos-eua\/#breadcrumb","itemListElement":[{"@type":"ListItem","position":1,"name":"In\u00edcio","item":"https:\/\/aliancasocial.org\/en\/"},{"@type":"ListItem","position":2,"name":"Alliance of Mercy celebra 2 anos de atividades nos EUA"}]},{"@type":"WebSite","@id":"https:\/\/aliancasocial.org\/#website","url":"https:\/\/aliancasocial.org\/","name":"Covenant of Mercy","description":"Bringing human dignity to every corner of the world","publisher":{"@id":"https:\/\/aliancasocial.org\/#organization"},"potentialAction":[{"@type":"SearchAction","target":{"@type":"EntryPoint","urlTemplate":"https:\/\/aliancasocial.org\/?s={search_term_string}"},"query-input":{"@type":"PropertyValueSpecification","valueRequired":true,"valueName":"search_term_string"}}],"inLanguage":"en-US"},{"@type":"Organization","@id":"https:\/\/aliancasocial.org\/#organization","name":"Covenant of Mercy","url":"https:\/\/aliancasocial.org\/","logo":{"@type":"ImageObject","inLanguage":"en-US","@id":"https:\/\/aliancasocial.org\/#\/schema\/logo\/image\/","url":"https:\/\/aliancasocial.org\/wp-content\/uploads\/2022\/07\/logo-alianca-marrom.svg","contentUrl":"https:\/\/aliancasocial.org\/wp-content\/uploads\/2022\/07\/logo-alianca-marrom.svg","width":91,"height":33,"caption":"Alian\u00e7a de Miseric\u00f3rdia"},"image":{"@id":"https:\/\/aliancasocial.org\/#\/schema\/logo\/image\/"},"sameAs":["https:\/\/www.facebook.com\/iesmisericordia\/","https:\/\/www.instagram.com\/aliancademisericordia\/"]},{"@type":"Person","@id":"https:\/\/aliancasocial.org\/#\/schema\/person\/73a690df527bfd7df78ba35714ff67d4","name":"Fernanda Monzambani","image":{"@type":"ImageObject","inLanguage":"en-US","@id":"https:\/\/secure.gravatar.com\/avatar\/aa6d89063e21cd9638051b6cd0602c108d4b79b0898534c712d68409f7e5b64c?s=96&d=mm&r=g","url":"https:\/\/secure.gravatar.com\/avatar\/aa6d89063e21cd9638051b6cd0602c108d4b79b0898534c712d68409f7e5b64c?s=96&d=mm&r=g","contentUrl":"https:\/\/secure.gravatar.com\/avatar\/aa6d89063e21cd9638051b6cd0602c108d4b79b0898534c712d68409f7e5b64c?s=96&d=mm&r=g","caption":"Fernanda Monzambani"},"url":"https:\/\/aliancasocial.org\/en\/author\/fernanda\/"}]}},"_links":{"self":[{"href":"https:\/\/aliancasocial.org\/en\/wp-json\/wp\/v2\/posts\/11346","targetHints":{"allow":["GET"]}}],"collection":[{"href":"https:\/\/aliancasocial.org\/en\/wp-json\/wp\/v2\/posts"}],"about":[{"href":"https:\/\/aliancasocial.org\/en\/wp-json\/wp\/v2\/types\/post"}],"author":[{"embeddable":true,"href":"https:\/\/aliancasocial.org\/en\/wp-json\/wp\/v2\/users\/8"}],"replies":[{"embeddable":true,"href":"https:\/\/aliancasocial.org\/en\/wp-json\/wp\/v2\/comments?post=11346"}],"version-history":[{"count":1,"href":"https:\/\/aliancasocial.org\/en\/wp-json\/wp\/v2\/posts\/11346\/revisions"}],"predecessor-version":[{"id":11348,"href":"https:\/\/aliancasocial.org\/en\/wp-json\/wp\/v2\/posts\/11346\/revisions\/11348"}],"wp:featuredmedia":[{"embeddable":true,"href":"https:\/\/aliancasocial.org\/en\/wp-json\/wp\/v2\/media\/11347"}],"wp:attachment":[{"href":"https:\/\/aliancasocial.org\/en\/wp-json\/wp\/v2\/media?parent=11346"}],"wp:term":[{"taxonomy":"category","embeddable":true,"href":"https:\/\/aliancasocial.org\/en\/wp-json\/wp\/v2\/categories?post=11346"},{"taxonomy":"post_tag","embeddable":true,"href":"https:\/\/aliancasocial.org\/en\/wp-json\/wp\/v2\/tags?post=11346"},{"taxonomy":"destaques","embeddable":true,"href":"https:\/\/aliancasocial.org\/en\/wp-json\/wp\/v2\/destaques?post=11346"}],"curies":[{"name":"wp","href":"https:\/\/api.w.org\/{rel}","templated":true}]}}