{"id":11450,"date":"2024-08-27T10:22:45","date_gmt":"2024-08-27T13:22:45","guid":{"rendered":"https:\/\/aliancasocial.org\/?p=11450"},"modified":"2024-08-27T10:22:47","modified_gmt":"2024-08-27T13:22:47","slug":"mc-dia-feliz-alianca-distribui-alegria-e-refeicoes-em-acao-social","status":"publish","type":"post","link":"https:\/\/aliancasocial.org\/en\/mc-dia-feliz-alianca-distribui-alegria-e-refeicoes-em-acao-social\/","title":{"rendered":"Mc Dia Feliz: Alliance distributes joy and meals in social action"},"content":{"rendered":"<p>Last weekend, the Alliance of Mercy promoted an action that spread smiles and hope in several of its social projects, deeply impacting the lives of children, teenagers and adults. Through the generosity of <strong>Sandra and Osmar Zogbi<\/strong>, who donated 2,500 McDonald&#039;s vouchers, the institution was able to provide a special moment of celebration and joy for those served in S\u00e3o Paulo and Rio de Janeiro.<\/p>\n\n\n\n<p>The initiative included the Shelter Houses, CEIs and CCAs in S\u00e3o Paulo, as well as the Training House in Botuquara, and projects in Rio de Janeiro, such as the actions of the Fraternities of Senador Camar\u00e1 and Gamboa. In addition, all employees of the Alliance were also included, reinforcing the spirit of unity and gratitude that permeates the institution.<\/p>\n\n\n\n<p>At the <strong>CEI Mercy I<\/strong>, the children and their families were welcomed with a special presentation by <em>Canta Circus Company<\/em>, which brought music and literature to entertain everyone before the snacks were distributed. This cultural experience enriched the event, showing that the Alliance&#039;s care goes beyond food, also offering moments of art and education.<\/p>\n\n\n\n<p>At the <strong>CCA Vila Cuore<\/strong>, the action was carried out in a drive-thru format, ensuring that all registered children and adolescents could receive their snacks in a safe and fun way. The team worked hard to create a welcoming environment, providing a unique experience for those who often do not have access to this type of leisure.<\/p>\n\n\n\n<p>Already the <strong>SASF<\/strong> organized a morning of activities for families, with bouncy castles, football, inflatable slides and face painting. This action was supported by the company <strong><a href=\"https:\/\/www.eaton.com\/br\/pt-br.html\">EATON<\/a><\/strong>. After the fun, the children received snacks from McDonald&#039;s and a surprise kit with sweets and candies, ending the day with great joy.<\/p>\n\n\n\n<p>A <strong>Home Restore Me<\/strong> was also awarded the donation, allowing 455 homeless people to receive not only snacks, but also caps from <strong><a href=\"https:\/\/institutoronald.org.br\/\">McDonald&#039;s<\/a><\/strong>This simple but meaningful gesture brought joy and dignity to those who often face great difficulties in their daily lives.<\/p>\n\n\n\n<p>The action, which involved so many projects and locations, reinforces the Alliance of Mercy&#039;s commitment to providing not only material assistance, but also moments of joy, culture and solidarity. Sandra and Osmar Zogbi&#039;s donation was fundamental for this great support and care network to come to fruition, touching the lives of thousands of people.<\/p>\n\n\n\n<p>The Alliance of Mercy continues its mission to transform lives, creating bonds of affection and solidarity that make a difference in the lives of many. In each action, the commitment to human dignity and love for others is renewed, showing that small actions can have a profound and lasting impact.<\/p>\n\n\n\n<figure class=\"wp-block-gallery has-nested-images columns-default is-cropped wp-block-gallery-1 is-layout-flex wp-block-gallery-is-layout-flex\">\n<figure class=\"wp-block-image size-large\"><img fetchpriority=\"high\" decoding=\"async\" width=\"1024\" height=\"768\" data-id=\"11453\" src=\"http:\/\/aliancasocial.org\/wp-content\/uploads\/2024\/08\/WhatsApp-Image-2024-08-24-at-12.20.40-1-1024x768.jpeg\" alt=\"\" class=\"wp-image-11453\" srcset=\"https:\/\/aliancasocial.org\/wp-content\/uploads\/2024\/08\/WhatsApp-Image-2024-08-24-at-12.20.40-1-1024x768.jpeg 1024w, https:\/\/aliancasocial.org\/wp-content\/uploads\/2024\/08\/WhatsApp-Image-2024-08-24-at-12.20.40-1-300x225.jpeg 300w, https:\/\/aliancasocial.org\/wp-content\/uploads\/2024\/08\/WhatsApp-Image-2024-08-24-at-12.20.40-1-150x113.jpeg 150w, https:\/\/aliancasocial.org\/wp-content\/uploads\/2024\/08\/WhatsApp-Image-2024-08-24-at-12.20.40-1-768x576.jpeg 768w, https:\/\/aliancasocial.org\/wp-content\/uploads\/2024\/08\/WhatsApp-Image-2024-08-24-at-12.20.40-1-1536x1152.jpeg 1536w, https:\/\/aliancasocial.org\/wp-content\/uploads\/2024\/08\/WhatsApp-Image-2024-08-24-at-12.20.40-1-16x12.jpeg 16w, https:\/\/aliancasocial.org\/wp-content\/uploads\/2024\/08\/WhatsApp-Image-2024-08-24-at-12.20.40-1.jpeg 1600w\" sizes=\"(max-width: 1024px) 100vw, 1024px\" \/><\/figure>\n\n\n\n<figure class=\"wp-block-image size-large\"><img decoding=\"async\" width=\"1024\" height=\"768\" data-id=\"11454\" src=\"http:\/\/aliancasocial.org\/wp-content\/uploads\/2024\/08\/WhatsApp-Image-2024-08-24-at-12.42.49-1-1024x768.jpeg\" alt=\"\" class=\"wp-image-11454\" srcset=\"https:\/\/aliancasocial.org\/wp-content\/uploads\/2024\/08\/WhatsApp-Image-2024-08-24-at-12.42.49-1-1024x768.jpeg 1024w, https:\/\/aliancasocial.org\/wp-content\/uploads\/2024\/08\/WhatsApp-Image-2024-08-24-at-12.42.49-1-300x225.jpeg 300w, https:\/\/aliancasocial.org\/wp-content\/uploads\/2024\/08\/WhatsApp-Image-2024-08-24-at-12.42.49-1-150x112.jpeg 150w, https:\/\/aliancasocial.org\/wp-content\/uploads\/2024\/08\/WhatsApp-Image-2024-08-24-at-12.42.49-1-768x576.jpeg 768w, https:\/\/aliancasocial.org\/wp-content\/uploads\/2024\/08\/WhatsApp-Image-2024-08-24-at-12.42.49-1-1536x1152.jpeg 1536w, https:\/\/aliancasocial.org\/wp-content\/uploads\/2024\/08\/WhatsApp-Image-2024-08-24-at-12.42.49-1-2048x1536.jpeg 2048w, https:\/\/aliancasocial.org\/wp-content\/uploads\/2024\/08\/WhatsApp-Image-2024-08-24-at-12.42.49-1-16x12.jpeg 16w\" sizes=\"(max-width: 1024px) 100vw, 1024px\" \/><\/figure>\n\n\n\n<figure class=\"wp-block-image size-large\"><img decoding=\"async\" width=\"1024\" height=\"768\" data-id=\"11455\" src=\"http:\/\/aliancasocial.org\/wp-content\/uploads\/2024\/08\/WhatsApp-Image-2024-08-24-at-12.42.49-1024x768.jpeg\" alt=\"\" class=\"wp-image-11455\" srcset=\"https:\/\/aliancasocial.org\/wp-content\/uploads\/2024\/08\/WhatsApp-Image-2024-08-24-at-12.42.49-1024x768.jpeg 1024w, https:\/\/aliancasocial.org\/wp-content\/uploads\/2024\/08\/WhatsApp-Image-2024-08-24-at-12.42.49-300x225.jpeg 300w, https:\/\/aliancasocial.org\/wp-content\/uploads\/2024\/08\/WhatsApp-Image-2024-08-24-at-12.42.49-150x112.jpeg 150w, https:\/\/aliancasocial.org\/wp-content\/uploads\/2024\/08\/WhatsApp-Image-2024-08-24-at-12.42.49-768x576.jpeg 768w, https:\/\/aliancasocial.org\/wp-content\/uploads\/2024\/08\/WhatsApp-Image-2024-08-24-at-12.42.49-1536x1152.jpeg 1536w, https:\/\/aliancasocial.org\/wp-content\/uploads\/2024\/08\/WhatsApp-Image-2024-08-24-at-12.42.49-2048x1536.jpeg 2048w, https:\/\/aliancasocial.org\/wp-content\/uploads\/2024\/08\/WhatsApp-Image-2024-08-24-at-12.42.49-16x12.jpeg 16w\" sizes=\"(max-width: 1024px) 100vw, 1024px\" \/><\/figure>\n\n\n\n<figure class=\"wp-block-image size-large\"><img loading=\"lazy\" decoding=\"async\" width=\"1024\" height=\"768\" data-id=\"11456\" src=\"http:\/\/aliancasocial.org\/wp-content\/uploads\/2024\/08\/WhatsApp-Image-2024-08-24-at-12.42.51-1024x768.jpeg\" alt=\"\" class=\"wp-image-11456\" srcset=\"https:\/\/aliancasocial.org\/wp-content\/uploads\/2024\/08\/WhatsApp-Image-2024-08-24-at-12.42.51-1024x768.jpeg 1024w, https:\/\/aliancasocial.org\/wp-content\/uploads\/2024\/08\/WhatsApp-Image-2024-08-24-at-12.42.51-300x225.jpeg 300w, https:\/\/aliancasocial.org\/wp-content\/uploads\/2024\/08\/WhatsApp-Image-2024-08-24-at-12.42.51-150x112.jpeg 150w, https:\/\/aliancasocial.org\/wp-content\/uploads\/2024\/08\/WhatsApp-Image-2024-08-24-at-12.42.51-768x576.jpeg 768w, https:\/\/aliancasocial.org\/wp-content\/uploads\/2024\/08\/WhatsApp-Image-2024-08-24-at-12.42.51-1536x1152.jpeg 1536w, https:\/\/aliancasocial.org\/wp-content\/uploads\/2024\/08\/WhatsApp-Image-2024-08-24-at-12.42.51-2048x1536.jpeg 2048w, https:\/\/aliancasocial.org\/wp-content\/uploads\/2024\/08\/WhatsApp-Image-2024-08-24-at-12.42.51-16x12.jpeg 16w\" sizes=\"(max-width: 1024px) 100vw, 1024px\" \/><\/figure>\n\n\n\n<figure class=\"wp-block-image size-large\"><img loading=\"lazy\" decoding=\"async\" width=\"766\" height=\"1024\" data-id=\"11457\" src=\"http:\/\/aliancasocial.org\/wp-content\/uploads\/2024\/08\/WhatsApp-Image-2024-08-24-at-13.20.38-766x1024.jpeg\" alt=\"\" class=\"wp-image-11457\" srcset=\"https:\/\/aliancasocial.org\/wp-content\/uploads\/2024\/08\/WhatsApp-Image-2024-08-24-at-13.20.38-766x1024.jpeg 766w, https:\/\/aliancasocial.org\/wp-content\/uploads\/2024\/08\/WhatsApp-Image-2024-08-24-at-13.20.38-224x300.jpeg 224w, https:\/\/aliancasocial.org\/wp-content\/uploads\/2024\/08\/WhatsApp-Image-2024-08-24-at-13.20.38-112x150.jpeg 112w, https:\/\/aliancasocial.org\/wp-content\/uploads\/2024\/08\/WhatsApp-Image-2024-08-24-at-13.20.38-768x1027.jpeg 768w, https:\/\/aliancasocial.org\/wp-content\/uploads\/2024\/08\/WhatsApp-Image-2024-08-24-at-13.20.38-1149x1536.jpeg 1149w, https:\/\/aliancasocial.org\/wp-content\/uploads\/2024\/08\/WhatsApp-Image-2024-08-24-at-13.20.38-9x12.jpeg 9w, https:\/\/aliancasocial.org\/wp-content\/uploads\/2024\/08\/WhatsApp-Image-2024-08-24-at-13.20.38.jpeg 1197w\" sizes=\"(max-width: 766px) 100vw, 766px\" \/><\/figure>\n\n\n\n<figure class=\"wp-block-image size-large\"><img loading=\"lazy\" decoding=\"async\" width=\"766\" height=\"1024\" data-id=\"11458\" src=\"http:\/\/aliancasocial.org\/wp-content\/uploads\/2024\/08\/WhatsApp-Image-2024-08-24-at-13.20.40-766x1024.jpeg\" alt=\"\" class=\"wp-image-11458\" srcset=\"https:\/\/aliancasocial.org\/wp-content\/uploads\/2024\/08\/WhatsApp-Image-2024-08-24-at-13.20.40-766x1024.jpeg 766w, https:\/\/aliancasocial.org\/wp-content\/uploads\/2024\/08\/WhatsApp-Image-2024-08-24-at-13.20.40-224x300.jpeg 224w, https:\/\/aliancasocial.org\/wp-content\/uploads\/2024\/08\/WhatsApp-Image-2024-08-24-at-13.20.40-112x150.jpeg 112w, https:\/\/aliancasocial.org\/wp-content\/uploads\/2024\/08\/WhatsApp-Image-2024-08-24-at-13.20.40-768x1027.jpeg 768w, https:\/\/aliancasocial.org\/wp-content\/uploads\/2024\/08\/WhatsApp-Image-2024-08-24-at-13.20.40-1149x1536.jpeg 1149w, https:\/\/aliancasocial.org\/wp-content\/uploads\/2024\/08\/WhatsApp-Image-2024-08-24-at-13.20.40-9x12.jpeg 9w, https:\/\/aliancasocial.org\/wp-content\/uploads\/2024\/08\/WhatsApp-Image-2024-08-24-at-13.20.40.jpeg 1197w\" sizes=\"(max-width: 766px) 100vw, 766px\" \/><\/figure>\n\n\n\n<figure class=\"wp-block-image size-large\"><img loading=\"lazy\" decoding=\"async\" width=\"768\" height=\"1024\" data-id=\"11459\" src=\"http:\/\/aliancasocial.org\/wp-content\/uploads\/2024\/08\/WhatsApp-Image-2024-08-24-at-13.42.17-768x1024.jpeg\" alt=\"\" class=\"wp-image-11459\" srcset=\"https:\/\/aliancasocial.org\/wp-content\/uploads\/2024\/08\/WhatsApp-Image-2024-08-24-at-13.42.17-768x1024.jpeg 768w, https:\/\/aliancasocial.org\/wp-content\/uploads\/2024\/08\/WhatsApp-Image-2024-08-24-at-13.42.17-225x300.jpeg 225w, https:\/\/aliancasocial.org\/wp-content\/uploads\/2024\/08\/WhatsApp-Image-2024-08-24-at-13.42.17-112x150.jpeg 112w, https:\/\/aliancasocial.org\/wp-content\/uploads\/2024\/08\/WhatsApp-Image-2024-08-24-at-13.42.17-1152x1536.jpeg 1152w, https:\/\/aliancasocial.org\/wp-content\/uploads\/2024\/08\/WhatsApp-Image-2024-08-24-at-13.42.17-1536x2048.jpeg 1536w, https:\/\/aliancasocial.org\/wp-content\/uploads\/2024\/08\/WhatsApp-Image-2024-08-24-at-13.42.17-9x12.jpeg 9w, https:\/\/aliancasocial.org\/wp-content\/uploads\/2024\/08\/WhatsApp-Image-2024-08-24-at-13.42.17-scaled.jpeg 1919w\" sizes=\"(max-width: 768px) 100vw, 768px\" \/><\/figure>\n\n\n\n<figure class=\"wp-block-image size-large\"><img loading=\"lazy\" decoding=\"async\" width=\"768\" height=\"1024\" data-id=\"11460\" src=\"http:\/\/aliancasocial.org\/wp-content\/uploads\/2024\/08\/WhatsApp-Image-2024-08-24-at-13.42.33-768x1024.jpeg\" alt=\"\" class=\"wp-image-11460\" srcset=\"https:\/\/aliancasocial.org\/wp-content\/uploads\/2024\/08\/WhatsApp-Image-2024-08-24-at-13.42.33-768x1024.jpeg 768w, https:\/\/aliancasocial.org\/wp-content\/uploads\/2024\/08\/WhatsApp-Image-2024-08-24-at-13.42.33-225x300.jpeg 225w, https:\/\/aliancasocial.org\/wp-content\/uploads\/2024\/08\/WhatsApp-Image-2024-08-24-at-13.42.33-112x150.jpeg 112w, https:\/\/aliancasocial.org\/wp-content\/uploads\/2024\/08\/WhatsApp-Image-2024-08-24-at-13.42.33-1152x1536.jpeg 1152w, https:\/\/aliancasocial.org\/wp-content\/uploads\/2024\/08\/WhatsApp-Image-2024-08-24-at-13.42.33-1536x2048.jpeg 1536w, https:\/\/aliancasocial.org\/wp-content\/uploads\/2024\/08\/WhatsApp-Image-2024-08-24-at-13.42.33-9x12.jpeg 9w, https:\/\/aliancasocial.org\/wp-content\/uploads\/2024\/08\/WhatsApp-Image-2024-08-24-at-13.42.33-scaled.jpeg 1919w\" sizes=\"(max-width: 768px) 100vw, 768px\" \/><\/figure>\n\n\n\n<figure class=\"wp-block-image size-large\"><img loading=\"lazy\" decoding=\"async\" width=\"768\" height=\"1024\" data-id=\"11461\" src=\"http:\/\/aliancasocial.org\/wp-content\/uploads\/2024\/08\/WhatsApp-Image-2024-08-24-at-13.42.35-768x1024.jpeg\" alt=\"\" class=\"wp-image-11461\" srcset=\"https:\/\/aliancasocial.org\/wp-content\/uploads\/2024\/08\/WhatsApp-Image-2024-08-24-at-13.42.35-768x1024.jpeg 768w, https:\/\/aliancasocial.org\/wp-content\/uploads\/2024\/08\/WhatsApp-Image-2024-08-24-at-13.42.35-225x300.jpeg 225w, https:\/\/aliancasocial.org\/wp-content\/uploads\/2024\/08\/WhatsApp-Image-2024-08-24-at-13.42.35-112x150.jpeg 112w, https:\/\/aliancasocial.org\/wp-content\/uploads\/2024\/08\/WhatsApp-Image-2024-08-24-at-13.42.35-1152x1536.jpeg 1152w, https:\/\/aliancasocial.org\/wp-content\/uploads\/2024\/08\/WhatsApp-Image-2024-08-24-at-13.42.35-1536x2048.jpeg 1536w, https:\/\/aliancasocial.org\/wp-content\/uploads\/2024\/08\/WhatsApp-Image-2024-08-24-at-13.42.35-9x12.jpeg 9w, https:\/\/aliancasocial.org\/wp-content\/uploads\/2024\/08\/WhatsApp-Image-2024-08-24-at-13.42.35-scaled.jpeg 1919w\" sizes=\"(max-width: 768px) 100vw, 768px\" \/><\/figure>\n\n\n\n<figure class=\"wp-block-image size-large\"><img loading=\"lazy\" decoding=\"async\" width=\"721\" height=\"960\" data-id=\"11465\" src=\"http:\/\/aliancasocial.org\/wp-content\/uploads\/2024\/08\/WhatsApp-Image-2024-08-24-at-11.26.53-edited.jpeg\" alt=\"\" class=\"wp-image-11465\" srcset=\"https:\/\/aliancasocial.org\/wp-content\/uploads\/2024\/08\/WhatsApp-Image-2024-08-24-at-11.26.53-edited.jpeg 721w, https:\/\/aliancasocial.org\/wp-content\/uploads\/2024\/08\/WhatsApp-Image-2024-08-24-at-11.26.53-edited-225x300.jpeg 225w, https:\/\/aliancasocial.org\/wp-content\/uploads\/2024\/08\/WhatsApp-Image-2024-08-24-at-11.26.53-edited-113x150.jpeg 113w, https:\/\/aliancasocial.org\/wp-content\/uploads\/2024\/08\/WhatsApp-Image-2024-08-24-at-11.26.53-edited-9x12.jpeg 9w\" sizes=\"(max-width: 721px) 100vw, 721px\" \/><\/figure>\n\n\n\n<figure class=\"wp-block-image size-large\"><img loading=\"lazy\" decoding=\"async\" width=\"768\" height=\"1024\" data-id=\"11463\" src=\"http:\/\/aliancasocial.org\/wp-content\/uploads\/2024\/08\/WhatsApp-Image-2024-08-24-at-13.46.37-1-768x1024.jpeg\" alt=\"\" class=\"wp-image-11463\" srcset=\"https:\/\/aliancasocial.org\/wp-content\/uploads\/2024\/08\/WhatsApp-Image-2024-08-24-at-13.46.37-1-768x1024.jpeg 768w, https:\/\/aliancasocial.org\/wp-content\/uploads\/2024\/08\/WhatsApp-Image-2024-08-24-at-13.46.37-1-225x300.jpeg 225w, https:\/\/aliancasocial.org\/wp-content\/uploads\/2024\/08\/WhatsApp-Image-2024-08-24-at-13.46.37-1-113x150.jpeg 113w, https:\/\/aliancasocial.org\/wp-content\/uploads\/2024\/08\/WhatsApp-Image-2024-08-24-at-13.46.37-1-1152x1536.jpeg 1152w, https:\/\/aliancasocial.org\/wp-content\/uploads\/2024\/08\/WhatsApp-Image-2024-08-24-at-13.46.37-1-9x12.jpeg 9w, https:\/\/aliancasocial.org\/wp-content\/uploads\/2024\/08\/WhatsApp-Image-2024-08-24-at-13.46.37-1.jpeg 1200w\" sizes=\"(max-width: 768px) 100vw, 768px\" \/><\/figure>\n\n\n\n<figure class=\"wp-block-image size-large\"><img loading=\"lazy\" decoding=\"async\" width=\"1024\" height=\"850\" data-id=\"11464\" src=\"http:\/\/aliancasocial.org\/wp-content\/uploads\/2024\/08\/WhatsApp-Image-2024-08-24-at-13.46.37-1024x850.jpeg\" alt=\"\" class=\"wp-image-11464\" srcset=\"https:\/\/aliancasocial.org\/wp-content\/uploads\/2024\/08\/WhatsApp-Image-2024-08-24-at-13.46.37-1024x850.jpeg 1024w, https:\/\/aliancasocial.org\/wp-content\/uploads\/2024\/08\/WhatsApp-Image-2024-08-24-at-13.46.37-300x249.jpeg 300w, https:\/\/aliancasocial.org\/wp-content\/uploads\/2024\/08\/WhatsApp-Image-2024-08-24-at-13.46.37-150x125.jpeg 150w, https:\/\/aliancasocial.org\/wp-content\/uploads\/2024\/08\/WhatsApp-Image-2024-08-24-at-13.46.37-768x638.jpeg 768w, https:\/\/aliancasocial.org\/wp-content\/uploads\/2024\/08\/WhatsApp-Image-2024-08-24-at-13.46.37-14x12.jpeg 14w, https:\/\/aliancasocial.org\/wp-content\/uploads\/2024\/08\/WhatsApp-Image-2024-08-24-at-13.46.37.jpeg 1074w\" sizes=\"(max-width: 1024px) 100vw, 1024px\" \/><\/figure>\n<\/figure>","protected":false},"excerpt":{"rendered":"<p>No \u00faltimo fim de semana, a Alian\u00e7a de Miseric\u00f3rdia promoveu uma a\u00e7\u00e3o que espalhou sorrisos e esperan\u00e7a em diversos de seus projetos sociais, impactando profundamente a vida de crian\u00e7as, adolescentes e adultos. Atrav\u00e9s da generosidade de Sandra e Osmar Zogbi, que doaram 2.500 vouchers do McDonald&#8217;s, a institui\u00e7\u00e3o conseguiu proporcionar um momento especial de confraterniza\u00e7\u00e3o [&hellip;]<\/p>\n","protected":false},"author":8,"featured_media":11462,"comment_status":"closed","ping_status":"closed","sticky":false,"template":"","format":"standard","meta":{"footnotes":""},"categories":[49],"tags":[],"destaques":[36],"class_list":["post-11450","post","type-post","status-publish","format-standard","has-post-thumbnail","hentry","category-campanhas","destaques-destaque-01"],"yoast_head":"<!-- This site is optimized with the Yoast SEO plugin v27.5 - https:\/\/yoast.com\/product\/yoast-seo-wordpress\/ -->\n<title>Mc Dia Feliz: Alian\u00e7a distribui alegria e refei\u00e7\u00f5es em a\u00e7\u00e3o social - Alian\u00e7a de Miseric\u00f3rdia<\/title>\n<meta name=\"description\" content=\"No \u00faltimo fim de semana, a Alian\u00e7a de Miseric\u00f3rdia promoveu uma a\u00e7\u00e3o que espalhou sorrisos e esperan\u00e7a em diversos de seus projetos sociais, impactando\" \/>\n<meta name=\"robots\" content=\"index, follow, max-snippet:-1, max-image-preview:large, max-video-preview:-1\" \/>\n<link rel=\"canonical\" href=\"https:\/\/aliancasocial.org\/en\/mc-dia-feliz-alianca-distribui-alegria-e-refeicoes-em-acao-social\/\" \/>\n<meta property=\"og:locale\" content=\"en_US\" \/>\n<meta property=\"og:type\" content=\"article\" \/>\n<meta property=\"og:title\" content=\"Mc Dia Feliz: Alian\u00e7a distribui alegria e refei\u00e7\u00f5es em a\u00e7\u00e3o social - Alian\u00e7a de Miseric\u00f3rdia\" \/>\n<meta property=\"og:description\" content=\"No \u00faltimo fim de semana, a Alian\u00e7a de Miseric\u00f3rdia promoveu uma a\u00e7\u00e3o que espalhou sorrisos e esperan\u00e7a em diversos de seus projetos sociais, impactando\" \/>\n<meta property=\"og:url\" content=\"https:\/\/aliancasocial.org\/en\/mc-dia-feliz-alianca-distribui-alegria-e-refeicoes-em-acao-social\/\" \/>\n<meta property=\"og:site_name\" content=\"Alian\u00e7a de Miseric\u00f3rdia\" \/>\n<meta property=\"article:publisher\" content=\"https:\/\/www.facebook.com\/iesmisericordia\/\" \/>\n<meta property=\"article:published_time\" content=\"2024-08-27T13:22:45+00:00\" \/>\n<meta property=\"article:modified_time\" content=\"2024-08-27T13:22:47+00:00\" \/>\n<meta property=\"og:image\" content=\"https:\/\/aliancasocial.org\/wp-content\/uploads\/2024\/08\/WhatsApp-Image-2024-08-24-at-13.46.36.jpeg\" \/>\n\t<meta property=\"og:image:width\" content=\"1047\" \/>\n\t<meta property=\"og:image:height\" content=\"1001\" \/>\n\t<meta property=\"og:image:type\" content=\"image\/jpeg\" \/>\n<meta name=\"author\" content=\"Fernanda Monzambani\" \/>\n<meta name=\"twitter:card\" content=\"summary_large_image\" \/>\n<meta name=\"twitter:label1\" content=\"Written by\" \/>\n\t<meta name=\"twitter:data1\" content=\"Fernanda Monzambani\" \/>\n\t<meta name=\"twitter:label2\" content=\"Est. reading time\" \/>\n\t<meta name=\"twitter:data2\" content=\"6 minutes\" \/>\n<script type=\"application\/ld+json\" class=\"yoast-schema-graph\">{\"@context\":\"https:\\\/\\\/schema.org\",\"@graph\":[{\"@type\":\"Article\",\"@id\":\"https:\\\/\\\/aliancasocial.org\\\/mc-dia-feliz-alianca-distribui-alegria-e-refeicoes-em-acao-social\\\/#article\",\"isPartOf\":{\"@id\":\"https:\\\/\\\/aliancasocial.org\\\/mc-dia-feliz-alianca-distribui-alegria-e-refeicoes-em-acao-social\\\/\"},\"author\":{\"name\":\"Fernanda Monzambani\",\"@id\":\"https:\\\/\\\/aliancasocial.org\\\/#\\\/schema\\\/person\\\/78098b551faec531645dbd5d82778414\"},\"headline\":\"Mc Dia Feliz: Alian\u00e7a distribui alegria e refei\u00e7\u00f5es em a\u00e7\u00e3o social\",\"datePublished\":\"2024-08-27T13:22:45+00:00\",\"dateModified\":\"2024-08-27T13:22:47+00:00\",\"mainEntityOfPage\":{\"@id\":\"https:\\\/\\\/aliancasocial.org\\\/mc-dia-feliz-alianca-distribui-alegria-e-refeicoes-em-acao-social\\\/\"},\"wordCount\":527,\"publisher\":{\"@id\":\"https:\\\/\\\/aliancasocial.org\\\/#organization\"},\"image\":{\"@id\":\"https:\\\/\\\/aliancasocial.org\\\/mc-dia-feliz-alianca-distribui-alegria-e-refeicoes-em-acao-social\\\/#primaryimage\"},\"thumbnailUrl\":\"https:\\\/\\\/aliancasocial.org\\\/wp-content\\\/uploads\\\/2024\\\/08\\\/WhatsApp-Image-2024-08-24-at-13.46.36.jpeg\",\"articleSection\":[\"Campanhas\"],\"inLanguage\":\"en-US\"},{\"@type\":\"WebPage\",\"@id\":\"https:\\\/\\\/aliancasocial.org\\\/mc-dia-feliz-alianca-distribui-alegria-e-refeicoes-em-acao-social\\\/\",\"url\":\"https:\\\/\\\/aliancasocial.org\\\/mc-dia-feliz-alianca-distribui-alegria-e-refeicoes-em-acao-social\\\/\",\"name\":\"Mc Dia Feliz: Alian\u00e7a distribui alegria e refei\u00e7\u00f5es em a\u00e7\u00e3o social - Alian\u00e7a de Miseric\u00f3rdia\",\"isPartOf\":{\"@id\":\"https:\\\/\\\/aliancasocial.org\\\/#website\"},\"primaryImageOfPage\":{\"@id\":\"https:\\\/\\\/aliancasocial.org\\\/mc-dia-feliz-alianca-distribui-alegria-e-refeicoes-em-acao-social\\\/#primaryimage\"},\"image\":{\"@id\":\"https:\\\/\\\/aliancasocial.org\\\/mc-dia-feliz-alianca-distribui-alegria-e-refeicoes-em-acao-social\\\/#primaryimage\"},\"thumbnailUrl\":\"https:\\\/\\\/aliancasocial.org\\\/wp-content\\\/uploads\\\/2024\\\/08\\\/WhatsApp-Image-2024-08-24-at-13.46.36.jpeg\",\"datePublished\":\"2024-08-27T13:22:45+00:00\",\"dateModified\":\"2024-08-27T13:22:47+00:00\",\"description\":\"No \u00faltimo fim de semana, a Alian\u00e7a de Miseric\u00f3rdia promoveu uma a\u00e7\u00e3o que espalhou sorrisos e esperan\u00e7a em diversos de seus projetos sociais, impactando\",\"breadcrumb\":{\"@id\":\"https:\\\/\\\/aliancasocial.org\\\/mc-dia-feliz-alianca-distribui-alegria-e-refeicoes-em-acao-social\\\/#breadcrumb\"},\"inLanguage\":\"en-US\",\"potentialAction\":[{\"@type\":\"ReadAction\",\"target\":[\"https:\\\/\\\/aliancasocial.org\\\/mc-dia-feliz-alianca-distribui-alegria-e-refeicoes-em-acao-social\\\/\"]}]},{\"@type\":\"ImageObject\",\"inLanguage\":\"en-US\",\"@id\":\"https:\\\/\\\/aliancasocial.org\\\/mc-dia-feliz-alianca-distribui-alegria-e-refeicoes-em-acao-social\\\/#primaryimage\",\"url\":\"https:\\\/\\\/aliancasocial.org\\\/wp-content\\\/uploads\\\/2024\\\/08\\\/WhatsApp-Image-2024-08-24-at-13.46.36.jpeg\",\"contentUrl\":\"https:\\\/\\\/aliancasocial.org\\\/wp-content\\\/uploads\\\/2024\\\/08\\\/WhatsApp-Image-2024-08-24-at-13.46.36.jpeg\",\"width\":1047,\"height\":1001},{\"@type\":\"BreadcrumbList\",\"@id\":\"https:\\\/\\\/aliancasocial.org\\\/mc-dia-feliz-alianca-distribui-alegria-e-refeicoes-em-acao-social\\\/#breadcrumb\",\"itemListElement\":[{\"@type\":\"ListItem\",\"position\":1,\"name\":\"In\u00edcio\",\"item\":\"https:\\\/\\\/aliancasocial.org\\\/en\\\/\"},{\"@type\":\"ListItem\",\"position\":2,\"name\":\"Mc Dia Feliz: Alian\u00e7a distribui alegria e refei\u00e7\u00f5es em a\u00e7\u00e3o social\"}]},{\"@type\":\"WebSite\",\"@id\":\"https:\\\/\\\/aliancasocial.org\\\/#website\",\"url\":\"https:\\\/\\\/aliancasocial.org\\\/\",\"name\":\"Alian\u00e7a de Miseric\u00f3rdia\",\"description\":\"Levando dignidade humana a todos os cantos do mundo\",\"publisher\":{\"@id\":\"https:\\\/\\\/aliancasocial.org\\\/#organization\"},\"potentialAction\":[{\"@type\":\"SearchAction\",\"target\":{\"@type\":\"EntryPoint\",\"urlTemplate\":\"https:\\\/\\\/aliancasocial.org\\\/?s={search_term_string}\"},\"query-input\":{\"@type\":\"PropertyValueSpecification\",\"valueRequired\":true,\"valueName\":\"search_term_string\"}}],\"inLanguage\":\"en-US\"},{\"@type\":\"Organization\",\"@id\":\"https:\\\/\\\/aliancasocial.org\\\/#organization\",\"name\":\"Alian\u00e7a de Miseric\u00f3rdia\",\"url\":\"https:\\\/\\\/aliancasocial.org\\\/\",\"logo\":{\"@type\":\"ImageObject\",\"inLanguage\":\"en-US\",\"@id\":\"https:\\\/\\\/aliancasocial.org\\\/#\\\/schema\\\/logo\\\/image\\\/\",\"url\":\"https:\\\/\\\/aliancasocial.org\\\/wp-content\\\/uploads\\\/2022\\\/07\\\/logo-alianca-marrom.svg\",\"contentUrl\":\"https:\\\/\\\/aliancasocial.org\\\/wp-content\\\/uploads\\\/2022\\\/07\\\/logo-alianca-marrom.svg\",\"width\":91,\"height\":33,\"caption\":\"Alian\u00e7a de Miseric\u00f3rdia\"},\"image\":{\"@id\":\"https:\\\/\\\/aliancasocial.org\\\/#\\\/schema\\\/logo\\\/image\\\/\"},\"sameAs\":[\"https:\\\/\\\/www.facebook.com\\\/iesmisericordia\\\/\",\"https:\\\/\\\/www.instagram.com\\\/aliancademisericordia\\\/\"]},{\"@type\":\"Person\",\"@id\":\"https:\\\/\\\/aliancasocial.org\\\/#\\\/schema\\\/person\\\/78098b551faec531645dbd5d82778414\",\"name\":\"Fernanda Monzambani\",\"image\":{\"@type\":\"ImageObject\",\"inLanguage\":\"en-US\",\"@id\":\"https:\\\/\\\/secure.gravatar.com\\\/avatar\\\/aa6d89063e21cd9638051b6cd0602c108d4b79b0898534c712d68409f7e5b64c?s=96&d=mm&r=g\",\"url\":\"https:\\\/\\\/secure.gravatar.com\\\/avatar\\\/aa6d89063e21cd9638051b6cd0602c108d4b79b0898534c712d68409f7e5b64c?s=96&d=mm&r=g\",\"contentUrl\":\"https:\\\/\\\/secure.gravatar.com\\\/avatar\\\/aa6d89063e21cd9638051b6cd0602c108d4b79b0898534c712d68409f7e5b64c?s=96&d=mm&r=g\",\"caption\":\"Fernanda Monzambani\"},\"url\":\"https:\\\/\\\/aliancasocial.org\\\/en\\\/author\\\/fernanda\\\/\"}]}<\/script>\n<!-- \/ Yoast SEO plugin. -->","yoast_head_json":{"title":"McHappy Day: Alliance distributes joy and meals in social action - Alliance of Mercy","description":"Last weekend, the Alliance of Mercy promoted an action that spread smiles and hope in several of its social projects, impacting...","robots":{"index":"index","follow":"follow","max-snippet":"max-snippet:-1","max-image-preview":"max-image-preview:large","max-video-preview":"max-video-preview:-1"},"canonical":"https:\/\/aliancasocial.org\/en\/mc-dia-feliz-alianca-distribui-alegria-e-refeicoes-em-acao-social\/","og_locale":"en_US","og_type":"article","og_title":"Mc Dia Feliz: Alian\u00e7a distribui alegria e refei\u00e7\u00f5es em a\u00e7\u00e3o social - Alian\u00e7a de Miseric\u00f3rdia","og_description":"No \u00faltimo fim de semana, a Alian\u00e7a de Miseric\u00f3rdia promoveu uma a\u00e7\u00e3o que espalhou sorrisos e esperan\u00e7a em diversos de seus projetos sociais, impactando","og_url":"https:\/\/aliancasocial.org\/en\/mc-dia-feliz-alianca-distribui-alegria-e-refeicoes-em-acao-social\/","og_site_name":"Alian\u00e7a de Miseric\u00f3rdia","article_publisher":"https:\/\/www.facebook.com\/iesmisericordia\/","article_published_time":"2024-08-27T13:22:45+00:00","article_modified_time":"2024-08-27T13:22:47+00:00","og_image":[{"width":1047,"height":1001,"url":"https:\/\/aliancasocial.org\/wp-content\/uploads\/2024\/08\/WhatsApp-Image-2024-08-24-at-13.46.36.jpeg","type":"image\/jpeg"}],"author":"Fernanda Monzambani","twitter_card":"summary_large_image","twitter_misc":{"Written by":"Fernanda Monzambani","Est. reading time":"6 minutes"},"schema":{"@context":"https:\/\/schema.org","@graph":[{"@type":"Article","@id":"https:\/\/aliancasocial.org\/mc-dia-feliz-alianca-distribui-alegria-e-refeicoes-em-acao-social\/#article","isPartOf":{"@id":"https:\/\/aliancasocial.org\/mc-dia-feliz-alianca-distribui-alegria-e-refeicoes-em-acao-social\/"},"author":{"name":"Fernanda Monzambani","@id":"https:\/\/aliancasocial.org\/#\/schema\/person\/78098b551faec531645dbd5d82778414"},"headline":"Mc Dia Feliz: Alian\u00e7a distribui alegria e refei\u00e7\u00f5es em a\u00e7\u00e3o social","datePublished":"2024-08-27T13:22:45+00:00","dateModified":"2024-08-27T13:22:47+00:00","mainEntityOfPage":{"@id":"https:\/\/aliancasocial.org\/mc-dia-feliz-alianca-distribui-alegria-e-refeicoes-em-acao-social\/"},"wordCount":527,"publisher":{"@id":"https:\/\/aliancasocial.org\/#organization"},"image":{"@id":"https:\/\/aliancasocial.org\/mc-dia-feliz-alianca-distribui-alegria-e-refeicoes-em-acao-social\/#primaryimage"},"thumbnailUrl":"https:\/\/aliancasocial.org\/wp-content\/uploads\/2024\/08\/WhatsApp-Image-2024-08-24-at-13.46.36.jpeg","articleSection":["Campanhas"],"inLanguage":"en-US"},{"@type":"WebPage","@id":"https:\/\/aliancasocial.org\/mc-dia-feliz-alianca-distribui-alegria-e-refeicoes-em-acao-social\/","url":"https:\/\/aliancasocial.org\/mc-dia-feliz-alianca-distribui-alegria-e-refeicoes-em-acao-social\/","name":"McHappy Day: Alliance distributes joy and meals in social action - Alliance of Mercy","isPartOf":{"@id":"https:\/\/aliancasocial.org\/#website"},"primaryImageOfPage":{"@id":"https:\/\/aliancasocial.org\/mc-dia-feliz-alianca-distribui-alegria-e-refeicoes-em-acao-social\/#primaryimage"},"image":{"@id":"https:\/\/aliancasocial.org\/mc-dia-feliz-alianca-distribui-alegria-e-refeicoes-em-acao-social\/#primaryimage"},"thumbnailUrl":"https:\/\/aliancasocial.org\/wp-content\/uploads\/2024\/08\/WhatsApp-Image-2024-08-24-at-13.46.36.jpeg","datePublished":"2024-08-27T13:22:45+00:00","dateModified":"2024-08-27T13:22:47+00:00","description":"Last weekend, the Alliance of Mercy promoted an action that spread smiles and hope in several of its social projects, impacting...","breadcrumb":{"@id":"https:\/\/aliancasocial.org\/mc-dia-feliz-alianca-distribui-alegria-e-refeicoes-em-acao-social\/#breadcrumb"},"inLanguage":"en-US","potentialAction":[{"@type":"ReadAction","target":["https:\/\/aliancasocial.org\/mc-dia-feliz-alianca-distribui-alegria-e-refeicoes-em-acao-social\/"]}]},{"@type":"ImageObject","inLanguage":"en-US","@id":"https:\/\/aliancasocial.org\/mc-dia-feliz-alianca-distribui-alegria-e-refeicoes-em-acao-social\/#primaryimage","url":"https:\/\/aliancasocial.org\/wp-content\/uploads\/2024\/08\/WhatsApp-Image-2024-08-24-at-13.46.36.jpeg","contentUrl":"https:\/\/aliancasocial.org\/wp-content\/uploads\/2024\/08\/WhatsApp-Image-2024-08-24-at-13.46.36.jpeg","width":1047,"height":1001},{"@type":"BreadcrumbList","@id":"https:\/\/aliancasocial.org\/mc-dia-feliz-alianca-distribui-alegria-e-refeicoes-em-acao-social\/#breadcrumb","itemListElement":[{"@type":"ListItem","position":1,"name":"In\u00edcio","item":"https:\/\/aliancasocial.org\/en\/"},{"@type":"ListItem","position":2,"name":"Mc Dia Feliz: Alian\u00e7a distribui alegria e refei\u00e7\u00f5es em a\u00e7\u00e3o social"}]},{"@type":"WebSite","@id":"https:\/\/aliancasocial.org\/#website","url":"https:\/\/aliancasocial.org\/","name":"Covenant of Mercy","description":"Bringing human dignity to every corner of the world","publisher":{"@id":"https:\/\/aliancasocial.org\/#organization"},"potentialAction":[{"@type":"SearchAction","target":{"@type":"EntryPoint","urlTemplate":"https:\/\/aliancasocial.org\/?s={search_term_string}"},"query-input":{"@type":"PropertyValueSpecification","valueRequired":true,"valueName":"search_term_string"}}],"inLanguage":"en-US"},{"@type":"Organization","@id":"https:\/\/aliancasocial.org\/#organization","name":"Covenant of Mercy","url":"https:\/\/aliancasocial.org\/","logo":{"@type":"ImageObject","inLanguage":"en-US","@id":"https:\/\/aliancasocial.org\/#\/schema\/logo\/image\/","url":"https:\/\/aliancasocial.org\/wp-content\/uploads\/2022\/07\/logo-alianca-marrom.svg","contentUrl":"https:\/\/aliancasocial.org\/wp-content\/uploads\/2022\/07\/logo-alianca-marrom.svg","width":91,"height":33,"caption":"Alian\u00e7a de Miseric\u00f3rdia"},"image":{"@id":"https:\/\/aliancasocial.org\/#\/schema\/logo\/image\/"},"sameAs":["https:\/\/www.facebook.com\/iesmisericordia\/","https:\/\/www.instagram.com\/aliancademisericordia\/"]},{"@type":"Person","@id":"https:\/\/aliancasocial.org\/#\/schema\/person\/78098b551faec531645dbd5d82778414","name":"Fernanda Monzambani","image":{"@type":"ImageObject","inLanguage":"en-US","@id":"https:\/\/secure.gravatar.com\/avatar\/aa6d89063e21cd9638051b6cd0602c108d4b79b0898534c712d68409f7e5b64c?s=96&d=mm&r=g","url":"https:\/\/secure.gravatar.com\/avatar\/aa6d89063e21cd9638051b6cd0602c108d4b79b0898534c712d68409f7e5b64c?s=96&d=mm&r=g","contentUrl":"https:\/\/secure.gravatar.com\/avatar\/aa6d89063e21cd9638051b6cd0602c108d4b79b0898534c712d68409f7e5b64c?s=96&d=mm&r=g","caption":"Fernanda Monzambani"},"url":"https:\/\/aliancasocial.org\/en\/author\/fernanda\/"}]}},"_links":{"self":[{"href":"https:\/\/aliancasocial.org\/en\/wp-json\/wp\/v2\/posts\/11450","targetHints":{"allow":["GET"]}}],"collection":[{"href":"https:\/\/aliancasocial.org\/en\/wp-json\/wp\/v2\/posts"}],"about":[{"href":"https:\/\/aliancasocial.org\/en\/wp-json\/wp\/v2\/types\/post"}],"author":[{"embeddable":true,"href":"https:\/\/aliancasocial.org\/en\/wp-json\/wp\/v2\/users\/8"}],"replies":[{"embeddable":true,"href":"https:\/\/aliancasocial.org\/en\/wp-json\/wp\/v2\/comments?post=11450"}],"version-history":[{"count":1,"href":"https:\/\/aliancasocial.org\/en\/wp-json\/wp\/v2\/posts\/11450\/revisions"}],"predecessor-version":[{"id":11466,"href":"https:\/\/aliancasocial.org\/en\/wp-json\/wp\/v2\/posts\/11450\/revisions\/11466"}],"wp:featuredmedia":[{"embeddable":true,"href":"https:\/\/aliancasocial.org\/en\/wp-json\/wp\/v2\/media\/11462"}],"wp:attachment":[{"href":"https:\/\/aliancasocial.org\/en\/wp-json\/wp\/v2\/media?parent=11450"}],"wp:term":[{"taxonomy":"category","embeddable":true,"href":"https:\/\/aliancasocial.org\/en\/wp-json\/wp\/v2\/categories?post=11450"},{"taxonomy":"post_tag","embeddable":true,"href":"https:\/\/aliancasocial.org\/en\/wp-json\/wp\/v2\/tags?post=11450"},{"taxonomy":"destaques","embeddable":true,"href":"https:\/\/aliancasocial.org\/en\/wp-json\/wp\/v2\/destaques?post=11450"}],"curies":[{"name":"wp","href":"https:\/\/api.w.org\/{rel}","templated":true}]}}