{"id":11467,"date":"2024-08-29T17:08:46","date_gmt":"2024-08-29T20:08:46","guid":{"rendered":"https:\/\/aliancasocial.org\/?p=11467"},"modified":"2024-09-17T18:37:01","modified_gmt":"2024-09-17T21:37:01","slug":"somos-top10-melhores-acoes-sociais-do-brasil-no-premio-ibest","status":"publish","type":"post","link":"https:\/\/aliancasocial.org\/en\/somos-top10-melhores-acoes-sociais-do-brasil-no-premio-ibest\/","title":{"rendered":"We are Top10 Best Social Actions in Brazil at the IBest Awards\u00a0"},"content":{"rendered":"<p>Today, the 29th, the results of the Top 10 in the Social Actions category of the iBest Awards were announced. We at Alian\u00e7a de Miseric\u00f3rdia had the incredible news of being on this list, alongside other large NGOs.&nbsp;<\/p>\n\n\n\n<p>This is the biggest award in Brazil, which recognizes the best of the internet in the country, and it is a great joy for us to be part of this ranking.&nbsp;<\/p>\n\n\n\n<p><strong>Our path so far<\/strong>&nbsp;<\/p>\n\n\n\n<p>To get to the <strong>Top20<\/strong>, we count on open voting from the public and we thank collaborators, friends, donors and missionaries for making the Alliance of Mercy recognized.&nbsp;<\/p>\n\n\n\n<p>For the choice of <strong>Top10<\/strong>, iBest used algorithms that analyzed metrics such as reach, engagement, growth, focus and the relative importance of the social networks, websites and applications of the TOP 20 finalists. This result highlights the commitment, dedication and relevance of Alian\u00e7a de Miseric\u00f3rdia in its social actions.&nbsp;<\/p>\n\n\n\n<p><strong>Get to know our work<\/strong>&nbsp;<\/p>\n\n\n\n<p>Alian\u00e7a de Miseric\u00f3rdia is present in 46 cities in Brazil and in six other countries, maintaining its commitment to social transformation.&nbsp;&nbsp;<\/p>\n\n\n\n<p>According to our <a href=\"http:\/\/aliancasocial.org\/wp-content\/uploads\/2024\/07\/Relatorio_de_Atividades_20232124.pdf\" target=\"_blank\" rel=\"noreferrer noopener\">Activity Report:<\/a>&nbsp;<\/p>\n\n\n\n<ul class=\"wp-block-list\">\n<li>In 2023 we manage 35 social programs and projects\u00a0\u00a0<\/li>\n<\/ul>\n\n\n\n<ul class=\"wp-block-list\">\n<li>We serve more than 39 thousand homeless people\u00a0<\/li>\n<\/ul>\n\n\n\n<ul class=\"wp-block-list\">\n<li>We provide assistance to 1,000 families\u00a0<\/li>\n<\/ul>\n\n\n\n<ul class=\"wp-block-list\">\n<li>We welcome more than 6 thousand adults\u00a0<\/li>\n<\/ul>\n\n\n\n<ul class=\"wp-block-list\">\n<li>We provide assistance, food, shelter and education to over 1,000 children and adolescents.\u00a0<\/li>\n<\/ul>\n\n\n\n<p>Additionally, we have served over a million meals.&nbsp;<\/p>\n\n\n\n<p><strong>We need your vote<\/strong>&nbsp;<\/p>\n\n\n\n<p>The iBest Awards are held by iBest Global and voting for the Top 3 has already begun. Now, we are counting on your help to reach the top of this podium. You can vote only once, so sharing this information is also very important.&nbsp;<\/p>\n\n\n\n<p><a href=\"https:\/\/premioibest.vote\/843631513\" target=\"_blank\" rel=\"noreferrer noopener\"><strong>Vote here<\/strong><\/a>&nbsp;<\/p>\n\n\n\n<p>It is worth remembering that if you are following the<strong> <\/strong><a href=\"https:\/\/www.instagram.com\/premioibest\/\" target=\"_blank\" rel=\"noreferrer noopener\"><strong>iBest Instagram profile<\/strong><\/a> the vote is counted twice.&nbsp;&nbsp;<\/p>\n\n\n\n<p><a href=\"https:\/\/premioibest.vote\/843631513\" target=\"_blank\" rel=\"noreferrer noopener\"><strong>Click this link to leave the Alliance in the TOP3 of <\/strong><strong>Best Social Actions in Brazil.<\/strong><\/a>&nbsp;<\/p>\n\n\n\n<p>The Top3 results will be announced in November.&nbsp;&nbsp;<\/p>\n\n\n\n<p><a href=\"https:\/\/app.premioibest.com\/resultados\/2024\/acoes-sociais\" target=\"_blank\" rel=\"noreferrer noopener\">Check out the Top10 list<\/a>&nbsp;<\/p>","protected":false},"excerpt":{"rendered":"<p>Hoje, dia 29, foi divulgado o resultado do Top10 na categoria A\u00e7\u00f5es Sociais, do Pr\u00eamio iBest. N\u00f3s da Alian\u00e7a de Miseric\u00f3rdia tivemos a incr\u00edvel not\u00edcia de estar nessa lista, ao lado de outras grandes ONGs.&nbsp; Este \u00e9 o maior pr\u00eamio do Brasil, que reconhece o melhor da internet no pa\u00eds, sendo pra n\u00f3s uma grande [&hellip;]<\/p>\n","protected":false},"author":8,"featured_media":11468,"comment_status":"closed","ping_status":"closed","sticky":false,"template":"","format":"standard","meta":{"footnotes":""},"categories":[46],"tags":[],"destaques":[38],"class_list":["post-11467","post","type-post","status-publish","format-standard","has-post-thumbnail","hentry","category-reconhecimento","destaques-destaque-03"],"yoast_head":"<!-- This site is optimized with the Yoast SEO plugin v27.4 - https:\/\/yoast.com\/product\/yoast-seo-wordpress\/ -->\n<title>Somos Top10 Melhores A\u00e7\u00f5es Sociais do Brasil no Pr\u00eamio IBest\u00a0 - Alian\u00e7a de Miseric\u00f3rdia<\/title>\n<meta name=\"description\" content=\"Hoje, dia 29, foi divulgado o resultado do Top10 na categoria A\u00e7\u00f5es Sociais, do Pr\u00eamio iBest. N\u00f3s da Alian\u00e7a de Miseric\u00f3rdia tivemos a incr\u00edvel not\u00edcia de\" \/>\n<meta name=\"robots\" content=\"index, follow, max-snippet:-1, max-image-preview:large, max-video-preview:-1\" \/>\n<link rel=\"canonical\" href=\"https:\/\/aliancasocial.org\/en\/somos-top10-melhores-acoes-sociais-do-brasil-no-premio-ibest\/\" \/>\n<meta property=\"og:locale\" content=\"en_US\" \/>\n<meta property=\"og:type\" content=\"article\" \/>\n<meta property=\"og:title\" content=\"Somos Top10 Melhores A\u00e7\u00f5es Sociais do Brasil no Pr\u00eamio IBest\u00a0 - Alian\u00e7a de Miseric\u00f3rdia\" \/>\n<meta property=\"og:description\" content=\"Hoje, dia 29, foi divulgado o resultado do Top10 na categoria A\u00e7\u00f5es Sociais, do Pr\u00eamio iBest. N\u00f3s da Alian\u00e7a de Miseric\u00f3rdia tivemos a incr\u00edvel not\u00edcia de\" \/>\n<meta property=\"og:url\" content=\"https:\/\/aliancasocial.org\/en\/somos-top10-melhores-acoes-sociais-do-brasil-no-premio-ibest\/\" \/>\n<meta property=\"og:site_name\" content=\"Alian\u00e7a de Miseric\u00f3rdia\" \/>\n<meta property=\"article:publisher\" content=\"https:\/\/www.facebook.com\/iesmisericordia\/\" \/>\n<meta property=\"article:published_time\" content=\"2024-08-29T20:08:46+00:00\" \/>\n<meta property=\"article:modified_time\" content=\"2024-09-17T21:37:01+00:00\" \/>\n<meta property=\"og:image\" content=\"https:\/\/aliancasocial.org\/wp-content\/uploads\/2024\/08\/WhatsApp-Image-2024-08-29-at-14.28.21.jpeg\" \/>\n\t<meta property=\"og:image:width\" content=\"1080\" \/>\n\t<meta property=\"og:image:height\" content=\"1080\" \/>\n\t<meta property=\"og:image:type\" content=\"image\/jpeg\" \/>\n<meta name=\"author\" content=\"Fernanda Monzambani\" \/>\n<meta name=\"twitter:card\" content=\"summary_large_image\" \/>\n<meta name=\"twitter:label1\" content=\"Written by\" \/>\n\t<meta name=\"twitter:data1\" content=\"Fernanda Monzambani\" \/>\n\t<meta name=\"twitter:label2\" content=\"Est. reading time\" \/>\n\t<meta name=\"twitter:data2\" content=\"2 minutes\" \/>\n<script type=\"application\/ld+json\" class=\"yoast-schema-graph\">{\"@context\":\"https:\\\/\\\/schema.org\",\"@graph\":[{\"@type\":\"Article\",\"@id\":\"https:\\\/\\\/aliancasocial.org\\\/en\\\/somos-top10-melhores-acoes-sociais-do-brasil-no-premio-ibest\\\/#article\",\"isPartOf\":{\"@id\":\"https:\\\/\\\/aliancasocial.org\\\/en\\\/somos-top10-melhores-acoes-sociais-do-brasil-no-premio-ibest\\\/\"},\"author\":{\"name\":\"Fernanda Monzambani\",\"@id\":\"https:\\\/\\\/aliancasocial.org\\\/#\\\/schema\\\/person\\\/78098b551faec531645dbd5d82778414\"},\"headline\":\"Somos Top10 Melhores A\u00e7\u00f5es Sociais do Brasil no Pr\u00eamio IBest\u00a0\",\"datePublished\":\"2024-08-29T20:08:46+00:00\",\"dateModified\":\"2024-09-17T21:37:01+00:00\",\"mainEntityOfPage\":{\"@id\":\"https:\\\/\\\/aliancasocial.org\\\/en\\\/somos-top10-melhores-acoes-sociais-do-brasil-no-premio-ibest\\\/\"},\"wordCount\":391,\"publisher\":{\"@id\":\"https:\\\/\\\/aliancasocial.org\\\/#organization\"},\"image\":{\"@id\":\"https:\\\/\\\/aliancasocial.org\\\/en\\\/somos-top10-melhores-acoes-sociais-do-brasil-no-premio-ibest\\\/#primaryimage\"},\"thumbnailUrl\":\"https:\\\/\\\/aliancasocial.org\\\/wp-content\\\/uploads\\\/2024\\\/08\\\/WhatsApp-Image-2024-08-29-at-14.28.21.jpeg\",\"articleSection\":[\"Reconhecimento\"],\"inLanguage\":\"en-US\"},{\"@type\":\"WebPage\",\"@id\":\"https:\\\/\\\/aliancasocial.org\\\/en\\\/somos-top10-melhores-acoes-sociais-do-brasil-no-premio-ibest\\\/\",\"url\":\"https:\\\/\\\/aliancasocial.org\\\/en\\\/somos-top10-melhores-acoes-sociais-do-brasil-no-premio-ibest\\\/\",\"name\":\"Somos Top10 Melhores A\u00e7\u00f5es Sociais do Brasil no Pr\u00eamio IBest\u00a0 - Alian\u00e7a de Miseric\u00f3rdia\",\"isPartOf\":{\"@id\":\"https:\\\/\\\/aliancasocial.org\\\/#website\"},\"primaryImageOfPage\":{\"@id\":\"https:\\\/\\\/aliancasocial.org\\\/en\\\/somos-top10-melhores-acoes-sociais-do-brasil-no-premio-ibest\\\/#primaryimage\"},\"image\":{\"@id\":\"https:\\\/\\\/aliancasocial.org\\\/en\\\/somos-top10-melhores-acoes-sociais-do-brasil-no-premio-ibest\\\/#primaryimage\"},\"thumbnailUrl\":\"https:\\\/\\\/aliancasocial.org\\\/wp-content\\\/uploads\\\/2024\\\/08\\\/WhatsApp-Image-2024-08-29-at-14.28.21.jpeg\",\"datePublished\":\"2024-08-29T20:08:46+00:00\",\"dateModified\":\"2024-09-17T21:37:01+00:00\",\"description\":\"Hoje, dia 29, foi divulgado o resultado do Top10 na categoria A\u00e7\u00f5es Sociais, do Pr\u00eamio iBest. N\u00f3s da Alian\u00e7a de Miseric\u00f3rdia tivemos a incr\u00edvel not\u00edcia de\",\"breadcrumb\":{\"@id\":\"https:\\\/\\\/aliancasocial.org\\\/en\\\/somos-top10-melhores-acoes-sociais-do-brasil-no-premio-ibest\\\/#breadcrumb\"},\"inLanguage\":\"en-US\",\"potentialAction\":[{\"@type\":\"ReadAction\",\"target\":[\"https:\\\/\\\/aliancasocial.org\\\/en\\\/somos-top10-melhores-acoes-sociais-do-brasil-no-premio-ibest\\\/\"]}]},{\"@type\":\"ImageObject\",\"inLanguage\":\"en-US\",\"@id\":\"https:\\\/\\\/aliancasocial.org\\\/en\\\/somos-top10-melhores-acoes-sociais-do-brasil-no-premio-ibest\\\/#primaryimage\",\"url\":\"https:\\\/\\\/aliancasocial.org\\\/wp-content\\\/uploads\\\/2024\\\/08\\\/WhatsApp-Image-2024-08-29-at-14.28.21.jpeg\",\"contentUrl\":\"https:\\\/\\\/aliancasocial.org\\\/wp-content\\\/uploads\\\/2024\\\/08\\\/WhatsApp-Image-2024-08-29-at-14.28.21.jpeg\",\"width\":1080,\"height\":1080},{\"@type\":\"BreadcrumbList\",\"@id\":\"https:\\\/\\\/aliancasocial.org\\\/en\\\/somos-top10-melhores-acoes-sociais-do-brasil-no-premio-ibest\\\/#breadcrumb\",\"itemListElement\":[{\"@type\":\"ListItem\",\"position\":1,\"name\":\"In\u00edcio\",\"item\":\"https:\\\/\\\/aliancasocial.org\\\/en\\\/\"},{\"@type\":\"ListItem\",\"position\":2,\"name\":\"Somos Top10 Melhores A\u00e7\u00f5es Sociais do Brasil no Pr\u00eamio IBest\u00a0\"}]},{\"@type\":\"WebSite\",\"@id\":\"https:\\\/\\\/aliancasocial.org\\\/#website\",\"url\":\"https:\\\/\\\/aliancasocial.org\\\/\",\"name\":\"Alian\u00e7a de Miseric\u00f3rdia\",\"description\":\"Levando dignidade humana a todos os cantos do mundo\",\"publisher\":{\"@id\":\"https:\\\/\\\/aliancasocial.org\\\/#organization\"},\"potentialAction\":[{\"@type\":\"SearchAction\",\"target\":{\"@type\":\"EntryPoint\",\"urlTemplate\":\"https:\\\/\\\/aliancasocial.org\\\/?s={search_term_string}\"},\"query-input\":{\"@type\":\"PropertyValueSpecification\",\"valueRequired\":true,\"valueName\":\"search_term_string\"}}],\"inLanguage\":\"en-US\"},{\"@type\":\"Organization\",\"@id\":\"https:\\\/\\\/aliancasocial.org\\\/#organization\",\"name\":\"Alian\u00e7a de Miseric\u00f3rdia\",\"url\":\"https:\\\/\\\/aliancasocial.org\\\/\",\"logo\":{\"@type\":\"ImageObject\",\"inLanguage\":\"en-US\",\"@id\":\"https:\\\/\\\/aliancasocial.org\\\/#\\\/schema\\\/logo\\\/image\\\/\",\"url\":\"https:\\\/\\\/aliancasocial.org\\\/wp-content\\\/uploads\\\/2022\\\/07\\\/logo-alianca-marrom.svg\",\"contentUrl\":\"https:\\\/\\\/aliancasocial.org\\\/wp-content\\\/uploads\\\/2022\\\/07\\\/logo-alianca-marrom.svg\",\"width\":91,\"height\":33,\"caption\":\"Alian\u00e7a de Miseric\u00f3rdia\"},\"image\":{\"@id\":\"https:\\\/\\\/aliancasocial.org\\\/#\\\/schema\\\/logo\\\/image\\\/\"},\"sameAs\":[\"https:\\\/\\\/www.facebook.com\\\/iesmisericordia\\\/\",\"https:\\\/\\\/www.instagram.com\\\/aliancademisericordia\\\/\"]},{\"@type\":\"Person\",\"@id\":\"https:\\\/\\\/aliancasocial.org\\\/#\\\/schema\\\/person\\\/78098b551faec531645dbd5d82778414\",\"name\":\"Fernanda Monzambani\",\"image\":{\"@type\":\"ImageObject\",\"inLanguage\":\"en-US\",\"@id\":\"https:\\\/\\\/secure.gravatar.com\\\/avatar\\\/aa6d89063e21cd9638051b6cd0602c108d4b79b0898534c712d68409f7e5b64c?s=96&d=mm&r=g\",\"url\":\"https:\\\/\\\/secure.gravatar.com\\\/avatar\\\/aa6d89063e21cd9638051b6cd0602c108d4b79b0898534c712d68409f7e5b64c?s=96&d=mm&r=g\",\"contentUrl\":\"https:\\\/\\\/secure.gravatar.com\\\/avatar\\\/aa6d89063e21cd9638051b6cd0602c108d4b79b0898534c712d68409f7e5b64c?s=96&d=mm&r=g\",\"caption\":\"Fernanda Monzambani\"},\"url\":\"https:\\\/\\\/aliancasocial.org\\\/en\\\/author\\\/fernanda\\\/\"}]}<\/script>\n<!-- \/ Yoast SEO plugin. -->","yoast_head_json":{"title":"We are among the Top 10 Best Social Actions in Brazil in the IBest Award - Alliance of Mercy.","description":"Today, the 29th, the results of the Top 10 in the Social Actions category of the iBest Award were released. We at the Alliance of Mercy received the incredible news that...","robots":{"index":"index","follow":"follow","max-snippet":"max-snippet:-1","max-image-preview":"max-image-preview:large","max-video-preview":"max-video-preview:-1"},"canonical":"https:\/\/aliancasocial.org\/en\/somos-top10-melhores-acoes-sociais-do-brasil-no-premio-ibest\/","og_locale":"en_US","og_type":"article","og_title":"Somos Top10 Melhores A\u00e7\u00f5es Sociais do Brasil no Pr\u00eamio IBest\u00a0 - Alian\u00e7a de Miseric\u00f3rdia","og_description":"Hoje, dia 29, foi divulgado o resultado do Top10 na categoria A\u00e7\u00f5es Sociais, do Pr\u00eamio iBest. N\u00f3s da Alian\u00e7a de Miseric\u00f3rdia tivemos a incr\u00edvel not\u00edcia de","og_url":"https:\/\/aliancasocial.org\/en\/somos-top10-melhores-acoes-sociais-do-brasil-no-premio-ibest\/","og_site_name":"Alian\u00e7a de Miseric\u00f3rdia","article_publisher":"https:\/\/www.facebook.com\/iesmisericordia\/","article_published_time":"2024-08-29T20:08:46+00:00","article_modified_time":"2024-09-17T21:37:01+00:00","og_image":[{"width":1080,"height":1080,"url":"https:\/\/aliancasocial.org\/wp-content\/uploads\/2024\/08\/WhatsApp-Image-2024-08-29-at-14.28.21.jpeg","type":"image\/jpeg"}],"author":"Fernanda Monzambani","twitter_card":"summary_large_image","twitter_misc":{"Written by":"Fernanda Monzambani","Est. reading time":"2 minutes"},"schema":{"@context":"https:\/\/schema.org","@graph":[{"@type":"Article","@id":"https:\/\/aliancasocial.org\/en\/somos-top10-melhores-acoes-sociais-do-brasil-no-premio-ibest\/#article","isPartOf":{"@id":"https:\/\/aliancasocial.org\/en\/somos-top10-melhores-acoes-sociais-do-brasil-no-premio-ibest\/"},"author":{"name":"Fernanda Monzambani","@id":"https:\/\/aliancasocial.org\/#\/schema\/person\/78098b551faec531645dbd5d82778414"},"headline":"Somos Top10 Melhores A\u00e7\u00f5es Sociais do Brasil no Pr\u00eamio IBest\u00a0","datePublished":"2024-08-29T20:08:46+00:00","dateModified":"2024-09-17T21:37:01+00:00","mainEntityOfPage":{"@id":"https:\/\/aliancasocial.org\/en\/somos-top10-melhores-acoes-sociais-do-brasil-no-premio-ibest\/"},"wordCount":391,"publisher":{"@id":"https:\/\/aliancasocial.org\/#organization"},"image":{"@id":"https:\/\/aliancasocial.org\/en\/somos-top10-melhores-acoes-sociais-do-brasil-no-premio-ibest\/#primaryimage"},"thumbnailUrl":"https:\/\/aliancasocial.org\/wp-content\/uploads\/2024\/08\/WhatsApp-Image-2024-08-29-at-14.28.21.jpeg","articleSection":["Reconhecimento"],"inLanguage":"en-US"},{"@type":"WebPage","@id":"https:\/\/aliancasocial.org\/en\/somos-top10-melhores-acoes-sociais-do-brasil-no-premio-ibest\/","url":"https:\/\/aliancasocial.org\/en\/somos-top10-melhores-acoes-sociais-do-brasil-no-premio-ibest\/","name":"We are among the Top 10 Best Social Actions in Brazil in the IBest Award - Alliance of Mercy.","isPartOf":{"@id":"https:\/\/aliancasocial.org\/#website"},"primaryImageOfPage":{"@id":"https:\/\/aliancasocial.org\/en\/somos-top10-melhores-acoes-sociais-do-brasil-no-premio-ibest\/#primaryimage"},"image":{"@id":"https:\/\/aliancasocial.org\/en\/somos-top10-melhores-acoes-sociais-do-brasil-no-premio-ibest\/#primaryimage"},"thumbnailUrl":"https:\/\/aliancasocial.org\/wp-content\/uploads\/2024\/08\/WhatsApp-Image-2024-08-29-at-14.28.21.jpeg","datePublished":"2024-08-29T20:08:46+00:00","dateModified":"2024-09-17T21:37:01+00:00","description":"Today, the 29th, the results of the Top 10 in the Social Actions category of the iBest Award were released. We at the Alliance of Mercy received the incredible news that...","breadcrumb":{"@id":"https:\/\/aliancasocial.org\/en\/somos-top10-melhores-acoes-sociais-do-brasil-no-premio-ibest\/#breadcrumb"},"inLanguage":"en-US","potentialAction":[{"@type":"ReadAction","target":["https:\/\/aliancasocial.org\/en\/somos-top10-melhores-acoes-sociais-do-brasil-no-premio-ibest\/"]}]},{"@type":"ImageObject","inLanguage":"en-US","@id":"https:\/\/aliancasocial.org\/en\/somos-top10-melhores-acoes-sociais-do-brasil-no-premio-ibest\/#primaryimage","url":"https:\/\/aliancasocial.org\/wp-content\/uploads\/2024\/08\/WhatsApp-Image-2024-08-29-at-14.28.21.jpeg","contentUrl":"https:\/\/aliancasocial.org\/wp-content\/uploads\/2024\/08\/WhatsApp-Image-2024-08-29-at-14.28.21.jpeg","width":1080,"height":1080},{"@type":"BreadcrumbList","@id":"https:\/\/aliancasocial.org\/en\/somos-top10-melhores-acoes-sociais-do-brasil-no-premio-ibest\/#breadcrumb","itemListElement":[{"@type":"ListItem","position":1,"name":"In\u00edcio","item":"https:\/\/aliancasocial.org\/en\/"},{"@type":"ListItem","position":2,"name":"Somos Top10 Melhores A\u00e7\u00f5es Sociais do Brasil no Pr\u00eamio IBest\u00a0"}]},{"@type":"WebSite","@id":"https:\/\/aliancasocial.org\/#website","url":"https:\/\/aliancasocial.org\/","name":"Covenant of Mercy","description":"Bringing human dignity to every corner of the world","publisher":{"@id":"https:\/\/aliancasocial.org\/#organization"},"potentialAction":[{"@type":"SearchAction","target":{"@type":"EntryPoint","urlTemplate":"https:\/\/aliancasocial.org\/?s={search_term_string}"},"query-input":{"@type":"PropertyValueSpecification","valueRequired":true,"valueName":"search_term_string"}}],"inLanguage":"en-US"},{"@type":"Organization","@id":"https:\/\/aliancasocial.org\/#organization","name":"Covenant of Mercy","url":"https:\/\/aliancasocial.org\/","logo":{"@type":"ImageObject","inLanguage":"en-US","@id":"https:\/\/aliancasocial.org\/#\/schema\/logo\/image\/","url":"https:\/\/aliancasocial.org\/wp-content\/uploads\/2022\/07\/logo-alianca-marrom.svg","contentUrl":"https:\/\/aliancasocial.org\/wp-content\/uploads\/2022\/07\/logo-alianca-marrom.svg","width":91,"height":33,"caption":"Alian\u00e7a de Miseric\u00f3rdia"},"image":{"@id":"https:\/\/aliancasocial.org\/#\/schema\/logo\/image\/"},"sameAs":["https:\/\/www.facebook.com\/iesmisericordia\/","https:\/\/www.instagram.com\/aliancademisericordia\/"]},{"@type":"Person","@id":"https:\/\/aliancasocial.org\/#\/schema\/person\/78098b551faec531645dbd5d82778414","name":"Fernanda Monzambani","image":{"@type":"ImageObject","inLanguage":"en-US","@id":"https:\/\/secure.gravatar.com\/avatar\/aa6d89063e21cd9638051b6cd0602c108d4b79b0898534c712d68409f7e5b64c?s=96&d=mm&r=g","url":"https:\/\/secure.gravatar.com\/avatar\/aa6d89063e21cd9638051b6cd0602c108d4b79b0898534c712d68409f7e5b64c?s=96&d=mm&r=g","contentUrl":"https:\/\/secure.gravatar.com\/avatar\/aa6d89063e21cd9638051b6cd0602c108d4b79b0898534c712d68409f7e5b64c?s=96&d=mm&r=g","caption":"Fernanda Monzambani"},"url":"https:\/\/aliancasocial.org\/en\/author\/fernanda\/"}]}},"_links":{"self":[{"href":"https:\/\/aliancasocial.org\/en\/wp-json\/wp\/v2\/posts\/11467","targetHints":{"allow":["GET"]}}],"collection":[{"href":"https:\/\/aliancasocial.org\/en\/wp-json\/wp\/v2\/posts"}],"about":[{"href":"https:\/\/aliancasocial.org\/en\/wp-json\/wp\/v2\/types\/post"}],"author":[{"embeddable":true,"href":"https:\/\/aliancasocial.org\/en\/wp-json\/wp\/v2\/users\/8"}],"replies":[{"embeddable":true,"href":"https:\/\/aliancasocial.org\/en\/wp-json\/wp\/v2\/comments?post=11467"}],"version-history":[{"count":1,"href":"https:\/\/aliancasocial.org\/en\/wp-json\/wp\/v2\/posts\/11467\/revisions"}],"predecessor-version":[{"id":11469,"href":"https:\/\/aliancasocial.org\/en\/wp-json\/wp\/v2\/posts\/11467\/revisions\/11469"}],"wp:featuredmedia":[{"embeddable":true,"href":"https:\/\/aliancasocial.org\/en\/wp-json\/wp\/v2\/media\/11468"}],"wp:attachment":[{"href":"https:\/\/aliancasocial.org\/en\/wp-json\/wp\/v2\/media?parent=11467"}],"wp:term":[{"taxonomy":"category","embeddable":true,"href":"https:\/\/aliancasocial.org\/en\/wp-json\/wp\/v2\/categories?post=11467"},{"taxonomy":"post_tag","embeddable":true,"href":"https:\/\/aliancasocial.org\/en\/wp-json\/wp\/v2\/tags?post=11467"},{"taxonomy":"destaques","embeddable":true,"href":"https:\/\/aliancasocial.org\/en\/wp-json\/wp\/v2\/destaques?post=11467"}],"curies":[{"name":"wp","href":"https:\/\/api.w.org\/{rel}","templated":true}]}}