{"id":11489,"date":"2024-09-24T17:35:45","date_gmt":"2024-09-24T20:35:45","guid":{"rendered":"https:\/\/aliancasocial.org\/?p=11489"},"modified":"2024-09-24T18:09:07","modified_gmt":"2024-09-24T21:09:07","slug":"festa-da-primavera-na-casa-restaura-me-um-dia-de-alegria-e-comunhao","status":"publish","type":"post","link":"https:\/\/aliancasocial.org\/en\/festa-da-primavera-na-casa-restaura-me-um-dia-de-alegria-e-comunhao\/","title":{"rendered":"Spring Festival at Casa Restore Me: A Day of Joy and Fellowship"},"content":{"rendered":"<p>On September 20th, the Spring Festival took place at Casa Restaura-me in S\u00e3o Paulo. The event brought together around 500 people for a day filled with joy, fellowship and lots of fun. With a varied program that included live music, a DJ, bingo and food distribution, the party celebrated the arrival of the new season and stood out as a fraternal moment.<\/p>\n\n\n\n<p>The Spring Festival started early, with breakfast served from 8 to 9 am, creating a time to meet and prepare for the day full of activities. Starting at 9 am, the event featured a samba performance, bringing joy and relaxation to those present.<\/p>\n\n\n\n<p>At 9:30 am, the first food stalls began operating. The fondue and ice cream stalls were the first to open, offering a refreshing and tasty dessert option for participants. Soon after, at 10 am, it was bingo&#039;s turn.<\/p>\n\n\n\n<p>At 10:30 a.m., new food stalls opened, with delicious hamburgers and natural juices. To top it off, at 11 a.m., stalls opened selling traditional dishes, such as mocot\u00f3 broth and the famous vaca atolada, two typical dishes of Brazilian cuisine.<\/p>\n\n\n\n<p>The Spring Festival was not only a fun event, but also an opportunity to share and care for others. Casa Restaura-me, known for its mission to welcome and restore lives, provided all food free of charge, ensuring that everyone, regardless of their condition, could fully participate.<\/p>\n\n\n\n<figure class=\"wp-block-gallery has-nested-images columns-default is-cropped wp-block-gallery-1 is-layout-flex wp-block-gallery-is-layout-flex\">\n<figure class=\"wp-block-image size-large\"><img fetchpriority=\"high\" decoding=\"async\" width=\"768\" height=\"1024\" data-id=\"11491\" src=\"http:\/\/aliancasocial.org\/wp-content\/uploads\/2024\/09\/WhatsApp-Image-2024-09-24-at-15.04.18-768x1024.jpeg\" alt=\"\" class=\"wp-image-11491\" srcset=\"https:\/\/aliancasocial.org\/wp-content\/uploads\/2024\/09\/WhatsApp-Image-2024-09-24-at-15.04.18-768x1024.jpeg 768w, https:\/\/aliancasocial.org\/wp-content\/uploads\/2024\/09\/WhatsApp-Image-2024-09-24-at-15.04.18-225x300.jpeg 225w, https:\/\/aliancasocial.org\/wp-content\/uploads\/2024\/09\/WhatsApp-Image-2024-09-24-at-15.04.18-113x150.jpeg 113w, https:\/\/aliancasocial.org\/wp-content\/uploads\/2024\/09\/WhatsApp-Image-2024-09-24-at-15.04.18-9x12.jpeg 9w, https:\/\/aliancasocial.org\/wp-content\/uploads\/2024\/09\/WhatsApp-Image-2024-09-24-at-15.04.18.jpeg 960w\" sizes=\"(max-width: 768px) 100vw, 768px\" \/><\/figure>\n\n\n\n<figure class=\"wp-block-image size-large\"><img decoding=\"async\" width=\"1024\" height=\"768\" data-id=\"11493\" src=\"http:\/\/aliancasocial.org\/wp-content\/uploads\/2024\/09\/WhatsApp-Image-2024-09-24-at-15.04.19-1024x768.jpeg\" alt=\"\" class=\"wp-image-11493\" srcset=\"https:\/\/aliancasocial.org\/wp-content\/uploads\/2024\/09\/WhatsApp-Image-2024-09-24-at-15.04.19-1024x768.jpeg 1024w, https:\/\/aliancasocial.org\/wp-content\/uploads\/2024\/09\/WhatsApp-Image-2024-09-24-at-15.04.19-300x225.jpeg 300w, https:\/\/aliancasocial.org\/wp-content\/uploads\/2024\/09\/WhatsApp-Image-2024-09-24-at-15.04.19-150x113.jpeg 150w, https:\/\/aliancasocial.org\/wp-content\/uploads\/2024\/09\/WhatsApp-Image-2024-09-24-at-15.04.19-768x576.jpeg 768w, https:\/\/aliancasocial.org\/wp-content\/uploads\/2024\/09\/WhatsApp-Image-2024-09-24-at-15.04.19-16x12.jpeg 16w, https:\/\/aliancasocial.org\/wp-content\/uploads\/2024\/09\/WhatsApp-Image-2024-09-24-at-15.04.19.jpeg 1280w\" sizes=\"(max-width: 1024px) 100vw, 1024px\" \/><\/figure>\n\n\n\n<figure class=\"wp-block-image size-large\"><img decoding=\"async\" width=\"768\" height=\"1024\" data-id=\"11492\" src=\"http:\/\/aliancasocial.org\/wp-content\/uploads\/2024\/09\/WhatsApp-Image-2024-09-24-at-15.04.20-768x1024.jpeg\" alt=\"\" class=\"wp-image-11492\" srcset=\"https:\/\/aliancasocial.org\/wp-content\/uploads\/2024\/09\/WhatsApp-Image-2024-09-24-at-15.04.20-768x1024.jpeg 768w, https:\/\/aliancasocial.org\/wp-content\/uploads\/2024\/09\/WhatsApp-Image-2024-09-24-at-15.04.20-225x300.jpeg 225w, https:\/\/aliancasocial.org\/wp-content\/uploads\/2024\/09\/WhatsApp-Image-2024-09-24-at-15.04.20-113x150.jpeg 113w, https:\/\/aliancasocial.org\/wp-content\/uploads\/2024\/09\/WhatsApp-Image-2024-09-24-at-15.04.20-9x12.jpeg 9w, https:\/\/aliancasocial.org\/wp-content\/uploads\/2024\/09\/WhatsApp-Image-2024-09-24-at-15.04.20.jpeg 960w\" sizes=\"(max-width: 768px) 100vw, 768px\" \/><\/figure>\n<\/figure>","protected":false},"excerpt":{"rendered":"<p>No dia 20 de setembro, aconteceu na Casa Restaura-me de SP a Festa da Primavera. O evento reuniu cerca de 500 pessoas para um dia repleto de alegria, comunh\u00e3o e muita divers\u00e3o. Com uma programa\u00e7\u00e3o variada que inclu\u00eda m\u00fasica ao vivo, DJ, bingo e a distribui\u00e7\u00e3o de alimentos, a festa celebrou a chegada da nova [&hellip;]<\/p>\n","protected":false},"author":8,"featured_media":11492,"comment_status":"closed","ping_status":"closed","sticky":false,"template":"","format":"standard","meta":{"footnotes":""},"categories":[48],"tags":[],"destaques":[36],"class_list":["post-11489","post","type-post","status-publish","format-standard","has-post-thumbnail","hentry","category-eventos","destaques-destaque-01"],"yoast_head":"<!-- This site is optimized with the Yoast SEO plugin v27.4 - https:\/\/yoast.com\/product\/yoast-seo-wordpress\/ -->\n<title>Festa da Primavera na Casa Restaura-me: Um Dia de Alegria e Comunh\u00e3o - Alian\u00e7a de Miseric\u00f3rdia<\/title>\n<meta name=\"description\" content=\"No dia 20 de setembro, aconteceu na Casa Restaura-me de SP a Festa da Primavera. O evento reuniu cerca de 500 pessoas para um dia repleto de alegria,\" \/>\n<meta name=\"robots\" content=\"index, follow, max-snippet:-1, max-image-preview:large, max-video-preview:-1\" \/>\n<link rel=\"canonical\" href=\"https:\/\/aliancasocial.org\/en\/festa-da-primavera-na-casa-restaura-me-um-dia-de-alegria-e-comunhao\/\" \/>\n<meta property=\"og:locale\" content=\"en_US\" \/>\n<meta property=\"og:type\" content=\"article\" \/>\n<meta property=\"og:title\" content=\"Festa da Primavera na Casa Restaura-me: Um Dia de Alegria e Comunh\u00e3o - Alian\u00e7a de Miseric\u00f3rdia\" \/>\n<meta property=\"og:description\" content=\"No dia 20 de setembro, aconteceu na Casa Restaura-me de SP a Festa da Primavera. O evento reuniu cerca de 500 pessoas para um dia repleto de alegria,\" \/>\n<meta property=\"og:url\" content=\"https:\/\/aliancasocial.org\/en\/festa-da-primavera-na-casa-restaura-me-um-dia-de-alegria-e-comunhao\/\" \/>\n<meta property=\"og:site_name\" content=\"Alian\u00e7a de Miseric\u00f3rdia\" \/>\n<meta property=\"article:publisher\" content=\"https:\/\/www.facebook.com\/iesmisericordia\/\" \/>\n<meta property=\"article:published_time\" content=\"2024-09-24T20:35:45+00:00\" \/>\n<meta property=\"article:modified_time\" content=\"2024-09-24T21:09:07+00:00\" \/>\n<meta property=\"og:image\" content=\"https:\/\/aliancasocial.org\/wp-content\/uploads\/2024\/09\/WhatsApp-Image-2024-09-24-at-15.04.20.jpeg\" \/>\n\t<meta property=\"og:image:width\" content=\"960\" \/>\n\t<meta property=\"og:image:height\" content=\"1280\" \/>\n\t<meta property=\"og:image:type\" content=\"image\/jpeg\" \/>\n<meta name=\"author\" content=\"Fernanda Monzambani\" \/>\n<meta name=\"twitter:card\" content=\"summary_large_image\" \/>\n<meta name=\"twitter:label1\" content=\"Written by\" \/>\n\t<meta name=\"twitter:data1\" content=\"Fernanda Monzambani\" \/>\n\t<meta name=\"twitter:label2\" content=\"Est. reading time\" \/>\n\t<meta name=\"twitter:data2\" content=\"3 minutes\" \/>\n<script type=\"application\/ld+json\" class=\"yoast-schema-graph\">{\"@context\":\"https:\\\/\\\/schema.org\",\"@graph\":[{\"@type\":\"Article\",\"@id\":\"https:\\\/\\\/aliancasocial.org\\\/festa-da-primavera-na-casa-restaura-me-um-dia-de-alegria-e-comunhao\\\/#article\",\"isPartOf\":{\"@id\":\"https:\\\/\\\/aliancasocial.org\\\/festa-da-primavera-na-casa-restaura-me-um-dia-de-alegria-e-comunhao\\\/\"},\"author\":{\"name\":\"Fernanda Monzambani\",\"@id\":\"https:\\\/\\\/aliancasocial.org\\\/#\\\/schema\\\/person\\\/78098b551faec531645dbd5d82778414\"},\"headline\":\"Festa da Primavera na Casa Restaura-me: Um Dia de Alegria e Comunh\u00e3o\",\"datePublished\":\"2024-09-24T20:35:45+00:00\",\"dateModified\":\"2024-09-24T21:09:07+00:00\",\"mainEntityOfPage\":{\"@id\":\"https:\\\/\\\/aliancasocial.org\\\/festa-da-primavera-na-casa-restaura-me-um-dia-de-alegria-e-comunhao\\\/\"},\"wordCount\":281,\"publisher\":{\"@id\":\"https:\\\/\\\/aliancasocial.org\\\/#organization\"},\"image\":{\"@id\":\"https:\\\/\\\/aliancasocial.org\\\/festa-da-primavera-na-casa-restaura-me-um-dia-de-alegria-e-comunhao\\\/#primaryimage\"},\"thumbnailUrl\":\"https:\\\/\\\/aliancasocial.org\\\/wp-content\\\/uploads\\\/2024\\\/09\\\/WhatsApp-Image-2024-09-24-at-15.04.20.jpeg\",\"articleSection\":[\"Eventos\"],\"inLanguage\":\"en-US\"},{\"@type\":\"WebPage\",\"@id\":\"https:\\\/\\\/aliancasocial.org\\\/festa-da-primavera-na-casa-restaura-me-um-dia-de-alegria-e-comunhao\\\/\",\"url\":\"https:\\\/\\\/aliancasocial.org\\\/festa-da-primavera-na-casa-restaura-me-um-dia-de-alegria-e-comunhao\\\/\",\"name\":\"Festa da Primavera na Casa Restaura-me: Um Dia de Alegria e Comunh\u00e3o - Alian\u00e7a de Miseric\u00f3rdia\",\"isPartOf\":{\"@id\":\"https:\\\/\\\/aliancasocial.org\\\/#website\"},\"primaryImageOfPage\":{\"@id\":\"https:\\\/\\\/aliancasocial.org\\\/festa-da-primavera-na-casa-restaura-me-um-dia-de-alegria-e-comunhao\\\/#primaryimage\"},\"image\":{\"@id\":\"https:\\\/\\\/aliancasocial.org\\\/festa-da-primavera-na-casa-restaura-me-um-dia-de-alegria-e-comunhao\\\/#primaryimage\"},\"thumbnailUrl\":\"https:\\\/\\\/aliancasocial.org\\\/wp-content\\\/uploads\\\/2024\\\/09\\\/WhatsApp-Image-2024-09-24-at-15.04.20.jpeg\",\"datePublished\":\"2024-09-24T20:35:45+00:00\",\"dateModified\":\"2024-09-24T21:09:07+00:00\",\"description\":\"No dia 20 de setembro, aconteceu na Casa Restaura-me de SP a Festa da Primavera. O evento reuniu cerca de 500 pessoas para um dia repleto de alegria,\",\"breadcrumb\":{\"@id\":\"https:\\\/\\\/aliancasocial.org\\\/festa-da-primavera-na-casa-restaura-me-um-dia-de-alegria-e-comunhao\\\/#breadcrumb\"},\"inLanguage\":\"en-US\",\"potentialAction\":[{\"@type\":\"ReadAction\",\"target\":[\"https:\\\/\\\/aliancasocial.org\\\/festa-da-primavera-na-casa-restaura-me-um-dia-de-alegria-e-comunhao\\\/\"]}]},{\"@type\":\"ImageObject\",\"inLanguage\":\"en-US\",\"@id\":\"https:\\\/\\\/aliancasocial.org\\\/festa-da-primavera-na-casa-restaura-me-um-dia-de-alegria-e-comunhao\\\/#primaryimage\",\"url\":\"https:\\\/\\\/aliancasocial.org\\\/wp-content\\\/uploads\\\/2024\\\/09\\\/WhatsApp-Image-2024-09-24-at-15.04.20.jpeg\",\"contentUrl\":\"https:\\\/\\\/aliancasocial.org\\\/wp-content\\\/uploads\\\/2024\\\/09\\\/WhatsApp-Image-2024-09-24-at-15.04.20.jpeg\",\"width\":960,\"height\":1280},{\"@type\":\"BreadcrumbList\",\"@id\":\"https:\\\/\\\/aliancasocial.org\\\/festa-da-primavera-na-casa-restaura-me-um-dia-de-alegria-e-comunhao\\\/#breadcrumb\",\"itemListElement\":[{\"@type\":\"ListItem\",\"position\":1,\"name\":\"In\u00edcio\",\"item\":\"https:\\\/\\\/aliancasocial.org\\\/en\\\/\"},{\"@type\":\"ListItem\",\"position\":2,\"name\":\"Festa da Primavera na Casa Restaura-me: Um Dia de Alegria e Comunh\u00e3o\"}]},{\"@type\":\"WebSite\",\"@id\":\"https:\\\/\\\/aliancasocial.org\\\/#website\",\"url\":\"https:\\\/\\\/aliancasocial.org\\\/\",\"name\":\"Alian\u00e7a de Miseric\u00f3rdia\",\"description\":\"Levando dignidade humana a todos os cantos do mundo\",\"publisher\":{\"@id\":\"https:\\\/\\\/aliancasocial.org\\\/#organization\"},\"potentialAction\":[{\"@type\":\"SearchAction\",\"target\":{\"@type\":\"EntryPoint\",\"urlTemplate\":\"https:\\\/\\\/aliancasocial.org\\\/?s={search_term_string}\"},\"query-input\":{\"@type\":\"PropertyValueSpecification\",\"valueRequired\":true,\"valueName\":\"search_term_string\"}}],\"inLanguage\":\"en-US\"},{\"@type\":\"Organization\",\"@id\":\"https:\\\/\\\/aliancasocial.org\\\/#organization\",\"name\":\"Alian\u00e7a de Miseric\u00f3rdia\",\"url\":\"https:\\\/\\\/aliancasocial.org\\\/\",\"logo\":{\"@type\":\"ImageObject\",\"inLanguage\":\"en-US\",\"@id\":\"https:\\\/\\\/aliancasocial.org\\\/#\\\/schema\\\/logo\\\/image\\\/\",\"url\":\"https:\\\/\\\/aliancasocial.org\\\/wp-content\\\/uploads\\\/2022\\\/07\\\/logo-alianca-marrom.svg\",\"contentUrl\":\"https:\\\/\\\/aliancasocial.org\\\/wp-content\\\/uploads\\\/2022\\\/07\\\/logo-alianca-marrom.svg\",\"width\":91,\"height\":33,\"caption\":\"Alian\u00e7a de Miseric\u00f3rdia\"},\"image\":{\"@id\":\"https:\\\/\\\/aliancasocial.org\\\/#\\\/schema\\\/logo\\\/image\\\/\"},\"sameAs\":[\"https:\\\/\\\/www.facebook.com\\\/iesmisericordia\\\/\",\"https:\\\/\\\/www.instagram.com\\\/aliancademisericordia\\\/\"]},{\"@type\":\"Person\",\"@id\":\"https:\\\/\\\/aliancasocial.org\\\/#\\\/schema\\\/person\\\/78098b551faec531645dbd5d82778414\",\"name\":\"Fernanda Monzambani\",\"image\":{\"@type\":\"ImageObject\",\"inLanguage\":\"en-US\",\"@id\":\"https:\\\/\\\/secure.gravatar.com\\\/avatar\\\/aa6d89063e21cd9638051b6cd0602c108d4b79b0898534c712d68409f7e5b64c?s=96&d=mm&r=g\",\"url\":\"https:\\\/\\\/secure.gravatar.com\\\/avatar\\\/aa6d89063e21cd9638051b6cd0602c108d4b79b0898534c712d68409f7e5b64c?s=96&d=mm&r=g\",\"contentUrl\":\"https:\\\/\\\/secure.gravatar.com\\\/avatar\\\/aa6d89063e21cd9638051b6cd0602c108d4b79b0898534c712d68409f7e5b64c?s=96&d=mm&r=g\",\"caption\":\"Fernanda Monzambani\"},\"url\":\"https:\\\/\\\/aliancasocial.org\\\/en\\\/author\\\/fernanda\\\/\"}]}<\/script>\n<!-- \/ Yoast SEO plugin. -->","yoast_head_json":{"title":"Spring Festival at Casa Restore Me: A Day of Joy and Fellowship - Alliance of Mercy","description":"On September 20th, the Spring Festival took place at Casa Restaura-me in S\u00e3o Paulo. The event brought together around 500 people for a day filled with joy.","robots":{"index":"index","follow":"follow","max-snippet":"max-snippet:-1","max-image-preview":"max-image-preview:large","max-video-preview":"max-video-preview:-1"},"canonical":"https:\/\/aliancasocial.org\/en\/festa-da-primavera-na-casa-restaura-me-um-dia-de-alegria-e-comunhao\/","og_locale":"en_US","og_type":"article","og_title":"Festa da Primavera na Casa Restaura-me: Um Dia de Alegria e Comunh\u00e3o - Alian\u00e7a de Miseric\u00f3rdia","og_description":"No dia 20 de setembro, aconteceu na Casa Restaura-me de SP a Festa da Primavera. O evento reuniu cerca de 500 pessoas para um dia repleto de alegria,","og_url":"https:\/\/aliancasocial.org\/en\/festa-da-primavera-na-casa-restaura-me-um-dia-de-alegria-e-comunhao\/","og_site_name":"Alian\u00e7a de Miseric\u00f3rdia","article_publisher":"https:\/\/www.facebook.com\/iesmisericordia\/","article_published_time":"2024-09-24T20:35:45+00:00","article_modified_time":"2024-09-24T21:09:07+00:00","og_image":[{"width":960,"height":1280,"url":"https:\/\/aliancasocial.org\/wp-content\/uploads\/2024\/09\/WhatsApp-Image-2024-09-24-at-15.04.20.jpeg","type":"image\/jpeg"}],"author":"Fernanda Monzambani","twitter_card":"summary_large_image","twitter_misc":{"Written by":"Fernanda Monzambani","Est. reading time":"3 minutes"},"schema":{"@context":"https:\/\/schema.org","@graph":[{"@type":"Article","@id":"https:\/\/aliancasocial.org\/festa-da-primavera-na-casa-restaura-me-um-dia-de-alegria-e-comunhao\/#article","isPartOf":{"@id":"https:\/\/aliancasocial.org\/festa-da-primavera-na-casa-restaura-me-um-dia-de-alegria-e-comunhao\/"},"author":{"name":"Fernanda Monzambani","@id":"https:\/\/aliancasocial.org\/#\/schema\/person\/78098b551faec531645dbd5d82778414"},"headline":"Festa da Primavera na Casa Restaura-me: Um Dia de Alegria e Comunh\u00e3o","datePublished":"2024-09-24T20:35:45+00:00","dateModified":"2024-09-24T21:09:07+00:00","mainEntityOfPage":{"@id":"https:\/\/aliancasocial.org\/festa-da-primavera-na-casa-restaura-me-um-dia-de-alegria-e-comunhao\/"},"wordCount":281,"publisher":{"@id":"https:\/\/aliancasocial.org\/#organization"},"image":{"@id":"https:\/\/aliancasocial.org\/festa-da-primavera-na-casa-restaura-me-um-dia-de-alegria-e-comunhao\/#primaryimage"},"thumbnailUrl":"https:\/\/aliancasocial.org\/wp-content\/uploads\/2024\/09\/WhatsApp-Image-2024-09-24-at-15.04.20.jpeg","articleSection":["Eventos"],"inLanguage":"en-US"},{"@type":"WebPage","@id":"https:\/\/aliancasocial.org\/festa-da-primavera-na-casa-restaura-me-um-dia-de-alegria-e-comunhao\/","url":"https:\/\/aliancasocial.org\/festa-da-primavera-na-casa-restaura-me-um-dia-de-alegria-e-comunhao\/","name":"Spring Festival at Casa Restore Me: A Day of Joy and Fellowship - Alliance of Mercy","isPartOf":{"@id":"https:\/\/aliancasocial.org\/#website"},"primaryImageOfPage":{"@id":"https:\/\/aliancasocial.org\/festa-da-primavera-na-casa-restaura-me-um-dia-de-alegria-e-comunhao\/#primaryimage"},"image":{"@id":"https:\/\/aliancasocial.org\/festa-da-primavera-na-casa-restaura-me-um-dia-de-alegria-e-comunhao\/#primaryimage"},"thumbnailUrl":"https:\/\/aliancasocial.org\/wp-content\/uploads\/2024\/09\/WhatsApp-Image-2024-09-24-at-15.04.20.jpeg","datePublished":"2024-09-24T20:35:45+00:00","dateModified":"2024-09-24T21:09:07+00:00","description":"On September 20th, the Spring Festival took place at Casa Restaura-me in S\u00e3o Paulo. The event brought together around 500 people for a day filled with joy.","breadcrumb":{"@id":"https:\/\/aliancasocial.org\/festa-da-primavera-na-casa-restaura-me-um-dia-de-alegria-e-comunhao\/#breadcrumb"},"inLanguage":"en-US","potentialAction":[{"@type":"ReadAction","target":["https:\/\/aliancasocial.org\/festa-da-primavera-na-casa-restaura-me-um-dia-de-alegria-e-comunhao\/"]}]},{"@type":"ImageObject","inLanguage":"en-US","@id":"https:\/\/aliancasocial.org\/festa-da-primavera-na-casa-restaura-me-um-dia-de-alegria-e-comunhao\/#primaryimage","url":"https:\/\/aliancasocial.org\/wp-content\/uploads\/2024\/09\/WhatsApp-Image-2024-09-24-at-15.04.20.jpeg","contentUrl":"https:\/\/aliancasocial.org\/wp-content\/uploads\/2024\/09\/WhatsApp-Image-2024-09-24-at-15.04.20.jpeg","width":960,"height":1280},{"@type":"BreadcrumbList","@id":"https:\/\/aliancasocial.org\/festa-da-primavera-na-casa-restaura-me-um-dia-de-alegria-e-comunhao\/#breadcrumb","itemListElement":[{"@type":"ListItem","position":1,"name":"In\u00edcio","item":"https:\/\/aliancasocial.org\/en\/"},{"@type":"ListItem","position":2,"name":"Festa da Primavera na Casa Restaura-me: Um Dia de Alegria e Comunh\u00e3o"}]},{"@type":"WebSite","@id":"https:\/\/aliancasocial.org\/#website","url":"https:\/\/aliancasocial.org\/","name":"Covenant of Mercy","description":"Bringing human dignity to every corner of the world","publisher":{"@id":"https:\/\/aliancasocial.org\/#organization"},"potentialAction":[{"@type":"SearchAction","target":{"@type":"EntryPoint","urlTemplate":"https:\/\/aliancasocial.org\/?s={search_term_string}"},"query-input":{"@type":"PropertyValueSpecification","valueRequired":true,"valueName":"search_term_string"}}],"inLanguage":"en-US"},{"@type":"Organization","@id":"https:\/\/aliancasocial.org\/#organization","name":"Covenant of Mercy","url":"https:\/\/aliancasocial.org\/","logo":{"@type":"ImageObject","inLanguage":"en-US","@id":"https:\/\/aliancasocial.org\/#\/schema\/logo\/image\/","url":"https:\/\/aliancasocial.org\/wp-content\/uploads\/2022\/07\/logo-alianca-marrom.svg","contentUrl":"https:\/\/aliancasocial.org\/wp-content\/uploads\/2022\/07\/logo-alianca-marrom.svg","width":91,"height":33,"caption":"Alian\u00e7a de Miseric\u00f3rdia"},"image":{"@id":"https:\/\/aliancasocial.org\/#\/schema\/logo\/image\/"},"sameAs":["https:\/\/www.facebook.com\/iesmisericordia\/","https:\/\/www.instagram.com\/aliancademisericordia\/"]},{"@type":"Person","@id":"https:\/\/aliancasocial.org\/#\/schema\/person\/78098b551faec531645dbd5d82778414","name":"Fernanda Monzambani","image":{"@type":"ImageObject","inLanguage":"en-US","@id":"https:\/\/secure.gravatar.com\/avatar\/aa6d89063e21cd9638051b6cd0602c108d4b79b0898534c712d68409f7e5b64c?s=96&d=mm&r=g","url":"https:\/\/secure.gravatar.com\/avatar\/aa6d89063e21cd9638051b6cd0602c108d4b79b0898534c712d68409f7e5b64c?s=96&d=mm&r=g","contentUrl":"https:\/\/secure.gravatar.com\/avatar\/aa6d89063e21cd9638051b6cd0602c108d4b79b0898534c712d68409f7e5b64c?s=96&d=mm&r=g","caption":"Fernanda Monzambani"},"url":"https:\/\/aliancasocial.org\/en\/author\/fernanda\/"}]}},"_links":{"self":[{"href":"https:\/\/aliancasocial.org\/en\/wp-json\/wp\/v2\/posts\/11489","targetHints":{"allow":["GET"]}}],"collection":[{"href":"https:\/\/aliancasocial.org\/en\/wp-json\/wp\/v2\/posts"}],"about":[{"href":"https:\/\/aliancasocial.org\/en\/wp-json\/wp\/v2\/types\/post"}],"author":[{"embeddable":true,"href":"https:\/\/aliancasocial.org\/en\/wp-json\/wp\/v2\/users\/8"}],"replies":[{"embeddable":true,"href":"https:\/\/aliancasocial.org\/en\/wp-json\/wp\/v2\/comments?post=11489"}],"version-history":[{"count":1,"href":"https:\/\/aliancasocial.org\/en\/wp-json\/wp\/v2\/posts\/11489\/revisions"}],"predecessor-version":[{"id":11494,"href":"https:\/\/aliancasocial.org\/en\/wp-json\/wp\/v2\/posts\/11489\/revisions\/11494"}],"wp:featuredmedia":[{"embeddable":true,"href":"https:\/\/aliancasocial.org\/en\/wp-json\/wp\/v2\/media\/11492"}],"wp:attachment":[{"href":"https:\/\/aliancasocial.org\/en\/wp-json\/wp\/v2\/media?parent=11489"}],"wp:term":[{"taxonomy":"category","embeddable":true,"href":"https:\/\/aliancasocial.org\/en\/wp-json\/wp\/v2\/categories?post=11489"},{"taxonomy":"post_tag","embeddable":true,"href":"https:\/\/aliancasocial.org\/en\/wp-json\/wp\/v2\/tags?post=11489"},{"taxonomy":"destaques","embeddable":true,"href":"https:\/\/aliancasocial.org\/en\/wp-json\/wp\/v2\/destaques?post=11489"}],"curies":[{"name":"wp","href":"https:\/\/api.w.org\/{rel}","templated":true}]}}