{"id":11519,"date":"2024-10-14T16:18:45","date_gmt":"2024-10-14T19:18:45","guid":{"rendered":"https:\/\/aliancasocial.org\/?p=11519"},"modified":"2024-11-14T16:58:53","modified_gmt":"2024-11-14T19:58:53","slug":"jantar-solidario-no-terraco-italia-um-encontro-de-generosidade-e-transformacao","status":"publish","type":"post","link":"https:\/\/aliancasocial.org\/en\/jantar-solidario-no-terraco-italia-um-encontro-de-generosidade-e-transformacao\/","title":{"rendered":"Solidarity Dinner at Terra\u00e7o It\u00e1lia: A Meeting of Generosity and Transformation"},"content":{"rendered":"<p>Last Tuesday, the 8th, Terra\u00e7o It\u00e1lia, in the capital of S\u00e3o Paulo, was the stage for a very special event: a charity dinner organized by Ana Lucia and S\u00e9rgio Comolatti, through the Comolatti Institute.<\/p>\n\n\n\n<p>The goal was to raise funds to support the work of the Alliance of Mercy, which works with those most in need, bringing hope and transformation through its various social projects. The event, which brought together 120 guests, was marked by an atmosphere of true fraternity and joy, filled with friends and generous supporters.<\/p>\n\n\n\n<p>Father Evandro Torlai, president of the Alliance, highlighted the welcoming and fraternal atmosphere that took over the evening. In his words, <strong><em>\u201cThe atmosphere of family and joy was contagious, with dear and generous friends who are always ready to help the Alliance\u201d<\/em><\/strong>. The night was a true celebration of friendship and solidarity, showing the strength of a community united by the mission of serving those most in need.<\/p>\n\n\n\n<h2 class=\"wp-block-heading\"><strong>Transformation Testimonies<\/strong><\/h2>\n\n\n\n<p>During dinner, Father Evandro presented a moving video of the Alliance of Mercy, produced by the benefactor and friend of the Work, Jos\u00e9 Edgar, in his production company. The video showed the fruits of the Association&#039;s work and highlighted stories of transformation, such as that of <a href=\"https:\/\/www.youtube.com\/watch?v=Ph6xPLCEeAQ\"><strong>Renan Gameiro, a young man who was welcomed at Casa Naim, one of the Alliance&#039;s projects<\/strong><\/a>. Renan, who came from an extremely vulnerable situation, found at Casa Naim the support he needed to rebuild his life and <a href=\"https:\/\/misericordia.com.br\/jovem-acolhido-pela-alianca-conquista-primeiro-lugar-no-37o-campeonato-paulista-de-karate\/\"><strong>today he is a karate champion<\/strong><\/a>, sponsored by the Comolatti Institute and other dedicated volunteers.<\/p>\n\n\n\n<p>Another powerful testimony was that of Edgar himself, who also had his life transformed. A successful businessman, Edgar shared his journey, showing how the Alliance of Mercy reaches people from all walks of life, whether it be a young person at risk like Renan, or a businessman experiencing moments of great inner suffering. This <strong>\u201cbridge of mercy\u201d<\/strong>, as described, unites people from very different backgrounds, but equally touched by this mission.<\/p>\n\n\n\n<p>In addition to the moving testimonies, the evening was marked by a special fundraising campaign for the Alliance of Mercy. The success of the campaign was impressive, with a significant amount being raised to continue the work of fully restoring dignity to so many people we meet. <strong>The generosity of those present reinforces everyone\u2019s commitment to supporting the Alliance\u2019s mission.<\/strong><\/p>\n\n\n\n<h2 class=\"wp-block-heading\"><strong>Do you want to help the Alliance of Mercy?<\/strong><\/h2>\n\n\n\n<p><br>For partnerships, please contact us by email <a href=\"mailto:institucional@aliancasocial.org\">institucional@aliancasocial.org<\/a> or donate any amount via pix <a href=\"mailto:doe@misericordia.com.br\">doe@misericordia.com.br<\/a> or through our website, <a href=\"https:\/\/aliancademisericordia.doardigital.com.br\/doacao\"><strong>clicking here<\/strong><\/a>.<br><br><\/p>\n\n\n\n<figure class=\"wp-block-embed is-type-video is-provider-youtube wp-block-embed-youtube wp-embed-aspect-16-9 wp-has-aspect-ratio\"><div class=\"wp-block-embed__wrapper\">\n<iframe title=\"&quot;There wasn&#039;t always food at home!&quot; | Renan&#039;s testimony, heard by the Alliance\" width=\"800\" height=\"450\" src=\"https:\/\/www.youtube.com\/embed\/Ph6xPLCEeAQ?feature=oembed\" frameborder=\"0\" allow=\"accelerometer; autoplay; clipboard-write; encrypted-media; gyroscope; picture-in-picture; web-share\" referrerpolicy=\"strict-origin-when-cross-origin\" allowfullscreen><\/iframe>\n<\/div><\/figure>\n\n\n\n<p><\/p>","protected":false},"excerpt":{"rendered":"<p>Na \u00faltima ter\u00e7a-feira, 8, o Terra\u00e7o It\u00e1lia, na Capital Paulista, foi palco de um evento muito especial: um jantar solid\u00e1rio organizado por Ana Lucia e S\u00e9rgio Comolatti, por meio do Instituto Comolatti. O objetivo foi arrecadar fundos para apoiar a obra da Alian\u00e7a de Miseric\u00f3rdia, que atua junto aos mais necessitados, levando esperan\u00e7a e transforma\u00e7\u00e3o [&hellip;]<\/p>\n","protected":false},"author":8,"featured_media":11522,"comment_status":"closed","ping_status":"closed","sticky":false,"template":"","format":"standard","meta":{"footnotes":""},"categories":[48],"tags":[],"destaques":[38],"class_list":["post-11519","post","type-post","status-publish","format-standard","has-post-thumbnail","hentry","category-eventos","destaques-destaque-03"],"yoast_head":"<!-- This site is optimized with the Yoast SEO plugin v27.4 - https:\/\/yoast.com\/product\/yoast-seo-wordpress\/ -->\n<title>Jantar Solid\u00e1rio no Terra\u00e7o It\u00e1lia: Um Encontro de Generosidade e Transforma\u00e7\u00e3o - Alian\u00e7a de Miseric\u00f3rdia<\/title>\n<meta name=\"description\" content=\"Na \u00faltima ter\u00e7a-feira, 8, o Terra\u00e7o It\u00e1lia, na Capital Paulista, foi palco de um evento muito especial: um jantar solid\u00e1rio\" \/>\n<meta name=\"robots\" content=\"index, follow, max-snippet:-1, max-image-preview:large, max-video-preview:-1\" \/>\n<link rel=\"canonical\" href=\"https:\/\/aliancasocial.org\/en\/jantar-solidario-no-terraco-italia-um-encontro-de-generosidade-e-transformacao\/\" \/>\n<meta property=\"og:locale\" content=\"en_US\" \/>\n<meta property=\"og:type\" content=\"article\" \/>\n<meta property=\"og:title\" content=\"Jantar Solid\u00e1rio no Terra\u00e7o It\u00e1lia: Um Encontro de Generosidade e Transforma\u00e7\u00e3o - Alian\u00e7a de Miseric\u00f3rdia\" \/>\n<meta property=\"og:description\" content=\"Na \u00faltima ter\u00e7a-feira, 8, o Terra\u00e7o It\u00e1lia, na Capital Paulista, foi palco de um evento muito especial: um jantar solid\u00e1rio\" \/>\n<meta property=\"og:url\" content=\"https:\/\/aliancasocial.org\/en\/jantar-solidario-no-terraco-italia-um-encontro-de-generosidade-e-transformacao\/\" \/>\n<meta property=\"og:site_name\" content=\"Alian\u00e7a de Miseric\u00f3rdia\" \/>\n<meta property=\"article:publisher\" content=\"https:\/\/www.facebook.com\/iesmisericordia\/\" \/>\n<meta property=\"article:published_time\" content=\"2024-10-14T19:18:45+00:00\" \/>\n<meta property=\"article:modified_time\" content=\"2024-11-14T19:58:53+00:00\" \/>\n<meta property=\"og:image\" content=\"https:\/\/aliancasocial.org\/wp-content\/uploads\/2024\/10\/Design-sem-nome11-1024x512.png\" \/>\n\t<meta property=\"og:image:width\" content=\"1024\" \/>\n\t<meta property=\"og:image:height\" content=\"512\" \/>\n\t<meta property=\"og:image:type\" content=\"image\/png\" \/>\n<meta name=\"author\" content=\"Fernanda Monzambani\" \/>\n<meta name=\"twitter:card\" content=\"summary_large_image\" \/>\n<meta name=\"twitter:label1\" content=\"Written by\" \/>\n\t<meta name=\"twitter:data1\" content=\"Fernanda Monzambani\" \/>\n\t<meta name=\"twitter:label2\" content=\"Est. reading time\" \/>\n\t<meta name=\"twitter:data2\" content=\"3 minutes\" \/>\n<script type=\"application\/ld+json\" class=\"yoast-schema-graph\">{\"@context\":\"https:\\\/\\\/schema.org\",\"@graph\":[{\"@type\":\"Article\",\"@id\":\"https:\\\/\\\/aliancasocial.org\\\/jantar-solidario-no-terraco-italia-um-encontro-de-generosidade-e-transformacao\\\/#article\",\"isPartOf\":{\"@id\":\"https:\\\/\\\/aliancasocial.org\\\/jantar-solidario-no-terraco-italia-um-encontro-de-generosidade-e-transformacao\\\/\"},\"author\":{\"name\":\"Fernanda Monzambani\",\"@id\":\"https:\\\/\\\/aliancasocial.org\\\/#\\\/schema\\\/person\\\/78098b551faec531645dbd5d82778414\"},\"headline\":\"Jantar Solid\u00e1rio no Terra\u00e7o It\u00e1lia: Um Encontro de Generosidade e Transforma\u00e7\u00e3o\",\"datePublished\":\"2024-10-14T19:18:45+00:00\",\"dateModified\":\"2024-11-14T19:58:53+00:00\",\"mainEntityOfPage\":{\"@id\":\"https:\\\/\\\/aliancasocial.org\\\/jantar-solidario-no-terraco-italia-um-encontro-de-generosidade-e-transformacao\\\/\"},\"wordCount\":479,\"publisher\":{\"@id\":\"https:\\\/\\\/aliancasocial.org\\\/#organization\"},\"image\":{\"@id\":\"https:\\\/\\\/aliancasocial.org\\\/jantar-solidario-no-terraco-italia-um-encontro-de-generosidade-e-transformacao\\\/#primaryimage\"},\"thumbnailUrl\":\"https:\\\/\\\/aliancasocial.org\\\/wp-content\\\/uploads\\\/2024\\\/10\\\/Design-sem-nome11.png\",\"articleSection\":[\"Eventos\"],\"inLanguage\":\"en-US\"},{\"@type\":\"WebPage\",\"@id\":\"https:\\\/\\\/aliancasocial.org\\\/jantar-solidario-no-terraco-italia-um-encontro-de-generosidade-e-transformacao\\\/\",\"url\":\"https:\\\/\\\/aliancasocial.org\\\/jantar-solidario-no-terraco-italia-um-encontro-de-generosidade-e-transformacao\\\/\",\"name\":\"Jantar Solid\u00e1rio no Terra\u00e7o It\u00e1lia: Um Encontro de Generosidade e Transforma\u00e7\u00e3o - Alian\u00e7a de Miseric\u00f3rdia\",\"isPartOf\":{\"@id\":\"https:\\\/\\\/aliancasocial.org\\\/#website\"},\"primaryImageOfPage\":{\"@id\":\"https:\\\/\\\/aliancasocial.org\\\/jantar-solidario-no-terraco-italia-um-encontro-de-generosidade-e-transformacao\\\/#primaryimage\"},\"image\":{\"@id\":\"https:\\\/\\\/aliancasocial.org\\\/jantar-solidario-no-terraco-italia-um-encontro-de-generosidade-e-transformacao\\\/#primaryimage\"},\"thumbnailUrl\":\"https:\\\/\\\/aliancasocial.org\\\/wp-content\\\/uploads\\\/2024\\\/10\\\/Design-sem-nome11.png\",\"datePublished\":\"2024-10-14T19:18:45+00:00\",\"dateModified\":\"2024-11-14T19:58:53+00:00\",\"description\":\"Na \u00faltima ter\u00e7a-feira, 8, o Terra\u00e7o It\u00e1lia, na Capital Paulista, foi palco de um evento muito especial: um jantar solid\u00e1rio\",\"breadcrumb\":{\"@id\":\"https:\\\/\\\/aliancasocial.org\\\/jantar-solidario-no-terraco-italia-um-encontro-de-generosidade-e-transformacao\\\/#breadcrumb\"},\"inLanguage\":\"en-US\",\"potentialAction\":[{\"@type\":\"ReadAction\",\"target\":[\"https:\\\/\\\/aliancasocial.org\\\/jantar-solidario-no-terraco-italia-um-encontro-de-generosidade-e-transformacao\\\/\"]}]},{\"@type\":\"ImageObject\",\"inLanguage\":\"en-US\",\"@id\":\"https:\\\/\\\/aliancasocial.org\\\/jantar-solidario-no-terraco-italia-um-encontro-de-generosidade-e-transformacao\\\/#primaryimage\",\"url\":\"https:\\\/\\\/aliancasocial.org\\\/wp-content\\\/uploads\\\/2024\\\/10\\\/Design-sem-nome11.png\",\"contentUrl\":\"https:\\\/\\\/aliancasocial.org\\\/wp-content\\\/uploads\\\/2024\\\/10\\\/Design-sem-nome11.png\",\"width\":2560,\"height\":1280},{\"@type\":\"BreadcrumbList\",\"@id\":\"https:\\\/\\\/aliancasocial.org\\\/jantar-solidario-no-terraco-italia-um-encontro-de-generosidade-e-transformacao\\\/#breadcrumb\",\"itemListElement\":[{\"@type\":\"ListItem\",\"position\":1,\"name\":\"In\u00edcio\",\"item\":\"https:\\\/\\\/aliancasocial.org\\\/en\\\/\"},{\"@type\":\"ListItem\",\"position\":2,\"name\":\"Jantar Solid\u00e1rio no Terra\u00e7o It\u00e1lia: Um Encontro de Generosidade e Transforma\u00e7\u00e3o\"}]},{\"@type\":\"WebSite\",\"@id\":\"https:\\\/\\\/aliancasocial.org\\\/#website\",\"url\":\"https:\\\/\\\/aliancasocial.org\\\/\",\"name\":\"Alian\u00e7a de Miseric\u00f3rdia\",\"description\":\"Levando dignidade humana a todos os cantos do mundo\",\"publisher\":{\"@id\":\"https:\\\/\\\/aliancasocial.org\\\/#organization\"},\"potentialAction\":[{\"@type\":\"SearchAction\",\"target\":{\"@type\":\"EntryPoint\",\"urlTemplate\":\"https:\\\/\\\/aliancasocial.org\\\/?s={search_term_string}\"},\"query-input\":{\"@type\":\"PropertyValueSpecification\",\"valueRequired\":true,\"valueName\":\"search_term_string\"}}],\"inLanguage\":\"en-US\"},{\"@type\":\"Organization\",\"@id\":\"https:\\\/\\\/aliancasocial.org\\\/#organization\",\"name\":\"Alian\u00e7a de Miseric\u00f3rdia\",\"url\":\"https:\\\/\\\/aliancasocial.org\\\/\",\"logo\":{\"@type\":\"ImageObject\",\"inLanguage\":\"en-US\",\"@id\":\"https:\\\/\\\/aliancasocial.org\\\/#\\\/schema\\\/logo\\\/image\\\/\",\"url\":\"https:\\\/\\\/aliancasocial.org\\\/wp-content\\\/uploads\\\/2022\\\/07\\\/logo-alianca-marrom.svg\",\"contentUrl\":\"https:\\\/\\\/aliancasocial.org\\\/wp-content\\\/uploads\\\/2022\\\/07\\\/logo-alianca-marrom.svg\",\"width\":91,\"height\":33,\"caption\":\"Alian\u00e7a de Miseric\u00f3rdia\"},\"image\":{\"@id\":\"https:\\\/\\\/aliancasocial.org\\\/#\\\/schema\\\/logo\\\/image\\\/\"},\"sameAs\":[\"https:\\\/\\\/www.facebook.com\\\/iesmisericordia\\\/\",\"https:\\\/\\\/www.instagram.com\\\/aliancademisericordia\\\/\"]},{\"@type\":\"Person\",\"@id\":\"https:\\\/\\\/aliancasocial.org\\\/#\\\/schema\\\/person\\\/78098b551faec531645dbd5d82778414\",\"name\":\"Fernanda Monzambani\",\"image\":{\"@type\":\"ImageObject\",\"inLanguage\":\"en-US\",\"@id\":\"https:\\\/\\\/secure.gravatar.com\\\/avatar\\\/aa6d89063e21cd9638051b6cd0602c108d4b79b0898534c712d68409f7e5b64c?s=96&d=mm&r=g\",\"url\":\"https:\\\/\\\/secure.gravatar.com\\\/avatar\\\/aa6d89063e21cd9638051b6cd0602c108d4b79b0898534c712d68409f7e5b64c?s=96&d=mm&r=g\",\"contentUrl\":\"https:\\\/\\\/secure.gravatar.com\\\/avatar\\\/aa6d89063e21cd9638051b6cd0602c108d4b79b0898534c712d68409f7e5b64c?s=96&d=mm&r=g\",\"caption\":\"Fernanda Monzambani\"},\"url\":\"https:\\\/\\\/aliancasocial.org\\\/en\\\/author\\\/fernanda\\\/\"}]}<\/script>\n<!-- \/ Yoast SEO plugin. -->","yoast_head_json":{"title":"Solidarity Dinner at Terra\u00e7o It\u00e1lia: A Meeting of Generosity and Transformation - Alliance of Mercy","description":"Last Tuesday, the 8th, Terra\u00e7o It\u00e1lia, in the Capital of S\u00e3o Paulo, was the stage for a very special event: a charity dinner","robots":{"index":"index","follow":"follow","max-snippet":"max-snippet:-1","max-image-preview":"max-image-preview:large","max-video-preview":"max-video-preview:-1"},"canonical":"https:\/\/aliancasocial.org\/en\/jantar-solidario-no-terraco-italia-um-encontro-de-generosidade-e-transformacao\/","og_locale":"en_US","og_type":"article","og_title":"Jantar Solid\u00e1rio no Terra\u00e7o It\u00e1lia: Um Encontro de Generosidade e Transforma\u00e7\u00e3o - Alian\u00e7a de Miseric\u00f3rdia","og_description":"Na \u00faltima ter\u00e7a-feira, 8, o Terra\u00e7o It\u00e1lia, na Capital Paulista, foi palco de um evento muito especial: um jantar solid\u00e1rio","og_url":"https:\/\/aliancasocial.org\/en\/jantar-solidario-no-terraco-italia-um-encontro-de-generosidade-e-transformacao\/","og_site_name":"Alian\u00e7a de Miseric\u00f3rdia","article_publisher":"https:\/\/www.facebook.com\/iesmisericordia\/","article_published_time":"2024-10-14T19:18:45+00:00","article_modified_time":"2024-11-14T19:58:53+00:00","og_image":[{"width":1024,"height":512,"url":"https:\/\/aliancasocial.org\/wp-content\/uploads\/2024\/10\/Design-sem-nome11-1024x512.png","type":"image\/png"}],"author":"Fernanda Monzambani","twitter_card":"summary_large_image","twitter_misc":{"Written by":"Fernanda Monzambani","Est. reading time":"3 minutes"},"schema":{"@context":"https:\/\/schema.org","@graph":[{"@type":"Article","@id":"https:\/\/aliancasocial.org\/jantar-solidario-no-terraco-italia-um-encontro-de-generosidade-e-transformacao\/#article","isPartOf":{"@id":"https:\/\/aliancasocial.org\/jantar-solidario-no-terraco-italia-um-encontro-de-generosidade-e-transformacao\/"},"author":{"name":"Fernanda Monzambani","@id":"https:\/\/aliancasocial.org\/#\/schema\/person\/78098b551faec531645dbd5d82778414"},"headline":"Jantar Solid\u00e1rio no Terra\u00e7o It\u00e1lia: Um Encontro de Generosidade e Transforma\u00e7\u00e3o","datePublished":"2024-10-14T19:18:45+00:00","dateModified":"2024-11-14T19:58:53+00:00","mainEntityOfPage":{"@id":"https:\/\/aliancasocial.org\/jantar-solidario-no-terraco-italia-um-encontro-de-generosidade-e-transformacao\/"},"wordCount":479,"publisher":{"@id":"https:\/\/aliancasocial.org\/#organization"},"image":{"@id":"https:\/\/aliancasocial.org\/jantar-solidario-no-terraco-italia-um-encontro-de-generosidade-e-transformacao\/#primaryimage"},"thumbnailUrl":"https:\/\/aliancasocial.org\/wp-content\/uploads\/2024\/10\/Design-sem-nome11.png","articleSection":["Eventos"],"inLanguage":"en-US"},{"@type":"WebPage","@id":"https:\/\/aliancasocial.org\/jantar-solidario-no-terraco-italia-um-encontro-de-generosidade-e-transformacao\/","url":"https:\/\/aliancasocial.org\/jantar-solidario-no-terraco-italia-um-encontro-de-generosidade-e-transformacao\/","name":"Solidarity Dinner at Terra\u00e7o It\u00e1lia: A Meeting of Generosity and Transformation - Alliance of Mercy","isPartOf":{"@id":"https:\/\/aliancasocial.org\/#website"},"primaryImageOfPage":{"@id":"https:\/\/aliancasocial.org\/jantar-solidario-no-terraco-italia-um-encontro-de-generosidade-e-transformacao\/#primaryimage"},"image":{"@id":"https:\/\/aliancasocial.org\/jantar-solidario-no-terraco-italia-um-encontro-de-generosidade-e-transformacao\/#primaryimage"},"thumbnailUrl":"https:\/\/aliancasocial.org\/wp-content\/uploads\/2024\/10\/Design-sem-nome11.png","datePublished":"2024-10-14T19:18:45+00:00","dateModified":"2024-11-14T19:58:53+00:00","description":"Last Tuesday, the 8th, Terra\u00e7o It\u00e1lia, in the Capital of S\u00e3o Paulo, was the stage for a very special event: a charity dinner","breadcrumb":{"@id":"https:\/\/aliancasocial.org\/jantar-solidario-no-terraco-italia-um-encontro-de-generosidade-e-transformacao\/#breadcrumb"},"inLanguage":"en-US","potentialAction":[{"@type":"ReadAction","target":["https:\/\/aliancasocial.org\/jantar-solidario-no-terraco-italia-um-encontro-de-generosidade-e-transformacao\/"]}]},{"@type":"ImageObject","inLanguage":"en-US","@id":"https:\/\/aliancasocial.org\/jantar-solidario-no-terraco-italia-um-encontro-de-generosidade-e-transformacao\/#primaryimage","url":"https:\/\/aliancasocial.org\/wp-content\/uploads\/2024\/10\/Design-sem-nome11.png","contentUrl":"https:\/\/aliancasocial.org\/wp-content\/uploads\/2024\/10\/Design-sem-nome11.png","width":2560,"height":1280},{"@type":"BreadcrumbList","@id":"https:\/\/aliancasocial.org\/jantar-solidario-no-terraco-italia-um-encontro-de-generosidade-e-transformacao\/#breadcrumb","itemListElement":[{"@type":"ListItem","position":1,"name":"In\u00edcio","item":"https:\/\/aliancasocial.org\/en\/"},{"@type":"ListItem","position":2,"name":"Jantar Solid\u00e1rio no Terra\u00e7o It\u00e1lia: Um Encontro de Generosidade e Transforma\u00e7\u00e3o"}]},{"@type":"WebSite","@id":"https:\/\/aliancasocial.org\/#website","url":"https:\/\/aliancasocial.org\/","name":"Covenant of Mercy","description":"Bringing human dignity to every corner of the world","publisher":{"@id":"https:\/\/aliancasocial.org\/#organization"},"potentialAction":[{"@type":"SearchAction","target":{"@type":"EntryPoint","urlTemplate":"https:\/\/aliancasocial.org\/?s={search_term_string}"},"query-input":{"@type":"PropertyValueSpecification","valueRequired":true,"valueName":"search_term_string"}}],"inLanguage":"en-US"},{"@type":"Organization","@id":"https:\/\/aliancasocial.org\/#organization","name":"Covenant of Mercy","url":"https:\/\/aliancasocial.org\/","logo":{"@type":"ImageObject","inLanguage":"en-US","@id":"https:\/\/aliancasocial.org\/#\/schema\/logo\/image\/","url":"https:\/\/aliancasocial.org\/wp-content\/uploads\/2022\/07\/logo-alianca-marrom.svg","contentUrl":"https:\/\/aliancasocial.org\/wp-content\/uploads\/2022\/07\/logo-alianca-marrom.svg","width":91,"height":33,"caption":"Alian\u00e7a de Miseric\u00f3rdia"},"image":{"@id":"https:\/\/aliancasocial.org\/#\/schema\/logo\/image\/"},"sameAs":["https:\/\/www.facebook.com\/iesmisericordia\/","https:\/\/www.instagram.com\/aliancademisericordia\/"]},{"@type":"Person","@id":"https:\/\/aliancasocial.org\/#\/schema\/person\/78098b551faec531645dbd5d82778414","name":"Fernanda Monzambani","image":{"@type":"ImageObject","inLanguage":"en-US","@id":"https:\/\/secure.gravatar.com\/avatar\/aa6d89063e21cd9638051b6cd0602c108d4b79b0898534c712d68409f7e5b64c?s=96&d=mm&r=g","url":"https:\/\/secure.gravatar.com\/avatar\/aa6d89063e21cd9638051b6cd0602c108d4b79b0898534c712d68409f7e5b64c?s=96&d=mm&r=g","contentUrl":"https:\/\/secure.gravatar.com\/avatar\/aa6d89063e21cd9638051b6cd0602c108d4b79b0898534c712d68409f7e5b64c?s=96&d=mm&r=g","caption":"Fernanda Monzambani"},"url":"https:\/\/aliancasocial.org\/en\/author\/fernanda\/"}]}},"_links":{"self":[{"href":"https:\/\/aliancasocial.org\/en\/wp-json\/wp\/v2\/posts\/11519","targetHints":{"allow":["GET"]}}],"collection":[{"href":"https:\/\/aliancasocial.org\/en\/wp-json\/wp\/v2\/posts"}],"about":[{"href":"https:\/\/aliancasocial.org\/en\/wp-json\/wp\/v2\/types\/post"}],"author":[{"embeddable":true,"href":"https:\/\/aliancasocial.org\/en\/wp-json\/wp\/v2\/users\/8"}],"replies":[{"embeddable":true,"href":"https:\/\/aliancasocial.org\/en\/wp-json\/wp\/v2\/comments?post=11519"}],"version-history":[{"count":1,"href":"https:\/\/aliancasocial.org\/en\/wp-json\/wp\/v2\/posts\/11519\/revisions"}],"predecessor-version":[{"id":11521,"href":"https:\/\/aliancasocial.org\/en\/wp-json\/wp\/v2\/posts\/11519\/revisions\/11521"}],"wp:featuredmedia":[{"embeddable":true,"href":"https:\/\/aliancasocial.org\/en\/wp-json\/wp\/v2\/media\/11522"}],"wp:attachment":[{"href":"https:\/\/aliancasocial.org\/en\/wp-json\/wp\/v2\/media?parent=11519"}],"wp:term":[{"taxonomy":"category","embeddable":true,"href":"https:\/\/aliancasocial.org\/en\/wp-json\/wp\/v2\/categories?post=11519"},{"taxonomy":"post_tag","embeddable":true,"href":"https:\/\/aliancasocial.org\/en\/wp-json\/wp\/v2\/tags?post=11519"},{"taxonomy":"destaques","embeddable":true,"href":"https:\/\/aliancasocial.org\/en\/wp-json\/wp\/v2\/destaques?post=11519"}],"curies":[{"name":"wp","href":"https:\/\/api.w.org\/{rel}","templated":true}]}}