{"id":11619,"date":"2024-11-27T18:59:15","date_gmt":"2024-11-27T21:59:15","guid":{"rendered":"https:\/\/aliancasocial.org\/?p=11619"},"modified":"2024-11-27T19:01:32","modified_gmt":"2024-11-27T22:01:32","slug":"dia-de-doar-transformando-vidas-com-a-alianca-de-misericordia","status":"publish","type":"post","link":"https:\/\/aliancasocial.org\/en\/dia-de-doar-transformando-vidas-com-a-alianca-de-misericordia\/","title":{"rendered":"Giving Day: Transforming Lives with the Covenant of Mercy"},"content":{"rendered":"<p>O <strong>Giving Day<\/strong> is a special date that unites people around the world in a powerful chain of solidarity. Celebrated annually, this global movement promotes generosity and reinforces the importance of small actions that transform lives. At the Alliance of Mercy, we embrace this cause to amplify the impact of our mission among those most in need.<\/p>\n\n\n\n<p><strong>What is Giving Day?<\/strong><\/p>\n\n\n\n<p>Created to inspire giving in all forms \u2013 time, talent or financial resources \u2013 the <strong>Giving Day<\/strong> is more than a campaign: it is an invitation to empathy and sharing. Every donation, no matter how small it may seem, generates immense benefits for projects that promote social inclusion, dignity and hope.<\/p>\n\n\n\n<p>For the Alliance of Mercy, this date is an opportunity to mobilize our network of friends, missionaries and supporters to support the services we provide daily to the most vulnerable. Your gesture could be the beginning of a new story of transformation.<\/p>\n\n\n\n<p><strong>Get involved: Donate and Make a Difference<\/strong><\/p>\n\n\n\n<p>On this Giving Day, we invite you to join our cause. This year\u2019s campaign features creative ways to engage and raise awareness, with special social media content and moving testimonials that show the impact of giving.<\/p>\n\n\n\n<p><strong>How to Support:<\/strong><\/p>\n\n\n\n<ol start=\"1\" class=\"wp-block-list\">\n<li><strong>Solidarity PIX<\/strong>: Donate any amount to the key <strong>PIX: CNPJ 04.186.468\/0001-73<\/strong>. Even R$2 already makes a huge difference!<\/li>\n\n\n\n<li><strong>Share<\/strong>: Repost our content on social media to amplify the message.<\/li>\n\n\n\n<li><strong>Pray and Spread the Word<\/strong>: Be an agent of change by praying for those we serve and sharing our campaigns.<\/li>\n<\/ol>","protected":false},"excerpt":{"rendered":"<p>O Dia de Doar \u00e9 uma data especial que une pessoas ao redor do mundo em uma poderosa corrente de solidariedade. Celebrado anualmente, este movimento global promove a generosidade e refor\u00e7a a import\u00e2ncia de pequenas a\u00e7\u00f5es que transformam vidas. Na Alian\u00e7a de Miseric\u00f3rdia, abra\u00e7amos esta causa para amplificar o impacto de nossa miss\u00e3o junto aos [&hellip;]<\/p>\n","protected":false},"author":8,"featured_media":11624,"comment_status":"closed","ping_status":"closed","sticky":false,"template":"","format":"standard","meta":{"footnotes":""},"categories":[49,1],"tags":[],"destaques":[37],"class_list":["post-11619","post","type-post","status-publish","format-standard","has-post-thumbnail","hentry","category-campanhas","category-sem-categoria","destaques-destaque-02"],"yoast_head":"<!-- This site is optimized with the Yoast SEO plugin v27.4 - https:\/\/yoast.com\/product\/yoast-seo-wordpress\/ -->\n<title>Dia de Doar: Transformando Vidas com a Alian\u00e7a de Miseric\u00f3rdia - Alian\u00e7a de Miseric\u00f3rdia<\/title>\n<meta name=\"robots\" content=\"index, follow, max-snippet:-1, max-image-preview:large, max-video-preview:-1\" \/>\n<link rel=\"canonical\" href=\"https:\/\/aliancasocial.org\/en\/dia-de-doar-transformando-vidas-com-a-alianca-de-misericordia\/\" \/>\n<meta property=\"og:locale\" content=\"en_US\" \/>\n<meta property=\"og:type\" content=\"article\" \/>\n<meta property=\"og:title\" content=\"Dia de Doar: Transformando Vidas com a Alian\u00e7a de Miseric\u00f3rdia - Alian\u00e7a de Miseric\u00f3rdia\" \/>\n<meta property=\"og:description\" content=\"O Dia de Doar \u00e9 uma data especial que une pessoas ao redor do mundo em uma poderosa corrente de solidariedade. Celebrado anualmente, este movimento global promove a generosidade e refor\u00e7a a import\u00e2ncia de pequenas a\u00e7\u00f5es que transformam vidas. Na Alian\u00e7a de Miseric\u00f3rdia, abra\u00e7amos esta causa para amplificar o impacto de nossa miss\u00e3o junto aos [&hellip;]\" \/>\n<meta property=\"og:url\" content=\"https:\/\/aliancasocial.org\/en\/dia-de-doar-transformando-vidas-com-a-alianca-de-misericordia\/\" \/>\n<meta property=\"og:site_name\" content=\"Alian\u00e7a de Miseric\u00f3rdia\" \/>\n<meta property=\"article:publisher\" content=\"https:\/\/www.facebook.com\/iesmisericordia\/\" \/>\n<meta property=\"article:published_time\" content=\"2024-11-27T21:59:15+00:00\" \/>\n<meta property=\"article:modified_time\" content=\"2024-11-27T22:01:32+00:00\" \/>\n<meta property=\"og:image\" content=\"https:\/\/aliancasocial.org\/wp-content\/uploads\/2024\/11\/imagem-destacada-dia-de-doar.png\" \/>\n\t<meta property=\"og:image:width\" content=\"506\" \/>\n\t<meta property=\"og:image:height\" content=\"205\" \/>\n\t<meta property=\"og:image:type\" content=\"image\/png\" \/>\n<meta name=\"author\" content=\"Fernanda Monzambani\" \/>\n<meta name=\"twitter:card\" content=\"summary_large_image\" \/>\n<meta name=\"twitter:label1\" content=\"Written by\" \/>\n\t<meta name=\"twitter:data1\" content=\"Fernanda Monzambani\" \/>\n\t<meta name=\"twitter:label2\" content=\"Est. reading time\" \/>\n\t<meta name=\"twitter:data2\" content=\"2 minutes\" \/>\n<script type=\"application\/ld+json\" class=\"yoast-schema-graph\">{\"@context\":\"https:\\\/\\\/schema.org\",\"@graph\":[{\"@type\":\"Article\",\"@id\":\"https:\\\/\\\/aliancasocial.org\\\/dia-de-doar-transformando-vidas-com-a-alianca-de-misericordia\\\/#article\",\"isPartOf\":{\"@id\":\"https:\\\/\\\/aliancasocial.org\\\/dia-de-doar-transformando-vidas-com-a-alianca-de-misericordia\\\/\"},\"author\":{\"name\":\"Fernanda Monzambani\",\"@id\":\"https:\\\/\\\/aliancasocial.org\\\/#\\\/schema\\\/person\\\/78098b551faec531645dbd5d82778414\"},\"headline\":\"Dia de Doar: Transformando Vidas com a Alian\u00e7a de Miseric\u00f3rdia\",\"datePublished\":\"2024-11-27T21:59:15+00:00\",\"dateModified\":\"2024-11-27T22:01:32+00:00\",\"mainEntityOfPage\":{\"@id\":\"https:\\\/\\\/aliancasocial.org\\\/dia-de-doar-transformando-vidas-com-a-alianca-de-misericordia\\\/\"},\"wordCount\":277,\"publisher\":{\"@id\":\"https:\\\/\\\/aliancasocial.org\\\/#organization\"},\"image\":{\"@id\":\"https:\\\/\\\/aliancasocial.org\\\/dia-de-doar-transformando-vidas-com-a-alianca-de-misericordia\\\/#primaryimage\"},\"thumbnailUrl\":\"https:\\\/\\\/aliancasocial.org\\\/wp-content\\\/uploads\\\/2024\\\/11\\\/imagem-destacada-dia-de-doar.png\",\"articleSection\":[\"Campanhas\",\"Sem Categoria\"],\"inLanguage\":\"en-US\"},{\"@type\":\"WebPage\",\"@id\":\"https:\\\/\\\/aliancasocial.org\\\/dia-de-doar-transformando-vidas-com-a-alianca-de-misericordia\\\/\",\"url\":\"https:\\\/\\\/aliancasocial.org\\\/dia-de-doar-transformando-vidas-com-a-alianca-de-misericordia\\\/\",\"name\":\"Dia de Doar: Transformando Vidas com a Alian\u00e7a de Miseric\u00f3rdia - Alian\u00e7a de Miseric\u00f3rdia\",\"isPartOf\":{\"@id\":\"https:\\\/\\\/aliancasocial.org\\\/#website\"},\"primaryImageOfPage\":{\"@id\":\"https:\\\/\\\/aliancasocial.org\\\/dia-de-doar-transformando-vidas-com-a-alianca-de-misericordia\\\/#primaryimage\"},\"image\":{\"@id\":\"https:\\\/\\\/aliancasocial.org\\\/dia-de-doar-transformando-vidas-com-a-alianca-de-misericordia\\\/#primaryimage\"},\"thumbnailUrl\":\"https:\\\/\\\/aliancasocial.org\\\/wp-content\\\/uploads\\\/2024\\\/11\\\/imagem-destacada-dia-de-doar.png\",\"datePublished\":\"2024-11-27T21:59:15+00:00\",\"dateModified\":\"2024-11-27T22:01:32+00:00\",\"breadcrumb\":{\"@id\":\"https:\\\/\\\/aliancasocial.org\\\/dia-de-doar-transformando-vidas-com-a-alianca-de-misericordia\\\/#breadcrumb\"},\"inLanguage\":\"en-US\",\"potentialAction\":[{\"@type\":\"ReadAction\",\"target\":[\"https:\\\/\\\/aliancasocial.org\\\/dia-de-doar-transformando-vidas-com-a-alianca-de-misericordia\\\/\"]}]},{\"@type\":\"ImageObject\",\"inLanguage\":\"en-US\",\"@id\":\"https:\\\/\\\/aliancasocial.org\\\/dia-de-doar-transformando-vidas-com-a-alianca-de-misericordia\\\/#primaryimage\",\"url\":\"https:\\\/\\\/aliancasocial.org\\\/wp-content\\\/uploads\\\/2024\\\/11\\\/imagem-destacada-dia-de-doar.png\",\"contentUrl\":\"https:\\\/\\\/aliancasocial.org\\\/wp-content\\\/uploads\\\/2024\\\/11\\\/imagem-destacada-dia-de-doar.png\",\"width\":506,\"height\":205},{\"@type\":\"BreadcrumbList\",\"@id\":\"https:\\\/\\\/aliancasocial.org\\\/dia-de-doar-transformando-vidas-com-a-alianca-de-misericordia\\\/#breadcrumb\",\"itemListElement\":[{\"@type\":\"ListItem\",\"position\":1,\"name\":\"In\u00edcio\",\"item\":\"https:\\\/\\\/aliancasocial.org\\\/en\\\/\"},{\"@type\":\"ListItem\",\"position\":2,\"name\":\"Dia de Doar: Transformando Vidas com a Alian\u00e7a de Miseric\u00f3rdia\"}]},{\"@type\":\"WebSite\",\"@id\":\"https:\\\/\\\/aliancasocial.org\\\/#website\",\"url\":\"https:\\\/\\\/aliancasocial.org\\\/\",\"name\":\"Alian\u00e7a de Miseric\u00f3rdia\",\"description\":\"Levando dignidade humana a todos os cantos do mundo\",\"publisher\":{\"@id\":\"https:\\\/\\\/aliancasocial.org\\\/#organization\"},\"potentialAction\":[{\"@type\":\"SearchAction\",\"target\":{\"@type\":\"EntryPoint\",\"urlTemplate\":\"https:\\\/\\\/aliancasocial.org\\\/?s={search_term_string}\"},\"query-input\":{\"@type\":\"PropertyValueSpecification\",\"valueRequired\":true,\"valueName\":\"search_term_string\"}}],\"inLanguage\":\"en-US\"},{\"@type\":\"Organization\",\"@id\":\"https:\\\/\\\/aliancasocial.org\\\/#organization\",\"name\":\"Alian\u00e7a de Miseric\u00f3rdia\",\"url\":\"https:\\\/\\\/aliancasocial.org\\\/\",\"logo\":{\"@type\":\"ImageObject\",\"inLanguage\":\"en-US\",\"@id\":\"https:\\\/\\\/aliancasocial.org\\\/#\\\/schema\\\/logo\\\/image\\\/\",\"url\":\"https:\\\/\\\/aliancasocial.org\\\/wp-content\\\/uploads\\\/2022\\\/07\\\/logo-alianca-marrom.svg\",\"contentUrl\":\"https:\\\/\\\/aliancasocial.org\\\/wp-content\\\/uploads\\\/2022\\\/07\\\/logo-alianca-marrom.svg\",\"width\":91,\"height\":33,\"caption\":\"Alian\u00e7a de Miseric\u00f3rdia\"},\"image\":{\"@id\":\"https:\\\/\\\/aliancasocial.org\\\/#\\\/schema\\\/logo\\\/image\\\/\"},\"sameAs\":[\"https:\\\/\\\/www.facebook.com\\\/iesmisericordia\\\/\",\"https:\\\/\\\/www.instagram.com\\\/aliancademisericordia\\\/\"]},{\"@type\":\"Person\",\"@id\":\"https:\\\/\\\/aliancasocial.org\\\/#\\\/schema\\\/person\\\/78098b551faec531645dbd5d82778414\",\"name\":\"Fernanda Monzambani\",\"image\":{\"@type\":\"ImageObject\",\"inLanguage\":\"en-US\",\"@id\":\"https:\\\/\\\/secure.gravatar.com\\\/avatar\\\/aa6d89063e21cd9638051b6cd0602c108d4b79b0898534c712d68409f7e5b64c?s=96&d=mm&r=g\",\"url\":\"https:\\\/\\\/secure.gravatar.com\\\/avatar\\\/aa6d89063e21cd9638051b6cd0602c108d4b79b0898534c712d68409f7e5b64c?s=96&d=mm&r=g\",\"contentUrl\":\"https:\\\/\\\/secure.gravatar.com\\\/avatar\\\/aa6d89063e21cd9638051b6cd0602c108d4b79b0898534c712d68409f7e5b64c?s=96&d=mm&r=g\",\"caption\":\"Fernanda Monzambani\"},\"url\":\"https:\\\/\\\/aliancasocial.org\\\/en\\\/author\\\/fernanda\\\/\"}]}<\/script>\n<!-- \/ Yoast SEO plugin. -->","yoast_head_json":{"title":"Giving Day: Transforming Lives with the Alliance of Mercy - Alliance of Mercy","robots":{"index":"index","follow":"follow","max-snippet":"max-snippet:-1","max-image-preview":"max-image-preview:large","max-video-preview":"max-video-preview:-1"},"canonical":"https:\/\/aliancasocial.org\/en\/dia-de-doar-transformando-vidas-com-a-alianca-de-misericordia\/","og_locale":"en_US","og_type":"article","og_title":"Dia de Doar: Transformando Vidas com a Alian\u00e7a de Miseric\u00f3rdia - Alian\u00e7a de Miseric\u00f3rdia","og_description":"O Dia de Doar \u00e9 uma data especial que une pessoas ao redor do mundo em uma poderosa corrente de solidariedade. Celebrado anualmente, este movimento global promove a generosidade e refor\u00e7a a import\u00e2ncia de pequenas a\u00e7\u00f5es que transformam vidas. Na Alian\u00e7a de Miseric\u00f3rdia, abra\u00e7amos esta causa para amplificar o impacto de nossa miss\u00e3o junto aos [&hellip;]","og_url":"https:\/\/aliancasocial.org\/en\/dia-de-doar-transformando-vidas-com-a-alianca-de-misericordia\/","og_site_name":"Alian\u00e7a de Miseric\u00f3rdia","article_publisher":"https:\/\/www.facebook.com\/iesmisericordia\/","article_published_time":"2024-11-27T21:59:15+00:00","article_modified_time":"2024-11-27T22:01:32+00:00","og_image":[{"width":506,"height":205,"url":"https:\/\/aliancasocial.org\/wp-content\/uploads\/2024\/11\/imagem-destacada-dia-de-doar.png","type":"image\/png"}],"author":"Fernanda Monzambani","twitter_card":"summary_large_image","twitter_misc":{"Written by":"Fernanda Monzambani","Est. reading time":"2 minutes"},"schema":{"@context":"https:\/\/schema.org","@graph":[{"@type":"Article","@id":"https:\/\/aliancasocial.org\/dia-de-doar-transformando-vidas-com-a-alianca-de-misericordia\/#article","isPartOf":{"@id":"https:\/\/aliancasocial.org\/dia-de-doar-transformando-vidas-com-a-alianca-de-misericordia\/"},"author":{"name":"Fernanda Monzambani","@id":"https:\/\/aliancasocial.org\/#\/schema\/person\/78098b551faec531645dbd5d82778414"},"headline":"Dia de Doar: Transformando Vidas com a Alian\u00e7a de Miseric\u00f3rdia","datePublished":"2024-11-27T21:59:15+00:00","dateModified":"2024-11-27T22:01:32+00:00","mainEntityOfPage":{"@id":"https:\/\/aliancasocial.org\/dia-de-doar-transformando-vidas-com-a-alianca-de-misericordia\/"},"wordCount":277,"publisher":{"@id":"https:\/\/aliancasocial.org\/#organization"},"image":{"@id":"https:\/\/aliancasocial.org\/dia-de-doar-transformando-vidas-com-a-alianca-de-misericordia\/#primaryimage"},"thumbnailUrl":"https:\/\/aliancasocial.org\/wp-content\/uploads\/2024\/11\/imagem-destacada-dia-de-doar.png","articleSection":["Campanhas","Sem Categoria"],"inLanguage":"en-US"},{"@type":"WebPage","@id":"https:\/\/aliancasocial.org\/dia-de-doar-transformando-vidas-com-a-alianca-de-misericordia\/","url":"https:\/\/aliancasocial.org\/dia-de-doar-transformando-vidas-com-a-alianca-de-misericordia\/","name":"Giving Day: Transforming Lives with the Alliance of Mercy - Alliance of Mercy","isPartOf":{"@id":"https:\/\/aliancasocial.org\/#website"},"primaryImageOfPage":{"@id":"https:\/\/aliancasocial.org\/dia-de-doar-transformando-vidas-com-a-alianca-de-misericordia\/#primaryimage"},"image":{"@id":"https:\/\/aliancasocial.org\/dia-de-doar-transformando-vidas-com-a-alianca-de-misericordia\/#primaryimage"},"thumbnailUrl":"https:\/\/aliancasocial.org\/wp-content\/uploads\/2024\/11\/imagem-destacada-dia-de-doar.png","datePublished":"2024-11-27T21:59:15+00:00","dateModified":"2024-11-27T22:01:32+00:00","breadcrumb":{"@id":"https:\/\/aliancasocial.org\/dia-de-doar-transformando-vidas-com-a-alianca-de-misericordia\/#breadcrumb"},"inLanguage":"en-US","potentialAction":[{"@type":"ReadAction","target":["https:\/\/aliancasocial.org\/dia-de-doar-transformando-vidas-com-a-alianca-de-misericordia\/"]}]},{"@type":"ImageObject","inLanguage":"en-US","@id":"https:\/\/aliancasocial.org\/dia-de-doar-transformando-vidas-com-a-alianca-de-misericordia\/#primaryimage","url":"https:\/\/aliancasocial.org\/wp-content\/uploads\/2024\/11\/imagem-destacada-dia-de-doar.png","contentUrl":"https:\/\/aliancasocial.org\/wp-content\/uploads\/2024\/11\/imagem-destacada-dia-de-doar.png","width":506,"height":205},{"@type":"BreadcrumbList","@id":"https:\/\/aliancasocial.org\/dia-de-doar-transformando-vidas-com-a-alianca-de-misericordia\/#breadcrumb","itemListElement":[{"@type":"ListItem","position":1,"name":"In\u00edcio","item":"https:\/\/aliancasocial.org\/en\/"},{"@type":"ListItem","position":2,"name":"Dia de Doar: Transformando Vidas com a Alian\u00e7a de Miseric\u00f3rdia"}]},{"@type":"WebSite","@id":"https:\/\/aliancasocial.org\/#website","url":"https:\/\/aliancasocial.org\/","name":"Covenant of Mercy","description":"Bringing human dignity to every corner of the world","publisher":{"@id":"https:\/\/aliancasocial.org\/#organization"},"potentialAction":[{"@type":"SearchAction","target":{"@type":"EntryPoint","urlTemplate":"https:\/\/aliancasocial.org\/?s={search_term_string}"},"query-input":{"@type":"PropertyValueSpecification","valueRequired":true,"valueName":"search_term_string"}}],"inLanguage":"en-US"},{"@type":"Organization","@id":"https:\/\/aliancasocial.org\/#organization","name":"Covenant of Mercy","url":"https:\/\/aliancasocial.org\/","logo":{"@type":"ImageObject","inLanguage":"en-US","@id":"https:\/\/aliancasocial.org\/#\/schema\/logo\/image\/","url":"https:\/\/aliancasocial.org\/wp-content\/uploads\/2022\/07\/logo-alianca-marrom.svg","contentUrl":"https:\/\/aliancasocial.org\/wp-content\/uploads\/2022\/07\/logo-alianca-marrom.svg","width":91,"height":33,"caption":"Alian\u00e7a de Miseric\u00f3rdia"},"image":{"@id":"https:\/\/aliancasocial.org\/#\/schema\/logo\/image\/"},"sameAs":["https:\/\/www.facebook.com\/iesmisericordia\/","https:\/\/www.instagram.com\/aliancademisericordia\/"]},{"@type":"Person","@id":"https:\/\/aliancasocial.org\/#\/schema\/person\/78098b551faec531645dbd5d82778414","name":"Fernanda Monzambani","image":{"@type":"ImageObject","inLanguage":"en-US","@id":"https:\/\/secure.gravatar.com\/avatar\/aa6d89063e21cd9638051b6cd0602c108d4b79b0898534c712d68409f7e5b64c?s=96&d=mm&r=g","url":"https:\/\/secure.gravatar.com\/avatar\/aa6d89063e21cd9638051b6cd0602c108d4b79b0898534c712d68409f7e5b64c?s=96&d=mm&r=g","contentUrl":"https:\/\/secure.gravatar.com\/avatar\/aa6d89063e21cd9638051b6cd0602c108d4b79b0898534c712d68409f7e5b64c?s=96&d=mm&r=g","caption":"Fernanda Monzambani"},"url":"https:\/\/aliancasocial.org\/en\/author\/fernanda\/"}]}},"_links":{"self":[{"href":"https:\/\/aliancasocial.org\/en\/wp-json\/wp\/v2\/posts\/11619","targetHints":{"allow":["GET"]}}],"collection":[{"href":"https:\/\/aliancasocial.org\/en\/wp-json\/wp\/v2\/posts"}],"about":[{"href":"https:\/\/aliancasocial.org\/en\/wp-json\/wp\/v2\/types\/post"}],"author":[{"embeddable":true,"href":"https:\/\/aliancasocial.org\/en\/wp-json\/wp\/v2\/users\/8"}],"replies":[{"embeddable":true,"href":"https:\/\/aliancasocial.org\/en\/wp-json\/wp\/v2\/comments?post=11619"}],"version-history":[{"count":1,"href":"https:\/\/aliancasocial.org\/en\/wp-json\/wp\/v2\/posts\/11619\/revisions"}],"predecessor-version":[{"id":11621,"href":"https:\/\/aliancasocial.org\/en\/wp-json\/wp\/v2\/posts\/11619\/revisions\/11621"}],"wp:featuredmedia":[{"embeddable":true,"href":"https:\/\/aliancasocial.org\/en\/wp-json\/wp\/v2\/media\/11624"}],"wp:attachment":[{"href":"https:\/\/aliancasocial.org\/en\/wp-json\/wp\/v2\/media?parent=11619"}],"wp:term":[{"taxonomy":"category","embeddable":true,"href":"https:\/\/aliancasocial.org\/en\/wp-json\/wp\/v2\/categories?post=11619"},{"taxonomy":"post_tag","embeddable":true,"href":"https:\/\/aliancasocial.org\/en\/wp-json\/wp\/v2\/tags?post=11619"},{"taxonomy":"destaques","embeddable":true,"href":"https:\/\/aliancasocial.org\/en\/wp-json\/wp\/v2\/destaques?post=11619"}],"curies":[{"name":"wp","href":"https:\/\/api.w.org\/{rel}","templated":true}]}}