{"id":11714,"date":"2024-12-20T10:00:17","date_gmt":"2024-12-20T13:00:17","guid":{"rendered":"https:\/\/aliancasocial.org\/?p=11714"},"modified":"2024-12-20T10:07:28","modified_gmt":"2024-12-20T13:07:28","slug":"formatura-do-curso-de-eletricista-instalador-na-casa-restaura-me-um-recomeco-de-vida","status":"publish","type":"post","link":"https:\/\/aliancasocial.org\/en\/formatura-do-curso-de-eletricista-instalador-na-casa-restaura-me-um-recomeco-de-vida\/","title":{"rendered":"Graduation from the electrician installer course at Casa Restaura-me: a new beginning in life"},"content":{"rendered":"<p>Last week, the <strong>Restore Me SP House<\/strong>, a project of the Alliance of Mercy, celebrated another important achievement: the graduation of 10 participants of the <strong>Electrician Installer Course<\/strong>, carried out with 160 hours of practical and theoretical classes, taught by Professor Renilson.<\/p>\n\n\n\n<p>The course, which began in October with meetings on Monday and Friday mornings, provided those attending with the opportunity to acquire new professional skills. On Friday the 13th, the graduation ceremony marked not only the completion of the course, but also a new chapter in the lives of these participants, many of whom testified how the training brought <strong>dignity<\/strong> and renewed the <strong>hope<\/strong> in their lives.<\/p>\n\n\n\n<p>The graduation ceremony was especially moving because of the testimonies of the graduates, who shared how the course gave them back their zest for life. According to the coordinators of Casa Restaura-me, the main objective is not only to teach technical content, but also to help participants rediscover the meaning of their lives.<\/p>\n\n\n\n<p>This moment of celebration is a reflection of the impact that <strong>Home Restore Me<\/strong> has in the lives of people in vulnerable situations, offering not only training opportunities, but also <strong>reception and comprehensive care<\/strong>.<\/p>\n\n\n\n<p>A <strong>Home Restore Me<\/strong>, in Br\u00e1s, S\u00e3o Paulo, is one of the social projects of the Alliance of Mercy that serves people living on the streets and in extreme vulnerability. In addition to shelter, the project offers professional training, psychological and spiritual support and actions that help with social reintegration.<\/p>\n\n\n\n<p>Through courses such as the Electrician Installation course, the House seeks not only to prepare those served for the job market, but also to restore their dignity, purpose and joy in life.<\/p>\n\n\n\n<p>Moments of transformation like this graduation are only possible thanks to the support of generous people.<\/p>\n\n\n\n<p><strong>You can also be part of this mission!<\/strong><br>Make your donation via Pix: <strong><a>doe@misericordia.com.br<\/a><\/strong><\/p>\n\n\n\n<p>With your contribution, we can continue to offer training, support and new hope to those who need it most.<\/p>\n\n\n\n<p>Together, we transform lives and spread God&#039;s love!<\/p>","protected":false},"excerpt":{"rendered":"<p>Na \u00faltima semana, a Casa Restaura-me SP, projeto da Alian\u00e7a de Miseric\u00f3rdia, celebrou mais uma importante conquista: a formatura de 10 participantes do Curso de Eletricista Instalador, realizado com 160 horas de aulas pr\u00e1ticas e te\u00f3ricas, ministrado pelo professor Renilson. O curso, iniciado em outubro com encontros \u00e0s segundas e sextas-feiras pela manh\u00e3, proporcionou aos [&hellip;]<\/p>\n","protected":false},"author":8,"featured_media":11715,"comment_status":"closed","ping_status":"closed","sticky":false,"template":"","format":"standard","meta":{"footnotes":""},"categories":[9],"tags":[],"destaques":[38],"class_list":["post-11714","post","type-post","status-publish","format-standard","has-post-thumbnail","hentry","category-educacao","destaques-destaque-03"],"yoast_head":"<!-- This site is optimized with the Yoast SEO plugin v27.4 - https:\/\/yoast.com\/product\/yoast-seo-wordpress\/ -->\n<title>Formatura do curso de eletricista instalador na Casa Restaura-me: um recome\u00e7o de vida - Alian\u00e7a de Miseric\u00f3rdia<\/title>\n<meta name=\"robots\" content=\"index, follow, max-snippet:-1, max-image-preview:large, max-video-preview:-1\" \/>\n<link rel=\"canonical\" href=\"https:\/\/aliancasocial.org\/en\/formatura-do-curso-de-eletricista-instalador-na-casa-restaura-me-um-recomeco-de-vida\/\" \/>\n<meta property=\"og:locale\" content=\"en_US\" \/>\n<meta property=\"og:type\" content=\"article\" \/>\n<meta property=\"og:title\" content=\"Formatura do curso de eletricista instalador na Casa Restaura-me: um recome\u00e7o de vida - Alian\u00e7a de Miseric\u00f3rdia\" \/>\n<meta property=\"og:description\" content=\"Na \u00faltima semana, a Casa Restaura-me SP, projeto da Alian\u00e7a de Miseric\u00f3rdia, celebrou mais uma importante conquista: a formatura de 10 participantes do Curso de Eletricista Instalador, realizado com 160 horas de aulas pr\u00e1ticas e te\u00f3ricas, ministrado pelo professor Renilson. O curso, iniciado em outubro com encontros \u00e0s segundas e sextas-feiras pela manh\u00e3, proporcionou aos [&hellip;]\" \/>\n<meta property=\"og:url\" content=\"https:\/\/aliancasocial.org\/en\/formatura-do-curso-de-eletricista-instalador-na-casa-restaura-me-um-recomeco-de-vida\/\" \/>\n<meta property=\"og:site_name\" content=\"Alian\u00e7a de Miseric\u00f3rdia\" \/>\n<meta property=\"article:publisher\" content=\"https:\/\/www.facebook.com\/iesmisericordia\/\" \/>\n<meta property=\"article:published_time\" content=\"2024-12-20T13:00:17+00:00\" \/>\n<meta property=\"article:modified_time\" content=\"2024-12-20T13:07:28+00:00\" \/>\n<meta property=\"og:image\" content=\"https:\/\/aliancasocial.org\/wp-content\/uploads\/2024\/12\/Formatura-do-Curso-de-Eletricista_2024-1.jpeg\" \/>\n\t<meta property=\"og:image:width\" content=\"1600\" \/>\n\t<meta property=\"og:image:height\" content=\"1200\" \/>\n\t<meta property=\"og:image:type\" content=\"image\/jpeg\" \/>\n<meta name=\"author\" content=\"Fernanda Monzambani\" \/>\n<meta name=\"twitter:card\" content=\"summary_large_image\" \/>\n<meta name=\"twitter:label1\" content=\"Written by\" \/>\n\t<meta name=\"twitter:data1\" content=\"Fernanda Monzambani\" \/>\n\t<meta name=\"twitter:label2\" content=\"Est. reading time\" \/>\n\t<meta name=\"twitter:data2\" content=\"2 minutes\" \/>\n<script type=\"application\/ld+json\" class=\"yoast-schema-graph\">{\"@context\":\"https:\\\/\\\/schema.org\",\"@graph\":[{\"@type\":\"Article\",\"@id\":\"https:\\\/\\\/aliancasocial.org\\\/formatura-do-curso-de-eletricista-instalador-na-casa-restaura-me-um-recomeco-de-vida\\\/#article\",\"isPartOf\":{\"@id\":\"https:\\\/\\\/aliancasocial.org\\\/formatura-do-curso-de-eletricista-instalador-na-casa-restaura-me-um-recomeco-de-vida\\\/\"},\"author\":{\"name\":\"Fernanda Monzambani\",\"@id\":\"https:\\\/\\\/aliancasocial.org\\\/#\\\/schema\\\/person\\\/73a690df527bfd7df78ba35714ff67d4\"},\"headline\":\"Formatura do curso de eletricista instalador na Casa Restaura-me: um recome\u00e7o de vida\",\"datePublished\":\"2024-12-20T13:00:17+00:00\",\"dateModified\":\"2024-12-20T13:07:28+00:00\",\"mainEntityOfPage\":{\"@id\":\"https:\\\/\\\/aliancasocial.org\\\/formatura-do-curso-de-eletricista-instalador-na-casa-restaura-me-um-recomeco-de-vida\\\/\"},\"wordCount\":375,\"publisher\":{\"@id\":\"https:\\\/\\\/aliancasocial.org\\\/#organization\"},\"image\":{\"@id\":\"https:\\\/\\\/aliancasocial.org\\\/formatura-do-curso-de-eletricista-instalador-na-casa-restaura-me-um-recomeco-de-vida\\\/#primaryimage\"},\"thumbnailUrl\":\"https:\\\/\\\/aliancasocial.org\\\/wp-content\\\/uploads\\\/2024\\\/12\\\/Formatura-do-Curso-de-Eletricista_2024-1.jpeg\",\"articleSection\":[\"Educa\u00e7\u00e3o\"],\"inLanguage\":\"en-US\"},{\"@type\":\"WebPage\",\"@id\":\"https:\\\/\\\/aliancasocial.org\\\/formatura-do-curso-de-eletricista-instalador-na-casa-restaura-me-um-recomeco-de-vida\\\/\",\"url\":\"https:\\\/\\\/aliancasocial.org\\\/formatura-do-curso-de-eletricista-instalador-na-casa-restaura-me-um-recomeco-de-vida\\\/\",\"name\":\"Formatura do curso de eletricista instalador na Casa Restaura-me: um recome\u00e7o de vida - Alian\u00e7a de Miseric\u00f3rdia\",\"isPartOf\":{\"@id\":\"https:\\\/\\\/aliancasocial.org\\\/#website\"},\"primaryImageOfPage\":{\"@id\":\"https:\\\/\\\/aliancasocial.org\\\/formatura-do-curso-de-eletricista-instalador-na-casa-restaura-me-um-recomeco-de-vida\\\/#primaryimage\"},\"image\":{\"@id\":\"https:\\\/\\\/aliancasocial.org\\\/formatura-do-curso-de-eletricista-instalador-na-casa-restaura-me-um-recomeco-de-vida\\\/#primaryimage\"},\"thumbnailUrl\":\"https:\\\/\\\/aliancasocial.org\\\/wp-content\\\/uploads\\\/2024\\\/12\\\/Formatura-do-Curso-de-Eletricista_2024-1.jpeg\",\"datePublished\":\"2024-12-20T13:00:17+00:00\",\"dateModified\":\"2024-12-20T13:07:28+00:00\",\"breadcrumb\":{\"@id\":\"https:\\\/\\\/aliancasocial.org\\\/formatura-do-curso-de-eletricista-instalador-na-casa-restaura-me-um-recomeco-de-vida\\\/#breadcrumb\"},\"inLanguage\":\"en-US\",\"potentialAction\":[{\"@type\":\"ReadAction\",\"target\":[\"https:\\\/\\\/aliancasocial.org\\\/formatura-do-curso-de-eletricista-instalador-na-casa-restaura-me-um-recomeco-de-vida\\\/\"]}]},{\"@type\":\"ImageObject\",\"inLanguage\":\"en-US\",\"@id\":\"https:\\\/\\\/aliancasocial.org\\\/formatura-do-curso-de-eletricista-instalador-na-casa-restaura-me-um-recomeco-de-vida\\\/#primaryimage\",\"url\":\"https:\\\/\\\/aliancasocial.org\\\/wp-content\\\/uploads\\\/2024\\\/12\\\/Formatura-do-Curso-de-Eletricista_2024-1.jpeg\",\"contentUrl\":\"https:\\\/\\\/aliancasocial.org\\\/wp-content\\\/uploads\\\/2024\\\/12\\\/Formatura-do-Curso-de-Eletricista_2024-1.jpeg\",\"width\":1600,\"height\":1200,\"caption\":\"Formatura do Curso de Eletricista_2024\"},{\"@type\":\"BreadcrumbList\",\"@id\":\"https:\\\/\\\/aliancasocial.org\\\/formatura-do-curso-de-eletricista-instalador-na-casa-restaura-me-um-recomeco-de-vida\\\/#breadcrumb\",\"itemListElement\":[{\"@type\":\"ListItem\",\"position\":1,\"name\":\"In\u00edcio\",\"item\":\"https:\\\/\\\/aliancasocial.org\\\/en\\\/\"},{\"@type\":\"ListItem\",\"position\":2,\"name\":\"Formatura do curso de eletricista instalador na Casa Restaura-me: um recome\u00e7o de vida\"}]},{\"@type\":\"WebSite\",\"@id\":\"https:\\\/\\\/aliancasocial.org\\\/#website\",\"url\":\"https:\\\/\\\/aliancasocial.org\\\/\",\"name\":\"Alian\u00e7a de Miseric\u00f3rdia\",\"description\":\"Levando dignidade humana a todos os cantos do mundo\",\"publisher\":{\"@id\":\"https:\\\/\\\/aliancasocial.org\\\/#organization\"},\"potentialAction\":[{\"@type\":\"SearchAction\",\"target\":{\"@type\":\"EntryPoint\",\"urlTemplate\":\"https:\\\/\\\/aliancasocial.org\\\/?s={search_term_string}\"},\"query-input\":{\"@type\":\"PropertyValueSpecification\",\"valueRequired\":true,\"valueName\":\"search_term_string\"}}],\"inLanguage\":\"en-US\"},{\"@type\":\"Organization\",\"@id\":\"https:\\\/\\\/aliancasocial.org\\\/#organization\",\"name\":\"Alian\u00e7a de Miseric\u00f3rdia\",\"url\":\"https:\\\/\\\/aliancasocial.org\\\/\",\"logo\":{\"@type\":\"ImageObject\",\"inLanguage\":\"en-US\",\"@id\":\"https:\\\/\\\/aliancasocial.org\\\/#\\\/schema\\\/logo\\\/image\\\/\",\"url\":\"https:\\\/\\\/aliancasocial.org\\\/wp-content\\\/uploads\\\/2022\\\/07\\\/logo-alianca-marrom.svg\",\"contentUrl\":\"https:\\\/\\\/aliancasocial.org\\\/wp-content\\\/uploads\\\/2022\\\/07\\\/logo-alianca-marrom.svg\",\"width\":91,\"height\":33,\"caption\":\"Alian\u00e7a de Miseric\u00f3rdia\"},\"image\":{\"@id\":\"https:\\\/\\\/aliancasocial.org\\\/#\\\/schema\\\/logo\\\/image\\\/\"},\"sameAs\":[\"https:\\\/\\\/www.facebook.com\\\/iesmisericordia\\\/\",\"https:\\\/\\\/www.instagram.com\\\/aliancademisericordia\\\/\"]},{\"@type\":\"Person\",\"@id\":\"https:\\\/\\\/aliancasocial.org\\\/#\\\/schema\\\/person\\\/73a690df527bfd7df78ba35714ff67d4\",\"name\":\"Fernanda Monzambani\",\"image\":{\"@type\":\"ImageObject\",\"inLanguage\":\"en-US\",\"@id\":\"https:\\\/\\\/secure.gravatar.com\\\/avatar\\\/aa6d89063e21cd9638051b6cd0602c108d4b79b0898534c712d68409f7e5b64c?s=96&d=mm&r=g\",\"url\":\"https:\\\/\\\/secure.gravatar.com\\\/avatar\\\/aa6d89063e21cd9638051b6cd0602c108d4b79b0898534c712d68409f7e5b64c?s=96&d=mm&r=g\",\"contentUrl\":\"https:\\\/\\\/secure.gravatar.com\\\/avatar\\\/aa6d89063e21cd9638051b6cd0602c108d4b79b0898534c712d68409f7e5b64c?s=96&d=mm&r=g\",\"caption\":\"Fernanda Monzambani\"},\"url\":\"https:\\\/\\\/aliancasocial.org\\\/en\\\/author\\\/fernanda\\\/\"}]}<\/script>\n<!-- \/ Yoast SEO plugin. -->","yoast_head_json":{"title":"Graduation from the electrician installer course at Casa Restaura-me: a new beginning in life - Alliance of Mercy","robots":{"index":"index","follow":"follow","max-snippet":"max-snippet:-1","max-image-preview":"max-image-preview:large","max-video-preview":"max-video-preview:-1"},"canonical":"https:\/\/aliancasocial.org\/en\/formatura-do-curso-de-eletricista-instalador-na-casa-restaura-me-um-recomeco-de-vida\/","og_locale":"en_US","og_type":"article","og_title":"Formatura do curso de eletricista instalador na Casa Restaura-me: um recome\u00e7o de vida - Alian\u00e7a de Miseric\u00f3rdia","og_description":"Na \u00faltima semana, a Casa Restaura-me SP, projeto da Alian\u00e7a de Miseric\u00f3rdia, celebrou mais uma importante conquista: a formatura de 10 participantes do Curso de Eletricista Instalador, realizado com 160 horas de aulas pr\u00e1ticas e te\u00f3ricas, ministrado pelo professor Renilson. O curso, iniciado em outubro com encontros \u00e0s segundas e sextas-feiras pela manh\u00e3, proporcionou aos [&hellip;]","og_url":"https:\/\/aliancasocial.org\/en\/formatura-do-curso-de-eletricista-instalador-na-casa-restaura-me-um-recomeco-de-vida\/","og_site_name":"Alian\u00e7a de Miseric\u00f3rdia","article_publisher":"https:\/\/www.facebook.com\/iesmisericordia\/","article_published_time":"2024-12-20T13:00:17+00:00","article_modified_time":"2024-12-20T13:07:28+00:00","og_image":[{"width":1600,"height":1200,"url":"https:\/\/aliancasocial.org\/wp-content\/uploads\/2024\/12\/Formatura-do-Curso-de-Eletricista_2024-1.jpeg","type":"image\/jpeg"}],"author":"Fernanda Monzambani","twitter_card":"summary_large_image","twitter_misc":{"Written by":"Fernanda Monzambani","Est. reading time":"2 minutes"},"schema":{"@context":"https:\/\/schema.org","@graph":[{"@type":"Article","@id":"https:\/\/aliancasocial.org\/formatura-do-curso-de-eletricista-instalador-na-casa-restaura-me-um-recomeco-de-vida\/#article","isPartOf":{"@id":"https:\/\/aliancasocial.org\/formatura-do-curso-de-eletricista-instalador-na-casa-restaura-me-um-recomeco-de-vida\/"},"author":{"name":"Fernanda Monzambani","@id":"https:\/\/aliancasocial.org\/#\/schema\/person\/73a690df527bfd7df78ba35714ff67d4"},"headline":"Formatura do curso de eletricista instalador na Casa Restaura-me: um recome\u00e7o de vida","datePublished":"2024-12-20T13:00:17+00:00","dateModified":"2024-12-20T13:07:28+00:00","mainEntityOfPage":{"@id":"https:\/\/aliancasocial.org\/formatura-do-curso-de-eletricista-instalador-na-casa-restaura-me-um-recomeco-de-vida\/"},"wordCount":375,"publisher":{"@id":"https:\/\/aliancasocial.org\/#organization"},"image":{"@id":"https:\/\/aliancasocial.org\/formatura-do-curso-de-eletricista-instalador-na-casa-restaura-me-um-recomeco-de-vida\/#primaryimage"},"thumbnailUrl":"https:\/\/aliancasocial.org\/wp-content\/uploads\/2024\/12\/Formatura-do-Curso-de-Eletricista_2024-1.jpeg","articleSection":["Educa\u00e7\u00e3o"],"inLanguage":"en-US"},{"@type":"WebPage","@id":"https:\/\/aliancasocial.org\/formatura-do-curso-de-eletricista-instalador-na-casa-restaura-me-um-recomeco-de-vida\/","url":"https:\/\/aliancasocial.org\/formatura-do-curso-de-eletricista-instalador-na-casa-restaura-me-um-recomeco-de-vida\/","name":"Graduation from the electrician installer course at Casa Restaura-me: a new beginning in life - Alliance of Mercy","isPartOf":{"@id":"https:\/\/aliancasocial.org\/#website"},"primaryImageOfPage":{"@id":"https:\/\/aliancasocial.org\/formatura-do-curso-de-eletricista-instalador-na-casa-restaura-me-um-recomeco-de-vida\/#primaryimage"},"image":{"@id":"https:\/\/aliancasocial.org\/formatura-do-curso-de-eletricista-instalador-na-casa-restaura-me-um-recomeco-de-vida\/#primaryimage"},"thumbnailUrl":"https:\/\/aliancasocial.org\/wp-content\/uploads\/2024\/12\/Formatura-do-Curso-de-Eletricista_2024-1.jpeg","datePublished":"2024-12-20T13:00:17+00:00","dateModified":"2024-12-20T13:07:28+00:00","breadcrumb":{"@id":"https:\/\/aliancasocial.org\/formatura-do-curso-de-eletricista-instalador-na-casa-restaura-me-um-recomeco-de-vida\/#breadcrumb"},"inLanguage":"en-US","potentialAction":[{"@type":"ReadAction","target":["https:\/\/aliancasocial.org\/formatura-do-curso-de-eletricista-instalador-na-casa-restaura-me-um-recomeco-de-vida\/"]}]},{"@type":"ImageObject","inLanguage":"en-US","@id":"https:\/\/aliancasocial.org\/formatura-do-curso-de-eletricista-instalador-na-casa-restaura-me-um-recomeco-de-vida\/#primaryimage","url":"https:\/\/aliancasocial.org\/wp-content\/uploads\/2024\/12\/Formatura-do-Curso-de-Eletricista_2024-1.jpeg","contentUrl":"https:\/\/aliancasocial.org\/wp-content\/uploads\/2024\/12\/Formatura-do-Curso-de-Eletricista_2024-1.jpeg","width":1600,"height":1200,"caption":"Formatura do Curso de Eletricista_2024"},{"@type":"BreadcrumbList","@id":"https:\/\/aliancasocial.org\/formatura-do-curso-de-eletricista-instalador-na-casa-restaura-me-um-recomeco-de-vida\/#breadcrumb","itemListElement":[{"@type":"ListItem","position":1,"name":"In\u00edcio","item":"https:\/\/aliancasocial.org\/en\/"},{"@type":"ListItem","position":2,"name":"Formatura do curso de eletricista instalador na Casa Restaura-me: um recome\u00e7o de vida"}]},{"@type":"WebSite","@id":"https:\/\/aliancasocial.org\/#website","url":"https:\/\/aliancasocial.org\/","name":"Covenant of Mercy","description":"Bringing human dignity to every corner of the world","publisher":{"@id":"https:\/\/aliancasocial.org\/#organization"},"potentialAction":[{"@type":"SearchAction","target":{"@type":"EntryPoint","urlTemplate":"https:\/\/aliancasocial.org\/?s={search_term_string}"},"query-input":{"@type":"PropertyValueSpecification","valueRequired":true,"valueName":"search_term_string"}}],"inLanguage":"en-US"},{"@type":"Organization","@id":"https:\/\/aliancasocial.org\/#organization","name":"Covenant of Mercy","url":"https:\/\/aliancasocial.org\/","logo":{"@type":"ImageObject","inLanguage":"en-US","@id":"https:\/\/aliancasocial.org\/#\/schema\/logo\/image\/","url":"https:\/\/aliancasocial.org\/wp-content\/uploads\/2022\/07\/logo-alianca-marrom.svg","contentUrl":"https:\/\/aliancasocial.org\/wp-content\/uploads\/2022\/07\/logo-alianca-marrom.svg","width":91,"height":33,"caption":"Alian\u00e7a de Miseric\u00f3rdia"},"image":{"@id":"https:\/\/aliancasocial.org\/#\/schema\/logo\/image\/"},"sameAs":["https:\/\/www.facebook.com\/iesmisericordia\/","https:\/\/www.instagram.com\/aliancademisericordia\/"]},{"@type":"Person","@id":"https:\/\/aliancasocial.org\/#\/schema\/person\/73a690df527bfd7df78ba35714ff67d4","name":"Fernanda Monzambani","image":{"@type":"ImageObject","inLanguage":"en-US","@id":"https:\/\/secure.gravatar.com\/avatar\/aa6d89063e21cd9638051b6cd0602c108d4b79b0898534c712d68409f7e5b64c?s=96&d=mm&r=g","url":"https:\/\/secure.gravatar.com\/avatar\/aa6d89063e21cd9638051b6cd0602c108d4b79b0898534c712d68409f7e5b64c?s=96&d=mm&r=g","contentUrl":"https:\/\/secure.gravatar.com\/avatar\/aa6d89063e21cd9638051b6cd0602c108d4b79b0898534c712d68409f7e5b64c?s=96&d=mm&r=g","caption":"Fernanda Monzambani"},"url":"https:\/\/aliancasocial.org\/en\/author\/fernanda\/"}]}},"_links":{"self":[{"href":"https:\/\/aliancasocial.org\/en\/wp-json\/wp\/v2\/posts\/11714","targetHints":{"allow":["GET"]}}],"collection":[{"href":"https:\/\/aliancasocial.org\/en\/wp-json\/wp\/v2\/posts"}],"about":[{"href":"https:\/\/aliancasocial.org\/en\/wp-json\/wp\/v2\/types\/post"}],"author":[{"embeddable":true,"href":"https:\/\/aliancasocial.org\/en\/wp-json\/wp\/v2\/users\/8"}],"replies":[{"embeddable":true,"href":"https:\/\/aliancasocial.org\/en\/wp-json\/wp\/v2\/comments?post=11714"}],"version-history":[{"count":1,"href":"https:\/\/aliancasocial.org\/en\/wp-json\/wp\/v2\/posts\/11714\/revisions"}],"predecessor-version":[{"id":11716,"href":"https:\/\/aliancasocial.org\/en\/wp-json\/wp\/v2\/posts\/11714\/revisions\/11716"}],"wp:featuredmedia":[{"embeddable":true,"href":"https:\/\/aliancasocial.org\/en\/wp-json\/wp\/v2\/media\/11715"}],"wp:attachment":[{"href":"https:\/\/aliancasocial.org\/en\/wp-json\/wp\/v2\/media?parent=11714"}],"wp:term":[{"taxonomy":"category","embeddable":true,"href":"https:\/\/aliancasocial.org\/en\/wp-json\/wp\/v2\/categories?post=11714"},{"taxonomy":"post_tag","embeddable":true,"href":"https:\/\/aliancasocial.org\/en\/wp-json\/wp\/v2\/tags?post=11714"},{"taxonomy":"destaques","embeddable":true,"href":"https:\/\/aliancasocial.org\/en\/wp-json\/wp\/v2\/destaques?post=11714"}],"curies":[{"name":"wp","href":"https:\/\/api.w.org\/{rel}","templated":true}]}}