{"id":11724,"date":"2025-01-23T10:56:42","date_gmt":"2025-01-23T13:56:42","guid":{"rendered":"https:\/\/aliancasocial.org\/?p=11724"},"modified":"2025-01-23T10:56:53","modified_gmt":"2025-01-23T13:56:53","slug":"mais-um-marco-de-integridade-e-transparencia-para-a-alianca-de-misericordia","status":"publish","type":"post","link":"https:\/\/aliancasocial.org\/en\/mais-um-marco-de-integridade-e-transparencia-para-a-alianca-de-misericordia\/","title":{"rendered":"Another milestone of integrity and transparency for the Alliance of Mercy!"},"content":{"rendered":"<p>We are proud to announce that Alian\u00e7a de Miseric\u00f3rdia is now a signatory to the Business Pact for Integrity and Against Corruption, promoted by Instituto Ethos. This achievement reflects our unwavering commitment to ethics, transparency and the construction of a fairer and more responsible market.<\/p>\n\n\n\n<p>This recognition is the result of the ongoing compliance work carried out by the Alliance, strengthening ethical values that permeate all of our actions. Approval by the Pact reflects our dedication to promoting responsible practices and ensuring that our principles are aligned with the highest standards of integrity.<\/p>\n\n\n\n<p>We thank the <strong>Ethos Institute<\/strong> for the recognition and partnership in this important journey. Together, we remain committed to transformation and building a more ethical future!<\/p>","protected":false},"excerpt":{"rendered":"<p>Temos o orgulho de anunciar que a Alian\u00e7a de Miseric\u00f3rdia agora \u00e9 signat\u00e1ria do Pacto Empresarial pela Integridade e Contra a Corrup\u00e7\u00e3o, promovido pelo Instituto Ethos. Essa conquista reflete nosso compromisso inabal\u00e1vel com a \u00e9tica, a transpar\u00eancia e a constru\u00e7\u00e3o de um mercado mais justo e respons\u00e1vel. Esse reconhecimento \u00e9 fruto do cont\u00ednuo trabalho de [&hellip;]<\/p>\n","protected":false},"author":8,"featured_media":11726,"comment_status":"closed","ping_status":"closed","sticky":false,"template":"","format":"standard","meta":{"footnotes":""},"categories":[50],"tags":[],"destaques":[36],"class_list":["post-11724","post","type-post","status-publish","format-standard","has-post-thumbnail","hentry","category-transparencia","destaques-destaque-01"],"yoast_head":"<!-- This site is optimized with the Yoast SEO plugin v27.4 - https:\/\/yoast.com\/product\/yoast-seo-wordpress\/ -->\n<title>Mais um marco de integridade e transpar\u00eancia para a Alian\u00e7a de Miseric\u00f3rdia!<\/title>\n<meta name=\"description\" content=\"Temos o orgulho de anunciar que a Alian\u00e7a de Miseric\u00f3rdia agora \u00e9 signat\u00e1ria do Pacto Empresarial pela Integridade e Contra a Corrup\u00e7\u00e3o, promovido pelo Instituto Ethos\" \/>\n<meta name=\"robots\" content=\"index, follow, max-snippet:-1, max-image-preview:large, max-video-preview:-1\" \/>\n<link rel=\"canonical\" href=\"https:\/\/aliancasocial.org\/en\/mais-um-marco-de-integridade-e-transparencia-para-a-alianca-de-misericordia\/\" \/>\n<meta property=\"og:locale\" content=\"en_US\" \/>\n<meta property=\"og:type\" content=\"article\" \/>\n<meta property=\"og:title\" content=\"Mais um marco de integridade e transpar\u00eancia para a Alian\u00e7a de Miseric\u00f3rdia!\" \/>\n<meta property=\"og:description\" content=\"Temos o orgulho de anunciar que a Alian\u00e7a de Miseric\u00f3rdia agora \u00e9 signat\u00e1ria do Pacto Empresarial pela Integridade e Contra a Corrup\u00e7\u00e3o, promovido pelo Instituto Ethos\" \/>\n<meta property=\"og:url\" content=\"https:\/\/aliancasocial.org\/en\/mais-um-marco-de-integridade-e-transparencia-para-a-alianca-de-misericordia\/\" \/>\n<meta property=\"og:site_name\" content=\"Alian\u00e7a de Miseric\u00f3rdia\" \/>\n<meta property=\"article:publisher\" content=\"https:\/\/www.facebook.com\/iesmisericordia\/\" \/>\n<meta property=\"article:published_time\" content=\"2025-01-23T13:56:42+00:00\" \/>\n<meta property=\"article:modified_time\" content=\"2025-01-23T13:56:53+00:00\" \/>\n<meta property=\"og:image\" content=\"https:\/\/aliancasocial.org\/wp-content\/uploads\/2025\/01\/GEPEF-Banner-me\u0301dio-formato-EUA-horizontal4.png\" \/>\n\t<meta property=\"og:image:width\" content=\"2560\" \/>\n\t<meta property=\"og:image:height\" content=\"1280\" \/>\n\t<meta property=\"og:image:type\" content=\"image\/png\" \/>\n<meta name=\"author\" content=\"Fernanda Monzambani\" \/>\n<meta name=\"twitter:card\" content=\"summary_large_image\" \/>\n<meta name=\"twitter:label1\" content=\"Written by\" \/>\n\t<meta name=\"twitter:data1\" content=\"Fernanda Monzambani\" \/>\n\t<meta name=\"twitter:label2\" content=\"Est. reading time\" \/>\n\t<meta name=\"twitter:data2\" content=\"1 minute\" \/>\n<script type=\"application\/ld+json\" class=\"yoast-schema-graph\">{\"@context\":\"https:\\\/\\\/schema.org\",\"@graph\":[{\"@type\":\"Article\",\"@id\":\"https:\\\/\\\/aliancasocial.org\\\/mais-um-marco-de-integridade-e-transparencia-para-a-alianca-de-misericordia\\\/#article\",\"isPartOf\":{\"@id\":\"https:\\\/\\\/aliancasocial.org\\\/mais-um-marco-de-integridade-e-transparencia-para-a-alianca-de-misericordia\\\/\"},\"author\":{\"name\":\"Fernanda Monzambani\",\"@id\":\"https:\\\/\\\/aliancasocial.org\\\/#\\\/schema\\\/person\\\/73a690df527bfd7df78ba35714ff67d4\"},\"headline\":\"Mais um marco de integridade e transpar\u00eancia para a Alian\u00e7a de Miseric\u00f3rdia!\",\"datePublished\":\"2025-01-23T13:56:42+00:00\",\"dateModified\":\"2025-01-23T13:56:53+00:00\",\"mainEntityOfPage\":{\"@id\":\"https:\\\/\\\/aliancasocial.org\\\/mais-um-marco-de-integridade-e-transparencia-para-a-alianca-de-misericordia\\\/\"},\"wordCount\":151,\"publisher\":{\"@id\":\"https:\\\/\\\/aliancasocial.org\\\/#organization\"},\"image\":{\"@id\":\"https:\\\/\\\/aliancasocial.org\\\/mais-um-marco-de-integridade-e-transparencia-para-a-alianca-de-misericordia\\\/#primaryimage\"},\"thumbnailUrl\":\"https:\\\/\\\/aliancasocial.org\\\/wp-content\\\/uploads\\\/2025\\\/01\\\/GEPEF-Banner-me\u0301dio-formato-EUA-horizontal4.png\",\"articleSection\":[\"Transpar\u00eancia\"],\"inLanguage\":\"en-US\"},{\"@type\":\"WebPage\",\"@id\":\"https:\\\/\\\/aliancasocial.org\\\/mais-um-marco-de-integridade-e-transparencia-para-a-alianca-de-misericordia\\\/\",\"url\":\"https:\\\/\\\/aliancasocial.org\\\/mais-um-marco-de-integridade-e-transparencia-para-a-alianca-de-misericordia\\\/\",\"name\":\"Mais um marco de integridade e transpar\u00eancia para a Alian\u00e7a de Miseric\u00f3rdia!\",\"isPartOf\":{\"@id\":\"https:\\\/\\\/aliancasocial.org\\\/#website\"},\"primaryImageOfPage\":{\"@id\":\"https:\\\/\\\/aliancasocial.org\\\/mais-um-marco-de-integridade-e-transparencia-para-a-alianca-de-misericordia\\\/#primaryimage\"},\"image\":{\"@id\":\"https:\\\/\\\/aliancasocial.org\\\/mais-um-marco-de-integridade-e-transparencia-para-a-alianca-de-misericordia\\\/#primaryimage\"},\"thumbnailUrl\":\"https:\\\/\\\/aliancasocial.org\\\/wp-content\\\/uploads\\\/2025\\\/01\\\/GEPEF-Banner-me\u0301dio-formato-EUA-horizontal4.png\",\"datePublished\":\"2025-01-23T13:56:42+00:00\",\"dateModified\":\"2025-01-23T13:56:53+00:00\",\"description\":\"Temos o orgulho de anunciar que a Alian\u00e7a de Miseric\u00f3rdia agora \u00e9 signat\u00e1ria do Pacto Empresarial pela Integridade e Contra a Corrup\u00e7\u00e3o, promovido pelo Instituto Ethos\",\"breadcrumb\":{\"@id\":\"https:\\\/\\\/aliancasocial.org\\\/mais-um-marco-de-integridade-e-transparencia-para-a-alianca-de-misericordia\\\/#breadcrumb\"},\"inLanguage\":\"en-US\",\"potentialAction\":[{\"@type\":\"ReadAction\",\"target\":[\"https:\\\/\\\/aliancasocial.org\\\/mais-um-marco-de-integridade-e-transparencia-para-a-alianca-de-misericordia\\\/\"]}]},{\"@type\":\"ImageObject\",\"inLanguage\":\"en-US\",\"@id\":\"https:\\\/\\\/aliancasocial.org\\\/mais-um-marco-de-integridade-e-transparencia-para-a-alianca-de-misericordia\\\/#primaryimage\",\"url\":\"https:\\\/\\\/aliancasocial.org\\\/wp-content\\\/uploads\\\/2025\\\/01\\\/GEPEF-Banner-me\u0301dio-formato-EUA-horizontal4.png\",\"contentUrl\":\"https:\\\/\\\/aliancasocial.org\\\/wp-content\\\/uploads\\\/2025\\\/01\\\/GEPEF-Banner-me\u0301dio-formato-EUA-horizontal4.png\",\"width\":2560,\"height\":1280},{\"@type\":\"BreadcrumbList\",\"@id\":\"https:\\\/\\\/aliancasocial.org\\\/mais-um-marco-de-integridade-e-transparencia-para-a-alianca-de-misericordia\\\/#breadcrumb\",\"itemListElement\":[{\"@type\":\"ListItem\",\"position\":1,\"name\":\"In\u00edcio\",\"item\":\"https:\\\/\\\/aliancasocial.org\\\/en\\\/\"},{\"@type\":\"ListItem\",\"position\":2,\"name\":\"Mais um marco de integridade e transpar\u00eancia para a Alian\u00e7a de Miseric\u00f3rdia!\"}]},{\"@type\":\"WebSite\",\"@id\":\"https:\\\/\\\/aliancasocial.org\\\/#website\",\"url\":\"https:\\\/\\\/aliancasocial.org\\\/\",\"name\":\"Alian\u00e7a de Miseric\u00f3rdia\",\"description\":\"Levando dignidade humana a todos os cantos do mundo\",\"publisher\":{\"@id\":\"https:\\\/\\\/aliancasocial.org\\\/#organization\"},\"potentialAction\":[{\"@type\":\"SearchAction\",\"target\":{\"@type\":\"EntryPoint\",\"urlTemplate\":\"https:\\\/\\\/aliancasocial.org\\\/?s={search_term_string}\"},\"query-input\":{\"@type\":\"PropertyValueSpecification\",\"valueRequired\":true,\"valueName\":\"search_term_string\"}}],\"inLanguage\":\"en-US\"},{\"@type\":\"Organization\",\"@id\":\"https:\\\/\\\/aliancasocial.org\\\/#organization\",\"name\":\"Alian\u00e7a de Miseric\u00f3rdia\",\"url\":\"https:\\\/\\\/aliancasocial.org\\\/\",\"logo\":{\"@type\":\"ImageObject\",\"inLanguage\":\"en-US\",\"@id\":\"https:\\\/\\\/aliancasocial.org\\\/#\\\/schema\\\/logo\\\/image\\\/\",\"url\":\"https:\\\/\\\/aliancasocial.org\\\/wp-content\\\/uploads\\\/2022\\\/07\\\/logo-alianca-marrom.svg\",\"contentUrl\":\"https:\\\/\\\/aliancasocial.org\\\/wp-content\\\/uploads\\\/2022\\\/07\\\/logo-alianca-marrom.svg\",\"width\":91,\"height\":33,\"caption\":\"Alian\u00e7a de Miseric\u00f3rdia\"},\"image\":{\"@id\":\"https:\\\/\\\/aliancasocial.org\\\/#\\\/schema\\\/logo\\\/image\\\/\"},\"sameAs\":[\"https:\\\/\\\/www.facebook.com\\\/iesmisericordia\\\/\",\"https:\\\/\\\/www.instagram.com\\\/aliancademisericordia\\\/\"]},{\"@type\":\"Person\",\"@id\":\"https:\\\/\\\/aliancasocial.org\\\/#\\\/schema\\\/person\\\/73a690df527bfd7df78ba35714ff67d4\",\"name\":\"Fernanda Monzambani\",\"image\":{\"@type\":\"ImageObject\",\"inLanguage\":\"en-US\",\"@id\":\"https:\\\/\\\/secure.gravatar.com\\\/avatar\\\/aa6d89063e21cd9638051b6cd0602c108d4b79b0898534c712d68409f7e5b64c?s=96&d=mm&r=g\",\"url\":\"https:\\\/\\\/secure.gravatar.com\\\/avatar\\\/aa6d89063e21cd9638051b6cd0602c108d4b79b0898534c712d68409f7e5b64c?s=96&d=mm&r=g\",\"contentUrl\":\"https:\\\/\\\/secure.gravatar.com\\\/avatar\\\/aa6d89063e21cd9638051b6cd0602c108d4b79b0898534c712d68409f7e5b64c?s=96&d=mm&r=g\",\"caption\":\"Fernanda Monzambani\"},\"url\":\"https:\\\/\\\/aliancasocial.org\\\/en\\\/author\\\/fernanda\\\/\"}]}<\/script>\n<!-- \/ Yoast SEO plugin. -->","yoast_head_json":{"title":"Another milestone of integrity and transparency for the Alliance of Mercy!","description":"Temos o orgulho de anunciar que a Alian\u00e7a de Miseric\u00f3rdia agora \u00e9 signat\u00e1ria do Pacto Empresarial pela Integridade e Contra a Corrup\u00e7\u00e3o, promovido pelo Instituto Ethos","robots":{"index":"index","follow":"follow","max-snippet":"max-snippet:-1","max-image-preview":"max-image-preview:large","max-video-preview":"max-video-preview:-1"},"canonical":"https:\/\/aliancasocial.org\/en\/mais-um-marco-de-integridade-e-transparencia-para-a-alianca-de-misericordia\/","og_locale":"en_US","og_type":"article","og_title":"Mais um marco de integridade e transpar\u00eancia para a Alian\u00e7a de Miseric\u00f3rdia!","og_description":"Temos o orgulho de anunciar que a Alian\u00e7a de Miseric\u00f3rdia agora \u00e9 signat\u00e1ria do Pacto Empresarial pela Integridade e Contra a Corrup\u00e7\u00e3o, promovido pelo Instituto Ethos","og_url":"https:\/\/aliancasocial.org\/en\/mais-um-marco-de-integridade-e-transparencia-para-a-alianca-de-misericordia\/","og_site_name":"Alian\u00e7a de Miseric\u00f3rdia","article_publisher":"https:\/\/www.facebook.com\/iesmisericordia\/","article_published_time":"2025-01-23T13:56:42+00:00","article_modified_time":"2025-01-23T13:56:53+00:00","og_image":[{"width":2560,"height":1280,"url":"https:\/\/aliancasocial.org\/wp-content\/uploads\/2025\/01\/GEPEF-Banner-me\u0301dio-formato-EUA-horizontal4.png","type":"image\/png"}],"author":"Fernanda Monzambani","twitter_card":"summary_large_image","twitter_misc":{"Written by":"Fernanda Monzambani","Est. reading time":"1 minute"},"schema":{"@context":"https:\/\/schema.org","@graph":[{"@type":"Article","@id":"https:\/\/aliancasocial.org\/mais-um-marco-de-integridade-e-transparencia-para-a-alianca-de-misericordia\/#article","isPartOf":{"@id":"https:\/\/aliancasocial.org\/mais-um-marco-de-integridade-e-transparencia-para-a-alianca-de-misericordia\/"},"author":{"name":"Fernanda Monzambani","@id":"https:\/\/aliancasocial.org\/#\/schema\/person\/73a690df527bfd7df78ba35714ff67d4"},"headline":"Mais um marco de integridade e transpar\u00eancia para a Alian\u00e7a de Miseric\u00f3rdia!","datePublished":"2025-01-23T13:56:42+00:00","dateModified":"2025-01-23T13:56:53+00:00","mainEntityOfPage":{"@id":"https:\/\/aliancasocial.org\/mais-um-marco-de-integridade-e-transparencia-para-a-alianca-de-misericordia\/"},"wordCount":151,"publisher":{"@id":"https:\/\/aliancasocial.org\/#organization"},"image":{"@id":"https:\/\/aliancasocial.org\/mais-um-marco-de-integridade-e-transparencia-para-a-alianca-de-misericordia\/#primaryimage"},"thumbnailUrl":"https:\/\/aliancasocial.org\/wp-content\/uploads\/2025\/01\/GEPEF-Banner-me\u0301dio-formato-EUA-horizontal4.png","articleSection":["Transpar\u00eancia"],"inLanguage":"en-US"},{"@type":"WebPage","@id":"https:\/\/aliancasocial.org\/mais-um-marco-de-integridade-e-transparencia-para-a-alianca-de-misericordia\/","url":"https:\/\/aliancasocial.org\/mais-um-marco-de-integridade-e-transparencia-para-a-alianca-de-misericordia\/","name":"Another milestone of integrity and transparency for the Alliance of Mercy!","isPartOf":{"@id":"https:\/\/aliancasocial.org\/#website"},"primaryImageOfPage":{"@id":"https:\/\/aliancasocial.org\/mais-um-marco-de-integridade-e-transparencia-para-a-alianca-de-misericordia\/#primaryimage"},"image":{"@id":"https:\/\/aliancasocial.org\/mais-um-marco-de-integridade-e-transparencia-para-a-alianca-de-misericordia\/#primaryimage"},"thumbnailUrl":"https:\/\/aliancasocial.org\/wp-content\/uploads\/2025\/01\/GEPEF-Banner-me\u0301dio-formato-EUA-horizontal4.png","datePublished":"2025-01-23T13:56:42+00:00","dateModified":"2025-01-23T13:56:53+00:00","description":"Temos o orgulho de anunciar que a Alian\u00e7a de Miseric\u00f3rdia agora \u00e9 signat\u00e1ria do Pacto Empresarial pela Integridade e Contra a Corrup\u00e7\u00e3o, promovido pelo Instituto Ethos","breadcrumb":{"@id":"https:\/\/aliancasocial.org\/mais-um-marco-de-integridade-e-transparencia-para-a-alianca-de-misericordia\/#breadcrumb"},"inLanguage":"en-US","potentialAction":[{"@type":"ReadAction","target":["https:\/\/aliancasocial.org\/mais-um-marco-de-integridade-e-transparencia-para-a-alianca-de-misericordia\/"]}]},{"@type":"ImageObject","inLanguage":"en-US","@id":"https:\/\/aliancasocial.org\/mais-um-marco-de-integridade-e-transparencia-para-a-alianca-de-misericordia\/#primaryimage","url":"https:\/\/aliancasocial.org\/wp-content\/uploads\/2025\/01\/GEPEF-Banner-me\u0301dio-formato-EUA-horizontal4.png","contentUrl":"https:\/\/aliancasocial.org\/wp-content\/uploads\/2025\/01\/GEPEF-Banner-me\u0301dio-formato-EUA-horizontal4.png","width":2560,"height":1280},{"@type":"BreadcrumbList","@id":"https:\/\/aliancasocial.org\/mais-um-marco-de-integridade-e-transparencia-para-a-alianca-de-misericordia\/#breadcrumb","itemListElement":[{"@type":"ListItem","position":1,"name":"In\u00edcio","item":"https:\/\/aliancasocial.org\/en\/"},{"@type":"ListItem","position":2,"name":"Mais um marco de integridade e transpar\u00eancia para a Alian\u00e7a de Miseric\u00f3rdia!"}]},{"@type":"WebSite","@id":"https:\/\/aliancasocial.org\/#website","url":"https:\/\/aliancasocial.org\/","name":"Covenant of Mercy","description":"Bringing human dignity to every corner of the world","publisher":{"@id":"https:\/\/aliancasocial.org\/#organization"},"potentialAction":[{"@type":"SearchAction","target":{"@type":"EntryPoint","urlTemplate":"https:\/\/aliancasocial.org\/?s={search_term_string}"},"query-input":{"@type":"PropertyValueSpecification","valueRequired":true,"valueName":"search_term_string"}}],"inLanguage":"en-US"},{"@type":"Organization","@id":"https:\/\/aliancasocial.org\/#organization","name":"Covenant of Mercy","url":"https:\/\/aliancasocial.org\/","logo":{"@type":"ImageObject","inLanguage":"en-US","@id":"https:\/\/aliancasocial.org\/#\/schema\/logo\/image\/","url":"https:\/\/aliancasocial.org\/wp-content\/uploads\/2022\/07\/logo-alianca-marrom.svg","contentUrl":"https:\/\/aliancasocial.org\/wp-content\/uploads\/2022\/07\/logo-alianca-marrom.svg","width":91,"height":33,"caption":"Alian\u00e7a de Miseric\u00f3rdia"},"image":{"@id":"https:\/\/aliancasocial.org\/#\/schema\/logo\/image\/"},"sameAs":["https:\/\/www.facebook.com\/iesmisericordia\/","https:\/\/www.instagram.com\/aliancademisericordia\/"]},{"@type":"Person","@id":"https:\/\/aliancasocial.org\/#\/schema\/person\/73a690df527bfd7df78ba35714ff67d4","name":"Fernanda Monzambani","image":{"@type":"ImageObject","inLanguage":"en-US","@id":"https:\/\/secure.gravatar.com\/avatar\/aa6d89063e21cd9638051b6cd0602c108d4b79b0898534c712d68409f7e5b64c?s=96&d=mm&r=g","url":"https:\/\/secure.gravatar.com\/avatar\/aa6d89063e21cd9638051b6cd0602c108d4b79b0898534c712d68409f7e5b64c?s=96&d=mm&r=g","contentUrl":"https:\/\/secure.gravatar.com\/avatar\/aa6d89063e21cd9638051b6cd0602c108d4b79b0898534c712d68409f7e5b64c?s=96&d=mm&r=g","caption":"Fernanda Monzambani"},"url":"https:\/\/aliancasocial.org\/en\/author\/fernanda\/"}]}},"_links":{"self":[{"href":"https:\/\/aliancasocial.org\/en\/wp-json\/wp\/v2\/posts\/11724","targetHints":{"allow":["GET"]}}],"collection":[{"href":"https:\/\/aliancasocial.org\/en\/wp-json\/wp\/v2\/posts"}],"about":[{"href":"https:\/\/aliancasocial.org\/en\/wp-json\/wp\/v2\/types\/post"}],"author":[{"embeddable":true,"href":"https:\/\/aliancasocial.org\/en\/wp-json\/wp\/v2\/users\/8"}],"replies":[{"embeddable":true,"href":"https:\/\/aliancasocial.org\/en\/wp-json\/wp\/v2\/comments?post=11724"}],"version-history":[{"count":1,"href":"https:\/\/aliancasocial.org\/en\/wp-json\/wp\/v2\/posts\/11724\/revisions"}],"predecessor-version":[{"id":11727,"href":"https:\/\/aliancasocial.org\/en\/wp-json\/wp\/v2\/posts\/11724\/revisions\/11727"}],"wp:featuredmedia":[{"embeddable":true,"href":"https:\/\/aliancasocial.org\/en\/wp-json\/wp\/v2\/media\/11726"}],"wp:attachment":[{"href":"https:\/\/aliancasocial.org\/en\/wp-json\/wp\/v2\/media?parent=11724"}],"wp:term":[{"taxonomy":"category","embeddable":true,"href":"https:\/\/aliancasocial.org\/en\/wp-json\/wp\/v2\/categories?post=11724"},{"taxonomy":"post_tag","embeddable":true,"href":"https:\/\/aliancasocial.org\/en\/wp-json\/wp\/v2\/tags?post=11724"},{"taxonomy":"destaques","embeddable":true,"href":"https:\/\/aliancasocial.org\/en\/wp-json\/wp\/v2\/destaques?post=11724"}],"curies":[{"name":"wp","href":"https:\/\/api.w.org\/{rel}","templated":true}]}}