{"id":11730,"date":"2025-02-04T18:31:00","date_gmt":"2025-02-04T21:31:00","guid":{"rendered":"https:\/\/aliancasocial.org\/?p=11730"},"modified":"2025-02-05T10:32:18","modified_gmt":"2025-02-05T13:32:18","slug":"casa-restaura-me-da-alianca-de-misericordia-recebe-doacao-de-organicos-da-horta-da-cidade-para-reforcar-a-alimentacao-de-pessoas-em-situacao-de-rua","status":"publish","type":"post","link":"https:\/\/aliancasocial.org\/en\/casa-restaura-me-da-alianca-de-misericordia-recebe-doacao-de-organicos-da-horta-da-cidade-para-reforcar-a-alimentacao-de-pessoas-em-situacao-de-rua\/","title":{"rendered":"Casa Restaura-me of the Alliance of Mercy receives donation of organic products from Horta da Cidade to reinforce the diet of homeless people\u00a0"},"content":{"rendered":"<p>On February 4th, Casa Restaura-me, a project by Alian\u00e7a de Miseric\u00f3rdia focused on the shelter and social reintegration of homeless people, received a donation of organic food from Horta da Cidade, located in the S\u00e3o Paulo City Council. The initiative is part of the Sampa+Rural program, which seeks to strengthen urban agriculture in the city of S\u00e3o Paulo and ensure that the food produced is destined for entities that serve vulnerable populations. It is currently administered by the Municipal Secretariat for Economic Development and Labor (SMDET), under the management of Rodrigo Goulart.&nbsp;<\/p>\n\n\n\n<p>The donation process began with the harvesting of produce directly from the Horta da Cidade. The food was then transported to Casa Restaura-me, located in the Br\u00e1s neighborhood, and received by the employees of the social project and sent to the kitchen to prepare the daily meals of the people receiving assistance.&nbsp;<\/p>\n\n\n\n<p>The Horta da Cidade is a project with great social impact, located in an area of 2,100 m\u00b2 in the City Hall and the model garden aims to produce healthy food, without pesticides, and to promote training in agroecology.&nbsp;<\/p>\n\n\n\n<p><em>\u201cIt is very important to support this initiative. In addition to the production that is being done, an urban garden in the middle of the city center, next to the City Hall, will produce 1 ton per month. In addition to the production, it will promote the qualification of people who can replicate models like this throughout the city. And much more, the production will go directly to entities like Alian\u00e7a, a great partner that will take the products to those who really need it, the vulnerable people.\u201d<\/em>, explains Secretary Rodrigo Goulart.&nbsp;&nbsp;<\/p>\n\n\n\n<p>For Casa Restaura-me, this donation represents an important reinforcement in the nutritional quality of the meals served daily to more than 600 homeless people. The project, maintained by Alian\u00e7a de Miseric\u00f3rdia, offers assistance to beneficiaries and, in addition to food and hygiene, psychosocial, medical and legal support, professional training courses and various activities are provided.&nbsp;&nbsp;<\/p>\n\n\n\n<h2 class=\"wp-block-heading\"><strong>RECOGNITION<\/strong>&nbsp;<\/h2>\n\n\n\n<p>The service provided by Casa Restaura-me has been widely recognized by civil society and public authorities. In 2022, the initiative received the <strong>Human Rights and Diversity Seal<\/strong>, granted by the Municipal Secretariat for Human Rights and Citizenship of the City of S\u00e3o Paulo. Within the criteria of homeless population and transversality, two actions of Casa Restaura-me were awarded for their good inclusion practices: <strong>Financial Education Program<\/strong>, developed at Casa Restaura-me (SP), and the campaign <strong>\u201cDonate Hope\u201d<\/strong>.&nbsp;<\/p>\n\n\n\n<p>In 2023, Casa Restaura-me was honored with the <strong>\u201cSilver Salve\u201d<\/strong>, delivered at a Solemn Session held at the project itself. This honor is granted to institutions, social organizations, foundations or entities in recognition of services rendered to the city of S\u00e3o Paulo.&nbsp;<\/p>\n\n\n\n<p>In 2024, the <strong>Covenant of Mercy<\/strong> won a place in the <strong>Top 10<\/strong> from the Social Actions category <strong>iBest Award<\/strong>, the largest award in Brazil aimed at recognizing the highlights of the internet in the country. The institution was selected for this exclusive group thanks to its commitment, dedication and significant impact through its social actions.&nbsp;<\/p>","protected":false},"excerpt":{"rendered":"<p>Neste dia 04 de fevereiro, a Casa Restaura-me, projeto da Alian\u00e7a de Miseric\u00f3rdia voltado para o acolhimento e reinser\u00e7\u00e3o social de pessoas em situa\u00e7\u00e3o de rua, recebeu a doa\u00e7\u00e3o de alimentos org\u00e2nicos da Horta da Cidade, localizada na C\u00e2mara Municipal de S\u00e3o Paulo. A iniciativa faz parte do programa Sampa+Rural, que busca fortalecer a agricultura [&hellip;]<\/p>\n","protected":false},"author":8,"featured_media":11731,"comment_status":"closed","ping_status":"closed","sticky":false,"template":"","format":"standard","meta":{"footnotes":""},"categories":[10],"tags":[],"destaques":[37],"class_list":["post-11730","post","type-post","status-publish","format-standard","has-post-thumbnail","hentry","category-sustentabilidade","destaques-destaque-02"],"yoast_head":"<!-- This site is optimized with the Yoast SEO plugin v27.4 - https:\/\/yoast.com\/product\/yoast-seo-wordpress\/ -->\n<title>Casa Restaura-me da Alian\u00e7a de Miseric\u00f3rdia recebe doa\u00e7\u00e3o de org\u00e2nicos da Horta da Cidade para refor\u00e7ar a alimenta\u00e7\u00e3o de pessoas em situa\u00e7\u00e3o de rua\u00a0 - Alian\u00e7a de Miseric\u00f3rdia<\/title>\n<meta name=\"robots\" content=\"index, follow, max-snippet:-1, max-image-preview:large, max-video-preview:-1\" \/>\n<link rel=\"canonical\" href=\"https:\/\/aliancasocial.org\/en\/casa-restaura-me-da-alianca-de-misericordia-recebe-doacao-de-organicos-da-horta-da-cidade-para-reforcar-a-alimentacao-de-pessoas-em-situacao-de-rua\/\" \/>\n<meta property=\"og:locale\" content=\"en_US\" \/>\n<meta property=\"og:type\" content=\"article\" \/>\n<meta property=\"og:title\" content=\"Casa Restaura-me da Alian\u00e7a de Miseric\u00f3rdia recebe doa\u00e7\u00e3o de org\u00e2nicos da Horta da Cidade para refor\u00e7ar a alimenta\u00e7\u00e3o de pessoas em situa\u00e7\u00e3o de rua\u00a0 - Alian\u00e7a de Miseric\u00f3rdia\" \/>\n<meta property=\"og:description\" content=\"Neste dia 04 de fevereiro, a Casa Restaura-me, projeto da Alian\u00e7a de Miseric\u00f3rdia voltado para o acolhimento e reinser\u00e7\u00e3o social de pessoas em situa\u00e7\u00e3o de rua, recebeu a doa\u00e7\u00e3o de alimentos org\u00e2nicos da Horta da Cidade, localizada na C\u00e2mara Municipal de S\u00e3o Paulo. A iniciativa faz parte do programa Sampa+Rural, que busca fortalecer a agricultura [&hellip;]\" \/>\n<meta property=\"og:url\" content=\"https:\/\/aliancasocial.org\/en\/casa-restaura-me-da-alianca-de-misericordia-recebe-doacao-de-organicos-da-horta-da-cidade-para-reforcar-a-alimentacao-de-pessoas-em-situacao-de-rua\/\" \/>\n<meta property=\"og:site_name\" content=\"Alian\u00e7a de Miseric\u00f3rdia\" \/>\n<meta property=\"article:publisher\" content=\"https:\/\/www.facebook.com\/iesmisericordia\/\" \/>\n<meta property=\"article:published_time\" content=\"2025-02-04T21:31:00+00:00\" \/>\n<meta property=\"article:modified_time\" content=\"2025-02-05T13:32:18+00:00\" \/>\n<meta property=\"og:image\" content=\"https:\/\/aliancasocial.org\/wp-content\/uploads\/2025\/02\/HEM01532-scaled.jpg\" \/>\n\t<meta property=\"og:image:width\" content=\"2560\" \/>\n\t<meta property=\"og:image:height\" content=\"1441\" \/>\n\t<meta property=\"og:image:type\" content=\"image\/jpeg\" \/>\n<meta name=\"author\" content=\"Fernanda Monzambani\" \/>\n<meta name=\"twitter:card\" content=\"summary_large_image\" \/>\n<meta name=\"twitter:label1\" content=\"Written by\" \/>\n\t<meta name=\"twitter:data1\" content=\"Fernanda Monzambani\" \/>\n\t<meta name=\"twitter:label2\" content=\"Est. reading time\" \/>\n\t<meta name=\"twitter:data2\" content=\"3 minutes\" \/>\n<script type=\"application\/ld+json\" class=\"yoast-schema-graph\">{\"@context\":\"https:\\\/\\\/schema.org\",\"@graph\":[{\"@type\":\"Article\",\"@id\":\"https:\\\/\\\/aliancasocial.org\\\/casa-restaura-me-da-alianca-de-misericordia-recebe-doacao-de-organicos-da-horta-da-cidade-para-reforcar-a-alimentacao-de-pessoas-em-situacao-de-rua\\\/#article\",\"isPartOf\":{\"@id\":\"https:\\\/\\\/aliancasocial.org\\\/casa-restaura-me-da-alianca-de-misericordia-recebe-doacao-de-organicos-da-horta-da-cidade-para-reforcar-a-alimentacao-de-pessoas-em-situacao-de-rua\\\/\"},\"author\":{\"name\":\"Fernanda Monzambani\",\"@id\":\"https:\\\/\\\/aliancasocial.org\\\/#\\\/schema\\\/person\\\/73a690df527bfd7df78ba35714ff67d4\"},\"headline\":\"Casa Restaura-me da Alian\u00e7a de Miseric\u00f3rdia recebe doa\u00e7\u00e3o de org\u00e2nicos da Horta da Cidade para refor\u00e7ar a alimenta\u00e7\u00e3o de pessoas em situa\u00e7\u00e3o de rua\u00a0\",\"datePublished\":\"2025-02-04T21:31:00+00:00\",\"dateModified\":\"2025-02-05T13:32:18+00:00\",\"mainEntityOfPage\":{\"@id\":\"https:\\\/\\\/aliancasocial.org\\\/casa-restaura-me-da-alianca-de-misericordia-recebe-doacao-de-organicos-da-horta-da-cidade-para-reforcar-a-alimentacao-de-pessoas-em-situacao-de-rua\\\/\"},\"wordCount\":603,\"publisher\":{\"@id\":\"https:\\\/\\\/aliancasocial.org\\\/#organization\"},\"image\":{\"@id\":\"https:\\\/\\\/aliancasocial.org\\\/casa-restaura-me-da-alianca-de-misericordia-recebe-doacao-de-organicos-da-horta-da-cidade-para-reforcar-a-alimentacao-de-pessoas-em-situacao-de-rua\\\/#primaryimage\"},\"thumbnailUrl\":\"https:\\\/\\\/aliancasocial.org\\\/wp-content\\\/uploads\\\/2025\\\/02\\\/HEM01532-scaled.jpg\",\"articleSection\":[\"Sustentabilidade\"],\"inLanguage\":\"en-US\"},{\"@type\":\"WebPage\",\"@id\":\"https:\\\/\\\/aliancasocial.org\\\/casa-restaura-me-da-alianca-de-misericordia-recebe-doacao-de-organicos-da-horta-da-cidade-para-reforcar-a-alimentacao-de-pessoas-em-situacao-de-rua\\\/\",\"url\":\"https:\\\/\\\/aliancasocial.org\\\/casa-restaura-me-da-alianca-de-misericordia-recebe-doacao-de-organicos-da-horta-da-cidade-para-reforcar-a-alimentacao-de-pessoas-em-situacao-de-rua\\\/\",\"name\":\"Casa Restaura-me da Alian\u00e7a de Miseric\u00f3rdia recebe doa\u00e7\u00e3o de org\u00e2nicos da Horta da Cidade para refor\u00e7ar a alimenta\u00e7\u00e3o de pessoas em situa\u00e7\u00e3o de rua\u00a0 - Alian\u00e7a de Miseric\u00f3rdia\",\"isPartOf\":{\"@id\":\"https:\\\/\\\/aliancasocial.org\\\/#website\"},\"primaryImageOfPage\":{\"@id\":\"https:\\\/\\\/aliancasocial.org\\\/casa-restaura-me-da-alianca-de-misericordia-recebe-doacao-de-organicos-da-horta-da-cidade-para-reforcar-a-alimentacao-de-pessoas-em-situacao-de-rua\\\/#primaryimage\"},\"image\":{\"@id\":\"https:\\\/\\\/aliancasocial.org\\\/casa-restaura-me-da-alianca-de-misericordia-recebe-doacao-de-organicos-da-horta-da-cidade-para-reforcar-a-alimentacao-de-pessoas-em-situacao-de-rua\\\/#primaryimage\"},\"thumbnailUrl\":\"https:\\\/\\\/aliancasocial.org\\\/wp-content\\\/uploads\\\/2025\\\/02\\\/HEM01532-scaled.jpg\",\"datePublished\":\"2025-02-04T21:31:00+00:00\",\"dateModified\":\"2025-02-05T13:32:18+00:00\",\"breadcrumb\":{\"@id\":\"https:\\\/\\\/aliancasocial.org\\\/casa-restaura-me-da-alianca-de-misericordia-recebe-doacao-de-organicos-da-horta-da-cidade-para-reforcar-a-alimentacao-de-pessoas-em-situacao-de-rua\\\/#breadcrumb\"},\"inLanguage\":\"en-US\",\"potentialAction\":[{\"@type\":\"ReadAction\",\"target\":[\"https:\\\/\\\/aliancasocial.org\\\/casa-restaura-me-da-alianca-de-misericordia-recebe-doacao-de-organicos-da-horta-da-cidade-para-reforcar-a-alimentacao-de-pessoas-em-situacao-de-rua\\\/\"]}]},{\"@type\":\"ImageObject\",\"inLanguage\":\"en-US\",\"@id\":\"https:\\\/\\\/aliancasocial.org\\\/casa-restaura-me-da-alianca-de-misericordia-recebe-doacao-de-organicos-da-horta-da-cidade-para-reforcar-a-alimentacao-de-pessoas-em-situacao-de-rua\\\/#primaryimage\",\"url\":\"https:\\\/\\\/aliancasocial.org\\\/wp-content\\\/uploads\\\/2025\\\/02\\\/HEM01532-scaled.jpg\",\"contentUrl\":\"https:\\\/\\\/aliancasocial.org\\\/wp-content\\\/uploads\\\/2025\\\/02\\\/HEM01532-scaled.jpg\",\"width\":2560,\"height\":1441},{\"@type\":\"BreadcrumbList\",\"@id\":\"https:\\\/\\\/aliancasocial.org\\\/casa-restaura-me-da-alianca-de-misericordia-recebe-doacao-de-organicos-da-horta-da-cidade-para-reforcar-a-alimentacao-de-pessoas-em-situacao-de-rua\\\/#breadcrumb\",\"itemListElement\":[{\"@type\":\"ListItem\",\"position\":1,\"name\":\"In\u00edcio\",\"item\":\"https:\\\/\\\/aliancasocial.org\\\/en\\\/\"},{\"@type\":\"ListItem\",\"position\":2,\"name\":\"Casa Restaura-me da Alian\u00e7a de Miseric\u00f3rdia recebe doa\u00e7\u00e3o de org\u00e2nicos da Horta da Cidade para refor\u00e7ar a alimenta\u00e7\u00e3o de pessoas em situa\u00e7\u00e3o de rua\u00a0\"}]},{\"@type\":\"WebSite\",\"@id\":\"https:\\\/\\\/aliancasocial.org\\\/#website\",\"url\":\"https:\\\/\\\/aliancasocial.org\\\/\",\"name\":\"Alian\u00e7a de Miseric\u00f3rdia\",\"description\":\"Levando dignidade humana a todos os cantos do mundo\",\"publisher\":{\"@id\":\"https:\\\/\\\/aliancasocial.org\\\/#organization\"},\"potentialAction\":[{\"@type\":\"SearchAction\",\"target\":{\"@type\":\"EntryPoint\",\"urlTemplate\":\"https:\\\/\\\/aliancasocial.org\\\/?s={search_term_string}\"},\"query-input\":{\"@type\":\"PropertyValueSpecification\",\"valueRequired\":true,\"valueName\":\"search_term_string\"}}],\"inLanguage\":\"en-US\"},{\"@type\":\"Organization\",\"@id\":\"https:\\\/\\\/aliancasocial.org\\\/#organization\",\"name\":\"Alian\u00e7a de Miseric\u00f3rdia\",\"url\":\"https:\\\/\\\/aliancasocial.org\\\/\",\"logo\":{\"@type\":\"ImageObject\",\"inLanguage\":\"en-US\",\"@id\":\"https:\\\/\\\/aliancasocial.org\\\/#\\\/schema\\\/logo\\\/image\\\/\",\"url\":\"https:\\\/\\\/aliancasocial.org\\\/wp-content\\\/uploads\\\/2022\\\/07\\\/logo-alianca-marrom.svg\",\"contentUrl\":\"https:\\\/\\\/aliancasocial.org\\\/wp-content\\\/uploads\\\/2022\\\/07\\\/logo-alianca-marrom.svg\",\"width\":91,\"height\":33,\"caption\":\"Alian\u00e7a de Miseric\u00f3rdia\"},\"image\":{\"@id\":\"https:\\\/\\\/aliancasocial.org\\\/#\\\/schema\\\/logo\\\/image\\\/\"},\"sameAs\":[\"https:\\\/\\\/www.facebook.com\\\/iesmisericordia\\\/\",\"https:\\\/\\\/www.instagram.com\\\/aliancademisericordia\\\/\"]},{\"@type\":\"Person\",\"@id\":\"https:\\\/\\\/aliancasocial.org\\\/#\\\/schema\\\/person\\\/73a690df527bfd7df78ba35714ff67d4\",\"name\":\"Fernanda Monzambani\",\"image\":{\"@type\":\"ImageObject\",\"inLanguage\":\"en-US\",\"@id\":\"https:\\\/\\\/secure.gravatar.com\\\/avatar\\\/aa6d89063e21cd9638051b6cd0602c108d4b79b0898534c712d68409f7e5b64c?s=96&d=mm&r=g\",\"url\":\"https:\\\/\\\/secure.gravatar.com\\\/avatar\\\/aa6d89063e21cd9638051b6cd0602c108d4b79b0898534c712d68409f7e5b64c?s=96&d=mm&r=g\",\"contentUrl\":\"https:\\\/\\\/secure.gravatar.com\\\/avatar\\\/aa6d89063e21cd9638051b6cd0602c108d4b79b0898534c712d68409f7e5b64c?s=96&d=mm&r=g\",\"caption\":\"Fernanda Monzambani\"},\"url\":\"https:\\\/\\\/aliancasocial.org\\\/en\\\/author\\\/fernanda\\\/\"}]}<\/script>\n<!-- \/ Yoast SEO plugin. -->","yoast_head_json":{"title":"The Casa Restaura-me of the Alliance of Mercy receives a donation of organic food from Horta da Cidade to reinforce the nutrition of homeless people - Alliance of Mercy","robots":{"index":"index","follow":"follow","max-snippet":"max-snippet:-1","max-image-preview":"max-image-preview:large","max-video-preview":"max-video-preview:-1"},"canonical":"https:\/\/aliancasocial.org\/en\/casa-restaura-me-da-alianca-de-misericordia-recebe-doacao-de-organicos-da-horta-da-cidade-para-reforcar-a-alimentacao-de-pessoas-em-situacao-de-rua\/","og_locale":"en_US","og_type":"article","og_title":"Casa Restaura-me da Alian\u00e7a de Miseric\u00f3rdia recebe doa\u00e7\u00e3o de org\u00e2nicos da Horta da Cidade para refor\u00e7ar a alimenta\u00e7\u00e3o de pessoas em situa\u00e7\u00e3o de rua\u00a0 - Alian\u00e7a de Miseric\u00f3rdia","og_description":"Neste dia 04 de fevereiro, a Casa Restaura-me, projeto da Alian\u00e7a de Miseric\u00f3rdia voltado para o acolhimento e reinser\u00e7\u00e3o social de pessoas em situa\u00e7\u00e3o de rua, recebeu a doa\u00e7\u00e3o de alimentos org\u00e2nicos da Horta da Cidade, localizada na C\u00e2mara Municipal de S\u00e3o Paulo. A iniciativa faz parte do programa Sampa+Rural, que busca fortalecer a agricultura [&hellip;]","og_url":"https:\/\/aliancasocial.org\/en\/casa-restaura-me-da-alianca-de-misericordia-recebe-doacao-de-organicos-da-horta-da-cidade-para-reforcar-a-alimentacao-de-pessoas-em-situacao-de-rua\/","og_site_name":"Alian\u00e7a de Miseric\u00f3rdia","article_publisher":"https:\/\/www.facebook.com\/iesmisericordia\/","article_published_time":"2025-02-04T21:31:00+00:00","article_modified_time":"2025-02-05T13:32:18+00:00","og_image":[{"width":2560,"height":1441,"url":"https:\/\/aliancasocial.org\/wp-content\/uploads\/2025\/02\/HEM01532-scaled.jpg","type":"image\/jpeg"}],"author":"Fernanda Monzambani","twitter_card":"summary_large_image","twitter_misc":{"Written by":"Fernanda Monzambani","Est. reading time":"3 minutes"},"schema":{"@context":"https:\/\/schema.org","@graph":[{"@type":"Article","@id":"https:\/\/aliancasocial.org\/casa-restaura-me-da-alianca-de-misericordia-recebe-doacao-de-organicos-da-horta-da-cidade-para-reforcar-a-alimentacao-de-pessoas-em-situacao-de-rua\/#article","isPartOf":{"@id":"https:\/\/aliancasocial.org\/casa-restaura-me-da-alianca-de-misericordia-recebe-doacao-de-organicos-da-horta-da-cidade-para-reforcar-a-alimentacao-de-pessoas-em-situacao-de-rua\/"},"author":{"name":"Fernanda Monzambani","@id":"https:\/\/aliancasocial.org\/#\/schema\/person\/73a690df527bfd7df78ba35714ff67d4"},"headline":"Casa Restaura-me da Alian\u00e7a de Miseric\u00f3rdia recebe doa\u00e7\u00e3o de org\u00e2nicos da Horta da Cidade para refor\u00e7ar a alimenta\u00e7\u00e3o de pessoas em situa\u00e7\u00e3o de rua\u00a0","datePublished":"2025-02-04T21:31:00+00:00","dateModified":"2025-02-05T13:32:18+00:00","mainEntityOfPage":{"@id":"https:\/\/aliancasocial.org\/casa-restaura-me-da-alianca-de-misericordia-recebe-doacao-de-organicos-da-horta-da-cidade-para-reforcar-a-alimentacao-de-pessoas-em-situacao-de-rua\/"},"wordCount":603,"publisher":{"@id":"https:\/\/aliancasocial.org\/#organization"},"image":{"@id":"https:\/\/aliancasocial.org\/casa-restaura-me-da-alianca-de-misericordia-recebe-doacao-de-organicos-da-horta-da-cidade-para-reforcar-a-alimentacao-de-pessoas-em-situacao-de-rua\/#primaryimage"},"thumbnailUrl":"https:\/\/aliancasocial.org\/wp-content\/uploads\/2025\/02\/HEM01532-scaled.jpg","articleSection":["Sustentabilidade"],"inLanguage":"en-US"},{"@type":"WebPage","@id":"https:\/\/aliancasocial.org\/casa-restaura-me-da-alianca-de-misericordia-recebe-doacao-de-organicos-da-horta-da-cidade-para-reforcar-a-alimentacao-de-pessoas-em-situacao-de-rua\/","url":"https:\/\/aliancasocial.org\/casa-restaura-me-da-alianca-de-misericordia-recebe-doacao-de-organicos-da-horta-da-cidade-para-reforcar-a-alimentacao-de-pessoas-em-situacao-de-rua\/","name":"The Casa Restaura-me of the Alliance of Mercy receives a donation of organic food from Horta da Cidade to reinforce the nutrition of homeless people - Alliance of Mercy","isPartOf":{"@id":"https:\/\/aliancasocial.org\/#website"},"primaryImageOfPage":{"@id":"https:\/\/aliancasocial.org\/casa-restaura-me-da-alianca-de-misericordia-recebe-doacao-de-organicos-da-horta-da-cidade-para-reforcar-a-alimentacao-de-pessoas-em-situacao-de-rua\/#primaryimage"},"image":{"@id":"https:\/\/aliancasocial.org\/casa-restaura-me-da-alianca-de-misericordia-recebe-doacao-de-organicos-da-horta-da-cidade-para-reforcar-a-alimentacao-de-pessoas-em-situacao-de-rua\/#primaryimage"},"thumbnailUrl":"https:\/\/aliancasocial.org\/wp-content\/uploads\/2025\/02\/HEM01532-scaled.jpg","datePublished":"2025-02-04T21:31:00+00:00","dateModified":"2025-02-05T13:32:18+00:00","breadcrumb":{"@id":"https:\/\/aliancasocial.org\/casa-restaura-me-da-alianca-de-misericordia-recebe-doacao-de-organicos-da-horta-da-cidade-para-reforcar-a-alimentacao-de-pessoas-em-situacao-de-rua\/#breadcrumb"},"inLanguage":"en-US","potentialAction":[{"@type":"ReadAction","target":["https:\/\/aliancasocial.org\/casa-restaura-me-da-alianca-de-misericordia-recebe-doacao-de-organicos-da-horta-da-cidade-para-reforcar-a-alimentacao-de-pessoas-em-situacao-de-rua\/"]}]},{"@type":"ImageObject","inLanguage":"en-US","@id":"https:\/\/aliancasocial.org\/casa-restaura-me-da-alianca-de-misericordia-recebe-doacao-de-organicos-da-horta-da-cidade-para-reforcar-a-alimentacao-de-pessoas-em-situacao-de-rua\/#primaryimage","url":"https:\/\/aliancasocial.org\/wp-content\/uploads\/2025\/02\/HEM01532-scaled.jpg","contentUrl":"https:\/\/aliancasocial.org\/wp-content\/uploads\/2025\/02\/HEM01532-scaled.jpg","width":2560,"height":1441},{"@type":"BreadcrumbList","@id":"https:\/\/aliancasocial.org\/casa-restaura-me-da-alianca-de-misericordia-recebe-doacao-de-organicos-da-horta-da-cidade-para-reforcar-a-alimentacao-de-pessoas-em-situacao-de-rua\/#breadcrumb","itemListElement":[{"@type":"ListItem","position":1,"name":"In\u00edcio","item":"https:\/\/aliancasocial.org\/en\/"},{"@type":"ListItem","position":2,"name":"Casa Restaura-me da Alian\u00e7a de Miseric\u00f3rdia recebe doa\u00e7\u00e3o de org\u00e2nicos da Horta da Cidade para refor\u00e7ar a alimenta\u00e7\u00e3o de pessoas em situa\u00e7\u00e3o de rua\u00a0"}]},{"@type":"WebSite","@id":"https:\/\/aliancasocial.org\/#website","url":"https:\/\/aliancasocial.org\/","name":"Covenant of Mercy","description":"Bringing human dignity to every corner of the world","publisher":{"@id":"https:\/\/aliancasocial.org\/#organization"},"potentialAction":[{"@type":"SearchAction","target":{"@type":"EntryPoint","urlTemplate":"https:\/\/aliancasocial.org\/?s={search_term_string}"},"query-input":{"@type":"PropertyValueSpecification","valueRequired":true,"valueName":"search_term_string"}}],"inLanguage":"en-US"},{"@type":"Organization","@id":"https:\/\/aliancasocial.org\/#organization","name":"Covenant of Mercy","url":"https:\/\/aliancasocial.org\/","logo":{"@type":"ImageObject","inLanguage":"en-US","@id":"https:\/\/aliancasocial.org\/#\/schema\/logo\/image\/","url":"https:\/\/aliancasocial.org\/wp-content\/uploads\/2022\/07\/logo-alianca-marrom.svg","contentUrl":"https:\/\/aliancasocial.org\/wp-content\/uploads\/2022\/07\/logo-alianca-marrom.svg","width":91,"height":33,"caption":"Alian\u00e7a de Miseric\u00f3rdia"},"image":{"@id":"https:\/\/aliancasocial.org\/#\/schema\/logo\/image\/"},"sameAs":["https:\/\/www.facebook.com\/iesmisericordia\/","https:\/\/www.instagram.com\/aliancademisericordia\/"]},{"@type":"Person","@id":"https:\/\/aliancasocial.org\/#\/schema\/person\/73a690df527bfd7df78ba35714ff67d4","name":"Fernanda Monzambani","image":{"@type":"ImageObject","inLanguage":"en-US","@id":"https:\/\/secure.gravatar.com\/avatar\/aa6d89063e21cd9638051b6cd0602c108d4b79b0898534c712d68409f7e5b64c?s=96&d=mm&r=g","url":"https:\/\/secure.gravatar.com\/avatar\/aa6d89063e21cd9638051b6cd0602c108d4b79b0898534c712d68409f7e5b64c?s=96&d=mm&r=g","contentUrl":"https:\/\/secure.gravatar.com\/avatar\/aa6d89063e21cd9638051b6cd0602c108d4b79b0898534c712d68409f7e5b64c?s=96&d=mm&r=g","caption":"Fernanda Monzambani"},"url":"https:\/\/aliancasocial.org\/en\/author\/fernanda\/"}]}},"_links":{"self":[{"href":"https:\/\/aliancasocial.org\/en\/wp-json\/wp\/v2\/posts\/11730","targetHints":{"allow":["GET"]}}],"collection":[{"href":"https:\/\/aliancasocial.org\/en\/wp-json\/wp\/v2\/posts"}],"about":[{"href":"https:\/\/aliancasocial.org\/en\/wp-json\/wp\/v2\/types\/post"}],"author":[{"embeddable":true,"href":"https:\/\/aliancasocial.org\/en\/wp-json\/wp\/v2\/users\/8"}],"replies":[{"embeddable":true,"href":"https:\/\/aliancasocial.org\/en\/wp-json\/wp\/v2\/comments?post=11730"}],"version-history":[{"count":1,"href":"https:\/\/aliancasocial.org\/en\/wp-json\/wp\/v2\/posts\/11730\/revisions"}],"predecessor-version":[{"id":11732,"href":"https:\/\/aliancasocial.org\/en\/wp-json\/wp\/v2\/posts\/11730\/revisions\/11732"}],"wp:featuredmedia":[{"embeddable":true,"href":"https:\/\/aliancasocial.org\/en\/wp-json\/wp\/v2\/media\/11731"}],"wp:attachment":[{"href":"https:\/\/aliancasocial.org\/en\/wp-json\/wp\/v2\/media?parent=11730"}],"wp:term":[{"taxonomy":"category","embeddable":true,"href":"https:\/\/aliancasocial.org\/en\/wp-json\/wp\/v2\/categories?post=11730"},{"taxonomy":"post_tag","embeddable":true,"href":"https:\/\/aliancasocial.org\/en\/wp-json\/wp\/v2\/tags?post=11730"},{"taxonomy":"destaques","embeddable":true,"href":"https:\/\/aliancasocial.org\/en\/wp-json\/wp\/v2\/destaques?post=11730"}],"curies":[{"name":"wp","href":"https:\/\/api.w.org\/{rel}","templated":true}]}}