{"id":11769,"date":"2025-04-25T11:04:04","date_gmt":"2025-04-25T14:04:04","guid":{"rendered":"https:\/\/aliancasocial.org\/?p=11769"},"modified":"2025-06-02T17:24:50","modified_gmt":"2025-06-02T20:24:50","slug":"alianca-de-misericordia-concorre-novamente-ao-premio-ibest-na-categoria-acoes-sociais-saiba-como-votar","status":"publish","type":"post","link":"https:\/\/aliancasocial.org\/en\/alianca-de-misericordia-concorre-novamente-ao-premio-ibest-na-categoria-acoes-sociais-saiba-como-votar\/","title":{"rendered":"Alian\u00e7a de Miseric\u00f3rdia is competing again for the iBest Award in the Social Actions category: find out how to vote!"},"content":{"rendered":"<p>It is with great joy that we announce that Alian\u00e7a de Miseric\u00f3rdia is competing, for the second consecutive year, for the iBest Award, considered the greatest reference in recognizing the best on the internet in Brazil.<\/p>\n\n\n\n<p>After reaching the TOP 10 in the previous edition, we remain firm in our mission to evangelize and be witnesses of mercy through each social work, counting once again on your support to advance even further on this journey!<\/p>\n\n\n\n<p><strong>What is the iBest Award?<\/strong><\/p>\n\n\n\n<p>O <a href=\"https:\/\/premioibest.com\/o-premio\/\">iBest Award<\/a> is the largest award in Brazil dedicated to recognizing and valuing the best initiatives and content on the internet in various categories. With a focus on digital excellence, the award highlights influencers, institutions and projects that positively impact Brazilian society. The process is entirely online, allowing the public to actively participate through voting.<\/p>\n\n\n\n<p>Being nominated for the iBest Award is a validation of the impact our actions have generated in society. Being among the finalists means that the Alliance&#039;s work is reaching hearts and transforming lives. This recognition also strengthens the visibility of our mission and helps us attract more supporters to our social projects.<\/p>\n\n\n\n<p>The Alliance of Mercy participates in the category <strong>Social Actions<\/strong>, which awards institutions that stand out for promoting social justice, inclusion and assistance to the most vulnerable.<\/p>\n\n\n\n<p><strong>In 2024 we will be in 8th place<\/strong><\/p>\n\n\n\n<p>Thanks to everyone&#039;s support, <strong>we were ranked 8th among the 10 best Social Action projects in the iBest 2024 Awards<\/strong>. Now, we want to go even further and that depends on you!<\/p>\n\n\n\n<p><strong>How to vote for the Alliance of Mercy? (Step by step)<\/strong><\/p>\n\n\n\n<p>You can vote quickly and for free. Here&#039;s how:<\/p>\n\n\n\n<ol start=\"1\" class=\"wp-block-list\">\n<li>Access the link: <a href=\"https:\/\/premioibest.vote\/746198329\">https:\/\/premioibest.vote\/746198329<\/a><\/li>\n\n\n\n<li>Click \u201cVote\u201d<\/li>\n\n\n\n<li>Log in with your Google or Facebook account<\/li>\n\n\n\n<li>Confirm your vote<\/li>\n\n\n\n<li><strong>Repeat this process every day.<\/strong><\/li>\n<\/ol>\n\n\n\n<p><strong>Help spread the word<\/strong><\/p>\n\n\n\n<p>In addition to voting, you can help us even more: <strong>Share this campaign with your friends, family and on your social networks<\/strong>. The more people know and participate, the greater our chances of taking the Alliance to the TOP 20.<\/p>\n\n\n\n<p><a href=\"https:\/\/app.premioibest.com\/votacao\/acoes-sociais\/746198329\">&nbsp;<strong>Vote for the Alliance of Mercy and help us continue transforming lives!<\/strong><\/a><\/p>","protected":false},"excerpt":{"rendered":"<p>\u00c9 com grande alegria que anunciamos que a Alian\u00e7a de Miseric\u00f3rdia est\u00e1 concorrendo, pelo segundo ano consecutivo, ao Pr\u00eamio iBest, considerado a maior refer\u00eancia no reconhecimento do melhor na internet no Brasil. Depois de alcan\u00e7ar o TOP 10 na edi\u00e7\u00e3o anterior seguimos firmes com a miss\u00e3o de evangelizar e ser testemunhas da miseric\u00f3rdia atrav\u00e9s de [&hellip;]<\/p>\n","protected":false},"author":8,"featured_media":11064,"comment_status":"closed","ping_status":"closed","sticky":false,"template":"","format":"standard","meta":{"footnotes":""},"categories":[49],"tags":[],"destaques":[38],"class_list":["post-11769","post","type-post","status-publish","format-standard","has-post-thumbnail","hentry","category-campanhas","destaques-destaque-03"],"yoast_head":"<!-- This site is optimized with the Yoast SEO plugin v27.4 - https:\/\/yoast.com\/product\/yoast-seo-wordpress\/ -->\n<title>Alian\u00e7a de Miseric\u00f3rdia concorre novamente ao Pr\u00eamio iBest na categoria A\u00e7\u00f5es Sociais: saiba como votar! - Alian\u00e7a de Miseric\u00f3rdia<\/title>\n<meta name=\"robots\" content=\"index, follow, max-snippet:-1, max-image-preview:large, max-video-preview:-1\" \/>\n<link rel=\"canonical\" href=\"https:\/\/aliancasocial.org\/en\/alianca-de-misericordia-concorre-novamente-ao-premio-ibest-na-categoria-acoes-sociais-saiba-como-votar\/\" \/>\n<meta property=\"og:locale\" content=\"en_US\" \/>\n<meta property=\"og:type\" content=\"article\" \/>\n<meta property=\"og:title\" content=\"Alian\u00e7a de Miseric\u00f3rdia concorre novamente ao Pr\u00eamio iBest na categoria A\u00e7\u00f5es Sociais: saiba como votar! - Alian\u00e7a de Miseric\u00f3rdia\" \/>\n<meta property=\"og:description\" content=\"\u00c9 com grande alegria que anunciamos que a Alian\u00e7a de Miseric\u00f3rdia est\u00e1 concorrendo, pelo segundo ano consecutivo, ao Pr\u00eamio iBest, considerado a maior refer\u00eancia no reconhecimento do melhor na internet no Brasil. Depois de alcan\u00e7ar o TOP 10 na edi\u00e7\u00e3o anterior seguimos firmes com a miss\u00e3o de evangelizar e ser testemunhas da miseric\u00f3rdia atrav\u00e9s de [&hellip;]\" \/>\n<meta property=\"og:url\" content=\"https:\/\/aliancasocial.org\/en\/alianca-de-misericordia-concorre-novamente-ao-premio-ibest-na-categoria-acoes-sociais-saiba-como-votar\/\" \/>\n<meta property=\"og:site_name\" content=\"Alian\u00e7a de Miseric\u00f3rdia\" \/>\n<meta property=\"article:publisher\" content=\"https:\/\/www.facebook.com\/iesmisericordia\/\" \/>\n<meta property=\"article:published_time\" content=\"2025-04-25T14:04:04+00:00\" \/>\n<meta property=\"article:modified_time\" content=\"2025-06-02T20:24:50+00:00\" \/>\n<meta property=\"og:image\" content=\"https:\/\/aliancasocial.org\/wp-content\/uploads\/2024\/05\/ibest.jpg\" \/>\n\t<meta property=\"og:image:width\" content=\"1200\" \/>\n\t<meta property=\"og:image:height\" content=\"628\" \/>\n\t<meta property=\"og:image:type\" content=\"image\/jpeg\" \/>\n<meta name=\"author\" content=\"Fernanda Monzambani\" \/>\n<meta name=\"twitter:card\" content=\"summary_large_image\" \/>\n<meta name=\"twitter:label1\" content=\"Written by\" \/>\n\t<meta name=\"twitter:data1\" content=\"Fernanda Monzambani\" \/>\n\t<meta name=\"twitter:label2\" content=\"Est. reading time\" \/>\n\t<meta name=\"twitter:data2\" content=\"3 minutes\" \/>\n<script type=\"application\/ld+json\" class=\"yoast-schema-graph\">{\"@context\":\"https:\\\/\\\/schema.org\",\"@graph\":[{\"@type\":\"Article\",\"@id\":\"https:\\\/\\\/aliancasocial.org\\\/alianca-de-misericordia-concorre-novamente-ao-premio-ibest-na-categoria-acoes-sociais-saiba-como-votar\\\/#article\",\"isPartOf\":{\"@id\":\"https:\\\/\\\/aliancasocial.org\\\/alianca-de-misericordia-concorre-novamente-ao-premio-ibest-na-categoria-acoes-sociais-saiba-como-votar\\\/\"},\"author\":{\"name\":\"Fernanda Monzambani\",\"@id\":\"https:\\\/\\\/aliancasocial.org\\\/#\\\/schema\\\/person\\\/73a690df527bfd7df78ba35714ff67d4\"},\"headline\":\"Alian\u00e7a de Miseric\u00f3rdia concorre novamente ao Pr\u00eamio iBest na categoria A\u00e7\u00f5es Sociais: saiba como votar!\",\"datePublished\":\"2025-04-25T14:04:04+00:00\",\"dateModified\":\"2025-06-02T20:24:50+00:00\",\"mainEntityOfPage\":{\"@id\":\"https:\\\/\\\/aliancasocial.org\\\/alianca-de-misericordia-concorre-novamente-ao-premio-ibest-na-categoria-acoes-sociais-saiba-como-votar\\\/\"},\"wordCount\":405,\"publisher\":{\"@id\":\"https:\\\/\\\/aliancasocial.org\\\/#organization\"},\"image\":{\"@id\":\"https:\\\/\\\/aliancasocial.org\\\/alianca-de-misericordia-concorre-novamente-ao-premio-ibest-na-categoria-acoes-sociais-saiba-como-votar\\\/#primaryimage\"},\"thumbnailUrl\":\"https:\\\/\\\/aliancasocial.org\\\/wp-content\\\/uploads\\\/2024\\\/05\\\/ibest.jpg\",\"articleSection\":[\"Campanhas\"],\"inLanguage\":\"en-US\"},{\"@type\":\"WebPage\",\"@id\":\"https:\\\/\\\/aliancasocial.org\\\/alianca-de-misericordia-concorre-novamente-ao-premio-ibest-na-categoria-acoes-sociais-saiba-como-votar\\\/\",\"url\":\"https:\\\/\\\/aliancasocial.org\\\/alianca-de-misericordia-concorre-novamente-ao-premio-ibest-na-categoria-acoes-sociais-saiba-como-votar\\\/\",\"name\":\"Alian\u00e7a de Miseric\u00f3rdia concorre novamente ao Pr\u00eamio iBest na categoria A\u00e7\u00f5es Sociais: saiba como votar! - Alian\u00e7a de Miseric\u00f3rdia\",\"isPartOf\":{\"@id\":\"https:\\\/\\\/aliancasocial.org\\\/#website\"},\"primaryImageOfPage\":{\"@id\":\"https:\\\/\\\/aliancasocial.org\\\/alianca-de-misericordia-concorre-novamente-ao-premio-ibest-na-categoria-acoes-sociais-saiba-como-votar\\\/#primaryimage\"},\"image\":{\"@id\":\"https:\\\/\\\/aliancasocial.org\\\/alianca-de-misericordia-concorre-novamente-ao-premio-ibest-na-categoria-acoes-sociais-saiba-como-votar\\\/#primaryimage\"},\"thumbnailUrl\":\"https:\\\/\\\/aliancasocial.org\\\/wp-content\\\/uploads\\\/2024\\\/05\\\/ibest.jpg\",\"datePublished\":\"2025-04-25T14:04:04+00:00\",\"dateModified\":\"2025-06-02T20:24:50+00:00\",\"breadcrumb\":{\"@id\":\"https:\\\/\\\/aliancasocial.org\\\/alianca-de-misericordia-concorre-novamente-ao-premio-ibest-na-categoria-acoes-sociais-saiba-como-votar\\\/#breadcrumb\"},\"inLanguage\":\"en-US\",\"potentialAction\":[{\"@type\":\"ReadAction\",\"target\":[\"https:\\\/\\\/aliancasocial.org\\\/alianca-de-misericordia-concorre-novamente-ao-premio-ibest-na-categoria-acoes-sociais-saiba-como-votar\\\/\"]}]},{\"@type\":\"ImageObject\",\"inLanguage\":\"en-US\",\"@id\":\"https:\\\/\\\/aliancasocial.org\\\/alianca-de-misericordia-concorre-novamente-ao-premio-ibest-na-categoria-acoes-sociais-saiba-como-votar\\\/#primaryimage\",\"url\":\"https:\\\/\\\/aliancasocial.org\\\/wp-content\\\/uploads\\\/2024\\\/05\\\/ibest.jpg\",\"contentUrl\":\"https:\\\/\\\/aliancasocial.org\\\/wp-content\\\/uploads\\\/2024\\\/05\\\/ibest.jpg\",\"width\":1200,\"height\":628},{\"@type\":\"BreadcrumbList\",\"@id\":\"https:\\\/\\\/aliancasocial.org\\\/alianca-de-misericordia-concorre-novamente-ao-premio-ibest-na-categoria-acoes-sociais-saiba-como-votar\\\/#breadcrumb\",\"itemListElement\":[{\"@type\":\"ListItem\",\"position\":1,\"name\":\"In\u00edcio\",\"item\":\"https:\\\/\\\/aliancasocial.org\\\/en\\\/\"},{\"@type\":\"ListItem\",\"position\":2,\"name\":\"Alian\u00e7a de Miseric\u00f3rdia concorre novamente ao Pr\u00eamio iBest na categoria A\u00e7\u00f5es Sociais: saiba como votar!\"}]},{\"@type\":\"WebSite\",\"@id\":\"https:\\\/\\\/aliancasocial.org\\\/#website\",\"url\":\"https:\\\/\\\/aliancasocial.org\\\/\",\"name\":\"Alian\u00e7a de Miseric\u00f3rdia\",\"description\":\"Levando dignidade humana a todos os cantos do mundo\",\"publisher\":{\"@id\":\"https:\\\/\\\/aliancasocial.org\\\/#organization\"},\"potentialAction\":[{\"@type\":\"SearchAction\",\"target\":{\"@type\":\"EntryPoint\",\"urlTemplate\":\"https:\\\/\\\/aliancasocial.org\\\/?s={search_term_string}\"},\"query-input\":{\"@type\":\"PropertyValueSpecification\",\"valueRequired\":true,\"valueName\":\"search_term_string\"}}],\"inLanguage\":\"en-US\"},{\"@type\":\"Organization\",\"@id\":\"https:\\\/\\\/aliancasocial.org\\\/#organization\",\"name\":\"Alian\u00e7a de Miseric\u00f3rdia\",\"url\":\"https:\\\/\\\/aliancasocial.org\\\/\",\"logo\":{\"@type\":\"ImageObject\",\"inLanguage\":\"en-US\",\"@id\":\"https:\\\/\\\/aliancasocial.org\\\/#\\\/schema\\\/logo\\\/image\\\/\",\"url\":\"https:\\\/\\\/aliancasocial.org\\\/wp-content\\\/uploads\\\/2022\\\/07\\\/logo-alianca-marrom.svg\",\"contentUrl\":\"https:\\\/\\\/aliancasocial.org\\\/wp-content\\\/uploads\\\/2022\\\/07\\\/logo-alianca-marrom.svg\",\"width\":91,\"height\":33,\"caption\":\"Alian\u00e7a de Miseric\u00f3rdia\"},\"image\":{\"@id\":\"https:\\\/\\\/aliancasocial.org\\\/#\\\/schema\\\/logo\\\/image\\\/\"},\"sameAs\":[\"https:\\\/\\\/www.facebook.com\\\/iesmisericordia\\\/\",\"https:\\\/\\\/www.instagram.com\\\/aliancademisericordia\\\/\"]},{\"@type\":\"Person\",\"@id\":\"https:\\\/\\\/aliancasocial.org\\\/#\\\/schema\\\/person\\\/73a690df527bfd7df78ba35714ff67d4\",\"name\":\"Fernanda Monzambani\",\"image\":{\"@type\":\"ImageObject\",\"inLanguage\":\"en-US\",\"@id\":\"https:\\\/\\\/secure.gravatar.com\\\/avatar\\\/aa6d89063e21cd9638051b6cd0602c108d4b79b0898534c712d68409f7e5b64c?s=96&d=mm&r=g\",\"url\":\"https:\\\/\\\/secure.gravatar.com\\\/avatar\\\/aa6d89063e21cd9638051b6cd0602c108d4b79b0898534c712d68409f7e5b64c?s=96&d=mm&r=g\",\"contentUrl\":\"https:\\\/\\\/secure.gravatar.com\\\/avatar\\\/aa6d89063e21cd9638051b6cd0602c108d4b79b0898534c712d68409f7e5b64c?s=96&d=mm&r=g\",\"caption\":\"Fernanda Monzambani\"},\"url\":\"https:\\\/\\\/aliancasocial.org\\\/en\\\/author\\\/fernanda\\\/\"}]}<\/script>\n<!-- \/ Yoast SEO plugin. -->","yoast_head_json":{"title":"Alian\u00e7a de Miseric\u00f3rdia concorre novamente ao Pr\u00eamio iBest na categoria A\u00e7\u00f5es Sociais: saiba como votar! - Alian\u00e7a de Miseric\u00f3rdia","robots":{"index":"index","follow":"follow","max-snippet":"max-snippet:-1","max-image-preview":"max-image-preview:large","max-video-preview":"max-video-preview:-1"},"canonical":"https:\/\/aliancasocial.org\/en\/alianca-de-misericordia-concorre-novamente-ao-premio-ibest-na-categoria-acoes-sociais-saiba-como-votar\/","og_locale":"en_US","og_type":"article","og_title":"Alian\u00e7a de Miseric\u00f3rdia concorre novamente ao Pr\u00eamio iBest na categoria A\u00e7\u00f5es Sociais: saiba como votar! - Alian\u00e7a de Miseric\u00f3rdia","og_description":"\u00c9 com grande alegria que anunciamos que a Alian\u00e7a de Miseric\u00f3rdia est\u00e1 concorrendo, pelo segundo ano consecutivo, ao Pr\u00eamio iBest, considerado a maior refer\u00eancia no reconhecimento do melhor na internet no Brasil. Depois de alcan\u00e7ar o TOP 10 na edi\u00e7\u00e3o anterior seguimos firmes com a miss\u00e3o de evangelizar e ser testemunhas da miseric\u00f3rdia atrav\u00e9s de [&hellip;]","og_url":"https:\/\/aliancasocial.org\/en\/alianca-de-misericordia-concorre-novamente-ao-premio-ibest-na-categoria-acoes-sociais-saiba-como-votar\/","og_site_name":"Alian\u00e7a de Miseric\u00f3rdia","article_publisher":"https:\/\/www.facebook.com\/iesmisericordia\/","article_published_time":"2025-04-25T14:04:04+00:00","article_modified_time":"2025-06-02T20:24:50+00:00","og_image":[{"width":1200,"height":628,"url":"https:\/\/aliancasocial.org\/wp-content\/uploads\/2024\/05\/ibest.jpg","type":"image\/jpeg"}],"author":"Fernanda Monzambani","twitter_card":"summary_large_image","twitter_misc":{"Written by":"Fernanda Monzambani","Est. reading time":"3 minutes"},"schema":{"@context":"https:\/\/schema.org","@graph":[{"@type":"Article","@id":"https:\/\/aliancasocial.org\/alianca-de-misericordia-concorre-novamente-ao-premio-ibest-na-categoria-acoes-sociais-saiba-como-votar\/#article","isPartOf":{"@id":"https:\/\/aliancasocial.org\/alianca-de-misericordia-concorre-novamente-ao-premio-ibest-na-categoria-acoes-sociais-saiba-como-votar\/"},"author":{"name":"Fernanda Monzambani","@id":"https:\/\/aliancasocial.org\/#\/schema\/person\/73a690df527bfd7df78ba35714ff67d4"},"headline":"Alian\u00e7a de Miseric\u00f3rdia concorre novamente ao Pr\u00eamio iBest na categoria A\u00e7\u00f5es Sociais: saiba como votar!","datePublished":"2025-04-25T14:04:04+00:00","dateModified":"2025-06-02T20:24:50+00:00","mainEntityOfPage":{"@id":"https:\/\/aliancasocial.org\/alianca-de-misericordia-concorre-novamente-ao-premio-ibest-na-categoria-acoes-sociais-saiba-como-votar\/"},"wordCount":405,"publisher":{"@id":"https:\/\/aliancasocial.org\/#organization"},"image":{"@id":"https:\/\/aliancasocial.org\/alianca-de-misericordia-concorre-novamente-ao-premio-ibest-na-categoria-acoes-sociais-saiba-como-votar\/#primaryimage"},"thumbnailUrl":"https:\/\/aliancasocial.org\/wp-content\/uploads\/2024\/05\/ibest.jpg","articleSection":["Campanhas"],"inLanguage":"en-US"},{"@type":"WebPage","@id":"https:\/\/aliancasocial.org\/alianca-de-misericordia-concorre-novamente-ao-premio-ibest-na-categoria-acoes-sociais-saiba-como-votar\/","url":"https:\/\/aliancasocial.org\/alianca-de-misericordia-concorre-novamente-ao-premio-ibest-na-categoria-acoes-sociais-saiba-como-votar\/","name":"Alian\u00e7a de Miseric\u00f3rdia concorre novamente ao Pr\u00eamio iBest na categoria A\u00e7\u00f5es Sociais: saiba como votar! - Alian\u00e7a de Miseric\u00f3rdia","isPartOf":{"@id":"https:\/\/aliancasocial.org\/#website"},"primaryImageOfPage":{"@id":"https:\/\/aliancasocial.org\/alianca-de-misericordia-concorre-novamente-ao-premio-ibest-na-categoria-acoes-sociais-saiba-como-votar\/#primaryimage"},"image":{"@id":"https:\/\/aliancasocial.org\/alianca-de-misericordia-concorre-novamente-ao-premio-ibest-na-categoria-acoes-sociais-saiba-como-votar\/#primaryimage"},"thumbnailUrl":"https:\/\/aliancasocial.org\/wp-content\/uploads\/2024\/05\/ibest.jpg","datePublished":"2025-04-25T14:04:04+00:00","dateModified":"2025-06-02T20:24:50+00:00","breadcrumb":{"@id":"https:\/\/aliancasocial.org\/alianca-de-misericordia-concorre-novamente-ao-premio-ibest-na-categoria-acoes-sociais-saiba-como-votar\/#breadcrumb"},"inLanguage":"en-US","potentialAction":[{"@type":"ReadAction","target":["https:\/\/aliancasocial.org\/alianca-de-misericordia-concorre-novamente-ao-premio-ibest-na-categoria-acoes-sociais-saiba-como-votar\/"]}]},{"@type":"ImageObject","inLanguage":"en-US","@id":"https:\/\/aliancasocial.org\/alianca-de-misericordia-concorre-novamente-ao-premio-ibest-na-categoria-acoes-sociais-saiba-como-votar\/#primaryimage","url":"https:\/\/aliancasocial.org\/wp-content\/uploads\/2024\/05\/ibest.jpg","contentUrl":"https:\/\/aliancasocial.org\/wp-content\/uploads\/2024\/05\/ibest.jpg","width":1200,"height":628},{"@type":"BreadcrumbList","@id":"https:\/\/aliancasocial.org\/alianca-de-misericordia-concorre-novamente-ao-premio-ibest-na-categoria-acoes-sociais-saiba-como-votar\/#breadcrumb","itemListElement":[{"@type":"ListItem","position":1,"name":"In\u00edcio","item":"https:\/\/aliancasocial.org\/en\/"},{"@type":"ListItem","position":2,"name":"Alian\u00e7a de Miseric\u00f3rdia concorre novamente ao Pr\u00eamio iBest na categoria A\u00e7\u00f5es Sociais: saiba como votar!"}]},{"@type":"WebSite","@id":"https:\/\/aliancasocial.org\/#website","url":"https:\/\/aliancasocial.org\/","name":"Covenant of Mercy","description":"Bringing human dignity to every corner of the world","publisher":{"@id":"https:\/\/aliancasocial.org\/#organization"},"potentialAction":[{"@type":"SearchAction","target":{"@type":"EntryPoint","urlTemplate":"https:\/\/aliancasocial.org\/?s={search_term_string}"},"query-input":{"@type":"PropertyValueSpecification","valueRequired":true,"valueName":"search_term_string"}}],"inLanguage":"en-US"},{"@type":"Organization","@id":"https:\/\/aliancasocial.org\/#organization","name":"Covenant of Mercy","url":"https:\/\/aliancasocial.org\/","logo":{"@type":"ImageObject","inLanguage":"en-US","@id":"https:\/\/aliancasocial.org\/#\/schema\/logo\/image\/","url":"https:\/\/aliancasocial.org\/wp-content\/uploads\/2022\/07\/logo-alianca-marrom.svg","contentUrl":"https:\/\/aliancasocial.org\/wp-content\/uploads\/2022\/07\/logo-alianca-marrom.svg","width":91,"height":33,"caption":"Alian\u00e7a de Miseric\u00f3rdia"},"image":{"@id":"https:\/\/aliancasocial.org\/#\/schema\/logo\/image\/"},"sameAs":["https:\/\/www.facebook.com\/iesmisericordia\/","https:\/\/www.instagram.com\/aliancademisericordia\/"]},{"@type":"Person","@id":"https:\/\/aliancasocial.org\/#\/schema\/person\/73a690df527bfd7df78ba35714ff67d4","name":"Fernanda Monzambani","image":{"@type":"ImageObject","inLanguage":"en-US","@id":"https:\/\/secure.gravatar.com\/avatar\/aa6d89063e21cd9638051b6cd0602c108d4b79b0898534c712d68409f7e5b64c?s=96&d=mm&r=g","url":"https:\/\/secure.gravatar.com\/avatar\/aa6d89063e21cd9638051b6cd0602c108d4b79b0898534c712d68409f7e5b64c?s=96&d=mm&r=g","contentUrl":"https:\/\/secure.gravatar.com\/avatar\/aa6d89063e21cd9638051b6cd0602c108d4b79b0898534c712d68409f7e5b64c?s=96&d=mm&r=g","caption":"Fernanda Monzambani"},"url":"https:\/\/aliancasocial.org\/en\/author\/fernanda\/"}]}},"_links":{"self":[{"href":"https:\/\/aliancasocial.org\/en\/wp-json\/wp\/v2\/posts\/11769","targetHints":{"allow":["GET"]}}],"collection":[{"href":"https:\/\/aliancasocial.org\/en\/wp-json\/wp\/v2\/posts"}],"about":[{"href":"https:\/\/aliancasocial.org\/en\/wp-json\/wp\/v2\/types\/post"}],"author":[{"embeddable":true,"href":"https:\/\/aliancasocial.org\/en\/wp-json\/wp\/v2\/users\/8"}],"replies":[{"embeddable":true,"href":"https:\/\/aliancasocial.org\/en\/wp-json\/wp\/v2\/comments?post=11769"}],"version-history":[{"count":1,"href":"https:\/\/aliancasocial.org\/en\/wp-json\/wp\/v2\/posts\/11769\/revisions"}],"predecessor-version":[{"id":11770,"href":"https:\/\/aliancasocial.org\/en\/wp-json\/wp\/v2\/posts\/11769\/revisions\/11770"}],"wp:featuredmedia":[{"embeddable":true,"href":"https:\/\/aliancasocial.org\/en\/wp-json\/wp\/v2\/media\/11064"}],"wp:attachment":[{"href":"https:\/\/aliancasocial.org\/en\/wp-json\/wp\/v2\/media?parent=11769"}],"wp:term":[{"taxonomy":"category","embeddable":true,"href":"https:\/\/aliancasocial.org\/en\/wp-json\/wp\/v2\/categories?post=11769"},{"taxonomy":"post_tag","embeddable":true,"href":"https:\/\/aliancasocial.org\/en\/wp-json\/wp\/v2\/tags?post=11769"},{"taxonomy":"destaques","embeddable":true,"href":"https:\/\/aliancasocial.org\/en\/wp-json\/wp\/v2\/destaques?post=11769"}],"curies":[{"name":"wp","href":"https:\/\/api.w.org\/{rel}","templated":true}]}}