{"id":11772,"date":"2025-04-26T11:34:25","date_gmt":"2025-04-26T14:34:25","guid":{"rendered":"https:\/\/aliancasocial.org\/?p=11772"},"modified":"2025-06-02T15:23:09","modified_gmt":"2025-06-02T18:23:09","slug":"25-anos-transformando-vidas-e-ressignificando-historias","status":"publish","type":"post","link":"https:\/\/aliancasocial.org\/en\/25-anos-transformando-vidas-e-ressignificando-historias\/","title":{"rendered":"25 YEARS TRANSFORMING LIVES AND GIVING SIGNIFICANCE TO STORIES\u00a0"},"content":{"rendered":"<p>Over the past 25 years, missions have been initiated, lives have been restored, and entire communities have been impacted by our commitment to the poorest. What began as a small dream has now become a major project that crosses borders.&nbsp;&nbsp;<\/p>\n\n\n\n<p><strong>In this jubilee year, we are called to look back with gratitude to the present&nbsp;<\/strong>&nbsp;<\/p>\n\n\n\n<p><strong>with commitment and for the future with hope. Therefore, and in celebration of this milestone, we have prepared some materials that tell our story, intertwined with the story of countless people.<\/strong>&nbsp;<\/p>\n\n\n\n<p><a href=\"https:\/\/bit.ly\/revista25anos\" target=\"_blank\" rel=\"noreferrer noopener\"><strong>Download the magazine commemorating the 25th anniversary of the Alliance of Mercy for free.<\/strong><\/a>&nbsp;<\/p>\n\n\n\n<p>Written by several members of Charisma, this magazine is an invitation for you to understand how the Alliance has become a presence of hope for so many people around the world.&nbsp;<\/p>","protected":false},"excerpt":{"rendered":"<p>Ao longo destes 25 anos, miss\u00f5es foram iniciadas, vidas foram restauradas e comunidades inteiras foram impactadas pelo compromisso com os mais pobres. O que come\u00e7ou como um pequeno sonho, hoje se concretiza em uma grande obra que atravessa fronteiras.&nbsp;&nbsp; Neste ano jubilar, somos chamados a olhar para tr\u00e1s com gratid\u00e3o, para o presente&nbsp;&nbsp; com compromisso [&hellip;]<\/p>\n","protected":false},"author":8,"featured_media":11773,"comment_status":"closed","ping_status":"closed","sticky":false,"template":"","format":"standard","meta":{"footnotes":""},"categories":[1],"tags":[],"destaques":[36],"class_list":["post-11772","post","type-post","status-publish","format-standard","has-post-thumbnail","hentry","category-sem-categoria","destaques-destaque-01"],"yoast_head":"<!-- This site is optimized with the Yoast SEO plugin v27.4 - https:\/\/yoast.com\/product\/yoast-seo-wordpress\/ -->\n<title>25 ANOS TRANSFORMANDO VIDAS E RESSIGNIFICANDO HIST\u00d3RIAS\u00a0 - Alian\u00e7a de Miseric\u00f3rdia<\/title>\n<meta name=\"robots\" content=\"index, follow, max-snippet:-1, max-image-preview:large, max-video-preview:-1\" \/>\n<link rel=\"canonical\" href=\"https:\/\/aliancasocial.org\/en\/25-anos-transformando-vidas-e-ressignificando-historias\/\" \/>\n<meta property=\"og:locale\" content=\"en_US\" \/>\n<meta property=\"og:type\" content=\"article\" \/>\n<meta property=\"og:title\" content=\"25 ANOS TRANSFORMANDO VIDAS E RESSIGNIFICANDO HIST\u00d3RIAS\u00a0 - Alian\u00e7a de Miseric\u00f3rdia\" \/>\n<meta property=\"og:description\" content=\"Ao longo destes 25 anos, miss\u00f5es foram iniciadas, vidas foram restauradas e comunidades inteiras foram impactadas pelo compromisso com os mais pobres. O que come\u00e7ou como um pequeno sonho, hoje se concretiza em uma grande obra que atravessa fronteiras.&nbsp;&nbsp; Neste ano jubilar, somos chamados a olhar para tr\u00e1s com gratid\u00e3o, para o presente&nbsp;&nbsp; com compromisso [&hellip;]\" \/>\n<meta property=\"og:url\" content=\"https:\/\/aliancasocial.org\/en\/25-anos-transformando-vidas-e-ressignificando-historias\/\" \/>\n<meta property=\"og:site_name\" content=\"Alian\u00e7a de Miseric\u00f3rdia\" \/>\n<meta property=\"article:publisher\" content=\"https:\/\/www.facebook.com\/iesmisericordia\/\" \/>\n<meta property=\"article:published_time\" content=\"2025-04-26T14:34:25+00:00\" \/>\n<meta property=\"article:modified_time\" content=\"2025-06-02T18:23:09+00:00\" \/>\n<meta property=\"og:image\" content=\"https:\/\/aliancasocial.org\/wp-content\/uploads\/2025\/04\/linkedin.jpg\" \/>\n\t<meta property=\"og:image:width\" content=\"1200\" \/>\n\t<meta property=\"og:image:height\" content=\"627\" \/>\n\t<meta property=\"og:image:type\" content=\"image\/jpeg\" \/>\n<meta name=\"author\" content=\"Fernanda Monzambani\" \/>\n<meta name=\"twitter:card\" content=\"summary_large_image\" \/>\n<meta name=\"twitter:label1\" content=\"Written by\" \/>\n\t<meta name=\"twitter:data1\" content=\"Fernanda Monzambani\" \/>\n\t<meta name=\"twitter:label2\" content=\"Est. reading time\" \/>\n\t<meta name=\"twitter:data2\" content=\"1 minute\" \/>\n<script type=\"application\/ld+json\" class=\"yoast-schema-graph\">{\"@context\":\"https:\\\/\\\/schema.org\",\"@graph\":[{\"@type\":\"Article\",\"@id\":\"https:\\\/\\\/aliancasocial.org\\\/25-anos-transformando-vidas-e-ressignificando-historias\\\/#article\",\"isPartOf\":{\"@id\":\"https:\\\/\\\/aliancasocial.org\\\/25-anos-transformando-vidas-e-ressignificando-historias\\\/\"},\"author\":{\"name\":\"Fernanda Monzambani\",\"@id\":\"https:\\\/\\\/aliancasocial.org\\\/#\\\/schema\\\/person\\\/73a690df527bfd7df78ba35714ff67d4\"},\"headline\":\"25 ANOS TRANSFORMANDO VIDAS E RESSIGNIFICANDO HIST\u00d3RIAS\u00a0\",\"datePublished\":\"2025-04-26T14:34:25+00:00\",\"dateModified\":\"2025-06-02T18:23:09+00:00\",\"mainEntityOfPage\":{\"@id\":\"https:\\\/\\\/aliancasocial.org\\\/25-anos-transformando-vidas-e-ressignificando-historias\\\/\"},\"wordCount\":157,\"publisher\":{\"@id\":\"https:\\\/\\\/aliancasocial.org\\\/#organization\"},\"image\":{\"@id\":\"https:\\\/\\\/aliancasocial.org\\\/25-anos-transformando-vidas-e-ressignificando-historias\\\/#primaryimage\"},\"thumbnailUrl\":\"https:\\\/\\\/aliancasocial.org\\\/wp-content\\\/uploads\\\/2025\\\/04\\\/linkedin.jpg\",\"articleSection\":[\"Sem Categoria\"],\"inLanguage\":\"en-US\"},{\"@type\":\"WebPage\",\"@id\":\"https:\\\/\\\/aliancasocial.org\\\/25-anos-transformando-vidas-e-ressignificando-historias\\\/\",\"url\":\"https:\\\/\\\/aliancasocial.org\\\/25-anos-transformando-vidas-e-ressignificando-historias\\\/\",\"name\":\"25 ANOS TRANSFORMANDO VIDAS E RESSIGNIFICANDO HIST\u00d3RIAS\u00a0 - Alian\u00e7a de Miseric\u00f3rdia\",\"isPartOf\":{\"@id\":\"https:\\\/\\\/aliancasocial.org\\\/#website\"},\"primaryImageOfPage\":{\"@id\":\"https:\\\/\\\/aliancasocial.org\\\/25-anos-transformando-vidas-e-ressignificando-historias\\\/#primaryimage\"},\"image\":{\"@id\":\"https:\\\/\\\/aliancasocial.org\\\/25-anos-transformando-vidas-e-ressignificando-historias\\\/#primaryimage\"},\"thumbnailUrl\":\"https:\\\/\\\/aliancasocial.org\\\/wp-content\\\/uploads\\\/2025\\\/04\\\/linkedin.jpg\",\"datePublished\":\"2025-04-26T14:34:25+00:00\",\"dateModified\":\"2025-06-02T18:23:09+00:00\",\"breadcrumb\":{\"@id\":\"https:\\\/\\\/aliancasocial.org\\\/25-anos-transformando-vidas-e-ressignificando-historias\\\/#breadcrumb\"},\"inLanguage\":\"en-US\",\"potentialAction\":[{\"@type\":\"ReadAction\",\"target\":[\"https:\\\/\\\/aliancasocial.org\\\/25-anos-transformando-vidas-e-ressignificando-historias\\\/\"]}]},{\"@type\":\"ImageObject\",\"inLanguage\":\"en-US\",\"@id\":\"https:\\\/\\\/aliancasocial.org\\\/25-anos-transformando-vidas-e-ressignificando-historias\\\/#primaryimage\",\"url\":\"https:\\\/\\\/aliancasocial.org\\\/wp-content\\\/uploads\\\/2025\\\/04\\\/linkedin.jpg\",\"contentUrl\":\"https:\\\/\\\/aliancasocial.org\\\/wp-content\\\/uploads\\\/2025\\\/04\\\/linkedin.jpg\",\"width\":1200,\"height\":627},{\"@type\":\"BreadcrumbList\",\"@id\":\"https:\\\/\\\/aliancasocial.org\\\/25-anos-transformando-vidas-e-ressignificando-historias\\\/#breadcrumb\",\"itemListElement\":[{\"@type\":\"ListItem\",\"position\":1,\"name\":\"In\u00edcio\",\"item\":\"https:\\\/\\\/aliancasocial.org\\\/en\\\/\"},{\"@type\":\"ListItem\",\"position\":2,\"name\":\"25 ANOS TRANSFORMANDO VIDAS E RESSIGNIFICANDO HIST\u00d3RIAS\u00a0\"}]},{\"@type\":\"WebSite\",\"@id\":\"https:\\\/\\\/aliancasocial.org\\\/#website\",\"url\":\"https:\\\/\\\/aliancasocial.org\\\/\",\"name\":\"Alian\u00e7a de Miseric\u00f3rdia\",\"description\":\"Levando dignidade humana a todos os cantos do mundo\",\"publisher\":{\"@id\":\"https:\\\/\\\/aliancasocial.org\\\/#organization\"},\"potentialAction\":[{\"@type\":\"SearchAction\",\"target\":{\"@type\":\"EntryPoint\",\"urlTemplate\":\"https:\\\/\\\/aliancasocial.org\\\/?s={search_term_string}\"},\"query-input\":{\"@type\":\"PropertyValueSpecification\",\"valueRequired\":true,\"valueName\":\"search_term_string\"}}],\"inLanguage\":\"en-US\"},{\"@type\":\"Organization\",\"@id\":\"https:\\\/\\\/aliancasocial.org\\\/#organization\",\"name\":\"Alian\u00e7a de Miseric\u00f3rdia\",\"url\":\"https:\\\/\\\/aliancasocial.org\\\/\",\"logo\":{\"@type\":\"ImageObject\",\"inLanguage\":\"en-US\",\"@id\":\"https:\\\/\\\/aliancasocial.org\\\/#\\\/schema\\\/logo\\\/image\\\/\",\"url\":\"https:\\\/\\\/aliancasocial.org\\\/wp-content\\\/uploads\\\/2022\\\/07\\\/logo-alianca-marrom.svg\",\"contentUrl\":\"https:\\\/\\\/aliancasocial.org\\\/wp-content\\\/uploads\\\/2022\\\/07\\\/logo-alianca-marrom.svg\",\"width\":91,\"height\":33,\"caption\":\"Alian\u00e7a de Miseric\u00f3rdia\"},\"image\":{\"@id\":\"https:\\\/\\\/aliancasocial.org\\\/#\\\/schema\\\/logo\\\/image\\\/\"},\"sameAs\":[\"https:\\\/\\\/www.facebook.com\\\/iesmisericordia\\\/\",\"https:\\\/\\\/www.instagram.com\\\/aliancademisericordia\\\/\"]},{\"@type\":\"Person\",\"@id\":\"https:\\\/\\\/aliancasocial.org\\\/#\\\/schema\\\/person\\\/73a690df527bfd7df78ba35714ff67d4\",\"name\":\"Fernanda Monzambani\",\"image\":{\"@type\":\"ImageObject\",\"inLanguage\":\"en-US\",\"@id\":\"https:\\\/\\\/secure.gravatar.com\\\/avatar\\\/aa6d89063e21cd9638051b6cd0602c108d4b79b0898534c712d68409f7e5b64c?s=96&d=mm&r=g\",\"url\":\"https:\\\/\\\/secure.gravatar.com\\\/avatar\\\/aa6d89063e21cd9638051b6cd0602c108d4b79b0898534c712d68409f7e5b64c?s=96&d=mm&r=g\",\"contentUrl\":\"https:\\\/\\\/secure.gravatar.com\\\/avatar\\\/aa6d89063e21cd9638051b6cd0602c108d4b79b0898534c712d68409f7e5b64c?s=96&d=mm&r=g\",\"caption\":\"Fernanda Monzambani\"},\"url\":\"https:\\\/\\\/aliancasocial.org\\\/en\\\/author\\\/fernanda\\\/\"}]}<\/script>\n<!-- \/ Yoast SEO plugin. -->","yoast_head_json":{"title":"25 ANOS TRANSFORMANDO VIDAS E RESSIGNIFICANDO HIST\u00d3RIAS\u00a0 - Alian\u00e7a de Miseric\u00f3rdia","robots":{"index":"index","follow":"follow","max-snippet":"max-snippet:-1","max-image-preview":"max-image-preview:large","max-video-preview":"max-video-preview:-1"},"canonical":"https:\/\/aliancasocial.org\/en\/25-anos-transformando-vidas-e-ressignificando-historias\/","og_locale":"en_US","og_type":"article","og_title":"25 ANOS TRANSFORMANDO VIDAS E RESSIGNIFICANDO HIST\u00d3RIAS\u00a0 - Alian\u00e7a de Miseric\u00f3rdia","og_description":"Ao longo destes 25 anos, miss\u00f5es foram iniciadas, vidas foram restauradas e comunidades inteiras foram impactadas pelo compromisso com os mais pobres. O que come\u00e7ou como um pequeno sonho, hoje se concretiza em uma grande obra que atravessa fronteiras.&nbsp;&nbsp; Neste ano jubilar, somos chamados a olhar para tr\u00e1s com gratid\u00e3o, para o presente&nbsp;&nbsp; com compromisso [&hellip;]","og_url":"https:\/\/aliancasocial.org\/en\/25-anos-transformando-vidas-e-ressignificando-historias\/","og_site_name":"Alian\u00e7a de Miseric\u00f3rdia","article_publisher":"https:\/\/www.facebook.com\/iesmisericordia\/","article_published_time":"2025-04-26T14:34:25+00:00","article_modified_time":"2025-06-02T18:23:09+00:00","og_image":[{"width":1200,"height":627,"url":"https:\/\/aliancasocial.org\/wp-content\/uploads\/2025\/04\/linkedin.jpg","type":"image\/jpeg"}],"author":"Fernanda Monzambani","twitter_card":"summary_large_image","twitter_misc":{"Written by":"Fernanda Monzambani","Est. reading time":"1 minute"},"schema":{"@context":"https:\/\/schema.org","@graph":[{"@type":"Article","@id":"https:\/\/aliancasocial.org\/25-anos-transformando-vidas-e-ressignificando-historias\/#article","isPartOf":{"@id":"https:\/\/aliancasocial.org\/25-anos-transformando-vidas-e-ressignificando-historias\/"},"author":{"name":"Fernanda Monzambani","@id":"https:\/\/aliancasocial.org\/#\/schema\/person\/73a690df527bfd7df78ba35714ff67d4"},"headline":"25 ANOS TRANSFORMANDO VIDAS E RESSIGNIFICANDO HIST\u00d3RIAS\u00a0","datePublished":"2025-04-26T14:34:25+00:00","dateModified":"2025-06-02T18:23:09+00:00","mainEntityOfPage":{"@id":"https:\/\/aliancasocial.org\/25-anos-transformando-vidas-e-ressignificando-historias\/"},"wordCount":157,"publisher":{"@id":"https:\/\/aliancasocial.org\/#organization"},"image":{"@id":"https:\/\/aliancasocial.org\/25-anos-transformando-vidas-e-ressignificando-historias\/#primaryimage"},"thumbnailUrl":"https:\/\/aliancasocial.org\/wp-content\/uploads\/2025\/04\/linkedin.jpg","articleSection":["Sem Categoria"],"inLanguage":"en-US"},{"@type":"WebPage","@id":"https:\/\/aliancasocial.org\/25-anos-transformando-vidas-e-ressignificando-historias\/","url":"https:\/\/aliancasocial.org\/25-anos-transformando-vidas-e-ressignificando-historias\/","name":"25 ANOS TRANSFORMANDO VIDAS E RESSIGNIFICANDO HIST\u00d3RIAS\u00a0 - Alian\u00e7a de Miseric\u00f3rdia","isPartOf":{"@id":"https:\/\/aliancasocial.org\/#website"},"primaryImageOfPage":{"@id":"https:\/\/aliancasocial.org\/25-anos-transformando-vidas-e-ressignificando-historias\/#primaryimage"},"image":{"@id":"https:\/\/aliancasocial.org\/25-anos-transformando-vidas-e-ressignificando-historias\/#primaryimage"},"thumbnailUrl":"https:\/\/aliancasocial.org\/wp-content\/uploads\/2025\/04\/linkedin.jpg","datePublished":"2025-04-26T14:34:25+00:00","dateModified":"2025-06-02T18:23:09+00:00","breadcrumb":{"@id":"https:\/\/aliancasocial.org\/25-anos-transformando-vidas-e-ressignificando-historias\/#breadcrumb"},"inLanguage":"en-US","potentialAction":[{"@type":"ReadAction","target":["https:\/\/aliancasocial.org\/25-anos-transformando-vidas-e-ressignificando-historias\/"]}]},{"@type":"ImageObject","inLanguage":"en-US","@id":"https:\/\/aliancasocial.org\/25-anos-transformando-vidas-e-ressignificando-historias\/#primaryimage","url":"https:\/\/aliancasocial.org\/wp-content\/uploads\/2025\/04\/linkedin.jpg","contentUrl":"https:\/\/aliancasocial.org\/wp-content\/uploads\/2025\/04\/linkedin.jpg","width":1200,"height":627},{"@type":"BreadcrumbList","@id":"https:\/\/aliancasocial.org\/25-anos-transformando-vidas-e-ressignificando-historias\/#breadcrumb","itemListElement":[{"@type":"ListItem","position":1,"name":"In\u00edcio","item":"https:\/\/aliancasocial.org\/en\/"},{"@type":"ListItem","position":2,"name":"25 ANOS TRANSFORMANDO VIDAS E RESSIGNIFICANDO HIST\u00d3RIAS\u00a0"}]},{"@type":"WebSite","@id":"https:\/\/aliancasocial.org\/#website","url":"https:\/\/aliancasocial.org\/","name":"Covenant of Mercy","description":"Bringing human dignity to every corner of the world","publisher":{"@id":"https:\/\/aliancasocial.org\/#organization"},"potentialAction":[{"@type":"SearchAction","target":{"@type":"EntryPoint","urlTemplate":"https:\/\/aliancasocial.org\/?s={search_term_string}"},"query-input":{"@type":"PropertyValueSpecification","valueRequired":true,"valueName":"search_term_string"}}],"inLanguage":"en-US"},{"@type":"Organization","@id":"https:\/\/aliancasocial.org\/#organization","name":"Covenant of Mercy","url":"https:\/\/aliancasocial.org\/","logo":{"@type":"ImageObject","inLanguage":"en-US","@id":"https:\/\/aliancasocial.org\/#\/schema\/logo\/image\/","url":"https:\/\/aliancasocial.org\/wp-content\/uploads\/2022\/07\/logo-alianca-marrom.svg","contentUrl":"https:\/\/aliancasocial.org\/wp-content\/uploads\/2022\/07\/logo-alianca-marrom.svg","width":91,"height":33,"caption":"Alian\u00e7a de Miseric\u00f3rdia"},"image":{"@id":"https:\/\/aliancasocial.org\/#\/schema\/logo\/image\/"},"sameAs":["https:\/\/www.facebook.com\/iesmisericordia\/","https:\/\/www.instagram.com\/aliancademisericordia\/"]},{"@type":"Person","@id":"https:\/\/aliancasocial.org\/#\/schema\/person\/73a690df527bfd7df78ba35714ff67d4","name":"Fernanda Monzambani","image":{"@type":"ImageObject","inLanguage":"en-US","@id":"https:\/\/secure.gravatar.com\/avatar\/aa6d89063e21cd9638051b6cd0602c108d4b79b0898534c712d68409f7e5b64c?s=96&d=mm&r=g","url":"https:\/\/secure.gravatar.com\/avatar\/aa6d89063e21cd9638051b6cd0602c108d4b79b0898534c712d68409f7e5b64c?s=96&d=mm&r=g","contentUrl":"https:\/\/secure.gravatar.com\/avatar\/aa6d89063e21cd9638051b6cd0602c108d4b79b0898534c712d68409f7e5b64c?s=96&d=mm&r=g","caption":"Fernanda Monzambani"},"url":"https:\/\/aliancasocial.org\/en\/author\/fernanda\/"}]}},"_links":{"self":[{"href":"https:\/\/aliancasocial.org\/en\/wp-json\/wp\/v2\/posts\/11772","targetHints":{"allow":["GET"]}}],"collection":[{"href":"https:\/\/aliancasocial.org\/en\/wp-json\/wp\/v2\/posts"}],"about":[{"href":"https:\/\/aliancasocial.org\/en\/wp-json\/wp\/v2\/types\/post"}],"author":[{"embeddable":true,"href":"https:\/\/aliancasocial.org\/en\/wp-json\/wp\/v2\/users\/8"}],"replies":[{"embeddable":true,"href":"https:\/\/aliancasocial.org\/en\/wp-json\/wp\/v2\/comments?post=11772"}],"version-history":[{"count":1,"href":"https:\/\/aliancasocial.org\/en\/wp-json\/wp\/v2\/posts\/11772\/revisions"}],"predecessor-version":[{"id":11774,"href":"https:\/\/aliancasocial.org\/en\/wp-json\/wp\/v2\/posts\/11772\/revisions\/11774"}],"wp:featuredmedia":[{"embeddable":true,"href":"https:\/\/aliancasocial.org\/en\/wp-json\/wp\/v2\/media\/11773"}],"wp:attachment":[{"href":"https:\/\/aliancasocial.org\/en\/wp-json\/wp\/v2\/media?parent=11772"}],"wp:term":[{"taxonomy":"category","embeddable":true,"href":"https:\/\/aliancasocial.org\/en\/wp-json\/wp\/v2\/categories?post=11772"},{"taxonomy":"post_tag","embeddable":true,"href":"https:\/\/aliancasocial.org\/en\/wp-json\/wp\/v2\/tags?post=11772"},{"taxonomy":"destaques","embeddable":true,"href":"https:\/\/aliancasocial.org\/en\/wp-json\/wp\/v2\/destaques?post=11772"}],"curies":[{"name":"wp","href":"https:\/\/api.w.org\/{rel}","templated":true}]}}