{"id":11783,"date":"2025-06-02T17:45:03","date_gmt":"2025-06-02T20:45:03","guid":{"rendered":"https:\/\/aliancasocial.org\/?p=11783"},"modified":"2025-06-04T12:04:28","modified_gmt":"2025-06-04T15:04:28","slug":"alianca-de-misericordia-e-top-20-brasil-no-premio-ibest-2025","status":"publish","type":"post","link":"https:\/\/aliancasocial.org\/en\/alianca-de-misericordia-e-top-20-brasil-no-premio-ibest-2025\/","title":{"rendered":"Alliance of Mercy is Top 20 Brazil in the iBest 2025 Awards"},"content":{"rendered":"<p>On Monday, June 2, the Alliance of Mercy was officially announced as one of the initiatives <strong>Top 20 Brazil<\/strong> in the category <strong>Social Actions<\/strong> of <strong>iBest Award 2025<\/strong>, the biggest award on the Brazilian internet. The institution achieved direct classification for the next phase after leading the voting ranking during the period between May 26 and May 30, guaranteeing one of the so-called <strong>\u201cdirect passes\u201d<\/strong> offered to the most voted projects of the week.<\/p>\n\n\n\n<p>This recognition highlights not only the strength of the Alliance&#039;s digital presence, but, most importantly, <strong>the social relevance of the work carried out 25 years ago<\/strong> by the institution, which today operates in <strong>43 Brazilian cities<\/strong> and in <strong>10 countries<\/strong>. With a charisma focused on restoring human dignity through evangelization and social work, the Alliance has impacted the lives of millions of people in situations of extreme vulnerability.<\/p>\n\n\n\n<p><strong>Transforming lives with concrete actions<\/strong><\/p>\n\n\n\n<p>In 2024 alone, the Alliance of Mercy achieved impressive numbers that help explain why it stands out in iBest:<\/p>\n\n\n\n<ul class=\"wp-block-list\">\n<li><strong>More than 1 million meals<\/strong> served in social projects and programs;<\/li>\n\n\n\n<li><strong>More than 600 thousand people<\/strong> achieved through missionary and pastoral activities;<\/li>\n\n\n\n<li><strong>1,157 children and adolescents<\/strong> served in education and social assistance projects;<\/li>\n\n\n\n<li><strong>6,411 people welcomed<\/strong> in the Screening and Reception Centers;<\/li>\n\n\n\n<li><strong>39,745 visits<\/strong> in the Community Centers for Adults Living on the Street;<\/li>\n\n\n\n<li><strong>More than 1,500 families<\/strong> accompanied and supported with material and spiritual support.<\/li>\n<\/ul>\n\n\n\n<p>These results are the result of ongoing and committed work with the poorest of the poor. The Alliance works in <strong>favelas, slums, poor communities and regions at social risk<\/strong>, bringing not only food and shelter, but also education, professional training, spiritual support and, above all, <strong>hope<\/strong>.<\/p>\n\n\n\n<p><strong><a href=\"https:\/\/misericordia.com.br\/alianca-de-misericordia-celebra-25-anos-com-serie-especial-no-youtube\/\">+ Alliance of Mercy celebrates 25 years with special series on YouTube<\/a><\/strong><\/p>\n\n\n\n<p><strong>International presence and missionary commitment<\/strong><\/p>\n\n\n\n<p>In addition to Brazil, the Alliance maintains <strong>permanent actions in countries such as Venezuela, Belgium and Mozambique<\/strong>. In these regions, the charism of mercy is embodied in oratories for children, shelters for refugees and support programs for families in vulnerable situations.<\/p>\n\n\n\n<p>In recent years, the mission has also reached other corners of the world through missionary actions and digital media. Countries such as Belarus, Taiwan and Australia have already been reached by the evangelization promoted by the Alliance.<\/p>\n\n\n\n<p><strong>A 25-year history of impact<\/strong><\/p>\n\n\n\n<p>The year 2025 is even more significant for the Alliance of Mercy, which completes <strong>25 years of foundation<\/strong>. During this time, the institution consolidated itself as one of the largest Catholic expressions of social and missionary action in Brazil, with hundreds of linked members, collaborators, volunteers and benefactors engaged in transforming the world with concrete gestures of love for others.<\/p>\n\n\n\n<p>Recognition as Top 20 Brazil in the iBest Awards is, therefore, <strong>more than a digital achievement<\/strong>. It is the reflection of daily, silent and tireless work alongside those who suffer the most. The visibility provided by the award broadens the scope of the mission and strengthens the commitment to a more fraternal, just and merciful society.<\/p>\n\n\n\n<p><strong><a href=\"http:\/\/aliancasocial.org\/wp-content\/uploads\/2025\/04\/DESKTOP_Revista_Alianca_de_Misericordia_25_anos_Digital_dupla_compressed.pdf\">+ See our commemorative magazine: 25 years transforming lives and redefining stories<\/a><\/strong><\/p>\n\n\n\n<p><strong>Next steps for the iBest Awards<\/strong><\/p>\n\n\n\n<p>Now, the Alliance of Mercy awaits the next phase of the award, which will announce the <strong>Top 10<\/strong> in each category on the day <strong>August 29th<\/strong>. The selection will be made based on metrics such as reach, engagement and relevance on the finalists&#039; social networks, websites and apps. If they advance, the Alliance will participate in the <strong>popular vote for Top 3<\/strong> and, subsequently, to define the big winner of the category.<\/p>\n\n\n\n<p>Regardless of the final result, being in the Top 20 iBest is already a collective victory, built with the help of each person served, each volunteer, missionary, donor and supporter. <strong>Mercy has won once again \u2014 and continues to transform the world through the little ones.<\/strong><\/p>\n\n\n\n<figure class=\"wp-block-embed is-type-video is-provider-youtube wp-block-embed-youtube wp-embed-aspect-16-9 wp-has-aspect-ratio\"><div class=\"wp-block-embed__wrapper\">\n<iframe title=\"INSTITUTIONAL ALLIANCE OF MERCY 2023\" width=\"800\" height=\"450\" src=\"https:\/\/www.youtube.com\/embed\/qLDhzqe9CGs?feature=oembed\" frameborder=\"0\" allow=\"accelerometer; autoplay; clipboard-write; encrypted-media; gyroscope; picture-in-picture; web-share\" referrerpolicy=\"strict-origin-when-cross-origin\" allowfullscreen><\/iframe>\n<\/div><\/figure>","protected":false},"excerpt":{"rendered":"<p>Nesta segunda-feira, 2 de junho, a Alian\u00e7a de Miseric\u00f3rdia foi anunciada oficialmente como uma das iniciativas Top 20 Brasil na categoria A\u00e7\u00f5es Sociais do Pr\u00eamio iBest 2025, a maior premia\u00e7\u00e3o da internet brasileira. A institui\u00e7\u00e3o conquistou a classifica\u00e7\u00e3o direta para a pr\u00f3xima fase ap\u00f3s liderar o ranking de vota\u00e7\u00e3o durante o per\u00edodo entre 26 de [&hellip;]<\/p>\n","protected":false},"author":8,"featured_media":11789,"comment_status":"closed","ping_status":"closed","sticky":false,"template":"","format":"standard","meta":{"footnotes":""},"categories":[49],"tags":[],"destaques":[36],"class_list":["post-11783","post","type-post","status-publish","format-standard","has-post-thumbnail","hentry","category-campanhas","destaques-destaque-01"],"yoast_head":"<!-- This site is optimized with the Yoast SEO plugin v27.4 - https:\/\/yoast.com\/product\/yoast-seo-wordpress\/ -->\n<title>Alian\u00e7a de Miseric\u00f3rdia \u00e9 Top 20 Brasil no Pr\u00eamio iBest 2025 - Alian\u00e7a de Miseric\u00f3rdia<\/title>\n<meta name=\"robots\" content=\"index, follow, max-snippet:-1, max-image-preview:large, max-video-preview:-1\" \/>\n<link rel=\"canonical\" href=\"https:\/\/aliancasocial.org\/en\/alianca-de-misericordia-e-top-20-brasil-no-premio-ibest-2025\/\" \/>\n<meta property=\"og:locale\" content=\"en_US\" \/>\n<meta property=\"og:type\" content=\"article\" \/>\n<meta property=\"og:title\" content=\"Alian\u00e7a de Miseric\u00f3rdia \u00e9 Top 20 Brasil no Pr\u00eamio iBest 2025 - Alian\u00e7a de Miseric\u00f3rdia\" \/>\n<meta property=\"og:description\" content=\"Nesta segunda-feira, 2 de junho, a Alian\u00e7a de Miseric\u00f3rdia foi anunciada oficialmente como uma das iniciativas Top 20 Brasil na categoria A\u00e7\u00f5es Sociais do Pr\u00eamio iBest 2025, a maior premia\u00e7\u00e3o da internet brasileira. A institui\u00e7\u00e3o conquistou a classifica\u00e7\u00e3o direta para a pr\u00f3xima fase ap\u00f3s liderar o ranking de vota\u00e7\u00e3o durante o per\u00edodo entre 26 de [&hellip;]\" \/>\n<meta property=\"og:url\" content=\"https:\/\/aliancasocial.org\/en\/alianca-de-misericordia-e-top-20-brasil-no-premio-ibest-2025\/\" \/>\n<meta property=\"og:site_name\" content=\"Alian\u00e7a de Miseric\u00f3rdia\" \/>\n<meta property=\"article:publisher\" content=\"https:\/\/www.facebook.com\/iesmisericordia\/\" \/>\n<meta property=\"article:published_time\" content=\"2025-06-02T20:45:03+00:00\" \/>\n<meta property=\"article:modified_time\" content=\"2025-06-04T15:04:28+00:00\" \/>\n<meta property=\"og:image\" content=\"https:\/\/aliancasocial.org\/wp-content\/uploads\/2025\/06\/GEPEF-Banner-me\u0301dio-formato-EUA-horizontal7-scaled.png\" \/>\n\t<meta property=\"og:image:width\" content=\"2560\" \/>\n\t<meta property=\"og:image:height\" content=\"1280\" \/>\n\t<meta property=\"og:image:type\" content=\"image\/png\" \/>\n<meta name=\"author\" content=\"Fernanda Monzambani\" \/>\n<meta name=\"twitter:card\" content=\"summary_large_image\" \/>\n<meta name=\"twitter:label1\" content=\"Written by\" \/>\n\t<meta name=\"twitter:data1\" content=\"Fernanda Monzambani\" \/>\n\t<meta name=\"twitter:label2\" content=\"Est. reading time\" \/>\n\t<meta name=\"twitter:data2\" content=\"4 minutes\" \/>\n<script type=\"application\/ld+json\" class=\"yoast-schema-graph\">{\"@context\":\"https:\\\/\\\/schema.org\",\"@graph\":[{\"@type\":\"Article\",\"@id\":\"https:\\\/\\\/aliancasocial.org\\\/alianca-de-misericordia-e-top-20-brasil-no-premio-ibest-2025\\\/#article\",\"isPartOf\":{\"@id\":\"https:\\\/\\\/aliancasocial.org\\\/alianca-de-misericordia-e-top-20-brasil-no-premio-ibest-2025\\\/\"},\"author\":{\"name\":\"Fernanda Monzambani\",\"@id\":\"https:\\\/\\\/aliancasocial.org\\\/#\\\/schema\\\/person\\\/73a690df527bfd7df78ba35714ff67d4\"},\"headline\":\"Alian\u00e7a de Miseric\u00f3rdia \u00e9 Top 20 Brasil no Pr\u00eamio iBest 2025\",\"datePublished\":\"2025-06-02T20:45:03+00:00\",\"dateModified\":\"2025-06-04T15:04:28+00:00\",\"mainEntityOfPage\":{\"@id\":\"https:\\\/\\\/aliancasocial.org\\\/alianca-de-misericordia-e-top-20-brasil-no-premio-ibest-2025\\\/\"},\"wordCount\":723,\"publisher\":{\"@id\":\"https:\\\/\\\/aliancasocial.org\\\/#organization\"},\"image\":{\"@id\":\"https:\\\/\\\/aliancasocial.org\\\/alianca-de-misericordia-e-top-20-brasil-no-premio-ibest-2025\\\/#primaryimage\"},\"thumbnailUrl\":\"https:\\\/\\\/aliancasocial.org\\\/wp-content\\\/uploads\\\/2025\\\/06\\\/GEPEF-Banner-me\u0301dio-formato-EUA-horizontal7-scaled.png\",\"articleSection\":[\"Campanhas\"],\"inLanguage\":\"en-US\"},{\"@type\":\"WebPage\",\"@id\":\"https:\\\/\\\/aliancasocial.org\\\/alianca-de-misericordia-e-top-20-brasil-no-premio-ibest-2025\\\/\",\"url\":\"https:\\\/\\\/aliancasocial.org\\\/alianca-de-misericordia-e-top-20-brasil-no-premio-ibest-2025\\\/\",\"name\":\"Alian\u00e7a de Miseric\u00f3rdia \u00e9 Top 20 Brasil no Pr\u00eamio iBest 2025 - Alian\u00e7a de Miseric\u00f3rdia\",\"isPartOf\":{\"@id\":\"https:\\\/\\\/aliancasocial.org\\\/#website\"},\"primaryImageOfPage\":{\"@id\":\"https:\\\/\\\/aliancasocial.org\\\/alianca-de-misericordia-e-top-20-brasil-no-premio-ibest-2025\\\/#primaryimage\"},\"image\":{\"@id\":\"https:\\\/\\\/aliancasocial.org\\\/alianca-de-misericordia-e-top-20-brasil-no-premio-ibest-2025\\\/#primaryimage\"},\"thumbnailUrl\":\"https:\\\/\\\/aliancasocial.org\\\/wp-content\\\/uploads\\\/2025\\\/06\\\/GEPEF-Banner-me\u0301dio-formato-EUA-horizontal7-scaled.png\",\"datePublished\":\"2025-06-02T20:45:03+00:00\",\"dateModified\":\"2025-06-04T15:04:28+00:00\",\"breadcrumb\":{\"@id\":\"https:\\\/\\\/aliancasocial.org\\\/alianca-de-misericordia-e-top-20-brasil-no-premio-ibest-2025\\\/#breadcrumb\"},\"inLanguage\":\"en-US\",\"potentialAction\":[{\"@type\":\"ReadAction\",\"target\":[\"https:\\\/\\\/aliancasocial.org\\\/alianca-de-misericordia-e-top-20-brasil-no-premio-ibest-2025\\\/\"]}]},{\"@type\":\"ImageObject\",\"inLanguage\":\"en-US\",\"@id\":\"https:\\\/\\\/aliancasocial.org\\\/alianca-de-misericordia-e-top-20-brasil-no-premio-ibest-2025\\\/#primaryimage\",\"url\":\"https:\\\/\\\/aliancasocial.org\\\/wp-content\\\/uploads\\\/2025\\\/06\\\/GEPEF-Banner-me\u0301dio-formato-EUA-horizontal7-scaled.png\",\"contentUrl\":\"https:\\\/\\\/aliancasocial.org\\\/wp-content\\\/uploads\\\/2025\\\/06\\\/GEPEF-Banner-me\u0301dio-formato-EUA-horizontal7-scaled.png\",\"width\":2560,\"height\":1280},{\"@type\":\"BreadcrumbList\",\"@id\":\"https:\\\/\\\/aliancasocial.org\\\/alianca-de-misericordia-e-top-20-brasil-no-premio-ibest-2025\\\/#breadcrumb\",\"itemListElement\":[{\"@type\":\"ListItem\",\"position\":1,\"name\":\"In\u00edcio\",\"item\":\"https:\\\/\\\/aliancasocial.org\\\/en\\\/\"},{\"@type\":\"ListItem\",\"position\":2,\"name\":\"Alian\u00e7a de Miseric\u00f3rdia \u00e9 Top 20 Brasil no Pr\u00eamio iBest 2025\"}]},{\"@type\":\"WebSite\",\"@id\":\"https:\\\/\\\/aliancasocial.org\\\/#website\",\"url\":\"https:\\\/\\\/aliancasocial.org\\\/\",\"name\":\"Alian\u00e7a de Miseric\u00f3rdia\",\"description\":\"Levando dignidade humana a todos os cantos do mundo\",\"publisher\":{\"@id\":\"https:\\\/\\\/aliancasocial.org\\\/#organization\"},\"potentialAction\":[{\"@type\":\"SearchAction\",\"target\":{\"@type\":\"EntryPoint\",\"urlTemplate\":\"https:\\\/\\\/aliancasocial.org\\\/?s={search_term_string}\"},\"query-input\":{\"@type\":\"PropertyValueSpecification\",\"valueRequired\":true,\"valueName\":\"search_term_string\"}}],\"inLanguage\":\"en-US\"},{\"@type\":\"Organization\",\"@id\":\"https:\\\/\\\/aliancasocial.org\\\/#organization\",\"name\":\"Alian\u00e7a de Miseric\u00f3rdia\",\"url\":\"https:\\\/\\\/aliancasocial.org\\\/\",\"logo\":{\"@type\":\"ImageObject\",\"inLanguage\":\"en-US\",\"@id\":\"https:\\\/\\\/aliancasocial.org\\\/#\\\/schema\\\/logo\\\/image\\\/\",\"url\":\"https:\\\/\\\/aliancasocial.org\\\/wp-content\\\/uploads\\\/2022\\\/07\\\/logo-alianca-marrom.svg\",\"contentUrl\":\"https:\\\/\\\/aliancasocial.org\\\/wp-content\\\/uploads\\\/2022\\\/07\\\/logo-alianca-marrom.svg\",\"width\":91,\"height\":33,\"caption\":\"Alian\u00e7a de Miseric\u00f3rdia\"},\"image\":{\"@id\":\"https:\\\/\\\/aliancasocial.org\\\/#\\\/schema\\\/logo\\\/image\\\/\"},\"sameAs\":[\"https:\\\/\\\/www.facebook.com\\\/iesmisericordia\\\/\",\"https:\\\/\\\/www.instagram.com\\\/aliancademisericordia\\\/\"]},{\"@type\":\"Person\",\"@id\":\"https:\\\/\\\/aliancasocial.org\\\/#\\\/schema\\\/person\\\/73a690df527bfd7df78ba35714ff67d4\",\"name\":\"Fernanda Monzambani\",\"image\":{\"@type\":\"ImageObject\",\"inLanguage\":\"en-US\",\"@id\":\"https:\\\/\\\/secure.gravatar.com\\\/avatar\\\/aa6d89063e21cd9638051b6cd0602c108d4b79b0898534c712d68409f7e5b64c?s=96&d=mm&r=g\",\"url\":\"https:\\\/\\\/secure.gravatar.com\\\/avatar\\\/aa6d89063e21cd9638051b6cd0602c108d4b79b0898534c712d68409f7e5b64c?s=96&d=mm&r=g\",\"contentUrl\":\"https:\\\/\\\/secure.gravatar.com\\\/avatar\\\/aa6d89063e21cd9638051b6cd0602c108d4b79b0898534c712d68409f7e5b64c?s=96&d=mm&r=g\",\"caption\":\"Fernanda Monzambani\"},\"url\":\"https:\\\/\\\/aliancasocial.org\\\/en\\\/author\\\/fernanda\\\/\"}]}<\/script>\n<!-- \/ Yoast SEO plugin. -->","yoast_head_json":{"title":"Alliance of Mercy is Top 20 in Brazil in the iBest 2025 Award - Alliance of Mercy","robots":{"index":"index","follow":"follow","max-snippet":"max-snippet:-1","max-image-preview":"max-image-preview:large","max-video-preview":"max-video-preview:-1"},"canonical":"https:\/\/aliancasocial.org\/en\/alianca-de-misericordia-e-top-20-brasil-no-premio-ibest-2025\/","og_locale":"en_US","og_type":"article","og_title":"Alian\u00e7a de Miseric\u00f3rdia \u00e9 Top 20 Brasil no Pr\u00eamio iBest 2025 - Alian\u00e7a de Miseric\u00f3rdia","og_description":"Nesta segunda-feira, 2 de junho, a Alian\u00e7a de Miseric\u00f3rdia foi anunciada oficialmente como uma das iniciativas Top 20 Brasil na categoria A\u00e7\u00f5es Sociais do Pr\u00eamio iBest 2025, a maior premia\u00e7\u00e3o da internet brasileira. A institui\u00e7\u00e3o conquistou a classifica\u00e7\u00e3o direta para a pr\u00f3xima fase ap\u00f3s liderar o ranking de vota\u00e7\u00e3o durante o per\u00edodo entre 26 de [&hellip;]","og_url":"https:\/\/aliancasocial.org\/en\/alianca-de-misericordia-e-top-20-brasil-no-premio-ibest-2025\/","og_site_name":"Alian\u00e7a de Miseric\u00f3rdia","article_publisher":"https:\/\/www.facebook.com\/iesmisericordia\/","article_published_time":"2025-06-02T20:45:03+00:00","article_modified_time":"2025-06-04T15:04:28+00:00","og_image":[{"width":2560,"height":1280,"url":"https:\/\/aliancasocial.org\/wp-content\/uploads\/2025\/06\/GEPEF-Banner-me\u0301dio-formato-EUA-horizontal7-scaled.png","type":"image\/png"}],"author":"Fernanda Monzambani","twitter_card":"summary_large_image","twitter_misc":{"Written by":"Fernanda Monzambani","Est. reading time":"4 minutes"},"schema":{"@context":"https:\/\/schema.org","@graph":[{"@type":"Article","@id":"https:\/\/aliancasocial.org\/alianca-de-misericordia-e-top-20-brasil-no-premio-ibest-2025\/#article","isPartOf":{"@id":"https:\/\/aliancasocial.org\/alianca-de-misericordia-e-top-20-brasil-no-premio-ibest-2025\/"},"author":{"name":"Fernanda Monzambani","@id":"https:\/\/aliancasocial.org\/#\/schema\/person\/73a690df527bfd7df78ba35714ff67d4"},"headline":"Alian\u00e7a de Miseric\u00f3rdia \u00e9 Top 20 Brasil no Pr\u00eamio iBest 2025","datePublished":"2025-06-02T20:45:03+00:00","dateModified":"2025-06-04T15:04:28+00:00","mainEntityOfPage":{"@id":"https:\/\/aliancasocial.org\/alianca-de-misericordia-e-top-20-brasil-no-premio-ibest-2025\/"},"wordCount":723,"publisher":{"@id":"https:\/\/aliancasocial.org\/#organization"},"image":{"@id":"https:\/\/aliancasocial.org\/alianca-de-misericordia-e-top-20-brasil-no-premio-ibest-2025\/#primaryimage"},"thumbnailUrl":"https:\/\/aliancasocial.org\/wp-content\/uploads\/2025\/06\/GEPEF-Banner-me\u0301dio-formato-EUA-horizontal7-scaled.png","articleSection":["Campanhas"],"inLanguage":"en-US"},{"@type":"WebPage","@id":"https:\/\/aliancasocial.org\/alianca-de-misericordia-e-top-20-brasil-no-premio-ibest-2025\/","url":"https:\/\/aliancasocial.org\/alianca-de-misericordia-e-top-20-brasil-no-premio-ibest-2025\/","name":"Alliance of Mercy is Top 20 in Brazil in the iBest 2025 Award - Alliance of Mercy","isPartOf":{"@id":"https:\/\/aliancasocial.org\/#website"},"primaryImageOfPage":{"@id":"https:\/\/aliancasocial.org\/alianca-de-misericordia-e-top-20-brasil-no-premio-ibest-2025\/#primaryimage"},"image":{"@id":"https:\/\/aliancasocial.org\/alianca-de-misericordia-e-top-20-brasil-no-premio-ibest-2025\/#primaryimage"},"thumbnailUrl":"https:\/\/aliancasocial.org\/wp-content\/uploads\/2025\/06\/GEPEF-Banner-me\u0301dio-formato-EUA-horizontal7-scaled.png","datePublished":"2025-06-02T20:45:03+00:00","dateModified":"2025-06-04T15:04:28+00:00","breadcrumb":{"@id":"https:\/\/aliancasocial.org\/alianca-de-misericordia-e-top-20-brasil-no-premio-ibest-2025\/#breadcrumb"},"inLanguage":"en-US","potentialAction":[{"@type":"ReadAction","target":["https:\/\/aliancasocial.org\/alianca-de-misericordia-e-top-20-brasil-no-premio-ibest-2025\/"]}]},{"@type":"ImageObject","inLanguage":"en-US","@id":"https:\/\/aliancasocial.org\/alianca-de-misericordia-e-top-20-brasil-no-premio-ibest-2025\/#primaryimage","url":"https:\/\/aliancasocial.org\/wp-content\/uploads\/2025\/06\/GEPEF-Banner-me\u0301dio-formato-EUA-horizontal7-scaled.png","contentUrl":"https:\/\/aliancasocial.org\/wp-content\/uploads\/2025\/06\/GEPEF-Banner-me\u0301dio-formato-EUA-horizontal7-scaled.png","width":2560,"height":1280},{"@type":"BreadcrumbList","@id":"https:\/\/aliancasocial.org\/alianca-de-misericordia-e-top-20-brasil-no-premio-ibest-2025\/#breadcrumb","itemListElement":[{"@type":"ListItem","position":1,"name":"In\u00edcio","item":"https:\/\/aliancasocial.org\/en\/"},{"@type":"ListItem","position":2,"name":"Alian\u00e7a de Miseric\u00f3rdia \u00e9 Top 20 Brasil no Pr\u00eamio iBest 2025"}]},{"@type":"WebSite","@id":"https:\/\/aliancasocial.org\/#website","url":"https:\/\/aliancasocial.org\/","name":"Covenant of Mercy","description":"Bringing human dignity to every corner of the world","publisher":{"@id":"https:\/\/aliancasocial.org\/#organization"},"potentialAction":[{"@type":"SearchAction","target":{"@type":"EntryPoint","urlTemplate":"https:\/\/aliancasocial.org\/?s={search_term_string}"},"query-input":{"@type":"PropertyValueSpecification","valueRequired":true,"valueName":"search_term_string"}}],"inLanguage":"en-US"},{"@type":"Organization","@id":"https:\/\/aliancasocial.org\/#organization","name":"Covenant of Mercy","url":"https:\/\/aliancasocial.org\/","logo":{"@type":"ImageObject","inLanguage":"en-US","@id":"https:\/\/aliancasocial.org\/#\/schema\/logo\/image\/","url":"https:\/\/aliancasocial.org\/wp-content\/uploads\/2022\/07\/logo-alianca-marrom.svg","contentUrl":"https:\/\/aliancasocial.org\/wp-content\/uploads\/2022\/07\/logo-alianca-marrom.svg","width":91,"height":33,"caption":"Alian\u00e7a de Miseric\u00f3rdia"},"image":{"@id":"https:\/\/aliancasocial.org\/#\/schema\/logo\/image\/"},"sameAs":["https:\/\/www.facebook.com\/iesmisericordia\/","https:\/\/www.instagram.com\/aliancademisericordia\/"]},{"@type":"Person","@id":"https:\/\/aliancasocial.org\/#\/schema\/person\/73a690df527bfd7df78ba35714ff67d4","name":"Fernanda Monzambani","image":{"@type":"ImageObject","inLanguage":"en-US","@id":"https:\/\/secure.gravatar.com\/avatar\/aa6d89063e21cd9638051b6cd0602c108d4b79b0898534c712d68409f7e5b64c?s=96&d=mm&r=g","url":"https:\/\/secure.gravatar.com\/avatar\/aa6d89063e21cd9638051b6cd0602c108d4b79b0898534c712d68409f7e5b64c?s=96&d=mm&r=g","contentUrl":"https:\/\/secure.gravatar.com\/avatar\/aa6d89063e21cd9638051b6cd0602c108d4b79b0898534c712d68409f7e5b64c?s=96&d=mm&r=g","caption":"Fernanda Monzambani"},"url":"https:\/\/aliancasocial.org\/en\/author\/fernanda\/"}]}},"_links":{"self":[{"href":"https:\/\/aliancasocial.org\/en\/wp-json\/wp\/v2\/posts\/11783","targetHints":{"allow":["GET"]}}],"collection":[{"href":"https:\/\/aliancasocial.org\/en\/wp-json\/wp\/v2\/posts"}],"about":[{"href":"https:\/\/aliancasocial.org\/en\/wp-json\/wp\/v2\/types\/post"}],"author":[{"embeddable":true,"href":"https:\/\/aliancasocial.org\/en\/wp-json\/wp\/v2\/users\/8"}],"replies":[{"embeddable":true,"href":"https:\/\/aliancasocial.org\/en\/wp-json\/wp\/v2\/comments?post=11783"}],"version-history":[{"count":1,"href":"https:\/\/aliancasocial.org\/en\/wp-json\/wp\/v2\/posts\/11783\/revisions"}],"predecessor-version":[{"id":11785,"href":"https:\/\/aliancasocial.org\/en\/wp-json\/wp\/v2\/posts\/11783\/revisions\/11785"}],"wp:featuredmedia":[{"embeddable":true,"href":"https:\/\/aliancasocial.org\/en\/wp-json\/wp\/v2\/media\/11789"}],"wp:attachment":[{"href":"https:\/\/aliancasocial.org\/en\/wp-json\/wp\/v2\/media?parent=11783"}],"wp:term":[{"taxonomy":"category","embeddable":true,"href":"https:\/\/aliancasocial.org\/en\/wp-json\/wp\/v2\/categories?post=11783"},{"taxonomy":"post_tag","embeddable":true,"href":"https:\/\/aliancasocial.org\/en\/wp-json\/wp\/v2\/tags?post=11783"},{"taxonomy":"destaques","embeddable":true,"href":"https:\/\/aliancasocial.org\/en\/wp-json\/wp\/v2\/destaques?post=11783"}],"curies":[{"name":"wp","href":"https:\/\/api.w.org\/{rel}","templated":true}]}}