{"id":11786,"date":"2025-06-04T11:59:46","date_gmt":"2025-06-04T14:59:46","guid":{"rendered":"https:\/\/aliancasocial.org\/?p=11786"},"modified":"2025-06-04T11:59:51","modified_gmt":"2025-06-04T14:59:51","slug":"sasf-participa-de-acoes-de-protecao-a-infancia-e-celebra-o-dia-municipal-do-brincar","status":"publish","type":"post","link":"https:\/\/aliancasocial.org\/en\/sasf-participa-de-acoes-de-protecao-a-infancia-e-celebra-o-dia-municipal-do-brincar\/","title":{"rendered":"SASF participates in child protection actions and celebrates Municipal Play Day"},"content":{"rendered":"<p>During the month of May, the Family Social Assistance and Basic Social Protection Service at Home (SASF) Centro Maria Paola, of the Alliance of Mercy, promoted and participated in activities aimed at valuing childhood and raising awareness about the protection of children and adolescents.<\/p>\n\n\n\n<p>In celebration of the <strong>Municipal Play Day<\/strong>, SASF was present at a special program at Pinheirinho D&#039;\u00c1gua Park. Families supported by the service and community residents participated in a day of games, meetings and exchange of experiences. The initiative sought to value the act of playing as a tool for family development and coexistence.<\/p>\n\n\n\n<p>Also in May, SASF participated in the <strong>III Orange May Seminar<\/strong>, at CEU Taipas, and performed the play <em>\u201cDon\u2019t touch me, you idiot!\u201d<\/em>, inspired by the book of the same name, at the Padre Pio and Vila Cuore Children and Adolescent Centers (CCAs). The action was part of the May 18 campaign, which marks the fight against the abuse and sexual exploitation of children and adolescents.<\/p>\n\n\n\n<p>The play addressed, in an accessible way, topics such as respect for the body, the right to protection and the importance of reporting. The objective was to promote reflection and strengthen awareness among children, adolescents and educators about this sensitive and necessary topic.<\/p>\n\n\n\n<p>SASF also celebrated the <strong>Pedagogue&#039;s Day<\/strong> with its team, recognizing the importance of pedagogical work in monitoring families, especially in home visits and in supporting the child development of children aged 0 to 3 years.<\/p>\n\n\n\n<p>Operating for 10 years in the Jaragu\u00e1 neighborhood, in the northern part of S\u00e3o Paulo, SASF Centro Maria Paola is part of the social actions of Alian\u00e7a de Miseric\u00f3rdia and its mission is to strengthen the protective role of families through home visits, socio-educational workshops, actions with the elderly and people with disabilities, and monitoring carried out by a multidisciplinary team made up of social workers, psychologists and pedagogues.<\/p>\n\n\n\n<p><strong>Access Instagram <a href=\"https:\/\/www.instagram.com\/aliancademisericordia\/following\/\">@aliancademisericordia<\/a> It is <a href=\"https:\/\/www.instagram.com\/sasfjaragua\/\">@sasfjaragua<\/a> to follow more news about our projects and social actions!<\/strong><\/p>\n\n\n\n<p><\/p>","protected":false},"excerpt":{"rendered":"<p>Durante o m\u00eas de maio, o Servi\u00e7o de Assist\u00eancia Social \u00e0 Fam\u00edlia e Prote\u00e7\u00e3o Social B\u00e1sica no Domic\u00edlio (SASF) Centro Maria Paola, da Alian\u00e7a de Miseric\u00f3rdia, promoveu e participou de atividades voltadas \u00e0 valoriza\u00e7\u00e3o da inf\u00e2ncia e \u00e0 conscientiza\u00e7\u00e3o sobre a prote\u00e7\u00e3o de crian\u00e7as e adolescentes. Em comemora\u00e7\u00e3o ao Dia Municipal do Brincar, o SASF [&hellip;]<\/p>\n","protected":false},"author":8,"featured_media":11787,"comment_status":"closed","ping_status":"closed","sticky":false,"template":"","format":"standard","meta":{"footnotes":""},"categories":[9],"tags":[],"destaques":[38],"class_list":["post-11786","post","type-post","status-publish","format-standard","has-post-thumbnail","hentry","category-educacao","destaques-destaque-03"],"yoast_head":"<!-- This site is optimized with the Yoast SEO plugin v27.4 - https:\/\/yoast.com\/product\/yoast-seo-wordpress\/ -->\n<title>SASF participa de a\u00e7\u00f5es de prote\u00e7\u00e3o \u00e0 inf\u00e2ncia e celebra o Dia Municipal do Brincar - Alian\u00e7a de Miseric\u00f3rdia<\/title>\n<meta name=\"robots\" content=\"index, follow, max-snippet:-1, max-image-preview:large, max-video-preview:-1\" \/>\n<link rel=\"canonical\" href=\"https:\/\/aliancasocial.org\/en\/sasf-participa-de-acoes-de-protecao-a-infancia-e-celebra-o-dia-municipal-do-brincar\/\" \/>\n<meta property=\"og:locale\" content=\"en_US\" \/>\n<meta property=\"og:type\" content=\"article\" \/>\n<meta property=\"og:title\" content=\"SASF participa de a\u00e7\u00f5es de prote\u00e7\u00e3o \u00e0 inf\u00e2ncia e celebra o Dia Municipal do Brincar - Alian\u00e7a de Miseric\u00f3rdia\" \/>\n<meta property=\"og:description\" content=\"Durante o m\u00eas de maio, o Servi\u00e7o de Assist\u00eancia Social \u00e0 Fam\u00edlia e Prote\u00e7\u00e3o Social B\u00e1sica no Domic\u00edlio (SASF) Centro Maria Paola, da Alian\u00e7a de Miseric\u00f3rdia, promoveu e participou de atividades voltadas \u00e0 valoriza\u00e7\u00e3o da inf\u00e2ncia e \u00e0 conscientiza\u00e7\u00e3o sobre a prote\u00e7\u00e3o de crian\u00e7as e adolescentes. Em comemora\u00e7\u00e3o ao Dia Municipal do Brincar, o SASF [&hellip;]\" \/>\n<meta property=\"og:url\" content=\"https:\/\/aliancasocial.org\/en\/sasf-participa-de-acoes-de-protecao-a-infancia-e-celebra-o-dia-municipal-do-brincar\/\" \/>\n<meta property=\"og:site_name\" content=\"Alian\u00e7a de Miseric\u00f3rdia\" \/>\n<meta property=\"article:publisher\" content=\"https:\/\/www.facebook.com\/iesmisericordia\/\" \/>\n<meta property=\"article:published_time\" content=\"2025-06-04T14:59:46+00:00\" \/>\n<meta property=\"article:modified_time\" content=\"2025-06-04T14:59:51+00:00\" \/>\n<meta property=\"og:image\" content=\"https:\/\/aliancasocial.org\/wp-content\/uploads\/2025\/06\/WhatsApp-Image-2025-06-02-at-16.23.40.jpeg\" \/>\n\t<meta property=\"og:image:width\" content=\"899\" \/>\n\t<meta property=\"og:image:height\" content=\"1599\" \/>\n\t<meta property=\"og:image:type\" content=\"image\/jpeg\" \/>\n<meta name=\"author\" content=\"Fernanda Monzambani\" \/>\n<meta name=\"twitter:card\" content=\"summary_large_image\" \/>\n<meta name=\"twitter:label1\" content=\"Written by\" \/>\n\t<meta name=\"twitter:data1\" content=\"Fernanda Monzambani\" \/>\n\t<meta name=\"twitter:label2\" content=\"Est. reading time\" \/>\n\t<meta name=\"twitter:data2\" content=\"3 minutes\" \/>\n<script type=\"application\/ld+json\" class=\"yoast-schema-graph\">{\"@context\":\"https:\\\/\\\/schema.org\",\"@graph\":[{\"@type\":\"Article\",\"@id\":\"https:\\\/\\\/aliancasocial.org\\\/sasf-participa-de-acoes-de-protecao-a-infancia-e-celebra-o-dia-municipal-do-brincar\\\/#article\",\"isPartOf\":{\"@id\":\"https:\\\/\\\/aliancasocial.org\\\/sasf-participa-de-acoes-de-protecao-a-infancia-e-celebra-o-dia-municipal-do-brincar\\\/\"},\"author\":{\"name\":\"Fernanda Monzambani\",\"@id\":\"https:\\\/\\\/aliancasocial.org\\\/#\\\/schema\\\/person\\\/73a690df527bfd7df78ba35714ff67d4\"},\"headline\":\"SASF participa de a\u00e7\u00f5es de prote\u00e7\u00e3o \u00e0 inf\u00e2ncia e celebra o Dia Municipal do Brincar\",\"datePublished\":\"2025-06-04T14:59:46+00:00\",\"dateModified\":\"2025-06-04T14:59:51+00:00\",\"mainEntityOfPage\":{\"@id\":\"https:\\\/\\\/aliancasocial.org\\\/sasf-participa-de-acoes-de-protecao-a-infancia-e-celebra-o-dia-municipal-do-brincar\\\/\"},\"wordCount\":400,\"publisher\":{\"@id\":\"https:\\\/\\\/aliancasocial.org\\\/#organization\"},\"image\":{\"@id\":\"https:\\\/\\\/aliancasocial.org\\\/sasf-participa-de-acoes-de-protecao-a-infancia-e-celebra-o-dia-municipal-do-brincar\\\/#primaryimage\"},\"thumbnailUrl\":\"https:\\\/\\\/aliancasocial.org\\\/wp-content\\\/uploads\\\/2025\\\/06\\\/WhatsApp-Image-2025-06-02-at-16.23.40.jpeg\",\"articleSection\":[\"Educa\u00e7\u00e3o\"],\"inLanguage\":\"en-US\"},{\"@type\":\"WebPage\",\"@id\":\"https:\\\/\\\/aliancasocial.org\\\/sasf-participa-de-acoes-de-protecao-a-infancia-e-celebra-o-dia-municipal-do-brincar\\\/\",\"url\":\"https:\\\/\\\/aliancasocial.org\\\/sasf-participa-de-acoes-de-protecao-a-infancia-e-celebra-o-dia-municipal-do-brincar\\\/\",\"name\":\"SASF participa de a\u00e7\u00f5es de prote\u00e7\u00e3o \u00e0 inf\u00e2ncia e celebra o Dia Municipal do Brincar - Alian\u00e7a de Miseric\u00f3rdia\",\"isPartOf\":{\"@id\":\"https:\\\/\\\/aliancasocial.org\\\/#website\"},\"primaryImageOfPage\":{\"@id\":\"https:\\\/\\\/aliancasocial.org\\\/sasf-participa-de-acoes-de-protecao-a-infancia-e-celebra-o-dia-municipal-do-brincar\\\/#primaryimage\"},\"image\":{\"@id\":\"https:\\\/\\\/aliancasocial.org\\\/sasf-participa-de-acoes-de-protecao-a-infancia-e-celebra-o-dia-municipal-do-brincar\\\/#primaryimage\"},\"thumbnailUrl\":\"https:\\\/\\\/aliancasocial.org\\\/wp-content\\\/uploads\\\/2025\\\/06\\\/WhatsApp-Image-2025-06-02-at-16.23.40.jpeg\",\"datePublished\":\"2025-06-04T14:59:46+00:00\",\"dateModified\":\"2025-06-04T14:59:51+00:00\",\"breadcrumb\":{\"@id\":\"https:\\\/\\\/aliancasocial.org\\\/sasf-participa-de-acoes-de-protecao-a-infancia-e-celebra-o-dia-municipal-do-brincar\\\/#breadcrumb\"},\"inLanguage\":\"en-US\",\"potentialAction\":[{\"@type\":\"ReadAction\",\"target\":[\"https:\\\/\\\/aliancasocial.org\\\/sasf-participa-de-acoes-de-protecao-a-infancia-e-celebra-o-dia-municipal-do-brincar\\\/\"]}]},{\"@type\":\"ImageObject\",\"inLanguage\":\"en-US\",\"@id\":\"https:\\\/\\\/aliancasocial.org\\\/sasf-participa-de-acoes-de-protecao-a-infancia-e-celebra-o-dia-municipal-do-brincar\\\/#primaryimage\",\"url\":\"https:\\\/\\\/aliancasocial.org\\\/wp-content\\\/uploads\\\/2025\\\/06\\\/WhatsApp-Image-2025-06-02-at-16.23.40.jpeg\",\"contentUrl\":\"https:\\\/\\\/aliancasocial.org\\\/wp-content\\\/uploads\\\/2025\\\/06\\\/WhatsApp-Image-2025-06-02-at-16.23.40.jpeg\",\"width\":899,\"height\":1599},{\"@type\":\"BreadcrumbList\",\"@id\":\"https:\\\/\\\/aliancasocial.org\\\/sasf-participa-de-acoes-de-protecao-a-infancia-e-celebra-o-dia-municipal-do-brincar\\\/#breadcrumb\",\"itemListElement\":[{\"@type\":\"ListItem\",\"position\":1,\"name\":\"In\u00edcio\",\"item\":\"https:\\\/\\\/aliancasocial.org\\\/en\\\/\"},{\"@type\":\"ListItem\",\"position\":2,\"name\":\"SASF participa de a\u00e7\u00f5es de prote\u00e7\u00e3o \u00e0 inf\u00e2ncia e celebra o Dia Municipal do Brincar\"}]},{\"@type\":\"WebSite\",\"@id\":\"https:\\\/\\\/aliancasocial.org\\\/#website\",\"url\":\"https:\\\/\\\/aliancasocial.org\\\/\",\"name\":\"Alian\u00e7a de Miseric\u00f3rdia\",\"description\":\"Levando dignidade humana a todos os cantos do mundo\",\"publisher\":{\"@id\":\"https:\\\/\\\/aliancasocial.org\\\/#organization\"},\"potentialAction\":[{\"@type\":\"SearchAction\",\"target\":{\"@type\":\"EntryPoint\",\"urlTemplate\":\"https:\\\/\\\/aliancasocial.org\\\/?s={search_term_string}\"},\"query-input\":{\"@type\":\"PropertyValueSpecification\",\"valueRequired\":true,\"valueName\":\"search_term_string\"}}],\"inLanguage\":\"en-US\"},{\"@type\":\"Organization\",\"@id\":\"https:\\\/\\\/aliancasocial.org\\\/#organization\",\"name\":\"Alian\u00e7a de Miseric\u00f3rdia\",\"url\":\"https:\\\/\\\/aliancasocial.org\\\/\",\"logo\":{\"@type\":\"ImageObject\",\"inLanguage\":\"en-US\",\"@id\":\"https:\\\/\\\/aliancasocial.org\\\/#\\\/schema\\\/logo\\\/image\\\/\",\"url\":\"https:\\\/\\\/aliancasocial.org\\\/wp-content\\\/uploads\\\/2022\\\/07\\\/logo-alianca-marrom.svg\",\"contentUrl\":\"https:\\\/\\\/aliancasocial.org\\\/wp-content\\\/uploads\\\/2022\\\/07\\\/logo-alianca-marrom.svg\",\"width\":91,\"height\":33,\"caption\":\"Alian\u00e7a de Miseric\u00f3rdia\"},\"image\":{\"@id\":\"https:\\\/\\\/aliancasocial.org\\\/#\\\/schema\\\/logo\\\/image\\\/\"},\"sameAs\":[\"https:\\\/\\\/www.facebook.com\\\/iesmisericordia\\\/\",\"https:\\\/\\\/www.instagram.com\\\/aliancademisericordia\\\/\"]},{\"@type\":\"Person\",\"@id\":\"https:\\\/\\\/aliancasocial.org\\\/#\\\/schema\\\/person\\\/73a690df527bfd7df78ba35714ff67d4\",\"name\":\"Fernanda Monzambani\",\"image\":{\"@type\":\"ImageObject\",\"inLanguage\":\"en-US\",\"@id\":\"https:\\\/\\\/secure.gravatar.com\\\/avatar\\\/aa6d89063e21cd9638051b6cd0602c108d4b79b0898534c712d68409f7e5b64c?s=96&d=mm&r=g\",\"url\":\"https:\\\/\\\/secure.gravatar.com\\\/avatar\\\/aa6d89063e21cd9638051b6cd0602c108d4b79b0898534c712d68409f7e5b64c?s=96&d=mm&r=g\",\"contentUrl\":\"https:\\\/\\\/secure.gravatar.com\\\/avatar\\\/aa6d89063e21cd9638051b6cd0602c108d4b79b0898534c712d68409f7e5b64c?s=96&d=mm&r=g\",\"caption\":\"Fernanda Monzambani\"},\"url\":\"https:\\\/\\\/aliancasocial.org\\\/en\\\/author\\\/fernanda\\\/\"}]}<\/script>\n<!-- \/ Yoast SEO plugin. -->","yoast_head_json":{"title":"SASF participa de a\u00e7\u00f5es de prote\u00e7\u00e3o \u00e0 inf\u00e2ncia e celebra o Dia Municipal do Brincar - Alian\u00e7a de Miseric\u00f3rdia","robots":{"index":"index","follow":"follow","max-snippet":"max-snippet:-1","max-image-preview":"max-image-preview:large","max-video-preview":"max-video-preview:-1"},"canonical":"https:\/\/aliancasocial.org\/en\/sasf-participa-de-acoes-de-protecao-a-infancia-e-celebra-o-dia-municipal-do-brincar\/","og_locale":"en_US","og_type":"article","og_title":"SASF participa de a\u00e7\u00f5es de prote\u00e7\u00e3o \u00e0 inf\u00e2ncia e celebra o Dia Municipal do Brincar - Alian\u00e7a de Miseric\u00f3rdia","og_description":"Durante o m\u00eas de maio, o Servi\u00e7o de Assist\u00eancia Social \u00e0 Fam\u00edlia e Prote\u00e7\u00e3o Social B\u00e1sica no Domic\u00edlio (SASF) Centro Maria Paola, da Alian\u00e7a de Miseric\u00f3rdia, promoveu e participou de atividades voltadas \u00e0 valoriza\u00e7\u00e3o da inf\u00e2ncia e \u00e0 conscientiza\u00e7\u00e3o sobre a prote\u00e7\u00e3o de crian\u00e7as e adolescentes. Em comemora\u00e7\u00e3o ao Dia Municipal do Brincar, o SASF [&hellip;]","og_url":"https:\/\/aliancasocial.org\/en\/sasf-participa-de-acoes-de-protecao-a-infancia-e-celebra-o-dia-municipal-do-brincar\/","og_site_name":"Alian\u00e7a de Miseric\u00f3rdia","article_publisher":"https:\/\/www.facebook.com\/iesmisericordia\/","article_published_time":"2025-06-04T14:59:46+00:00","article_modified_time":"2025-06-04T14:59:51+00:00","og_image":[{"width":899,"height":1599,"url":"https:\/\/aliancasocial.org\/wp-content\/uploads\/2025\/06\/WhatsApp-Image-2025-06-02-at-16.23.40.jpeg","type":"image\/jpeg"}],"author":"Fernanda Monzambani","twitter_card":"summary_large_image","twitter_misc":{"Written by":"Fernanda Monzambani","Est. reading time":"3 minutes"},"schema":{"@context":"https:\/\/schema.org","@graph":[{"@type":"Article","@id":"https:\/\/aliancasocial.org\/sasf-participa-de-acoes-de-protecao-a-infancia-e-celebra-o-dia-municipal-do-brincar\/#article","isPartOf":{"@id":"https:\/\/aliancasocial.org\/sasf-participa-de-acoes-de-protecao-a-infancia-e-celebra-o-dia-municipal-do-brincar\/"},"author":{"name":"Fernanda Monzambani","@id":"https:\/\/aliancasocial.org\/#\/schema\/person\/73a690df527bfd7df78ba35714ff67d4"},"headline":"SASF participa de a\u00e7\u00f5es de prote\u00e7\u00e3o \u00e0 inf\u00e2ncia e celebra o Dia Municipal do Brincar","datePublished":"2025-06-04T14:59:46+00:00","dateModified":"2025-06-04T14:59:51+00:00","mainEntityOfPage":{"@id":"https:\/\/aliancasocial.org\/sasf-participa-de-acoes-de-protecao-a-infancia-e-celebra-o-dia-municipal-do-brincar\/"},"wordCount":400,"publisher":{"@id":"https:\/\/aliancasocial.org\/#organization"},"image":{"@id":"https:\/\/aliancasocial.org\/sasf-participa-de-acoes-de-protecao-a-infancia-e-celebra-o-dia-municipal-do-brincar\/#primaryimage"},"thumbnailUrl":"https:\/\/aliancasocial.org\/wp-content\/uploads\/2025\/06\/WhatsApp-Image-2025-06-02-at-16.23.40.jpeg","articleSection":["Educa\u00e7\u00e3o"],"inLanguage":"en-US"},{"@type":"WebPage","@id":"https:\/\/aliancasocial.org\/sasf-participa-de-acoes-de-protecao-a-infancia-e-celebra-o-dia-municipal-do-brincar\/","url":"https:\/\/aliancasocial.org\/sasf-participa-de-acoes-de-protecao-a-infancia-e-celebra-o-dia-municipal-do-brincar\/","name":"SASF participa de a\u00e7\u00f5es de prote\u00e7\u00e3o \u00e0 inf\u00e2ncia e celebra o Dia Municipal do Brincar - Alian\u00e7a de Miseric\u00f3rdia","isPartOf":{"@id":"https:\/\/aliancasocial.org\/#website"},"primaryImageOfPage":{"@id":"https:\/\/aliancasocial.org\/sasf-participa-de-acoes-de-protecao-a-infancia-e-celebra-o-dia-municipal-do-brincar\/#primaryimage"},"image":{"@id":"https:\/\/aliancasocial.org\/sasf-participa-de-acoes-de-protecao-a-infancia-e-celebra-o-dia-municipal-do-brincar\/#primaryimage"},"thumbnailUrl":"https:\/\/aliancasocial.org\/wp-content\/uploads\/2025\/06\/WhatsApp-Image-2025-06-02-at-16.23.40.jpeg","datePublished":"2025-06-04T14:59:46+00:00","dateModified":"2025-06-04T14:59:51+00:00","breadcrumb":{"@id":"https:\/\/aliancasocial.org\/sasf-participa-de-acoes-de-protecao-a-infancia-e-celebra-o-dia-municipal-do-brincar\/#breadcrumb"},"inLanguage":"en-US","potentialAction":[{"@type":"ReadAction","target":["https:\/\/aliancasocial.org\/sasf-participa-de-acoes-de-protecao-a-infancia-e-celebra-o-dia-municipal-do-brincar\/"]}]},{"@type":"ImageObject","inLanguage":"en-US","@id":"https:\/\/aliancasocial.org\/sasf-participa-de-acoes-de-protecao-a-infancia-e-celebra-o-dia-municipal-do-brincar\/#primaryimage","url":"https:\/\/aliancasocial.org\/wp-content\/uploads\/2025\/06\/WhatsApp-Image-2025-06-02-at-16.23.40.jpeg","contentUrl":"https:\/\/aliancasocial.org\/wp-content\/uploads\/2025\/06\/WhatsApp-Image-2025-06-02-at-16.23.40.jpeg","width":899,"height":1599},{"@type":"BreadcrumbList","@id":"https:\/\/aliancasocial.org\/sasf-participa-de-acoes-de-protecao-a-infancia-e-celebra-o-dia-municipal-do-brincar\/#breadcrumb","itemListElement":[{"@type":"ListItem","position":1,"name":"In\u00edcio","item":"https:\/\/aliancasocial.org\/en\/"},{"@type":"ListItem","position":2,"name":"SASF participa de a\u00e7\u00f5es de prote\u00e7\u00e3o \u00e0 inf\u00e2ncia e celebra o Dia Municipal do Brincar"}]},{"@type":"WebSite","@id":"https:\/\/aliancasocial.org\/#website","url":"https:\/\/aliancasocial.org\/","name":"Covenant of Mercy","description":"Bringing human dignity to every corner of the world","publisher":{"@id":"https:\/\/aliancasocial.org\/#organization"},"potentialAction":[{"@type":"SearchAction","target":{"@type":"EntryPoint","urlTemplate":"https:\/\/aliancasocial.org\/?s={search_term_string}"},"query-input":{"@type":"PropertyValueSpecification","valueRequired":true,"valueName":"search_term_string"}}],"inLanguage":"en-US"},{"@type":"Organization","@id":"https:\/\/aliancasocial.org\/#organization","name":"Covenant of Mercy","url":"https:\/\/aliancasocial.org\/","logo":{"@type":"ImageObject","inLanguage":"en-US","@id":"https:\/\/aliancasocial.org\/#\/schema\/logo\/image\/","url":"https:\/\/aliancasocial.org\/wp-content\/uploads\/2022\/07\/logo-alianca-marrom.svg","contentUrl":"https:\/\/aliancasocial.org\/wp-content\/uploads\/2022\/07\/logo-alianca-marrom.svg","width":91,"height":33,"caption":"Alian\u00e7a de Miseric\u00f3rdia"},"image":{"@id":"https:\/\/aliancasocial.org\/#\/schema\/logo\/image\/"},"sameAs":["https:\/\/www.facebook.com\/iesmisericordia\/","https:\/\/www.instagram.com\/aliancademisericordia\/"]},{"@type":"Person","@id":"https:\/\/aliancasocial.org\/#\/schema\/person\/73a690df527bfd7df78ba35714ff67d4","name":"Fernanda Monzambani","image":{"@type":"ImageObject","inLanguage":"en-US","@id":"https:\/\/secure.gravatar.com\/avatar\/aa6d89063e21cd9638051b6cd0602c108d4b79b0898534c712d68409f7e5b64c?s=96&d=mm&r=g","url":"https:\/\/secure.gravatar.com\/avatar\/aa6d89063e21cd9638051b6cd0602c108d4b79b0898534c712d68409f7e5b64c?s=96&d=mm&r=g","contentUrl":"https:\/\/secure.gravatar.com\/avatar\/aa6d89063e21cd9638051b6cd0602c108d4b79b0898534c712d68409f7e5b64c?s=96&d=mm&r=g","caption":"Fernanda Monzambani"},"url":"https:\/\/aliancasocial.org\/en\/author\/fernanda\/"}]}},"_links":{"self":[{"href":"https:\/\/aliancasocial.org\/en\/wp-json\/wp\/v2\/posts\/11786","targetHints":{"allow":["GET"]}}],"collection":[{"href":"https:\/\/aliancasocial.org\/en\/wp-json\/wp\/v2\/posts"}],"about":[{"href":"https:\/\/aliancasocial.org\/en\/wp-json\/wp\/v2\/types\/post"}],"author":[{"embeddable":true,"href":"https:\/\/aliancasocial.org\/en\/wp-json\/wp\/v2\/users\/8"}],"replies":[{"embeddable":true,"href":"https:\/\/aliancasocial.org\/en\/wp-json\/wp\/v2\/comments?post=11786"}],"version-history":[{"count":1,"href":"https:\/\/aliancasocial.org\/en\/wp-json\/wp\/v2\/posts\/11786\/revisions"}],"predecessor-version":[{"id":11788,"href":"https:\/\/aliancasocial.org\/en\/wp-json\/wp\/v2\/posts\/11786\/revisions\/11788"}],"wp:featuredmedia":[{"embeddable":true,"href":"https:\/\/aliancasocial.org\/en\/wp-json\/wp\/v2\/media\/11787"}],"wp:attachment":[{"href":"https:\/\/aliancasocial.org\/en\/wp-json\/wp\/v2\/media?parent=11786"}],"wp:term":[{"taxonomy":"category","embeddable":true,"href":"https:\/\/aliancasocial.org\/en\/wp-json\/wp\/v2\/categories?post=11786"},{"taxonomy":"post_tag","embeddable":true,"href":"https:\/\/aliancasocial.org\/en\/wp-json\/wp\/v2\/tags?post=11786"},{"taxonomy":"destaques","embeddable":true,"href":"https:\/\/aliancasocial.org\/en\/wp-json\/wp\/v2\/destaques?post=11786"}],"curies":[{"name":"wp","href":"https:\/\/api.w.org\/{rel}","templated":true}]}}