{"id":11790,"date":"2025-06-04T12:09:31","date_gmt":"2025-06-04T15:09:31","guid":{"rendered":"https:\/\/aliancasocial.org\/?p=11790"},"modified":"2025-06-04T12:09:35","modified_gmt":"2025-06-04T15:09:35","slug":"acao-social-na-casa-restaura-me-atende-cerca-de-600-pessoas-em-situacao-de-rua","status":"publish","type":"post","link":"https:\/\/aliancasocial.org\/en\/acao-social-na-casa-restaura-me-atende-cerca-de-600-pessoas-em-situacao-de-rua\/","title":{"rendered":"Social action at Casa Restaura-me serves around 600 homeless people"},"content":{"rendered":"\n<p>No s\u00e1bado, dia 1\u00ba de junho, das 10h \u00e0s 15h, a Casa Restaura-me, no Br\u00e1s (SP), promoveu uma a\u00e7\u00e3o social em parceria com o <strong>Instituto Humanday<\/strong>. Cerca de 600 pessoas em situa\u00e7\u00e3o de rua foram atendidas com diversos servi\u00e7os, como entrega de roupas e cobertores, kits de higiene, corte de cabelo, jogos, karaok\u00ea, algod\u00e3o doce, pipoca, assist\u00eancia da Defensoria P\u00fablica, atendimento social e atendimentos de sa\u00fade.<\/p>\n\n\n\n<p>A a\u00e7\u00e3o \u00e9 parte do trabalho cont\u00ednuo dos <strong><a href=\"https:\/\/aliancasocial.org\/projetos\/pessoas-em-situacao-de-rua\/\">N\u00facleos de Conviv\u00eancia da Alian\u00e7a de Miseric\u00f3rdia<\/a><\/strong>, que buscam atender \u00e0s necessidades b\u00e1sicas das pessoas em situa\u00e7\u00e3o de rua, como alimenta\u00e7\u00e3o, higiene e apoio social, mas tamb\u00e9m promover espa\u00e7os de escuta, conviv\u00eancia e recome\u00e7o.<\/p>\n\n\n\n<p>A <strong>Casa Restaura-me de S\u00e3o Paulo<\/strong> oferece, diariamente, refei\u00e7\u00f5es, espa\u00e7o para banho e lavagem de roupas, al\u00e9m de servi\u00e7os como cafeteria, biblioteca, sala de inform\u00e1tica, bazar e cursos profissionalizantes. Durante o tempo de perman\u00eancia no espa\u00e7o, muitos usu\u00e1rios iniciam um processo de reflex\u00e3o sobre sua pr\u00f3pria hist\u00f3ria e, quando desejam, s\u00e3o encaminhados para comunidades terap\u00eauticas, reencontros familiares ou a\u00e7\u00f5es que os ajudem a sair das ruas.<\/p>\n\n\n\n<p>Um dos irm\u00e3os atendidos no dia da a\u00e7\u00e3o compartilhou um pouco da sua experi\u00eancia:<\/p>\n\n\n\n<p><em>\u201cSe tivesse alguma nomenclatura pra isso que est\u00e1 acontecendo hoje aqui, \u00e9 indescrit\u00edvel, entendeu? [&#8230;] Tudo de bom, foi classificado pra gente da melhor forma poss\u00edvel, atendeu todas as pessoas. [&#8230;] Eu passei a noite carregando caminh\u00e3o, ganhei 80 reais, consegui pagar a pens\u00e3o dos meus filhos e, \u00f3, n\u00e3o bebi, t\u00f4 bem, t\u00f4 s\u00f3brio, voc\u00eas podem ver meu rosto. [&#8230;] Eu tinha visto uma jaqueta na hora da distribui\u00e7\u00e3o e um rapaz pegou ela. Daqui a pouco ele chegou em mim e falou: \u2018Irm\u00e3o, voc\u00ea queria pegar a jaqueta, n\u00e9? Ent\u00e3o toma a jaqueta pra voc\u00ea\u2019. Isso \u00e9 harmonia, n\u00e9? A gente se ajuda. Eu s\u00f3 tenho a agradecer.\u201d<\/em><\/p>\n\n\n\n<p>Iniciativas como essa mostram como o acolhimento e o cuidado com os detalhes podem gerar esperan\u00e7a, v\u00ednculos e, em muitos casos, novos come\u00e7os.<\/p>\n","protected":false},"excerpt":{"rendered":"<p>No s\u00e1bado, dia 1\u00ba de junho, das 10h \u00e0s 15h, a Casa Restaura-me, no Br\u00e1s (SP), promoveu uma a\u00e7\u00e3o social em parceria com o Instituto Humanday. Cerca de 600 pessoas em situa\u00e7\u00e3o de rua foram atendidas com diversos servi\u00e7os, como entrega de roupas e cobertores, kits de higiene, corte de cabelo, jogos, karaok\u00ea, algod\u00e3o doce, [&hellip;]<\/p>\n","protected":false},"author":8,"featured_media":6176,"comment_status":"closed","ping_status":"closed","sticky":false,"template":"","format":"standard","meta":{"footnotes":""},"categories":[44],"tags":[],"destaques":[],"class_list":["post-11790","post","type-post","status-publish","format-standard","has-post-thumbnail","hentry","category-reabilitacao"],"yoast_head":"<!-- This site is optimized with the Yoast SEO plugin v27.4 - https:\/\/yoast.com\/product\/yoast-seo-wordpress\/ -->\n<title>A\u00e7\u00e3o social na Casa Restaura-me atende cerca de 600 pessoas em situa\u00e7\u00e3o de rua - Alian\u00e7a de Miseric\u00f3rdia<\/title>\n<meta name=\"robots\" content=\"index, follow, max-snippet:-1, max-image-preview:large, max-video-preview:-1\" \/>\n<link rel=\"canonical\" href=\"https:\/\/aliancasocial.org\/en\/acao-social-na-casa-restaura-me-atende-cerca-de-600-pessoas-em-situacao-de-rua\/\" \/>\n<meta property=\"og:locale\" content=\"en_US\" \/>\n<meta property=\"og:type\" content=\"article\" \/>\n<meta property=\"og:title\" content=\"A\u00e7\u00e3o social na Casa Restaura-me atende cerca de 600 pessoas em situa\u00e7\u00e3o de rua - Alian\u00e7a de Miseric\u00f3rdia\" \/>\n<meta property=\"og:description\" content=\"No s\u00e1bado, dia 1\u00ba de junho, das 10h \u00e0s 15h, a Casa Restaura-me, no Br\u00e1s (SP), promoveu uma a\u00e7\u00e3o social em parceria com o Instituto Humanday. Cerca de 600 pessoas em situa\u00e7\u00e3o de rua foram atendidas com diversos servi\u00e7os, como entrega de roupas e cobertores, kits de higiene, corte de cabelo, jogos, karaok\u00ea, algod\u00e3o doce, [&hellip;]\" \/>\n<meta property=\"og:url\" content=\"https:\/\/aliancasocial.org\/en\/acao-social-na-casa-restaura-me-atende-cerca-de-600-pessoas-em-situacao-de-rua\/\" \/>\n<meta property=\"og:site_name\" content=\"Alian\u00e7a de Miseric\u00f3rdia\" \/>\n<meta property=\"article:publisher\" content=\"https:\/\/www.facebook.com\/iesmisericordia\/\" \/>\n<meta property=\"article:published_time\" content=\"2025-06-04T15:09:31+00:00\" \/>\n<meta property=\"article:modified_time\" content=\"2025-06-04T15:09:35+00:00\" \/>\n<meta property=\"og:image\" content=\"https:\/\/aliancasocial.org\/wp-content\/uploads\/2022\/07\/Restaura-me_2021_-Welligton-Tomas-57.webp\" \/>\n\t<meta property=\"og:image:width\" content=\"850\" \/>\n\t<meta property=\"og:image:height\" content=\"550\" \/>\n\t<meta property=\"og:image:type\" content=\"image\/webp\" \/>\n<meta name=\"author\" content=\"Fernanda Monzambani\" \/>\n<meta name=\"twitter:card\" content=\"summary_large_image\" \/>\n<meta name=\"twitter:label1\" content=\"Written by\" \/>\n\t<meta name=\"twitter:data1\" content=\"Fernanda Monzambani\" \/>\n\t<meta name=\"twitter:label2\" content=\"Est. reading time\" \/>\n\t<meta name=\"twitter:data2\" content=\"2 minutes\" \/>\n<script type=\"application\/ld+json\" class=\"yoast-schema-graph\">{\"@context\":\"https:\\\/\\\/schema.org\",\"@graph\":[{\"@type\":\"Article\",\"@id\":\"https:\\\/\\\/aliancasocial.org\\\/acao-social-na-casa-restaura-me-atende-cerca-de-600-pessoas-em-situacao-de-rua\\\/#article\",\"isPartOf\":{\"@id\":\"https:\\\/\\\/aliancasocial.org\\\/acao-social-na-casa-restaura-me-atende-cerca-de-600-pessoas-em-situacao-de-rua\\\/\"},\"author\":{\"name\":\"Fernanda Monzambani\",\"@id\":\"https:\\\/\\\/aliancasocial.org\\\/#\\\/schema\\\/person\\\/78098b551faec531645dbd5d82778414\"},\"headline\":\"A\u00e7\u00e3o social na Casa Restaura-me atende cerca de 600 pessoas em situa\u00e7\u00e3o de rua\",\"datePublished\":\"2025-06-04T15:09:31+00:00\",\"dateModified\":\"2025-06-04T15:09:35+00:00\",\"mainEntityOfPage\":{\"@id\":\"https:\\\/\\\/aliancasocial.org\\\/acao-social-na-casa-restaura-me-atende-cerca-de-600-pessoas-em-situacao-de-rua\\\/\"},\"wordCount\":379,\"publisher\":{\"@id\":\"https:\\\/\\\/aliancasocial.org\\\/#organization\"},\"image\":{\"@id\":\"https:\\\/\\\/aliancasocial.org\\\/acao-social-na-casa-restaura-me-atende-cerca-de-600-pessoas-em-situacao-de-rua\\\/#primaryimage\"},\"thumbnailUrl\":\"https:\\\/\\\/aliancasocial.org\\\/wp-content\\\/uploads\\\/2022\\\/07\\\/Restaura-me_2021_-Welligton-Tomas-57.webp\",\"articleSection\":[\"Reabilita\u00e7\u00e3o\"],\"inLanguage\":\"en-US\"},{\"@type\":\"WebPage\",\"@id\":\"https:\\\/\\\/aliancasocial.org\\\/acao-social-na-casa-restaura-me-atende-cerca-de-600-pessoas-em-situacao-de-rua\\\/\",\"url\":\"https:\\\/\\\/aliancasocial.org\\\/acao-social-na-casa-restaura-me-atende-cerca-de-600-pessoas-em-situacao-de-rua\\\/\",\"name\":\"A\u00e7\u00e3o social na Casa Restaura-me atende cerca de 600 pessoas em situa\u00e7\u00e3o de rua - Alian\u00e7a de Miseric\u00f3rdia\",\"isPartOf\":{\"@id\":\"https:\\\/\\\/aliancasocial.org\\\/#website\"},\"primaryImageOfPage\":{\"@id\":\"https:\\\/\\\/aliancasocial.org\\\/acao-social-na-casa-restaura-me-atende-cerca-de-600-pessoas-em-situacao-de-rua\\\/#primaryimage\"},\"image\":{\"@id\":\"https:\\\/\\\/aliancasocial.org\\\/acao-social-na-casa-restaura-me-atende-cerca-de-600-pessoas-em-situacao-de-rua\\\/#primaryimage\"},\"thumbnailUrl\":\"https:\\\/\\\/aliancasocial.org\\\/wp-content\\\/uploads\\\/2022\\\/07\\\/Restaura-me_2021_-Welligton-Tomas-57.webp\",\"datePublished\":\"2025-06-04T15:09:31+00:00\",\"dateModified\":\"2025-06-04T15:09:35+00:00\",\"breadcrumb\":{\"@id\":\"https:\\\/\\\/aliancasocial.org\\\/acao-social-na-casa-restaura-me-atende-cerca-de-600-pessoas-em-situacao-de-rua\\\/#breadcrumb\"},\"inLanguage\":\"en-US\",\"potentialAction\":[{\"@type\":\"ReadAction\",\"target\":[\"https:\\\/\\\/aliancasocial.org\\\/acao-social-na-casa-restaura-me-atende-cerca-de-600-pessoas-em-situacao-de-rua\\\/\"]}]},{\"@type\":\"ImageObject\",\"inLanguage\":\"en-US\",\"@id\":\"https:\\\/\\\/aliancasocial.org\\\/acao-social-na-casa-restaura-me-atende-cerca-de-600-pessoas-em-situacao-de-rua\\\/#primaryimage\",\"url\":\"https:\\\/\\\/aliancasocial.org\\\/wp-content\\\/uploads\\\/2022\\\/07\\\/Restaura-me_2021_-Welligton-Tomas-57.webp\",\"contentUrl\":\"https:\\\/\\\/aliancasocial.org\\\/wp-content\\\/uploads\\\/2022\\\/07\\\/Restaura-me_2021_-Welligton-Tomas-57.webp\",\"width\":850,\"height\":550},{\"@type\":\"BreadcrumbList\",\"@id\":\"https:\\\/\\\/aliancasocial.org\\\/acao-social-na-casa-restaura-me-atende-cerca-de-600-pessoas-em-situacao-de-rua\\\/#breadcrumb\",\"itemListElement\":[{\"@type\":\"ListItem\",\"position\":1,\"name\":\"In\u00edcio\",\"item\":\"https:\\\/\\\/aliancasocial.org\\\/en\\\/\"},{\"@type\":\"ListItem\",\"position\":2,\"name\":\"A\u00e7\u00e3o social na Casa Restaura-me atende cerca de 600 pessoas em situa\u00e7\u00e3o de rua\"}]},{\"@type\":\"WebSite\",\"@id\":\"https:\\\/\\\/aliancasocial.org\\\/#website\",\"url\":\"https:\\\/\\\/aliancasocial.org\\\/\",\"name\":\"Alian\u00e7a de Miseric\u00f3rdia\",\"description\":\"Levando dignidade humana a todos os cantos do mundo\",\"publisher\":{\"@id\":\"https:\\\/\\\/aliancasocial.org\\\/#organization\"},\"potentialAction\":[{\"@type\":\"SearchAction\",\"target\":{\"@type\":\"EntryPoint\",\"urlTemplate\":\"https:\\\/\\\/aliancasocial.org\\\/?s={search_term_string}\"},\"query-input\":{\"@type\":\"PropertyValueSpecification\",\"valueRequired\":true,\"valueName\":\"search_term_string\"}}],\"inLanguage\":\"en-US\"},{\"@type\":\"Organization\",\"@id\":\"https:\\\/\\\/aliancasocial.org\\\/#organization\",\"name\":\"Alian\u00e7a de Miseric\u00f3rdia\",\"url\":\"https:\\\/\\\/aliancasocial.org\\\/\",\"logo\":{\"@type\":\"ImageObject\",\"inLanguage\":\"en-US\",\"@id\":\"https:\\\/\\\/aliancasocial.org\\\/#\\\/schema\\\/logo\\\/image\\\/\",\"url\":\"https:\\\/\\\/aliancasocial.org\\\/wp-content\\\/uploads\\\/2022\\\/07\\\/logo-alianca-marrom.svg\",\"contentUrl\":\"https:\\\/\\\/aliancasocial.org\\\/wp-content\\\/uploads\\\/2022\\\/07\\\/logo-alianca-marrom.svg\",\"width\":91,\"height\":33,\"caption\":\"Alian\u00e7a de Miseric\u00f3rdia\"},\"image\":{\"@id\":\"https:\\\/\\\/aliancasocial.org\\\/#\\\/schema\\\/logo\\\/image\\\/\"},\"sameAs\":[\"https:\\\/\\\/www.facebook.com\\\/iesmisericordia\\\/\",\"https:\\\/\\\/www.instagram.com\\\/aliancademisericordia\\\/\"]},{\"@type\":\"Person\",\"@id\":\"https:\\\/\\\/aliancasocial.org\\\/#\\\/schema\\\/person\\\/78098b551faec531645dbd5d82778414\",\"name\":\"Fernanda Monzambani\",\"image\":{\"@type\":\"ImageObject\",\"inLanguage\":\"en-US\",\"@id\":\"https:\\\/\\\/secure.gravatar.com\\\/avatar\\\/aa6d89063e21cd9638051b6cd0602c108d4b79b0898534c712d68409f7e5b64c?s=96&d=mm&r=g\",\"url\":\"https:\\\/\\\/secure.gravatar.com\\\/avatar\\\/aa6d89063e21cd9638051b6cd0602c108d4b79b0898534c712d68409f7e5b64c?s=96&d=mm&r=g\",\"contentUrl\":\"https:\\\/\\\/secure.gravatar.com\\\/avatar\\\/aa6d89063e21cd9638051b6cd0602c108d4b79b0898534c712d68409f7e5b64c?s=96&d=mm&r=g\",\"caption\":\"Fernanda Monzambani\"},\"url\":\"https:\\\/\\\/aliancasocial.org\\\/en\\\/author\\\/fernanda\\\/\"}]}<\/script>\n<!-- \/ Yoast SEO plugin. -->","yoast_head_json":{"title":"A\u00e7\u00e3o social na Casa Restaura-me atende cerca de 600 pessoas em situa\u00e7\u00e3o de rua - Alian\u00e7a de Miseric\u00f3rdia","robots":{"index":"index","follow":"follow","max-snippet":"max-snippet:-1","max-image-preview":"max-image-preview:large","max-video-preview":"max-video-preview:-1"},"canonical":"https:\/\/aliancasocial.org\/en\/acao-social-na-casa-restaura-me-atende-cerca-de-600-pessoas-em-situacao-de-rua\/","og_locale":"en_US","og_type":"article","og_title":"A\u00e7\u00e3o social na Casa Restaura-me atende cerca de 600 pessoas em situa\u00e7\u00e3o de rua - Alian\u00e7a de Miseric\u00f3rdia","og_description":"No s\u00e1bado, dia 1\u00ba de junho, das 10h \u00e0s 15h, a Casa Restaura-me, no Br\u00e1s (SP), promoveu uma a\u00e7\u00e3o social em parceria com o Instituto Humanday. Cerca de 600 pessoas em situa\u00e7\u00e3o de rua foram atendidas com diversos servi\u00e7os, como entrega de roupas e cobertores, kits de higiene, corte de cabelo, jogos, karaok\u00ea, algod\u00e3o doce, [&hellip;]","og_url":"https:\/\/aliancasocial.org\/en\/acao-social-na-casa-restaura-me-atende-cerca-de-600-pessoas-em-situacao-de-rua\/","og_site_name":"Alian\u00e7a de Miseric\u00f3rdia","article_publisher":"https:\/\/www.facebook.com\/iesmisericordia\/","article_published_time":"2025-06-04T15:09:31+00:00","article_modified_time":"2025-06-04T15:09:35+00:00","og_image":[{"width":850,"height":550,"url":"https:\/\/aliancasocial.org\/wp-content\/uploads\/2022\/07\/Restaura-me_2021_-Welligton-Tomas-57.webp","type":"image\/webp"}],"author":"Fernanda Monzambani","twitter_card":"summary_large_image","twitter_misc":{"Written by":"Fernanda Monzambani","Est. reading time":"2 minutes"},"schema":{"@context":"https:\/\/schema.org","@graph":[{"@type":"Article","@id":"https:\/\/aliancasocial.org\/acao-social-na-casa-restaura-me-atende-cerca-de-600-pessoas-em-situacao-de-rua\/#article","isPartOf":{"@id":"https:\/\/aliancasocial.org\/acao-social-na-casa-restaura-me-atende-cerca-de-600-pessoas-em-situacao-de-rua\/"},"author":{"name":"Fernanda Monzambani","@id":"https:\/\/aliancasocial.org\/#\/schema\/person\/78098b551faec531645dbd5d82778414"},"headline":"A\u00e7\u00e3o social na Casa Restaura-me atende cerca de 600 pessoas em situa\u00e7\u00e3o de rua","datePublished":"2025-06-04T15:09:31+00:00","dateModified":"2025-06-04T15:09:35+00:00","mainEntityOfPage":{"@id":"https:\/\/aliancasocial.org\/acao-social-na-casa-restaura-me-atende-cerca-de-600-pessoas-em-situacao-de-rua\/"},"wordCount":379,"publisher":{"@id":"https:\/\/aliancasocial.org\/#organization"},"image":{"@id":"https:\/\/aliancasocial.org\/acao-social-na-casa-restaura-me-atende-cerca-de-600-pessoas-em-situacao-de-rua\/#primaryimage"},"thumbnailUrl":"https:\/\/aliancasocial.org\/wp-content\/uploads\/2022\/07\/Restaura-me_2021_-Welligton-Tomas-57.webp","articleSection":["Reabilita\u00e7\u00e3o"],"inLanguage":"en-US"},{"@type":"WebPage","@id":"https:\/\/aliancasocial.org\/acao-social-na-casa-restaura-me-atende-cerca-de-600-pessoas-em-situacao-de-rua\/","url":"https:\/\/aliancasocial.org\/acao-social-na-casa-restaura-me-atende-cerca-de-600-pessoas-em-situacao-de-rua\/","name":"A\u00e7\u00e3o social na Casa Restaura-me atende cerca de 600 pessoas em situa\u00e7\u00e3o de rua - Alian\u00e7a de Miseric\u00f3rdia","isPartOf":{"@id":"https:\/\/aliancasocial.org\/#website"},"primaryImageOfPage":{"@id":"https:\/\/aliancasocial.org\/acao-social-na-casa-restaura-me-atende-cerca-de-600-pessoas-em-situacao-de-rua\/#primaryimage"},"image":{"@id":"https:\/\/aliancasocial.org\/acao-social-na-casa-restaura-me-atende-cerca-de-600-pessoas-em-situacao-de-rua\/#primaryimage"},"thumbnailUrl":"https:\/\/aliancasocial.org\/wp-content\/uploads\/2022\/07\/Restaura-me_2021_-Welligton-Tomas-57.webp","datePublished":"2025-06-04T15:09:31+00:00","dateModified":"2025-06-04T15:09:35+00:00","breadcrumb":{"@id":"https:\/\/aliancasocial.org\/acao-social-na-casa-restaura-me-atende-cerca-de-600-pessoas-em-situacao-de-rua\/#breadcrumb"},"inLanguage":"en-US","potentialAction":[{"@type":"ReadAction","target":["https:\/\/aliancasocial.org\/acao-social-na-casa-restaura-me-atende-cerca-de-600-pessoas-em-situacao-de-rua\/"]}]},{"@type":"ImageObject","inLanguage":"en-US","@id":"https:\/\/aliancasocial.org\/acao-social-na-casa-restaura-me-atende-cerca-de-600-pessoas-em-situacao-de-rua\/#primaryimage","url":"https:\/\/aliancasocial.org\/wp-content\/uploads\/2022\/07\/Restaura-me_2021_-Welligton-Tomas-57.webp","contentUrl":"https:\/\/aliancasocial.org\/wp-content\/uploads\/2022\/07\/Restaura-me_2021_-Welligton-Tomas-57.webp","width":850,"height":550},{"@type":"BreadcrumbList","@id":"https:\/\/aliancasocial.org\/acao-social-na-casa-restaura-me-atende-cerca-de-600-pessoas-em-situacao-de-rua\/#breadcrumb","itemListElement":[{"@type":"ListItem","position":1,"name":"In\u00edcio","item":"https:\/\/aliancasocial.org\/en\/"},{"@type":"ListItem","position":2,"name":"A\u00e7\u00e3o social na Casa Restaura-me atende cerca de 600 pessoas em situa\u00e7\u00e3o de rua"}]},{"@type":"WebSite","@id":"https:\/\/aliancasocial.org\/#website","url":"https:\/\/aliancasocial.org\/","name":"Covenant of Mercy","description":"Bringing human dignity to every corner of the world","publisher":{"@id":"https:\/\/aliancasocial.org\/#organization"},"potentialAction":[{"@type":"SearchAction","target":{"@type":"EntryPoint","urlTemplate":"https:\/\/aliancasocial.org\/?s={search_term_string}"},"query-input":{"@type":"PropertyValueSpecification","valueRequired":true,"valueName":"search_term_string"}}],"inLanguage":"en-US"},{"@type":"Organization","@id":"https:\/\/aliancasocial.org\/#organization","name":"Covenant of Mercy","url":"https:\/\/aliancasocial.org\/","logo":{"@type":"ImageObject","inLanguage":"en-US","@id":"https:\/\/aliancasocial.org\/#\/schema\/logo\/image\/","url":"https:\/\/aliancasocial.org\/wp-content\/uploads\/2022\/07\/logo-alianca-marrom.svg","contentUrl":"https:\/\/aliancasocial.org\/wp-content\/uploads\/2022\/07\/logo-alianca-marrom.svg","width":91,"height":33,"caption":"Alian\u00e7a de Miseric\u00f3rdia"},"image":{"@id":"https:\/\/aliancasocial.org\/#\/schema\/logo\/image\/"},"sameAs":["https:\/\/www.facebook.com\/iesmisericordia\/","https:\/\/www.instagram.com\/aliancademisericordia\/"]},{"@type":"Person","@id":"https:\/\/aliancasocial.org\/#\/schema\/person\/78098b551faec531645dbd5d82778414","name":"Fernanda Monzambani","image":{"@type":"ImageObject","inLanguage":"en-US","@id":"https:\/\/secure.gravatar.com\/avatar\/aa6d89063e21cd9638051b6cd0602c108d4b79b0898534c712d68409f7e5b64c?s=96&d=mm&r=g","url":"https:\/\/secure.gravatar.com\/avatar\/aa6d89063e21cd9638051b6cd0602c108d4b79b0898534c712d68409f7e5b64c?s=96&d=mm&r=g","contentUrl":"https:\/\/secure.gravatar.com\/avatar\/aa6d89063e21cd9638051b6cd0602c108d4b79b0898534c712d68409f7e5b64c?s=96&d=mm&r=g","caption":"Fernanda Monzambani"},"url":"https:\/\/aliancasocial.org\/en\/author\/fernanda\/"}]}},"_links":{"self":[{"href":"https:\/\/aliancasocial.org\/en\/wp-json\/wp\/v2\/posts\/11790","targetHints":{"allow":["GET"]}}],"collection":[{"href":"https:\/\/aliancasocial.org\/en\/wp-json\/wp\/v2\/posts"}],"about":[{"href":"https:\/\/aliancasocial.org\/en\/wp-json\/wp\/v2\/types\/post"}],"author":[{"embeddable":true,"href":"https:\/\/aliancasocial.org\/en\/wp-json\/wp\/v2\/users\/8"}],"replies":[{"embeddable":true,"href":"https:\/\/aliancasocial.org\/en\/wp-json\/wp\/v2\/comments?post=11790"}],"version-history":[{"count":1,"href":"https:\/\/aliancasocial.org\/en\/wp-json\/wp\/v2\/posts\/11790\/revisions"}],"predecessor-version":[{"id":11791,"href":"https:\/\/aliancasocial.org\/en\/wp-json\/wp\/v2\/posts\/11790\/revisions\/11791"}],"wp:featuredmedia":[{"embeddable":true,"href":"https:\/\/aliancasocial.org\/en\/wp-json\/wp\/v2\/media\/6176"}],"wp:attachment":[{"href":"https:\/\/aliancasocial.org\/en\/wp-json\/wp\/v2\/media?parent=11790"}],"wp:term":[{"taxonomy":"category","embeddable":true,"href":"https:\/\/aliancasocial.org\/en\/wp-json\/wp\/v2\/categories?post=11790"},{"taxonomy":"post_tag","embeddable":true,"href":"https:\/\/aliancasocial.org\/en\/wp-json\/wp\/v2\/tags?post=11790"},{"taxonomy":"destaques","embeddable":true,"href":"https:\/\/aliancasocial.org\/en\/wp-json\/wp\/v2\/destaques?post=11790"}],"curies":[{"name":"wp","href":"https:\/\/api.w.org\/{rel}","templated":true}]}}