{"id":11803,"date":"2025-06-09T15:24:26","date_gmt":"2025-06-09T18:24:26","guid":{"rendered":"https:\/\/aliancasocial.org\/?p=11803"},"modified":"2025-06-10T10:44:26","modified_gmt":"2025-06-10T13:44:26","slug":"sasf-centro-maria-paola-participa-da-4a-virada-ods-com-oficinas-educativas-e-sustentaveis","status":"publish","type":"post","link":"https:\/\/aliancasocial.org\/en\/sasf-centro-maria-paola-participa-da-4a-virada-ods-com-oficinas-educativas-e-sustentaveis\/","title":{"rendered":"SASF Centro Maria Paola participates in the 4th Virada ODS with educational and sustainable workshops"},"content":{"rendered":"<p>On June 6, the Family Social Assistance and Basic Social Protection Service (SASF) Centro Maria Paola, from the Alliance of Mercy, participated in the 4th edition of Virada ODS, an event held by the City of S\u00e3o Paulo at Pra\u00e7a das Artes, in Vale do Anhangaba\u00fa. The event focused on raising awareness about the UN Sustainable Development Goals (SDGs) and featured fun workshops that addressed topics such as conscious consumption, reusing materials and sustainable practices.<\/p>\n\n\n\n<p>During the event, the SASF stand was located in the space of the Municipal Secretariat for Assistance and Social Development dedicated to <strong>SDG 1 \u2013 No Poverty<\/strong>. Two main workshops were offered: building cars with PET bottles and planting seeds to create the \u201cMr. Canary Head\u201d doll. The activities, initially aimed at 40 children, attracted a greater demand than expected and also received visitors interested in learning about the work of the service.<\/p>\n\n\n\n<p>The workshop with PET bottles sought to encourage the reuse of waste, raising awareness about the importance of the circular economy and reducing waste. The planting of canary seed reinforced practices linked to sustainable agriculture, preservation of natural resources and possibilities for generating income.<\/p>\n\n\n\n<p>The workshops were led by a team of SASF professionals. The activities used simple and creative methodologies to show that everyday actions can contribute to the Sustainable Development Goals, especially in combating poverty and building more conscious and resilient communities.<\/p>\n\n\n\n<p><strong>+ <a href=\"https:\/\/aliancasocial.org\/en\/sasf-participa-de-acoes-de-protecao-a-infancia-e-celebra-o-dia-municipal-do-brincar\/\">SASF participates in child protection actions and celebrates Municipal Play Day \u2013 Alliance of Mercy<\/a><\/strong><\/p>\n\n\n\n<p>Virada ODS is one of the largest municipal initiatives in the world aimed at publicizing and engaging the population in relation to the UN&#039;s 2030 Agenda. The proposal is to make the SDGs better known to society through cultural and educational activities and public debates, with a focus on citizen participation and strengthening sustainable practices.<\/p>\n\n\n\n<p>With 17 objectives and 169 goals, the 2030 Agenda seeks to promote sustainable development in several areas, such as education, health, fighting hunger, social justice, environmental preservation, gender equality, job creation and promoting peace.<\/p>\n\n\n\n<p><strong>The work of SASF<\/strong><\/p>\n\n\n\n<p>SASF Centro Maria Paola is located in the Jaragu\u00e1 neighborhood, in the northern part of S\u00e3o Paulo. The service is provided by Alian\u00e7a de Miseric\u00f3rdia and its main mission is to strengthen the protective role of families through home visits, socio-educational workshops, actions with the elderly and people with disabilities, in addition to monitoring children, adolescents and caregivers.<\/p>\n\n\n\n<p>The multidisciplinary team, comprised of a social worker, a pedagogue, a psychologist, a socio-educational counselor and an operational agent, works directly in the area, promoting coexistence actions and supporting the autonomy of families in situations of social vulnerability. Participation in Virada ODS is one way to integrate local work with global sustainable development agendas, bringing the population closer to practices that promote citizenship, protection and social transformation.<\/p>\n\n\n\n<p><strong>Access Instagram <a href=\"https:\/\/www.instagram.com\/aliancademisericordia\/following\/\">@aliancademisericordia<\/a> It is <a href=\"https:\/\/www.instagram.com\/sasfjaragua\/\">@sasfjaragua<\/a> to follow more news about our projects and social actions<\/strong>.<\/p>\n\n\n\n<p><a href=\"https:\/\/aliancademisericordia.doardigital.com.br\/doacao\">Help us reach even more people, your donation makes all the difference. Donate now!<\/a><\/p>","protected":false},"excerpt":{"rendered":"<p>No dia 6 de junho, o Servi\u00e7o de Assist\u00eancia Social \u00e0 Fam\u00edlia e Prote\u00e7\u00e3o Social B\u00e1sica no Domic\u00edlio (SASF) Centro Maria Paola, da Alian\u00e7a de Miseric\u00f3rdia, participou da 4\u00aa edi\u00e7\u00e3o da Virada ODS, evento realizado pela Prefeitura de S\u00e3o Paulo na Pra\u00e7a das Artes, no Vale do Anhangaba\u00fa. A a\u00e7\u00e3o teve como foco ampliar a [&hellip;]<\/p>\n","protected":false},"author":8,"featured_media":11804,"comment_status":"closed","ping_status":"closed","sticky":false,"template":"","format":"standard","meta":{"footnotes":""},"categories":[1],"tags":[],"destaques":[38],"class_list":["post-11803","post","type-post","status-publish","format-standard","has-post-thumbnail","hentry","category-sem-categoria","destaques-destaque-03"],"yoast_head":"<!-- This site is optimized with the Yoast SEO plugin v27.4 - https:\/\/yoast.com\/product\/yoast-seo-wordpress\/ -->\n<title>SASF Centro Maria Paola participa da 4\u00aa Virada ODS com oficinas educativas e sustent\u00e1veis - Alian\u00e7a de Miseric\u00f3rdia<\/title>\n<meta name=\"robots\" content=\"index, follow, max-snippet:-1, max-image-preview:large, max-video-preview:-1\" \/>\n<link rel=\"canonical\" href=\"https:\/\/aliancasocial.org\/en\/sasf-centro-maria-paola-participa-da-4a-virada-ods-com-oficinas-educativas-e-sustentaveis\/\" \/>\n<meta property=\"og:locale\" content=\"en_US\" \/>\n<meta property=\"og:type\" content=\"article\" \/>\n<meta property=\"og:title\" content=\"SASF Centro Maria Paola participa da 4\u00aa Virada ODS com oficinas educativas e sustent\u00e1veis - Alian\u00e7a de Miseric\u00f3rdia\" \/>\n<meta property=\"og:description\" content=\"No dia 6 de junho, o Servi\u00e7o de Assist\u00eancia Social \u00e0 Fam\u00edlia e Prote\u00e7\u00e3o Social B\u00e1sica no Domic\u00edlio (SASF) Centro Maria Paola, da Alian\u00e7a de Miseric\u00f3rdia, participou da 4\u00aa edi\u00e7\u00e3o da Virada ODS, evento realizado pela Prefeitura de S\u00e3o Paulo na Pra\u00e7a das Artes, no Vale do Anhangaba\u00fa. A a\u00e7\u00e3o teve como foco ampliar a [&hellip;]\" \/>\n<meta property=\"og:url\" content=\"https:\/\/aliancasocial.org\/en\/sasf-centro-maria-paola-participa-da-4a-virada-ods-com-oficinas-educativas-e-sustentaveis\/\" \/>\n<meta property=\"og:site_name\" content=\"Alian\u00e7a de Miseric\u00f3rdia\" \/>\n<meta property=\"article:publisher\" content=\"https:\/\/www.facebook.com\/iesmisericordia\/\" \/>\n<meta property=\"article:published_time\" content=\"2025-06-09T18:24:26+00:00\" \/>\n<meta property=\"article:modified_time\" content=\"2025-06-10T13:44:26+00:00\" \/>\n<meta property=\"og:image\" content=\"https:\/\/aliancasocial.org\/wp-content\/uploads\/2025\/06\/WhatsApp-Image-2025-06-09-at-14.36.03.jpeg\" \/>\n\t<meta property=\"og:image:width\" content=\"900\" \/>\n\t<meta property=\"og:image:height\" content=\"1600\" \/>\n\t<meta property=\"og:image:type\" content=\"image\/jpeg\" \/>\n<meta name=\"author\" content=\"Fernanda Monzambani\" \/>\n<meta name=\"twitter:card\" content=\"summary_large_image\" \/>\n<meta name=\"twitter:label1\" content=\"Written by\" \/>\n\t<meta name=\"twitter:data1\" content=\"Fernanda Monzambani\" \/>\n\t<meta name=\"twitter:label2\" content=\"Est. reading time\" \/>\n\t<meta name=\"twitter:data2\" content=\"4 minutes\" \/>\n<script type=\"application\/ld+json\" class=\"yoast-schema-graph\">{\"@context\":\"https:\\\/\\\/schema.org\",\"@graph\":[{\"@type\":\"Article\",\"@id\":\"https:\\\/\\\/aliancasocial.org\\\/sasf-centro-maria-paola-participa-da-4a-virada-ods-com-oficinas-educativas-e-sustentaveis\\\/#article\",\"isPartOf\":{\"@id\":\"https:\\\/\\\/aliancasocial.org\\\/sasf-centro-maria-paola-participa-da-4a-virada-ods-com-oficinas-educativas-e-sustentaveis\\\/\"},\"author\":{\"name\":\"Fernanda Monzambani\",\"@id\":\"https:\\\/\\\/aliancasocial.org\\\/#\\\/schema\\\/person\\\/78098b551faec531645dbd5d82778414\"},\"headline\":\"SASF Centro Maria Paola participa da 4\u00aa Virada ODS com oficinas educativas e sustent\u00e1veis\",\"datePublished\":\"2025-06-09T18:24:26+00:00\",\"dateModified\":\"2025-06-10T13:44:26+00:00\",\"mainEntityOfPage\":{\"@id\":\"https:\\\/\\\/aliancasocial.org\\\/sasf-centro-maria-paola-participa-da-4a-virada-ods-com-oficinas-educativas-e-sustentaveis\\\/\"},\"wordCount\":601,\"publisher\":{\"@id\":\"https:\\\/\\\/aliancasocial.org\\\/#organization\"},\"image\":{\"@id\":\"https:\\\/\\\/aliancasocial.org\\\/sasf-centro-maria-paola-participa-da-4a-virada-ods-com-oficinas-educativas-e-sustentaveis\\\/#primaryimage\"},\"thumbnailUrl\":\"https:\\\/\\\/aliancasocial.org\\\/wp-content\\\/uploads\\\/2025\\\/06\\\/WhatsApp-Image-2025-06-09-at-14.36.03.jpeg\",\"articleSection\":[\"Sem Categoria\"],\"inLanguage\":\"en-US\"},{\"@type\":\"WebPage\",\"@id\":\"https:\\\/\\\/aliancasocial.org\\\/sasf-centro-maria-paola-participa-da-4a-virada-ods-com-oficinas-educativas-e-sustentaveis\\\/\",\"url\":\"https:\\\/\\\/aliancasocial.org\\\/sasf-centro-maria-paola-participa-da-4a-virada-ods-com-oficinas-educativas-e-sustentaveis\\\/\",\"name\":\"SASF Centro Maria Paola participa da 4\u00aa Virada ODS com oficinas educativas e sustent\u00e1veis - Alian\u00e7a de Miseric\u00f3rdia\",\"isPartOf\":{\"@id\":\"https:\\\/\\\/aliancasocial.org\\\/#website\"},\"primaryImageOfPage\":{\"@id\":\"https:\\\/\\\/aliancasocial.org\\\/sasf-centro-maria-paola-participa-da-4a-virada-ods-com-oficinas-educativas-e-sustentaveis\\\/#primaryimage\"},\"image\":{\"@id\":\"https:\\\/\\\/aliancasocial.org\\\/sasf-centro-maria-paola-participa-da-4a-virada-ods-com-oficinas-educativas-e-sustentaveis\\\/#primaryimage\"},\"thumbnailUrl\":\"https:\\\/\\\/aliancasocial.org\\\/wp-content\\\/uploads\\\/2025\\\/06\\\/WhatsApp-Image-2025-06-09-at-14.36.03.jpeg\",\"datePublished\":\"2025-06-09T18:24:26+00:00\",\"dateModified\":\"2025-06-10T13:44:26+00:00\",\"breadcrumb\":{\"@id\":\"https:\\\/\\\/aliancasocial.org\\\/sasf-centro-maria-paola-participa-da-4a-virada-ods-com-oficinas-educativas-e-sustentaveis\\\/#breadcrumb\"},\"inLanguage\":\"en-US\",\"potentialAction\":[{\"@type\":\"ReadAction\",\"target\":[\"https:\\\/\\\/aliancasocial.org\\\/sasf-centro-maria-paola-participa-da-4a-virada-ods-com-oficinas-educativas-e-sustentaveis\\\/\"]}]},{\"@type\":\"ImageObject\",\"inLanguage\":\"en-US\",\"@id\":\"https:\\\/\\\/aliancasocial.org\\\/sasf-centro-maria-paola-participa-da-4a-virada-ods-com-oficinas-educativas-e-sustentaveis\\\/#primaryimage\",\"url\":\"https:\\\/\\\/aliancasocial.org\\\/wp-content\\\/uploads\\\/2025\\\/06\\\/WhatsApp-Image-2025-06-09-at-14.36.03.jpeg\",\"contentUrl\":\"https:\\\/\\\/aliancasocial.org\\\/wp-content\\\/uploads\\\/2025\\\/06\\\/WhatsApp-Image-2025-06-09-at-14.36.03.jpeg\",\"width\":900,\"height\":1600},{\"@type\":\"BreadcrumbList\",\"@id\":\"https:\\\/\\\/aliancasocial.org\\\/sasf-centro-maria-paola-participa-da-4a-virada-ods-com-oficinas-educativas-e-sustentaveis\\\/#breadcrumb\",\"itemListElement\":[{\"@type\":\"ListItem\",\"position\":1,\"name\":\"In\u00edcio\",\"item\":\"https:\\\/\\\/aliancasocial.org\\\/en\\\/\"},{\"@type\":\"ListItem\",\"position\":2,\"name\":\"SASF Centro Maria Paola participa da 4\u00aa Virada ODS com oficinas educativas e sustent\u00e1veis\"}]},{\"@type\":\"WebSite\",\"@id\":\"https:\\\/\\\/aliancasocial.org\\\/#website\",\"url\":\"https:\\\/\\\/aliancasocial.org\\\/\",\"name\":\"Alian\u00e7a de Miseric\u00f3rdia\",\"description\":\"Levando dignidade humana a todos os cantos do mundo\",\"publisher\":{\"@id\":\"https:\\\/\\\/aliancasocial.org\\\/#organization\"},\"potentialAction\":[{\"@type\":\"SearchAction\",\"target\":{\"@type\":\"EntryPoint\",\"urlTemplate\":\"https:\\\/\\\/aliancasocial.org\\\/?s={search_term_string}\"},\"query-input\":{\"@type\":\"PropertyValueSpecification\",\"valueRequired\":true,\"valueName\":\"search_term_string\"}}],\"inLanguage\":\"en-US\"},{\"@type\":\"Organization\",\"@id\":\"https:\\\/\\\/aliancasocial.org\\\/#organization\",\"name\":\"Alian\u00e7a de Miseric\u00f3rdia\",\"url\":\"https:\\\/\\\/aliancasocial.org\\\/\",\"logo\":{\"@type\":\"ImageObject\",\"inLanguage\":\"en-US\",\"@id\":\"https:\\\/\\\/aliancasocial.org\\\/#\\\/schema\\\/logo\\\/image\\\/\",\"url\":\"https:\\\/\\\/aliancasocial.org\\\/wp-content\\\/uploads\\\/2022\\\/07\\\/logo-alianca-marrom.svg\",\"contentUrl\":\"https:\\\/\\\/aliancasocial.org\\\/wp-content\\\/uploads\\\/2022\\\/07\\\/logo-alianca-marrom.svg\",\"width\":91,\"height\":33,\"caption\":\"Alian\u00e7a de Miseric\u00f3rdia\"},\"image\":{\"@id\":\"https:\\\/\\\/aliancasocial.org\\\/#\\\/schema\\\/logo\\\/image\\\/\"},\"sameAs\":[\"https:\\\/\\\/www.facebook.com\\\/iesmisericordia\\\/\",\"https:\\\/\\\/www.instagram.com\\\/aliancademisericordia\\\/\"]},{\"@type\":\"Person\",\"@id\":\"https:\\\/\\\/aliancasocial.org\\\/#\\\/schema\\\/person\\\/78098b551faec531645dbd5d82778414\",\"name\":\"Fernanda Monzambani\",\"image\":{\"@type\":\"ImageObject\",\"inLanguage\":\"en-US\",\"@id\":\"https:\\\/\\\/secure.gravatar.com\\\/avatar\\\/aa6d89063e21cd9638051b6cd0602c108d4b79b0898534c712d68409f7e5b64c?s=96&d=mm&r=g\",\"url\":\"https:\\\/\\\/secure.gravatar.com\\\/avatar\\\/aa6d89063e21cd9638051b6cd0602c108d4b79b0898534c712d68409f7e5b64c?s=96&d=mm&r=g\",\"contentUrl\":\"https:\\\/\\\/secure.gravatar.com\\\/avatar\\\/aa6d89063e21cd9638051b6cd0602c108d4b79b0898534c712d68409f7e5b64c?s=96&d=mm&r=g\",\"caption\":\"Fernanda Monzambani\"},\"url\":\"https:\\\/\\\/aliancasocial.org\\\/en\\\/author\\\/fernanda\\\/\"}]}<\/script>\n<!-- \/ Yoast SEO plugin. -->","yoast_head_json":{"title":"SASF Centro Maria Paola participa da 4\u00aa Virada ODS com oficinas educativas e sustent\u00e1veis - Alian\u00e7a de Miseric\u00f3rdia","robots":{"index":"index","follow":"follow","max-snippet":"max-snippet:-1","max-image-preview":"max-image-preview:large","max-video-preview":"max-video-preview:-1"},"canonical":"https:\/\/aliancasocial.org\/en\/sasf-centro-maria-paola-participa-da-4a-virada-ods-com-oficinas-educativas-e-sustentaveis\/","og_locale":"en_US","og_type":"article","og_title":"SASF Centro Maria Paola participa da 4\u00aa Virada ODS com oficinas educativas e sustent\u00e1veis - Alian\u00e7a de Miseric\u00f3rdia","og_description":"No dia 6 de junho, o Servi\u00e7o de Assist\u00eancia Social \u00e0 Fam\u00edlia e Prote\u00e7\u00e3o Social B\u00e1sica no Domic\u00edlio (SASF) Centro Maria Paola, da Alian\u00e7a de Miseric\u00f3rdia, participou da 4\u00aa edi\u00e7\u00e3o da Virada ODS, evento realizado pela Prefeitura de S\u00e3o Paulo na Pra\u00e7a das Artes, no Vale do Anhangaba\u00fa. A a\u00e7\u00e3o teve como foco ampliar a [&hellip;]","og_url":"https:\/\/aliancasocial.org\/en\/sasf-centro-maria-paola-participa-da-4a-virada-ods-com-oficinas-educativas-e-sustentaveis\/","og_site_name":"Alian\u00e7a de Miseric\u00f3rdia","article_publisher":"https:\/\/www.facebook.com\/iesmisericordia\/","article_published_time":"2025-06-09T18:24:26+00:00","article_modified_time":"2025-06-10T13:44:26+00:00","og_image":[{"width":900,"height":1600,"url":"https:\/\/aliancasocial.org\/wp-content\/uploads\/2025\/06\/WhatsApp-Image-2025-06-09-at-14.36.03.jpeg","type":"image\/jpeg"}],"author":"Fernanda Monzambani","twitter_card":"summary_large_image","twitter_misc":{"Written by":"Fernanda Monzambani","Est. reading time":"4 minutes"},"schema":{"@context":"https:\/\/schema.org","@graph":[{"@type":"Article","@id":"https:\/\/aliancasocial.org\/sasf-centro-maria-paola-participa-da-4a-virada-ods-com-oficinas-educativas-e-sustentaveis\/#article","isPartOf":{"@id":"https:\/\/aliancasocial.org\/sasf-centro-maria-paola-participa-da-4a-virada-ods-com-oficinas-educativas-e-sustentaveis\/"},"author":{"name":"Fernanda Monzambani","@id":"https:\/\/aliancasocial.org\/#\/schema\/person\/78098b551faec531645dbd5d82778414"},"headline":"SASF Centro Maria Paola participa da 4\u00aa Virada ODS com oficinas educativas e sustent\u00e1veis","datePublished":"2025-06-09T18:24:26+00:00","dateModified":"2025-06-10T13:44:26+00:00","mainEntityOfPage":{"@id":"https:\/\/aliancasocial.org\/sasf-centro-maria-paola-participa-da-4a-virada-ods-com-oficinas-educativas-e-sustentaveis\/"},"wordCount":601,"publisher":{"@id":"https:\/\/aliancasocial.org\/#organization"},"image":{"@id":"https:\/\/aliancasocial.org\/sasf-centro-maria-paola-participa-da-4a-virada-ods-com-oficinas-educativas-e-sustentaveis\/#primaryimage"},"thumbnailUrl":"https:\/\/aliancasocial.org\/wp-content\/uploads\/2025\/06\/WhatsApp-Image-2025-06-09-at-14.36.03.jpeg","articleSection":["Sem Categoria"],"inLanguage":"en-US"},{"@type":"WebPage","@id":"https:\/\/aliancasocial.org\/sasf-centro-maria-paola-participa-da-4a-virada-ods-com-oficinas-educativas-e-sustentaveis\/","url":"https:\/\/aliancasocial.org\/sasf-centro-maria-paola-participa-da-4a-virada-ods-com-oficinas-educativas-e-sustentaveis\/","name":"SASF Centro Maria Paola participa da 4\u00aa Virada ODS com oficinas educativas e sustent\u00e1veis - Alian\u00e7a de Miseric\u00f3rdia","isPartOf":{"@id":"https:\/\/aliancasocial.org\/#website"},"primaryImageOfPage":{"@id":"https:\/\/aliancasocial.org\/sasf-centro-maria-paola-participa-da-4a-virada-ods-com-oficinas-educativas-e-sustentaveis\/#primaryimage"},"image":{"@id":"https:\/\/aliancasocial.org\/sasf-centro-maria-paola-participa-da-4a-virada-ods-com-oficinas-educativas-e-sustentaveis\/#primaryimage"},"thumbnailUrl":"https:\/\/aliancasocial.org\/wp-content\/uploads\/2025\/06\/WhatsApp-Image-2025-06-09-at-14.36.03.jpeg","datePublished":"2025-06-09T18:24:26+00:00","dateModified":"2025-06-10T13:44:26+00:00","breadcrumb":{"@id":"https:\/\/aliancasocial.org\/sasf-centro-maria-paola-participa-da-4a-virada-ods-com-oficinas-educativas-e-sustentaveis\/#breadcrumb"},"inLanguage":"en-US","potentialAction":[{"@type":"ReadAction","target":["https:\/\/aliancasocial.org\/sasf-centro-maria-paola-participa-da-4a-virada-ods-com-oficinas-educativas-e-sustentaveis\/"]}]},{"@type":"ImageObject","inLanguage":"en-US","@id":"https:\/\/aliancasocial.org\/sasf-centro-maria-paola-participa-da-4a-virada-ods-com-oficinas-educativas-e-sustentaveis\/#primaryimage","url":"https:\/\/aliancasocial.org\/wp-content\/uploads\/2025\/06\/WhatsApp-Image-2025-06-09-at-14.36.03.jpeg","contentUrl":"https:\/\/aliancasocial.org\/wp-content\/uploads\/2025\/06\/WhatsApp-Image-2025-06-09-at-14.36.03.jpeg","width":900,"height":1600},{"@type":"BreadcrumbList","@id":"https:\/\/aliancasocial.org\/sasf-centro-maria-paola-participa-da-4a-virada-ods-com-oficinas-educativas-e-sustentaveis\/#breadcrumb","itemListElement":[{"@type":"ListItem","position":1,"name":"In\u00edcio","item":"https:\/\/aliancasocial.org\/en\/"},{"@type":"ListItem","position":2,"name":"SASF Centro Maria Paola participa da 4\u00aa Virada ODS com oficinas educativas e sustent\u00e1veis"}]},{"@type":"WebSite","@id":"https:\/\/aliancasocial.org\/#website","url":"https:\/\/aliancasocial.org\/","name":"Covenant of Mercy","description":"Bringing human dignity to every corner of the world","publisher":{"@id":"https:\/\/aliancasocial.org\/#organization"},"potentialAction":[{"@type":"SearchAction","target":{"@type":"EntryPoint","urlTemplate":"https:\/\/aliancasocial.org\/?s={search_term_string}"},"query-input":{"@type":"PropertyValueSpecification","valueRequired":true,"valueName":"search_term_string"}}],"inLanguage":"en-US"},{"@type":"Organization","@id":"https:\/\/aliancasocial.org\/#organization","name":"Covenant of Mercy","url":"https:\/\/aliancasocial.org\/","logo":{"@type":"ImageObject","inLanguage":"en-US","@id":"https:\/\/aliancasocial.org\/#\/schema\/logo\/image\/","url":"https:\/\/aliancasocial.org\/wp-content\/uploads\/2022\/07\/logo-alianca-marrom.svg","contentUrl":"https:\/\/aliancasocial.org\/wp-content\/uploads\/2022\/07\/logo-alianca-marrom.svg","width":91,"height":33,"caption":"Alian\u00e7a de Miseric\u00f3rdia"},"image":{"@id":"https:\/\/aliancasocial.org\/#\/schema\/logo\/image\/"},"sameAs":["https:\/\/www.facebook.com\/iesmisericordia\/","https:\/\/www.instagram.com\/aliancademisericordia\/"]},{"@type":"Person","@id":"https:\/\/aliancasocial.org\/#\/schema\/person\/78098b551faec531645dbd5d82778414","name":"Fernanda Monzambani","image":{"@type":"ImageObject","inLanguage":"en-US","@id":"https:\/\/secure.gravatar.com\/avatar\/aa6d89063e21cd9638051b6cd0602c108d4b79b0898534c712d68409f7e5b64c?s=96&d=mm&r=g","url":"https:\/\/secure.gravatar.com\/avatar\/aa6d89063e21cd9638051b6cd0602c108d4b79b0898534c712d68409f7e5b64c?s=96&d=mm&r=g","contentUrl":"https:\/\/secure.gravatar.com\/avatar\/aa6d89063e21cd9638051b6cd0602c108d4b79b0898534c712d68409f7e5b64c?s=96&d=mm&r=g","caption":"Fernanda Monzambani"},"url":"https:\/\/aliancasocial.org\/en\/author\/fernanda\/"}]}},"_links":{"self":[{"href":"https:\/\/aliancasocial.org\/en\/wp-json\/wp\/v2\/posts\/11803","targetHints":{"allow":["GET"]}}],"collection":[{"href":"https:\/\/aliancasocial.org\/en\/wp-json\/wp\/v2\/posts"}],"about":[{"href":"https:\/\/aliancasocial.org\/en\/wp-json\/wp\/v2\/types\/post"}],"author":[{"embeddable":true,"href":"https:\/\/aliancasocial.org\/en\/wp-json\/wp\/v2\/users\/8"}],"replies":[{"embeddable":true,"href":"https:\/\/aliancasocial.org\/en\/wp-json\/wp\/v2\/comments?post=11803"}],"version-history":[{"count":2,"href":"https:\/\/aliancasocial.org\/en\/wp-json\/wp\/v2\/posts\/11803\/revisions"}],"predecessor-version":[{"id":11806,"href":"https:\/\/aliancasocial.org\/en\/wp-json\/wp\/v2\/posts\/11803\/revisions\/11806"}],"wp:featuredmedia":[{"embeddable":true,"href":"https:\/\/aliancasocial.org\/en\/wp-json\/wp\/v2\/media\/11804"}],"wp:attachment":[{"href":"https:\/\/aliancasocial.org\/en\/wp-json\/wp\/v2\/media?parent=11803"}],"wp:term":[{"taxonomy":"category","embeddable":true,"href":"https:\/\/aliancasocial.org\/en\/wp-json\/wp\/v2\/categories?post=11803"},{"taxonomy":"post_tag","embeddable":true,"href":"https:\/\/aliancasocial.org\/en\/wp-json\/wp\/v2\/tags?post=11803"},{"taxonomy":"destaques","embeddable":true,"href":"https:\/\/aliancasocial.org\/en\/wp-json\/wp\/v2\/destaques?post=11803"}],"curies":[{"name":"wp","href":"https:\/\/api.w.org\/{rel}","templated":true}]}}