{"id":11807,"date":"2025-06-12T17:33:18","date_gmt":"2025-06-12T20:33:18","guid":{"rendered":"https:\/\/aliancasocial.org\/?p=11807"},"modified":"2025-06-12T17:36:33","modified_gmt":"2025-06-12T20:36:33","slug":"feira-de-empreendedorismo-reune-participantes-da-vila-cuore-para-apresentacao-de-projetos-gastronomicos","status":"publish","type":"post","link":"https:\/\/aliancasocial.org\/en\/feira-de-empreendedorismo-reune-participantes-da-vila-cuore-para-apresentacao-de-projetos-gastronomicos\/","title":{"rendered":"Entrepreneurship Fair brings together participants from Vila Cuore to present gastronomic projects"},"content":{"rendered":"<p>Last weekend, Vila Cuore \u2013 the Education and Professional Training Center of the Alliance of Mercy \u2013 held an Entrepreneurship and Employability Fair, an initiative that marked the conclusion of the Gastronomic Techniques Course offered at the location. The main objective of the event was to put into practice the knowledge acquired during the classes, especially in entrepreneurship, taught by students from the school. <strong>Getulio Vargas Foundation (FGV)<\/strong>.<\/p>\n\n\n\n<p>Around 20 exhibitors actively participated in the fair, presenting and selling the products they developed throughout the course. Approximately 50 people attended the event, including students, visitors, organizers and collaborators. The activity was organized by Jo\u00e3o, M\u00f4nica Brancher and Lu\u00edsa Brazuna, with support from <strong>Bia Rabinovich Institute<\/strong>.<\/p>\n\n\n\n<p>Participants were able to practice skills such as product development, brand definition, sales strategies and direct contact with the public. The fair was not only an opportunity for practice, but also a real chance to generate income and transform lives.<\/p>\n\n\n\n<p>One of the exhibitors reported the significant change she experienced after participating in the course and the fair:<\/p>\n\n\n\n<p><em>\u201cIt was a unique opportunity. I have been working on the street for almost seven months, and with the gastronomy course I began to see brigadeiro as my profession. Before it was something sporadic, but today it is my source of income. I have learned a lot and continue to learn. I am very grateful to Alian\u00e7a de Miseric\u00f3rdia, M\u00f4nica, Lu\u00edsa and Jo\u00e3o. Their support was essential. Casa da Alian\u00e7a not only transformed my professional life, but also my personal life, supporting me during a very difficult time. It was care that came from God.\u201d<\/em><\/p>\n\n\n\n<p>Another participant highlighted the learning involved in the entrepreneurial process:<\/p>\n\n\n\n<p><em>\u201cThe fair showed that entrepreneurship is not just about producing and selling. There is a whole process involved: cost, profit margin, location, audience, competition. Working as a group was essential. We learned to value each stage and understand that the final product is the result of a lot of planning.\u201d<\/em><\/p>\n\n\n\n<p><strong>About Vila Cuore<\/strong><\/p>\n\n\n\n<p>Vila Cuore is an Education and Professional Training Center of the Alliance of Mercy located in Parque de Taipas, in the northern part of S\u00e3o Paulo. Its mission is to promote social transformation through comprehensive education. The space offers a welcoming environment and activities that include sports, culture, tutoring, sewing workshops, IT and gastronomy training, with a model industrial kitchen.<\/p>\n\n\n\n<p>In addition to serving young people and adults, Vila Cuore houses a Center for Children and Adolescents (CCA), directly involved in the lives of people aged 6 and older. The initiative aims to educate prepared, aware citizens who are protagonists of their own stories.<\/p>\n\n\n\n<p><strong>Access Instagram <a href=\"https:\/\/www.instagram.com\/aliancademisericordia\/following\/\">@aliancademisericordia<\/a> <a href=\"https:\/\/www.instagram.com\/alianca.social\/?hl=pt\">@alianca.social<\/a> It is <a href=\"https:\/\/www.instagram.com\/cuorealianca\/?hl=pt\">@cuorealianca<\/a> to follow more news about our programs and social actions.<\/strong><\/p>","protected":false},"excerpt":{"rendered":"<p>No \u00faltimo fim de semana, a Vila Cuore \u2013 Centro de Educa\u00e7\u00e3o e Forma\u00e7\u00e3o Profissional da Alian\u00e7a de Miseric\u00f3rdia \u2013 promoveu uma Feira de Empreendedorismo e Empregabilidade, iniciativa que marcou a conclus\u00e3o do Curso de T\u00e9cnicas Gastron\u00f4micas oferecido no local. A a\u00e7\u00e3o teve como principal objetivo colocar em pr\u00e1tica os conhecimentos adquiridos durante as aulas, [&hellip;]<\/p>\n","protected":false},"author":8,"featured_media":11810,"comment_status":"closed","ping_status":"closed","sticky":false,"template":"","format":"standard","meta":{"footnotes":""},"categories":[45],"tags":[],"destaques":[36],"class_list":["post-11807","post","type-post","status-publish","format-standard","has-post-thumbnail","hentry","category-empreendedorismo","destaques-destaque-01"],"yoast_head":"<!-- This site is optimized with the Yoast SEO plugin v27.4 - https:\/\/yoast.com\/product\/yoast-seo-wordpress\/ -->\n<title>Feira de Empreendedorismo re\u00fane participantes da Vila Cuore para apresenta\u00e7\u00e3o de projetos gastron\u00f4micos - Alian\u00e7a de Miseric\u00f3rdia<\/title>\n<meta name=\"robots\" content=\"index, follow, max-snippet:-1, max-image-preview:large, max-video-preview:-1\" \/>\n<link rel=\"canonical\" href=\"https:\/\/aliancasocial.org\/en\/feira-de-empreendedorismo-reune-participantes-da-vila-cuore-para-apresentacao-de-projetos-gastronomicos\/\" \/>\n<meta property=\"og:locale\" content=\"en_US\" \/>\n<meta property=\"og:type\" content=\"article\" \/>\n<meta property=\"og:title\" content=\"Feira de Empreendedorismo re\u00fane participantes da Vila Cuore para apresenta\u00e7\u00e3o de projetos gastron\u00f4micos - Alian\u00e7a de Miseric\u00f3rdia\" \/>\n<meta property=\"og:description\" content=\"No \u00faltimo fim de semana, a Vila Cuore \u2013 Centro de Educa\u00e7\u00e3o e Forma\u00e7\u00e3o Profissional da Alian\u00e7a de Miseric\u00f3rdia \u2013 promoveu uma Feira de Empreendedorismo e Empregabilidade, iniciativa que marcou a conclus\u00e3o do Curso de T\u00e9cnicas Gastron\u00f4micas oferecido no local. A a\u00e7\u00e3o teve como principal objetivo colocar em pr\u00e1tica os conhecimentos adquiridos durante as aulas, [&hellip;]\" \/>\n<meta property=\"og:url\" content=\"https:\/\/aliancasocial.org\/en\/feira-de-empreendedorismo-reune-participantes-da-vila-cuore-para-apresentacao-de-projetos-gastronomicos\/\" \/>\n<meta property=\"og:site_name\" content=\"Alian\u00e7a de Miseric\u00f3rdia\" \/>\n<meta property=\"article:publisher\" content=\"https:\/\/www.facebook.com\/iesmisericordia\/\" \/>\n<meta property=\"article:published_time\" content=\"2025-06-12T20:33:18+00:00\" \/>\n<meta property=\"article:modified_time\" content=\"2025-06-12T20:36:33+00:00\" \/>\n<meta property=\"og:image\" content=\"https:\/\/aliancasocial.org\/wp-content\/uploads\/2025\/06\/Captura-de-Tela-2025-06-12-a\u0300s-17.35.48.png\" \/>\n\t<meta property=\"og:image:width\" content=\"1160\" \/>\n\t<meta property=\"og:image:height\" content=\"393\" \/>\n\t<meta property=\"og:image:type\" content=\"image\/png\" \/>\n<meta name=\"author\" content=\"Fernanda Monzambani\" \/>\n<meta name=\"twitter:card\" content=\"summary_large_image\" \/>\n<meta name=\"twitter:label1\" content=\"Written by\" \/>\n\t<meta name=\"twitter:data1\" content=\"Fernanda Monzambani\" \/>\n\t<meta name=\"twitter:label2\" content=\"Est. reading time\" \/>\n\t<meta name=\"twitter:data2\" content=\"3 minutes\" \/>\n<script type=\"application\/ld+json\" class=\"yoast-schema-graph\">{\"@context\":\"https:\\\/\\\/schema.org\",\"@graph\":[{\"@type\":\"Article\",\"@id\":\"https:\\\/\\\/aliancasocial.org\\\/feira-de-empreendedorismo-reune-participantes-da-vila-cuore-para-apresentacao-de-projetos-gastronomicos\\\/#article\",\"isPartOf\":{\"@id\":\"https:\\\/\\\/aliancasocial.org\\\/feira-de-empreendedorismo-reune-participantes-da-vila-cuore-para-apresentacao-de-projetos-gastronomicos\\\/\"},\"author\":{\"name\":\"Fernanda Monzambani\",\"@id\":\"https:\\\/\\\/aliancasocial.org\\\/#\\\/schema\\\/person\\\/78098b551faec531645dbd5d82778414\"},\"headline\":\"Feira de Empreendedorismo re\u00fane participantes da Vila Cuore para apresenta\u00e7\u00e3o de projetos gastron\u00f4micos\",\"datePublished\":\"2025-06-12T20:33:18+00:00\",\"dateModified\":\"2025-06-12T20:36:33+00:00\",\"mainEntityOfPage\":{\"@id\":\"https:\\\/\\\/aliancasocial.org\\\/feira-de-empreendedorismo-reune-participantes-da-vila-cuore-para-apresentacao-de-projetos-gastronomicos\\\/\"},\"wordCount\":509,\"publisher\":{\"@id\":\"https:\\\/\\\/aliancasocial.org\\\/#organization\"},\"image\":{\"@id\":\"https:\\\/\\\/aliancasocial.org\\\/feira-de-empreendedorismo-reune-participantes-da-vila-cuore-para-apresentacao-de-projetos-gastronomicos\\\/#primaryimage\"},\"thumbnailUrl\":\"https:\\\/\\\/aliancasocial.org\\\/wp-content\\\/uploads\\\/2025\\\/06\\\/Captura-de-Tela-2025-06-12-a\u0300s-17.35.48.png\",\"articleSection\":[\"Empreendedorismo\"],\"inLanguage\":\"en-US\"},{\"@type\":\"WebPage\",\"@id\":\"https:\\\/\\\/aliancasocial.org\\\/feira-de-empreendedorismo-reune-participantes-da-vila-cuore-para-apresentacao-de-projetos-gastronomicos\\\/\",\"url\":\"https:\\\/\\\/aliancasocial.org\\\/feira-de-empreendedorismo-reune-participantes-da-vila-cuore-para-apresentacao-de-projetos-gastronomicos\\\/\",\"name\":\"Feira de Empreendedorismo re\u00fane participantes da Vila Cuore para apresenta\u00e7\u00e3o de projetos gastron\u00f4micos - Alian\u00e7a de Miseric\u00f3rdia\",\"isPartOf\":{\"@id\":\"https:\\\/\\\/aliancasocial.org\\\/#website\"},\"primaryImageOfPage\":{\"@id\":\"https:\\\/\\\/aliancasocial.org\\\/feira-de-empreendedorismo-reune-participantes-da-vila-cuore-para-apresentacao-de-projetos-gastronomicos\\\/#primaryimage\"},\"image\":{\"@id\":\"https:\\\/\\\/aliancasocial.org\\\/feira-de-empreendedorismo-reune-participantes-da-vila-cuore-para-apresentacao-de-projetos-gastronomicos\\\/#primaryimage\"},\"thumbnailUrl\":\"https:\\\/\\\/aliancasocial.org\\\/wp-content\\\/uploads\\\/2025\\\/06\\\/Captura-de-Tela-2025-06-12-a\u0300s-17.35.48.png\",\"datePublished\":\"2025-06-12T20:33:18+00:00\",\"dateModified\":\"2025-06-12T20:36:33+00:00\",\"breadcrumb\":{\"@id\":\"https:\\\/\\\/aliancasocial.org\\\/feira-de-empreendedorismo-reune-participantes-da-vila-cuore-para-apresentacao-de-projetos-gastronomicos\\\/#breadcrumb\"},\"inLanguage\":\"en-US\",\"potentialAction\":[{\"@type\":\"ReadAction\",\"target\":[\"https:\\\/\\\/aliancasocial.org\\\/feira-de-empreendedorismo-reune-participantes-da-vila-cuore-para-apresentacao-de-projetos-gastronomicos\\\/\"]}]},{\"@type\":\"ImageObject\",\"inLanguage\":\"en-US\",\"@id\":\"https:\\\/\\\/aliancasocial.org\\\/feira-de-empreendedorismo-reune-participantes-da-vila-cuore-para-apresentacao-de-projetos-gastronomicos\\\/#primaryimage\",\"url\":\"https:\\\/\\\/aliancasocial.org\\\/wp-content\\\/uploads\\\/2025\\\/06\\\/Captura-de-Tela-2025-06-12-a\u0300s-17.35.48.png\",\"contentUrl\":\"https:\\\/\\\/aliancasocial.org\\\/wp-content\\\/uploads\\\/2025\\\/06\\\/Captura-de-Tela-2025-06-12-a\u0300s-17.35.48.png\",\"width\":1160,\"height\":393},{\"@type\":\"BreadcrumbList\",\"@id\":\"https:\\\/\\\/aliancasocial.org\\\/feira-de-empreendedorismo-reune-participantes-da-vila-cuore-para-apresentacao-de-projetos-gastronomicos\\\/#breadcrumb\",\"itemListElement\":[{\"@type\":\"ListItem\",\"position\":1,\"name\":\"In\u00edcio\",\"item\":\"https:\\\/\\\/aliancasocial.org\\\/en\\\/\"},{\"@type\":\"ListItem\",\"position\":2,\"name\":\"Feira de Empreendedorismo re\u00fane participantes da Vila Cuore para apresenta\u00e7\u00e3o de projetos gastron\u00f4micos\"}]},{\"@type\":\"WebSite\",\"@id\":\"https:\\\/\\\/aliancasocial.org\\\/#website\",\"url\":\"https:\\\/\\\/aliancasocial.org\\\/\",\"name\":\"Alian\u00e7a de Miseric\u00f3rdia\",\"description\":\"Levando dignidade humana a todos os cantos do mundo\",\"publisher\":{\"@id\":\"https:\\\/\\\/aliancasocial.org\\\/#organization\"},\"potentialAction\":[{\"@type\":\"SearchAction\",\"target\":{\"@type\":\"EntryPoint\",\"urlTemplate\":\"https:\\\/\\\/aliancasocial.org\\\/?s={search_term_string}\"},\"query-input\":{\"@type\":\"PropertyValueSpecification\",\"valueRequired\":true,\"valueName\":\"search_term_string\"}}],\"inLanguage\":\"en-US\"},{\"@type\":\"Organization\",\"@id\":\"https:\\\/\\\/aliancasocial.org\\\/#organization\",\"name\":\"Alian\u00e7a de Miseric\u00f3rdia\",\"url\":\"https:\\\/\\\/aliancasocial.org\\\/\",\"logo\":{\"@type\":\"ImageObject\",\"inLanguage\":\"en-US\",\"@id\":\"https:\\\/\\\/aliancasocial.org\\\/#\\\/schema\\\/logo\\\/image\\\/\",\"url\":\"https:\\\/\\\/aliancasocial.org\\\/wp-content\\\/uploads\\\/2022\\\/07\\\/logo-alianca-marrom.svg\",\"contentUrl\":\"https:\\\/\\\/aliancasocial.org\\\/wp-content\\\/uploads\\\/2022\\\/07\\\/logo-alianca-marrom.svg\",\"width\":91,\"height\":33,\"caption\":\"Alian\u00e7a de Miseric\u00f3rdia\"},\"image\":{\"@id\":\"https:\\\/\\\/aliancasocial.org\\\/#\\\/schema\\\/logo\\\/image\\\/\"},\"sameAs\":[\"https:\\\/\\\/www.facebook.com\\\/iesmisericordia\\\/\",\"https:\\\/\\\/www.instagram.com\\\/aliancademisericordia\\\/\"]},{\"@type\":\"Person\",\"@id\":\"https:\\\/\\\/aliancasocial.org\\\/#\\\/schema\\\/person\\\/78098b551faec531645dbd5d82778414\",\"name\":\"Fernanda Monzambani\",\"image\":{\"@type\":\"ImageObject\",\"inLanguage\":\"en-US\",\"@id\":\"https:\\\/\\\/secure.gravatar.com\\\/avatar\\\/aa6d89063e21cd9638051b6cd0602c108d4b79b0898534c712d68409f7e5b64c?s=96&d=mm&r=g\",\"url\":\"https:\\\/\\\/secure.gravatar.com\\\/avatar\\\/aa6d89063e21cd9638051b6cd0602c108d4b79b0898534c712d68409f7e5b64c?s=96&d=mm&r=g\",\"contentUrl\":\"https:\\\/\\\/secure.gravatar.com\\\/avatar\\\/aa6d89063e21cd9638051b6cd0602c108d4b79b0898534c712d68409f7e5b64c?s=96&d=mm&r=g\",\"caption\":\"Fernanda Monzambani\"},\"url\":\"https:\\\/\\\/aliancasocial.org\\\/en\\\/author\\\/fernanda\\\/\"}]}<\/script>\n<!-- \/ Yoast SEO plugin. -->","yoast_head_json":{"title":"Feira de Empreendedorismo re\u00fane participantes da Vila Cuore para apresenta\u00e7\u00e3o de projetos gastron\u00f4micos - Alian\u00e7a de Miseric\u00f3rdia","robots":{"index":"index","follow":"follow","max-snippet":"max-snippet:-1","max-image-preview":"max-image-preview:large","max-video-preview":"max-video-preview:-1"},"canonical":"https:\/\/aliancasocial.org\/en\/feira-de-empreendedorismo-reune-participantes-da-vila-cuore-para-apresentacao-de-projetos-gastronomicos\/","og_locale":"en_US","og_type":"article","og_title":"Feira de Empreendedorismo re\u00fane participantes da Vila Cuore para apresenta\u00e7\u00e3o de projetos gastron\u00f4micos - Alian\u00e7a de Miseric\u00f3rdia","og_description":"No \u00faltimo fim de semana, a Vila Cuore \u2013 Centro de Educa\u00e7\u00e3o e Forma\u00e7\u00e3o Profissional da Alian\u00e7a de Miseric\u00f3rdia \u2013 promoveu uma Feira de Empreendedorismo e Empregabilidade, iniciativa que marcou a conclus\u00e3o do Curso de T\u00e9cnicas Gastron\u00f4micas oferecido no local. A a\u00e7\u00e3o teve como principal objetivo colocar em pr\u00e1tica os conhecimentos adquiridos durante as aulas, [&hellip;]","og_url":"https:\/\/aliancasocial.org\/en\/feira-de-empreendedorismo-reune-participantes-da-vila-cuore-para-apresentacao-de-projetos-gastronomicos\/","og_site_name":"Alian\u00e7a de Miseric\u00f3rdia","article_publisher":"https:\/\/www.facebook.com\/iesmisericordia\/","article_published_time":"2025-06-12T20:33:18+00:00","article_modified_time":"2025-06-12T20:36:33+00:00","og_image":[{"width":1160,"height":393,"url":"https:\/\/aliancasocial.org\/wp-content\/uploads\/2025\/06\/Captura-de-Tela-2025-06-12-a\u0300s-17.35.48.png","type":"image\/png"}],"author":"Fernanda Monzambani","twitter_card":"summary_large_image","twitter_misc":{"Written by":"Fernanda Monzambani","Est. reading time":"3 minutes"},"schema":{"@context":"https:\/\/schema.org","@graph":[{"@type":"Article","@id":"https:\/\/aliancasocial.org\/feira-de-empreendedorismo-reune-participantes-da-vila-cuore-para-apresentacao-de-projetos-gastronomicos\/#article","isPartOf":{"@id":"https:\/\/aliancasocial.org\/feira-de-empreendedorismo-reune-participantes-da-vila-cuore-para-apresentacao-de-projetos-gastronomicos\/"},"author":{"name":"Fernanda Monzambani","@id":"https:\/\/aliancasocial.org\/#\/schema\/person\/78098b551faec531645dbd5d82778414"},"headline":"Feira de Empreendedorismo re\u00fane participantes da Vila Cuore para apresenta\u00e7\u00e3o de projetos gastron\u00f4micos","datePublished":"2025-06-12T20:33:18+00:00","dateModified":"2025-06-12T20:36:33+00:00","mainEntityOfPage":{"@id":"https:\/\/aliancasocial.org\/feira-de-empreendedorismo-reune-participantes-da-vila-cuore-para-apresentacao-de-projetos-gastronomicos\/"},"wordCount":509,"publisher":{"@id":"https:\/\/aliancasocial.org\/#organization"},"image":{"@id":"https:\/\/aliancasocial.org\/feira-de-empreendedorismo-reune-participantes-da-vila-cuore-para-apresentacao-de-projetos-gastronomicos\/#primaryimage"},"thumbnailUrl":"https:\/\/aliancasocial.org\/wp-content\/uploads\/2025\/06\/Captura-de-Tela-2025-06-12-a\u0300s-17.35.48.png","articleSection":["Empreendedorismo"],"inLanguage":"en-US"},{"@type":"WebPage","@id":"https:\/\/aliancasocial.org\/feira-de-empreendedorismo-reune-participantes-da-vila-cuore-para-apresentacao-de-projetos-gastronomicos\/","url":"https:\/\/aliancasocial.org\/feira-de-empreendedorismo-reune-participantes-da-vila-cuore-para-apresentacao-de-projetos-gastronomicos\/","name":"Feira de Empreendedorismo re\u00fane participantes da Vila Cuore para apresenta\u00e7\u00e3o de projetos gastron\u00f4micos - Alian\u00e7a de Miseric\u00f3rdia","isPartOf":{"@id":"https:\/\/aliancasocial.org\/#website"},"primaryImageOfPage":{"@id":"https:\/\/aliancasocial.org\/feira-de-empreendedorismo-reune-participantes-da-vila-cuore-para-apresentacao-de-projetos-gastronomicos\/#primaryimage"},"image":{"@id":"https:\/\/aliancasocial.org\/feira-de-empreendedorismo-reune-participantes-da-vila-cuore-para-apresentacao-de-projetos-gastronomicos\/#primaryimage"},"thumbnailUrl":"https:\/\/aliancasocial.org\/wp-content\/uploads\/2025\/06\/Captura-de-Tela-2025-06-12-a\u0300s-17.35.48.png","datePublished":"2025-06-12T20:33:18+00:00","dateModified":"2025-06-12T20:36:33+00:00","breadcrumb":{"@id":"https:\/\/aliancasocial.org\/feira-de-empreendedorismo-reune-participantes-da-vila-cuore-para-apresentacao-de-projetos-gastronomicos\/#breadcrumb"},"inLanguage":"en-US","potentialAction":[{"@type":"ReadAction","target":["https:\/\/aliancasocial.org\/feira-de-empreendedorismo-reune-participantes-da-vila-cuore-para-apresentacao-de-projetos-gastronomicos\/"]}]},{"@type":"ImageObject","inLanguage":"en-US","@id":"https:\/\/aliancasocial.org\/feira-de-empreendedorismo-reune-participantes-da-vila-cuore-para-apresentacao-de-projetos-gastronomicos\/#primaryimage","url":"https:\/\/aliancasocial.org\/wp-content\/uploads\/2025\/06\/Captura-de-Tela-2025-06-12-a\u0300s-17.35.48.png","contentUrl":"https:\/\/aliancasocial.org\/wp-content\/uploads\/2025\/06\/Captura-de-Tela-2025-06-12-a\u0300s-17.35.48.png","width":1160,"height":393},{"@type":"BreadcrumbList","@id":"https:\/\/aliancasocial.org\/feira-de-empreendedorismo-reune-participantes-da-vila-cuore-para-apresentacao-de-projetos-gastronomicos\/#breadcrumb","itemListElement":[{"@type":"ListItem","position":1,"name":"In\u00edcio","item":"https:\/\/aliancasocial.org\/en\/"},{"@type":"ListItem","position":2,"name":"Feira de Empreendedorismo re\u00fane participantes da Vila Cuore para apresenta\u00e7\u00e3o de projetos gastron\u00f4micos"}]},{"@type":"WebSite","@id":"https:\/\/aliancasocial.org\/#website","url":"https:\/\/aliancasocial.org\/","name":"Covenant of Mercy","description":"Bringing human dignity to every corner of the world","publisher":{"@id":"https:\/\/aliancasocial.org\/#organization"},"potentialAction":[{"@type":"SearchAction","target":{"@type":"EntryPoint","urlTemplate":"https:\/\/aliancasocial.org\/?s={search_term_string}"},"query-input":{"@type":"PropertyValueSpecification","valueRequired":true,"valueName":"search_term_string"}}],"inLanguage":"en-US"},{"@type":"Organization","@id":"https:\/\/aliancasocial.org\/#organization","name":"Covenant of Mercy","url":"https:\/\/aliancasocial.org\/","logo":{"@type":"ImageObject","inLanguage":"en-US","@id":"https:\/\/aliancasocial.org\/#\/schema\/logo\/image\/","url":"https:\/\/aliancasocial.org\/wp-content\/uploads\/2022\/07\/logo-alianca-marrom.svg","contentUrl":"https:\/\/aliancasocial.org\/wp-content\/uploads\/2022\/07\/logo-alianca-marrom.svg","width":91,"height":33,"caption":"Alian\u00e7a de Miseric\u00f3rdia"},"image":{"@id":"https:\/\/aliancasocial.org\/#\/schema\/logo\/image\/"},"sameAs":["https:\/\/www.facebook.com\/iesmisericordia\/","https:\/\/www.instagram.com\/aliancademisericordia\/"]},{"@type":"Person","@id":"https:\/\/aliancasocial.org\/#\/schema\/person\/78098b551faec531645dbd5d82778414","name":"Fernanda Monzambani","image":{"@type":"ImageObject","inLanguage":"en-US","@id":"https:\/\/secure.gravatar.com\/avatar\/aa6d89063e21cd9638051b6cd0602c108d4b79b0898534c712d68409f7e5b64c?s=96&d=mm&r=g","url":"https:\/\/secure.gravatar.com\/avatar\/aa6d89063e21cd9638051b6cd0602c108d4b79b0898534c712d68409f7e5b64c?s=96&d=mm&r=g","contentUrl":"https:\/\/secure.gravatar.com\/avatar\/aa6d89063e21cd9638051b6cd0602c108d4b79b0898534c712d68409f7e5b64c?s=96&d=mm&r=g","caption":"Fernanda Monzambani"},"url":"https:\/\/aliancasocial.org\/en\/author\/fernanda\/"}]}},"_links":{"self":[{"href":"https:\/\/aliancasocial.org\/en\/wp-json\/wp\/v2\/posts\/11807","targetHints":{"allow":["GET"]}}],"collection":[{"href":"https:\/\/aliancasocial.org\/en\/wp-json\/wp\/v2\/posts"}],"about":[{"href":"https:\/\/aliancasocial.org\/en\/wp-json\/wp\/v2\/types\/post"}],"author":[{"embeddable":true,"href":"https:\/\/aliancasocial.org\/en\/wp-json\/wp\/v2\/users\/8"}],"replies":[{"embeddable":true,"href":"https:\/\/aliancasocial.org\/en\/wp-json\/wp\/v2\/comments?post=11807"}],"version-history":[{"count":1,"href":"https:\/\/aliancasocial.org\/en\/wp-json\/wp\/v2\/posts\/11807\/revisions"}],"predecessor-version":[{"id":11809,"href":"https:\/\/aliancasocial.org\/en\/wp-json\/wp\/v2\/posts\/11807\/revisions\/11809"}],"wp:featuredmedia":[{"embeddable":true,"href":"https:\/\/aliancasocial.org\/en\/wp-json\/wp\/v2\/media\/11810"}],"wp:attachment":[{"href":"https:\/\/aliancasocial.org\/en\/wp-json\/wp\/v2\/media?parent=11807"}],"wp:term":[{"taxonomy":"category","embeddable":true,"href":"https:\/\/aliancasocial.org\/en\/wp-json\/wp\/v2\/categories?post=11807"},{"taxonomy":"post_tag","embeddable":true,"href":"https:\/\/aliancasocial.org\/en\/wp-json\/wp\/v2\/tags?post=11807"},{"taxonomy":"destaques","embeddable":true,"href":"https:\/\/aliancasocial.org\/en\/wp-json\/wp\/v2\/destaques?post=11807"}],"curies":[{"name":"wp","href":"https:\/\/api.w.org\/{rel}","templated":true}]}}