{"id":11811,"date":"2025-06-20T10:53:17","date_gmt":"2025-06-20T13:53:17","guid":{"rendered":"https:\/\/aliancasocial.org\/?p=11811"},"modified":"2025-06-20T10:53:22","modified_gmt":"2025-06-20T13:53:22","slug":"festa-junina-celebra-a-infancia-no-cca-padre-pio","status":"publish","type":"post","link":"https:\/\/aliancasocial.org\/en\/festa-junina-celebra-a-infancia-no-cca-padre-pio\/","title":{"rendered":"Festa Junina celebrates childhood at CCA Padre Pio"},"content":{"rendered":"<p>On Saturday, June 14, the Padre Pio Children and Adolescent Center (CCA) of the Alliance of Mercy held a June Festival for those assisted by the project. The event aimed to value childhood and strengthen community ties through a moment of coexistence and joy.<\/p>\n\n\n\n<p>Children and teenagers were able to taste typical dishes such as caldo verde, canjica, hot dogs, green corn, various cakes, pa\u00e7oca, coconut candy, peanut brittle, candies and lollipops. The idea was to provide everyone with a festive experience, even for those who face vulnerable situations and do not usually participate in events like this in their routines.<\/p>\n\n\n\n<p>During the event, a volunteer photographer accompanied the celebration and recorded the moments experienced by the children, their families and the CCA team. The images portray the coexistence, sharing and dedication of the educators and volunteers involved.<\/p>\n\n\n\n<p><strong>CCA Padre Pio<\/strong><\/p>\n\n\n\n<p>CCA Padre Pio has been operating since 2010 in the Parque de Taipas neighborhood, in the northwest of the city of S\u00e3o Paulo. The unit serves 180 children and adolescents aged 6 to 14 years and 11 months outside of school hours. The work is carried out in a region of high social vulnerability and focuses on strengthening bonds and developing the social and personal skills of those served.<\/p>\n\n\n\n<p><strong>What is a CCA?<\/strong><\/p>\n\n\n\n<p>The Center for Children and Adolescents (CCA) is a social assistance service that offers socio-educational activities to children and adolescents in vulnerable situations. CCAs work outside of school hours and seek to ensure the strengthening of family, social and community ties.<\/p>\n\n\n\n<p>Through workshops and projects, participants broaden their worldview, develop a sense of belonging and begin to recognize their own value. Educators act as emotional and educational references, contributing to the development of more aware, participatory citizens with greater access to culture and education.<\/p>\n\n\n\n<p>The Alliance of Mercy maintains the CCA Padre Pio as part of its commitment to human promotion and evangelization in the social and existential peripheries.<\/p>\n\n\n\n<p><strong>Access Instagram <a href=\"https:\/\/www.instagram.com\/aliancademisericordia\/following\/\">@aliancademisericordia<\/a> <a href=\"https:\/\/www.instagram.com\/alianca.social\/?hl=pt\">@alianca.social<\/a> It is <a href=\"https:\/\/www.instagram.com\/cca.padrepio\/\">@cca.padrepio<\/a> to follow more news about our programs and social actions.<\/strong><\/p>","protected":false},"excerpt":{"rendered":"<p>No s\u00e1bado, 14 de junho, o Centro para Crian\u00e7as e Adolescentes (CCA) Padre Pio, da Alian\u00e7a de Miseric\u00f3rdia, promoveu uma Festa Junina voltada aos atendidos do projeto. A a\u00e7\u00e3o teve como objetivo valorizar a inf\u00e2ncia e fortalecer os v\u00ednculos comunit\u00e1rios por meio de um momento de conviv\u00eancia e alegria. Crian\u00e7as e adolescentes puderam saborear pratos [&hellip;]<\/p>\n","protected":false},"author":8,"featured_media":11812,"comment_status":"closed","ping_status":"closed","sticky":false,"template":"","format":"standard","meta":{"footnotes":""},"categories":[48],"tags":[],"destaques":[38],"class_list":["post-11811","post","type-post","status-publish","format-standard","has-post-thumbnail","hentry","category-eventos","destaques-destaque-03"],"yoast_head":"<!-- This site is optimized with the Yoast SEO plugin v27.4 - https:\/\/yoast.com\/product\/yoast-seo-wordpress\/ -->\n<title>Festa Junina celebra a inf\u00e2ncia no CCA Padre Pio - Alian\u00e7a de Miseric\u00f3rdia<\/title>\n<meta name=\"robots\" content=\"index, follow, max-snippet:-1, max-image-preview:large, max-video-preview:-1\" \/>\n<link rel=\"canonical\" href=\"https:\/\/aliancasocial.org\/en\/festa-junina-celebra-a-infancia-no-cca-padre-pio\/\" \/>\n<meta property=\"og:locale\" content=\"en_US\" \/>\n<meta property=\"og:type\" content=\"article\" \/>\n<meta property=\"og:title\" content=\"Festa Junina celebra a inf\u00e2ncia no CCA Padre Pio - Alian\u00e7a de Miseric\u00f3rdia\" \/>\n<meta property=\"og:description\" content=\"No s\u00e1bado, 14 de junho, o Centro para Crian\u00e7as e Adolescentes (CCA) Padre Pio, da Alian\u00e7a de Miseric\u00f3rdia, promoveu uma Festa Junina voltada aos atendidos do projeto. A a\u00e7\u00e3o teve como objetivo valorizar a inf\u00e2ncia e fortalecer os v\u00ednculos comunit\u00e1rios por meio de um momento de conviv\u00eancia e alegria. Crian\u00e7as e adolescentes puderam saborear pratos [&hellip;]\" \/>\n<meta property=\"og:url\" content=\"https:\/\/aliancasocial.org\/en\/festa-junina-celebra-a-infancia-no-cca-padre-pio\/\" \/>\n<meta property=\"og:site_name\" content=\"Alian\u00e7a de Miseric\u00f3rdia\" \/>\n<meta property=\"article:publisher\" content=\"https:\/\/www.facebook.com\/iesmisericordia\/\" \/>\n<meta property=\"article:published_time\" content=\"2025-06-20T13:53:17+00:00\" \/>\n<meta property=\"article:modified_time\" content=\"2025-06-20T13:53:22+00:00\" \/>\n<meta property=\"og:image\" content=\"https:\/\/aliancasocial.org\/wp-content\/uploads\/2025\/06\/WhatsApp-Image-2025-06-18-at-11.54.59.jpeg\" \/>\n\t<meta property=\"og:image:width\" content=\"1600\" \/>\n\t<meta property=\"og:image:height\" content=\"1066\" \/>\n\t<meta property=\"og:image:type\" content=\"image\/jpeg\" \/>\n<meta name=\"author\" content=\"Fernanda Monzambani\" \/>\n<meta name=\"twitter:card\" content=\"summary_large_image\" \/>\n<meta name=\"twitter:label1\" content=\"Written by\" \/>\n\t<meta name=\"twitter:data1\" content=\"Fernanda Monzambani\" \/>\n\t<meta name=\"twitter:label2\" content=\"Est. reading time\" \/>\n\t<meta name=\"twitter:data2\" content=\"3 minutes\" \/>\n<script type=\"application\/ld+json\" class=\"yoast-schema-graph\">{\"@context\":\"https:\\\/\\\/schema.org\",\"@graph\":[{\"@type\":\"Article\",\"@id\":\"https:\\\/\\\/aliancasocial.org\\\/festa-junina-celebra-a-infancia-no-cca-padre-pio\\\/#article\",\"isPartOf\":{\"@id\":\"https:\\\/\\\/aliancasocial.org\\\/festa-junina-celebra-a-infancia-no-cca-padre-pio\\\/\"},\"author\":{\"name\":\"Fernanda Monzambani\",\"@id\":\"https:\\\/\\\/aliancasocial.org\\\/#\\\/schema\\\/person\\\/78098b551faec531645dbd5d82778414\"},\"headline\":\"Festa Junina celebra a inf\u00e2ncia no CCA Padre Pio\",\"datePublished\":\"2025-06-20T13:53:17+00:00\",\"dateModified\":\"2025-06-20T13:53:22+00:00\",\"mainEntityOfPage\":{\"@id\":\"https:\\\/\\\/aliancasocial.org\\\/festa-junina-celebra-a-infancia-no-cca-padre-pio\\\/\"},\"wordCount\":393,\"publisher\":{\"@id\":\"https:\\\/\\\/aliancasocial.org\\\/#organization\"},\"image\":{\"@id\":\"https:\\\/\\\/aliancasocial.org\\\/festa-junina-celebra-a-infancia-no-cca-padre-pio\\\/#primaryimage\"},\"thumbnailUrl\":\"https:\\\/\\\/aliancasocial.org\\\/wp-content\\\/uploads\\\/2025\\\/06\\\/WhatsApp-Image-2025-06-18-at-11.54.59.jpeg\",\"articleSection\":[\"Eventos\"],\"inLanguage\":\"en-US\"},{\"@type\":\"WebPage\",\"@id\":\"https:\\\/\\\/aliancasocial.org\\\/festa-junina-celebra-a-infancia-no-cca-padre-pio\\\/\",\"url\":\"https:\\\/\\\/aliancasocial.org\\\/festa-junina-celebra-a-infancia-no-cca-padre-pio\\\/\",\"name\":\"Festa Junina celebra a inf\u00e2ncia no CCA Padre Pio - Alian\u00e7a de Miseric\u00f3rdia\",\"isPartOf\":{\"@id\":\"https:\\\/\\\/aliancasocial.org\\\/#website\"},\"primaryImageOfPage\":{\"@id\":\"https:\\\/\\\/aliancasocial.org\\\/festa-junina-celebra-a-infancia-no-cca-padre-pio\\\/#primaryimage\"},\"image\":{\"@id\":\"https:\\\/\\\/aliancasocial.org\\\/festa-junina-celebra-a-infancia-no-cca-padre-pio\\\/#primaryimage\"},\"thumbnailUrl\":\"https:\\\/\\\/aliancasocial.org\\\/wp-content\\\/uploads\\\/2025\\\/06\\\/WhatsApp-Image-2025-06-18-at-11.54.59.jpeg\",\"datePublished\":\"2025-06-20T13:53:17+00:00\",\"dateModified\":\"2025-06-20T13:53:22+00:00\",\"breadcrumb\":{\"@id\":\"https:\\\/\\\/aliancasocial.org\\\/festa-junina-celebra-a-infancia-no-cca-padre-pio\\\/#breadcrumb\"},\"inLanguage\":\"en-US\",\"potentialAction\":[{\"@type\":\"ReadAction\",\"target\":[\"https:\\\/\\\/aliancasocial.org\\\/festa-junina-celebra-a-infancia-no-cca-padre-pio\\\/\"]}]},{\"@type\":\"ImageObject\",\"inLanguage\":\"en-US\",\"@id\":\"https:\\\/\\\/aliancasocial.org\\\/festa-junina-celebra-a-infancia-no-cca-padre-pio\\\/#primaryimage\",\"url\":\"https:\\\/\\\/aliancasocial.org\\\/wp-content\\\/uploads\\\/2025\\\/06\\\/WhatsApp-Image-2025-06-18-at-11.54.59.jpeg\",\"contentUrl\":\"https:\\\/\\\/aliancasocial.org\\\/wp-content\\\/uploads\\\/2025\\\/06\\\/WhatsApp-Image-2025-06-18-at-11.54.59.jpeg\",\"width\":1600,\"height\":1066},{\"@type\":\"BreadcrumbList\",\"@id\":\"https:\\\/\\\/aliancasocial.org\\\/festa-junina-celebra-a-infancia-no-cca-padre-pio\\\/#breadcrumb\",\"itemListElement\":[{\"@type\":\"ListItem\",\"position\":1,\"name\":\"In\u00edcio\",\"item\":\"https:\\\/\\\/aliancasocial.org\\\/en\\\/\"},{\"@type\":\"ListItem\",\"position\":2,\"name\":\"Festa Junina celebra a inf\u00e2ncia no CCA Padre Pio\"}]},{\"@type\":\"WebSite\",\"@id\":\"https:\\\/\\\/aliancasocial.org\\\/#website\",\"url\":\"https:\\\/\\\/aliancasocial.org\\\/\",\"name\":\"Alian\u00e7a de Miseric\u00f3rdia\",\"description\":\"Levando dignidade humana a todos os cantos do mundo\",\"publisher\":{\"@id\":\"https:\\\/\\\/aliancasocial.org\\\/#organization\"},\"potentialAction\":[{\"@type\":\"SearchAction\",\"target\":{\"@type\":\"EntryPoint\",\"urlTemplate\":\"https:\\\/\\\/aliancasocial.org\\\/?s={search_term_string}\"},\"query-input\":{\"@type\":\"PropertyValueSpecification\",\"valueRequired\":true,\"valueName\":\"search_term_string\"}}],\"inLanguage\":\"en-US\"},{\"@type\":\"Organization\",\"@id\":\"https:\\\/\\\/aliancasocial.org\\\/#organization\",\"name\":\"Alian\u00e7a de Miseric\u00f3rdia\",\"url\":\"https:\\\/\\\/aliancasocial.org\\\/\",\"logo\":{\"@type\":\"ImageObject\",\"inLanguage\":\"en-US\",\"@id\":\"https:\\\/\\\/aliancasocial.org\\\/#\\\/schema\\\/logo\\\/image\\\/\",\"url\":\"https:\\\/\\\/aliancasocial.org\\\/wp-content\\\/uploads\\\/2022\\\/07\\\/logo-alianca-marrom.svg\",\"contentUrl\":\"https:\\\/\\\/aliancasocial.org\\\/wp-content\\\/uploads\\\/2022\\\/07\\\/logo-alianca-marrom.svg\",\"width\":91,\"height\":33,\"caption\":\"Alian\u00e7a de Miseric\u00f3rdia\"},\"image\":{\"@id\":\"https:\\\/\\\/aliancasocial.org\\\/#\\\/schema\\\/logo\\\/image\\\/\"},\"sameAs\":[\"https:\\\/\\\/www.facebook.com\\\/iesmisericordia\\\/\",\"https:\\\/\\\/www.instagram.com\\\/aliancademisericordia\\\/\"]},{\"@type\":\"Person\",\"@id\":\"https:\\\/\\\/aliancasocial.org\\\/#\\\/schema\\\/person\\\/78098b551faec531645dbd5d82778414\",\"name\":\"Fernanda Monzambani\",\"image\":{\"@type\":\"ImageObject\",\"inLanguage\":\"en-US\",\"@id\":\"https:\\\/\\\/secure.gravatar.com\\\/avatar\\\/aa6d89063e21cd9638051b6cd0602c108d4b79b0898534c712d68409f7e5b64c?s=96&d=mm&r=g\",\"url\":\"https:\\\/\\\/secure.gravatar.com\\\/avatar\\\/aa6d89063e21cd9638051b6cd0602c108d4b79b0898534c712d68409f7e5b64c?s=96&d=mm&r=g\",\"contentUrl\":\"https:\\\/\\\/secure.gravatar.com\\\/avatar\\\/aa6d89063e21cd9638051b6cd0602c108d4b79b0898534c712d68409f7e5b64c?s=96&d=mm&r=g\",\"caption\":\"Fernanda Monzambani\"},\"url\":\"https:\\\/\\\/aliancasocial.org\\\/en\\\/author\\\/fernanda\\\/\"}]}<\/script>\n<!-- \/ Yoast SEO plugin. -->","yoast_head_json":{"title":"Festa Junina celebra a inf\u00e2ncia no CCA Padre Pio - Alian\u00e7a de Miseric\u00f3rdia","robots":{"index":"index","follow":"follow","max-snippet":"max-snippet:-1","max-image-preview":"max-image-preview:large","max-video-preview":"max-video-preview:-1"},"canonical":"https:\/\/aliancasocial.org\/en\/festa-junina-celebra-a-infancia-no-cca-padre-pio\/","og_locale":"en_US","og_type":"article","og_title":"Festa Junina celebra a inf\u00e2ncia no CCA Padre Pio - Alian\u00e7a de Miseric\u00f3rdia","og_description":"No s\u00e1bado, 14 de junho, o Centro para Crian\u00e7as e Adolescentes (CCA) Padre Pio, da Alian\u00e7a de Miseric\u00f3rdia, promoveu uma Festa Junina voltada aos atendidos do projeto. A a\u00e7\u00e3o teve como objetivo valorizar a inf\u00e2ncia e fortalecer os v\u00ednculos comunit\u00e1rios por meio de um momento de conviv\u00eancia e alegria. Crian\u00e7as e adolescentes puderam saborear pratos [&hellip;]","og_url":"https:\/\/aliancasocial.org\/en\/festa-junina-celebra-a-infancia-no-cca-padre-pio\/","og_site_name":"Alian\u00e7a de Miseric\u00f3rdia","article_publisher":"https:\/\/www.facebook.com\/iesmisericordia\/","article_published_time":"2025-06-20T13:53:17+00:00","article_modified_time":"2025-06-20T13:53:22+00:00","og_image":[{"width":1600,"height":1066,"url":"https:\/\/aliancasocial.org\/wp-content\/uploads\/2025\/06\/WhatsApp-Image-2025-06-18-at-11.54.59.jpeg","type":"image\/jpeg"}],"author":"Fernanda Monzambani","twitter_card":"summary_large_image","twitter_misc":{"Written by":"Fernanda Monzambani","Est. reading time":"3 minutes"},"schema":{"@context":"https:\/\/schema.org","@graph":[{"@type":"Article","@id":"https:\/\/aliancasocial.org\/festa-junina-celebra-a-infancia-no-cca-padre-pio\/#article","isPartOf":{"@id":"https:\/\/aliancasocial.org\/festa-junina-celebra-a-infancia-no-cca-padre-pio\/"},"author":{"name":"Fernanda Monzambani","@id":"https:\/\/aliancasocial.org\/#\/schema\/person\/78098b551faec531645dbd5d82778414"},"headline":"Festa Junina celebra a inf\u00e2ncia no CCA Padre Pio","datePublished":"2025-06-20T13:53:17+00:00","dateModified":"2025-06-20T13:53:22+00:00","mainEntityOfPage":{"@id":"https:\/\/aliancasocial.org\/festa-junina-celebra-a-infancia-no-cca-padre-pio\/"},"wordCount":393,"publisher":{"@id":"https:\/\/aliancasocial.org\/#organization"},"image":{"@id":"https:\/\/aliancasocial.org\/festa-junina-celebra-a-infancia-no-cca-padre-pio\/#primaryimage"},"thumbnailUrl":"https:\/\/aliancasocial.org\/wp-content\/uploads\/2025\/06\/WhatsApp-Image-2025-06-18-at-11.54.59.jpeg","articleSection":["Eventos"],"inLanguage":"en-US"},{"@type":"WebPage","@id":"https:\/\/aliancasocial.org\/festa-junina-celebra-a-infancia-no-cca-padre-pio\/","url":"https:\/\/aliancasocial.org\/festa-junina-celebra-a-infancia-no-cca-padre-pio\/","name":"Festa Junina celebra a inf\u00e2ncia no CCA Padre Pio - Alian\u00e7a de Miseric\u00f3rdia","isPartOf":{"@id":"https:\/\/aliancasocial.org\/#website"},"primaryImageOfPage":{"@id":"https:\/\/aliancasocial.org\/festa-junina-celebra-a-infancia-no-cca-padre-pio\/#primaryimage"},"image":{"@id":"https:\/\/aliancasocial.org\/festa-junina-celebra-a-infancia-no-cca-padre-pio\/#primaryimage"},"thumbnailUrl":"https:\/\/aliancasocial.org\/wp-content\/uploads\/2025\/06\/WhatsApp-Image-2025-06-18-at-11.54.59.jpeg","datePublished":"2025-06-20T13:53:17+00:00","dateModified":"2025-06-20T13:53:22+00:00","breadcrumb":{"@id":"https:\/\/aliancasocial.org\/festa-junina-celebra-a-infancia-no-cca-padre-pio\/#breadcrumb"},"inLanguage":"en-US","potentialAction":[{"@type":"ReadAction","target":["https:\/\/aliancasocial.org\/festa-junina-celebra-a-infancia-no-cca-padre-pio\/"]}]},{"@type":"ImageObject","inLanguage":"en-US","@id":"https:\/\/aliancasocial.org\/festa-junina-celebra-a-infancia-no-cca-padre-pio\/#primaryimage","url":"https:\/\/aliancasocial.org\/wp-content\/uploads\/2025\/06\/WhatsApp-Image-2025-06-18-at-11.54.59.jpeg","contentUrl":"https:\/\/aliancasocial.org\/wp-content\/uploads\/2025\/06\/WhatsApp-Image-2025-06-18-at-11.54.59.jpeg","width":1600,"height":1066},{"@type":"BreadcrumbList","@id":"https:\/\/aliancasocial.org\/festa-junina-celebra-a-infancia-no-cca-padre-pio\/#breadcrumb","itemListElement":[{"@type":"ListItem","position":1,"name":"In\u00edcio","item":"https:\/\/aliancasocial.org\/en\/"},{"@type":"ListItem","position":2,"name":"Festa Junina celebra a inf\u00e2ncia no CCA Padre Pio"}]},{"@type":"WebSite","@id":"https:\/\/aliancasocial.org\/#website","url":"https:\/\/aliancasocial.org\/","name":"Covenant of Mercy","description":"Bringing human dignity to every corner of the world","publisher":{"@id":"https:\/\/aliancasocial.org\/#organization"},"potentialAction":[{"@type":"SearchAction","target":{"@type":"EntryPoint","urlTemplate":"https:\/\/aliancasocial.org\/?s={search_term_string}"},"query-input":{"@type":"PropertyValueSpecification","valueRequired":true,"valueName":"search_term_string"}}],"inLanguage":"en-US"},{"@type":"Organization","@id":"https:\/\/aliancasocial.org\/#organization","name":"Covenant of Mercy","url":"https:\/\/aliancasocial.org\/","logo":{"@type":"ImageObject","inLanguage":"en-US","@id":"https:\/\/aliancasocial.org\/#\/schema\/logo\/image\/","url":"https:\/\/aliancasocial.org\/wp-content\/uploads\/2022\/07\/logo-alianca-marrom.svg","contentUrl":"https:\/\/aliancasocial.org\/wp-content\/uploads\/2022\/07\/logo-alianca-marrom.svg","width":91,"height":33,"caption":"Alian\u00e7a de Miseric\u00f3rdia"},"image":{"@id":"https:\/\/aliancasocial.org\/#\/schema\/logo\/image\/"},"sameAs":["https:\/\/www.facebook.com\/iesmisericordia\/","https:\/\/www.instagram.com\/aliancademisericordia\/"]},{"@type":"Person","@id":"https:\/\/aliancasocial.org\/#\/schema\/person\/78098b551faec531645dbd5d82778414","name":"Fernanda Monzambani","image":{"@type":"ImageObject","inLanguage":"en-US","@id":"https:\/\/secure.gravatar.com\/avatar\/aa6d89063e21cd9638051b6cd0602c108d4b79b0898534c712d68409f7e5b64c?s=96&d=mm&r=g","url":"https:\/\/secure.gravatar.com\/avatar\/aa6d89063e21cd9638051b6cd0602c108d4b79b0898534c712d68409f7e5b64c?s=96&d=mm&r=g","contentUrl":"https:\/\/secure.gravatar.com\/avatar\/aa6d89063e21cd9638051b6cd0602c108d4b79b0898534c712d68409f7e5b64c?s=96&d=mm&r=g","caption":"Fernanda Monzambani"},"url":"https:\/\/aliancasocial.org\/en\/author\/fernanda\/"}]}},"_links":{"self":[{"href":"https:\/\/aliancasocial.org\/en\/wp-json\/wp\/v2\/posts\/11811","targetHints":{"allow":["GET"]}}],"collection":[{"href":"https:\/\/aliancasocial.org\/en\/wp-json\/wp\/v2\/posts"}],"about":[{"href":"https:\/\/aliancasocial.org\/en\/wp-json\/wp\/v2\/types\/post"}],"author":[{"embeddable":true,"href":"https:\/\/aliancasocial.org\/en\/wp-json\/wp\/v2\/users\/8"}],"replies":[{"embeddable":true,"href":"https:\/\/aliancasocial.org\/en\/wp-json\/wp\/v2\/comments?post=11811"}],"version-history":[{"count":1,"href":"https:\/\/aliancasocial.org\/en\/wp-json\/wp\/v2\/posts\/11811\/revisions"}],"predecessor-version":[{"id":11813,"href":"https:\/\/aliancasocial.org\/en\/wp-json\/wp\/v2\/posts\/11811\/revisions\/11813"}],"wp:featuredmedia":[{"embeddable":true,"href":"https:\/\/aliancasocial.org\/en\/wp-json\/wp\/v2\/media\/11812"}],"wp:attachment":[{"href":"https:\/\/aliancasocial.org\/en\/wp-json\/wp\/v2\/media?parent=11811"}],"wp:term":[{"taxonomy":"category","embeddable":true,"href":"https:\/\/aliancasocial.org\/en\/wp-json\/wp\/v2\/categories?post=11811"},{"taxonomy":"post_tag","embeddable":true,"href":"https:\/\/aliancasocial.org\/en\/wp-json\/wp\/v2\/tags?post=11811"},{"taxonomy":"destaques","embeddable":true,"href":"https:\/\/aliancasocial.org\/en\/wp-json\/wp\/v2\/destaques?post=11811"}],"curies":[{"name":"wp","href":"https:\/\/api.w.org\/{rel}","templated":true}]}}