{"id":11814,"date":"2025-06-24T16:06:13","date_gmt":"2025-06-24T19:06:13","guid":{"rendered":"https:\/\/aliancasocial.org\/?p=11814"},"modified":"2025-06-24T16:06:17","modified_gmt":"2025-06-24T19:06:17","slug":"formatura-da-2a-turma-do-curso-de-eletricista-marca-nova-etapa-de-vida-para-participantes-da-casa-restaura-me","status":"publish","type":"post","link":"https:\/\/aliancasocial.org\/en\/formatura-da-2a-turma-do-curso-de-eletricista-marca-nova-etapa-de-vida-para-participantes-da-casa-restaura-me\/","title":{"rendered":"Graduation of the 2nd class of the electrician course marks a new stage in the lives of participants of Casa Restaura-me"},"content":{"rendered":"<p>Last Friday, June 20, Casa Restaura-me, in S\u00e3o Paulo, celebrated the graduation of the 2nd class of the Electrical Installation Course. In total, 13 students completed the training, which began in April of this year and was carried out over the course of two and a half months. The closing ceremony took place in the house&#039;s TV room and brought together family, friends, technical staff, teachers and representatives of the Alliance of Mercy.<\/p>\n\n\n\n<p>The training is the result of a partnership between <strong>Home Restore Me<\/strong>, the <strong>Prada Foundation<\/strong> and the <strong>SENAI<\/strong>. The Foundation pays for the teacher&#039;s work, while SENAI is responsible for providing the handouts and issuing the certificates. For the participants, more than just professional training, the course represented a real opportunity for a new beginning.<\/p>\n\n\n\n<p>During the ceremony, the presentation of certificates was one of the most memorable moments. Graduates, one by one, were called to the front to the applause of those present. Some let out broad smiles; others, silently, let their emotions show through restrained gestures. Each diploma awarded was a sign of achievement \u2014 not only for having mastered the technical content of the course, but for having faced harsh realities and chosen to persevere.<\/p>\n\n\n\n<p><strong>RELEVANCE<\/strong><\/p>\n\n\n\n<p>Social worker Elenice Santana Jesus, who closely follows the students&#039; progress, highlighted the achievements of each one. <em>\u201cWe have faced many challenges, many obstacles, but you are here today representing perseverance. You did not look at the difficulties, but kept moving forward. I hope that this stage is just the beginning of great achievements.\u201d<\/em>, he stated.<\/p>\n\n\n\n<p>Professor Renilson de Souza Paula, responsible for technical training, also addressed the students. <em>\u201cAt the beginning of the course, I talked about the northern winds that do not move the windmills. What happened, happened. Now you are the southern winds. You are moving, you are making things happen. And that makes me very happy. Here comes the end of a stage, but a new cycle begins, with professionals who have taken this time of learning seriously.\u201d<\/em>, he said.<\/p>\n\n\n\n<p><strong>+ <a href=\"https:\/\/misericordia.com.br\/casa-restaura-me-nucleos-de-convivencia-que-transformam-vidas-de-pessoas-em-situacao-de-rua\/\">Casa Restaura-me: Community centers that transform the lives of homeless people \u2013 Alliance of Mercy<\/a><\/strong><\/p>\n\n\n\n<p>The House&#039;s service manager, Jos\u00e9 Gilvan, highlighted that the training process goes beyond technical qualification. <em>\u201cThis course helps to give new meaning to life. It is a way of re-educating yourself for living in society, of remembering that it is possible to dream. Each of you has overcome a battle so far, and this is a testament to hope. As long as there is life, we cannot give up.\u201d<\/em><\/p>\n\n\n\n<p>Representing the management of the Alliance of Mercy, Vanessa Tinelli, social director, highlighted the deeper meaning of the graduation in the context of the movement&#039;s mission. <em>\u201cYou are not just finishing a course, you are telling yourselves and the world that you want to live in a new way. Casa Restaura-me is this place of transition: here you arrive wounded by many marks from the street, and little by little you rediscover your capabilities. What we celebrate today is not just a diploma, but a choice for life. And we want to walk with you in the next steps as well.\u201d<\/em><\/p>\n\n\n\n<p>At the end of the ceremony, between photos, hugs and thanks, it was possible to notice in the atmosphere an atmosphere of concrete hope, the kind that is not born just from words, but from real processes of transformation.<\/p>\n\n\n\n<p><strong>About Restore Me House<\/strong><\/p>\n\n\n\n<p>Casa Restaura-me, located in the central region of S\u00e3o Paulo, is an initiative of the Alliance of Mercy aimed at welcoming homeless people. The space offers daily meals, showers, laundry, social services, a library, a computer room, a bazaar and vocational courses. More than a welfare service, the Casa is an environment for listening, care and a new beginning.<\/p>\n\n\n\n<p>Many users, throughout their stay, begin a process of reflection on their trajectories and are referred, when they wish, to therapeutic communities, family reunions or actions that favor their social reintegration. It is a space where dignity is restored and new possibilities for life are built.<\/p>\n\n\n\n<p><strong>Access Instagram <a href=\"https:\/\/www.instagram.com\/aliancademisericordia\/following\/\">@aliancademisericordia<\/a> It is <a href=\"https:\/\/www.instagram.com\/alianca.social\/?hl=pt\">@alianca.social<\/a> to follow more news about our social actions.<\/strong><\/p>","protected":false},"excerpt":{"rendered":"<p>Na \u00faltima sexta-feira, 20 de junho, a Casa Restaura-me, em S\u00e3o Paulo, celebrou a formatura da 2\u00aa turma do curso de Eletricista Instalador. Ao todo, 13 alunos conclu\u00edram a forma\u00e7\u00e3o, que teve in\u00edcio em abril deste ano e foi realizada ao longo de dois meses e meio. O encerramento aconteceu na sala de TV da [&hellip;]<\/p>\n","protected":false},"author":8,"featured_media":11815,"comment_status":"closed","ping_status":"closed","sticky":false,"template":"","format":"standard","meta":{"footnotes":""},"categories":[9],"tags":[],"destaques":[37],"class_list":["post-11814","post","type-post","status-publish","format-standard","has-post-thumbnail","hentry","category-educacao","destaques-destaque-02"],"yoast_head":"<!-- This site is optimized with the Yoast SEO plugin v27.4 - https:\/\/yoast.com\/product\/yoast-seo-wordpress\/ -->\n<title>Formatura da 2\u00aa turma do curso de eletricista marca nova etapa de vida para participantes da Casa Restaura-me - Alian\u00e7a de Miseric\u00f3rdia<\/title>\n<meta name=\"robots\" content=\"index, follow, max-snippet:-1, max-image-preview:large, max-video-preview:-1\" \/>\n<link rel=\"canonical\" href=\"https:\/\/aliancasocial.org\/en\/formatura-da-2a-turma-do-curso-de-eletricista-marca-nova-etapa-de-vida-para-participantes-da-casa-restaura-me\/\" \/>\n<meta property=\"og:locale\" content=\"en_US\" \/>\n<meta property=\"og:type\" content=\"article\" \/>\n<meta property=\"og:title\" content=\"Formatura da 2\u00aa turma do curso de eletricista marca nova etapa de vida para participantes da Casa Restaura-me - Alian\u00e7a de Miseric\u00f3rdia\" \/>\n<meta property=\"og:description\" content=\"Na \u00faltima sexta-feira, 20 de junho, a Casa Restaura-me, em S\u00e3o Paulo, celebrou a formatura da 2\u00aa turma do curso de Eletricista Instalador. Ao todo, 13 alunos conclu\u00edram a forma\u00e7\u00e3o, que teve in\u00edcio em abril deste ano e foi realizada ao longo de dois meses e meio. O encerramento aconteceu na sala de TV da [&hellip;]\" \/>\n<meta property=\"og:url\" content=\"https:\/\/aliancasocial.org\/en\/formatura-da-2a-turma-do-curso-de-eletricista-marca-nova-etapa-de-vida-para-participantes-da-casa-restaura-me\/\" \/>\n<meta property=\"og:site_name\" content=\"Alian\u00e7a de Miseric\u00f3rdia\" \/>\n<meta property=\"article:publisher\" content=\"https:\/\/www.facebook.com\/iesmisericordia\/\" \/>\n<meta property=\"article:published_time\" content=\"2025-06-24T19:06:13+00:00\" \/>\n<meta property=\"article:modified_time\" content=\"2025-06-24T19:06:17+00:00\" \/>\n<meta property=\"og:image\" content=\"https:\/\/aliancasocial.org\/wp-content\/uploads\/2025\/06\/WhatsApp-Image-2025-06-24-at-15.04.58.jpeg\" \/>\n\t<meta property=\"og:image:width\" content=\"1600\" \/>\n\t<meta property=\"og:image:height\" content=\"1200\" \/>\n\t<meta property=\"og:image:type\" content=\"image\/jpeg\" \/>\n<meta name=\"author\" content=\"Fernanda Monzambani\" \/>\n<meta name=\"twitter:card\" content=\"summary_large_image\" \/>\n<meta name=\"twitter:label1\" content=\"Written by\" \/>\n\t<meta name=\"twitter:data1\" content=\"Fernanda Monzambani\" \/>\n\t<meta name=\"twitter:label2\" content=\"Est. reading time\" \/>\n\t<meta name=\"twitter:data2\" content=\"4 minutes\" \/>\n<script type=\"application\/ld+json\" class=\"yoast-schema-graph\">{\"@context\":\"https:\\\/\\\/schema.org\",\"@graph\":[{\"@type\":\"Article\",\"@id\":\"https:\\\/\\\/aliancasocial.org\\\/formatura-da-2a-turma-do-curso-de-eletricista-marca-nova-etapa-de-vida-para-participantes-da-casa-restaura-me\\\/#article\",\"isPartOf\":{\"@id\":\"https:\\\/\\\/aliancasocial.org\\\/formatura-da-2a-turma-do-curso-de-eletricista-marca-nova-etapa-de-vida-para-participantes-da-casa-restaura-me\\\/\"},\"author\":{\"name\":\"Fernanda Monzambani\",\"@id\":\"https:\\\/\\\/aliancasocial.org\\\/#\\\/schema\\\/person\\\/73a690df527bfd7df78ba35714ff67d4\"},\"headline\":\"Formatura da 2\u00aa turma do curso de eletricista marca nova etapa de vida para participantes da Casa Restaura-me\",\"datePublished\":\"2025-06-24T19:06:13+00:00\",\"dateModified\":\"2025-06-24T19:06:17+00:00\",\"mainEntityOfPage\":{\"@id\":\"https:\\\/\\\/aliancasocial.org\\\/formatura-da-2a-turma-do-curso-de-eletricista-marca-nova-etapa-de-vida-para-participantes-da-casa-restaura-me\\\/\"},\"wordCount\":752,\"publisher\":{\"@id\":\"https:\\\/\\\/aliancasocial.org\\\/#organization\"},\"image\":{\"@id\":\"https:\\\/\\\/aliancasocial.org\\\/formatura-da-2a-turma-do-curso-de-eletricista-marca-nova-etapa-de-vida-para-participantes-da-casa-restaura-me\\\/#primaryimage\"},\"thumbnailUrl\":\"https:\\\/\\\/aliancasocial.org\\\/wp-content\\\/uploads\\\/2025\\\/06\\\/WhatsApp-Image-2025-06-24-at-15.04.58.jpeg\",\"articleSection\":[\"Educa\u00e7\u00e3o\"],\"inLanguage\":\"en-US\"},{\"@type\":\"WebPage\",\"@id\":\"https:\\\/\\\/aliancasocial.org\\\/formatura-da-2a-turma-do-curso-de-eletricista-marca-nova-etapa-de-vida-para-participantes-da-casa-restaura-me\\\/\",\"url\":\"https:\\\/\\\/aliancasocial.org\\\/formatura-da-2a-turma-do-curso-de-eletricista-marca-nova-etapa-de-vida-para-participantes-da-casa-restaura-me\\\/\",\"name\":\"Formatura da 2\u00aa turma do curso de eletricista marca nova etapa de vida para participantes da Casa Restaura-me - Alian\u00e7a de Miseric\u00f3rdia\",\"isPartOf\":{\"@id\":\"https:\\\/\\\/aliancasocial.org\\\/#website\"},\"primaryImageOfPage\":{\"@id\":\"https:\\\/\\\/aliancasocial.org\\\/formatura-da-2a-turma-do-curso-de-eletricista-marca-nova-etapa-de-vida-para-participantes-da-casa-restaura-me\\\/#primaryimage\"},\"image\":{\"@id\":\"https:\\\/\\\/aliancasocial.org\\\/formatura-da-2a-turma-do-curso-de-eletricista-marca-nova-etapa-de-vida-para-participantes-da-casa-restaura-me\\\/#primaryimage\"},\"thumbnailUrl\":\"https:\\\/\\\/aliancasocial.org\\\/wp-content\\\/uploads\\\/2025\\\/06\\\/WhatsApp-Image-2025-06-24-at-15.04.58.jpeg\",\"datePublished\":\"2025-06-24T19:06:13+00:00\",\"dateModified\":\"2025-06-24T19:06:17+00:00\",\"breadcrumb\":{\"@id\":\"https:\\\/\\\/aliancasocial.org\\\/formatura-da-2a-turma-do-curso-de-eletricista-marca-nova-etapa-de-vida-para-participantes-da-casa-restaura-me\\\/#breadcrumb\"},\"inLanguage\":\"en-US\",\"potentialAction\":[{\"@type\":\"ReadAction\",\"target\":[\"https:\\\/\\\/aliancasocial.org\\\/formatura-da-2a-turma-do-curso-de-eletricista-marca-nova-etapa-de-vida-para-participantes-da-casa-restaura-me\\\/\"]}]},{\"@type\":\"ImageObject\",\"inLanguage\":\"en-US\",\"@id\":\"https:\\\/\\\/aliancasocial.org\\\/formatura-da-2a-turma-do-curso-de-eletricista-marca-nova-etapa-de-vida-para-participantes-da-casa-restaura-me\\\/#primaryimage\",\"url\":\"https:\\\/\\\/aliancasocial.org\\\/wp-content\\\/uploads\\\/2025\\\/06\\\/WhatsApp-Image-2025-06-24-at-15.04.58.jpeg\",\"contentUrl\":\"https:\\\/\\\/aliancasocial.org\\\/wp-content\\\/uploads\\\/2025\\\/06\\\/WhatsApp-Image-2025-06-24-at-15.04.58.jpeg\",\"width\":1600,\"height\":1200},{\"@type\":\"BreadcrumbList\",\"@id\":\"https:\\\/\\\/aliancasocial.org\\\/formatura-da-2a-turma-do-curso-de-eletricista-marca-nova-etapa-de-vida-para-participantes-da-casa-restaura-me\\\/#breadcrumb\",\"itemListElement\":[{\"@type\":\"ListItem\",\"position\":1,\"name\":\"In\u00edcio\",\"item\":\"https:\\\/\\\/aliancasocial.org\\\/en\\\/\"},{\"@type\":\"ListItem\",\"position\":2,\"name\":\"Formatura da 2\u00aa turma do curso de eletricista marca nova etapa de vida para participantes da Casa Restaura-me\"}]},{\"@type\":\"WebSite\",\"@id\":\"https:\\\/\\\/aliancasocial.org\\\/#website\",\"url\":\"https:\\\/\\\/aliancasocial.org\\\/\",\"name\":\"Alian\u00e7a de Miseric\u00f3rdia\",\"description\":\"Levando dignidade humana a todos os cantos do mundo\",\"publisher\":{\"@id\":\"https:\\\/\\\/aliancasocial.org\\\/#organization\"},\"potentialAction\":[{\"@type\":\"SearchAction\",\"target\":{\"@type\":\"EntryPoint\",\"urlTemplate\":\"https:\\\/\\\/aliancasocial.org\\\/?s={search_term_string}\"},\"query-input\":{\"@type\":\"PropertyValueSpecification\",\"valueRequired\":true,\"valueName\":\"search_term_string\"}}],\"inLanguage\":\"en-US\"},{\"@type\":\"Organization\",\"@id\":\"https:\\\/\\\/aliancasocial.org\\\/#organization\",\"name\":\"Alian\u00e7a de Miseric\u00f3rdia\",\"url\":\"https:\\\/\\\/aliancasocial.org\\\/\",\"logo\":{\"@type\":\"ImageObject\",\"inLanguage\":\"en-US\",\"@id\":\"https:\\\/\\\/aliancasocial.org\\\/#\\\/schema\\\/logo\\\/image\\\/\",\"url\":\"https:\\\/\\\/aliancasocial.org\\\/wp-content\\\/uploads\\\/2022\\\/07\\\/logo-alianca-marrom.svg\",\"contentUrl\":\"https:\\\/\\\/aliancasocial.org\\\/wp-content\\\/uploads\\\/2022\\\/07\\\/logo-alianca-marrom.svg\",\"width\":91,\"height\":33,\"caption\":\"Alian\u00e7a de Miseric\u00f3rdia\"},\"image\":{\"@id\":\"https:\\\/\\\/aliancasocial.org\\\/#\\\/schema\\\/logo\\\/image\\\/\"},\"sameAs\":[\"https:\\\/\\\/www.facebook.com\\\/iesmisericordia\\\/\",\"https:\\\/\\\/www.instagram.com\\\/aliancademisericordia\\\/\"]},{\"@type\":\"Person\",\"@id\":\"https:\\\/\\\/aliancasocial.org\\\/#\\\/schema\\\/person\\\/73a690df527bfd7df78ba35714ff67d4\",\"name\":\"Fernanda Monzambani\",\"image\":{\"@type\":\"ImageObject\",\"inLanguage\":\"en-US\",\"@id\":\"https:\\\/\\\/secure.gravatar.com\\\/avatar\\\/aa6d89063e21cd9638051b6cd0602c108d4b79b0898534c712d68409f7e5b64c?s=96&d=mm&r=g\",\"url\":\"https:\\\/\\\/secure.gravatar.com\\\/avatar\\\/aa6d89063e21cd9638051b6cd0602c108d4b79b0898534c712d68409f7e5b64c?s=96&d=mm&r=g\",\"contentUrl\":\"https:\\\/\\\/secure.gravatar.com\\\/avatar\\\/aa6d89063e21cd9638051b6cd0602c108d4b79b0898534c712d68409f7e5b64c?s=96&d=mm&r=g\",\"caption\":\"Fernanda Monzambani\"},\"url\":\"https:\\\/\\\/aliancasocial.org\\\/en\\\/author\\\/fernanda\\\/\"}]}<\/script>\n<!-- \/ Yoast SEO plugin. -->","yoast_head_json":{"title":"Formatura da 2\u00aa turma do curso de eletricista marca nova etapa de vida para participantes da Casa Restaura-me - Alian\u00e7a de Miseric\u00f3rdia","robots":{"index":"index","follow":"follow","max-snippet":"max-snippet:-1","max-image-preview":"max-image-preview:large","max-video-preview":"max-video-preview:-1"},"canonical":"https:\/\/aliancasocial.org\/en\/formatura-da-2a-turma-do-curso-de-eletricista-marca-nova-etapa-de-vida-para-participantes-da-casa-restaura-me\/","og_locale":"en_US","og_type":"article","og_title":"Formatura da 2\u00aa turma do curso de eletricista marca nova etapa de vida para participantes da Casa Restaura-me - Alian\u00e7a de Miseric\u00f3rdia","og_description":"Na \u00faltima sexta-feira, 20 de junho, a Casa Restaura-me, em S\u00e3o Paulo, celebrou a formatura da 2\u00aa turma do curso de Eletricista Instalador. Ao todo, 13 alunos conclu\u00edram a forma\u00e7\u00e3o, que teve in\u00edcio em abril deste ano e foi realizada ao longo de dois meses e meio. O encerramento aconteceu na sala de TV da [&hellip;]","og_url":"https:\/\/aliancasocial.org\/en\/formatura-da-2a-turma-do-curso-de-eletricista-marca-nova-etapa-de-vida-para-participantes-da-casa-restaura-me\/","og_site_name":"Alian\u00e7a de Miseric\u00f3rdia","article_publisher":"https:\/\/www.facebook.com\/iesmisericordia\/","article_published_time":"2025-06-24T19:06:13+00:00","article_modified_time":"2025-06-24T19:06:17+00:00","og_image":[{"width":1600,"height":1200,"url":"https:\/\/aliancasocial.org\/wp-content\/uploads\/2025\/06\/WhatsApp-Image-2025-06-24-at-15.04.58.jpeg","type":"image\/jpeg"}],"author":"Fernanda Monzambani","twitter_card":"summary_large_image","twitter_misc":{"Written by":"Fernanda Monzambani","Est. reading time":"4 minutes"},"schema":{"@context":"https:\/\/schema.org","@graph":[{"@type":"Article","@id":"https:\/\/aliancasocial.org\/formatura-da-2a-turma-do-curso-de-eletricista-marca-nova-etapa-de-vida-para-participantes-da-casa-restaura-me\/#article","isPartOf":{"@id":"https:\/\/aliancasocial.org\/formatura-da-2a-turma-do-curso-de-eletricista-marca-nova-etapa-de-vida-para-participantes-da-casa-restaura-me\/"},"author":{"name":"Fernanda Monzambani","@id":"https:\/\/aliancasocial.org\/#\/schema\/person\/73a690df527bfd7df78ba35714ff67d4"},"headline":"Formatura da 2\u00aa turma do curso de eletricista marca nova etapa de vida para participantes da Casa Restaura-me","datePublished":"2025-06-24T19:06:13+00:00","dateModified":"2025-06-24T19:06:17+00:00","mainEntityOfPage":{"@id":"https:\/\/aliancasocial.org\/formatura-da-2a-turma-do-curso-de-eletricista-marca-nova-etapa-de-vida-para-participantes-da-casa-restaura-me\/"},"wordCount":752,"publisher":{"@id":"https:\/\/aliancasocial.org\/#organization"},"image":{"@id":"https:\/\/aliancasocial.org\/formatura-da-2a-turma-do-curso-de-eletricista-marca-nova-etapa-de-vida-para-participantes-da-casa-restaura-me\/#primaryimage"},"thumbnailUrl":"https:\/\/aliancasocial.org\/wp-content\/uploads\/2025\/06\/WhatsApp-Image-2025-06-24-at-15.04.58.jpeg","articleSection":["Educa\u00e7\u00e3o"],"inLanguage":"en-US"},{"@type":"WebPage","@id":"https:\/\/aliancasocial.org\/formatura-da-2a-turma-do-curso-de-eletricista-marca-nova-etapa-de-vida-para-participantes-da-casa-restaura-me\/","url":"https:\/\/aliancasocial.org\/formatura-da-2a-turma-do-curso-de-eletricista-marca-nova-etapa-de-vida-para-participantes-da-casa-restaura-me\/","name":"Formatura da 2\u00aa turma do curso de eletricista marca nova etapa de vida para participantes da Casa Restaura-me - Alian\u00e7a de Miseric\u00f3rdia","isPartOf":{"@id":"https:\/\/aliancasocial.org\/#website"},"primaryImageOfPage":{"@id":"https:\/\/aliancasocial.org\/formatura-da-2a-turma-do-curso-de-eletricista-marca-nova-etapa-de-vida-para-participantes-da-casa-restaura-me\/#primaryimage"},"image":{"@id":"https:\/\/aliancasocial.org\/formatura-da-2a-turma-do-curso-de-eletricista-marca-nova-etapa-de-vida-para-participantes-da-casa-restaura-me\/#primaryimage"},"thumbnailUrl":"https:\/\/aliancasocial.org\/wp-content\/uploads\/2025\/06\/WhatsApp-Image-2025-06-24-at-15.04.58.jpeg","datePublished":"2025-06-24T19:06:13+00:00","dateModified":"2025-06-24T19:06:17+00:00","breadcrumb":{"@id":"https:\/\/aliancasocial.org\/formatura-da-2a-turma-do-curso-de-eletricista-marca-nova-etapa-de-vida-para-participantes-da-casa-restaura-me\/#breadcrumb"},"inLanguage":"en-US","potentialAction":[{"@type":"ReadAction","target":["https:\/\/aliancasocial.org\/formatura-da-2a-turma-do-curso-de-eletricista-marca-nova-etapa-de-vida-para-participantes-da-casa-restaura-me\/"]}]},{"@type":"ImageObject","inLanguage":"en-US","@id":"https:\/\/aliancasocial.org\/formatura-da-2a-turma-do-curso-de-eletricista-marca-nova-etapa-de-vida-para-participantes-da-casa-restaura-me\/#primaryimage","url":"https:\/\/aliancasocial.org\/wp-content\/uploads\/2025\/06\/WhatsApp-Image-2025-06-24-at-15.04.58.jpeg","contentUrl":"https:\/\/aliancasocial.org\/wp-content\/uploads\/2025\/06\/WhatsApp-Image-2025-06-24-at-15.04.58.jpeg","width":1600,"height":1200},{"@type":"BreadcrumbList","@id":"https:\/\/aliancasocial.org\/formatura-da-2a-turma-do-curso-de-eletricista-marca-nova-etapa-de-vida-para-participantes-da-casa-restaura-me\/#breadcrumb","itemListElement":[{"@type":"ListItem","position":1,"name":"In\u00edcio","item":"https:\/\/aliancasocial.org\/en\/"},{"@type":"ListItem","position":2,"name":"Formatura da 2\u00aa turma do curso de eletricista marca nova etapa de vida para participantes da Casa Restaura-me"}]},{"@type":"WebSite","@id":"https:\/\/aliancasocial.org\/#website","url":"https:\/\/aliancasocial.org\/","name":"Covenant of Mercy","description":"Bringing human dignity to every corner of the world","publisher":{"@id":"https:\/\/aliancasocial.org\/#organization"},"potentialAction":[{"@type":"SearchAction","target":{"@type":"EntryPoint","urlTemplate":"https:\/\/aliancasocial.org\/?s={search_term_string}"},"query-input":{"@type":"PropertyValueSpecification","valueRequired":true,"valueName":"search_term_string"}}],"inLanguage":"en-US"},{"@type":"Organization","@id":"https:\/\/aliancasocial.org\/#organization","name":"Covenant of Mercy","url":"https:\/\/aliancasocial.org\/","logo":{"@type":"ImageObject","inLanguage":"en-US","@id":"https:\/\/aliancasocial.org\/#\/schema\/logo\/image\/","url":"https:\/\/aliancasocial.org\/wp-content\/uploads\/2022\/07\/logo-alianca-marrom.svg","contentUrl":"https:\/\/aliancasocial.org\/wp-content\/uploads\/2022\/07\/logo-alianca-marrom.svg","width":91,"height":33,"caption":"Alian\u00e7a de Miseric\u00f3rdia"},"image":{"@id":"https:\/\/aliancasocial.org\/#\/schema\/logo\/image\/"},"sameAs":["https:\/\/www.facebook.com\/iesmisericordia\/","https:\/\/www.instagram.com\/aliancademisericordia\/"]},{"@type":"Person","@id":"https:\/\/aliancasocial.org\/#\/schema\/person\/73a690df527bfd7df78ba35714ff67d4","name":"Fernanda Monzambani","image":{"@type":"ImageObject","inLanguage":"en-US","@id":"https:\/\/secure.gravatar.com\/avatar\/aa6d89063e21cd9638051b6cd0602c108d4b79b0898534c712d68409f7e5b64c?s=96&d=mm&r=g","url":"https:\/\/secure.gravatar.com\/avatar\/aa6d89063e21cd9638051b6cd0602c108d4b79b0898534c712d68409f7e5b64c?s=96&d=mm&r=g","contentUrl":"https:\/\/secure.gravatar.com\/avatar\/aa6d89063e21cd9638051b6cd0602c108d4b79b0898534c712d68409f7e5b64c?s=96&d=mm&r=g","caption":"Fernanda Monzambani"},"url":"https:\/\/aliancasocial.org\/en\/author\/fernanda\/"}]}},"_links":{"self":[{"href":"https:\/\/aliancasocial.org\/en\/wp-json\/wp\/v2\/posts\/11814","targetHints":{"allow":["GET"]}}],"collection":[{"href":"https:\/\/aliancasocial.org\/en\/wp-json\/wp\/v2\/posts"}],"about":[{"href":"https:\/\/aliancasocial.org\/en\/wp-json\/wp\/v2\/types\/post"}],"author":[{"embeddable":true,"href":"https:\/\/aliancasocial.org\/en\/wp-json\/wp\/v2\/users\/8"}],"replies":[{"embeddable":true,"href":"https:\/\/aliancasocial.org\/en\/wp-json\/wp\/v2\/comments?post=11814"}],"version-history":[{"count":1,"href":"https:\/\/aliancasocial.org\/en\/wp-json\/wp\/v2\/posts\/11814\/revisions"}],"predecessor-version":[{"id":11816,"href":"https:\/\/aliancasocial.org\/en\/wp-json\/wp\/v2\/posts\/11814\/revisions\/11816"}],"wp:featuredmedia":[{"embeddable":true,"href":"https:\/\/aliancasocial.org\/en\/wp-json\/wp\/v2\/media\/11815"}],"wp:attachment":[{"href":"https:\/\/aliancasocial.org\/en\/wp-json\/wp\/v2\/media?parent=11814"}],"wp:term":[{"taxonomy":"category","embeddable":true,"href":"https:\/\/aliancasocial.org\/en\/wp-json\/wp\/v2\/categories?post=11814"},{"taxonomy":"post_tag","embeddable":true,"href":"https:\/\/aliancasocial.org\/en\/wp-json\/wp\/v2\/tags?post=11814"},{"taxonomy":"destaques","embeddable":true,"href":"https:\/\/aliancasocial.org\/en\/wp-json\/wp\/v2\/destaques?post=11814"}],"curies":[{"name":"wp","href":"https:\/\/api.w.org\/{rel}","templated":true}]}}