{"id":11817,"date":"2025-06-27T09:30:56","date_gmt":"2025-06-27T12:30:56","guid":{"rendered":"https:\/\/aliancasocial.org\/?p=11817"},"modified":"2025-06-27T09:31:01","modified_gmt":"2025-06-27T12:31:01","slug":"visita-institucional-destaca-acoes-habitacionais-e-sociais-na-comunidade-do-moinho","status":"publish","type":"post","link":"https:\/\/aliancasocial.org\/en\/visita-institucional-destaca-acoes-habitacionais-e-sociais-na-comunidade-do-moinho\/","title":{"rendered":"Institutional visit highlights housing and social actions in the Moinho Community\u00a0"},"content":{"rendered":"<p>On July 26, 2025, the<strong> Mill Community<\/strong> received a visit from acting President Luiz In\u00e1cio Lula da Silva, accompanied by First Lady Janja, representatives from the ministries of the General Secretariat of the Presidency of the Republic, Finance; Cities; Entrepreneurship, Micro and Small Businesses; Management and Innovation in Public Services and Carlos Vieira, president of Caixa Econ\u00f4mica Federal, in addition to other federal, state and municipal authorities. The delegation was present to participate in the ceremony announcing a housing solution proposal aimed at families in the Moinho Favela.&nbsp;<\/p>\n\n\n\n<p>According to information from the Federal Government, the plan foresees the relocation of 900 families. Each family unit will be able to choose a property worth up to R$250,000, according to the criteria of the Minha Casa, Minha Vida program. While the moving process is completed, the families will also receive rental assistance until the housing contract is formalized.&nbsp;<\/p>\n\n\n\n<p>On the occasion, the president and other authorities visited the social and educational project of the Alliance of Mercy, <strong>Center for Children and Adolescents (CCA) Orat\u00f3rio S\u00e3o Domingos S\u00e1vio where they were welcomed with a performance by the choir of children and adolescents served, singing the song \u201cTrem Bala\u201d and received from student Emerson Cau\u00e3, a symbolic gift with a picture painted by the students and the historic edition of the Magazine of the 25 years of the movement.&nbsp;<\/strong>&nbsp;<\/p>\n\n\n\n<p><strong>Father Evandro Torlai, president of the Alliance of Mercy, gave a blessing to all those present.<\/strong>&nbsp;<\/p>\n\n\n\n<p>Representatives of the Alliance of Mercy participated in the meeting, including Bia Hauptmann (Director of Institutional Relations), Renato Limongi (Administrative Superintendent), \u00c9lida de Freitas Fernandes (Manager of the Orat\u00f3rio S\u00e3o Domingos Project), as well as employees, collaborators and beneficiaries of the project.&nbsp;<\/p>","protected":false},"excerpt":{"rendered":"<p>No dia 26 de julho de 2025, a Comunidade do Moinho recebeu a visita do presidente em exerc\u00edcio Luiz In\u00e1cio Lula da Silva, acompanhado da primeira-dama Janja, de representantes dos minist\u00e9rios da Secretaria-Geral da Presid\u00eancia da Rep\u00fablica, Fazenda; das Cidades; Empreendedorismo, da Microempresa e da Empresa de Pequeno Porte; Gest\u00e3o e da Inova\u00e7\u00e3o em Servi\u00e7os [&hellip;]<\/p>\n","protected":false},"author":8,"featured_media":11818,"comment_status":"closed","ping_status":"closed","sticky":false,"template":"","format":"standard","meta":{"footnotes":""},"categories":[1],"tags":[],"destaques":[36],"class_list":["post-11817","post","type-post","status-publish","format-standard","has-post-thumbnail","hentry","category-sem-categoria","destaques-destaque-01"],"yoast_head":"<!-- This site is optimized with the Yoast SEO plugin v27.4 - https:\/\/yoast.com\/product\/yoast-seo-wordpress\/ -->\n<title>Visita institucional destaca a\u00e7\u00f5es habitacionais e sociais na Comunidade do Moinho\u00a0 - Alian\u00e7a de Miseric\u00f3rdia<\/title>\n<meta name=\"robots\" content=\"index, follow, max-snippet:-1, max-image-preview:large, max-video-preview:-1\" \/>\n<link rel=\"canonical\" href=\"https:\/\/aliancasocial.org\/en\/visita-institucional-destaca-acoes-habitacionais-e-sociais-na-comunidade-do-moinho\/\" \/>\n<meta property=\"og:locale\" content=\"en_US\" \/>\n<meta property=\"og:type\" content=\"article\" \/>\n<meta property=\"og:title\" content=\"Visita institucional destaca a\u00e7\u00f5es habitacionais e sociais na Comunidade do Moinho\u00a0 - Alian\u00e7a de Miseric\u00f3rdia\" \/>\n<meta property=\"og:description\" content=\"No dia 26 de julho de 2025, a Comunidade do Moinho recebeu a visita do presidente em exerc\u00edcio Luiz In\u00e1cio Lula da Silva, acompanhado da primeira-dama Janja, de representantes dos minist\u00e9rios da Secretaria-Geral da Presid\u00eancia da Rep\u00fablica, Fazenda; das Cidades; Empreendedorismo, da Microempresa e da Empresa de Pequeno Porte; Gest\u00e3o e da Inova\u00e7\u00e3o em Servi\u00e7os [&hellip;]\" \/>\n<meta property=\"og:url\" content=\"https:\/\/aliancasocial.org\/en\/visita-institucional-destaca-acoes-habitacionais-e-sociais-na-comunidade-do-moinho\/\" \/>\n<meta property=\"og:site_name\" content=\"Alian\u00e7a de Miseric\u00f3rdia\" \/>\n<meta property=\"article:publisher\" content=\"https:\/\/www.facebook.com\/iesmisericordia\/\" \/>\n<meta property=\"article:published_time\" content=\"2025-06-27T12:30:56+00:00\" \/>\n<meta property=\"article:modified_time\" content=\"2025-06-27T12:31:01+00:00\" \/>\n<meta property=\"og:image\" content=\"https:\/\/aliancasocial.org\/wp-content\/uploads\/2025\/06\/WhatsApp-Image-2025-06-26-at-20.00.51.jpeg\" \/>\n\t<meta property=\"og:image:width\" content=\"1600\" \/>\n\t<meta property=\"og:image:height\" content=\"900\" \/>\n\t<meta property=\"og:image:type\" content=\"image\/jpeg\" \/>\n<meta name=\"author\" content=\"Fernanda Monzambani\" \/>\n<meta name=\"twitter:card\" content=\"summary_large_image\" \/>\n<meta name=\"twitter:label1\" content=\"Written by\" \/>\n\t<meta name=\"twitter:data1\" content=\"Fernanda Monzambani\" \/>\n\t<meta name=\"twitter:label2\" content=\"Est. reading time\" \/>\n\t<meta name=\"twitter:data2\" content=\"2 minutes\" \/>\n<script type=\"application\/ld+json\" class=\"yoast-schema-graph\">{\"@context\":\"https:\\\/\\\/schema.org\",\"@graph\":[{\"@type\":\"Article\",\"@id\":\"https:\\\/\\\/aliancasocial.org\\\/visita-institucional-destaca-acoes-habitacionais-e-sociais-na-comunidade-do-moinho\\\/#article\",\"isPartOf\":{\"@id\":\"https:\\\/\\\/aliancasocial.org\\\/visita-institucional-destaca-acoes-habitacionais-e-sociais-na-comunidade-do-moinho\\\/\"},\"author\":{\"name\":\"Fernanda Monzambani\",\"@id\":\"https:\\\/\\\/aliancasocial.org\\\/#\\\/schema\\\/person\\\/78098b551faec531645dbd5d82778414\"},\"headline\":\"Visita institucional destaca a\u00e7\u00f5es habitacionais e sociais na Comunidade do Moinho\u00a0\",\"datePublished\":\"2025-06-27T12:30:56+00:00\",\"dateModified\":\"2025-06-27T12:31:01+00:00\",\"mainEntityOfPage\":{\"@id\":\"https:\\\/\\\/aliancasocial.org\\\/visita-institucional-destaca-acoes-habitacionais-e-sociais-na-comunidade-do-moinho\\\/\"},\"wordCount\":339,\"publisher\":{\"@id\":\"https:\\\/\\\/aliancasocial.org\\\/#organization\"},\"image\":{\"@id\":\"https:\\\/\\\/aliancasocial.org\\\/visita-institucional-destaca-acoes-habitacionais-e-sociais-na-comunidade-do-moinho\\\/#primaryimage\"},\"thumbnailUrl\":\"https:\\\/\\\/aliancasocial.org\\\/wp-content\\\/uploads\\\/2025\\\/06\\\/WhatsApp-Image-2025-06-26-at-20.00.51.jpeg\",\"articleSection\":[\"Sem Categoria\"],\"inLanguage\":\"en-US\"},{\"@type\":\"WebPage\",\"@id\":\"https:\\\/\\\/aliancasocial.org\\\/visita-institucional-destaca-acoes-habitacionais-e-sociais-na-comunidade-do-moinho\\\/\",\"url\":\"https:\\\/\\\/aliancasocial.org\\\/visita-institucional-destaca-acoes-habitacionais-e-sociais-na-comunidade-do-moinho\\\/\",\"name\":\"Visita institucional destaca a\u00e7\u00f5es habitacionais e sociais na Comunidade do Moinho\u00a0 - Alian\u00e7a de Miseric\u00f3rdia\",\"isPartOf\":{\"@id\":\"https:\\\/\\\/aliancasocial.org\\\/#website\"},\"primaryImageOfPage\":{\"@id\":\"https:\\\/\\\/aliancasocial.org\\\/visita-institucional-destaca-acoes-habitacionais-e-sociais-na-comunidade-do-moinho\\\/#primaryimage\"},\"image\":{\"@id\":\"https:\\\/\\\/aliancasocial.org\\\/visita-institucional-destaca-acoes-habitacionais-e-sociais-na-comunidade-do-moinho\\\/#primaryimage\"},\"thumbnailUrl\":\"https:\\\/\\\/aliancasocial.org\\\/wp-content\\\/uploads\\\/2025\\\/06\\\/WhatsApp-Image-2025-06-26-at-20.00.51.jpeg\",\"datePublished\":\"2025-06-27T12:30:56+00:00\",\"dateModified\":\"2025-06-27T12:31:01+00:00\",\"breadcrumb\":{\"@id\":\"https:\\\/\\\/aliancasocial.org\\\/visita-institucional-destaca-acoes-habitacionais-e-sociais-na-comunidade-do-moinho\\\/#breadcrumb\"},\"inLanguage\":\"en-US\",\"potentialAction\":[{\"@type\":\"ReadAction\",\"target\":[\"https:\\\/\\\/aliancasocial.org\\\/visita-institucional-destaca-acoes-habitacionais-e-sociais-na-comunidade-do-moinho\\\/\"]}]},{\"@type\":\"ImageObject\",\"inLanguage\":\"en-US\",\"@id\":\"https:\\\/\\\/aliancasocial.org\\\/visita-institucional-destaca-acoes-habitacionais-e-sociais-na-comunidade-do-moinho\\\/#primaryimage\",\"url\":\"https:\\\/\\\/aliancasocial.org\\\/wp-content\\\/uploads\\\/2025\\\/06\\\/WhatsApp-Image-2025-06-26-at-20.00.51.jpeg\",\"contentUrl\":\"https:\\\/\\\/aliancasocial.org\\\/wp-content\\\/uploads\\\/2025\\\/06\\\/WhatsApp-Image-2025-06-26-at-20.00.51.jpeg\",\"width\":1600,\"height\":900},{\"@type\":\"BreadcrumbList\",\"@id\":\"https:\\\/\\\/aliancasocial.org\\\/visita-institucional-destaca-acoes-habitacionais-e-sociais-na-comunidade-do-moinho\\\/#breadcrumb\",\"itemListElement\":[{\"@type\":\"ListItem\",\"position\":1,\"name\":\"In\u00edcio\",\"item\":\"https:\\\/\\\/aliancasocial.org\\\/en\\\/\"},{\"@type\":\"ListItem\",\"position\":2,\"name\":\"Visita institucional destaca a\u00e7\u00f5es habitacionais e sociais na Comunidade do Moinho\u00a0\"}]},{\"@type\":\"WebSite\",\"@id\":\"https:\\\/\\\/aliancasocial.org\\\/#website\",\"url\":\"https:\\\/\\\/aliancasocial.org\\\/\",\"name\":\"Alian\u00e7a de Miseric\u00f3rdia\",\"description\":\"Levando dignidade humana a todos os cantos do mundo\",\"publisher\":{\"@id\":\"https:\\\/\\\/aliancasocial.org\\\/#organization\"},\"potentialAction\":[{\"@type\":\"SearchAction\",\"target\":{\"@type\":\"EntryPoint\",\"urlTemplate\":\"https:\\\/\\\/aliancasocial.org\\\/?s={search_term_string}\"},\"query-input\":{\"@type\":\"PropertyValueSpecification\",\"valueRequired\":true,\"valueName\":\"search_term_string\"}}],\"inLanguage\":\"en-US\"},{\"@type\":\"Organization\",\"@id\":\"https:\\\/\\\/aliancasocial.org\\\/#organization\",\"name\":\"Alian\u00e7a de Miseric\u00f3rdia\",\"url\":\"https:\\\/\\\/aliancasocial.org\\\/\",\"logo\":{\"@type\":\"ImageObject\",\"inLanguage\":\"en-US\",\"@id\":\"https:\\\/\\\/aliancasocial.org\\\/#\\\/schema\\\/logo\\\/image\\\/\",\"url\":\"https:\\\/\\\/aliancasocial.org\\\/wp-content\\\/uploads\\\/2022\\\/07\\\/logo-alianca-marrom.svg\",\"contentUrl\":\"https:\\\/\\\/aliancasocial.org\\\/wp-content\\\/uploads\\\/2022\\\/07\\\/logo-alianca-marrom.svg\",\"width\":91,\"height\":33,\"caption\":\"Alian\u00e7a de Miseric\u00f3rdia\"},\"image\":{\"@id\":\"https:\\\/\\\/aliancasocial.org\\\/#\\\/schema\\\/logo\\\/image\\\/\"},\"sameAs\":[\"https:\\\/\\\/www.facebook.com\\\/iesmisericordia\\\/\",\"https:\\\/\\\/www.instagram.com\\\/aliancademisericordia\\\/\"]},{\"@type\":\"Person\",\"@id\":\"https:\\\/\\\/aliancasocial.org\\\/#\\\/schema\\\/person\\\/78098b551faec531645dbd5d82778414\",\"name\":\"Fernanda Monzambani\",\"image\":{\"@type\":\"ImageObject\",\"inLanguage\":\"en-US\",\"@id\":\"https:\\\/\\\/secure.gravatar.com\\\/avatar\\\/aa6d89063e21cd9638051b6cd0602c108d4b79b0898534c712d68409f7e5b64c?s=96&d=mm&r=g\",\"url\":\"https:\\\/\\\/secure.gravatar.com\\\/avatar\\\/aa6d89063e21cd9638051b6cd0602c108d4b79b0898534c712d68409f7e5b64c?s=96&d=mm&r=g\",\"contentUrl\":\"https:\\\/\\\/secure.gravatar.com\\\/avatar\\\/aa6d89063e21cd9638051b6cd0602c108d4b79b0898534c712d68409f7e5b64c?s=96&d=mm&r=g\",\"caption\":\"Fernanda Monzambani\"},\"url\":\"https:\\\/\\\/aliancasocial.org\\\/en\\\/author\\\/fernanda\\\/\"}]}<\/script>\n<!-- \/ Yoast SEO plugin. -->","yoast_head_json":{"title":"Visita institucional destaca a\u00e7\u00f5es habitacionais e sociais na Comunidade do Moinho\u00a0 - Alian\u00e7a de Miseric\u00f3rdia","robots":{"index":"index","follow":"follow","max-snippet":"max-snippet:-1","max-image-preview":"max-image-preview:large","max-video-preview":"max-video-preview:-1"},"canonical":"https:\/\/aliancasocial.org\/en\/visita-institucional-destaca-acoes-habitacionais-e-sociais-na-comunidade-do-moinho\/","og_locale":"en_US","og_type":"article","og_title":"Visita institucional destaca a\u00e7\u00f5es habitacionais e sociais na Comunidade do Moinho\u00a0 - Alian\u00e7a de Miseric\u00f3rdia","og_description":"No dia 26 de julho de 2025, a Comunidade do Moinho recebeu a visita do presidente em exerc\u00edcio Luiz In\u00e1cio Lula da Silva, acompanhado da primeira-dama Janja, de representantes dos minist\u00e9rios da Secretaria-Geral da Presid\u00eancia da Rep\u00fablica, Fazenda; das Cidades; Empreendedorismo, da Microempresa e da Empresa de Pequeno Porte; Gest\u00e3o e da Inova\u00e7\u00e3o em Servi\u00e7os [&hellip;]","og_url":"https:\/\/aliancasocial.org\/en\/visita-institucional-destaca-acoes-habitacionais-e-sociais-na-comunidade-do-moinho\/","og_site_name":"Alian\u00e7a de Miseric\u00f3rdia","article_publisher":"https:\/\/www.facebook.com\/iesmisericordia\/","article_published_time":"2025-06-27T12:30:56+00:00","article_modified_time":"2025-06-27T12:31:01+00:00","og_image":[{"width":1600,"height":900,"url":"https:\/\/aliancasocial.org\/wp-content\/uploads\/2025\/06\/WhatsApp-Image-2025-06-26-at-20.00.51.jpeg","type":"image\/jpeg"}],"author":"Fernanda Monzambani","twitter_card":"summary_large_image","twitter_misc":{"Written by":"Fernanda Monzambani","Est. reading time":"2 minutes"},"schema":{"@context":"https:\/\/schema.org","@graph":[{"@type":"Article","@id":"https:\/\/aliancasocial.org\/visita-institucional-destaca-acoes-habitacionais-e-sociais-na-comunidade-do-moinho\/#article","isPartOf":{"@id":"https:\/\/aliancasocial.org\/visita-institucional-destaca-acoes-habitacionais-e-sociais-na-comunidade-do-moinho\/"},"author":{"name":"Fernanda Monzambani","@id":"https:\/\/aliancasocial.org\/#\/schema\/person\/78098b551faec531645dbd5d82778414"},"headline":"Visita institucional destaca a\u00e7\u00f5es habitacionais e sociais na Comunidade do Moinho\u00a0","datePublished":"2025-06-27T12:30:56+00:00","dateModified":"2025-06-27T12:31:01+00:00","mainEntityOfPage":{"@id":"https:\/\/aliancasocial.org\/visita-institucional-destaca-acoes-habitacionais-e-sociais-na-comunidade-do-moinho\/"},"wordCount":339,"publisher":{"@id":"https:\/\/aliancasocial.org\/#organization"},"image":{"@id":"https:\/\/aliancasocial.org\/visita-institucional-destaca-acoes-habitacionais-e-sociais-na-comunidade-do-moinho\/#primaryimage"},"thumbnailUrl":"https:\/\/aliancasocial.org\/wp-content\/uploads\/2025\/06\/WhatsApp-Image-2025-06-26-at-20.00.51.jpeg","articleSection":["Sem Categoria"],"inLanguage":"en-US"},{"@type":"WebPage","@id":"https:\/\/aliancasocial.org\/visita-institucional-destaca-acoes-habitacionais-e-sociais-na-comunidade-do-moinho\/","url":"https:\/\/aliancasocial.org\/visita-institucional-destaca-acoes-habitacionais-e-sociais-na-comunidade-do-moinho\/","name":"Visita institucional destaca a\u00e7\u00f5es habitacionais e sociais na Comunidade do Moinho\u00a0 - Alian\u00e7a de Miseric\u00f3rdia","isPartOf":{"@id":"https:\/\/aliancasocial.org\/#website"},"primaryImageOfPage":{"@id":"https:\/\/aliancasocial.org\/visita-institucional-destaca-acoes-habitacionais-e-sociais-na-comunidade-do-moinho\/#primaryimage"},"image":{"@id":"https:\/\/aliancasocial.org\/visita-institucional-destaca-acoes-habitacionais-e-sociais-na-comunidade-do-moinho\/#primaryimage"},"thumbnailUrl":"https:\/\/aliancasocial.org\/wp-content\/uploads\/2025\/06\/WhatsApp-Image-2025-06-26-at-20.00.51.jpeg","datePublished":"2025-06-27T12:30:56+00:00","dateModified":"2025-06-27T12:31:01+00:00","breadcrumb":{"@id":"https:\/\/aliancasocial.org\/visita-institucional-destaca-acoes-habitacionais-e-sociais-na-comunidade-do-moinho\/#breadcrumb"},"inLanguage":"en-US","potentialAction":[{"@type":"ReadAction","target":["https:\/\/aliancasocial.org\/visita-institucional-destaca-acoes-habitacionais-e-sociais-na-comunidade-do-moinho\/"]}]},{"@type":"ImageObject","inLanguage":"en-US","@id":"https:\/\/aliancasocial.org\/visita-institucional-destaca-acoes-habitacionais-e-sociais-na-comunidade-do-moinho\/#primaryimage","url":"https:\/\/aliancasocial.org\/wp-content\/uploads\/2025\/06\/WhatsApp-Image-2025-06-26-at-20.00.51.jpeg","contentUrl":"https:\/\/aliancasocial.org\/wp-content\/uploads\/2025\/06\/WhatsApp-Image-2025-06-26-at-20.00.51.jpeg","width":1600,"height":900},{"@type":"BreadcrumbList","@id":"https:\/\/aliancasocial.org\/visita-institucional-destaca-acoes-habitacionais-e-sociais-na-comunidade-do-moinho\/#breadcrumb","itemListElement":[{"@type":"ListItem","position":1,"name":"In\u00edcio","item":"https:\/\/aliancasocial.org\/en\/"},{"@type":"ListItem","position":2,"name":"Visita institucional destaca a\u00e7\u00f5es habitacionais e sociais na Comunidade do Moinho\u00a0"}]},{"@type":"WebSite","@id":"https:\/\/aliancasocial.org\/#website","url":"https:\/\/aliancasocial.org\/","name":"Covenant of Mercy","description":"Bringing human dignity to every corner of the world","publisher":{"@id":"https:\/\/aliancasocial.org\/#organization"},"potentialAction":[{"@type":"SearchAction","target":{"@type":"EntryPoint","urlTemplate":"https:\/\/aliancasocial.org\/?s={search_term_string}"},"query-input":{"@type":"PropertyValueSpecification","valueRequired":true,"valueName":"search_term_string"}}],"inLanguage":"en-US"},{"@type":"Organization","@id":"https:\/\/aliancasocial.org\/#organization","name":"Covenant of Mercy","url":"https:\/\/aliancasocial.org\/","logo":{"@type":"ImageObject","inLanguage":"en-US","@id":"https:\/\/aliancasocial.org\/#\/schema\/logo\/image\/","url":"https:\/\/aliancasocial.org\/wp-content\/uploads\/2022\/07\/logo-alianca-marrom.svg","contentUrl":"https:\/\/aliancasocial.org\/wp-content\/uploads\/2022\/07\/logo-alianca-marrom.svg","width":91,"height":33,"caption":"Alian\u00e7a de Miseric\u00f3rdia"},"image":{"@id":"https:\/\/aliancasocial.org\/#\/schema\/logo\/image\/"},"sameAs":["https:\/\/www.facebook.com\/iesmisericordia\/","https:\/\/www.instagram.com\/aliancademisericordia\/"]},{"@type":"Person","@id":"https:\/\/aliancasocial.org\/#\/schema\/person\/78098b551faec531645dbd5d82778414","name":"Fernanda Monzambani","image":{"@type":"ImageObject","inLanguage":"en-US","@id":"https:\/\/secure.gravatar.com\/avatar\/aa6d89063e21cd9638051b6cd0602c108d4b79b0898534c712d68409f7e5b64c?s=96&d=mm&r=g","url":"https:\/\/secure.gravatar.com\/avatar\/aa6d89063e21cd9638051b6cd0602c108d4b79b0898534c712d68409f7e5b64c?s=96&d=mm&r=g","contentUrl":"https:\/\/secure.gravatar.com\/avatar\/aa6d89063e21cd9638051b6cd0602c108d4b79b0898534c712d68409f7e5b64c?s=96&d=mm&r=g","caption":"Fernanda Monzambani"},"url":"https:\/\/aliancasocial.org\/en\/author\/fernanda\/"}]}},"_links":{"self":[{"href":"https:\/\/aliancasocial.org\/en\/wp-json\/wp\/v2\/posts\/11817","targetHints":{"allow":["GET"]}}],"collection":[{"href":"https:\/\/aliancasocial.org\/en\/wp-json\/wp\/v2\/posts"}],"about":[{"href":"https:\/\/aliancasocial.org\/en\/wp-json\/wp\/v2\/types\/post"}],"author":[{"embeddable":true,"href":"https:\/\/aliancasocial.org\/en\/wp-json\/wp\/v2\/users\/8"}],"replies":[{"embeddable":true,"href":"https:\/\/aliancasocial.org\/en\/wp-json\/wp\/v2\/comments?post=11817"}],"version-history":[{"count":1,"href":"https:\/\/aliancasocial.org\/en\/wp-json\/wp\/v2\/posts\/11817\/revisions"}],"predecessor-version":[{"id":11819,"href":"https:\/\/aliancasocial.org\/en\/wp-json\/wp\/v2\/posts\/11817\/revisions\/11819"}],"wp:featuredmedia":[{"embeddable":true,"href":"https:\/\/aliancasocial.org\/en\/wp-json\/wp\/v2\/media\/11818"}],"wp:attachment":[{"href":"https:\/\/aliancasocial.org\/en\/wp-json\/wp\/v2\/media?parent=11817"}],"wp:term":[{"taxonomy":"category","embeddable":true,"href":"https:\/\/aliancasocial.org\/en\/wp-json\/wp\/v2\/categories?post=11817"},{"taxonomy":"post_tag","embeddable":true,"href":"https:\/\/aliancasocial.org\/en\/wp-json\/wp\/v2\/tags?post=11817"},{"taxonomy":"destaques","embeddable":true,"href":"https:\/\/aliancasocial.org\/en\/wp-json\/wp\/v2\/destaques?post=11817"}],"curies":[{"name":"wp","href":"https:\/\/api.w.org\/{rel}","templated":true}]}}