{"id":11820,"date":"2025-06-27T09:32:58","date_gmt":"2025-06-27T12:32:58","guid":{"rendered":"https:\/\/aliancasocial.org\/?p=11820"},"modified":"2025-06-27T09:34:34","modified_gmt":"2025-06-27T12:34:34","slug":"formatura-de-cursos-de-gastronomia-na-vila-cuore-marca-insercao-social-e-novos-projetos-de-vida","status":"publish","type":"post","link":"https:\/\/aliancasocial.org\/en\/formatura-de-cursos-de-gastronomia-na-vila-cuore-marca-insercao-social-e-novos-projetos-de-vida\/","title":{"rendered":"Graduation of gastronomy courses at Vila Cuore marks social inclusion and new life projects"},"content":{"rendered":"<p>On June 18, Vila Cuore \u2014 the education and training center of the Alliance of Mercy, located in the Taipas region, north of S\u00e3o Paulo \u2014 held the graduation ceremony for the Mesa Cuore, Intensive Baking and Intensive Confectionery courses. The training is the result of a partnership with the Bia Rabinovich Institute, which began in 2024.<\/p>\n\n\n\n<p>More than a ceremony, the moment was a milestone of concrete achievements: some of the students completed the course with real opportunities to enter the job market or start small businesses.<\/p>\n\n\n\n<p><em>\u201cSome students were unable to attend the last week of classes because they were already employed. The training is not only about the job market, but also about understanding the importance of food, choosing what we eat and what we offer to others.\u201d<\/em>, highlighted chef and teacher M\u00f4nica Brancher, who has worked at Alian\u00e7a since 2019 and has coordinated gastronomy courses for a year.<\/p>\n\n\n\n<p><strong>Individual and family transformations<\/strong><\/p>\n\n\n\n<p>The graduates\u2019 stories reinforce the project\u2019s social reach. Tain\u00e1 da Silva, daughter of one of the students, spoke about the impact on her mother\u2019s life. <em>\u201cShe never had the chance to study. Now, at 54, she has started selling pasta, gnocchi, and snacks. This is thanks to the course. I am very proud.\u201d<\/em>, he stated.<\/p>\n\n\n\n<p>V\u00edtor C\u00e9sar, 56 years old, found training as a path to a new beginning. <em>\u201cI retired and fell into a state of depression. I started cooking to help pay the bills and to keep my mind occupied. Today, I sell gingerbread, cook at home and am studying gastronomy. The course helped me understand what I wanted from my life.\u201d<\/em><\/p>\n\n\n\n<p>Personal development was also reflected in professional decisions. Gabriel Almeida, just 16 years old, enrolled in the course at his mother&#039;s insistence. <em>\u201cI was doing nothing, lost. Now I&#039;m going to get a job. I want to work with pasta, bakeries and travel the world trying new foods.\u201d<\/em><\/p>\n\n\n\n<p><strong>+ <a href=\"https:\/\/aliancasocial.org\/en\/feira-de-empreendedorismo-reune-participantes-da-vila-cuore-para-apresentacao-de-projetos-gastronomicos\/\">Entrepreneurship Fair brings together participants from Vila Cuore to present gastronomic projects \u2013 Alliance of Mercy<\/a><\/strong><\/p>\n\n\n\n<p><strong>More than technique, human formation<\/strong><\/p>\n\n\n\n<p>In addition to practical classes, the courses included modules on human development and entrepreneurship. Lu\u00edsa Brazuna, responsible for this stage, highlights: <em>\u201cWe see students who arrive with depression and leave happy. People who knew nothing about gastronomy leave with the foundation to start a business. They reflect on their values, make friends, and this has a direct impact on their self-esteem.\u201d<\/em><\/p>\n\n\n\n<p>Camila Dur\u00e3es, project analyst at the Bia Rabinovich Institute, says that the partnership with Alian\u00e7a began unexpectedly, after a post seen on social media. <em>\u201cIt was like a &#039;stick from God&#039;. Today we see that the transformation happened even before graduation. Eight students already have real opportunities. We don&#039;t just want to certify them, we want them to take control of their own lives.\u201d<\/em><\/p>\n\n\n\n<p>During the ceremony, Camila reinforced: <em>\u201cMany times, people don\u2019t even see a door. The Alliance showed them and helped them walk through that door. That makes all the difference.\u201d<\/em><\/p>\n\n\n\n<p><strong>\u201cThere is no age to dream\u201d<\/strong><\/p>\n\n\n\n<p>Among the graduates, there were students of different ages. Marcelo, 53 years old, had already taken the gastronomy course the previous year and returned to also graduate in Baking. <em>\u201cIt was a dream come true. I met people and learned a lot. Many people think they are already old, but they are not old enough to dream.\u201d<\/em><\/p>\n\n\n\n<p>Tatiana, 45, was also surprised. <em>\u201cI came here curious, without expectations. I thought it wasn\u2019t real because it was free. I learned a lot, including about leadership. Now I\u2019m starting a new work journey with a signed contract.\u201d<\/em><\/p>\n\n\n\n<p><strong>Coordinators and teachers involved in the project, such as chef Maz\u00e9 F\u00e9lix, reinforced the role of practical and affective education.<\/strong> <em>\u201cTransmitting knowledge means showing people that they have potential. This is very valuable. Here, they access skills that they sometimes didn\u2019t even know they had.\u201d<\/em>, said Maz\u00e9, who has been working in the field since 1998 and graduated in Buenos Aires, even before gastronomy was regulated in Brazil.<\/p>\n\n\n\n<p><strong>About Vila Cuore<\/strong><\/p>\n\n\n\n<p>Vila Cuore is an Education and Professional Training Center of the Alliance of Mercy located in Parque de Taipas, in the northern part of S\u00e3o Paulo. Its mission is to promote social transformation through comprehensive education. The space offers a welcoming environment with activities in the areas of sports, culture, school support, dressmaking, IT and gastronomy training with a model industrial kitchen.<\/p>\n\n\n\n<p>In addition to serving young people and adults, Vila Cuore also houses a Center for Children and Adolescents (CCA), supporting people from the age of 6. The aim is to educate prepared, aware citizens who are protagonists of their own stories.<\/p>\n\n\n\n<p><strong>Follow more on social media: <a href=\"https:\/\/www.instagram.com\/aliancademisericordia\">@aliancademisericordia<\/a> <a href=\"https:\/\/www.instagram.com\/alianca.social\">@alianca.social<\/a> <a href=\"https:\/\/www.instagram.com\/cuorealianca\">@cuorealianca<\/a><\/strong><\/p>","protected":false},"excerpt":{"rendered":"<p>No dia 18 de junho, a Vila Cuore \u2014 centro de educa\u00e7\u00e3o e forma\u00e7\u00e3o da Alian\u00e7a de Miseric\u00f3rdia, localizado na regi\u00e3o de Taipas, zona norte de S\u00e3o Paulo \u2014 realizou a formatura dos cursos de Mesa Cuore, Intensivo de Panifica\u00e7\u00e3o e Intensivo de Confeitaria. A forma\u00e7\u00e3o \u00e9 resultado de uma parceria com o Instituto Bia [&hellip;]<\/p>\n","protected":false},"author":8,"featured_media":11823,"comment_status":"closed","ping_status":"closed","sticky":false,"template":"","format":"standard","meta":{"footnotes":""},"categories":[45],"tags":[],"destaques":[38],"class_list":["post-11820","post","type-post","status-publish","format-standard","has-post-thumbnail","hentry","category-empreendedorismo","destaques-destaque-03"],"yoast_head":"<!-- This site is optimized with the Yoast SEO plugin v27.4 - https:\/\/yoast.com\/product\/yoast-seo-wordpress\/ -->\n<title>Formatura de cursos de gastronomia na Vila Cuore marca inser\u00e7\u00e3o social e novos projetos de vida - Alian\u00e7a de Miseric\u00f3rdia<\/title>\n<meta name=\"robots\" content=\"index, follow, max-snippet:-1, max-image-preview:large, max-video-preview:-1\" \/>\n<link rel=\"canonical\" href=\"https:\/\/aliancasocial.org\/en\/formatura-de-cursos-de-gastronomia-na-vila-cuore-marca-insercao-social-e-novos-projetos-de-vida\/\" \/>\n<meta property=\"og:locale\" content=\"en_US\" \/>\n<meta property=\"og:type\" content=\"article\" \/>\n<meta property=\"og:title\" content=\"Formatura de cursos de gastronomia na Vila Cuore marca inser\u00e7\u00e3o social e novos projetos de vida - Alian\u00e7a de Miseric\u00f3rdia\" \/>\n<meta property=\"og:description\" content=\"No dia 18 de junho, a Vila Cuore \u2014 centro de educa\u00e7\u00e3o e forma\u00e7\u00e3o da Alian\u00e7a de Miseric\u00f3rdia, localizado na regi\u00e3o de Taipas, zona norte de S\u00e3o Paulo \u2014 realizou a formatura dos cursos de Mesa Cuore, Intensivo de Panifica\u00e7\u00e3o e Intensivo de Confeitaria. A forma\u00e7\u00e3o \u00e9 resultado de uma parceria com o Instituto Bia [&hellip;]\" \/>\n<meta property=\"og:url\" content=\"https:\/\/aliancasocial.org\/en\/formatura-de-cursos-de-gastronomia-na-vila-cuore-marca-insercao-social-e-novos-projetos-de-vida\/\" \/>\n<meta property=\"og:site_name\" content=\"Alian\u00e7a de Miseric\u00f3rdia\" \/>\n<meta property=\"article:publisher\" content=\"https:\/\/www.facebook.com\/iesmisericordia\/\" \/>\n<meta property=\"article:published_time\" content=\"2025-06-27T12:32:58+00:00\" \/>\n<meta property=\"article:modified_time\" content=\"2025-06-27T12:34:34+00:00\" \/>\n<meta property=\"og:image\" content=\"https:\/\/aliancasocial.org\/wp-content\/uploads\/2025\/06\/Captura-de-Tela-2025-06-27-a\u0300s-09.33.35.png\" \/>\n\t<meta property=\"og:image:width\" content=\"677\" \/>\n\t<meta property=\"og:image:height\" content=\"398\" \/>\n\t<meta property=\"og:image:type\" content=\"image\/png\" \/>\n<meta name=\"author\" content=\"Fernanda Monzambani\" \/>\n<meta name=\"twitter:card\" content=\"summary_large_image\" \/>\n<meta name=\"twitter:label1\" content=\"Written by\" \/>\n\t<meta name=\"twitter:data1\" content=\"Fernanda Monzambani\" \/>\n\t<meta name=\"twitter:label2\" content=\"Est. reading time\" \/>\n\t<meta name=\"twitter:data2\" content=\"5 minutes\" \/>\n<script type=\"application\/ld+json\" class=\"yoast-schema-graph\">{\"@context\":\"https:\\\/\\\/schema.org\",\"@graph\":[{\"@type\":\"Article\",\"@id\":\"https:\\\/\\\/aliancasocial.org\\\/formatura-de-cursos-de-gastronomia-na-vila-cuore-marca-insercao-social-e-novos-projetos-de-vida\\\/#article\",\"isPartOf\":{\"@id\":\"https:\\\/\\\/aliancasocial.org\\\/formatura-de-cursos-de-gastronomia-na-vila-cuore-marca-insercao-social-e-novos-projetos-de-vida\\\/\"},\"author\":{\"name\":\"Fernanda Monzambani\",\"@id\":\"https:\\\/\\\/aliancasocial.org\\\/#\\\/schema\\\/person\\\/78098b551faec531645dbd5d82778414\"},\"headline\":\"Formatura de cursos de gastronomia na Vila Cuore marca inser\u00e7\u00e3o social e novos projetos de vida\",\"datePublished\":\"2025-06-27T12:32:58+00:00\",\"dateModified\":\"2025-06-27T12:34:34+00:00\",\"mainEntityOfPage\":{\"@id\":\"https:\\\/\\\/aliancasocial.org\\\/formatura-de-cursos-de-gastronomia-na-vila-cuore-marca-insercao-social-e-novos-projetos-de-vida\\\/\"},\"wordCount\":864,\"publisher\":{\"@id\":\"https:\\\/\\\/aliancasocial.org\\\/#organization\"},\"image\":{\"@id\":\"https:\\\/\\\/aliancasocial.org\\\/formatura-de-cursos-de-gastronomia-na-vila-cuore-marca-insercao-social-e-novos-projetos-de-vida\\\/#primaryimage\"},\"thumbnailUrl\":\"https:\\\/\\\/aliancasocial.org\\\/wp-content\\\/uploads\\\/2025\\\/06\\\/Captura-de-Tela-2025-06-27-a\u0300s-09.33.35.png\",\"articleSection\":[\"Empreendedorismo\"],\"inLanguage\":\"en-US\"},{\"@type\":\"WebPage\",\"@id\":\"https:\\\/\\\/aliancasocial.org\\\/formatura-de-cursos-de-gastronomia-na-vila-cuore-marca-insercao-social-e-novos-projetos-de-vida\\\/\",\"url\":\"https:\\\/\\\/aliancasocial.org\\\/formatura-de-cursos-de-gastronomia-na-vila-cuore-marca-insercao-social-e-novos-projetos-de-vida\\\/\",\"name\":\"Formatura de cursos de gastronomia na Vila Cuore marca inser\u00e7\u00e3o social e novos projetos de vida - Alian\u00e7a de Miseric\u00f3rdia\",\"isPartOf\":{\"@id\":\"https:\\\/\\\/aliancasocial.org\\\/#website\"},\"primaryImageOfPage\":{\"@id\":\"https:\\\/\\\/aliancasocial.org\\\/formatura-de-cursos-de-gastronomia-na-vila-cuore-marca-insercao-social-e-novos-projetos-de-vida\\\/#primaryimage\"},\"image\":{\"@id\":\"https:\\\/\\\/aliancasocial.org\\\/formatura-de-cursos-de-gastronomia-na-vila-cuore-marca-insercao-social-e-novos-projetos-de-vida\\\/#primaryimage\"},\"thumbnailUrl\":\"https:\\\/\\\/aliancasocial.org\\\/wp-content\\\/uploads\\\/2025\\\/06\\\/Captura-de-Tela-2025-06-27-a\u0300s-09.33.35.png\",\"datePublished\":\"2025-06-27T12:32:58+00:00\",\"dateModified\":\"2025-06-27T12:34:34+00:00\",\"breadcrumb\":{\"@id\":\"https:\\\/\\\/aliancasocial.org\\\/formatura-de-cursos-de-gastronomia-na-vila-cuore-marca-insercao-social-e-novos-projetos-de-vida\\\/#breadcrumb\"},\"inLanguage\":\"en-US\",\"potentialAction\":[{\"@type\":\"ReadAction\",\"target\":[\"https:\\\/\\\/aliancasocial.org\\\/formatura-de-cursos-de-gastronomia-na-vila-cuore-marca-insercao-social-e-novos-projetos-de-vida\\\/\"]}]},{\"@type\":\"ImageObject\",\"inLanguage\":\"en-US\",\"@id\":\"https:\\\/\\\/aliancasocial.org\\\/formatura-de-cursos-de-gastronomia-na-vila-cuore-marca-insercao-social-e-novos-projetos-de-vida\\\/#primaryimage\",\"url\":\"https:\\\/\\\/aliancasocial.org\\\/wp-content\\\/uploads\\\/2025\\\/06\\\/Captura-de-Tela-2025-06-27-a\u0300s-09.33.35.png\",\"contentUrl\":\"https:\\\/\\\/aliancasocial.org\\\/wp-content\\\/uploads\\\/2025\\\/06\\\/Captura-de-Tela-2025-06-27-a\u0300s-09.33.35.png\",\"width\":677,\"height\":398},{\"@type\":\"BreadcrumbList\",\"@id\":\"https:\\\/\\\/aliancasocial.org\\\/formatura-de-cursos-de-gastronomia-na-vila-cuore-marca-insercao-social-e-novos-projetos-de-vida\\\/#breadcrumb\",\"itemListElement\":[{\"@type\":\"ListItem\",\"position\":1,\"name\":\"In\u00edcio\",\"item\":\"https:\\\/\\\/aliancasocial.org\\\/en\\\/\"},{\"@type\":\"ListItem\",\"position\":2,\"name\":\"Formatura de cursos de gastronomia na Vila Cuore marca inser\u00e7\u00e3o social e novos projetos de vida\"}]},{\"@type\":\"WebSite\",\"@id\":\"https:\\\/\\\/aliancasocial.org\\\/#website\",\"url\":\"https:\\\/\\\/aliancasocial.org\\\/\",\"name\":\"Alian\u00e7a de Miseric\u00f3rdia\",\"description\":\"Levando dignidade humana a todos os cantos do mundo\",\"publisher\":{\"@id\":\"https:\\\/\\\/aliancasocial.org\\\/#organization\"},\"potentialAction\":[{\"@type\":\"SearchAction\",\"target\":{\"@type\":\"EntryPoint\",\"urlTemplate\":\"https:\\\/\\\/aliancasocial.org\\\/?s={search_term_string}\"},\"query-input\":{\"@type\":\"PropertyValueSpecification\",\"valueRequired\":true,\"valueName\":\"search_term_string\"}}],\"inLanguage\":\"en-US\"},{\"@type\":\"Organization\",\"@id\":\"https:\\\/\\\/aliancasocial.org\\\/#organization\",\"name\":\"Alian\u00e7a de Miseric\u00f3rdia\",\"url\":\"https:\\\/\\\/aliancasocial.org\\\/\",\"logo\":{\"@type\":\"ImageObject\",\"inLanguage\":\"en-US\",\"@id\":\"https:\\\/\\\/aliancasocial.org\\\/#\\\/schema\\\/logo\\\/image\\\/\",\"url\":\"https:\\\/\\\/aliancasocial.org\\\/wp-content\\\/uploads\\\/2022\\\/07\\\/logo-alianca-marrom.svg\",\"contentUrl\":\"https:\\\/\\\/aliancasocial.org\\\/wp-content\\\/uploads\\\/2022\\\/07\\\/logo-alianca-marrom.svg\",\"width\":91,\"height\":33,\"caption\":\"Alian\u00e7a de Miseric\u00f3rdia\"},\"image\":{\"@id\":\"https:\\\/\\\/aliancasocial.org\\\/#\\\/schema\\\/logo\\\/image\\\/\"},\"sameAs\":[\"https:\\\/\\\/www.facebook.com\\\/iesmisericordia\\\/\",\"https:\\\/\\\/www.instagram.com\\\/aliancademisericordia\\\/\"]},{\"@type\":\"Person\",\"@id\":\"https:\\\/\\\/aliancasocial.org\\\/#\\\/schema\\\/person\\\/78098b551faec531645dbd5d82778414\",\"name\":\"Fernanda Monzambani\",\"image\":{\"@type\":\"ImageObject\",\"inLanguage\":\"en-US\",\"@id\":\"https:\\\/\\\/secure.gravatar.com\\\/avatar\\\/aa6d89063e21cd9638051b6cd0602c108d4b79b0898534c712d68409f7e5b64c?s=96&d=mm&r=g\",\"url\":\"https:\\\/\\\/secure.gravatar.com\\\/avatar\\\/aa6d89063e21cd9638051b6cd0602c108d4b79b0898534c712d68409f7e5b64c?s=96&d=mm&r=g\",\"contentUrl\":\"https:\\\/\\\/secure.gravatar.com\\\/avatar\\\/aa6d89063e21cd9638051b6cd0602c108d4b79b0898534c712d68409f7e5b64c?s=96&d=mm&r=g\",\"caption\":\"Fernanda Monzambani\"},\"url\":\"https:\\\/\\\/aliancasocial.org\\\/en\\\/author\\\/fernanda\\\/\"}]}<\/script>\n<!-- \/ Yoast SEO plugin. -->","yoast_head_json":{"title":"Formatura de cursos de gastronomia na Vila Cuore marca inser\u00e7\u00e3o social e novos projetos de vida - Alian\u00e7a de Miseric\u00f3rdia","robots":{"index":"index","follow":"follow","max-snippet":"max-snippet:-1","max-image-preview":"max-image-preview:large","max-video-preview":"max-video-preview:-1"},"canonical":"https:\/\/aliancasocial.org\/en\/formatura-de-cursos-de-gastronomia-na-vila-cuore-marca-insercao-social-e-novos-projetos-de-vida\/","og_locale":"en_US","og_type":"article","og_title":"Formatura de cursos de gastronomia na Vila Cuore marca inser\u00e7\u00e3o social e novos projetos de vida - Alian\u00e7a de Miseric\u00f3rdia","og_description":"No dia 18 de junho, a Vila Cuore \u2014 centro de educa\u00e7\u00e3o e forma\u00e7\u00e3o da Alian\u00e7a de Miseric\u00f3rdia, localizado na regi\u00e3o de Taipas, zona norte de S\u00e3o Paulo \u2014 realizou a formatura dos cursos de Mesa Cuore, Intensivo de Panifica\u00e7\u00e3o e Intensivo de Confeitaria. A forma\u00e7\u00e3o \u00e9 resultado de uma parceria com o Instituto Bia [&hellip;]","og_url":"https:\/\/aliancasocial.org\/en\/formatura-de-cursos-de-gastronomia-na-vila-cuore-marca-insercao-social-e-novos-projetos-de-vida\/","og_site_name":"Alian\u00e7a de Miseric\u00f3rdia","article_publisher":"https:\/\/www.facebook.com\/iesmisericordia\/","article_published_time":"2025-06-27T12:32:58+00:00","article_modified_time":"2025-06-27T12:34:34+00:00","og_image":[{"width":677,"height":398,"url":"https:\/\/aliancasocial.org\/wp-content\/uploads\/2025\/06\/Captura-de-Tela-2025-06-27-a\u0300s-09.33.35.png","type":"image\/png"}],"author":"Fernanda Monzambani","twitter_card":"summary_large_image","twitter_misc":{"Written by":"Fernanda Monzambani","Est. reading time":"5 minutes"},"schema":{"@context":"https:\/\/schema.org","@graph":[{"@type":"Article","@id":"https:\/\/aliancasocial.org\/formatura-de-cursos-de-gastronomia-na-vila-cuore-marca-insercao-social-e-novos-projetos-de-vida\/#article","isPartOf":{"@id":"https:\/\/aliancasocial.org\/formatura-de-cursos-de-gastronomia-na-vila-cuore-marca-insercao-social-e-novos-projetos-de-vida\/"},"author":{"name":"Fernanda Monzambani","@id":"https:\/\/aliancasocial.org\/#\/schema\/person\/78098b551faec531645dbd5d82778414"},"headline":"Formatura de cursos de gastronomia na Vila Cuore marca inser\u00e7\u00e3o social e novos projetos de vida","datePublished":"2025-06-27T12:32:58+00:00","dateModified":"2025-06-27T12:34:34+00:00","mainEntityOfPage":{"@id":"https:\/\/aliancasocial.org\/formatura-de-cursos-de-gastronomia-na-vila-cuore-marca-insercao-social-e-novos-projetos-de-vida\/"},"wordCount":864,"publisher":{"@id":"https:\/\/aliancasocial.org\/#organization"},"image":{"@id":"https:\/\/aliancasocial.org\/formatura-de-cursos-de-gastronomia-na-vila-cuore-marca-insercao-social-e-novos-projetos-de-vida\/#primaryimage"},"thumbnailUrl":"https:\/\/aliancasocial.org\/wp-content\/uploads\/2025\/06\/Captura-de-Tela-2025-06-27-a\u0300s-09.33.35.png","articleSection":["Empreendedorismo"],"inLanguage":"en-US"},{"@type":"WebPage","@id":"https:\/\/aliancasocial.org\/formatura-de-cursos-de-gastronomia-na-vila-cuore-marca-insercao-social-e-novos-projetos-de-vida\/","url":"https:\/\/aliancasocial.org\/formatura-de-cursos-de-gastronomia-na-vila-cuore-marca-insercao-social-e-novos-projetos-de-vida\/","name":"Formatura de cursos de gastronomia na Vila Cuore marca inser\u00e7\u00e3o social e novos projetos de vida - Alian\u00e7a de Miseric\u00f3rdia","isPartOf":{"@id":"https:\/\/aliancasocial.org\/#website"},"primaryImageOfPage":{"@id":"https:\/\/aliancasocial.org\/formatura-de-cursos-de-gastronomia-na-vila-cuore-marca-insercao-social-e-novos-projetos-de-vida\/#primaryimage"},"image":{"@id":"https:\/\/aliancasocial.org\/formatura-de-cursos-de-gastronomia-na-vila-cuore-marca-insercao-social-e-novos-projetos-de-vida\/#primaryimage"},"thumbnailUrl":"https:\/\/aliancasocial.org\/wp-content\/uploads\/2025\/06\/Captura-de-Tela-2025-06-27-a\u0300s-09.33.35.png","datePublished":"2025-06-27T12:32:58+00:00","dateModified":"2025-06-27T12:34:34+00:00","breadcrumb":{"@id":"https:\/\/aliancasocial.org\/formatura-de-cursos-de-gastronomia-na-vila-cuore-marca-insercao-social-e-novos-projetos-de-vida\/#breadcrumb"},"inLanguage":"en-US","potentialAction":[{"@type":"ReadAction","target":["https:\/\/aliancasocial.org\/formatura-de-cursos-de-gastronomia-na-vila-cuore-marca-insercao-social-e-novos-projetos-de-vida\/"]}]},{"@type":"ImageObject","inLanguage":"en-US","@id":"https:\/\/aliancasocial.org\/formatura-de-cursos-de-gastronomia-na-vila-cuore-marca-insercao-social-e-novos-projetos-de-vida\/#primaryimage","url":"https:\/\/aliancasocial.org\/wp-content\/uploads\/2025\/06\/Captura-de-Tela-2025-06-27-a\u0300s-09.33.35.png","contentUrl":"https:\/\/aliancasocial.org\/wp-content\/uploads\/2025\/06\/Captura-de-Tela-2025-06-27-a\u0300s-09.33.35.png","width":677,"height":398},{"@type":"BreadcrumbList","@id":"https:\/\/aliancasocial.org\/formatura-de-cursos-de-gastronomia-na-vila-cuore-marca-insercao-social-e-novos-projetos-de-vida\/#breadcrumb","itemListElement":[{"@type":"ListItem","position":1,"name":"In\u00edcio","item":"https:\/\/aliancasocial.org\/en\/"},{"@type":"ListItem","position":2,"name":"Formatura de cursos de gastronomia na Vila Cuore marca inser\u00e7\u00e3o social e novos projetos de vida"}]},{"@type":"WebSite","@id":"https:\/\/aliancasocial.org\/#website","url":"https:\/\/aliancasocial.org\/","name":"Covenant of Mercy","description":"Bringing human dignity to every corner of the world","publisher":{"@id":"https:\/\/aliancasocial.org\/#organization"},"potentialAction":[{"@type":"SearchAction","target":{"@type":"EntryPoint","urlTemplate":"https:\/\/aliancasocial.org\/?s={search_term_string}"},"query-input":{"@type":"PropertyValueSpecification","valueRequired":true,"valueName":"search_term_string"}}],"inLanguage":"en-US"},{"@type":"Organization","@id":"https:\/\/aliancasocial.org\/#organization","name":"Covenant of Mercy","url":"https:\/\/aliancasocial.org\/","logo":{"@type":"ImageObject","inLanguage":"en-US","@id":"https:\/\/aliancasocial.org\/#\/schema\/logo\/image\/","url":"https:\/\/aliancasocial.org\/wp-content\/uploads\/2022\/07\/logo-alianca-marrom.svg","contentUrl":"https:\/\/aliancasocial.org\/wp-content\/uploads\/2022\/07\/logo-alianca-marrom.svg","width":91,"height":33,"caption":"Alian\u00e7a de Miseric\u00f3rdia"},"image":{"@id":"https:\/\/aliancasocial.org\/#\/schema\/logo\/image\/"},"sameAs":["https:\/\/www.facebook.com\/iesmisericordia\/","https:\/\/www.instagram.com\/aliancademisericordia\/"]},{"@type":"Person","@id":"https:\/\/aliancasocial.org\/#\/schema\/person\/78098b551faec531645dbd5d82778414","name":"Fernanda Monzambani","image":{"@type":"ImageObject","inLanguage":"en-US","@id":"https:\/\/secure.gravatar.com\/avatar\/aa6d89063e21cd9638051b6cd0602c108d4b79b0898534c712d68409f7e5b64c?s=96&d=mm&r=g","url":"https:\/\/secure.gravatar.com\/avatar\/aa6d89063e21cd9638051b6cd0602c108d4b79b0898534c712d68409f7e5b64c?s=96&d=mm&r=g","contentUrl":"https:\/\/secure.gravatar.com\/avatar\/aa6d89063e21cd9638051b6cd0602c108d4b79b0898534c712d68409f7e5b64c?s=96&d=mm&r=g","caption":"Fernanda Monzambani"},"url":"https:\/\/aliancasocial.org\/en\/author\/fernanda\/"}]}},"_links":{"self":[{"href":"https:\/\/aliancasocial.org\/en\/wp-json\/wp\/v2\/posts\/11820","targetHints":{"allow":["GET"]}}],"collection":[{"href":"https:\/\/aliancasocial.org\/en\/wp-json\/wp\/v2\/posts"}],"about":[{"href":"https:\/\/aliancasocial.org\/en\/wp-json\/wp\/v2\/types\/post"}],"author":[{"embeddable":true,"href":"https:\/\/aliancasocial.org\/en\/wp-json\/wp\/v2\/users\/8"}],"replies":[{"embeddable":true,"href":"https:\/\/aliancasocial.org\/en\/wp-json\/wp\/v2\/comments?post=11820"}],"version-history":[{"count":1,"href":"https:\/\/aliancasocial.org\/en\/wp-json\/wp\/v2\/posts\/11820\/revisions"}],"predecessor-version":[{"id":11822,"href":"https:\/\/aliancasocial.org\/en\/wp-json\/wp\/v2\/posts\/11820\/revisions\/11822"}],"wp:featuredmedia":[{"embeddable":true,"href":"https:\/\/aliancasocial.org\/en\/wp-json\/wp\/v2\/media\/11823"}],"wp:attachment":[{"href":"https:\/\/aliancasocial.org\/en\/wp-json\/wp\/v2\/media?parent=11820"}],"wp:term":[{"taxonomy":"category","embeddable":true,"href":"https:\/\/aliancasocial.org\/en\/wp-json\/wp\/v2\/categories?post=11820"},{"taxonomy":"post_tag","embeddable":true,"href":"https:\/\/aliancasocial.org\/en\/wp-json\/wp\/v2\/tags?post=11820"},{"taxonomy":"destaques","embeddable":true,"href":"https:\/\/aliancasocial.org\/en\/wp-json\/wp\/v2\/destaques?post=11820"}],"curies":[{"name":"wp","href":"https:\/\/api.w.org\/{rel}","templated":true}]}}