{"id":11824,"date":"2025-07-01T15:52:34","date_gmt":"2025-07-01T18:52:34","guid":{"rendered":"https:\/\/aliancasocial.org\/?p=11824"},"modified":"2025-07-01T15:52:38","modified_gmt":"2025-07-01T18:52:38","slug":"50-pessoas-em-situacao-de-rua-participam-de-encontro-de-espiritualidade-no-interior-de-sp","status":"publish","type":"post","link":"https:\/\/aliancasocial.org\/en\/50-pessoas-em-situacao-de-rua-participam-de-encontro-de-espiritualidade-no-interior-de-sp\/","title":{"rendered":"50 homeless people participate in a spirituality meeting in the interior of SP"},"content":{"rendered":"<p>Last weekend, 50 homeless people participated in a spirituality and appreciation of life meeting, promoted by Casa Restaura-me, a social service space of the Alliance of Mercy, in Esp\u00edrito Santo do Pinhal, in the interior of S\u00e3o Paulo. The initiative provided moments of coexistence, support and opportunities to reflect on new paths in life.<\/p>\n\n\n\n<p>During the three days of activities, participants experienced lectures, group dynamics, artistic activities and discussion groups. The event also offered moments of listening, sharing stories and emotional support services, as well as special meals, including a festive dinner on Saturday and a barbecue lunch on Sunday, marking the end of the event.<\/p>\n\n\n\n<p>At the end of the meeting, 15 participants were sent to partner shelters, where they will be able to continue the process of social reintegration and rebuilding their life projects. In the coming days, other participants will also be sent to shelters and screening centers, expanding the scope of the action.<\/p>\n\n\n\n<p>According to the Casa Restaura-me team, the goal of the event is to offer these people the opportunity to start over with dignity, through a safe, welcoming and structured environment. The work was supported by volunteers, partners and collaborators who helped to make the activities possible and guarantee the event&#039;s infrastructure.<\/p>\n\n\n\n<p><strong>About Restore Me House<\/strong><\/p>\n\n\n\n<p>Casa Restaura-me, located in the central region of S\u00e3o Paulo, is a project of the Alliance of Mercy that serves homeless people. The space provides daily meals, showers, laundry, social services, a library, a computer room, a bazaar and training courses. More than a welfare service, the Casa aims to be a point of listening, support and social reintegration.<\/p>\n\n\n\n<p>In addition to basic care, the Casa team assists users who wish to reestablish family ties, join therapeutic communities or access other social protection networks, always prioritizing the dignity and autonomy of each person.<\/p>\n\n\n\n<p>For more information about Casa Restaura-me&#039;s actions, follow the profile on Instagram <a href=\"https:\/\/www.instagram.com\/alianca.social\">@alianca.social<\/a> or get in touch to collaborate with donations and volunteering by email: <strong>doar@misericordia.com.br<\/strong>.<\/p>","protected":false},"excerpt":{"rendered":"<p>No \u00faltimo fim de semana, 50 pessoas em situa\u00e7\u00e3o de rua participaram de um encontro de espiritualidade e valoriza\u00e7\u00e3o da vida, promovido pela Casa Restaura-me, espa\u00e7o de atendimento social da Alian\u00e7a de Miseric\u00f3rdia, em Esp\u00edrito Santo do Pinhal, no interior de S\u00e3o Paulo. A iniciativa proporcionou momentos de conviv\u00eancia, acolhimento e oportunidades de reflex\u00e3o sobre [&hellip;]<\/p>\n","protected":false},"author":8,"featured_media":11825,"comment_status":"closed","ping_status":"closed","sticky":false,"template":"","format":"standard","meta":{"footnotes":""},"categories":[1],"tags":[],"destaques":[37],"class_list":["post-11824","post","type-post","status-publish","format-standard","has-post-thumbnail","hentry","category-sem-categoria","destaques-destaque-02"],"yoast_head":"<!-- This site is optimized with the Yoast SEO plugin v27.4 - https:\/\/yoast.com\/product\/yoast-seo-wordpress\/ -->\n<title>50 pessoas em situa\u00e7\u00e3o de rua participam de encontro de espiritualidade no interior de SP - Alian\u00e7a de Miseric\u00f3rdia<\/title>\n<meta name=\"robots\" content=\"index, follow, max-snippet:-1, max-image-preview:large, max-video-preview:-1\" \/>\n<link rel=\"canonical\" href=\"https:\/\/aliancasocial.org\/en\/50-pessoas-em-situacao-de-rua-participam-de-encontro-de-espiritualidade-no-interior-de-sp\/\" \/>\n<meta property=\"og:locale\" content=\"en_US\" \/>\n<meta property=\"og:type\" content=\"article\" \/>\n<meta property=\"og:title\" content=\"50 pessoas em situa\u00e7\u00e3o de rua participam de encontro de espiritualidade no interior de SP - Alian\u00e7a de Miseric\u00f3rdia\" \/>\n<meta property=\"og:description\" content=\"No \u00faltimo fim de semana, 50 pessoas em situa\u00e7\u00e3o de rua participaram de um encontro de espiritualidade e valoriza\u00e7\u00e3o da vida, promovido pela Casa Restaura-me, espa\u00e7o de atendimento social da Alian\u00e7a de Miseric\u00f3rdia, em Esp\u00edrito Santo do Pinhal, no interior de S\u00e3o Paulo. A iniciativa proporcionou momentos de conviv\u00eancia, acolhimento e oportunidades de reflex\u00e3o sobre [&hellip;]\" \/>\n<meta property=\"og:url\" content=\"https:\/\/aliancasocial.org\/en\/50-pessoas-em-situacao-de-rua-participam-de-encontro-de-espiritualidade-no-interior-de-sp\/\" \/>\n<meta property=\"og:site_name\" content=\"Alian\u00e7a de Miseric\u00f3rdia\" \/>\n<meta property=\"article:publisher\" content=\"https:\/\/www.facebook.com\/iesmisericordia\/\" \/>\n<meta property=\"article:published_time\" content=\"2025-07-01T18:52:34+00:00\" \/>\n<meta property=\"article:modified_time\" content=\"2025-07-01T18:52:38+00:00\" \/>\n<meta property=\"og:image\" content=\"https:\/\/aliancasocial.org\/wp-content\/uploads\/2025\/07\/WhatsApp-Image-2025-06-30-at-12.49.49.jpeg\" \/>\n\t<meta property=\"og:image:width\" content=\"1600\" \/>\n\t<meta property=\"og:image:height\" content=\"1200\" \/>\n\t<meta property=\"og:image:type\" content=\"image\/jpeg\" \/>\n<meta name=\"author\" content=\"Fernanda Monzambani\" \/>\n<meta name=\"twitter:card\" content=\"summary_large_image\" \/>\n<meta name=\"twitter:label1\" content=\"Written by\" \/>\n\t<meta name=\"twitter:data1\" content=\"Fernanda Monzambani\" \/>\n\t<meta name=\"twitter:label2\" content=\"Est. reading time\" \/>\n\t<meta name=\"twitter:data2\" content=\"3 minutes\" \/>\n<script type=\"application\/ld+json\" class=\"yoast-schema-graph\">{\"@context\":\"https:\\\/\\\/schema.org\",\"@graph\":[{\"@type\":\"Article\",\"@id\":\"https:\\\/\\\/aliancasocial.org\\\/50-pessoas-em-situacao-de-rua-participam-de-encontro-de-espiritualidade-no-interior-de-sp\\\/#article\",\"isPartOf\":{\"@id\":\"https:\\\/\\\/aliancasocial.org\\\/50-pessoas-em-situacao-de-rua-participam-de-encontro-de-espiritualidade-no-interior-de-sp\\\/\"},\"author\":{\"name\":\"Fernanda Monzambani\",\"@id\":\"https:\\\/\\\/aliancasocial.org\\\/#\\\/schema\\\/person\\\/73a690df527bfd7df78ba35714ff67d4\"},\"headline\":\"50 pessoas em situa\u00e7\u00e3o de rua participam de encontro de espiritualidade no interior de SP\",\"datePublished\":\"2025-07-01T18:52:34+00:00\",\"dateModified\":\"2025-07-01T18:52:38+00:00\",\"mainEntityOfPage\":{\"@id\":\"https:\\\/\\\/aliancasocial.org\\\/50-pessoas-em-situacao-de-rua-participam-de-encontro-de-espiritualidade-no-interior-de-sp\\\/\"},\"wordCount\":410,\"publisher\":{\"@id\":\"https:\\\/\\\/aliancasocial.org\\\/#organization\"},\"image\":{\"@id\":\"https:\\\/\\\/aliancasocial.org\\\/50-pessoas-em-situacao-de-rua-participam-de-encontro-de-espiritualidade-no-interior-de-sp\\\/#primaryimage\"},\"thumbnailUrl\":\"https:\\\/\\\/aliancasocial.org\\\/wp-content\\\/uploads\\\/2025\\\/07\\\/WhatsApp-Image-2025-06-30-at-12.49.49.jpeg\",\"articleSection\":[\"Sem Categoria\"],\"inLanguage\":\"en-US\"},{\"@type\":\"WebPage\",\"@id\":\"https:\\\/\\\/aliancasocial.org\\\/50-pessoas-em-situacao-de-rua-participam-de-encontro-de-espiritualidade-no-interior-de-sp\\\/\",\"url\":\"https:\\\/\\\/aliancasocial.org\\\/50-pessoas-em-situacao-de-rua-participam-de-encontro-de-espiritualidade-no-interior-de-sp\\\/\",\"name\":\"50 pessoas em situa\u00e7\u00e3o de rua participam de encontro de espiritualidade no interior de SP - Alian\u00e7a de Miseric\u00f3rdia\",\"isPartOf\":{\"@id\":\"https:\\\/\\\/aliancasocial.org\\\/#website\"},\"primaryImageOfPage\":{\"@id\":\"https:\\\/\\\/aliancasocial.org\\\/50-pessoas-em-situacao-de-rua-participam-de-encontro-de-espiritualidade-no-interior-de-sp\\\/#primaryimage\"},\"image\":{\"@id\":\"https:\\\/\\\/aliancasocial.org\\\/50-pessoas-em-situacao-de-rua-participam-de-encontro-de-espiritualidade-no-interior-de-sp\\\/#primaryimage\"},\"thumbnailUrl\":\"https:\\\/\\\/aliancasocial.org\\\/wp-content\\\/uploads\\\/2025\\\/07\\\/WhatsApp-Image-2025-06-30-at-12.49.49.jpeg\",\"datePublished\":\"2025-07-01T18:52:34+00:00\",\"dateModified\":\"2025-07-01T18:52:38+00:00\",\"breadcrumb\":{\"@id\":\"https:\\\/\\\/aliancasocial.org\\\/50-pessoas-em-situacao-de-rua-participam-de-encontro-de-espiritualidade-no-interior-de-sp\\\/#breadcrumb\"},\"inLanguage\":\"en-US\",\"potentialAction\":[{\"@type\":\"ReadAction\",\"target\":[\"https:\\\/\\\/aliancasocial.org\\\/50-pessoas-em-situacao-de-rua-participam-de-encontro-de-espiritualidade-no-interior-de-sp\\\/\"]}]},{\"@type\":\"ImageObject\",\"inLanguage\":\"en-US\",\"@id\":\"https:\\\/\\\/aliancasocial.org\\\/50-pessoas-em-situacao-de-rua-participam-de-encontro-de-espiritualidade-no-interior-de-sp\\\/#primaryimage\",\"url\":\"https:\\\/\\\/aliancasocial.org\\\/wp-content\\\/uploads\\\/2025\\\/07\\\/WhatsApp-Image-2025-06-30-at-12.49.49.jpeg\",\"contentUrl\":\"https:\\\/\\\/aliancasocial.org\\\/wp-content\\\/uploads\\\/2025\\\/07\\\/WhatsApp-Image-2025-06-30-at-12.49.49.jpeg\",\"width\":1600,\"height\":1200},{\"@type\":\"BreadcrumbList\",\"@id\":\"https:\\\/\\\/aliancasocial.org\\\/50-pessoas-em-situacao-de-rua-participam-de-encontro-de-espiritualidade-no-interior-de-sp\\\/#breadcrumb\",\"itemListElement\":[{\"@type\":\"ListItem\",\"position\":1,\"name\":\"In\u00edcio\",\"item\":\"https:\\\/\\\/aliancasocial.org\\\/en\\\/\"},{\"@type\":\"ListItem\",\"position\":2,\"name\":\"50 pessoas em situa\u00e7\u00e3o de rua participam de encontro de espiritualidade no interior de SP\"}]},{\"@type\":\"WebSite\",\"@id\":\"https:\\\/\\\/aliancasocial.org\\\/#website\",\"url\":\"https:\\\/\\\/aliancasocial.org\\\/\",\"name\":\"Alian\u00e7a de Miseric\u00f3rdia\",\"description\":\"Levando dignidade humana a todos os cantos do mundo\",\"publisher\":{\"@id\":\"https:\\\/\\\/aliancasocial.org\\\/#organization\"},\"potentialAction\":[{\"@type\":\"SearchAction\",\"target\":{\"@type\":\"EntryPoint\",\"urlTemplate\":\"https:\\\/\\\/aliancasocial.org\\\/?s={search_term_string}\"},\"query-input\":{\"@type\":\"PropertyValueSpecification\",\"valueRequired\":true,\"valueName\":\"search_term_string\"}}],\"inLanguage\":\"en-US\"},{\"@type\":\"Organization\",\"@id\":\"https:\\\/\\\/aliancasocial.org\\\/#organization\",\"name\":\"Alian\u00e7a de Miseric\u00f3rdia\",\"url\":\"https:\\\/\\\/aliancasocial.org\\\/\",\"logo\":{\"@type\":\"ImageObject\",\"inLanguage\":\"en-US\",\"@id\":\"https:\\\/\\\/aliancasocial.org\\\/#\\\/schema\\\/logo\\\/image\\\/\",\"url\":\"https:\\\/\\\/aliancasocial.org\\\/wp-content\\\/uploads\\\/2022\\\/07\\\/logo-alianca-marrom.svg\",\"contentUrl\":\"https:\\\/\\\/aliancasocial.org\\\/wp-content\\\/uploads\\\/2022\\\/07\\\/logo-alianca-marrom.svg\",\"width\":91,\"height\":33,\"caption\":\"Alian\u00e7a de Miseric\u00f3rdia\"},\"image\":{\"@id\":\"https:\\\/\\\/aliancasocial.org\\\/#\\\/schema\\\/logo\\\/image\\\/\"},\"sameAs\":[\"https:\\\/\\\/www.facebook.com\\\/iesmisericordia\\\/\",\"https:\\\/\\\/www.instagram.com\\\/aliancademisericordia\\\/\"]},{\"@type\":\"Person\",\"@id\":\"https:\\\/\\\/aliancasocial.org\\\/#\\\/schema\\\/person\\\/73a690df527bfd7df78ba35714ff67d4\",\"name\":\"Fernanda Monzambani\",\"image\":{\"@type\":\"ImageObject\",\"inLanguage\":\"en-US\",\"@id\":\"https:\\\/\\\/secure.gravatar.com\\\/avatar\\\/aa6d89063e21cd9638051b6cd0602c108d4b79b0898534c712d68409f7e5b64c?s=96&d=mm&r=g\",\"url\":\"https:\\\/\\\/secure.gravatar.com\\\/avatar\\\/aa6d89063e21cd9638051b6cd0602c108d4b79b0898534c712d68409f7e5b64c?s=96&d=mm&r=g\",\"contentUrl\":\"https:\\\/\\\/secure.gravatar.com\\\/avatar\\\/aa6d89063e21cd9638051b6cd0602c108d4b79b0898534c712d68409f7e5b64c?s=96&d=mm&r=g\",\"caption\":\"Fernanda Monzambani\"},\"url\":\"https:\\\/\\\/aliancasocial.org\\\/en\\\/author\\\/fernanda\\\/\"}]}<\/script>\n<!-- \/ Yoast SEO plugin. -->","yoast_head_json":{"title":"50 pessoas em situa\u00e7\u00e3o de rua participam de encontro de espiritualidade no interior de SP - Alian\u00e7a de Miseric\u00f3rdia","robots":{"index":"index","follow":"follow","max-snippet":"max-snippet:-1","max-image-preview":"max-image-preview:large","max-video-preview":"max-video-preview:-1"},"canonical":"https:\/\/aliancasocial.org\/en\/50-pessoas-em-situacao-de-rua-participam-de-encontro-de-espiritualidade-no-interior-de-sp\/","og_locale":"en_US","og_type":"article","og_title":"50 pessoas em situa\u00e7\u00e3o de rua participam de encontro de espiritualidade no interior de SP - Alian\u00e7a de Miseric\u00f3rdia","og_description":"No \u00faltimo fim de semana, 50 pessoas em situa\u00e7\u00e3o de rua participaram de um encontro de espiritualidade e valoriza\u00e7\u00e3o da vida, promovido pela Casa Restaura-me, espa\u00e7o de atendimento social da Alian\u00e7a de Miseric\u00f3rdia, em Esp\u00edrito Santo do Pinhal, no interior de S\u00e3o Paulo. A iniciativa proporcionou momentos de conviv\u00eancia, acolhimento e oportunidades de reflex\u00e3o sobre [&hellip;]","og_url":"https:\/\/aliancasocial.org\/en\/50-pessoas-em-situacao-de-rua-participam-de-encontro-de-espiritualidade-no-interior-de-sp\/","og_site_name":"Alian\u00e7a de Miseric\u00f3rdia","article_publisher":"https:\/\/www.facebook.com\/iesmisericordia\/","article_published_time":"2025-07-01T18:52:34+00:00","article_modified_time":"2025-07-01T18:52:38+00:00","og_image":[{"width":1600,"height":1200,"url":"https:\/\/aliancasocial.org\/wp-content\/uploads\/2025\/07\/WhatsApp-Image-2025-06-30-at-12.49.49.jpeg","type":"image\/jpeg"}],"author":"Fernanda Monzambani","twitter_card":"summary_large_image","twitter_misc":{"Written by":"Fernanda Monzambani","Est. reading time":"3 minutes"},"schema":{"@context":"https:\/\/schema.org","@graph":[{"@type":"Article","@id":"https:\/\/aliancasocial.org\/50-pessoas-em-situacao-de-rua-participam-de-encontro-de-espiritualidade-no-interior-de-sp\/#article","isPartOf":{"@id":"https:\/\/aliancasocial.org\/50-pessoas-em-situacao-de-rua-participam-de-encontro-de-espiritualidade-no-interior-de-sp\/"},"author":{"name":"Fernanda Monzambani","@id":"https:\/\/aliancasocial.org\/#\/schema\/person\/73a690df527bfd7df78ba35714ff67d4"},"headline":"50 pessoas em situa\u00e7\u00e3o de rua participam de encontro de espiritualidade no interior de SP","datePublished":"2025-07-01T18:52:34+00:00","dateModified":"2025-07-01T18:52:38+00:00","mainEntityOfPage":{"@id":"https:\/\/aliancasocial.org\/50-pessoas-em-situacao-de-rua-participam-de-encontro-de-espiritualidade-no-interior-de-sp\/"},"wordCount":410,"publisher":{"@id":"https:\/\/aliancasocial.org\/#organization"},"image":{"@id":"https:\/\/aliancasocial.org\/50-pessoas-em-situacao-de-rua-participam-de-encontro-de-espiritualidade-no-interior-de-sp\/#primaryimage"},"thumbnailUrl":"https:\/\/aliancasocial.org\/wp-content\/uploads\/2025\/07\/WhatsApp-Image-2025-06-30-at-12.49.49.jpeg","articleSection":["Sem Categoria"],"inLanguage":"en-US"},{"@type":"WebPage","@id":"https:\/\/aliancasocial.org\/50-pessoas-em-situacao-de-rua-participam-de-encontro-de-espiritualidade-no-interior-de-sp\/","url":"https:\/\/aliancasocial.org\/50-pessoas-em-situacao-de-rua-participam-de-encontro-de-espiritualidade-no-interior-de-sp\/","name":"50 pessoas em situa\u00e7\u00e3o de rua participam de encontro de espiritualidade no interior de SP - Alian\u00e7a de Miseric\u00f3rdia","isPartOf":{"@id":"https:\/\/aliancasocial.org\/#website"},"primaryImageOfPage":{"@id":"https:\/\/aliancasocial.org\/50-pessoas-em-situacao-de-rua-participam-de-encontro-de-espiritualidade-no-interior-de-sp\/#primaryimage"},"image":{"@id":"https:\/\/aliancasocial.org\/50-pessoas-em-situacao-de-rua-participam-de-encontro-de-espiritualidade-no-interior-de-sp\/#primaryimage"},"thumbnailUrl":"https:\/\/aliancasocial.org\/wp-content\/uploads\/2025\/07\/WhatsApp-Image-2025-06-30-at-12.49.49.jpeg","datePublished":"2025-07-01T18:52:34+00:00","dateModified":"2025-07-01T18:52:38+00:00","breadcrumb":{"@id":"https:\/\/aliancasocial.org\/50-pessoas-em-situacao-de-rua-participam-de-encontro-de-espiritualidade-no-interior-de-sp\/#breadcrumb"},"inLanguage":"en-US","potentialAction":[{"@type":"ReadAction","target":["https:\/\/aliancasocial.org\/50-pessoas-em-situacao-de-rua-participam-de-encontro-de-espiritualidade-no-interior-de-sp\/"]}]},{"@type":"ImageObject","inLanguage":"en-US","@id":"https:\/\/aliancasocial.org\/50-pessoas-em-situacao-de-rua-participam-de-encontro-de-espiritualidade-no-interior-de-sp\/#primaryimage","url":"https:\/\/aliancasocial.org\/wp-content\/uploads\/2025\/07\/WhatsApp-Image-2025-06-30-at-12.49.49.jpeg","contentUrl":"https:\/\/aliancasocial.org\/wp-content\/uploads\/2025\/07\/WhatsApp-Image-2025-06-30-at-12.49.49.jpeg","width":1600,"height":1200},{"@type":"BreadcrumbList","@id":"https:\/\/aliancasocial.org\/50-pessoas-em-situacao-de-rua-participam-de-encontro-de-espiritualidade-no-interior-de-sp\/#breadcrumb","itemListElement":[{"@type":"ListItem","position":1,"name":"In\u00edcio","item":"https:\/\/aliancasocial.org\/en\/"},{"@type":"ListItem","position":2,"name":"50 pessoas em situa\u00e7\u00e3o de rua participam de encontro de espiritualidade no interior de SP"}]},{"@type":"WebSite","@id":"https:\/\/aliancasocial.org\/#website","url":"https:\/\/aliancasocial.org\/","name":"Covenant of Mercy","description":"Bringing human dignity to every corner of the world","publisher":{"@id":"https:\/\/aliancasocial.org\/#organization"},"potentialAction":[{"@type":"SearchAction","target":{"@type":"EntryPoint","urlTemplate":"https:\/\/aliancasocial.org\/?s={search_term_string}"},"query-input":{"@type":"PropertyValueSpecification","valueRequired":true,"valueName":"search_term_string"}}],"inLanguage":"en-US"},{"@type":"Organization","@id":"https:\/\/aliancasocial.org\/#organization","name":"Covenant of Mercy","url":"https:\/\/aliancasocial.org\/","logo":{"@type":"ImageObject","inLanguage":"en-US","@id":"https:\/\/aliancasocial.org\/#\/schema\/logo\/image\/","url":"https:\/\/aliancasocial.org\/wp-content\/uploads\/2022\/07\/logo-alianca-marrom.svg","contentUrl":"https:\/\/aliancasocial.org\/wp-content\/uploads\/2022\/07\/logo-alianca-marrom.svg","width":91,"height":33,"caption":"Alian\u00e7a de Miseric\u00f3rdia"},"image":{"@id":"https:\/\/aliancasocial.org\/#\/schema\/logo\/image\/"},"sameAs":["https:\/\/www.facebook.com\/iesmisericordia\/","https:\/\/www.instagram.com\/aliancademisericordia\/"]},{"@type":"Person","@id":"https:\/\/aliancasocial.org\/#\/schema\/person\/73a690df527bfd7df78ba35714ff67d4","name":"Fernanda Monzambani","image":{"@type":"ImageObject","inLanguage":"en-US","@id":"https:\/\/secure.gravatar.com\/avatar\/aa6d89063e21cd9638051b6cd0602c108d4b79b0898534c712d68409f7e5b64c?s=96&d=mm&r=g","url":"https:\/\/secure.gravatar.com\/avatar\/aa6d89063e21cd9638051b6cd0602c108d4b79b0898534c712d68409f7e5b64c?s=96&d=mm&r=g","contentUrl":"https:\/\/secure.gravatar.com\/avatar\/aa6d89063e21cd9638051b6cd0602c108d4b79b0898534c712d68409f7e5b64c?s=96&d=mm&r=g","caption":"Fernanda Monzambani"},"url":"https:\/\/aliancasocial.org\/en\/author\/fernanda\/"}]}},"_links":{"self":[{"href":"https:\/\/aliancasocial.org\/en\/wp-json\/wp\/v2\/posts\/11824","targetHints":{"allow":["GET"]}}],"collection":[{"href":"https:\/\/aliancasocial.org\/en\/wp-json\/wp\/v2\/posts"}],"about":[{"href":"https:\/\/aliancasocial.org\/en\/wp-json\/wp\/v2\/types\/post"}],"author":[{"embeddable":true,"href":"https:\/\/aliancasocial.org\/en\/wp-json\/wp\/v2\/users\/8"}],"replies":[{"embeddable":true,"href":"https:\/\/aliancasocial.org\/en\/wp-json\/wp\/v2\/comments?post=11824"}],"version-history":[{"count":1,"href":"https:\/\/aliancasocial.org\/en\/wp-json\/wp\/v2\/posts\/11824\/revisions"}],"predecessor-version":[{"id":11826,"href":"https:\/\/aliancasocial.org\/en\/wp-json\/wp\/v2\/posts\/11824\/revisions\/11826"}],"wp:featuredmedia":[{"embeddable":true,"href":"https:\/\/aliancasocial.org\/en\/wp-json\/wp\/v2\/media\/11825"}],"wp:attachment":[{"href":"https:\/\/aliancasocial.org\/en\/wp-json\/wp\/v2\/media?parent=11824"}],"wp:term":[{"taxonomy":"category","embeddable":true,"href":"https:\/\/aliancasocial.org\/en\/wp-json\/wp\/v2\/categories?post=11824"},{"taxonomy":"post_tag","embeddable":true,"href":"https:\/\/aliancasocial.org\/en\/wp-json\/wp\/v2\/tags?post=11824"},{"taxonomy":"destaques","embeddable":true,"href":"https:\/\/aliancasocial.org\/en\/wp-json\/wp\/v2\/destaques?post=11824"}],"curies":[{"name":"wp","href":"https:\/\/api.w.org\/{rel}","templated":true}]}}