{"id":11827,"date":"2025-07-01T16:00:02","date_gmt":"2025-07-01T19:00:02","guid":{"rendered":"https:\/\/aliancasocial.org\/?p=11827"},"modified":"2025-07-01T16:00:07","modified_gmt":"2025-07-01T19:00:07","slug":"festa-junina-do-sasf-centro-maria-paola-anima-familias-com-alegria-tradicao-e-solidariedade","status":"publish","type":"post","link":"https:\/\/aliancasocial.org\/en\/festa-junina-do-sasf-centro-maria-paola-anima-familias-com-alegria-tradicao-e-solidariedade\/","title":{"rendered":"SASF Centro Maria Paola&#039;s Festa Junina brings joy, tradition and solidarity to families"},"content":{"rendered":"<p>On June 28th, the <strong>SASF Centro Maria Paola<\/strong> held its traditional <strong>June celebration<\/strong>, bringing together families assisted by social services for a day full of fellowship and solidarity. The event provided moments of leisure, inclusion and joy for children, young people, adults and the elderly, reinforcing the mission of care and support for vulnerable communities.<\/p>\n\n\n\n<p><strong>A festival full of games and popular culture<\/strong><\/p>\n\n\n\n<p>The June festival atmosphere took over the SASF, with stalls offering games such as \u201cChicken in a Pan\u201d, \u201cBoca do Palha\u00e7o\u201d and the traditional fishing, which guaranteed fun for children and adults. In addition, a special area for face painting delighted the little ones, while the <strong>Happy Child Program corner<\/strong> brought activities adapted for children aged 0 to 3 and children with disabilities aged 0 to 6, reinforcing inclusion and a close look at different realities.<\/p>\n\n\n\n<p><strong>Typical delicacies and lots of fellowship<\/strong><\/p>\n\n\n\n<p>The June cuisine was also a highlight: hot dogs, canjica, broth, sweet and salty popcorn, gelatin and soft drinks were served to everyone with great care and attention. Participants especially praised the broth, praising the dedication of the kitchen staff and the quality of the food.<\/p>\n\n\n\n<p><strong>Bingo and solidarity<\/strong><\/p>\n\n\n\n<p>Another highlight of the party was the traditional bingo, with a raffle for several prizes, including stuffed animals and even a basic food basket, bringing moments of anticipation and joy to all families.<\/p>\n\n\n\n<p><strong>Volunteer support makes a difference<\/strong><\/p>\n\n\n\n<p>The party was only possible thanks to the support of volunteers, who helped with the stalls, cooking, photography and decoration, making the event even more special. Among them, we would like to thank:<\/p>\n\n\n\n<ul class=\"wp-block-list\">\n<li>Mario Augusto Alves da Cruz<\/li>\n\n\n\n<li>Alaide Gomes da Silva<\/li>\n\n\n\n<li>Nielson de Quadros Paulino<\/li>\n\n\n\n<li>Juliana da Silva Costa<\/li>\n\n\n\n<li>Maximino<\/li>\n\n\n\n<li>Maria Geni da Silva<\/li>\n\n\n\n<li>Erivaldo<\/li>\n<\/ul>\n\n\n\n<p>The union of these volunteers was essential to guarantee the success and beauty of the party.<\/p>\n\n\n\n<p><strong>Meet the SASF Maria Paola Center<\/strong><\/p>\n\n\n\n<p>The SASF Centro Maria Paola aims to strengthen the protective function of the family and prevent the disruption of family and social ties. The project plays a crucial role in the community, offering social assistance, psychological support, income generation workshops and socio-educational meetings, essential to prevent social isolation and strengthen family ties.<\/p>\n\n\n\n<p><strong>Help us continue to hold events like this! Make your donation to: <a href=\"mailto:doar@misericordia.com.br\">doar@misericordia.com.br<\/a><\/strong><\/p>","protected":false},"excerpt":{"rendered":"<p>No \u00faltimo dia 28 de junho, o SASF Centro Maria Paola realizou sua tradicional Festa Junina, reunindo as fam\u00edlias atendidas pelo servi\u00e7o social em um dia repleto de confraterniza\u00e7\u00e3o e solidariedade. O evento proporcionou momentos de lazer, inclus\u00e3o e alegria para crian\u00e7as, jovens, adultos e idosos, refor\u00e7ando a miss\u00e3o de cuidado e acolhimento junto \u00e0s [&hellip;]<\/p>\n","protected":false},"author":8,"featured_media":11830,"comment_status":"closed","ping_status":"closed","sticky":false,"template":"","format":"standard","meta":{"footnotes":""},"categories":[9],"tags":[],"destaques":[38],"class_list":["post-11827","post","type-post","status-publish","format-standard","has-post-thumbnail","hentry","category-educacao","destaques-destaque-03"],"yoast_head":"<!-- This site is optimized with the Yoast SEO plugin v27.4 - https:\/\/yoast.com\/product\/yoast-seo-wordpress\/ -->\n<title>Festa Junina do SASF Centro Maria Paola anima fam\u00edlias com alegria, tradi\u00e7\u00e3o e solidariedade - Alian\u00e7a de Miseric\u00f3rdia<\/title>\n<meta name=\"description\" content=\"No \u00faltimo dia 28 de junho, o SASF Centro Maria Paola realizou sua tradicional Festa Junina, reunindo as fam\u00edlias atendidas pelo servi\u00e7o social em um dia\" \/>\n<meta name=\"robots\" content=\"index, follow, max-snippet:-1, max-image-preview:large, max-video-preview:-1\" \/>\n<link rel=\"canonical\" href=\"https:\/\/aliancasocial.org\/en\/festa-junina-do-sasf-centro-maria-paola-anima-familias-com-alegria-tradicao-e-solidariedade\/\" \/>\n<meta property=\"og:locale\" content=\"en_US\" \/>\n<meta property=\"og:type\" content=\"article\" \/>\n<meta property=\"og:title\" content=\"Festa Junina do SASF Centro Maria Paola anima fam\u00edlias com alegria, tradi\u00e7\u00e3o e solidariedade - Alian\u00e7a de Miseric\u00f3rdia\" \/>\n<meta property=\"og:description\" content=\"No \u00faltimo dia 28 de junho, o SASF Centro Maria Paola realizou sua tradicional Festa Junina, reunindo as fam\u00edlias atendidas pelo servi\u00e7o social em um dia\" \/>\n<meta property=\"og:url\" content=\"https:\/\/aliancasocial.org\/en\/festa-junina-do-sasf-centro-maria-paola-anima-familias-com-alegria-tradicao-e-solidariedade\/\" \/>\n<meta property=\"og:site_name\" content=\"Alian\u00e7a de Miseric\u00f3rdia\" \/>\n<meta property=\"article:publisher\" content=\"https:\/\/www.facebook.com\/iesmisericordia\/\" \/>\n<meta property=\"article:published_time\" content=\"2025-07-01T19:00:02+00:00\" \/>\n<meta property=\"article:modified_time\" content=\"2025-07-01T19:00:07+00:00\" \/>\n<meta property=\"og:image\" content=\"https:\/\/aliancasocial.org\/wp-content\/uploads\/2025\/07\/GEPEF-Banner-me\u0301dio-formato-EUA-horizontal9-1024x512.png\" \/>\n\t<meta property=\"og:image:width\" content=\"1024\" \/>\n\t<meta property=\"og:image:height\" content=\"512\" \/>\n\t<meta property=\"og:image:type\" content=\"image\/png\" \/>\n<meta name=\"author\" content=\"Fernanda Monzambani\" \/>\n<meta name=\"twitter:card\" content=\"summary_large_image\" \/>\n<meta name=\"twitter:label1\" content=\"Written by\" \/>\n\t<meta name=\"twitter:data1\" content=\"Fernanda Monzambani\" \/>\n\t<meta name=\"twitter:label2\" content=\"Est. reading time\" \/>\n\t<meta name=\"twitter:data2\" content=\"3 minutes\" \/>\n<script type=\"application\/ld+json\" class=\"yoast-schema-graph\">{\"@context\":\"https:\\\/\\\/schema.org\",\"@graph\":[{\"@type\":\"Article\",\"@id\":\"https:\\\/\\\/aliancasocial.org\\\/festa-junina-do-sasf-centro-maria-paola-anima-familias-com-alegria-tradicao-e-solidariedade\\\/#article\",\"isPartOf\":{\"@id\":\"https:\\\/\\\/aliancasocial.org\\\/festa-junina-do-sasf-centro-maria-paola-anima-familias-com-alegria-tradicao-e-solidariedade\\\/\"},\"author\":{\"name\":\"Fernanda Monzambani\",\"@id\":\"https:\\\/\\\/aliancasocial.org\\\/#\\\/schema\\\/person\\\/73a690df527bfd7df78ba35714ff67d4\"},\"headline\":\"Festa Junina do SASF Centro Maria Paola anima fam\u00edlias com alegria, tradi\u00e7\u00e3o e solidariedade\",\"datePublished\":\"2025-07-01T19:00:02+00:00\",\"dateModified\":\"2025-07-01T19:00:07+00:00\",\"mainEntityOfPage\":{\"@id\":\"https:\\\/\\\/aliancasocial.org\\\/festa-junina-do-sasf-centro-maria-paola-anima-familias-com-alegria-tradicao-e-solidariedade\\\/\"},\"wordCount\":440,\"publisher\":{\"@id\":\"https:\\\/\\\/aliancasocial.org\\\/#organization\"},\"image\":{\"@id\":\"https:\\\/\\\/aliancasocial.org\\\/festa-junina-do-sasf-centro-maria-paola-anima-familias-com-alegria-tradicao-e-solidariedade\\\/#primaryimage\"},\"thumbnailUrl\":\"https:\\\/\\\/aliancasocial.org\\\/wp-content\\\/uploads\\\/2025\\\/07\\\/GEPEF-Banner-me\u0301dio-formato-EUA-horizontal9-scaled.png\",\"articleSection\":[\"Educa\u00e7\u00e3o\"],\"inLanguage\":\"en-US\"},{\"@type\":\"WebPage\",\"@id\":\"https:\\\/\\\/aliancasocial.org\\\/festa-junina-do-sasf-centro-maria-paola-anima-familias-com-alegria-tradicao-e-solidariedade\\\/\",\"url\":\"https:\\\/\\\/aliancasocial.org\\\/festa-junina-do-sasf-centro-maria-paola-anima-familias-com-alegria-tradicao-e-solidariedade\\\/\",\"name\":\"Festa Junina do SASF Centro Maria Paola anima fam\u00edlias com alegria, tradi\u00e7\u00e3o e solidariedade - Alian\u00e7a de Miseric\u00f3rdia\",\"isPartOf\":{\"@id\":\"https:\\\/\\\/aliancasocial.org\\\/#website\"},\"primaryImageOfPage\":{\"@id\":\"https:\\\/\\\/aliancasocial.org\\\/festa-junina-do-sasf-centro-maria-paola-anima-familias-com-alegria-tradicao-e-solidariedade\\\/#primaryimage\"},\"image\":{\"@id\":\"https:\\\/\\\/aliancasocial.org\\\/festa-junina-do-sasf-centro-maria-paola-anima-familias-com-alegria-tradicao-e-solidariedade\\\/#primaryimage\"},\"thumbnailUrl\":\"https:\\\/\\\/aliancasocial.org\\\/wp-content\\\/uploads\\\/2025\\\/07\\\/GEPEF-Banner-me\u0301dio-formato-EUA-horizontal9-scaled.png\",\"datePublished\":\"2025-07-01T19:00:02+00:00\",\"dateModified\":\"2025-07-01T19:00:07+00:00\",\"description\":\"No \u00faltimo dia 28 de junho, o SASF Centro Maria Paola realizou sua tradicional Festa Junina, reunindo as fam\u00edlias atendidas pelo servi\u00e7o social em um dia\",\"breadcrumb\":{\"@id\":\"https:\\\/\\\/aliancasocial.org\\\/festa-junina-do-sasf-centro-maria-paola-anima-familias-com-alegria-tradicao-e-solidariedade\\\/#breadcrumb\"},\"inLanguage\":\"en-US\",\"potentialAction\":[{\"@type\":\"ReadAction\",\"target\":[\"https:\\\/\\\/aliancasocial.org\\\/festa-junina-do-sasf-centro-maria-paola-anima-familias-com-alegria-tradicao-e-solidariedade\\\/\"]}]},{\"@type\":\"ImageObject\",\"inLanguage\":\"en-US\",\"@id\":\"https:\\\/\\\/aliancasocial.org\\\/festa-junina-do-sasf-centro-maria-paola-anima-familias-com-alegria-tradicao-e-solidariedade\\\/#primaryimage\",\"url\":\"https:\\\/\\\/aliancasocial.org\\\/wp-content\\\/uploads\\\/2025\\\/07\\\/GEPEF-Banner-me\u0301dio-formato-EUA-horizontal9-scaled.png\",\"contentUrl\":\"https:\\\/\\\/aliancasocial.org\\\/wp-content\\\/uploads\\\/2025\\\/07\\\/GEPEF-Banner-me\u0301dio-formato-EUA-horizontal9-scaled.png\",\"width\":2560,\"height\":1280},{\"@type\":\"BreadcrumbList\",\"@id\":\"https:\\\/\\\/aliancasocial.org\\\/festa-junina-do-sasf-centro-maria-paola-anima-familias-com-alegria-tradicao-e-solidariedade\\\/#breadcrumb\",\"itemListElement\":[{\"@type\":\"ListItem\",\"position\":1,\"name\":\"In\u00edcio\",\"item\":\"https:\\\/\\\/aliancasocial.org\\\/en\\\/\"},{\"@type\":\"ListItem\",\"position\":2,\"name\":\"Festa Junina do SASF Centro Maria Paola anima fam\u00edlias com alegria, tradi\u00e7\u00e3o e solidariedade\"}]},{\"@type\":\"WebSite\",\"@id\":\"https:\\\/\\\/aliancasocial.org\\\/#website\",\"url\":\"https:\\\/\\\/aliancasocial.org\\\/\",\"name\":\"Alian\u00e7a de Miseric\u00f3rdia\",\"description\":\"Levando dignidade humana a todos os cantos do mundo\",\"publisher\":{\"@id\":\"https:\\\/\\\/aliancasocial.org\\\/#organization\"},\"potentialAction\":[{\"@type\":\"SearchAction\",\"target\":{\"@type\":\"EntryPoint\",\"urlTemplate\":\"https:\\\/\\\/aliancasocial.org\\\/?s={search_term_string}\"},\"query-input\":{\"@type\":\"PropertyValueSpecification\",\"valueRequired\":true,\"valueName\":\"search_term_string\"}}],\"inLanguage\":\"en-US\"},{\"@type\":\"Organization\",\"@id\":\"https:\\\/\\\/aliancasocial.org\\\/#organization\",\"name\":\"Alian\u00e7a de Miseric\u00f3rdia\",\"url\":\"https:\\\/\\\/aliancasocial.org\\\/\",\"logo\":{\"@type\":\"ImageObject\",\"inLanguage\":\"en-US\",\"@id\":\"https:\\\/\\\/aliancasocial.org\\\/#\\\/schema\\\/logo\\\/image\\\/\",\"url\":\"https:\\\/\\\/aliancasocial.org\\\/wp-content\\\/uploads\\\/2022\\\/07\\\/logo-alianca-marrom.svg\",\"contentUrl\":\"https:\\\/\\\/aliancasocial.org\\\/wp-content\\\/uploads\\\/2022\\\/07\\\/logo-alianca-marrom.svg\",\"width\":91,\"height\":33,\"caption\":\"Alian\u00e7a de Miseric\u00f3rdia\"},\"image\":{\"@id\":\"https:\\\/\\\/aliancasocial.org\\\/#\\\/schema\\\/logo\\\/image\\\/\"},\"sameAs\":[\"https:\\\/\\\/www.facebook.com\\\/iesmisericordia\\\/\",\"https:\\\/\\\/www.instagram.com\\\/aliancademisericordia\\\/\"]},{\"@type\":\"Person\",\"@id\":\"https:\\\/\\\/aliancasocial.org\\\/#\\\/schema\\\/person\\\/73a690df527bfd7df78ba35714ff67d4\",\"name\":\"Fernanda Monzambani\",\"image\":{\"@type\":\"ImageObject\",\"inLanguage\":\"en-US\",\"@id\":\"https:\\\/\\\/secure.gravatar.com\\\/avatar\\\/aa6d89063e21cd9638051b6cd0602c108d4b79b0898534c712d68409f7e5b64c?s=96&d=mm&r=g\",\"url\":\"https:\\\/\\\/secure.gravatar.com\\\/avatar\\\/aa6d89063e21cd9638051b6cd0602c108d4b79b0898534c712d68409f7e5b64c?s=96&d=mm&r=g\",\"contentUrl\":\"https:\\\/\\\/secure.gravatar.com\\\/avatar\\\/aa6d89063e21cd9638051b6cd0602c108d4b79b0898534c712d68409f7e5b64c?s=96&d=mm&r=g\",\"caption\":\"Fernanda Monzambani\"},\"url\":\"https:\\\/\\\/aliancasocial.org\\\/en\\\/author\\\/fernanda\\\/\"}]}<\/script>\n<!-- \/ Yoast SEO plugin. -->","yoast_head_json":{"title":"Festa Junina do SASF Centro Maria Paola anima fam\u00edlias com alegria, tradi\u00e7\u00e3o e solidariedade - Alian\u00e7a de Miseric\u00f3rdia","description":"No \u00faltimo dia 28 de junho, o SASF Centro Maria Paola realizou sua tradicional Festa Junina, reunindo as fam\u00edlias atendidas pelo servi\u00e7o social em um dia","robots":{"index":"index","follow":"follow","max-snippet":"max-snippet:-1","max-image-preview":"max-image-preview:large","max-video-preview":"max-video-preview:-1"},"canonical":"https:\/\/aliancasocial.org\/en\/festa-junina-do-sasf-centro-maria-paola-anima-familias-com-alegria-tradicao-e-solidariedade\/","og_locale":"en_US","og_type":"article","og_title":"Festa Junina do SASF Centro Maria Paola anima fam\u00edlias com alegria, tradi\u00e7\u00e3o e solidariedade - Alian\u00e7a de Miseric\u00f3rdia","og_description":"No \u00faltimo dia 28 de junho, o SASF Centro Maria Paola realizou sua tradicional Festa Junina, reunindo as fam\u00edlias atendidas pelo servi\u00e7o social em um dia","og_url":"https:\/\/aliancasocial.org\/en\/festa-junina-do-sasf-centro-maria-paola-anima-familias-com-alegria-tradicao-e-solidariedade\/","og_site_name":"Alian\u00e7a de Miseric\u00f3rdia","article_publisher":"https:\/\/www.facebook.com\/iesmisericordia\/","article_published_time":"2025-07-01T19:00:02+00:00","article_modified_time":"2025-07-01T19:00:07+00:00","og_image":[{"width":1024,"height":512,"url":"https:\/\/aliancasocial.org\/wp-content\/uploads\/2025\/07\/GEPEF-Banner-me\u0301dio-formato-EUA-horizontal9-1024x512.png","type":"image\/png"}],"author":"Fernanda Monzambani","twitter_card":"summary_large_image","twitter_misc":{"Written by":"Fernanda Monzambani","Est. reading time":"3 minutes"},"schema":{"@context":"https:\/\/schema.org","@graph":[{"@type":"Article","@id":"https:\/\/aliancasocial.org\/festa-junina-do-sasf-centro-maria-paola-anima-familias-com-alegria-tradicao-e-solidariedade\/#article","isPartOf":{"@id":"https:\/\/aliancasocial.org\/festa-junina-do-sasf-centro-maria-paola-anima-familias-com-alegria-tradicao-e-solidariedade\/"},"author":{"name":"Fernanda Monzambani","@id":"https:\/\/aliancasocial.org\/#\/schema\/person\/73a690df527bfd7df78ba35714ff67d4"},"headline":"Festa Junina do SASF Centro Maria Paola anima fam\u00edlias com alegria, tradi\u00e7\u00e3o e solidariedade","datePublished":"2025-07-01T19:00:02+00:00","dateModified":"2025-07-01T19:00:07+00:00","mainEntityOfPage":{"@id":"https:\/\/aliancasocial.org\/festa-junina-do-sasf-centro-maria-paola-anima-familias-com-alegria-tradicao-e-solidariedade\/"},"wordCount":440,"publisher":{"@id":"https:\/\/aliancasocial.org\/#organization"},"image":{"@id":"https:\/\/aliancasocial.org\/festa-junina-do-sasf-centro-maria-paola-anima-familias-com-alegria-tradicao-e-solidariedade\/#primaryimage"},"thumbnailUrl":"https:\/\/aliancasocial.org\/wp-content\/uploads\/2025\/07\/GEPEF-Banner-me\u0301dio-formato-EUA-horizontal9-scaled.png","articleSection":["Educa\u00e7\u00e3o"],"inLanguage":"en-US"},{"@type":"WebPage","@id":"https:\/\/aliancasocial.org\/festa-junina-do-sasf-centro-maria-paola-anima-familias-com-alegria-tradicao-e-solidariedade\/","url":"https:\/\/aliancasocial.org\/festa-junina-do-sasf-centro-maria-paola-anima-familias-com-alegria-tradicao-e-solidariedade\/","name":"Festa Junina do SASF Centro Maria Paola anima fam\u00edlias com alegria, tradi\u00e7\u00e3o e solidariedade - Alian\u00e7a de Miseric\u00f3rdia","isPartOf":{"@id":"https:\/\/aliancasocial.org\/#website"},"primaryImageOfPage":{"@id":"https:\/\/aliancasocial.org\/festa-junina-do-sasf-centro-maria-paola-anima-familias-com-alegria-tradicao-e-solidariedade\/#primaryimage"},"image":{"@id":"https:\/\/aliancasocial.org\/festa-junina-do-sasf-centro-maria-paola-anima-familias-com-alegria-tradicao-e-solidariedade\/#primaryimage"},"thumbnailUrl":"https:\/\/aliancasocial.org\/wp-content\/uploads\/2025\/07\/GEPEF-Banner-me\u0301dio-formato-EUA-horizontal9-scaled.png","datePublished":"2025-07-01T19:00:02+00:00","dateModified":"2025-07-01T19:00:07+00:00","description":"No \u00faltimo dia 28 de junho, o SASF Centro Maria Paola realizou sua tradicional Festa Junina, reunindo as fam\u00edlias atendidas pelo servi\u00e7o social em um dia","breadcrumb":{"@id":"https:\/\/aliancasocial.org\/festa-junina-do-sasf-centro-maria-paola-anima-familias-com-alegria-tradicao-e-solidariedade\/#breadcrumb"},"inLanguage":"en-US","potentialAction":[{"@type":"ReadAction","target":["https:\/\/aliancasocial.org\/festa-junina-do-sasf-centro-maria-paola-anima-familias-com-alegria-tradicao-e-solidariedade\/"]}]},{"@type":"ImageObject","inLanguage":"en-US","@id":"https:\/\/aliancasocial.org\/festa-junina-do-sasf-centro-maria-paola-anima-familias-com-alegria-tradicao-e-solidariedade\/#primaryimage","url":"https:\/\/aliancasocial.org\/wp-content\/uploads\/2025\/07\/GEPEF-Banner-me\u0301dio-formato-EUA-horizontal9-scaled.png","contentUrl":"https:\/\/aliancasocial.org\/wp-content\/uploads\/2025\/07\/GEPEF-Banner-me\u0301dio-formato-EUA-horizontal9-scaled.png","width":2560,"height":1280},{"@type":"BreadcrumbList","@id":"https:\/\/aliancasocial.org\/festa-junina-do-sasf-centro-maria-paola-anima-familias-com-alegria-tradicao-e-solidariedade\/#breadcrumb","itemListElement":[{"@type":"ListItem","position":1,"name":"In\u00edcio","item":"https:\/\/aliancasocial.org\/en\/"},{"@type":"ListItem","position":2,"name":"Festa Junina do SASF Centro Maria Paola anima fam\u00edlias com alegria, tradi\u00e7\u00e3o e solidariedade"}]},{"@type":"WebSite","@id":"https:\/\/aliancasocial.org\/#website","url":"https:\/\/aliancasocial.org\/","name":"Covenant of Mercy","description":"Bringing human dignity to every corner of the world","publisher":{"@id":"https:\/\/aliancasocial.org\/#organization"},"potentialAction":[{"@type":"SearchAction","target":{"@type":"EntryPoint","urlTemplate":"https:\/\/aliancasocial.org\/?s={search_term_string}"},"query-input":{"@type":"PropertyValueSpecification","valueRequired":true,"valueName":"search_term_string"}}],"inLanguage":"en-US"},{"@type":"Organization","@id":"https:\/\/aliancasocial.org\/#organization","name":"Covenant of Mercy","url":"https:\/\/aliancasocial.org\/","logo":{"@type":"ImageObject","inLanguage":"en-US","@id":"https:\/\/aliancasocial.org\/#\/schema\/logo\/image\/","url":"https:\/\/aliancasocial.org\/wp-content\/uploads\/2022\/07\/logo-alianca-marrom.svg","contentUrl":"https:\/\/aliancasocial.org\/wp-content\/uploads\/2022\/07\/logo-alianca-marrom.svg","width":91,"height":33,"caption":"Alian\u00e7a de Miseric\u00f3rdia"},"image":{"@id":"https:\/\/aliancasocial.org\/#\/schema\/logo\/image\/"},"sameAs":["https:\/\/www.facebook.com\/iesmisericordia\/","https:\/\/www.instagram.com\/aliancademisericordia\/"]},{"@type":"Person","@id":"https:\/\/aliancasocial.org\/#\/schema\/person\/73a690df527bfd7df78ba35714ff67d4","name":"Fernanda Monzambani","image":{"@type":"ImageObject","inLanguage":"en-US","@id":"https:\/\/secure.gravatar.com\/avatar\/aa6d89063e21cd9638051b6cd0602c108d4b79b0898534c712d68409f7e5b64c?s=96&d=mm&r=g","url":"https:\/\/secure.gravatar.com\/avatar\/aa6d89063e21cd9638051b6cd0602c108d4b79b0898534c712d68409f7e5b64c?s=96&d=mm&r=g","contentUrl":"https:\/\/secure.gravatar.com\/avatar\/aa6d89063e21cd9638051b6cd0602c108d4b79b0898534c712d68409f7e5b64c?s=96&d=mm&r=g","caption":"Fernanda Monzambani"},"url":"https:\/\/aliancasocial.org\/en\/author\/fernanda\/"}]}},"_links":{"self":[{"href":"https:\/\/aliancasocial.org\/en\/wp-json\/wp\/v2\/posts\/11827","targetHints":{"allow":["GET"]}}],"collection":[{"href":"https:\/\/aliancasocial.org\/en\/wp-json\/wp\/v2\/posts"}],"about":[{"href":"https:\/\/aliancasocial.org\/en\/wp-json\/wp\/v2\/types\/post"}],"author":[{"embeddable":true,"href":"https:\/\/aliancasocial.org\/en\/wp-json\/wp\/v2\/users\/8"}],"replies":[{"embeddable":true,"href":"https:\/\/aliancasocial.org\/en\/wp-json\/wp\/v2\/comments?post=11827"}],"version-history":[{"count":1,"href":"https:\/\/aliancasocial.org\/en\/wp-json\/wp\/v2\/posts\/11827\/revisions"}],"predecessor-version":[{"id":11831,"href":"https:\/\/aliancasocial.org\/en\/wp-json\/wp\/v2\/posts\/11827\/revisions\/11831"}],"wp:featuredmedia":[{"embeddable":true,"href":"https:\/\/aliancasocial.org\/en\/wp-json\/wp\/v2\/media\/11830"}],"wp:attachment":[{"href":"https:\/\/aliancasocial.org\/en\/wp-json\/wp\/v2\/media?parent=11827"}],"wp:term":[{"taxonomy":"category","embeddable":true,"href":"https:\/\/aliancasocial.org\/en\/wp-json\/wp\/v2\/categories?post=11827"},{"taxonomy":"post_tag","embeddable":true,"href":"https:\/\/aliancasocial.org\/en\/wp-json\/wp\/v2\/tags?post=11827"},{"taxonomy":"destaques","embeddable":true,"href":"https:\/\/aliancasocial.org\/en\/wp-json\/wp\/v2\/destaques?post=11827"}],"curies":[{"name":"wp","href":"https:\/\/api.w.org\/{rel}","templated":true}]}}