{"id":11832,"date":"2025-07-14T10:43:39","date_gmt":"2025-07-14T13:43:39","guid":{"rendered":"https:\/\/aliancasocial.org\/?p=11832"},"modified":"2025-07-14T10:43:44","modified_gmt":"2025-07-14T13:43:44","slug":"alianca-realiza-acao-de-doacao-de-sangue-com-colaboradores-um-gesto-que-salva-vidas","status":"publish","type":"post","link":"https:\/\/aliancasocial.org\/en\/alianca-realiza-acao-de-doacao-de-sangue-com-colaboradores-um-gesto-que-salva-vidas\/","title":{"rendered":"Alliance carries out blood donation campaign with employees: a gesture that saves lives\u00a0\u00a0"},"content":{"rendered":"<p>Last week, Alian\u00e7a de Miseric\u00f3rdia organized a voluntary blood donation campaign among its employees at the Hemon\u00facleo da Benefic\u00eancia Portuguesa. Twelve employees participated in the initiative, which was the institution&#039;s first time and has already left a desire to do it again.&nbsp;<\/p>\n\n\n\n<p>More than a gesture of solidarity, the action sparked profound reflections on how we can give so much with so little. In fact, we can give life. For Selma Alves, Human Resources Manager at Alian\u00e7a and the creator of the initiative, this was an experience of great personal and collective value.<em>For years, I donated blood because I knew how important it was, but it wasn&#039;t until a moment of vulnerability, needing to receive four bags of blood, that I understood the value of each drop. At that moment, I stretched out my arm no longer to offer, but to receive what would save my life.<\/em>\u201d, he shared.&nbsp;<\/p>\n\n\n\n<p>Furthermore, the action has a direct impact on blood stocks, which go through a critical period during the winter. The initiative also revealed the power of joint action. <em>&quot;Taking a group, being together, talking, laughing, and sharing the moment... it&#039;s transformative. It&#039;s very different from just sending an email suggesting everyone go alone. The communal experience strengthens bonds and inspires new steps.&quot;<\/em> reflected the manager.&nbsp;<\/p>\n\n\n\n<p><em>&quot;This decision came from a very special inspiration: Selma. It was seeing her attitude, her empathy, and her care for others that truly touched me. It made me think about how many lives can be impacted by such a simple, yet so necessary, gesture. We&#039;re always rushing around, solving a thousand things, but sometimes we forget the power we have in our hands, or rather, in our blood. Literally! I donated with a full heart, thinking of people I don&#039;t even know, but who might have another day of life because of a blood bag.&quot;<\/em> reported collaborator Diego Sim\u00f5es.&nbsp;<\/p>\n\n\n\n<p>For Marcela Lira, the experience was a process that generated gratitude: <em>&quot;When the idea of donating blood came up, I hesitated. But I think the attitude of someone who donates consistently is very beautiful. I remembered a previous occasion when I tried to donate for my grandmother. Even though I was prepared, I couldn&#039;t, perhaps because I was nervous. That&#039;s why I doubted it would work this time. My veins are difficult, and I feared the trip would be in vain. But I stopped to think: &#039;I was healthy, I had energy, and I knew my attitude could make a difference in someone&#039;s life.&#039; Even with my fear, I decided to try.&quot; <\/em>&nbsp;<br><strong><em>And I did it. Even though I had difficulty with the vein, I donated. <\/em><\/strong><em>And it was an immense joy. The feeling of contributing to someone&#039;s life overcame any discomfort. I felt profound happiness. Today, looking back on this experience, I&#039;m even more grateful for my health. While so many people fight for their lives, I realize the value of a simple gesture like this. Donating blood is an act of hope, for both the recipient and the donor.<\/em>&nbsp;<\/p>\n\n\n\n<p>And to Juliana Silvestre: \u201c<em>My blood donation was special because I understand that if everyone made an effort to donate, our reality would be different. I see so many brothers and sisters in hospital beds needing our &quot;yes.&quot; As a Eucharistic Minister, I saw so many situations where only unity and charity depended on saving a life. That moment changed my perspective and opened up the range of possibilities for helping, among them, donating life, which is donating blood.<\/em>&nbsp;<\/p>\n\n\n\n<p>For the Alliance, this was just the first of many initiatives aimed at increasing engagement, solidarity, and civic awareness among its employees. Because donating blood is donating life, and donating together is multiplying hope.&nbsp;<\/p>\n\n\n\n<p><\/p>","protected":false},"excerpt":{"rendered":"<p>Na \u00faltima semana, a Alian\u00e7a de Miseric\u00f3rdia promoveu uma a\u00e7\u00e3o volunt\u00e1ria entre seus colaboradores para doa\u00e7\u00e3o de sangue no Hemon\u00facleo da Benefic\u00eancia Portuguesa. Doze colaboradores participaram da iniciativa, que foi realizada pela primeira vez pela institui\u00e7\u00e3o, e j\u00e1 deixou o desejo de se repetir.&nbsp; Mais do que um gesto solid\u00e1rio, a a\u00e7\u00e3o despertou reflex\u00f5es profundas [&hellip;]<\/p>\n","protected":false},"author":8,"featured_media":11833,"comment_status":"closed","ping_status":"closed","sticky":false,"template":"","format":"standard","meta":{"footnotes":""},"categories":[47],"tags":[],"destaques":[36],"class_list":["post-11832","post","type-post","status-publish","format-standard","has-post-thumbnail","hentry","category-responsabilidade-social","destaques-destaque-01"],"yoast_head":"<!-- This site is optimized with the Yoast SEO plugin v27.4 - https:\/\/yoast.com\/product\/yoast-seo-wordpress\/ -->\n<title>Alian\u00e7a realiza a\u00e7\u00e3o de doa\u00e7\u00e3o de sangue com colaboradores: um gesto que salva vidas\u00a0\u00a0 - Alian\u00e7a de Miseric\u00f3rdia<\/title>\n<meta name=\"description\" content=\"Na \u00faltima semana, a Alian\u00e7a de Miseric\u00f3rdia promoveu uma a\u00e7\u00e3o volunt\u00e1ria entre seus colaboradores para doa\u00e7\u00e3o de sangue no Hemon\u00facleo da Benefic\u00eancia\" \/>\n<meta name=\"robots\" content=\"index, follow, max-snippet:-1, max-image-preview:large, max-video-preview:-1\" \/>\n<link rel=\"canonical\" href=\"https:\/\/aliancasocial.org\/en\/alianca-realiza-acao-de-doacao-de-sangue-com-colaboradores-um-gesto-que-salva-vidas\/\" \/>\n<meta property=\"og:locale\" content=\"en_US\" \/>\n<meta property=\"og:type\" content=\"article\" \/>\n<meta property=\"og:title\" content=\"Alian\u00e7a realiza a\u00e7\u00e3o de doa\u00e7\u00e3o de sangue com colaboradores: um gesto que salva vidas\u00a0\u00a0 - Alian\u00e7a de Miseric\u00f3rdia\" \/>\n<meta property=\"og:description\" content=\"Na \u00faltima semana, a Alian\u00e7a de Miseric\u00f3rdia promoveu uma a\u00e7\u00e3o volunt\u00e1ria entre seus colaboradores para doa\u00e7\u00e3o de sangue no Hemon\u00facleo da Benefic\u00eancia\" \/>\n<meta property=\"og:url\" content=\"https:\/\/aliancasocial.org\/en\/alianca-realiza-acao-de-doacao-de-sangue-com-colaboradores-um-gesto-que-salva-vidas\/\" \/>\n<meta property=\"og:site_name\" content=\"Alian\u00e7a de Miseric\u00f3rdia\" \/>\n<meta property=\"article:publisher\" content=\"https:\/\/www.facebook.com\/iesmisericordia\/\" \/>\n<meta property=\"article:published_time\" content=\"2025-07-14T13:43:39+00:00\" \/>\n<meta property=\"article:modified_time\" content=\"2025-07-14T13:43:44+00:00\" \/>\n<meta property=\"og:image\" content=\"https:\/\/aliancasocial.org\/wp-content\/uploads\/2025\/07\/GEPEF-Banner-me\u0301dio-formato-EUA-horizontal11-scaled.png\" \/>\n\t<meta property=\"og:image:width\" content=\"2560\" \/>\n\t<meta property=\"og:image:height\" content=\"1280\" \/>\n\t<meta property=\"og:image:type\" content=\"image\/png\" \/>\n<meta name=\"author\" content=\"Fernanda Monzambani\" \/>\n<meta name=\"twitter:card\" content=\"summary_large_image\" \/>\n<meta name=\"twitter:label1\" content=\"Written by\" \/>\n\t<meta name=\"twitter:data1\" content=\"Fernanda Monzambani\" \/>\n\t<meta name=\"twitter:label2\" content=\"Est. reading time\" \/>\n\t<meta name=\"twitter:data2\" content=\"4 minutes\" \/>\n<script type=\"application\/ld+json\" class=\"yoast-schema-graph\">{\"@context\":\"https:\\\/\\\/schema.org\",\"@graph\":[{\"@type\":\"Article\",\"@id\":\"https:\\\/\\\/aliancasocial.org\\\/alianca-realiza-acao-de-doacao-de-sangue-com-colaboradores-um-gesto-que-salva-vidas\\\/#article\",\"isPartOf\":{\"@id\":\"https:\\\/\\\/aliancasocial.org\\\/alianca-realiza-acao-de-doacao-de-sangue-com-colaboradores-um-gesto-que-salva-vidas\\\/\"},\"author\":{\"name\":\"Fernanda Monzambani\",\"@id\":\"https:\\\/\\\/aliancasocial.org\\\/#\\\/schema\\\/person\\\/73a690df527bfd7df78ba35714ff67d4\"},\"headline\":\"Alian\u00e7a realiza a\u00e7\u00e3o de doa\u00e7\u00e3o de sangue com colaboradores: um gesto que salva vidas\u00a0\u00a0\",\"datePublished\":\"2025-07-14T13:43:39+00:00\",\"dateModified\":\"2025-07-14T13:43:44+00:00\",\"mainEntityOfPage\":{\"@id\":\"https:\\\/\\\/aliancasocial.org\\\/alianca-realiza-acao-de-doacao-de-sangue-com-colaboradores-um-gesto-que-salva-vidas\\\/\"},\"wordCount\":687,\"publisher\":{\"@id\":\"https:\\\/\\\/aliancasocial.org\\\/#organization\"},\"image\":{\"@id\":\"https:\\\/\\\/aliancasocial.org\\\/alianca-realiza-acao-de-doacao-de-sangue-com-colaboradores-um-gesto-que-salva-vidas\\\/#primaryimage\"},\"thumbnailUrl\":\"https:\\\/\\\/aliancasocial.org\\\/wp-content\\\/uploads\\\/2025\\\/07\\\/GEPEF-Banner-me\u0301dio-formato-EUA-horizontal11-scaled.png\",\"articleSection\":[\"Responsabilidade Social\"],\"inLanguage\":\"en-US\"},{\"@type\":\"WebPage\",\"@id\":\"https:\\\/\\\/aliancasocial.org\\\/alianca-realiza-acao-de-doacao-de-sangue-com-colaboradores-um-gesto-que-salva-vidas\\\/\",\"url\":\"https:\\\/\\\/aliancasocial.org\\\/alianca-realiza-acao-de-doacao-de-sangue-com-colaboradores-um-gesto-que-salva-vidas\\\/\",\"name\":\"Alian\u00e7a realiza a\u00e7\u00e3o de doa\u00e7\u00e3o de sangue com colaboradores: um gesto que salva vidas\u00a0\u00a0 - Alian\u00e7a de Miseric\u00f3rdia\",\"isPartOf\":{\"@id\":\"https:\\\/\\\/aliancasocial.org\\\/#website\"},\"primaryImageOfPage\":{\"@id\":\"https:\\\/\\\/aliancasocial.org\\\/alianca-realiza-acao-de-doacao-de-sangue-com-colaboradores-um-gesto-que-salva-vidas\\\/#primaryimage\"},\"image\":{\"@id\":\"https:\\\/\\\/aliancasocial.org\\\/alianca-realiza-acao-de-doacao-de-sangue-com-colaboradores-um-gesto-que-salva-vidas\\\/#primaryimage\"},\"thumbnailUrl\":\"https:\\\/\\\/aliancasocial.org\\\/wp-content\\\/uploads\\\/2025\\\/07\\\/GEPEF-Banner-me\u0301dio-formato-EUA-horizontal11-scaled.png\",\"datePublished\":\"2025-07-14T13:43:39+00:00\",\"dateModified\":\"2025-07-14T13:43:44+00:00\",\"description\":\"Na \u00faltima semana, a Alian\u00e7a de Miseric\u00f3rdia promoveu uma a\u00e7\u00e3o volunt\u00e1ria entre seus colaboradores para doa\u00e7\u00e3o de sangue no Hemon\u00facleo da Benefic\u00eancia\",\"breadcrumb\":{\"@id\":\"https:\\\/\\\/aliancasocial.org\\\/alianca-realiza-acao-de-doacao-de-sangue-com-colaboradores-um-gesto-que-salva-vidas\\\/#breadcrumb\"},\"inLanguage\":\"en-US\",\"potentialAction\":[{\"@type\":\"ReadAction\",\"target\":[\"https:\\\/\\\/aliancasocial.org\\\/alianca-realiza-acao-de-doacao-de-sangue-com-colaboradores-um-gesto-que-salva-vidas\\\/\"]}]},{\"@type\":\"ImageObject\",\"inLanguage\":\"en-US\",\"@id\":\"https:\\\/\\\/aliancasocial.org\\\/alianca-realiza-acao-de-doacao-de-sangue-com-colaboradores-um-gesto-que-salva-vidas\\\/#primaryimage\",\"url\":\"https:\\\/\\\/aliancasocial.org\\\/wp-content\\\/uploads\\\/2025\\\/07\\\/GEPEF-Banner-me\u0301dio-formato-EUA-horizontal11-scaled.png\",\"contentUrl\":\"https:\\\/\\\/aliancasocial.org\\\/wp-content\\\/uploads\\\/2025\\\/07\\\/GEPEF-Banner-me\u0301dio-formato-EUA-horizontal11-scaled.png\",\"width\":2560,\"height\":1280},{\"@type\":\"BreadcrumbList\",\"@id\":\"https:\\\/\\\/aliancasocial.org\\\/alianca-realiza-acao-de-doacao-de-sangue-com-colaboradores-um-gesto-que-salva-vidas\\\/#breadcrumb\",\"itemListElement\":[{\"@type\":\"ListItem\",\"position\":1,\"name\":\"In\u00edcio\",\"item\":\"https:\\\/\\\/aliancasocial.org\\\/en\\\/\"},{\"@type\":\"ListItem\",\"position\":2,\"name\":\"Alian\u00e7a realiza a\u00e7\u00e3o de doa\u00e7\u00e3o de sangue com colaboradores: um gesto que salva vidas\u00a0\u00a0\"}]},{\"@type\":\"WebSite\",\"@id\":\"https:\\\/\\\/aliancasocial.org\\\/#website\",\"url\":\"https:\\\/\\\/aliancasocial.org\\\/\",\"name\":\"Alian\u00e7a de Miseric\u00f3rdia\",\"description\":\"Levando dignidade humana a todos os cantos do mundo\",\"publisher\":{\"@id\":\"https:\\\/\\\/aliancasocial.org\\\/#organization\"},\"potentialAction\":[{\"@type\":\"SearchAction\",\"target\":{\"@type\":\"EntryPoint\",\"urlTemplate\":\"https:\\\/\\\/aliancasocial.org\\\/?s={search_term_string}\"},\"query-input\":{\"@type\":\"PropertyValueSpecification\",\"valueRequired\":true,\"valueName\":\"search_term_string\"}}],\"inLanguage\":\"en-US\"},{\"@type\":\"Organization\",\"@id\":\"https:\\\/\\\/aliancasocial.org\\\/#organization\",\"name\":\"Alian\u00e7a de Miseric\u00f3rdia\",\"url\":\"https:\\\/\\\/aliancasocial.org\\\/\",\"logo\":{\"@type\":\"ImageObject\",\"inLanguage\":\"en-US\",\"@id\":\"https:\\\/\\\/aliancasocial.org\\\/#\\\/schema\\\/logo\\\/image\\\/\",\"url\":\"https:\\\/\\\/aliancasocial.org\\\/wp-content\\\/uploads\\\/2022\\\/07\\\/logo-alianca-marrom.svg\",\"contentUrl\":\"https:\\\/\\\/aliancasocial.org\\\/wp-content\\\/uploads\\\/2022\\\/07\\\/logo-alianca-marrom.svg\",\"width\":91,\"height\":33,\"caption\":\"Alian\u00e7a de Miseric\u00f3rdia\"},\"image\":{\"@id\":\"https:\\\/\\\/aliancasocial.org\\\/#\\\/schema\\\/logo\\\/image\\\/\"},\"sameAs\":[\"https:\\\/\\\/www.facebook.com\\\/iesmisericordia\\\/\",\"https:\\\/\\\/www.instagram.com\\\/aliancademisericordia\\\/\"]},{\"@type\":\"Person\",\"@id\":\"https:\\\/\\\/aliancasocial.org\\\/#\\\/schema\\\/person\\\/73a690df527bfd7df78ba35714ff67d4\",\"name\":\"Fernanda Monzambani\",\"image\":{\"@type\":\"ImageObject\",\"inLanguage\":\"en-US\",\"@id\":\"https:\\\/\\\/secure.gravatar.com\\\/avatar\\\/aa6d89063e21cd9638051b6cd0602c108d4b79b0898534c712d68409f7e5b64c?s=96&d=mm&r=g\",\"url\":\"https:\\\/\\\/secure.gravatar.com\\\/avatar\\\/aa6d89063e21cd9638051b6cd0602c108d4b79b0898534c712d68409f7e5b64c?s=96&d=mm&r=g\",\"contentUrl\":\"https:\\\/\\\/secure.gravatar.com\\\/avatar\\\/aa6d89063e21cd9638051b6cd0602c108d4b79b0898534c712d68409f7e5b64c?s=96&d=mm&r=g\",\"caption\":\"Fernanda Monzambani\"},\"url\":\"https:\\\/\\\/aliancasocial.org\\\/en\\\/author\\\/fernanda\\\/\"}]}<\/script>\n<!-- \/ Yoast SEO plugin. -->","yoast_head_json":{"title":"Alian\u00e7a realiza a\u00e7\u00e3o de doa\u00e7\u00e3o de sangue com colaboradores: um gesto que salva vidas\u00a0\u00a0 - Alian\u00e7a de Miseric\u00f3rdia","description":"Na \u00faltima semana, a Alian\u00e7a de Miseric\u00f3rdia promoveu uma a\u00e7\u00e3o volunt\u00e1ria entre seus colaboradores para doa\u00e7\u00e3o de sangue no Hemon\u00facleo da Benefic\u00eancia","robots":{"index":"index","follow":"follow","max-snippet":"max-snippet:-1","max-image-preview":"max-image-preview:large","max-video-preview":"max-video-preview:-1"},"canonical":"https:\/\/aliancasocial.org\/en\/alianca-realiza-acao-de-doacao-de-sangue-com-colaboradores-um-gesto-que-salva-vidas\/","og_locale":"en_US","og_type":"article","og_title":"Alian\u00e7a realiza a\u00e7\u00e3o de doa\u00e7\u00e3o de sangue com colaboradores: um gesto que salva vidas\u00a0\u00a0 - Alian\u00e7a de Miseric\u00f3rdia","og_description":"Na \u00faltima semana, a Alian\u00e7a de Miseric\u00f3rdia promoveu uma a\u00e7\u00e3o volunt\u00e1ria entre seus colaboradores para doa\u00e7\u00e3o de sangue no Hemon\u00facleo da Benefic\u00eancia","og_url":"https:\/\/aliancasocial.org\/en\/alianca-realiza-acao-de-doacao-de-sangue-com-colaboradores-um-gesto-que-salva-vidas\/","og_site_name":"Alian\u00e7a de Miseric\u00f3rdia","article_publisher":"https:\/\/www.facebook.com\/iesmisericordia\/","article_published_time":"2025-07-14T13:43:39+00:00","article_modified_time":"2025-07-14T13:43:44+00:00","og_image":[{"width":2560,"height":1280,"url":"https:\/\/aliancasocial.org\/wp-content\/uploads\/2025\/07\/GEPEF-Banner-me\u0301dio-formato-EUA-horizontal11-scaled.png","type":"image\/png"}],"author":"Fernanda Monzambani","twitter_card":"summary_large_image","twitter_misc":{"Written by":"Fernanda Monzambani","Est. reading time":"4 minutes"},"schema":{"@context":"https:\/\/schema.org","@graph":[{"@type":"Article","@id":"https:\/\/aliancasocial.org\/alianca-realiza-acao-de-doacao-de-sangue-com-colaboradores-um-gesto-que-salva-vidas\/#article","isPartOf":{"@id":"https:\/\/aliancasocial.org\/alianca-realiza-acao-de-doacao-de-sangue-com-colaboradores-um-gesto-que-salva-vidas\/"},"author":{"name":"Fernanda Monzambani","@id":"https:\/\/aliancasocial.org\/#\/schema\/person\/73a690df527bfd7df78ba35714ff67d4"},"headline":"Alian\u00e7a realiza a\u00e7\u00e3o de doa\u00e7\u00e3o de sangue com colaboradores: um gesto que salva vidas\u00a0\u00a0","datePublished":"2025-07-14T13:43:39+00:00","dateModified":"2025-07-14T13:43:44+00:00","mainEntityOfPage":{"@id":"https:\/\/aliancasocial.org\/alianca-realiza-acao-de-doacao-de-sangue-com-colaboradores-um-gesto-que-salva-vidas\/"},"wordCount":687,"publisher":{"@id":"https:\/\/aliancasocial.org\/#organization"},"image":{"@id":"https:\/\/aliancasocial.org\/alianca-realiza-acao-de-doacao-de-sangue-com-colaboradores-um-gesto-que-salva-vidas\/#primaryimage"},"thumbnailUrl":"https:\/\/aliancasocial.org\/wp-content\/uploads\/2025\/07\/GEPEF-Banner-me\u0301dio-formato-EUA-horizontal11-scaled.png","articleSection":["Responsabilidade Social"],"inLanguage":"en-US"},{"@type":"WebPage","@id":"https:\/\/aliancasocial.org\/alianca-realiza-acao-de-doacao-de-sangue-com-colaboradores-um-gesto-que-salva-vidas\/","url":"https:\/\/aliancasocial.org\/alianca-realiza-acao-de-doacao-de-sangue-com-colaboradores-um-gesto-que-salva-vidas\/","name":"Alian\u00e7a realiza a\u00e7\u00e3o de doa\u00e7\u00e3o de sangue com colaboradores: um gesto que salva vidas\u00a0\u00a0 - Alian\u00e7a de Miseric\u00f3rdia","isPartOf":{"@id":"https:\/\/aliancasocial.org\/#website"},"primaryImageOfPage":{"@id":"https:\/\/aliancasocial.org\/alianca-realiza-acao-de-doacao-de-sangue-com-colaboradores-um-gesto-que-salva-vidas\/#primaryimage"},"image":{"@id":"https:\/\/aliancasocial.org\/alianca-realiza-acao-de-doacao-de-sangue-com-colaboradores-um-gesto-que-salva-vidas\/#primaryimage"},"thumbnailUrl":"https:\/\/aliancasocial.org\/wp-content\/uploads\/2025\/07\/GEPEF-Banner-me\u0301dio-formato-EUA-horizontal11-scaled.png","datePublished":"2025-07-14T13:43:39+00:00","dateModified":"2025-07-14T13:43:44+00:00","description":"Na \u00faltima semana, a Alian\u00e7a de Miseric\u00f3rdia promoveu uma a\u00e7\u00e3o volunt\u00e1ria entre seus colaboradores para doa\u00e7\u00e3o de sangue no Hemon\u00facleo da Benefic\u00eancia","breadcrumb":{"@id":"https:\/\/aliancasocial.org\/alianca-realiza-acao-de-doacao-de-sangue-com-colaboradores-um-gesto-que-salva-vidas\/#breadcrumb"},"inLanguage":"en-US","potentialAction":[{"@type":"ReadAction","target":["https:\/\/aliancasocial.org\/alianca-realiza-acao-de-doacao-de-sangue-com-colaboradores-um-gesto-que-salva-vidas\/"]}]},{"@type":"ImageObject","inLanguage":"en-US","@id":"https:\/\/aliancasocial.org\/alianca-realiza-acao-de-doacao-de-sangue-com-colaboradores-um-gesto-que-salva-vidas\/#primaryimage","url":"https:\/\/aliancasocial.org\/wp-content\/uploads\/2025\/07\/GEPEF-Banner-me\u0301dio-formato-EUA-horizontal11-scaled.png","contentUrl":"https:\/\/aliancasocial.org\/wp-content\/uploads\/2025\/07\/GEPEF-Banner-me\u0301dio-formato-EUA-horizontal11-scaled.png","width":2560,"height":1280},{"@type":"BreadcrumbList","@id":"https:\/\/aliancasocial.org\/alianca-realiza-acao-de-doacao-de-sangue-com-colaboradores-um-gesto-que-salva-vidas\/#breadcrumb","itemListElement":[{"@type":"ListItem","position":1,"name":"In\u00edcio","item":"https:\/\/aliancasocial.org\/en\/"},{"@type":"ListItem","position":2,"name":"Alian\u00e7a realiza a\u00e7\u00e3o de doa\u00e7\u00e3o de sangue com colaboradores: um gesto que salva vidas\u00a0\u00a0"}]},{"@type":"WebSite","@id":"https:\/\/aliancasocial.org\/#website","url":"https:\/\/aliancasocial.org\/","name":"Covenant of Mercy","description":"Bringing human dignity to every corner of the world","publisher":{"@id":"https:\/\/aliancasocial.org\/#organization"},"potentialAction":[{"@type":"SearchAction","target":{"@type":"EntryPoint","urlTemplate":"https:\/\/aliancasocial.org\/?s={search_term_string}"},"query-input":{"@type":"PropertyValueSpecification","valueRequired":true,"valueName":"search_term_string"}}],"inLanguage":"en-US"},{"@type":"Organization","@id":"https:\/\/aliancasocial.org\/#organization","name":"Covenant of Mercy","url":"https:\/\/aliancasocial.org\/","logo":{"@type":"ImageObject","inLanguage":"en-US","@id":"https:\/\/aliancasocial.org\/#\/schema\/logo\/image\/","url":"https:\/\/aliancasocial.org\/wp-content\/uploads\/2022\/07\/logo-alianca-marrom.svg","contentUrl":"https:\/\/aliancasocial.org\/wp-content\/uploads\/2022\/07\/logo-alianca-marrom.svg","width":91,"height":33,"caption":"Alian\u00e7a de Miseric\u00f3rdia"},"image":{"@id":"https:\/\/aliancasocial.org\/#\/schema\/logo\/image\/"},"sameAs":["https:\/\/www.facebook.com\/iesmisericordia\/","https:\/\/www.instagram.com\/aliancademisericordia\/"]},{"@type":"Person","@id":"https:\/\/aliancasocial.org\/#\/schema\/person\/73a690df527bfd7df78ba35714ff67d4","name":"Fernanda Monzambani","image":{"@type":"ImageObject","inLanguage":"en-US","@id":"https:\/\/secure.gravatar.com\/avatar\/aa6d89063e21cd9638051b6cd0602c108d4b79b0898534c712d68409f7e5b64c?s=96&d=mm&r=g","url":"https:\/\/secure.gravatar.com\/avatar\/aa6d89063e21cd9638051b6cd0602c108d4b79b0898534c712d68409f7e5b64c?s=96&d=mm&r=g","contentUrl":"https:\/\/secure.gravatar.com\/avatar\/aa6d89063e21cd9638051b6cd0602c108d4b79b0898534c712d68409f7e5b64c?s=96&d=mm&r=g","caption":"Fernanda Monzambani"},"url":"https:\/\/aliancasocial.org\/en\/author\/fernanda\/"}]}},"_links":{"self":[{"href":"https:\/\/aliancasocial.org\/en\/wp-json\/wp\/v2\/posts\/11832","targetHints":{"allow":["GET"]}}],"collection":[{"href":"https:\/\/aliancasocial.org\/en\/wp-json\/wp\/v2\/posts"}],"about":[{"href":"https:\/\/aliancasocial.org\/en\/wp-json\/wp\/v2\/types\/post"}],"author":[{"embeddable":true,"href":"https:\/\/aliancasocial.org\/en\/wp-json\/wp\/v2\/users\/8"}],"replies":[{"embeddable":true,"href":"https:\/\/aliancasocial.org\/en\/wp-json\/wp\/v2\/comments?post=11832"}],"version-history":[{"count":1,"href":"https:\/\/aliancasocial.org\/en\/wp-json\/wp\/v2\/posts\/11832\/revisions"}],"predecessor-version":[{"id":11834,"href":"https:\/\/aliancasocial.org\/en\/wp-json\/wp\/v2\/posts\/11832\/revisions\/11834"}],"wp:featuredmedia":[{"embeddable":true,"href":"https:\/\/aliancasocial.org\/en\/wp-json\/wp\/v2\/media\/11833"}],"wp:attachment":[{"href":"https:\/\/aliancasocial.org\/en\/wp-json\/wp\/v2\/media?parent=11832"}],"wp:term":[{"taxonomy":"category","embeddable":true,"href":"https:\/\/aliancasocial.org\/en\/wp-json\/wp\/v2\/categories?post=11832"},{"taxonomy":"post_tag","embeddable":true,"href":"https:\/\/aliancasocial.org\/en\/wp-json\/wp\/v2\/tags?post=11832"},{"taxonomy":"destaques","embeddable":true,"href":"https:\/\/aliancasocial.org\/en\/wp-json\/wp\/v2\/destaques?post=11832"}],"curies":[{"name":"wp","href":"https:\/\/api.w.org\/{rel}","templated":true}]}}