{"id":11838,"date":"2025-08-07T11:53:15","date_gmt":"2025-08-07T14:53:15","guid":{"rendered":"https:\/\/aliancasocial.org\/?p=11838"},"modified":"2025-08-28T14:03:51","modified_gmt":"2025-08-28T17:03:51","slug":"nota-fiscal-paulista-como-destinar-sua-nota-e-ajudar-a-alianca-de-misericordia-em-sp","status":"publish","type":"post","link":"https:\/\/aliancasocial.org\/en\/nota-fiscal-paulista-como-destinar-sua-nota-e-ajudar-a-alianca-de-misericordia-em-sp\/","title":{"rendered":"Nota Fiscal Paulista: How to Allocate Your Invoice and Help the Alliance of Mercy in SP"},"content":{"rendered":"<p>Did you know that you can turn your purchases into a concrete gesture of solidarity? <strong>allocate your Nota Fiscal Paulista<\/strong>, you contribute directly to the work of <strong>Covenant of Mercy<\/strong>, an NGO that operates in S\u00e3o Paulo with social projects that support homeless people, vulnerable children, drug addicts and families at risk.<\/p>\n\n\n\n<h2 class=\"wp-block-heading\">Why allocate the Nota Fiscal Paulista?<\/h2>\n\n\n\n<p>A <strong>S\u00e3o Paulo Invoice<\/strong> is a S\u00e3o Paulo State Government program that refunds part of the ICMS tax collected on purchases. By donating your credits to a charity, such as Alian\u00e7a de Miseric\u00f3rdia, you help support social projects without spending any extra.<\/p>\n\n\n\n<p>This is a simple, quick and effective way to <strong>strengthen the third sector and do good with one click<\/strong>.<\/p>\n\n\n\n<h2 class=\"wp-block-heading\">How to allocate your Invoice to the Alliance of Mercy?<\/h2>\n\n\n\n<p>You can do this in two ways:<\/p>\n\n\n\n<h3 class=\"wp-block-heading\">1. Automatic Registration:<\/h3>\n\n\n\n<ul class=\"wp-block-list\">\n<li>Visit the website: <a>https:\/\/www.nfp.fazenda.sp.gov.br<\/a><\/li>\n\n\n\n<li>Log in with your CPF and password<\/li>\n\n\n\n<li>In the menu, click on \u201cEntities\u201d &gt; \u201cCoupon Donation with CPF (automatic)\u201d<\/li>\n\n\n\n<li>Choose the entity: <strong>Alliance of Mercy Association \u2013 CNPJ: 04.736.095\/0001-91<\/strong><\/li>\n\n\n\n<li>Confirm automatic donation<\/li>\n<\/ul>\n\n\n\n<p>That&#039;s it! From now on, every time you request a CPF on your invoice, the credits will automatically go to Alian\u00e7a.<\/p>\n\n\n\n<h3 class=\"wp-block-heading\">2. Manual Donation:<\/h3>\n\n\n\n<ul class=\"wp-block-list\">\n<li>Upon receiving the invoice, access the program website<\/li>\n\n\n\n<li>Log in with your CPF<\/li>\n\n\n\n<li>Go to the \u201cCoupon Donation\u201d menu and enter the invoice data<\/li>\n\n\n\n<li>Please choose the Alliance of Mercy as the beneficiary again.<\/li>\n<\/ul>\n\n\n\n<h2 class=\"wp-block-heading\">What does the Alliance do with the resources?<\/h2>\n\n\n\n<p>The amounts received are used to <strong>maintain shelters, support centers, and services for homeless people, children, adolescents, and vulnerable families<\/strong>The Alliance is present in various regions of S\u00e3o Paulo, with concrete actions of human promotion and evangelization.<\/p>\n\n\n\n<p>Each note helps ensure food, medical care, shelter, education, and dignity for those who need it most.<\/p>\n\n\n\n<p><strong>Allocate your <a href=\"https:\/\/aliancasocial.org\/en\/como-ajudar\/nota-fiscal-paulista\/\">Nota Fiscal Paulista in SP <\/a>It&#039;s a simple gesture that transforms lives.<\/strong><br>Be part of this chain of mercy and solidarity.<\/p>\n\n\n\n<p><\/p>","protected":false},"excerpt":{"rendered":"<p>Voc\u00ea sabia que pode transformar suas compras em um gesto concreto de solidariedade? Ao destinar sua Nota Fiscal Paulista, voc\u00ea contribui diretamente para o trabalho da Alian\u00e7a de Miseric\u00f3rdia, uma ONG que atua em S\u00e3o Paulo com projetos sociais que acolhem moradores de rua, crian\u00e7as em situa\u00e7\u00e3o de vulnerabilidade, dependentes qu\u00edmicos e fam\u00edlias em risco. [&hellip;]<\/p>\n","protected":false},"author":8,"featured_media":2206,"comment_status":"closed","ping_status":"closed","sticky":false,"template":"","format":"standard","meta":{"footnotes":""},"categories":[49],"tags":[],"destaques":[],"class_list":["post-11838","post","type-post","status-publish","format-standard","has-post-thumbnail","hentry","category-campanhas"],"yoast_head":"<!-- This site is optimized with the Yoast SEO plugin v27.4 - https:\/\/yoast.com\/product\/yoast-seo-wordpress\/ -->\n<title>Nota Fiscal Paulista: Como Destinar sua Nota e Ajudar a Alian\u00e7a de Miseric\u00f3rdia em SP - Alian\u00e7a de Miseric\u00f3rdia<\/title>\n<meta name=\"description\" content=\"Voc\u00ea sabia que pode transformar suas compras em um gesto concreto de solidariedade? Ao destinar sua Nota Fiscal Paulista, voc\u00ea contribui diretamente para\" \/>\n<meta name=\"robots\" content=\"index, follow, max-snippet:-1, max-image-preview:large, max-video-preview:-1\" \/>\n<link rel=\"canonical\" href=\"https:\/\/aliancasocial.org\/en\/nota-fiscal-paulista-como-destinar-sua-nota-e-ajudar-a-alianca-de-misericordia-em-sp\/\" \/>\n<meta property=\"og:locale\" content=\"en_US\" \/>\n<meta property=\"og:type\" content=\"article\" \/>\n<meta property=\"og:title\" content=\"Nota Fiscal Paulista: Como Destinar sua Nota e Ajudar a Alian\u00e7a de Miseric\u00f3rdia em SP - Alian\u00e7a de Miseric\u00f3rdia\" \/>\n<meta property=\"og:description\" content=\"Voc\u00ea sabia que pode transformar suas compras em um gesto concreto de solidariedade? Ao destinar sua Nota Fiscal Paulista, voc\u00ea contribui diretamente para\" \/>\n<meta property=\"og:url\" content=\"https:\/\/aliancasocial.org\/en\/nota-fiscal-paulista-como-destinar-sua-nota-e-ajudar-a-alianca-de-misericordia-em-sp\/\" \/>\n<meta property=\"og:site_name\" content=\"Alian\u00e7a de Miseric\u00f3rdia\" \/>\n<meta property=\"article:publisher\" content=\"https:\/\/www.facebook.com\/iesmisericordia\/\" \/>\n<meta property=\"article:published_time\" content=\"2025-08-07T14:53:15+00:00\" \/>\n<meta property=\"article:modified_time\" content=\"2025-08-28T17:03:51+00:00\" \/>\n<meta property=\"og:image\" content=\"https:\/\/aliancasocial.org\/wp-content\/uploads\/2022\/07\/NOTA-FISCAL-PAULISTA-1.jpg\" \/>\n\t<meta property=\"og:image:width\" content=\"200\" \/>\n\t<meta property=\"og:image:height\" content=\"100\" \/>\n\t<meta property=\"og:image:type\" content=\"image\/jpeg\" \/>\n<meta name=\"author\" content=\"Fernanda Monzambani\" \/>\n<meta name=\"twitter:card\" content=\"summary_large_image\" \/>\n<meta name=\"twitter:label1\" content=\"Written by\" \/>\n\t<meta name=\"twitter:data1\" content=\"Fernanda Monzambani\" \/>\n\t<meta name=\"twitter:label2\" content=\"Est. reading time\" \/>\n\t<meta name=\"twitter:data2\" content=\"3 minutes\" \/>\n<script type=\"application\/ld+json\" class=\"yoast-schema-graph\">{\"@context\":\"https:\\\/\\\/schema.org\",\"@graph\":[{\"@type\":\"Article\",\"@id\":\"https:\\\/\\\/aliancasocial.org\\\/nota-fiscal-paulista-como-destinar-sua-nota-e-ajudar-a-alianca-de-misericordia-em-sp\\\/#article\",\"isPartOf\":{\"@id\":\"https:\\\/\\\/aliancasocial.org\\\/nota-fiscal-paulista-como-destinar-sua-nota-e-ajudar-a-alianca-de-misericordia-em-sp\\\/\"},\"author\":{\"name\":\"Fernanda Monzambani\",\"@id\":\"https:\\\/\\\/aliancasocial.org\\\/#\\\/schema\\\/person\\\/73a690df527bfd7df78ba35714ff67d4\"},\"headline\":\"Nota Fiscal Paulista: Como Destinar sua Nota e Ajudar a Alian\u00e7a de Miseric\u00f3rdia em SP\",\"datePublished\":\"2025-08-07T14:53:15+00:00\",\"dateModified\":\"2025-08-28T17:03:51+00:00\",\"mainEntityOfPage\":{\"@id\":\"https:\\\/\\\/aliancasocial.org\\\/nota-fiscal-paulista-como-destinar-sua-nota-e-ajudar-a-alianca-de-misericordia-em-sp\\\/\"},\"wordCount\":397,\"publisher\":{\"@id\":\"https:\\\/\\\/aliancasocial.org\\\/#organization\"},\"image\":{\"@id\":\"https:\\\/\\\/aliancasocial.org\\\/nota-fiscal-paulista-como-destinar-sua-nota-e-ajudar-a-alianca-de-misericordia-em-sp\\\/#primaryimage\"},\"thumbnailUrl\":\"https:\\\/\\\/aliancasocial.org\\\/wp-content\\\/uploads\\\/2022\\\/07\\\/NOTA-FISCAL-PAULISTA-1.jpg\",\"articleSection\":[\"Campanhas\"],\"inLanguage\":\"en-US\"},{\"@type\":\"WebPage\",\"@id\":\"https:\\\/\\\/aliancasocial.org\\\/nota-fiscal-paulista-como-destinar-sua-nota-e-ajudar-a-alianca-de-misericordia-em-sp\\\/\",\"url\":\"https:\\\/\\\/aliancasocial.org\\\/nota-fiscal-paulista-como-destinar-sua-nota-e-ajudar-a-alianca-de-misericordia-em-sp\\\/\",\"name\":\"Nota Fiscal Paulista: Como Destinar sua Nota e Ajudar a Alian\u00e7a de Miseric\u00f3rdia em SP - Alian\u00e7a de Miseric\u00f3rdia\",\"isPartOf\":{\"@id\":\"https:\\\/\\\/aliancasocial.org\\\/#website\"},\"primaryImageOfPage\":{\"@id\":\"https:\\\/\\\/aliancasocial.org\\\/nota-fiscal-paulista-como-destinar-sua-nota-e-ajudar-a-alianca-de-misericordia-em-sp\\\/#primaryimage\"},\"image\":{\"@id\":\"https:\\\/\\\/aliancasocial.org\\\/nota-fiscal-paulista-como-destinar-sua-nota-e-ajudar-a-alianca-de-misericordia-em-sp\\\/#primaryimage\"},\"thumbnailUrl\":\"https:\\\/\\\/aliancasocial.org\\\/wp-content\\\/uploads\\\/2022\\\/07\\\/NOTA-FISCAL-PAULISTA-1.jpg\",\"datePublished\":\"2025-08-07T14:53:15+00:00\",\"dateModified\":\"2025-08-28T17:03:51+00:00\",\"description\":\"Voc\u00ea sabia que pode transformar suas compras em um gesto concreto de solidariedade? Ao destinar sua Nota Fiscal Paulista, voc\u00ea contribui diretamente para\",\"breadcrumb\":{\"@id\":\"https:\\\/\\\/aliancasocial.org\\\/nota-fiscal-paulista-como-destinar-sua-nota-e-ajudar-a-alianca-de-misericordia-em-sp\\\/#breadcrumb\"},\"inLanguage\":\"en-US\",\"potentialAction\":[{\"@type\":\"ReadAction\",\"target\":[\"https:\\\/\\\/aliancasocial.org\\\/nota-fiscal-paulista-como-destinar-sua-nota-e-ajudar-a-alianca-de-misericordia-em-sp\\\/\"]}]},{\"@type\":\"ImageObject\",\"inLanguage\":\"en-US\",\"@id\":\"https:\\\/\\\/aliancasocial.org\\\/nota-fiscal-paulista-como-destinar-sua-nota-e-ajudar-a-alianca-de-misericordia-em-sp\\\/#primaryimage\",\"url\":\"https:\\\/\\\/aliancasocial.org\\\/wp-content\\\/uploads\\\/2022\\\/07\\\/NOTA-FISCAL-PAULISTA-1.jpg\",\"contentUrl\":\"https:\\\/\\\/aliancasocial.org\\\/wp-content\\\/uploads\\\/2022\\\/07\\\/NOTA-FISCAL-PAULISTA-1.jpg\",\"width\":200,\"height\":100},{\"@type\":\"BreadcrumbList\",\"@id\":\"https:\\\/\\\/aliancasocial.org\\\/nota-fiscal-paulista-como-destinar-sua-nota-e-ajudar-a-alianca-de-misericordia-em-sp\\\/#breadcrumb\",\"itemListElement\":[{\"@type\":\"ListItem\",\"position\":1,\"name\":\"In\u00edcio\",\"item\":\"https:\\\/\\\/aliancasocial.org\\\/en\\\/\"},{\"@type\":\"ListItem\",\"position\":2,\"name\":\"Nota Fiscal Paulista: Como Destinar sua Nota e Ajudar a Alian\u00e7a de Miseric\u00f3rdia em SP\"}]},{\"@type\":\"WebSite\",\"@id\":\"https:\\\/\\\/aliancasocial.org\\\/#website\",\"url\":\"https:\\\/\\\/aliancasocial.org\\\/\",\"name\":\"Alian\u00e7a de Miseric\u00f3rdia\",\"description\":\"Levando dignidade humana a todos os cantos do mundo\",\"publisher\":{\"@id\":\"https:\\\/\\\/aliancasocial.org\\\/#organization\"},\"potentialAction\":[{\"@type\":\"SearchAction\",\"target\":{\"@type\":\"EntryPoint\",\"urlTemplate\":\"https:\\\/\\\/aliancasocial.org\\\/?s={search_term_string}\"},\"query-input\":{\"@type\":\"PropertyValueSpecification\",\"valueRequired\":true,\"valueName\":\"search_term_string\"}}],\"inLanguage\":\"en-US\"},{\"@type\":\"Organization\",\"@id\":\"https:\\\/\\\/aliancasocial.org\\\/#organization\",\"name\":\"Alian\u00e7a de Miseric\u00f3rdia\",\"url\":\"https:\\\/\\\/aliancasocial.org\\\/\",\"logo\":{\"@type\":\"ImageObject\",\"inLanguage\":\"en-US\",\"@id\":\"https:\\\/\\\/aliancasocial.org\\\/#\\\/schema\\\/logo\\\/image\\\/\",\"url\":\"https:\\\/\\\/aliancasocial.org\\\/wp-content\\\/uploads\\\/2022\\\/07\\\/logo-alianca-marrom.svg\",\"contentUrl\":\"https:\\\/\\\/aliancasocial.org\\\/wp-content\\\/uploads\\\/2022\\\/07\\\/logo-alianca-marrom.svg\",\"width\":91,\"height\":33,\"caption\":\"Alian\u00e7a de Miseric\u00f3rdia\"},\"image\":{\"@id\":\"https:\\\/\\\/aliancasocial.org\\\/#\\\/schema\\\/logo\\\/image\\\/\"},\"sameAs\":[\"https:\\\/\\\/www.facebook.com\\\/iesmisericordia\\\/\",\"https:\\\/\\\/www.instagram.com\\\/aliancademisericordia\\\/\"]},{\"@type\":\"Person\",\"@id\":\"https:\\\/\\\/aliancasocial.org\\\/#\\\/schema\\\/person\\\/73a690df527bfd7df78ba35714ff67d4\",\"name\":\"Fernanda Monzambani\",\"image\":{\"@type\":\"ImageObject\",\"inLanguage\":\"en-US\",\"@id\":\"https:\\\/\\\/secure.gravatar.com\\\/avatar\\\/aa6d89063e21cd9638051b6cd0602c108d4b79b0898534c712d68409f7e5b64c?s=96&d=mm&r=g\",\"url\":\"https:\\\/\\\/secure.gravatar.com\\\/avatar\\\/aa6d89063e21cd9638051b6cd0602c108d4b79b0898534c712d68409f7e5b64c?s=96&d=mm&r=g\",\"contentUrl\":\"https:\\\/\\\/secure.gravatar.com\\\/avatar\\\/aa6d89063e21cd9638051b6cd0602c108d4b79b0898534c712d68409f7e5b64c?s=96&d=mm&r=g\",\"caption\":\"Fernanda Monzambani\"},\"url\":\"https:\\\/\\\/aliancasocial.org\\\/en\\\/author\\\/fernanda\\\/\"}]}<\/script>\n<!-- \/ Yoast SEO plugin. -->","yoast_head_json":{"title":"Nota Fiscal Paulista: Como Destinar sua Nota e Ajudar a Alian\u00e7a de Miseric\u00f3rdia em SP - Alian\u00e7a de Miseric\u00f3rdia","description":"Voc\u00ea sabia que pode transformar suas compras em um gesto concreto de solidariedade? Ao destinar sua Nota Fiscal Paulista, voc\u00ea contribui diretamente para","robots":{"index":"index","follow":"follow","max-snippet":"max-snippet:-1","max-image-preview":"max-image-preview:large","max-video-preview":"max-video-preview:-1"},"canonical":"https:\/\/aliancasocial.org\/en\/nota-fiscal-paulista-como-destinar-sua-nota-e-ajudar-a-alianca-de-misericordia-em-sp\/","og_locale":"en_US","og_type":"article","og_title":"Nota Fiscal Paulista: Como Destinar sua Nota e Ajudar a Alian\u00e7a de Miseric\u00f3rdia em SP - Alian\u00e7a de Miseric\u00f3rdia","og_description":"Voc\u00ea sabia que pode transformar suas compras em um gesto concreto de solidariedade? Ao destinar sua Nota Fiscal Paulista, voc\u00ea contribui diretamente para","og_url":"https:\/\/aliancasocial.org\/en\/nota-fiscal-paulista-como-destinar-sua-nota-e-ajudar-a-alianca-de-misericordia-em-sp\/","og_site_name":"Alian\u00e7a de Miseric\u00f3rdia","article_publisher":"https:\/\/www.facebook.com\/iesmisericordia\/","article_published_time":"2025-08-07T14:53:15+00:00","article_modified_time":"2025-08-28T17:03:51+00:00","og_image":[{"width":200,"height":100,"url":"https:\/\/aliancasocial.org\/wp-content\/uploads\/2022\/07\/NOTA-FISCAL-PAULISTA-1.jpg","type":"image\/jpeg"}],"author":"Fernanda Monzambani","twitter_card":"summary_large_image","twitter_misc":{"Written by":"Fernanda Monzambani","Est. reading time":"3 minutes"},"schema":{"@context":"https:\/\/schema.org","@graph":[{"@type":"Article","@id":"https:\/\/aliancasocial.org\/nota-fiscal-paulista-como-destinar-sua-nota-e-ajudar-a-alianca-de-misericordia-em-sp\/#article","isPartOf":{"@id":"https:\/\/aliancasocial.org\/nota-fiscal-paulista-como-destinar-sua-nota-e-ajudar-a-alianca-de-misericordia-em-sp\/"},"author":{"name":"Fernanda Monzambani","@id":"https:\/\/aliancasocial.org\/#\/schema\/person\/73a690df527bfd7df78ba35714ff67d4"},"headline":"Nota Fiscal Paulista: Como Destinar sua Nota e Ajudar a Alian\u00e7a de Miseric\u00f3rdia em SP","datePublished":"2025-08-07T14:53:15+00:00","dateModified":"2025-08-28T17:03:51+00:00","mainEntityOfPage":{"@id":"https:\/\/aliancasocial.org\/nota-fiscal-paulista-como-destinar-sua-nota-e-ajudar-a-alianca-de-misericordia-em-sp\/"},"wordCount":397,"publisher":{"@id":"https:\/\/aliancasocial.org\/#organization"},"image":{"@id":"https:\/\/aliancasocial.org\/nota-fiscal-paulista-como-destinar-sua-nota-e-ajudar-a-alianca-de-misericordia-em-sp\/#primaryimage"},"thumbnailUrl":"https:\/\/aliancasocial.org\/wp-content\/uploads\/2022\/07\/NOTA-FISCAL-PAULISTA-1.jpg","articleSection":["Campanhas"],"inLanguage":"en-US"},{"@type":"WebPage","@id":"https:\/\/aliancasocial.org\/nota-fiscal-paulista-como-destinar-sua-nota-e-ajudar-a-alianca-de-misericordia-em-sp\/","url":"https:\/\/aliancasocial.org\/nota-fiscal-paulista-como-destinar-sua-nota-e-ajudar-a-alianca-de-misericordia-em-sp\/","name":"Nota Fiscal Paulista: Como Destinar sua Nota e Ajudar a Alian\u00e7a de Miseric\u00f3rdia em SP - Alian\u00e7a de Miseric\u00f3rdia","isPartOf":{"@id":"https:\/\/aliancasocial.org\/#website"},"primaryImageOfPage":{"@id":"https:\/\/aliancasocial.org\/nota-fiscal-paulista-como-destinar-sua-nota-e-ajudar-a-alianca-de-misericordia-em-sp\/#primaryimage"},"image":{"@id":"https:\/\/aliancasocial.org\/nota-fiscal-paulista-como-destinar-sua-nota-e-ajudar-a-alianca-de-misericordia-em-sp\/#primaryimage"},"thumbnailUrl":"https:\/\/aliancasocial.org\/wp-content\/uploads\/2022\/07\/NOTA-FISCAL-PAULISTA-1.jpg","datePublished":"2025-08-07T14:53:15+00:00","dateModified":"2025-08-28T17:03:51+00:00","description":"Voc\u00ea sabia que pode transformar suas compras em um gesto concreto de solidariedade? Ao destinar sua Nota Fiscal Paulista, voc\u00ea contribui diretamente para","breadcrumb":{"@id":"https:\/\/aliancasocial.org\/nota-fiscal-paulista-como-destinar-sua-nota-e-ajudar-a-alianca-de-misericordia-em-sp\/#breadcrumb"},"inLanguage":"en-US","potentialAction":[{"@type":"ReadAction","target":["https:\/\/aliancasocial.org\/nota-fiscal-paulista-como-destinar-sua-nota-e-ajudar-a-alianca-de-misericordia-em-sp\/"]}]},{"@type":"ImageObject","inLanguage":"en-US","@id":"https:\/\/aliancasocial.org\/nota-fiscal-paulista-como-destinar-sua-nota-e-ajudar-a-alianca-de-misericordia-em-sp\/#primaryimage","url":"https:\/\/aliancasocial.org\/wp-content\/uploads\/2022\/07\/NOTA-FISCAL-PAULISTA-1.jpg","contentUrl":"https:\/\/aliancasocial.org\/wp-content\/uploads\/2022\/07\/NOTA-FISCAL-PAULISTA-1.jpg","width":200,"height":100},{"@type":"BreadcrumbList","@id":"https:\/\/aliancasocial.org\/nota-fiscal-paulista-como-destinar-sua-nota-e-ajudar-a-alianca-de-misericordia-em-sp\/#breadcrumb","itemListElement":[{"@type":"ListItem","position":1,"name":"In\u00edcio","item":"https:\/\/aliancasocial.org\/en\/"},{"@type":"ListItem","position":2,"name":"Nota Fiscal Paulista: Como Destinar sua Nota e Ajudar a Alian\u00e7a de Miseric\u00f3rdia em SP"}]},{"@type":"WebSite","@id":"https:\/\/aliancasocial.org\/#website","url":"https:\/\/aliancasocial.org\/","name":"Covenant of Mercy","description":"Bringing human dignity to every corner of the world","publisher":{"@id":"https:\/\/aliancasocial.org\/#organization"},"potentialAction":[{"@type":"SearchAction","target":{"@type":"EntryPoint","urlTemplate":"https:\/\/aliancasocial.org\/?s={search_term_string}"},"query-input":{"@type":"PropertyValueSpecification","valueRequired":true,"valueName":"search_term_string"}}],"inLanguage":"en-US"},{"@type":"Organization","@id":"https:\/\/aliancasocial.org\/#organization","name":"Covenant of Mercy","url":"https:\/\/aliancasocial.org\/","logo":{"@type":"ImageObject","inLanguage":"en-US","@id":"https:\/\/aliancasocial.org\/#\/schema\/logo\/image\/","url":"https:\/\/aliancasocial.org\/wp-content\/uploads\/2022\/07\/logo-alianca-marrom.svg","contentUrl":"https:\/\/aliancasocial.org\/wp-content\/uploads\/2022\/07\/logo-alianca-marrom.svg","width":91,"height":33,"caption":"Alian\u00e7a de Miseric\u00f3rdia"},"image":{"@id":"https:\/\/aliancasocial.org\/#\/schema\/logo\/image\/"},"sameAs":["https:\/\/www.facebook.com\/iesmisericordia\/","https:\/\/www.instagram.com\/aliancademisericordia\/"]},{"@type":"Person","@id":"https:\/\/aliancasocial.org\/#\/schema\/person\/73a690df527bfd7df78ba35714ff67d4","name":"Fernanda Monzambani","image":{"@type":"ImageObject","inLanguage":"en-US","@id":"https:\/\/secure.gravatar.com\/avatar\/aa6d89063e21cd9638051b6cd0602c108d4b79b0898534c712d68409f7e5b64c?s=96&d=mm&r=g","url":"https:\/\/secure.gravatar.com\/avatar\/aa6d89063e21cd9638051b6cd0602c108d4b79b0898534c712d68409f7e5b64c?s=96&d=mm&r=g","contentUrl":"https:\/\/secure.gravatar.com\/avatar\/aa6d89063e21cd9638051b6cd0602c108d4b79b0898534c712d68409f7e5b64c?s=96&d=mm&r=g","caption":"Fernanda Monzambani"},"url":"https:\/\/aliancasocial.org\/en\/author\/fernanda\/"}]}},"_links":{"self":[{"href":"https:\/\/aliancasocial.org\/en\/wp-json\/wp\/v2\/posts\/11838","targetHints":{"allow":["GET"]}}],"collection":[{"href":"https:\/\/aliancasocial.org\/en\/wp-json\/wp\/v2\/posts"}],"about":[{"href":"https:\/\/aliancasocial.org\/en\/wp-json\/wp\/v2\/types\/post"}],"author":[{"embeddable":true,"href":"https:\/\/aliancasocial.org\/en\/wp-json\/wp\/v2\/users\/8"}],"replies":[{"embeddable":true,"href":"https:\/\/aliancasocial.org\/en\/wp-json\/wp\/v2\/comments?post=11838"}],"version-history":[{"count":1,"href":"https:\/\/aliancasocial.org\/en\/wp-json\/wp\/v2\/posts\/11838\/revisions"}],"predecessor-version":[{"id":11839,"href":"https:\/\/aliancasocial.org\/en\/wp-json\/wp\/v2\/posts\/11838\/revisions\/11839"}],"wp:featuredmedia":[{"embeddable":true,"href":"https:\/\/aliancasocial.org\/en\/wp-json\/wp\/v2\/media\/2206"}],"wp:attachment":[{"href":"https:\/\/aliancasocial.org\/en\/wp-json\/wp\/v2\/media?parent=11838"}],"wp:term":[{"taxonomy":"category","embeddable":true,"href":"https:\/\/aliancasocial.org\/en\/wp-json\/wp\/v2\/categories?post=11838"},{"taxonomy":"post_tag","embeddable":true,"href":"https:\/\/aliancasocial.org\/en\/wp-json\/wp\/v2\/tags?post=11838"},{"taxonomy":"destaques","embeddable":true,"href":"https:\/\/aliancasocial.org\/en\/wp-json\/wp\/v2\/destaques?post=11838"}],"curies":[{"name":"wp","href":"https:\/\/api.w.org\/{rel}","templated":true}]}}