{"id":11840,"date":"2025-08-21T12:01:58","date_gmt":"2025-08-21T15:01:58","guid":{"rendered":"https:\/\/aliancasocial.org\/?p=11840"},"modified":"2025-08-28T14:03:57","modified_gmt":"2025-08-28T17:03:57","slug":"projeto-social-venezuela-alianca-de-misericordia-leva-esperanca","status":"publish","type":"post","link":"https:\/\/aliancasocial.org\/en\/projeto-social-venezuela-alianca-de-misericordia-leva-esperanca\/","title":{"rendered":"Venezuela Social Project \u2013 Alliance of Mercy brings hope"},"content":{"rendered":"<p>Amid the serious humanitarian crisis faced by the Venezuelan population in recent years, the <strong>Covenant of Mercy<\/strong>, an association with international operations, develops a <strong>social project in Venezuela<\/strong> that has transformed realities through faith, concrete love and solidarity.<\/p>\n\n\n\n<p>Present in the regions of <strong>Guayana City<\/strong> and other locations, the Alliance works directly with families in situations of extreme vulnerability, children at social risk and communities affected by hunger, unemployment and lack of access to basic services.<\/p>\n\n\n\n<h2 class=\"wp-block-heading\">An institution that brings more than help: it brings dignity<\/h2>\n\n\n\n<p>The Alliance&#039;s mission in Venezuela is not just to deliver food or medicine, but <strong>restore human dignity<\/strong> for those who live on the margins, offering spiritual, psychological and community support.<\/p>\n\n\n\n<p>Among the main actions developed by the social project in Venezuela are:<\/p>\n\n\n\n<ul class=\"wp-block-list\">\n<li>Regular distribution of <strong>basic food baskets<\/strong> It is <strong>hygiene kits<\/strong>;<\/li>\n\n\n\n<li>Educational actions with <strong>children and adolescents<\/strong> of the communities;<\/li>\n\n\n\n<li>Support for families with <strong>social and spiritual support<\/strong>;<\/li>\n\n\n\n<li>Evangelization and celebrations with the local people, strengthening faith and hope.<\/li>\n<\/ul>\n\n\n\n<h2 class=\"wp-block-heading\">A sign of hope amidst the chaos<\/h2>\n\n\n\n<p>The Alliance of Mercy believes that charity transforms, and even amidst the logistical and economic difficulties involved in a humanitarian project like this, the presence of missionaries is a true sign of <strong>hope for Venezuela<\/strong>.<\/p>\n\n\n\n<p>The Alliance works in collaboration with local and international missionaries and relies on the support of Brazilian and foreign donors to keep this work alive.<\/p>\n\n\n\n<h2 class=\"wp-block-heading\">How can I help Venezuela&#039;s social project?<\/h2>\n\n\n\n<p>You can become one <strong>monthly benefactor<\/strong>, <strong>make a one-off donation<\/strong>,<\/p>","protected":false},"excerpt":{"rendered":"<p>Em meio \u00e0 grave crise humanit\u00e1ria enfrentada pela popula\u00e7\u00e3o venezuelana nos \u00faltimos anos, a Alian\u00e7a de Miseric\u00f3rdia, associa\u00e7\u00e3o com atua\u00e7\u00e3o internacional, desenvolve um projeto social na Venezuela que tem transformado realidades por meio da f\u00e9, do amor concreto e da solidariedade. Presente nas regi\u00f5es de Ciudad Guayana e outras localidades, a Alian\u00e7a atua diretamente com [&hellip;]<\/p>\n","protected":false},"author":8,"featured_media":11841,"comment_status":"closed","ping_status":"closed","sticky":false,"template":"","format":"standard","meta":{"footnotes":""},"categories":[1],"tags":[],"destaques":[],"class_list":["post-11840","post","type-post","status-publish","format-standard","has-post-thumbnail","hentry","category-sem-categoria"],"yoast_head":"<!-- This site is optimized with the Yoast SEO plugin v27.4 - https:\/\/yoast.com\/product\/yoast-seo-wordpress\/ -->\n<title>Projeto Social Venezuela \u2013Alian\u00e7a de Miseric\u00f3rdia leva esperan\u00e7a - Alian\u00e7a de Miseric\u00f3rdia<\/title>\n<meta name=\"description\" content=\"Em meio \u00e0 grave crise humanit\u00e1ria enfrentada pela popula\u00e7\u00e3o venezuelana nos \u00faltimos anos, a Alian\u00e7a de Miseric\u00f3rdia, associa\u00e7\u00e3o com atua\u00e7\u00e3o internacional,\" \/>\n<meta name=\"robots\" content=\"index, follow, max-snippet:-1, max-image-preview:large, max-video-preview:-1\" \/>\n<link rel=\"canonical\" href=\"https:\/\/aliancasocial.org\/en\/projeto-social-venezuela-alianca-de-misericordia-leva-esperanca\/\" \/>\n<meta property=\"og:locale\" content=\"en_US\" \/>\n<meta property=\"og:type\" content=\"article\" \/>\n<meta property=\"og:title\" content=\"Projeto Social Venezuela \u2013Alian\u00e7a de Miseric\u00f3rdia leva esperan\u00e7a - Alian\u00e7a de Miseric\u00f3rdia\" \/>\n<meta property=\"og:description\" content=\"Em meio \u00e0 grave crise humanit\u00e1ria enfrentada pela popula\u00e7\u00e3o venezuelana nos \u00faltimos anos, a Alian\u00e7a de Miseric\u00f3rdia, associa\u00e7\u00e3o com atua\u00e7\u00e3o internacional,\" \/>\n<meta property=\"og:url\" content=\"https:\/\/aliancasocial.org\/en\/projeto-social-venezuela-alianca-de-misericordia-leva-esperanca\/\" \/>\n<meta property=\"og:site_name\" content=\"Alian\u00e7a de Miseric\u00f3rdia\" \/>\n<meta property=\"article:publisher\" content=\"https:\/\/www.facebook.com\/iesmisericordia\/\" \/>\n<meta property=\"article:published_time\" content=\"2025-08-21T15:01:58+00:00\" \/>\n<meta property=\"article:modified_time\" content=\"2025-08-28T17:03:57+00:00\" \/>\n<meta property=\"og:image\" content=\"https:\/\/aliancasocial.org\/wp-content\/uploads\/2025\/07\/Orato\u0301rio_Venezuela_Ivanilson-Sa\u0301_2024-8-scaled.jpg\" \/>\n\t<meta property=\"og:image:width\" content=\"2560\" \/>\n\t<meta property=\"og:image:height\" content=\"1920\" \/>\n\t<meta property=\"og:image:type\" content=\"image\/jpeg\" \/>\n<meta name=\"author\" content=\"Fernanda Monzambani\" \/>\n<meta name=\"twitter:card\" content=\"summary_large_image\" \/>\n<meta name=\"twitter:label1\" content=\"Written by\" \/>\n\t<meta name=\"twitter:data1\" content=\"Fernanda Monzambani\" \/>\n\t<meta name=\"twitter:label2\" content=\"Est. reading time\" \/>\n\t<meta name=\"twitter:data2\" content=\"2 minutes\" \/>\n<script type=\"application\/ld+json\" class=\"yoast-schema-graph\">{\"@context\":\"https:\\\/\\\/schema.org\",\"@graph\":[{\"@type\":\"Article\",\"@id\":\"https:\\\/\\\/aliancasocial.org\\\/projeto-social-venezuela-alianca-de-misericordia-leva-esperanca\\\/#article\",\"isPartOf\":{\"@id\":\"https:\\\/\\\/aliancasocial.org\\\/projeto-social-venezuela-alianca-de-misericordia-leva-esperanca\\\/\"},\"author\":{\"name\":\"Fernanda Monzambani\",\"@id\":\"https:\\\/\\\/aliancasocial.org\\\/#\\\/schema\\\/person\\\/78098b551faec531645dbd5d82778414\"},\"headline\":\"Projeto Social Venezuela \u2013Alian\u00e7a de Miseric\u00f3rdia leva esperan\u00e7a\",\"datePublished\":\"2025-08-21T15:01:58+00:00\",\"dateModified\":\"2025-08-28T17:03:57+00:00\",\"mainEntityOfPage\":{\"@id\":\"https:\\\/\\\/aliancasocial.org\\\/projeto-social-venezuela-alianca-de-misericordia-leva-esperanca\\\/\"},\"wordCount\":306,\"publisher\":{\"@id\":\"https:\\\/\\\/aliancasocial.org\\\/#organization\"},\"image\":{\"@id\":\"https:\\\/\\\/aliancasocial.org\\\/projeto-social-venezuela-alianca-de-misericordia-leva-esperanca\\\/#primaryimage\"},\"thumbnailUrl\":\"https:\\\/\\\/aliancasocial.org\\\/wp-content\\\/uploads\\\/2025\\\/07\\\/Orato\u0301rio_Venezuela_Ivanilson-Sa\u0301_2024-8-scaled.jpg\",\"articleSection\":[\"Sem Categoria\"],\"inLanguage\":\"en-US\"},{\"@type\":\"WebPage\",\"@id\":\"https:\\\/\\\/aliancasocial.org\\\/projeto-social-venezuela-alianca-de-misericordia-leva-esperanca\\\/\",\"url\":\"https:\\\/\\\/aliancasocial.org\\\/projeto-social-venezuela-alianca-de-misericordia-leva-esperanca\\\/\",\"name\":\"Projeto Social Venezuela \u2013Alian\u00e7a de Miseric\u00f3rdia leva esperan\u00e7a - Alian\u00e7a de Miseric\u00f3rdia\",\"isPartOf\":{\"@id\":\"https:\\\/\\\/aliancasocial.org\\\/#website\"},\"primaryImageOfPage\":{\"@id\":\"https:\\\/\\\/aliancasocial.org\\\/projeto-social-venezuela-alianca-de-misericordia-leva-esperanca\\\/#primaryimage\"},\"image\":{\"@id\":\"https:\\\/\\\/aliancasocial.org\\\/projeto-social-venezuela-alianca-de-misericordia-leva-esperanca\\\/#primaryimage\"},\"thumbnailUrl\":\"https:\\\/\\\/aliancasocial.org\\\/wp-content\\\/uploads\\\/2025\\\/07\\\/Orato\u0301rio_Venezuela_Ivanilson-Sa\u0301_2024-8-scaled.jpg\",\"datePublished\":\"2025-08-21T15:01:58+00:00\",\"dateModified\":\"2025-08-28T17:03:57+00:00\",\"description\":\"Em meio \u00e0 grave crise humanit\u00e1ria enfrentada pela popula\u00e7\u00e3o venezuelana nos \u00faltimos anos, a Alian\u00e7a de Miseric\u00f3rdia, associa\u00e7\u00e3o com atua\u00e7\u00e3o internacional,\",\"breadcrumb\":{\"@id\":\"https:\\\/\\\/aliancasocial.org\\\/projeto-social-venezuela-alianca-de-misericordia-leva-esperanca\\\/#breadcrumb\"},\"inLanguage\":\"en-US\",\"potentialAction\":[{\"@type\":\"ReadAction\",\"target\":[\"https:\\\/\\\/aliancasocial.org\\\/projeto-social-venezuela-alianca-de-misericordia-leva-esperanca\\\/\"]}]},{\"@type\":\"ImageObject\",\"inLanguage\":\"en-US\",\"@id\":\"https:\\\/\\\/aliancasocial.org\\\/projeto-social-venezuela-alianca-de-misericordia-leva-esperanca\\\/#primaryimage\",\"url\":\"https:\\\/\\\/aliancasocial.org\\\/wp-content\\\/uploads\\\/2025\\\/07\\\/Orato\u0301rio_Venezuela_Ivanilson-Sa\u0301_2024-8-scaled.jpg\",\"contentUrl\":\"https:\\\/\\\/aliancasocial.org\\\/wp-content\\\/uploads\\\/2025\\\/07\\\/Orato\u0301rio_Venezuela_Ivanilson-Sa\u0301_2024-8-scaled.jpg\",\"width\":2560,\"height\":1920,\"caption\":\"ZR\"},{\"@type\":\"BreadcrumbList\",\"@id\":\"https:\\\/\\\/aliancasocial.org\\\/projeto-social-venezuela-alianca-de-misericordia-leva-esperanca\\\/#breadcrumb\",\"itemListElement\":[{\"@type\":\"ListItem\",\"position\":1,\"name\":\"In\u00edcio\",\"item\":\"https:\\\/\\\/aliancasocial.org\\\/en\\\/\"},{\"@type\":\"ListItem\",\"position\":2,\"name\":\"Projeto Social Venezuela \u2013Alian\u00e7a de Miseric\u00f3rdia leva esperan\u00e7a\"}]},{\"@type\":\"WebSite\",\"@id\":\"https:\\\/\\\/aliancasocial.org\\\/#website\",\"url\":\"https:\\\/\\\/aliancasocial.org\\\/\",\"name\":\"Alian\u00e7a de Miseric\u00f3rdia\",\"description\":\"Levando dignidade humana a todos os cantos do mundo\",\"publisher\":{\"@id\":\"https:\\\/\\\/aliancasocial.org\\\/#organization\"},\"potentialAction\":[{\"@type\":\"SearchAction\",\"target\":{\"@type\":\"EntryPoint\",\"urlTemplate\":\"https:\\\/\\\/aliancasocial.org\\\/?s={search_term_string}\"},\"query-input\":{\"@type\":\"PropertyValueSpecification\",\"valueRequired\":true,\"valueName\":\"search_term_string\"}}],\"inLanguage\":\"en-US\"},{\"@type\":\"Organization\",\"@id\":\"https:\\\/\\\/aliancasocial.org\\\/#organization\",\"name\":\"Alian\u00e7a de Miseric\u00f3rdia\",\"url\":\"https:\\\/\\\/aliancasocial.org\\\/\",\"logo\":{\"@type\":\"ImageObject\",\"inLanguage\":\"en-US\",\"@id\":\"https:\\\/\\\/aliancasocial.org\\\/#\\\/schema\\\/logo\\\/image\\\/\",\"url\":\"https:\\\/\\\/aliancasocial.org\\\/wp-content\\\/uploads\\\/2022\\\/07\\\/logo-alianca-marrom.svg\",\"contentUrl\":\"https:\\\/\\\/aliancasocial.org\\\/wp-content\\\/uploads\\\/2022\\\/07\\\/logo-alianca-marrom.svg\",\"width\":91,\"height\":33,\"caption\":\"Alian\u00e7a de Miseric\u00f3rdia\"},\"image\":{\"@id\":\"https:\\\/\\\/aliancasocial.org\\\/#\\\/schema\\\/logo\\\/image\\\/\"},\"sameAs\":[\"https:\\\/\\\/www.facebook.com\\\/iesmisericordia\\\/\",\"https:\\\/\\\/www.instagram.com\\\/aliancademisericordia\\\/\"]},{\"@type\":\"Person\",\"@id\":\"https:\\\/\\\/aliancasocial.org\\\/#\\\/schema\\\/person\\\/78098b551faec531645dbd5d82778414\",\"name\":\"Fernanda Monzambani\",\"image\":{\"@type\":\"ImageObject\",\"inLanguage\":\"en-US\",\"@id\":\"https:\\\/\\\/secure.gravatar.com\\\/avatar\\\/aa6d89063e21cd9638051b6cd0602c108d4b79b0898534c712d68409f7e5b64c?s=96&d=mm&r=g\",\"url\":\"https:\\\/\\\/secure.gravatar.com\\\/avatar\\\/aa6d89063e21cd9638051b6cd0602c108d4b79b0898534c712d68409f7e5b64c?s=96&d=mm&r=g\",\"contentUrl\":\"https:\\\/\\\/secure.gravatar.com\\\/avatar\\\/aa6d89063e21cd9638051b6cd0602c108d4b79b0898534c712d68409f7e5b64c?s=96&d=mm&r=g\",\"caption\":\"Fernanda Monzambani\"},\"url\":\"https:\\\/\\\/aliancasocial.org\\\/en\\\/author\\\/fernanda\\\/\"}]}<\/script>\n<!-- \/ Yoast SEO plugin. -->","yoast_head_json":{"title":"Projeto Social Venezuela \u2013Alian\u00e7a de Miseric\u00f3rdia leva esperan\u00e7a - Alian\u00e7a de Miseric\u00f3rdia","description":"Em meio \u00e0 grave crise humanit\u00e1ria enfrentada pela popula\u00e7\u00e3o venezuelana nos \u00faltimos anos, a Alian\u00e7a de Miseric\u00f3rdia, associa\u00e7\u00e3o com atua\u00e7\u00e3o internacional,","robots":{"index":"index","follow":"follow","max-snippet":"max-snippet:-1","max-image-preview":"max-image-preview:large","max-video-preview":"max-video-preview:-1"},"canonical":"https:\/\/aliancasocial.org\/en\/projeto-social-venezuela-alianca-de-misericordia-leva-esperanca\/","og_locale":"en_US","og_type":"article","og_title":"Projeto Social Venezuela \u2013Alian\u00e7a de Miseric\u00f3rdia leva esperan\u00e7a - Alian\u00e7a de Miseric\u00f3rdia","og_description":"Em meio \u00e0 grave crise humanit\u00e1ria enfrentada pela popula\u00e7\u00e3o venezuelana nos \u00faltimos anos, a Alian\u00e7a de Miseric\u00f3rdia, associa\u00e7\u00e3o com atua\u00e7\u00e3o internacional,","og_url":"https:\/\/aliancasocial.org\/en\/projeto-social-venezuela-alianca-de-misericordia-leva-esperanca\/","og_site_name":"Alian\u00e7a de Miseric\u00f3rdia","article_publisher":"https:\/\/www.facebook.com\/iesmisericordia\/","article_published_time":"2025-08-21T15:01:58+00:00","article_modified_time":"2025-08-28T17:03:57+00:00","og_image":[{"width":2560,"height":1920,"url":"https:\/\/aliancasocial.org\/wp-content\/uploads\/2025\/07\/Orato\u0301rio_Venezuela_Ivanilson-Sa\u0301_2024-8-scaled.jpg","type":"image\/jpeg"}],"author":"Fernanda Monzambani","twitter_card":"summary_large_image","twitter_misc":{"Written by":"Fernanda Monzambani","Est. reading time":"2 minutes"},"schema":{"@context":"https:\/\/schema.org","@graph":[{"@type":"Article","@id":"https:\/\/aliancasocial.org\/projeto-social-venezuela-alianca-de-misericordia-leva-esperanca\/#article","isPartOf":{"@id":"https:\/\/aliancasocial.org\/projeto-social-venezuela-alianca-de-misericordia-leva-esperanca\/"},"author":{"name":"Fernanda Monzambani","@id":"https:\/\/aliancasocial.org\/#\/schema\/person\/78098b551faec531645dbd5d82778414"},"headline":"Projeto Social Venezuela \u2013Alian\u00e7a de Miseric\u00f3rdia leva esperan\u00e7a","datePublished":"2025-08-21T15:01:58+00:00","dateModified":"2025-08-28T17:03:57+00:00","mainEntityOfPage":{"@id":"https:\/\/aliancasocial.org\/projeto-social-venezuela-alianca-de-misericordia-leva-esperanca\/"},"wordCount":306,"publisher":{"@id":"https:\/\/aliancasocial.org\/#organization"},"image":{"@id":"https:\/\/aliancasocial.org\/projeto-social-venezuela-alianca-de-misericordia-leva-esperanca\/#primaryimage"},"thumbnailUrl":"https:\/\/aliancasocial.org\/wp-content\/uploads\/2025\/07\/Orato\u0301rio_Venezuela_Ivanilson-Sa\u0301_2024-8-scaled.jpg","articleSection":["Sem Categoria"],"inLanguage":"en-US"},{"@type":"WebPage","@id":"https:\/\/aliancasocial.org\/projeto-social-venezuela-alianca-de-misericordia-leva-esperanca\/","url":"https:\/\/aliancasocial.org\/projeto-social-venezuela-alianca-de-misericordia-leva-esperanca\/","name":"Projeto Social Venezuela \u2013Alian\u00e7a de Miseric\u00f3rdia leva esperan\u00e7a - Alian\u00e7a de Miseric\u00f3rdia","isPartOf":{"@id":"https:\/\/aliancasocial.org\/#website"},"primaryImageOfPage":{"@id":"https:\/\/aliancasocial.org\/projeto-social-venezuela-alianca-de-misericordia-leva-esperanca\/#primaryimage"},"image":{"@id":"https:\/\/aliancasocial.org\/projeto-social-venezuela-alianca-de-misericordia-leva-esperanca\/#primaryimage"},"thumbnailUrl":"https:\/\/aliancasocial.org\/wp-content\/uploads\/2025\/07\/Orato\u0301rio_Venezuela_Ivanilson-Sa\u0301_2024-8-scaled.jpg","datePublished":"2025-08-21T15:01:58+00:00","dateModified":"2025-08-28T17:03:57+00:00","description":"Em meio \u00e0 grave crise humanit\u00e1ria enfrentada pela popula\u00e7\u00e3o venezuelana nos \u00faltimos anos, a Alian\u00e7a de Miseric\u00f3rdia, associa\u00e7\u00e3o com atua\u00e7\u00e3o internacional,","breadcrumb":{"@id":"https:\/\/aliancasocial.org\/projeto-social-venezuela-alianca-de-misericordia-leva-esperanca\/#breadcrumb"},"inLanguage":"en-US","potentialAction":[{"@type":"ReadAction","target":["https:\/\/aliancasocial.org\/projeto-social-venezuela-alianca-de-misericordia-leva-esperanca\/"]}]},{"@type":"ImageObject","inLanguage":"en-US","@id":"https:\/\/aliancasocial.org\/projeto-social-venezuela-alianca-de-misericordia-leva-esperanca\/#primaryimage","url":"https:\/\/aliancasocial.org\/wp-content\/uploads\/2025\/07\/Orato\u0301rio_Venezuela_Ivanilson-Sa\u0301_2024-8-scaled.jpg","contentUrl":"https:\/\/aliancasocial.org\/wp-content\/uploads\/2025\/07\/Orato\u0301rio_Venezuela_Ivanilson-Sa\u0301_2024-8-scaled.jpg","width":2560,"height":1920,"caption":"ZR"},{"@type":"BreadcrumbList","@id":"https:\/\/aliancasocial.org\/projeto-social-venezuela-alianca-de-misericordia-leva-esperanca\/#breadcrumb","itemListElement":[{"@type":"ListItem","position":1,"name":"In\u00edcio","item":"https:\/\/aliancasocial.org\/en\/"},{"@type":"ListItem","position":2,"name":"Projeto Social Venezuela \u2013Alian\u00e7a de Miseric\u00f3rdia leva esperan\u00e7a"}]},{"@type":"WebSite","@id":"https:\/\/aliancasocial.org\/#website","url":"https:\/\/aliancasocial.org\/","name":"Covenant of Mercy","description":"Bringing human dignity to every corner of the world","publisher":{"@id":"https:\/\/aliancasocial.org\/#organization"},"potentialAction":[{"@type":"SearchAction","target":{"@type":"EntryPoint","urlTemplate":"https:\/\/aliancasocial.org\/?s={search_term_string}"},"query-input":{"@type":"PropertyValueSpecification","valueRequired":true,"valueName":"search_term_string"}}],"inLanguage":"en-US"},{"@type":"Organization","@id":"https:\/\/aliancasocial.org\/#organization","name":"Covenant of Mercy","url":"https:\/\/aliancasocial.org\/","logo":{"@type":"ImageObject","inLanguage":"en-US","@id":"https:\/\/aliancasocial.org\/#\/schema\/logo\/image\/","url":"https:\/\/aliancasocial.org\/wp-content\/uploads\/2022\/07\/logo-alianca-marrom.svg","contentUrl":"https:\/\/aliancasocial.org\/wp-content\/uploads\/2022\/07\/logo-alianca-marrom.svg","width":91,"height":33,"caption":"Alian\u00e7a de Miseric\u00f3rdia"},"image":{"@id":"https:\/\/aliancasocial.org\/#\/schema\/logo\/image\/"},"sameAs":["https:\/\/www.facebook.com\/iesmisericordia\/","https:\/\/www.instagram.com\/aliancademisericordia\/"]},{"@type":"Person","@id":"https:\/\/aliancasocial.org\/#\/schema\/person\/78098b551faec531645dbd5d82778414","name":"Fernanda Monzambani","image":{"@type":"ImageObject","inLanguage":"en-US","@id":"https:\/\/secure.gravatar.com\/avatar\/aa6d89063e21cd9638051b6cd0602c108d4b79b0898534c712d68409f7e5b64c?s=96&d=mm&r=g","url":"https:\/\/secure.gravatar.com\/avatar\/aa6d89063e21cd9638051b6cd0602c108d4b79b0898534c712d68409f7e5b64c?s=96&d=mm&r=g","contentUrl":"https:\/\/secure.gravatar.com\/avatar\/aa6d89063e21cd9638051b6cd0602c108d4b79b0898534c712d68409f7e5b64c?s=96&d=mm&r=g","caption":"Fernanda Monzambani"},"url":"https:\/\/aliancasocial.org\/en\/author\/fernanda\/"}]}},"_links":{"self":[{"href":"https:\/\/aliancasocial.org\/en\/wp-json\/wp\/v2\/posts\/11840","targetHints":{"allow":["GET"]}}],"collection":[{"href":"https:\/\/aliancasocial.org\/en\/wp-json\/wp\/v2\/posts"}],"about":[{"href":"https:\/\/aliancasocial.org\/en\/wp-json\/wp\/v2\/types\/post"}],"author":[{"embeddable":true,"href":"https:\/\/aliancasocial.org\/en\/wp-json\/wp\/v2\/users\/8"}],"replies":[{"embeddable":true,"href":"https:\/\/aliancasocial.org\/en\/wp-json\/wp\/v2\/comments?post=11840"}],"version-history":[{"count":1,"href":"https:\/\/aliancasocial.org\/en\/wp-json\/wp\/v2\/posts\/11840\/revisions"}],"predecessor-version":[{"id":11842,"href":"https:\/\/aliancasocial.org\/en\/wp-json\/wp\/v2\/posts\/11840\/revisions\/11842"}],"wp:featuredmedia":[{"embeddable":true,"href":"https:\/\/aliancasocial.org\/en\/wp-json\/wp\/v2\/media\/11841"}],"wp:attachment":[{"href":"https:\/\/aliancasocial.org\/en\/wp-json\/wp\/v2\/media?parent=11840"}],"wp:term":[{"taxonomy":"category","embeddable":true,"href":"https:\/\/aliancasocial.org\/en\/wp-json\/wp\/v2\/categories?post=11840"},{"taxonomy":"post_tag","embeddable":true,"href":"https:\/\/aliancasocial.org\/en\/wp-json\/wp\/v2\/tags?post=11840"},{"taxonomy":"destaques","embeddable":true,"href":"https:\/\/aliancasocial.org\/en\/wp-json\/wp\/v2\/destaques?post=11840"}],"curies":[{"name":"wp","href":"https:\/\/api.w.org\/{rel}","templated":true}]}}