{"id":11843,"date":"2025-09-04T13:44:25","date_gmt":"2025-09-04T16:44:25","guid":{"rendered":"https:\/\/aliancasocial.org\/?p=11843"},"modified":"2025-07-15T13:46:37","modified_gmt":"2025-07-15T16:46:37","slug":"educacao-em-contextos-de-vulnerabilidade-transformando-o-futuro-com-acoes-concretas","status":"publish","type":"post","link":"https:\/\/aliancasocial.org\/en\/educacao-em-contextos-de-vulnerabilidade-transformando-o-futuro-com-acoes-concretas\/","title":{"rendered":"Education in vulnerable contexts: transforming the future with concrete actions"},"content":{"rendered":"<p>A <strong>education is one of the most powerful tools for social transformation<\/strong>In communities marked by poverty, violence, or exclusion, ensuring access to quality education opens the way to a different future\u2014one that is more just, dignified, and full of possibilities.<\/p>\n\n\n\n<p>It is exactly in this context that the work of <strong>Social Alliance<\/strong>, which develops <strong>educational projects aimed at children and adolescents in situations of social vulnerability<\/strong>, in different regions of Brazil and also in countries such as Mozambique and Venezuela.<\/p>\n\n\n\n<h2 class=\"wp-block-heading\">Education as a path to dignity<\/h2>\n\n\n\n<p>In many communities, children face not only a lack of well-structured schools, but also a lack of family support, adequate nutrition, and safety. Therefore, Social Alliance&#039;s projects are not limited to the classroom: they involve educational, sports, and cultural activities, as well as psychological counseling and family support.<\/p>\n\n\n\n<p>The objective is simple and profound: <strong>form whole human beings<\/strong>, capable of developing cognitively, emotionally and socially.<\/p>\n\n\n\n<h2 class=\"wp-block-heading\">First steps that change everything<\/h2>\n\n\n\n<p>By offering <strong>tutoring, recreational workshops, reading circles, values education and emotional support<\/strong>, the Social Alliance helps each child discover their worth and potential. For many of them, this is the first time they&#039;ve been heard, cared for, and encouraged to dream.<\/p>\n\n\n\n<p>The actions also involve the <strong>training of educators<\/strong>, dialogue with the community and the involvement of volunteers who contribute to day-to-day activities.<\/p>\n\n\n\n<h2 class=\"wp-block-heading\">Why invest in education?<\/h2>\n\n\n\n<p>Why <strong>no transformation is sustainable without human formation<\/strong>. Because a child who learns today can become the adult who transforms tomorrow. Because education is the beginning of all change\u2014whether in Brazil or in countries marked by social instability.<\/p>\n\n\n\n<p>If you believe in the power of education, you can be part of this mission: with monthly support, material donations, promotion, or engagement, you directly contribute to the growth of those who need it most.<\/p>\n\n\n\n<p>Learn more about Social Alliance&#039;s educational projects at <a class=\"\" href=\"https:\/\/aliancasocial.org\/en\/\">aliancasocial.org<\/a> and find out how to help.<\/p>","protected":false},"excerpt":{"rendered":"<p>A educa\u00e7\u00e3o \u00e9 uma das ferramentas mais poderosas de transforma\u00e7\u00e3o social. Em comunidades marcadas pela pobreza, pela viol\u00eancia ou pela exclus\u00e3o, garantir o acesso \u00e0 educa\u00e7\u00e3o de qualidade \u00e9 abrir caminhos para um futuro diferente \u2014 mais justo, digno e cheio de possibilidades. \u00c9 exatamente nesse contexto que atua o trabalho da Alian\u00e7a Social, que [&hellip;]<\/p>\n","protected":false},"author":8,"featured_media":10509,"comment_status":"closed","ping_status":"closed","sticky":false,"template":"","format":"standard","meta":{"footnotes":""},"categories":[1],"tags":[],"destaques":[],"class_list":["post-11843","post","type-post","status-publish","format-standard","has-post-thumbnail","hentry","category-sem-categoria"],"yoast_head":"<!-- This site is optimized with the Yoast SEO plugin v27.4 - https:\/\/yoast.com\/product\/yoast-seo-wordpress\/ -->\n<title>Educa\u00e7\u00e3o em contextos de vulnerabilidade: transformando o futuro com a\u00e7\u00f5es concretas - Alian\u00e7a de Miseric\u00f3rdia<\/title>\n<meta name=\"description\" content=\"A educa\u00e7\u00e3o \u00e9 uma das ferramentas mais poderosas de transforma\u00e7\u00e3o social. Em comunidades marcadas pela pobreza, pela viol\u00eancia ou pela exclus\u00e3o, garantir o\" \/>\n<meta name=\"robots\" content=\"index, follow, max-snippet:-1, max-image-preview:large, max-video-preview:-1\" \/>\n<link rel=\"canonical\" href=\"https:\/\/aliancasocial.org\/en\/educacao-em-contextos-de-vulnerabilidade-transformando-o-futuro-com-acoes-concretas\/\" \/>\n<meta property=\"og:locale\" content=\"en_US\" \/>\n<meta property=\"og:type\" content=\"article\" \/>\n<meta property=\"og:title\" content=\"Educa\u00e7\u00e3o em contextos de vulnerabilidade: transformando o futuro com a\u00e7\u00f5es concretas - Alian\u00e7a de Miseric\u00f3rdia\" \/>\n<meta property=\"og:description\" content=\"A educa\u00e7\u00e3o \u00e9 uma das ferramentas mais poderosas de transforma\u00e7\u00e3o social. Em comunidades marcadas pela pobreza, pela viol\u00eancia ou pela exclus\u00e3o, garantir o\" \/>\n<meta property=\"og:url\" content=\"https:\/\/aliancasocial.org\/en\/educacao-em-contextos-de-vulnerabilidade-transformando-o-futuro-com-acoes-concretas\/\" \/>\n<meta property=\"og:site_name\" content=\"Alian\u00e7a de Miseric\u00f3rdia\" \/>\n<meta property=\"article:publisher\" content=\"https:\/\/www.facebook.com\/iesmisericordia\/\" \/>\n<meta property=\"article:published_time\" content=\"2025-09-04T16:44:25+00:00\" \/>\n<meta property=\"og:image\" content=\"https:\/\/aliancasocial.org\/wp-content\/uploads\/2023\/03\/Doe-seu-imposto-de-renda-e-promova-a-Educacao-Infantil.webp\" \/>\n\t<meta property=\"og:image:width\" content=\"1951\" \/>\n\t<meta property=\"og:image:height\" content=\"680\" \/>\n\t<meta property=\"og:image:type\" content=\"image\/webp\" \/>\n<meta name=\"author\" content=\"Fernanda Monzambani\" \/>\n<meta name=\"twitter:card\" content=\"summary_large_image\" \/>\n<meta name=\"twitter:label1\" content=\"Written by\" \/>\n\t<meta name=\"twitter:data1\" content=\"Fernanda Monzambani\" \/>\n\t<meta name=\"twitter:label2\" content=\"Est. reading time\" \/>\n\t<meta name=\"twitter:data2\" content=\"2 minutes\" \/>\n<script type=\"application\/ld+json\" class=\"yoast-schema-graph\">{\"@context\":\"https:\\\/\\\/schema.org\",\"@graph\":[{\"@type\":\"Article\",\"@id\":\"https:\\\/\\\/aliancasocial.org\\\/educacao-em-contextos-de-vulnerabilidade-transformando-o-futuro-com-acoes-concretas\\\/#article\",\"isPartOf\":{\"@id\":\"https:\\\/\\\/aliancasocial.org\\\/educacao-em-contextos-de-vulnerabilidade-transformando-o-futuro-com-acoes-concretas\\\/\"},\"author\":{\"name\":\"Fernanda Monzambani\",\"@id\":\"https:\\\/\\\/aliancasocial.org\\\/#\\\/schema\\\/person\\\/78098b551faec531645dbd5d82778414\"},\"headline\":\"Educa\u00e7\u00e3o em contextos de vulnerabilidade: transformando o futuro com a\u00e7\u00f5es concretas\",\"datePublished\":\"2025-09-04T16:44:25+00:00\",\"mainEntityOfPage\":{\"@id\":\"https:\\\/\\\/aliancasocial.org\\\/educacao-em-contextos-de-vulnerabilidade-transformando-o-futuro-com-acoes-concretas\\\/\"},\"wordCount\":374,\"publisher\":{\"@id\":\"https:\\\/\\\/aliancasocial.org\\\/#organization\"},\"image\":{\"@id\":\"https:\\\/\\\/aliancasocial.org\\\/educacao-em-contextos-de-vulnerabilidade-transformando-o-futuro-com-acoes-concretas\\\/#primaryimage\"},\"thumbnailUrl\":\"https:\\\/\\\/aliancasocial.org\\\/wp-content\\\/uploads\\\/2023\\\/03\\\/Doe-seu-imposto-de-renda-e-promova-a-Educacao-Infantil.webp\",\"articleSection\":[\"Sem Categoria\"],\"inLanguage\":\"en-US\"},{\"@type\":\"WebPage\",\"@id\":\"https:\\\/\\\/aliancasocial.org\\\/educacao-em-contextos-de-vulnerabilidade-transformando-o-futuro-com-acoes-concretas\\\/\",\"url\":\"https:\\\/\\\/aliancasocial.org\\\/educacao-em-contextos-de-vulnerabilidade-transformando-o-futuro-com-acoes-concretas\\\/\",\"name\":\"Educa\u00e7\u00e3o em contextos de vulnerabilidade: transformando o futuro com a\u00e7\u00f5es concretas - Alian\u00e7a de Miseric\u00f3rdia\",\"isPartOf\":{\"@id\":\"https:\\\/\\\/aliancasocial.org\\\/#website\"},\"primaryImageOfPage\":{\"@id\":\"https:\\\/\\\/aliancasocial.org\\\/educacao-em-contextos-de-vulnerabilidade-transformando-o-futuro-com-acoes-concretas\\\/#primaryimage\"},\"image\":{\"@id\":\"https:\\\/\\\/aliancasocial.org\\\/educacao-em-contextos-de-vulnerabilidade-transformando-o-futuro-com-acoes-concretas\\\/#primaryimage\"},\"thumbnailUrl\":\"https:\\\/\\\/aliancasocial.org\\\/wp-content\\\/uploads\\\/2023\\\/03\\\/Doe-seu-imposto-de-renda-e-promova-a-Educacao-Infantil.webp\",\"datePublished\":\"2025-09-04T16:44:25+00:00\",\"description\":\"A educa\u00e7\u00e3o \u00e9 uma das ferramentas mais poderosas de transforma\u00e7\u00e3o social. Em comunidades marcadas pela pobreza, pela viol\u00eancia ou pela exclus\u00e3o, garantir o\",\"breadcrumb\":{\"@id\":\"https:\\\/\\\/aliancasocial.org\\\/educacao-em-contextos-de-vulnerabilidade-transformando-o-futuro-com-acoes-concretas\\\/#breadcrumb\"},\"inLanguage\":\"en-US\",\"potentialAction\":[{\"@type\":\"ReadAction\",\"target\":[\"https:\\\/\\\/aliancasocial.org\\\/educacao-em-contextos-de-vulnerabilidade-transformando-o-futuro-com-acoes-concretas\\\/\"]}]},{\"@type\":\"ImageObject\",\"inLanguage\":\"en-US\",\"@id\":\"https:\\\/\\\/aliancasocial.org\\\/educacao-em-contextos-de-vulnerabilidade-transformando-o-futuro-com-acoes-concretas\\\/#primaryimage\",\"url\":\"https:\\\/\\\/aliancasocial.org\\\/wp-content\\\/uploads\\\/2023\\\/03\\\/Doe-seu-imposto-de-renda-e-promova-a-Educacao-Infantil.webp\",\"contentUrl\":\"https:\\\/\\\/aliancasocial.org\\\/wp-content\\\/uploads\\\/2023\\\/03\\\/Doe-seu-imposto-de-renda-e-promova-a-Educacao-Infantil.webp\",\"width\":1951,\"height\":680},{\"@type\":\"BreadcrumbList\",\"@id\":\"https:\\\/\\\/aliancasocial.org\\\/educacao-em-contextos-de-vulnerabilidade-transformando-o-futuro-com-acoes-concretas\\\/#breadcrumb\",\"itemListElement\":[{\"@type\":\"ListItem\",\"position\":1,\"name\":\"In\u00edcio\",\"item\":\"https:\\\/\\\/aliancasocial.org\\\/en\\\/\"},{\"@type\":\"ListItem\",\"position\":2,\"name\":\"Educa\u00e7\u00e3o em contextos de vulnerabilidade: transformando o futuro com a\u00e7\u00f5es concretas\"}]},{\"@type\":\"WebSite\",\"@id\":\"https:\\\/\\\/aliancasocial.org\\\/#website\",\"url\":\"https:\\\/\\\/aliancasocial.org\\\/\",\"name\":\"Alian\u00e7a de Miseric\u00f3rdia\",\"description\":\"Levando dignidade humana a todos os cantos do mundo\",\"publisher\":{\"@id\":\"https:\\\/\\\/aliancasocial.org\\\/#organization\"},\"potentialAction\":[{\"@type\":\"SearchAction\",\"target\":{\"@type\":\"EntryPoint\",\"urlTemplate\":\"https:\\\/\\\/aliancasocial.org\\\/?s={search_term_string}\"},\"query-input\":{\"@type\":\"PropertyValueSpecification\",\"valueRequired\":true,\"valueName\":\"search_term_string\"}}],\"inLanguage\":\"en-US\"},{\"@type\":\"Organization\",\"@id\":\"https:\\\/\\\/aliancasocial.org\\\/#organization\",\"name\":\"Alian\u00e7a de Miseric\u00f3rdia\",\"url\":\"https:\\\/\\\/aliancasocial.org\\\/\",\"logo\":{\"@type\":\"ImageObject\",\"inLanguage\":\"en-US\",\"@id\":\"https:\\\/\\\/aliancasocial.org\\\/#\\\/schema\\\/logo\\\/image\\\/\",\"url\":\"https:\\\/\\\/aliancasocial.org\\\/wp-content\\\/uploads\\\/2022\\\/07\\\/logo-alianca-marrom.svg\",\"contentUrl\":\"https:\\\/\\\/aliancasocial.org\\\/wp-content\\\/uploads\\\/2022\\\/07\\\/logo-alianca-marrom.svg\",\"width\":91,\"height\":33,\"caption\":\"Alian\u00e7a de Miseric\u00f3rdia\"},\"image\":{\"@id\":\"https:\\\/\\\/aliancasocial.org\\\/#\\\/schema\\\/logo\\\/image\\\/\"},\"sameAs\":[\"https:\\\/\\\/www.facebook.com\\\/iesmisericordia\\\/\",\"https:\\\/\\\/www.instagram.com\\\/aliancademisericordia\\\/\"]},{\"@type\":\"Person\",\"@id\":\"https:\\\/\\\/aliancasocial.org\\\/#\\\/schema\\\/person\\\/78098b551faec531645dbd5d82778414\",\"name\":\"Fernanda Monzambani\",\"image\":{\"@type\":\"ImageObject\",\"inLanguage\":\"en-US\",\"@id\":\"https:\\\/\\\/secure.gravatar.com\\\/avatar\\\/aa6d89063e21cd9638051b6cd0602c108d4b79b0898534c712d68409f7e5b64c?s=96&d=mm&r=g\",\"url\":\"https:\\\/\\\/secure.gravatar.com\\\/avatar\\\/aa6d89063e21cd9638051b6cd0602c108d4b79b0898534c712d68409f7e5b64c?s=96&d=mm&r=g\",\"contentUrl\":\"https:\\\/\\\/secure.gravatar.com\\\/avatar\\\/aa6d89063e21cd9638051b6cd0602c108d4b79b0898534c712d68409f7e5b64c?s=96&d=mm&r=g\",\"caption\":\"Fernanda Monzambani\"},\"url\":\"https:\\\/\\\/aliancasocial.org\\\/en\\\/author\\\/fernanda\\\/\"}]}<\/script>\n<!-- \/ Yoast SEO plugin. -->","yoast_head_json":{"title":"Educa\u00e7\u00e3o em contextos de vulnerabilidade: transformando o futuro com a\u00e7\u00f5es concretas - Alian\u00e7a de Miseric\u00f3rdia","description":"A educa\u00e7\u00e3o \u00e9 uma das ferramentas mais poderosas de transforma\u00e7\u00e3o social. Em comunidades marcadas pela pobreza, pela viol\u00eancia ou pela exclus\u00e3o, garantir o","robots":{"index":"index","follow":"follow","max-snippet":"max-snippet:-1","max-image-preview":"max-image-preview:large","max-video-preview":"max-video-preview:-1"},"canonical":"https:\/\/aliancasocial.org\/en\/educacao-em-contextos-de-vulnerabilidade-transformando-o-futuro-com-acoes-concretas\/","og_locale":"en_US","og_type":"article","og_title":"Educa\u00e7\u00e3o em contextos de vulnerabilidade: transformando o futuro com a\u00e7\u00f5es concretas - Alian\u00e7a de Miseric\u00f3rdia","og_description":"A educa\u00e7\u00e3o \u00e9 uma das ferramentas mais poderosas de transforma\u00e7\u00e3o social. Em comunidades marcadas pela pobreza, pela viol\u00eancia ou pela exclus\u00e3o, garantir o","og_url":"https:\/\/aliancasocial.org\/en\/educacao-em-contextos-de-vulnerabilidade-transformando-o-futuro-com-acoes-concretas\/","og_site_name":"Alian\u00e7a de Miseric\u00f3rdia","article_publisher":"https:\/\/www.facebook.com\/iesmisericordia\/","article_published_time":"2025-09-04T16:44:25+00:00","og_image":[{"width":1951,"height":680,"url":"https:\/\/aliancasocial.org\/wp-content\/uploads\/2023\/03\/Doe-seu-imposto-de-renda-e-promova-a-Educacao-Infantil.webp","type":"image\/webp"}],"author":"Fernanda Monzambani","twitter_card":"summary_large_image","twitter_misc":{"Written by":"Fernanda Monzambani","Est. reading time":"2 minutes"},"schema":{"@context":"https:\/\/schema.org","@graph":[{"@type":"Article","@id":"https:\/\/aliancasocial.org\/educacao-em-contextos-de-vulnerabilidade-transformando-o-futuro-com-acoes-concretas\/#article","isPartOf":{"@id":"https:\/\/aliancasocial.org\/educacao-em-contextos-de-vulnerabilidade-transformando-o-futuro-com-acoes-concretas\/"},"author":{"name":"Fernanda Monzambani","@id":"https:\/\/aliancasocial.org\/#\/schema\/person\/78098b551faec531645dbd5d82778414"},"headline":"Educa\u00e7\u00e3o em contextos de vulnerabilidade: transformando o futuro com a\u00e7\u00f5es concretas","datePublished":"2025-09-04T16:44:25+00:00","mainEntityOfPage":{"@id":"https:\/\/aliancasocial.org\/educacao-em-contextos-de-vulnerabilidade-transformando-o-futuro-com-acoes-concretas\/"},"wordCount":374,"publisher":{"@id":"https:\/\/aliancasocial.org\/#organization"},"image":{"@id":"https:\/\/aliancasocial.org\/educacao-em-contextos-de-vulnerabilidade-transformando-o-futuro-com-acoes-concretas\/#primaryimage"},"thumbnailUrl":"https:\/\/aliancasocial.org\/wp-content\/uploads\/2023\/03\/Doe-seu-imposto-de-renda-e-promova-a-Educacao-Infantil.webp","articleSection":["Sem Categoria"],"inLanguage":"en-US"},{"@type":"WebPage","@id":"https:\/\/aliancasocial.org\/educacao-em-contextos-de-vulnerabilidade-transformando-o-futuro-com-acoes-concretas\/","url":"https:\/\/aliancasocial.org\/educacao-em-contextos-de-vulnerabilidade-transformando-o-futuro-com-acoes-concretas\/","name":"Educa\u00e7\u00e3o em contextos de vulnerabilidade: transformando o futuro com a\u00e7\u00f5es concretas - Alian\u00e7a de Miseric\u00f3rdia","isPartOf":{"@id":"https:\/\/aliancasocial.org\/#website"},"primaryImageOfPage":{"@id":"https:\/\/aliancasocial.org\/educacao-em-contextos-de-vulnerabilidade-transformando-o-futuro-com-acoes-concretas\/#primaryimage"},"image":{"@id":"https:\/\/aliancasocial.org\/educacao-em-contextos-de-vulnerabilidade-transformando-o-futuro-com-acoes-concretas\/#primaryimage"},"thumbnailUrl":"https:\/\/aliancasocial.org\/wp-content\/uploads\/2023\/03\/Doe-seu-imposto-de-renda-e-promova-a-Educacao-Infantil.webp","datePublished":"2025-09-04T16:44:25+00:00","description":"A educa\u00e7\u00e3o \u00e9 uma das ferramentas mais poderosas de transforma\u00e7\u00e3o social. Em comunidades marcadas pela pobreza, pela viol\u00eancia ou pela exclus\u00e3o, garantir o","breadcrumb":{"@id":"https:\/\/aliancasocial.org\/educacao-em-contextos-de-vulnerabilidade-transformando-o-futuro-com-acoes-concretas\/#breadcrumb"},"inLanguage":"en-US","potentialAction":[{"@type":"ReadAction","target":["https:\/\/aliancasocial.org\/educacao-em-contextos-de-vulnerabilidade-transformando-o-futuro-com-acoes-concretas\/"]}]},{"@type":"ImageObject","inLanguage":"en-US","@id":"https:\/\/aliancasocial.org\/educacao-em-contextos-de-vulnerabilidade-transformando-o-futuro-com-acoes-concretas\/#primaryimage","url":"https:\/\/aliancasocial.org\/wp-content\/uploads\/2023\/03\/Doe-seu-imposto-de-renda-e-promova-a-Educacao-Infantil.webp","contentUrl":"https:\/\/aliancasocial.org\/wp-content\/uploads\/2023\/03\/Doe-seu-imposto-de-renda-e-promova-a-Educacao-Infantil.webp","width":1951,"height":680},{"@type":"BreadcrumbList","@id":"https:\/\/aliancasocial.org\/educacao-em-contextos-de-vulnerabilidade-transformando-o-futuro-com-acoes-concretas\/#breadcrumb","itemListElement":[{"@type":"ListItem","position":1,"name":"In\u00edcio","item":"https:\/\/aliancasocial.org\/en\/"},{"@type":"ListItem","position":2,"name":"Educa\u00e7\u00e3o em contextos de vulnerabilidade: transformando o futuro com a\u00e7\u00f5es concretas"}]},{"@type":"WebSite","@id":"https:\/\/aliancasocial.org\/#website","url":"https:\/\/aliancasocial.org\/","name":"Covenant of Mercy","description":"Bringing human dignity to every corner of the world","publisher":{"@id":"https:\/\/aliancasocial.org\/#organization"},"potentialAction":[{"@type":"SearchAction","target":{"@type":"EntryPoint","urlTemplate":"https:\/\/aliancasocial.org\/?s={search_term_string}"},"query-input":{"@type":"PropertyValueSpecification","valueRequired":true,"valueName":"search_term_string"}}],"inLanguage":"en-US"},{"@type":"Organization","@id":"https:\/\/aliancasocial.org\/#organization","name":"Covenant of Mercy","url":"https:\/\/aliancasocial.org\/","logo":{"@type":"ImageObject","inLanguage":"en-US","@id":"https:\/\/aliancasocial.org\/#\/schema\/logo\/image\/","url":"https:\/\/aliancasocial.org\/wp-content\/uploads\/2022\/07\/logo-alianca-marrom.svg","contentUrl":"https:\/\/aliancasocial.org\/wp-content\/uploads\/2022\/07\/logo-alianca-marrom.svg","width":91,"height":33,"caption":"Alian\u00e7a de Miseric\u00f3rdia"},"image":{"@id":"https:\/\/aliancasocial.org\/#\/schema\/logo\/image\/"},"sameAs":["https:\/\/www.facebook.com\/iesmisericordia\/","https:\/\/www.instagram.com\/aliancademisericordia\/"]},{"@type":"Person","@id":"https:\/\/aliancasocial.org\/#\/schema\/person\/78098b551faec531645dbd5d82778414","name":"Fernanda Monzambani","image":{"@type":"ImageObject","inLanguage":"en-US","@id":"https:\/\/secure.gravatar.com\/avatar\/aa6d89063e21cd9638051b6cd0602c108d4b79b0898534c712d68409f7e5b64c?s=96&d=mm&r=g","url":"https:\/\/secure.gravatar.com\/avatar\/aa6d89063e21cd9638051b6cd0602c108d4b79b0898534c712d68409f7e5b64c?s=96&d=mm&r=g","contentUrl":"https:\/\/secure.gravatar.com\/avatar\/aa6d89063e21cd9638051b6cd0602c108d4b79b0898534c712d68409f7e5b64c?s=96&d=mm&r=g","caption":"Fernanda Monzambani"},"url":"https:\/\/aliancasocial.org\/en\/author\/fernanda\/"}]}},"_links":{"self":[{"href":"https:\/\/aliancasocial.org\/en\/wp-json\/wp\/v2\/posts\/11843","targetHints":{"allow":["GET"]}}],"collection":[{"href":"https:\/\/aliancasocial.org\/en\/wp-json\/wp\/v2\/posts"}],"about":[{"href":"https:\/\/aliancasocial.org\/en\/wp-json\/wp\/v2\/types\/post"}],"author":[{"embeddable":true,"href":"https:\/\/aliancasocial.org\/en\/wp-json\/wp\/v2\/users\/8"}],"replies":[{"embeddable":true,"href":"https:\/\/aliancasocial.org\/en\/wp-json\/wp\/v2\/comments?post=11843"}],"version-history":[{"count":1,"href":"https:\/\/aliancasocial.org\/en\/wp-json\/wp\/v2\/posts\/11843\/revisions"}],"predecessor-version":[{"id":11844,"href":"https:\/\/aliancasocial.org\/en\/wp-json\/wp\/v2\/posts\/11843\/revisions\/11844"}],"wp:featuredmedia":[{"embeddable":true,"href":"https:\/\/aliancasocial.org\/en\/wp-json\/wp\/v2\/media\/10509"}],"wp:attachment":[{"href":"https:\/\/aliancasocial.org\/en\/wp-json\/wp\/v2\/media?parent=11843"}],"wp:term":[{"taxonomy":"category","embeddable":true,"href":"https:\/\/aliancasocial.org\/en\/wp-json\/wp\/v2\/categories?post=11843"},{"taxonomy":"post_tag","embeddable":true,"href":"https:\/\/aliancasocial.org\/en\/wp-json\/wp\/v2\/tags?post=11843"},{"taxonomy":"destaques","embeddable":true,"href":"https:\/\/aliancasocial.org\/en\/wp-json\/wp\/v2\/destaques?post=11843"}],"curies":[{"name":"wp","href":"https:\/\/api.w.org\/{rel}","templated":true}]}}