{"id":11845,"date":"2025-10-02T13:47:49","date_gmt":"2025-10-02T16:47:49","guid":{"rendered":"https:\/\/aliancasocial.org\/?p=11845"},"modified":"2025-10-07T09:08:36","modified_gmt":"2025-10-07T12:08:36","slug":"educacao-para-criancas-em-vulnerabilidade-social-um-compromisso-com-o-futuro","status":"publish","type":"post","link":"https:\/\/aliancasocial.org\/en\/educacao-para-criancas-em-vulnerabilidade-social-um-compromisso-com-o-futuro\/","title":{"rendered":"Education for Children in Socially Vulnerable Situations: A Commitment to the Future"},"content":{"rendered":"<p>A <strong>education for children in socially vulnerable situations<\/strong> goes far beyond teaching school content. It is an essential tool for <strong>protection, inclusion and transformation<\/strong>, especially in contexts where children grow up exposed to violence, food insecurity, abandonment or a lack of positive role models.<\/p>\n\n\n\n<p>According to UNICEF data, millions of children in Brazil live in multidimensional poverty\u2014which includes a lack of access to quality education. For these children, school or social centers are often <strong>the only place where they find stability, affection and real opportunities for growth<\/strong>.<\/p>\n\n\n\n<p>The Social Alliance works to fill this gap through projects that offer:<\/p>\n\n\n\n<ul class=\"wp-block-list\">\n<li><strong>Continuous school reinforcement<\/strong>, focused on learning recovery;<\/li>\n\n\n\n<li><strong>Individualized pedagogical monitoring<\/strong>, respecting the pace of each student;<\/li>\n\n\n\n<li><strong>Cultural and recreational activities<\/strong>, such as music, dance, theater and reading, which develop socio-emotional skills and creativity;<\/li>\n\n\n\n<li><strong>Daily diet<\/strong>, ensuring nutritional security for children who often have their main meal at school;<\/li>\n\n\n\n<li><strong>Psychosocial support and dialogue with families<\/strong>, strengthening bonds and creating a care network around the child.<\/li>\n<\/ul>\n\n\n\n<p>Education, in this scenario, is more than a right \u2014 it is a real path to <strong>liberation and hope<\/strong>By guaranteeing this right to vulnerable children, we are investing not only in their future, but in that of society as a whole.<\/p>\n\n\n\n<p><a href=\"https:\/\/aliancademisericordia.doardigital.com.br\/doacao\">Help us continue our work for education. Make a donation.<\/a><\/p>","protected":false},"excerpt":{"rendered":"<p>A educa\u00e7\u00e3o para crian\u00e7as em vulnerabilidade social vai muito al\u00e9m do ensino de conte\u00fados escolares. Trata-se de um instrumento essencial de prote\u00e7\u00e3o, inclus\u00e3o e transforma\u00e7\u00e3o, especialmente em contextos onde a crian\u00e7a cresce exposta \u00e0 viol\u00eancia, \u00e0 inseguran\u00e7a alimentar, ao abandono ou \u00e0 aus\u00eancia de refer\u00eancias positivas. Segundo dados do UNICEF, milh\u00f5es de crian\u00e7as no Brasil [&hellip;]<\/p>\n","protected":false},"author":8,"featured_media":10509,"comment_status":"closed","ping_status":"closed","sticky":false,"template":"","format":"standard","meta":{"footnotes":""},"categories":[9],"tags":[],"destaques":[],"class_list":["post-11845","post","type-post","status-publish","format-standard","has-post-thumbnail","hentry","category-educacao"],"yoast_head":"<!-- This site is optimized with the Yoast SEO plugin v27.4 - https:\/\/yoast.com\/product\/yoast-seo-wordpress\/ -->\n<title>Educa\u00e7\u00e3o para Crian\u00e7as em Vulnerabilidade Social: Um Compromisso com o Futuro - Alian\u00e7a de Miseric\u00f3rdia<\/title>\n<meta name=\"description\" content=\"A educa\u00e7\u00e3o para crian\u00e7as em vulnerabilidade social vai muito al\u00e9m do ensino de conte\u00fados escolares. Trata-se de um instrumento essencial de prote\u00e7\u00e3o,\" \/>\n<meta name=\"robots\" content=\"index, follow, max-snippet:-1, max-image-preview:large, max-video-preview:-1\" \/>\n<link rel=\"canonical\" href=\"https:\/\/aliancasocial.org\/en\/educacao-para-criancas-em-vulnerabilidade-social-um-compromisso-com-o-futuro\/\" \/>\n<meta property=\"og:locale\" content=\"en_US\" \/>\n<meta property=\"og:type\" content=\"article\" \/>\n<meta property=\"og:title\" content=\"Educa\u00e7\u00e3o para Crian\u00e7as em Vulnerabilidade Social: Um Compromisso com o Futuro - Alian\u00e7a de Miseric\u00f3rdia\" \/>\n<meta property=\"og:description\" content=\"A educa\u00e7\u00e3o para crian\u00e7as em vulnerabilidade social vai muito al\u00e9m do ensino de conte\u00fados escolares. Trata-se de um instrumento essencial de prote\u00e7\u00e3o,\" \/>\n<meta property=\"og:url\" content=\"https:\/\/aliancasocial.org\/en\/educacao-para-criancas-em-vulnerabilidade-social-um-compromisso-com-o-futuro\/\" \/>\n<meta property=\"og:site_name\" content=\"Alian\u00e7a de Miseric\u00f3rdia\" \/>\n<meta property=\"article:publisher\" content=\"https:\/\/www.facebook.com\/iesmisericordia\/\" \/>\n<meta property=\"article:published_time\" content=\"2025-10-02T16:47:49+00:00\" \/>\n<meta property=\"article:modified_time\" content=\"2025-10-07T12:08:36+00:00\" \/>\n<meta property=\"og:image\" content=\"https:\/\/aliancasocial.org\/wp-content\/uploads\/2023\/03\/Doe-seu-imposto-de-renda-e-promova-a-Educacao-Infantil.webp\" \/>\n\t<meta property=\"og:image:width\" content=\"1951\" \/>\n\t<meta property=\"og:image:height\" content=\"680\" \/>\n\t<meta property=\"og:image:type\" content=\"image\/webp\" \/>\n<meta name=\"author\" content=\"Fernanda Monzambani\" \/>\n<meta name=\"twitter:card\" content=\"summary_large_image\" \/>\n<meta name=\"twitter:label1\" content=\"Written by\" \/>\n\t<meta name=\"twitter:data1\" content=\"Fernanda Monzambani\" \/>\n\t<meta name=\"twitter:label2\" content=\"Est. reading time\" \/>\n\t<meta name=\"twitter:data2\" content=\"2 minutes\" \/>\n<script type=\"application\/ld+json\" class=\"yoast-schema-graph\">{\"@context\":\"https:\\\/\\\/schema.org\",\"@graph\":[{\"@type\":\"Article\",\"@id\":\"https:\\\/\\\/aliancasocial.org\\\/educacao-para-criancas-em-vulnerabilidade-social-um-compromisso-com-o-futuro\\\/#article\",\"isPartOf\":{\"@id\":\"https:\\\/\\\/aliancasocial.org\\\/educacao-para-criancas-em-vulnerabilidade-social-um-compromisso-com-o-futuro\\\/\"},\"author\":{\"name\":\"Fernanda Monzambani\",\"@id\":\"https:\\\/\\\/aliancasocial.org\\\/#\\\/schema\\\/person\\\/73a690df527bfd7df78ba35714ff67d4\"},\"headline\":\"Educa\u00e7\u00e3o para Crian\u00e7as em Vulnerabilidade Social: Um Compromisso com o Futuro\",\"datePublished\":\"2025-10-02T16:47:49+00:00\",\"dateModified\":\"2025-10-07T12:08:36+00:00\",\"mainEntityOfPage\":{\"@id\":\"https:\\\/\\\/aliancasocial.org\\\/educacao-para-criancas-em-vulnerabilidade-social-um-compromisso-com-o-futuro\\\/\"},\"wordCount\":279,\"publisher\":{\"@id\":\"https:\\\/\\\/aliancasocial.org\\\/#organization\"},\"image\":{\"@id\":\"https:\\\/\\\/aliancasocial.org\\\/educacao-para-criancas-em-vulnerabilidade-social-um-compromisso-com-o-futuro\\\/#primaryimage\"},\"thumbnailUrl\":\"https:\\\/\\\/aliancasocial.org\\\/wp-content\\\/uploads\\\/2023\\\/03\\\/Doe-seu-imposto-de-renda-e-promova-a-Educacao-Infantil.webp\",\"articleSection\":[\"Educa\u00e7\u00e3o\"],\"inLanguage\":\"en-US\"},{\"@type\":\"WebPage\",\"@id\":\"https:\\\/\\\/aliancasocial.org\\\/educacao-para-criancas-em-vulnerabilidade-social-um-compromisso-com-o-futuro\\\/\",\"url\":\"https:\\\/\\\/aliancasocial.org\\\/educacao-para-criancas-em-vulnerabilidade-social-um-compromisso-com-o-futuro\\\/\",\"name\":\"Educa\u00e7\u00e3o para Crian\u00e7as em Vulnerabilidade Social: Um Compromisso com o Futuro - Alian\u00e7a de Miseric\u00f3rdia\",\"isPartOf\":{\"@id\":\"https:\\\/\\\/aliancasocial.org\\\/#website\"},\"primaryImageOfPage\":{\"@id\":\"https:\\\/\\\/aliancasocial.org\\\/educacao-para-criancas-em-vulnerabilidade-social-um-compromisso-com-o-futuro\\\/#primaryimage\"},\"image\":{\"@id\":\"https:\\\/\\\/aliancasocial.org\\\/educacao-para-criancas-em-vulnerabilidade-social-um-compromisso-com-o-futuro\\\/#primaryimage\"},\"thumbnailUrl\":\"https:\\\/\\\/aliancasocial.org\\\/wp-content\\\/uploads\\\/2023\\\/03\\\/Doe-seu-imposto-de-renda-e-promova-a-Educacao-Infantil.webp\",\"datePublished\":\"2025-10-02T16:47:49+00:00\",\"dateModified\":\"2025-10-07T12:08:36+00:00\",\"description\":\"A educa\u00e7\u00e3o para crian\u00e7as em vulnerabilidade social vai muito al\u00e9m do ensino de conte\u00fados escolares. Trata-se de um instrumento essencial de prote\u00e7\u00e3o,\",\"breadcrumb\":{\"@id\":\"https:\\\/\\\/aliancasocial.org\\\/educacao-para-criancas-em-vulnerabilidade-social-um-compromisso-com-o-futuro\\\/#breadcrumb\"},\"inLanguage\":\"en-US\",\"potentialAction\":[{\"@type\":\"ReadAction\",\"target\":[\"https:\\\/\\\/aliancasocial.org\\\/educacao-para-criancas-em-vulnerabilidade-social-um-compromisso-com-o-futuro\\\/\"]}]},{\"@type\":\"ImageObject\",\"inLanguage\":\"en-US\",\"@id\":\"https:\\\/\\\/aliancasocial.org\\\/educacao-para-criancas-em-vulnerabilidade-social-um-compromisso-com-o-futuro\\\/#primaryimage\",\"url\":\"https:\\\/\\\/aliancasocial.org\\\/wp-content\\\/uploads\\\/2023\\\/03\\\/Doe-seu-imposto-de-renda-e-promova-a-Educacao-Infantil.webp\",\"contentUrl\":\"https:\\\/\\\/aliancasocial.org\\\/wp-content\\\/uploads\\\/2023\\\/03\\\/Doe-seu-imposto-de-renda-e-promova-a-Educacao-Infantil.webp\",\"width\":1951,\"height\":680},{\"@type\":\"BreadcrumbList\",\"@id\":\"https:\\\/\\\/aliancasocial.org\\\/educacao-para-criancas-em-vulnerabilidade-social-um-compromisso-com-o-futuro\\\/#breadcrumb\",\"itemListElement\":[{\"@type\":\"ListItem\",\"position\":1,\"name\":\"In\u00edcio\",\"item\":\"https:\\\/\\\/aliancasocial.org\\\/en\\\/\"},{\"@type\":\"ListItem\",\"position\":2,\"name\":\"Educa\u00e7\u00e3o para Crian\u00e7as em Vulnerabilidade Social: Um Compromisso com o Futuro\"}]},{\"@type\":\"WebSite\",\"@id\":\"https:\\\/\\\/aliancasocial.org\\\/#website\",\"url\":\"https:\\\/\\\/aliancasocial.org\\\/\",\"name\":\"Alian\u00e7a de Miseric\u00f3rdia\",\"description\":\"Levando dignidade humana a todos os cantos do mundo\",\"publisher\":{\"@id\":\"https:\\\/\\\/aliancasocial.org\\\/#organization\"},\"potentialAction\":[{\"@type\":\"SearchAction\",\"target\":{\"@type\":\"EntryPoint\",\"urlTemplate\":\"https:\\\/\\\/aliancasocial.org\\\/?s={search_term_string}\"},\"query-input\":{\"@type\":\"PropertyValueSpecification\",\"valueRequired\":true,\"valueName\":\"search_term_string\"}}],\"inLanguage\":\"en-US\"},{\"@type\":\"Organization\",\"@id\":\"https:\\\/\\\/aliancasocial.org\\\/#organization\",\"name\":\"Alian\u00e7a de Miseric\u00f3rdia\",\"url\":\"https:\\\/\\\/aliancasocial.org\\\/\",\"logo\":{\"@type\":\"ImageObject\",\"inLanguage\":\"en-US\",\"@id\":\"https:\\\/\\\/aliancasocial.org\\\/#\\\/schema\\\/logo\\\/image\\\/\",\"url\":\"https:\\\/\\\/aliancasocial.org\\\/wp-content\\\/uploads\\\/2022\\\/07\\\/logo-alianca-marrom.svg\",\"contentUrl\":\"https:\\\/\\\/aliancasocial.org\\\/wp-content\\\/uploads\\\/2022\\\/07\\\/logo-alianca-marrom.svg\",\"width\":91,\"height\":33,\"caption\":\"Alian\u00e7a de Miseric\u00f3rdia\"},\"image\":{\"@id\":\"https:\\\/\\\/aliancasocial.org\\\/#\\\/schema\\\/logo\\\/image\\\/\"},\"sameAs\":[\"https:\\\/\\\/www.facebook.com\\\/iesmisericordia\\\/\",\"https:\\\/\\\/www.instagram.com\\\/aliancademisericordia\\\/\"]},{\"@type\":\"Person\",\"@id\":\"https:\\\/\\\/aliancasocial.org\\\/#\\\/schema\\\/person\\\/73a690df527bfd7df78ba35714ff67d4\",\"name\":\"Fernanda Monzambani\",\"image\":{\"@type\":\"ImageObject\",\"inLanguage\":\"en-US\",\"@id\":\"https:\\\/\\\/secure.gravatar.com\\\/avatar\\\/aa6d89063e21cd9638051b6cd0602c108d4b79b0898534c712d68409f7e5b64c?s=96&d=mm&r=g\",\"url\":\"https:\\\/\\\/secure.gravatar.com\\\/avatar\\\/aa6d89063e21cd9638051b6cd0602c108d4b79b0898534c712d68409f7e5b64c?s=96&d=mm&r=g\",\"contentUrl\":\"https:\\\/\\\/secure.gravatar.com\\\/avatar\\\/aa6d89063e21cd9638051b6cd0602c108d4b79b0898534c712d68409f7e5b64c?s=96&d=mm&r=g\",\"caption\":\"Fernanda Monzambani\"},\"url\":\"https:\\\/\\\/aliancasocial.org\\\/en\\\/author\\\/fernanda\\\/\"}]}<\/script>\n<!-- \/ Yoast SEO plugin. -->","yoast_head_json":{"title":"Educa\u00e7\u00e3o para Crian\u00e7as em Vulnerabilidade Social: Um Compromisso com o Futuro - Alian\u00e7a de Miseric\u00f3rdia","description":"A educa\u00e7\u00e3o para crian\u00e7as em vulnerabilidade social vai muito al\u00e9m do ensino de conte\u00fados escolares. Trata-se de um instrumento essencial de prote\u00e7\u00e3o,","robots":{"index":"index","follow":"follow","max-snippet":"max-snippet:-1","max-image-preview":"max-image-preview:large","max-video-preview":"max-video-preview:-1"},"canonical":"https:\/\/aliancasocial.org\/en\/educacao-para-criancas-em-vulnerabilidade-social-um-compromisso-com-o-futuro\/","og_locale":"en_US","og_type":"article","og_title":"Educa\u00e7\u00e3o para Crian\u00e7as em Vulnerabilidade Social: Um Compromisso com o Futuro - Alian\u00e7a de Miseric\u00f3rdia","og_description":"A educa\u00e7\u00e3o para crian\u00e7as em vulnerabilidade social vai muito al\u00e9m do ensino de conte\u00fados escolares. Trata-se de um instrumento essencial de prote\u00e7\u00e3o,","og_url":"https:\/\/aliancasocial.org\/en\/educacao-para-criancas-em-vulnerabilidade-social-um-compromisso-com-o-futuro\/","og_site_name":"Alian\u00e7a de Miseric\u00f3rdia","article_publisher":"https:\/\/www.facebook.com\/iesmisericordia\/","article_published_time":"2025-10-02T16:47:49+00:00","article_modified_time":"2025-10-07T12:08:36+00:00","og_image":[{"width":1951,"height":680,"url":"https:\/\/aliancasocial.org\/wp-content\/uploads\/2023\/03\/Doe-seu-imposto-de-renda-e-promova-a-Educacao-Infantil.webp","type":"image\/webp"}],"author":"Fernanda Monzambani","twitter_card":"summary_large_image","twitter_misc":{"Written by":"Fernanda Monzambani","Est. reading time":"2 minutes"},"schema":{"@context":"https:\/\/schema.org","@graph":[{"@type":"Article","@id":"https:\/\/aliancasocial.org\/educacao-para-criancas-em-vulnerabilidade-social-um-compromisso-com-o-futuro\/#article","isPartOf":{"@id":"https:\/\/aliancasocial.org\/educacao-para-criancas-em-vulnerabilidade-social-um-compromisso-com-o-futuro\/"},"author":{"name":"Fernanda Monzambani","@id":"https:\/\/aliancasocial.org\/#\/schema\/person\/73a690df527bfd7df78ba35714ff67d4"},"headline":"Educa\u00e7\u00e3o para Crian\u00e7as em Vulnerabilidade Social: Um Compromisso com o Futuro","datePublished":"2025-10-02T16:47:49+00:00","dateModified":"2025-10-07T12:08:36+00:00","mainEntityOfPage":{"@id":"https:\/\/aliancasocial.org\/educacao-para-criancas-em-vulnerabilidade-social-um-compromisso-com-o-futuro\/"},"wordCount":279,"publisher":{"@id":"https:\/\/aliancasocial.org\/#organization"},"image":{"@id":"https:\/\/aliancasocial.org\/educacao-para-criancas-em-vulnerabilidade-social-um-compromisso-com-o-futuro\/#primaryimage"},"thumbnailUrl":"https:\/\/aliancasocial.org\/wp-content\/uploads\/2023\/03\/Doe-seu-imposto-de-renda-e-promova-a-Educacao-Infantil.webp","articleSection":["Educa\u00e7\u00e3o"],"inLanguage":"en-US"},{"@type":"WebPage","@id":"https:\/\/aliancasocial.org\/educacao-para-criancas-em-vulnerabilidade-social-um-compromisso-com-o-futuro\/","url":"https:\/\/aliancasocial.org\/educacao-para-criancas-em-vulnerabilidade-social-um-compromisso-com-o-futuro\/","name":"Educa\u00e7\u00e3o para Crian\u00e7as em Vulnerabilidade Social: Um Compromisso com o Futuro - Alian\u00e7a de Miseric\u00f3rdia","isPartOf":{"@id":"https:\/\/aliancasocial.org\/#website"},"primaryImageOfPage":{"@id":"https:\/\/aliancasocial.org\/educacao-para-criancas-em-vulnerabilidade-social-um-compromisso-com-o-futuro\/#primaryimage"},"image":{"@id":"https:\/\/aliancasocial.org\/educacao-para-criancas-em-vulnerabilidade-social-um-compromisso-com-o-futuro\/#primaryimage"},"thumbnailUrl":"https:\/\/aliancasocial.org\/wp-content\/uploads\/2023\/03\/Doe-seu-imposto-de-renda-e-promova-a-Educacao-Infantil.webp","datePublished":"2025-10-02T16:47:49+00:00","dateModified":"2025-10-07T12:08:36+00:00","description":"A educa\u00e7\u00e3o para crian\u00e7as em vulnerabilidade social vai muito al\u00e9m do ensino de conte\u00fados escolares. Trata-se de um instrumento essencial de prote\u00e7\u00e3o,","breadcrumb":{"@id":"https:\/\/aliancasocial.org\/educacao-para-criancas-em-vulnerabilidade-social-um-compromisso-com-o-futuro\/#breadcrumb"},"inLanguage":"en-US","potentialAction":[{"@type":"ReadAction","target":["https:\/\/aliancasocial.org\/educacao-para-criancas-em-vulnerabilidade-social-um-compromisso-com-o-futuro\/"]}]},{"@type":"ImageObject","inLanguage":"en-US","@id":"https:\/\/aliancasocial.org\/educacao-para-criancas-em-vulnerabilidade-social-um-compromisso-com-o-futuro\/#primaryimage","url":"https:\/\/aliancasocial.org\/wp-content\/uploads\/2023\/03\/Doe-seu-imposto-de-renda-e-promova-a-Educacao-Infantil.webp","contentUrl":"https:\/\/aliancasocial.org\/wp-content\/uploads\/2023\/03\/Doe-seu-imposto-de-renda-e-promova-a-Educacao-Infantil.webp","width":1951,"height":680},{"@type":"BreadcrumbList","@id":"https:\/\/aliancasocial.org\/educacao-para-criancas-em-vulnerabilidade-social-um-compromisso-com-o-futuro\/#breadcrumb","itemListElement":[{"@type":"ListItem","position":1,"name":"In\u00edcio","item":"https:\/\/aliancasocial.org\/en\/"},{"@type":"ListItem","position":2,"name":"Educa\u00e7\u00e3o para Crian\u00e7as em Vulnerabilidade Social: Um Compromisso com o Futuro"}]},{"@type":"WebSite","@id":"https:\/\/aliancasocial.org\/#website","url":"https:\/\/aliancasocial.org\/","name":"Covenant of Mercy","description":"Bringing human dignity to every corner of the world","publisher":{"@id":"https:\/\/aliancasocial.org\/#organization"},"potentialAction":[{"@type":"SearchAction","target":{"@type":"EntryPoint","urlTemplate":"https:\/\/aliancasocial.org\/?s={search_term_string}"},"query-input":{"@type":"PropertyValueSpecification","valueRequired":true,"valueName":"search_term_string"}}],"inLanguage":"en-US"},{"@type":"Organization","@id":"https:\/\/aliancasocial.org\/#organization","name":"Covenant of Mercy","url":"https:\/\/aliancasocial.org\/","logo":{"@type":"ImageObject","inLanguage":"en-US","@id":"https:\/\/aliancasocial.org\/#\/schema\/logo\/image\/","url":"https:\/\/aliancasocial.org\/wp-content\/uploads\/2022\/07\/logo-alianca-marrom.svg","contentUrl":"https:\/\/aliancasocial.org\/wp-content\/uploads\/2022\/07\/logo-alianca-marrom.svg","width":91,"height":33,"caption":"Alian\u00e7a de Miseric\u00f3rdia"},"image":{"@id":"https:\/\/aliancasocial.org\/#\/schema\/logo\/image\/"},"sameAs":["https:\/\/www.facebook.com\/iesmisericordia\/","https:\/\/www.instagram.com\/aliancademisericordia\/"]},{"@type":"Person","@id":"https:\/\/aliancasocial.org\/#\/schema\/person\/73a690df527bfd7df78ba35714ff67d4","name":"Fernanda Monzambani","image":{"@type":"ImageObject","inLanguage":"en-US","@id":"https:\/\/secure.gravatar.com\/avatar\/aa6d89063e21cd9638051b6cd0602c108d4b79b0898534c712d68409f7e5b64c?s=96&d=mm&r=g","url":"https:\/\/secure.gravatar.com\/avatar\/aa6d89063e21cd9638051b6cd0602c108d4b79b0898534c712d68409f7e5b64c?s=96&d=mm&r=g","contentUrl":"https:\/\/secure.gravatar.com\/avatar\/aa6d89063e21cd9638051b6cd0602c108d4b79b0898534c712d68409f7e5b64c?s=96&d=mm&r=g","caption":"Fernanda Monzambani"},"url":"https:\/\/aliancasocial.org\/en\/author\/fernanda\/"}]}},"_links":{"self":[{"href":"https:\/\/aliancasocial.org\/en\/wp-json\/wp\/v2\/posts\/11845","targetHints":{"allow":["GET"]}}],"collection":[{"href":"https:\/\/aliancasocial.org\/en\/wp-json\/wp\/v2\/posts"}],"about":[{"href":"https:\/\/aliancasocial.org\/en\/wp-json\/wp\/v2\/types\/post"}],"author":[{"embeddable":true,"href":"https:\/\/aliancasocial.org\/en\/wp-json\/wp\/v2\/users\/8"}],"replies":[{"embeddable":true,"href":"https:\/\/aliancasocial.org\/en\/wp-json\/wp\/v2\/comments?post=11845"}],"version-history":[{"count":1,"href":"https:\/\/aliancasocial.org\/en\/wp-json\/wp\/v2\/posts\/11845\/revisions"}],"predecessor-version":[{"id":11846,"href":"https:\/\/aliancasocial.org\/en\/wp-json\/wp\/v2\/posts\/11845\/revisions\/11846"}],"wp:featuredmedia":[{"embeddable":true,"href":"https:\/\/aliancasocial.org\/en\/wp-json\/wp\/v2\/media\/10509"}],"wp:attachment":[{"href":"https:\/\/aliancasocial.org\/en\/wp-json\/wp\/v2\/media?parent=11845"}],"wp:term":[{"taxonomy":"category","embeddable":true,"href":"https:\/\/aliancasocial.org\/en\/wp-json\/wp\/v2\/categories?post=11845"},{"taxonomy":"post_tag","embeddable":true,"href":"https:\/\/aliancasocial.org\/en\/wp-json\/wp\/v2\/tags?post=11845"},{"taxonomy":"destaques","embeddable":true,"href":"https:\/\/aliancasocial.org\/en\/wp-json\/wp\/v2\/destaques?post=11845"}],"curies":[{"name":"wp","href":"https:\/\/api.w.org\/{rel}","templated":true}]}}