{"id":11847,"date":"2025-09-18T13:49:48","date_gmt":"2025-09-18T16:49:48","guid":{"rendered":"https:\/\/aliancasocial.org\/?p=11847"},"modified":"2025-07-15T13:51:03","modified_gmt":"2025-07-15T16:51:03","slug":"apoio-para-dependentes-quimicos-em-sp-caminhos-de-restauracao-e-esperanca","status":"publish","type":"post","link":"https:\/\/aliancasocial.org\/en\/apoio-para-dependentes-quimicos-em-sp-caminhos-de-restauracao-e-esperanca\/","title":{"rendered":"Support for Drug Addicts in S\u00e3o Paulo: Paths to Restoration and Hope"},"content":{"rendered":"<p>Chemical dependency is a <strong>complex condition<\/strong>, which affects not only the body, but also emotions, social bonds, and spirituality. In S\u00e3o Paulo, the increase in the homeless population and the use of drugs like crack pose a profound humanitarian challenge for the city. <strong>support for drug addicts in SP<\/strong> It is, therefore, an emergency that requires coordinated, continuous and integrated actions.<\/p>\n\n\n\n<p>Social Alliance offers a care model that goes beyond hospitalization: a gradual process of <strong>reception, reconstruction of identity and social reintegration<\/strong>The work begins with listening on the streets, moves through shelters, and reaches therapeutic communities, where participants experience a process of restoration in several dimensions:<\/p>\n\n\n\n<ul class=\"wp-block-list\">\n<li><strong>Physical and emotional treatment<\/strong>, with monitoring by health professionals;<\/li>\n\n\n\n<li><strong>Work with self-esteem and meaning in life<\/strong>, through workshops, spirituality and conversation circles;<\/li>\n\n\n\n<li><strong>Rebuilding family and social ties<\/strong>, often broken throughout the addiction;<\/li>\n\n\n\n<li><strong>Reintegration into the job market<\/strong>, with basic training, professional guidance and encouragement to study.<\/li>\n<\/ul>\n\n\n\n<p>The process is long, requiring patience, compassion, and perseverance. But with each life restored, the city becomes more humane. True support for drug addicts isn&#039;t limited to &quot;taking them off the streets,&quot; but <strong>offer real conditions for a new beginning<\/strong>.<\/p>","protected":false},"excerpt":{"rendered":"<p>A depend\u00eancia qu\u00edmica \u00e9 uma condi\u00e7\u00e3o complexa, que atinge n\u00e3o apenas o corpo, mas tamb\u00e9m as emo\u00e7\u00f5es, os v\u00ednculos sociais e a espiritualidade. Em S\u00e3o Paulo, o aumento da popula\u00e7\u00e3o em situa\u00e7\u00e3o de rua e o uso de drogas como o crack colocam a cidade diante de um desafio humanit\u00e1rio profundo. O apoio para dependentes [&hellip;]<\/p>\n","protected":false},"author":8,"featured_media":6176,"comment_status":"closed","ping_status":"closed","sticky":false,"template":"","format":"standard","meta":{"footnotes":""},"categories":[1],"tags":[],"destaques":[],"class_list":["post-11847","post","type-post","status-publish","format-standard","has-post-thumbnail","hentry","category-sem-categoria"],"yoast_head":"<!-- This site is optimized with the Yoast SEO plugin v27.4 - https:\/\/yoast.com\/product\/yoast-seo-wordpress\/ -->\n<title>Apoio para Dependentes Qu\u00edmicos em SP: Caminhos de Restaura\u00e7\u00e3o e Esperan\u00e7a - Alian\u00e7a de Miseric\u00f3rdia<\/title>\n<meta name=\"description\" content=\"A depend\u00eancia qu\u00edmica \u00e9 uma condi\u00e7\u00e3o complexa, que atinge n\u00e3o apenas o corpo, mas tamb\u00e9m as emo\u00e7\u00f5es, os v\u00ednculos sociais e a espiritualidade. Em S\u00e3o\" \/>\n<meta name=\"robots\" content=\"index, follow, max-snippet:-1, max-image-preview:large, max-video-preview:-1\" \/>\n<link rel=\"canonical\" href=\"https:\/\/aliancasocial.org\/en\/apoio-para-dependentes-quimicos-em-sp-caminhos-de-restauracao-e-esperanca\/\" \/>\n<meta property=\"og:locale\" content=\"en_US\" \/>\n<meta property=\"og:type\" content=\"article\" \/>\n<meta property=\"og:title\" content=\"Apoio para Dependentes Qu\u00edmicos em SP: Caminhos de Restaura\u00e7\u00e3o e Esperan\u00e7a - Alian\u00e7a de Miseric\u00f3rdia\" \/>\n<meta property=\"og:description\" content=\"A depend\u00eancia qu\u00edmica \u00e9 uma condi\u00e7\u00e3o complexa, que atinge n\u00e3o apenas o corpo, mas tamb\u00e9m as emo\u00e7\u00f5es, os v\u00ednculos sociais e a espiritualidade. Em S\u00e3o\" \/>\n<meta property=\"og:url\" content=\"https:\/\/aliancasocial.org\/en\/apoio-para-dependentes-quimicos-em-sp-caminhos-de-restauracao-e-esperanca\/\" \/>\n<meta property=\"og:site_name\" content=\"Alian\u00e7a de Miseric\u00f3rdia\" \/>\n<meta property=\"article:publisher\" content=\"https:\/\/www.facebook.com\/iesmisericordia\/\" \/>\n<meta property=\"article:published_time\" content=\"2025-09-18T16:49:48+00:00\" \/>\n<meta property=\"og:image\" content=\"https:\/\/aliancasocial.org\/wp-content\/uploads\/2022\/07\/Restaura-me_2021_-Welligton-Tomas-57.webp\" \/>\n\t<meta property=\"og:image:width\" content=\"850\" \/>\n\t<meta property=\"og:image:height\" content=\"550\" \/>\n\t<meta property=\"og:image:type\" content=\"image\/webp\" \/>\n<meta name=\"author\" content=\"Fernanda Monzambani\" \/>\n<meta name=\"twitter:card\" content=\"summary_large_image\" \/>\n<meta name=\"twitter:label1\" content=\"Written by\" \/>\n\t<meta name=\"twitter:data1\" content=\"Fernanda Monzambani\" \/>\n\t<meta name=\"twitter:label2\" content=\"Est. reading time\" \/>\n\t<meta name=\"twitter:data2\" content=\"2 minutes\" \/>\n<script type=\"application\/ld+json\" class=\"yoast-schema-graph\">{\"@context\":\"https:\\\/\\\/schema.org\",\"@graph\":[{\"@type\":\"Article\",\"@id\":\"https:\\\/\\\/aliancasocial.org\\\/apoio-para-dependentes-quimicos-em-sp-caminhos-de-restauracao-e-esperanca\\\/#article\",\"isPartOf\":{\"@id\":\"https:\\\/\\\/aliancasocial.org\\\/apoio-para-dependentes-quimicos-em-sp-caminhos-de-restauracao-e-esperanca\\\/\"},\"author\":{\"name\":\"Fernanda Monzambani\",\"@id\":\"https:\\\/\\\/aliancasocial.org\\\/#\\\/schema\\\/person\\\/78098b551faec531645dbd5d82778414\"},\"headline\":\"Apoio para Dependentes Qu\u00edmicos em SP: Caminhos de Restaura\u00e7\u00e3o e Esperan\u00e7a\",\"datePublished\":\"2025-09-18T16:49:48+00:00\",\"mainEntityOfPage\":{\"@id\":\"https:\\\/\\\/aliancasocial.org\\\/apoio-para-dependentes-quimicos-em-sp-caminhos-de-restauracao-e-esperanca\\\/\"},\"wordCount\":267,\"publisher\":{\"@id\":\"https:\\\/\\\/aliancasocial.org\\\/#organization\"},\"image\":{\"@id\":\"https:\\\/\\\/aliancasocial.org\\\/apoio-para-dependentes-quimicos-em-sp-caminhos-de-restauracao-e-esperanca\\\/#primaryimage\"},\"thumbnailUrl\":\"https:\\\/\\\/aliancasocial.org\\\/wp-content\\\/uploads\\\/2022\\\/07\\\/Restaura-me_2021_-Welligton-Tomas-57.webp\",\"articleSection\":[\"Sem Categoria\"],\"inLanguage\":\"en-US\"},{\"@type\":\"WebPage\",\"@id\":\"https:\\\/\\\/aliancasocial.org\\\/apoio-para-dependentes-quimicos-em-sp-caminhos-de-restauracao-e-esperanca\\\/\",\"url\":\"https:\\\/\\\/aliancasocial.org\\\/apoio-para-dependentes-quimicos-em-sp-caminhos-de-restauracao-e-esperanca\\\/\",\"name\":\"Apoio para Dependentes Qu\u00edmicos em SP: Caminhos de Restaura\u00e7\u00e3o e Esperan\u00e7a - Alian\u00e7a de Miseric\u00f3rdia\",\"isPartOf\":{\"@id\":\"https:\\\/\\\/aliancasocial.org\\\/#website\"},\"primaryImageOfPage\":{\"@id\":\"https:\\\/\\\/aliancasocial.org\\\/apoio-para-dependentes-quimicos-em-sp-caminhos-de-restauracao-e-esperanca\\\/#primaryimage\"},\"image\":{\"@id\":\"https:\\\/\\\/aliancasocial.org\\\/apoio-para-dependentes-quimicos-em-sp-caminhos-de-restauracao-e-esperanca\\\/#primaryimage\"},\"thumbnailUrl\":\"https:\\\/\\\/aliancasocial.org\\\/wp-content\\\/uploads\\\/2022\\\/07\\\/Restaura-me_2021_-Welligton-Tomas-57.webp\",\"datePublished\":\"2025-09-18T16:49:48+00:00\",\"description\":\"A depend\u00eancia qu\u00edmica \u00e9 uma condi\u00e7\u00e3o complexa, que atinge n\u00e3o apenas o corpo, mas tamb\u00e9m as emo\u00e7\u00f5es, os v\u00ednculos sociais e a espiritualidade. Em S\u00e3o\",\"breadcrumb\":{\"@id\":\"https:\\\/\\\/aliancasocial.org\\\/apoio-para-dependentes-quimicos-em-sp-caminhos-de-restauracao-e-esperanca\\\/#breadcrumb\"},\"inLanguage\":\"en-US\",\"potentialAction\":[{\"@type\":\"ReadAction\",\"target\":[\"https:\\\/\\\/aliancasocial.org\\\/apoio-para-dependentes-quimicos-em-sp-caminhos-de-restauracao-e-esperanca\\\/\"]}]},{\"@type\":\"ImageObject\",\"inLanguage\":\"en-US\",\"@id\":\"https:\\\/\\\/aliancasocial.org\\\/apoio-para-dependentes-quimicos-em-sp-caminhos-de-restauracao-e-esperanca\\\/#primaryimage\",\"url\":\"https:\\\/\\\/aliancasocial.org\\\/wp-content\\\/uploads\\\/2022\\\/07\\\/Restaura-me_2021_-Welligton-Tomas-57.webp\",\"contentUrl\":\"https:\\\/\\\/aliancasocial.org\\\/wp-content\\\/uploads\\\/2022\\\/07\\\/Restaura-me_2021_-Welligton-Tomas-57.webp\",\"width\":850,\"height\":550},{\"@type\":\"BreadcrumbList\",\"@id\":\"https:\\\/\\\/aliancasocial.org\\\/apoio-para-dependentes-quimicos-em-sp-caminhos-de-restauracao-e-esperanca\\\/#breadcrumb\",\"itemListElement\":[{\"@type\":\"ListItem\",\"position\":1,\"name\":\"In\u00edcio\",\"item\":\"https:\\\/\\\/aliancasocial.org\\\/en\\\/\"},{\"@type\":\"ListItem\",\"position\":2,\"name\":\"Apoio para Dependentes Qu\u00edmicos em SP: Caminhos de Restaura\u00e7\u00e3o e Esperan\u00e7a\"}]},{\"@type\":\"WebSite\",\"@id\":\"https:\\\/\\\/aliancasocial.org\\\/#website\",\"url\":\"https:\\\/\\\/aliancasocial.org\\\/\",\"name\":\"Alian\u00e7a de Miseric\u00f3rdia\",\"description\":\"Levando dignidade humana a todos os cantos do mundo\",\"publisher\":{\"@id\":\"https:\\\/\\\/aliancasocial.org\\\/#organization\"},\"potentialAction\":[{\"@type\":\"SearchAction\",\"target\":{\"@type\":\"EntryPoint\",\"urlTemplate\":\"https:\\\/\\\/aliancasocial.org\\\/?s={search_term_string}\"},\"query-input\":{\"@type\":\"PropertyValueSpecification\",\"valueRequired\":true,\"valueName\":\"search_term_string\"}}],\"inLanguage\":\"en-US\"},{\"@type\":\"Organization\",\"@id\":\"https:\\\/\\\/aliancasocial.org\\\/#organization\",\"name\":\"Alian\u00e7a de Miseric\u00f3rdia\",\"url\":\"https:\\\/\\\/aliancasocial.org\\\/\",\"logo\":{\"@type\":\"ImageObject\",\"inLanguage\":\"en-US\",\"@id\":\"https:\\\/\\\/aliancasocial.org\\\/#\\\/schema\\\/logo\\\/image\\\/\",\"url\":\"https:\\\/\\\/aliancasocial.org\\\/wp-content\\\/uploads\\\/2022\\\/07\\\/logo-alianca-marrom.svg\",\"contentUrl\":\"https:\\\/\\\/aliancasocial.org\\\/wp-content\\\/uploads\\\/2022\\\/07\\\/logo-alianca-marrom.svg\",\"width\":91,\"height\":33,\"caption\":\"Alian\u00e7a de Miseric\u00f3rdia\"},\"image\":{\"@id\":\"https:\\\/\\\/aliancasocial.org\\\/#\\\/schema\\\/logo\\\/image\\\/\"},\"sameAs\":[\"https:\\\/\\\/www.facebook.com\\\/iesmisericordia\\\/\",\"https:\\\/\\\/www.instagram.com\\\/aliancademisericordia\\\/\"]},{\"@type\":\"Person\",\"@id\":\"https:\\\/\\\/aliancasocial.org\\\/#\\\/schema\\\/person\\\/78098b551faec531645dbd5d82778414\",\"name\":\"Fernanda Monzambani\",\"image\":{\"@type\":\"ImageObject\",\"inLanguage\":\"en-US\",\"@id\":\"https:\\\/\\\/secure.gravatar.com\\\/avatar\\\/aa6d89063e21cd9638051b6cd0602c108d4b79b0898534c712d68409f7e5b64c?s=96&d=mm&r=g\",\"url\":\"https:\\\/\\\/secure.gravatar.com\\\/avatar\\\/aa6d89063e21cd9638051b6cd0602c108d4b79b0898534c712d68409f7e5b64c?s=96&d=mm&r=g\",\"contentUrl\":\"https:\\\/\\\/secure.gravatar.com\\\/avatar\\\/aa6d89063e21cd9638051b6cd0602c108d4b79b0898534c712d68409f7e5b64c?s=96&d=mm&r=g\",\"caption\":\"Fernanda Monzambani\"},\"url\":\"https:\\\/\\\/aliancasocial.org\\\/en\\\/author\\\/fernanda\\\/\"}]}<\/script>\n<!-- \/ Yoast SEO plugin. -->","yoast_head_json":{"title":"Apoio para Dependentes Qu\u00edmicos em SP: Caminhos de Restaura\u00e7\u00e3o e Esperan\u00e7a - Alian\u00e7a de Miseric\u00f3rdia","description":"A depend\u00eancia qu\u00edmica \u00e9 uma condi\u00e7\u00e3o complexa, que atinge n\u00e3o apenas o corpo, mas tamb\u00e9m as emo\u00e7\u00f5es, os v\u00ednculos sociais e a espiritualidade. Em S\u00e3o","robots":{"index":"index","follow":"follow","max-snippet":"max-snippet:-1","max-image-preview":"max-image-preview:large","max-video-preview":"max-video-preview:-1"},"canonical":"https:\/\/aliancasocial.org\/en\/apoio-para-dependentes-quimicos-em-sp-caminhos-de-restauracao-e-esperanca\/","og_locale":"en_US","og_type":"article","og_title":"Apoio para Dependentes Qu\u00edmicos em SP: Caminhos de Restaura\u00e7\u00e3o e Esperan\u00e7a - Alian\u00e7a de Miseric\u00f3rdia","og_description":"A depend\u00eancia qu\u00edmica \u00e9 uma condi\u00e7\u00e3o complexa, que atinge n\u00e3o apenas o corpo, mas tamb\u00e9m as emo\u00e7\u00f5es, os v\u00ednculos sociais e a espiritualidade. Em S\u00e3o","og_url":"https:\/\/aliancasocial.org\/en\/apoio-para-dependentes-quimicos-em-sp-caminhos-de-restauracao-e-esperanca\/","og_site_name":"Alian\u00e7a de Miseric\u00f3rdia","article_publisher":"https:\/\/www.facebook.com\/iesmisericordia\/","article_published_time":"2025-09-18T16:49:48+00:00","og_image":[{"width":850,"height":550,"url":"https:\/\/aliancasocial.org\/wp-content\/uploads\/2022\/07\/Restaura-me_2021_-Welligton-Tomas-57.webp","type":"image\/webp"}],"author":"Fernanda Monzambani","twitter_card":"summary_large_image","twitter_misc":{"Written by":"Fernanda Monzambani","Est. reading time":"2 minutes"},"schema":{"@context":"https:\/\/schema.org","@graph":[{"@type":"Article","@id":"https:\/\/aliancasocial.org\/apoio-para-dependentes-quimicos-em-sp-caminhos-de-restauracao-e-esperanca\/#article","isPartOf":{"@id":"https:\/\/aliancasocial.org\/apoio-para-dependentes-quimicos-em-sp-caminhos-de-restauracao-e-esperanca\/"},"author":{"name":"Fernanda Monzambani","@id":"https:\/\/aliancasocial.org\/#\/schema\/person\/78098b551faec531645dbd5d82778414"},"headline":"Apoio para Dependentes Qu\u00edmicos em SP: Caminhos de Restaura\u00e7\u00e3o e Esperan\u00e7a","datePublished":"2025-09-18T16:49:48+00:00","mainEntityOfPage":{"@id":"https:\/\/aliancasocial.org\/apoio-para-dependentes-quimicos-em-sp-caminhos-de-restauracao-e-esperanca\/"},"wordCount":267,"publisher":{"@id":"https:\/\/aliancasocial.org\/#organization"},"image":{"@id":"https:\/\/aliancasocial.org\/apoio-para-dependentes-quimicos-em-sp-caminhos-de-restauracao-e-esperanca\/#primaryimage"},"thumbnailUrl":"https:\/\/aliancasocial.org\/wp-content\/uploads\/2022\/07\/Restaura-me_2021_-Welligton-Tomas-57.webp","articleSection":["Sem Categoria"],"inLanguage":"en-US"},{"@type":"WebPage","@id":"https:\/\/aliancasocial.org\/apoio-para-dependentes-quimicos-em-sp-caminhos-de-restauracao-e-esperanca\/","url":"https:\/\/aliancasocial.org\/apoio-para-dependentes-quimicos-em-sp-caminhos-de-restauracao-e-esperanca\/","name":"Apoio para Dependentes Qu\u00edmicos em SP: Caminhos de Restaura\u00e7\u00e3o e Esperan\u00e7a - Alian\u00e7a de Miseric\u00f3rdia","isPartOf":{"@id":"https:\/\/aliancasocial.org\/#website"},"primaryImageOfPage":{"@id":"https:\/\/aliancasocial.org\/apoio-para-dependentes-quimicos-em-sp-caminhos-de-restauracao-e-esperanca\/#primaryimage"},"image":{"@id":"https:\/\/aliancasocial.org\/apoio-para-dependentes-quimicos-em-sp-caminhos-de-restauracao-e-esperanca\/#primaryimage"},"thumbnailUrl":"https:\/\/aliancasocial.org\/wp-content\/uploads\/2022\/07\/Restaura-me_2021_-Welligton-Tomas-57.webp","datePublished":"2025-09-18T16:49:48+00:00","description":"A depend\u00eancia qu\u00edmica \u00e9 uma condi\u00e7\u00e3o complexa, que atinge n\u00e3o apenas o corpo, mas tamb\u00e9m as emo\u00e7\u00f5es, os v\u00ednculos sociais e a espiritualidade. Em S\u00e3o","breadcrumb":{"@id":"https:\/\/aliancasocial.org\/apoio-para-dependentes-quimicos-em-sp-caminhos-de-restauracao-e-esperanca\/#breadcrumb"},"inLanguage":"en-US","potentialAction":[{"@type":"ReadAction","target":["https:\/\/aliancasocial.org\/apoio-para-dependentes-quimicos-em-sp-caminhos-de-restauracao-e-esperanca\/"]}]},{"@type":"ImageObject","inLanguage":"en-US","@id":"https:\/\/aliancasocial.org\/apoio-para-dependentes-quimicos-em-sp-caminhos-de-restauracao-e-esperanca\/#primaryimage","url":"https:\/\/aliancasocial.org\/wp-content\/uploads\/2022\/07\/Restaura-me_2021_-Welligton-Tomas-57.webp","contentUrl":"https:\/\/aliancasocial.org\/wp-content\/uploads\/2022\/07\/Restaura-me_2021_-Welligton-Tomas-57.webp","width":850,"height":550},{"@type":"BreadcrumbList","@id":"https:\/\/aliancasocial.org\/apoio-para-dependentes-quimicos-em-sp-caminhos-de-restauracao-e-esperanca\/#breadcrumb","itemListElement":[{"@type":"ListItem","position":1,"name":"In\u00edcio","item":"https:\/\/aliancasocial.org\/en\/"},{"@type":"ListItem","position":2,"name":"Apoio para Dependentes Qu\u00edmicos em SP: Caminhos de Restaura\u00e7\u00e3o e Esperan\u00e7a"}]},{"@type":"WebSite","@id":"https:\/\/aliancasocial.org\/#website","url":"https:\/\/aliancasocial.org\/","name":"Covenant of Mercy","description":"Bringing human dignity to every corner of the world","publisher":{"@id":"https:\/\/aliancasocial.org\/#organization"},"potentialAction":[{"@type":"SearchAction","target":{"@type":"EntryPoint","urlTemplate":"https:\/\/aliancasocial.org\/?s={search_term_string}"},"query-input":{"@type":"PropertyValueSpecification","valueRequired":true,"valueName":"search_term_string"}}],"inLanguage":"en-US"},{"@type":"Organization","@id":"https:\/\/aliancasocial.org\/#organization","name":"Covenant of Mercy","url":"https:\/\/aliancasocial.org\/","logo":{"@type":"ImageObject","inLanguage":"en-US","@id":"https:\/\/aliancasocial.org\/#\/schema\/logo\/image\/","url":"https:\/\/aliancasocial.org\/wp-content\/uploads\/2022\/07\/logo-alianca-marrom.svg","contentUrl":"https:\/\/aliancasocial.org\/wp-content\/uploads\/2022\/07\/logo-alianca-marrom.svg","width":91,"height":33,"caption":"Alian\u00e7a de Miseric\u00f3rdia"},"image":{"@id":"https:\/\/aliancasocial.org\/#\/schema\/logo\/image\/"},"sameAs":["https:\/\/www.facebook.com\/iesmisericordia\/","https:\/\/www.instagram.com\/aliancademisericordia\/"]},{"@type":"Person","@id":"https:\/\/aliancasocial.org\/#\/schema\/person\/78098b551faec531645dbd5d82778414","name":"Fernanda Monzambani","image":{"@type":"ImageObject","inLanguage":"en-US","@id":"https:\/\/secure.gravatar.com\/avatar\/aa6d89063e21cd9638051b6cd0602c108d4b79b0898534c712d68409f7e5b64c?s=96&d=mm&r=g","url":"https:\/\/secure.gravatar.com\/avatar\/aa6d89063e21cd9638051b6cd0602c108d4b79b0898534c712d68409f7e5b64c?s=96&d=mm&r=g","contentUrl":"https:\/\/secure.gravatar.com\/avatar\/aa6d89063e21cd9638051b6cd0602c108d4b79b0898534c712d68409f7e5b64c?s=96&d=mm&r=g","caption":"Fernanda Monzambani"},"url":"https:\/\/aliancasocial.org\/en\/author\/fernanda\/"}]}},"_links":{"self":[{"href":"https:\/\/aliancasocial.org\/en\/wp-json\/wp\/v2\/posts\/11847","targetHints":{"allow":["GET"]}}],"collection":[{"href":"https:\/\/aliancasocial.org\/en\/wp-json\/wp\/v2\/posts"}],"about":[{"href":"https:\/\/aliancasocial.org\/en\/wp-json\/wp\/v2\/types\/post"}],"author":[{"embeddable":true,"href":"https:\/\/aliancasocial.org\/en\/wp-json\/wp\/v2\/users\/8"}],"replies":[{"embeddable":true,"href":"https:\/\/aliancasocial.org\/en\/wp-json\/wp\/v2\/comments?post=11847"}],"version-history":[{"count":1,"href":"https:\/\/aliancasocial.org\/en\/wp-json\/wp\/v2\/posts\/11847\/revisions"}],"predecessor-version":[{"id":11848,"href":"https:\/\/aliancasocial.org\/en\/wp-json\/wp\/v2\/posts\/11847\/revisions\/11848"}],"wp:featuredmedia":[{"embeddable":true,"href":"https:\/\/aliancasocial.org\/en\/wp-json\/wp\/v2\/media\/6176"}],"wp:attachment":[{"href":"https:\/\/aliancasocial.org\/en\/wp-json\/wp\/v2\/media?parent=11847"}],"wp:term":[{"taxonomy":"category","embeddable":true,"href":"https:\/\/aliancasocial.org\/en\/wp-json\/wp\/v2\/categories?post=11847"},{"taxonomy":"post_tag","embeddable":true,"href":"https:\/\/aliancasocial.org\/en\/wp-json\/wp\/v2\/tags?post=11847"},{"taxonomy":"destaques","embeddable":true,"href":"https:\/\/aliancasocial.org\/en\/wp-json\/wp\/v2\/destaques?post=11847"}],"curies":[{"name":"wp","href":"https:\/\/api.w.org\/{rel}","templated":true}]}}