{"id":11849,"date":"2025-10-16T13:51:44","date_gmt":"2025-10-16T16:51:44","guid":{"rendered":"https:\/\/aliancasocial.org\/?p=11849"},"modified":"2025-07-15T13:53:33","modified_gmt":"2025-07-15T16:53:33","slug":"projetos-sociais-com-familias-em-situacao-de-risco-prevencao-cuidado-e-dignidade","status":"publish","type":"post","link":"https:\/\/aliancasocial.org\/en\/projetos-sociais-com-familias-em-situacao-de-risco-prevencao-cuidado-e-dignidade\/","title":{"rendered":"Social projects with families at risk: Prevention, Care and Dignity"},"content":{"rendered":"<p>To the <strong>families at risk<\/strong> They face extremely challenging realities: chronic unemployment, food insecurity, precarious housing, lack of access to health and education, as well as traumas that accumulate from generation to generation. In these circumstances, family fragmentation and the violation of rights become more likely. That is why... <strong>social projects aimed at families<\/strong> They are so urgent: they act in <strong>root of social exclusion<\/strong>.<\/p>\n\n\n\n<p>The Social Alliance believes that <strong>The family is the fundamental unit of society.<\/strong> Investing in it is a way to prevent violence, child abandonment, recruitment by traffickers, and the collapse of community life. The projects developed by the institution operate on several fronts:<\/p>\n\n\n\n<ul class=\"wp-block-list\">\n<li><strong>Emergency support<\/strong> with basic food baskets, clothing, furniture, gas, and rental assistance for critical cases;<\/li>\n\n\n\n<li><strong>Social and psychological support<\/strong>, with home visits and active listening;<\/li>\n\n\n\n<li><strong>Human and civic education<\/strong>, promoting discussion groups, parenting skills workshops, and spaces for dialogue about education, health, and coexistence;<\/li>\n\n\n\n<li><strong>Integration into public networks<\/strong>, guaranteeing access to social programs, schools, and health services;<\/li>\n\n\n\n<li><strong>Fun and educational activities with children<\/strong>, strengthening affection and family bonds.<\/li>\n<\/ul>\n\n\n\n<p>These projects are not just about providing assistance: they are structural. They help to... <strong>to create a solid foundation for the future<\/strong> of the families served and of the entire community in which they live. Because all social transformation begins at home.<\/p>\n\n\n\n<p><a href=\"https:\/\/aliancademisericordia.doardigital.com.br\/doacao\">Help us continue our mission, make a donation now!<\/a><\/p>","protected":false},"excerpt":{"rendered":"<p>As fam\u00edlias em situa\u00e7\u00e3o de risco enfrentam realidades extremamente desafiadoras: desemprego cr\u00f4nico, inseguran\u00e7a alimentar, moradias prec\u00e1rias, aus\u00eancia de acesso \u00e0 sa\u00fade e \u00e0 educa\u00e7\u00e3o, al\u00e9m de traumas que se acumulam de gera\u00e7\u00e3o em gera\u00e7\u00e3o. Nessas circunst\u00e2ncias, a fragmenta\u00e7\u00e3o familiar e a viola\u00e7\u00e3o de direitos tornam-se mais prov\u00e1veis. \u00c9 por isso que projetos sociais voltados para [&hellip;]<\/p>\n","protected":false},"author":8,"featured_media":11801,"comment_status":"closed","ping_status":"closed","sticky":false,"template":"","format":"standard","meta":{"footnotes":""},"categories":[1],"tags":[],"destaques":[],"class_list":["post-11849","post","type-post","status-publish","format-standard","has-post-thumbnail","hentry","category-sem-categoria"],"yoast_head":"<!-- This site is optimized with the Yoast SEO plugin v27.4 - https:\/\/yoast.com\/product\/yoast-seo-wordpress\/ -->\n<title>Projetos sociais com fam\u00edlias em situa\u00e7\u00e3o de risco: Preven\u00e7\u00e3o, Cuidado e Dignidade - Alian\u00e7a de Miseric\u00f3rdia<\/title>\n<meta name=\"description\" content=\"As fam\u00edlias em situa\u00e7\u00e3o de risco enfrentam realidades extremamente desafiadoras: desemprego cr\u00f4nico, inseguran\u00e7a alimentar, moradias prec\u00e1rias, aus\u00eancia\" \/>\n<meta name=\"robots\" content=\"index, follow, max-snippet:-1, max-image-preview:large, max-video-preview:-1\" \/>\n<link rel=\"canonical\" href=\"https:\/\/aliancasocial.org\/en\/projetos-sociais-com-familias-em-situacao-de-risco-prevencao-cuidado-e-dignidade\/\" \/>\n<meta property=\"og:locale\" content=\"en_US\" \/>\n<meta property=\"og:type\" content=\"article\" \/>\n<meta property=\"og:title\" content=\"Projetos sociais com fam\u00edlias em situa\u00e7\u00e3o de risco: Preven\u00e7\u00e3o, Cuidado e Dignidade - Alian\u00e7a de Miseric\u00f3rdia\" \/>\n<meta property=\"og:description\" content=\"As fam\u00edlias em situa\u00e7\u00e3o de risco enfrentam realidades extremamente desafiadoras: desemprego cr\u00f4nico, inseguran\u00e7a alimentar, moradias prec\u00e1rias, aus\u00eancia\" \/>\n<meta property=\"og:url\" content=\"https:\/\/aliancasocial.org\/en\/projetos-sociais-com-familias-em-situacao-de-risco-prevencao-cuidado-e-dignidade\/\" \/>\n<meta property=\"og:site_name\" content=\"Alian\u00e7a de Miseric\u00f3rdia\" \/>\n<meta property=\"article:publisher\" content=\"https:\/\/www.facebook.com\/iesmisericordia\/\" \/>\n<meta property=\"article:published_time\" content=\"2025-10-16T16:51:44+00:00\" \/>\n<meta property=\"og:image\" content=\"https:\/\/aliancasocial.org\/wp-content\/uploads\/2025\/06\/Projeto-Fe\u0301rias-no-Orato\u0301rio-do-Moinho-Home-min.png\" \/>\n\t<meta property=\"og:image:width\" content=\"835\" \/>\n\t<meta property=\"og:image:height\" content=\"835\" \/>\n\t<meta property=\"og:image:type\" content=\"image\/png\" \/>\n<meta name=\"author\" content=\"Fernanda Monzambani\" \/>\n<meta name=\"twitter:card\" content=\"summary_large_image\" \/>\n<meta name=\"twitter:label1\" content=\"Written by\" \/>\n\t<meta name=\"twitter:data1\" content=\"Fernanda Monzambani\" \/>\n\t<meta name=\"twitter:label2\" content=\"Est. reading time\" \/>\n\t<meta name=\"twitter:data2\" content=\"2 minutes\" \/>\n<script type=\"application\/ld+json\" class=\"yoast-schema-graph\">{\"@context\":\"https:\\\/\\\/schema.org\",\"@graph\":[{\"@type\":\"Article\",\"@id\":\"https:\\\/\\\/aliancasocial.org\\\/projetos-sociais-com-familias-em-situacao-de-risco-prevencao-cuidado-e-dignidade\\\/#article\",\"isPartOf\":{\"@id\":\"https:\\\/\\\/aliancasocial.org\\\/projetos-sociais-com-familias-em-situacao-de-risco-prevencao-cuidado-e-dignidade\\\/\"},\"author\":{\"name\":\"Fernanda Monzambani\",\"@id\":\"https:\\\/\\\/aliancasocial.org\\\/#\\\/schema\\\/person\\\/78098b551faec531645dbd5d82778414\"},\"headline\":\"Projetos sociais com fam\u00edlias em situa\u00e7\u00e3o de risco: Preven\u00e7\u00e3o, Cuidado e Dignidade\",\"datePublished\":\"2025-10-16T16:51:44+00:00\",\"mainEntityOfPage\":{\"@id\":\"https:\\\/\\\/aliancasocial.org\\\/projetos-sociais-com-familias-em-situacao-de-risco-prevencao-cuidado-e-dignidade\\\/\"},\"wordCount\":295,\"publisher\":{\"@id\":\"https:\\\/\\\/aliancasocial.org\\\/#organization\"},\"image\":{\"@id\":\"https:\\\/\\\/aliancasocial.org\\\/projetos-sociais-com-familias-em-situacao-de-risco-prevencao-cuidado-e-dignidade\\\/#primaryimage\"},\"thumbnailUrl\":\"https:\\\/\\\/aliancasocial.org\\\/wp-content\\\/uploads\\\/2025\\\/06\\\/Projeto-Fe\u0301rias-no-Orato\u0301rio-do-Moinho-Home-min.png\",\"articleSection\":[\"Sem Categoria\"],\"inLanguage\":\"en-US\"},{\"@type\":\"WebPage\",\"@id\":\"https:\\\/\\\/aliancasocial.org\\\/projetos-sociais-com-familias-em-situacao-de-risco-prevencao-cuidado-e-dignidade\\\/\",\"url\":\"https:\\\/\\\/aliancasocial.org\\\/projetos-sociais-com-familias-em-situacao-de-risco-prevencao-cuidado-e-dignidade\\\/\",\"name\":\"Projetos sociais com fam\u00edlias em situa\u00e7\u00e3o de risco: Preven\u00e7\u00e3o, Cuidado e Dignidade - Alian\u00e7a de Miseric\u00f3rdia\",\"isPartOf\":{\"@id\":\"https:\\\/\\\/aliancasocial.org\\\/#website\"},\"primaryImageOfPage\":{\"@id\":\"https:\\\/\\\/aliancasocial.org\\\/projetos-sociais-com-familias-em-situacao-de-risco-prevencao-cuidado-e-dignidade\\\/#primaryimage\"},\"image\":{\"@id\":\"https:\\\/\\\/aliancasocial.org\\\/projetos-sociais-com-familias-em-situacao-de-risco-prevencao-cuidado-e-dignidade\\\/#primaryimage\"},\"thumbnailUrl\":\"https:\\\/\\\/aliancasocial.org\\\/wp-content\\\/uploads\\\/2025\\\/06\\\/Projeto-Fe\u0301rias-no-Orato\u0301rio-do-Moinho-Home-min.png\",\"datePublished\":\"2025-10-16T16:51:44+00:00\",\"description\":\"As fam\u00edlias em situa\u00e7\u00e3o de risco enfrentam realidades extremamente desafiadoras: desemprego cr\u00f4nico, inseguran\u00e7a alimentar, moradias prec\u00e1rias, aus\u00eancia\",\"breadcrumb\":{\"@id\":\"https:\\\/\\\/aliancasocial.org\\\/projetos-sociais-com-familias-em-situacao-de-risco-prevencao-cuidado-e-dignidade\\\/#breadcrumb\"},\"inLanguage\":\"en-US\",\"potentialAction\":[{\"@type\":\"ReadAction\",\"target\":[\"https:\\\/\\\/aliancasocial.org\\\/projetos-sociais-com-familias-em-situacao-de-risco-prevencao-cuidado-e-dignidade\\\/\"]}]},{\"@type\":\"ImageObject\",\"inLanguage\":\"en-US\",\"@id\":\"https:\\\/\\\/aliancasocial.org\\\/projetos-sociais-com-familias-em-situacao-de-risco-prevencao-cuidado-e-dignidade\\\/#primaryimage\",\"url\":\"https:\\\/\\\/aliancasocial.org\\\/wp-content\\\/uploads\\\/2025\\\/06\\\/Projeto-Fe\u0301rias-no-Orato\u0301rio-do-Moinho-Home-min.png\",\"contentUrl\":\"https:\\\/\\\/aliancasocial.org\\\/wp-content\\\/uploads\\\/2025\\\/06\\\/Projeto-Fe\u0301rias-no-Orato\u0301rio-do-Moinho-Home-min.png\",\"width\":835,\"height\":835},{\"@type\":\"BreadcrumbList\",\"@id\":\"https:\\\/\\\/aliancasocial.org\\\/projetos-sociais-com-familias-em-situacao-de-risco-prevencao-cuidado-e-dignidade\\\/#breadcrumb\",\"itemListElement\":[{\"@type\":\"ListItem\",\"position\":1,\"name\":\"In\u00edcio\",\"item\":\"https:\\\/\\\/aliancasocial.org\\\/en\\\/\"},{\"@type\":\"ListItem\",\"position\":2,\"name\":\"Projetos sociais com fam\u00edlias em situa\u00e7\u00e3o de risco: Preven\u00e7\u00e3o, Cuidado e Dignidade\"}]},{\"@type\":\"WebSite\",\"@id\":\"https:\\\/\\\/aliancasocial.org\\\/#website\",\"url\":\"https:\\\/\\\/aliancasocial.org\\\/\",\"name\":\"Alian\u00e7a de Miseric\u00f3rdia\",\"description\":\"Levando dignidade humana a todos os cantos do mundo\",\"publisher\":{\"@id\":\"https:\\\/\\\/aliancasocial.org\\\/#organization\"},\"potentialAction\":[{\"@type\":\"SearchAction\",\"target\":{\"@type\":\"EntryPoint\",\"urlTemplate\":\"https:\\\/\\\/aliancasocial.org\\\/?s={search_term_string}\"},\"query-input\":{\"@type\":\"PropertyValueSpecification\",\"valueRequired\":true,\"valueName\":\"search_term_string\"}}],\"inLanguage\":\"en-US\"},{\"@type\":\"Organization\",\"@id\":\"https:\\\/\\\/aliancasocial.org\\\/#organization\",\"name\":\"Alian\u00e7a de Miseric\u00f3rdia\",\"url\":\"https:\\\/\\\/aliancasocial.org\\\/\",\"logo\":{\"@type\":\"ImageObject\",\"inLanguage\":\"en-US\",\"@id\":\"https:\\\/\\\/aliancasocial.org\\\/#\\\/schema\\\/logo\\\/image\\\/\",\"url\":\"https:\\\/\\\/aliancasocial.org\\\/wp-content\\\/uploads\\\/2022\\\/07\\\/logo-alianca-marrom.svg\",\"contentUrl\":\"https:\\\/\\\/aliancasocial.org\\\/wp-content\\\/uploads\\\/2022\\\/07\\\/logo-alianca-marrom.svg\",\"width\":91,\"height\":33,\"caption\":\"Alian\u00e7a de Miseric\u00f3rdia\"},\"image\":{\"@id\":\"https:\\\/\\\/aliancasocial.org\\\/#\\\/schema\\\/logo\\\/image\\\/\"},\"sameAs\":[\"https:\\\/\\\/www.facebook.com\\\/iesmisericordia\\\/\",\"https:\\\/\\\/www.instagram.com\\\/aliancademisericordia\\\/\"]},{\"@type\":\"Person\",\"@id\":\"https:\\\/\\\/aliancasocial.org\\\/#\\\/schema\\\/person\\\/78098b551faec531645dbd5d82778414\",\"name\":\"Fernanda Monzambani\",\"image\":{\"@type\":\"ImageObject\",\"inLanguage\":\"en-US\",\"@id\":\"https:\\\/\\\/secure.gravatar.com\\\/avatar\\\/aa6d89063e21cd9638051b6cd0602c108d4b79b0898534c712d68409f7e5b64c?s=96&d=mm&r=g\",\"url\":\"https:\\\/\\\/secure.gravatar.com\\\/avatar\\\/aa6d89063e21cd9638051b6cd0602c108d4b79b0898534c712d68409f7e5b64c?s=96&d=mm&r=g\",\"contentUrl\":\"https:\\\/\\\/secure.gravatar.com\\\/avatar\\\/aa6d89063e21cd9638051b6cd0602c108d4b79b0898534c712d68409f7e5b64c?s=96&d=mm&r=g\",\"caption\":\"Fernanda Monzambani\"},\"url\":\"https:\\\/\\\/aliancasocial.org\\\/en\\\/author\\\/fernanda\\\/\"}]}<\/script>\n<!-- \/ Yoast SEO plugin. -->","yoast_head_json":{"title":"Projetos sociais com fam\u00edlias em situa\u00e7\u00e3o de risco: Preven\u00e7\u00e3o, Cuidado e Dignidade - Alian\u00e7a de Miseric\u00f3rdia","description":"As fam\u00edlias em situa\u00e7\u00e3o de risco enfrentam realidades extremamente desafiadoras: desemprego cr\u00f4nico, inseguran\u00e7a alimentar, moradias prec\u00e1rias, aus\u00eancia","robots":{"index":"index","follow":"follow","max-snippet":"max-snippet:-1","max-image-preview":"max-image-preview:large","max-video-preview":"max-video-preview:-1"},"canonical":"https:\/\/aliancasocial.org\/en\/projetos-sociais-com-familias-em-situacao-de-risco-prevencao-cuidado-e-dignidade\/","og_locale":"en_US","og_type":"article","og_title":"Projetos sociais com fam\u00edlias em situa\u00e7\u00e3o de risco: Preven\u00e7\u00e3o, Cuidado e Dignidade - Alian\u00e7a de Miseric\u00f3rdia","og_description":"As fam\u00edlias em situa\u00e7\u00e3o de risco enfrentam realidades extremamente desafiadoras: desemprego cr\u00f4nico, inseguran\u00e7a alimentar, moradias prec\u00e1rias, aus\u00eancia","og_url":"https:\/\/aliancasocial.org\/en\/projetos-sociais-com-familias-em-situacao-de-risco-prevencao-cuidado-e-dignidade\/","og_site_name":"Alian\u00e7a de Miseric\u00f3rdia","article_publisher":"https:\/\/www.facebook.com\/iesmisericordia\/","article_published_time":"2025-10-16T16:51:44+00:00","og_image":[{"width":835,"height":835,"url":"https:\/\/aliancasocial.org\/wp-content\/uploads\/2025\/06\/Projeto-Fe\u0301rias-no-Orato\u0301rio-do-Moinho-Home-min.png","type":"image\/png"}],"author":"Fernanda Monzambani","twitter_card":"summary_large_image","twitter_misc":{"Written by":"Fernanda Monzambani","Est. reading time":"2 minutes"},"schema":{"@context":"https:\/\/schema.org","@graph":[{"@type":"Article","@id":"https:\/\/aliancasocial.org\/projetos-sociais-com-familias-em-situacao-de-risco-prevencao-cuidado-e-dignidade\/#article","isPartOf":{"@id":"https:\/\/aliancasocial.org\/projetos-sociais-com-familias-em-situacao-de-risco-prevencao-cuidado-e-dignidade\/"},"author":{"name":"Fernanda Monzambani","@id":"https:\/\/aliancasocial.org\/#\/schema\/person\/78098b551faec531645dbd5d82778414"},"headline":"Projetos sociais com fam\u00edlias em situa\u00e7\u00e3o de risco: Preven\u00e7\u00e3o, Cuidado e Dignidade","datePublished":"2025-10-16T16:51:44+00:00","mainEntityOfPage":{"@id":"https:\/\/aliancasocial.org\/projetos-sociais-com-familias-em-situacao-de-risco-prevencao-cuidado-e-dignidade\/"},"wordCount":295,"publisher":{"@id":"https:\/\/aliancasocial.org\/#organization"},"image":{"@id":"https:\/\/aliancasocial.org\/projetos-sociais-com-familias-em-situacao-de-risco-prevencao-cuidado-e-dignidade\/#primaryimage"},"thumbnailUrl":"https:\/\/aliancasocial.org\/wp-content\/uploads\/2025\/06\/Projeto-Fe\u0301rias-no-Orato\u0301rio-do-Moinho-Home-min.png","articleSection":["Sem Categoria"],"inLanguage":"en-US"},{"@type":"WebPage","@id":"https:\/\/aliancasocial.org\/projetos-sociais-com-familias-em-situacao-de-risco-prevencao-cuidado-e-dignidade\/","url":"https:\/\/aliancasocial.org\/projetos-sociais-com-familias-em-situacao-de-risco-prevencao-cuidado-e-dignidade\/","name":"Projetos sociais com fam\u00edlias em situa\u00e7\u00e3o de risco: Preven\u00e7\u00e3o, Cuidado e Dignidade - Alian\u00e7a de Miseric\u00f3rdia","isPartOf":{"@id":"https:\/\/aliancasocial.org\/#website"},"primaryImageOfPage":{"@id":"https:\/\/aliancasocial.org\/projetos-sociais-com-familias-em-situacao-de-risco-prevencao-cuidado-e-dignidade\/#primaryimage"},"image":{"@id":"https:\/\/aliancasocial.org\/projetos-sociais-com-familias-em-situacao-de-risco-prevencao-cuidado-e-dignidade\/#primaryimage"},"thumbnailUrl":"https:\/\/aliancasocial.org\/wp-content\/uploads\/2025\/06\/Projeto-Fe\u0301rias-no-Orato\u0301rio-do-Moinho-Home-min.png","datePublished":"2025-10-16T16:51:44+00:00","description":"As fam\u00edlias em situa\u00e7\u00e3o de risco enfrentam realidades extremamente desafiadoras: desemprego cr\u00f4nico, inseguran\u00e7a alimentar, moradias prec\u00e1rias, aus\u00eancia","breadcrumb":{"@id":"https:\/\/aliancasocial.org\/projetos-sociais-com-familias-em-situacao-de-risco-prevencao-cuidado-e-dignidade\/#breadcrumb"},"inLanguage":"en-US","potentialAction":[{"@type":"ReadAction","target":["https:\/\/aliancasocial.org\/projetos-sociais-com-familias-em-situacao-de-risco-prevencao-cuidado-e-dignidade\/"]}]},{"@type":"ImageObject","inLanguage":"en-US","@id":"https:\/\/aliancasocial.org\/projetos-sociais-com-familias-em-situacao-de-risco-prevencao-cuidado-e-dignidade\/#primaryimage","url":"https:\/\/aliancasocial.org\/wp-content\/uploads\/2025\/06\/Projeto-Fe\u0301rias-no-Orato\u0301rio-do-Moinho-Home-min.png","contentUrl":"https:\/\/aliancasocial.org\/wp-content\/uploads\/2025\/06\/Projeto-Fe\u0301rias-no-Orato\u0301rio-do-Moinho-Home-min.png","width":835,"height":835},{"@type":"BreadcrumbList","@id":"https:\/\/aliancasocial.org\/projetos-sociais-com-familias-em-situacao-de-risco-prevencao-cuidado-e-dignidade\/#breadcrumb","itemListElement":[{"@type":"ListItem","position":1,"name":"In\u00edcio","item":"https:\/\/aliancasocial.org\/en\/"},{"@type":"ListItem","position":2,"name":"Projetos sociais com fam\u00edlias em situa\u00e7\u00e3o de risco: Preven\u00e7\u00e3o, Cuidado e Dignidade"}]},{"@type":"WebSite","@id":"https:\/\/aliancasocial.org\/#website","url":"https:\/\/aliancasocial.org\/","name":"Covenant of Mercy","description":"Bringing human dignity to every corner of the world","publisher":{"@id":"https:\/\/aliancasocial.org\/#organization"},"potentialAction":[{"@type":"SearchAction","target":{"@type":"EntryPoint","urlTemplate":"https:\/\/aliancasocial.org\/?s={search_term_string}"},"query-input":{"@type":"PropertyValueSpecification","valueRequired":true,"valueName":"search_term_string"}}],"inLanguage":"en-US"},{"@type":"Organization","@id":"https:\/\/aliancasocial.org\/#organization","name":"Covenant of Mercy","url":"https:\/\/aliancasocial.org\/","logo":{"@type":"ImageObject","inLanguage":"en-US","@id":"https:\/\/aliancasocial.org\/#\/schema\/logo\/image\/","url":"https:\/\/aliancasocial.org\/wp-content\/uploads\/2022\/07\/logo-alianca-marrom.svg","contentUrl":"https:\/\/aliancasocial.org\/wp-content\/uploads\/2022\/07\/logo-alianca-marrom.svg","width":91,"height":33,"caption":"Alian\u00e7a de Miseric\u00f3rdia"},"image":{"@id":"https:\/\/aliancasocial.org\/#\/schema\/logo\/image\/"},"sameAs":["https:\/\/www.facebook.com\/iesmisericordia\/","https:\/\/www.instagram.com\/aliancademisericordia\/"]},{"@type":"Person","@id":"https:\/\/aliancasocial.org\/#\/schema\/person\/78098b551faec531645dbd5d82778414","name":"Fernanda Monzambani","image":{"@type":"ImageObject","inLanguage":"en-US","@id":"https:\/\/secure.gravatar.com\/avatar\/aa6d89063e21cd9638051b6cd0602c108d4b79b0898534c712d68409f7e5b64c?s=96&d=mm&r=g","url":"https:\/\/secure.gravatar.com\/avatar\/aa6d89063e21cd9638051b6cd0602c108d4b79b0898534c712d68409f7e5b64c?s=96&d=mm&r=g","contentUrl":"https:\/\/secure.gravatar.com\/avatar\/aa6d89063e21cd9638051b6cd0602c108d4b79b0898534c712d68409f7e5b64c?s=96&d=mm&r=g","caption":"Fernanda Monzambani"},"url":"https:\/\/aliancasocial.org\/en\/author\/fernanda\/"}]}},"_links":{"self":[{"href":"https:\/\/aliancasocial.org\/en\/wp-json\/wp\/v2\/posts\/11849","targetHints":{"allow":["GET"]}}],"collection":[{"href":"https:\/\/aliancasocial.org\/en\/wp-json\/wp\/v2\/posts"}],"about":[{"href":"https:\/\/aliancasocial.org\/en\/wp-json\/wp\/v2\/types\/post"}],"author":[{"embeddable":true,"href":"https:\/\/aliancasocial.org\/en\/wp-json\/wp\/v2\/users\/8"}],"replies":[{"embeddable":true,"href":"https:\/\/aliancasocial.org\/en\/wp-json\/wp\/v2\/comments?post=11849"}],"version-history":[{"count":1,"href":"https:\/\/aliancasocial.org\/en\/wp-json\/wp\/v2\/posts\/11849\/revisions"}],"predecessor-version":[{"id":11850,"href":"https:\/\/aliancasocial.org\/en\/wp-json\/wp\/v2\/posts\/11849\/revisions\/11850"}],"wp:featuredmedia":[{"embeddable":true,"href":"https:\/\/aliancasocial.org\/en\/wp-json\/wp\/v2\/media\/11801"}],"wp:attachment":[{"href":"https:\/\/aliancasocial.org\/en\/wp-json\/wp\/v2\/media?parent=11849"}],"wp:term":[{"taxonomy":"category","embeddable":true,"href":"https:\/\/aliancasocial.org\/en\/wp-json\/wp\/v2\/categories?post=11849"},{"taxonomy":"post_tag","embeddable":true,"href":"https:\/\/aliancasocial.org\/en\/wp-json\/wp\/v2\/tags?post=11849"},{"taxonomy":"destaques","embeddable":true,"href":"https:\/\/aliancasocial.org\/en\/wp-json\/wp\/v2\/destaques?post=11849"}],"curies":[{"name":"wp","href":"https:\/\/api.w.org\/{rel}","templated":true}]}}