{"id":11851,"date":"2025-10-30T13:55:16","date_gmt":"2025-10-30T16:55:16","guid":{"rendered":"https:\/\/aliancasocial.org\/?p=11851"},"modified":"2025-07-15T13:56:41","modified_gmt":"2025-07-15T16:56:41","slug":"projetos-com-adolescentes-em-situacao-de-vulnerabilidade-social-caminhos-de-inclusao-e-esperanca","status":"publish","type":"post","link":"https:\/\/aliancasocial.org\/en\/projetos-com-adolescentes-em-situacao-de-vulnerabilidade-social-caminhos-de-inclusao-e-esperanca\/","title":{"rendered":"Projects with Adolescents in Situations of Social Vulnerability: Paths to Inclusion and Hope"},"content":{"rendered":"<p>Adolescence is a phase of identity formation, decision-making, and the discovery of new paths. But when this stage is experienced amidst poverty, domestic violence, lack of family support, or lack of opportunities, the risks multiply: school dropout, involvement with drugs, crime, depression, and social marginalization.<\/p>\n\n\n\n<p>With that in mind, the <strong>Social Alliance<\/strong> develops <strong>projects for teenagers in S\u00e3o Paulo<\/strong>, focusing on <strong>social inclusion, strengthening of bonds and holistic development<\/strong>. These are actions aimed at young people from vulnerable communities, with the goal of opening up new possibilities and building paths of hope.<\/p>\n\n\n\n<h2 class=\"wp-block-heading\">Concrete actions for transformation<\/h2>\n\n\n\n<p>The projects offered go far beyond mere assistance. They are spaces for interaction, learning, and empowerment, in which adolescents are valued as subjects of rights and a future. Among the activities developed are:<\/p>\n\n\n\n<ul class=\"wp-block-list\">\n<li><strong>Workshops on human development and values<\/strong>, with themes such as respect, self-esteem, empathy, responsibility and conscious choices;<\/li>\n\n\n\n<li><strong>Cultural and artistic activities<\/strong>, such as music, dance, theater, graffiti and audiovisual media, which stimulate expression, creativity and a sense of belonging;<\/li>\n\n\n\n<li><strong>Social groups<\/strong>, which promote dialogue, listening and mutual support among participants;<\/li>\n\n\n\n<li><strong>Psychosocial care<\/strong>, with individual and family support, aimed at overcoming traumas, conflicts and at-risk situations;<\/li>\n\n\n\n<li><strong>Actions to prevent drug use, violence, and school dropout.<\/strong>, with academic support, career guidance, and strengthening of family ties.<\/li>\n<\/ul>\n\n\n\n<h2 class=\"wp-block-heading\">Social inclusion for young people: an investment that pays off.<\/h2>\n\n\n\n<p>Each teenager served represents a life that moves away from marginalization and closer to a dignified future. By offering opportunities, listening, and support, social projects for young people contribute directly to their well-being. <strong>Reducing inequality, decreasing violence, and building a more just society.<\/strong>.<\/p>\n\n\n\n<p>Many of the teenagers who participated in these projects are now employed, pursuing higher education, or acting as multipliers in their own communities.<\/p>\n\n\n\n<h2 class=\"wp-block-heading\">How can we support this work?<\/h2>\n\n\n\n<p>You can help this project by:<\/p>\n\n\n\n<ul class=\"wp-block-list\">\n<li><strong>Monthly or one-time donations<\/strong>;<\/li>\n\n\n\n<li><strong>Donation of materials for workshops and training.<\/strong>;<\/li>\n\n\n\n<li><strong>Dissemination of actions<\/strong>;<\/li>\n\n\n\n<li><strong>Volunteering with teenagers and their families<\/strong>.<\/li>\n<\/ul>\n\n\n\n<p><a href=\"https:\/\/aliancademisericordia.doardigital.com.br\/doacao\">Learn how to transform realities through... <strong>social inclusion for young people<\/strong>.<\/a><\/p>\n\n\n\n<p><\/p>","protected":false},"excerpt":{"rendered":"<p>A adolesc\u00eancia \u00e9 uma fase de constru\u00e7\u00e3o de identidade, tomada de decis\u00f5es e descoberta de novos caminhos. Mas quando essa etapa \u00e9 vivida em meio \u00e0 pobreza, viol\u00eancia dom\u00e9stica, aus\u00eancia de apoio familiar ou falta de oportunidades, os riscos se multiplicam: evas\u00e3o escolar, envolvimento com drogas, criminalidade, depress\u00e3o e marginaliza\u00e7\u00e3o social. Pensando nisso, a Alian\u00e7a [&hellip;]<\/p>\n","protected":false},"author":8,"featured_media":3787,"comment_status":"closed","ping_status":"closed","sticky":false,"template":"","format":"standard","meta":{"footnotes":""},"categories":[1],"tags":[],"destaques":[],"class_list":["post-11851","post","type-post","status-publish","format-standard","has-post-thumbnail","hentry","category-sem-categoria"],"yoast_head":"<!-- This site is optimized with the Yoast SEO plugin v27.4 - https:\/\/yoast.com\/product\/yoast-seo-wordpress\/ -->\n<title>Projetos com Adolescentes em Situa\u00e7\u00e3o de Vulnerabilidade Social: Caminhos de Inclus\u00e3o e Esperan\u00e7a - Alian\u00e7a de Miseric\u00f3rdia<\/title>\n<meta name=\"description\" content=\"A adolesc\u00eancia \u00e9 uma fase de constru\u00e7\u00e3o de identidade, tomada de decis\u00f5es e descoberta de novos caminhos. Mas quando essa etapa \u00e9 vivida em meio \u00e0\" \/>\n<meta name=\"robots\" content=\"index, follow, max-snippet:-1, max-image-preview:large, max-video-preview:-1\" \/>\n<link rel=\"canonical\" href=\"https:\/\/aliancasocial.org\/en\/projetos-com-adolescentes-em-situacao-de-vulnerabilidade-social-caminhos-de-inclusao-e-esperanca\/\" \/>\n<meta property=\"og:locale\" content=\"en_US\" \/>\n<meta property=\"og:type\" content=\"article\" \/>\n<meta property=\"og:title\" content=\"Projetos com Adolescentes em Situa\u00e7\u00e3o de Vulnerabilidade Social: Caminhos de Inclus\u00e3o e Esperan\u00e7a - Alian\u00e7a de Miseric\u00f3rdia\" \/>\n<meta property=\"og:description\" content=\"A adolesc\u00eancia \u00e9 uma fase de constru\u00e7\u00e3o de identidade, tomada de decis\u00f5es e descoberta de novos caminhos. Mas quando essa etapa \u00e9 vivida em meio \u00e0\" \/>\n<meta property=\"og:url\" content=\"https:\/\/aliancasocial.org\/en\/projetos-com-adolescentes-em-situacao-de-vulnerabilidade-social-caminhos-de-inclusao-e-esperanca\/\" \/>\n<meta property=\"og:site_name\" content=\"Alian\u00e7a de Miseric\u00f3rdia\" \/>\n<meta property=\"article:publisher\" content=\"https:\/\/www.facebook.com\/iesmisericordia\/\" \/>\n<meta property=\"article:published_time\" content=\"2025-10-30T16:55:16+00:00\" \/>\n<meta property=\"og:image\" content=\"https:\/\/aliancasocial.org\/wp-content\/uploads\/2022\/07\/Crianca-e-adolescente.jpg\" \/>\n\t<meta property=\"og:image:width\" content=\"345\" \/>\n\t<meta property=\"og:image:height\" content=\"193\" \/>\n\t<meta property=\"og:image:type\" content=\"image\/jpeg\" \/>\n<meta name=\"author\" content=\"Fernanda Monzambani\" \/>\n<meta name=\"twitter:card\" content=\"summary_large_image\" \/>\n<meta name=\"twitter:label1\" content=\"Written by\" \/>\n\t<meta name=\"twitter:data1\" content=\"Fernanda Monzambani\" \/>\n\t<meta name=\"twitter:label2\" content=\"Est. reading time\" \/>\n\t<meta name=\"twitter:data2\" content=\"3 minutes\" \/>\n<script type=\"application\/ld+json\" class=\"yoast-schema-graph\">{\"@context\":\"https:\\\/\\\/schema.org\",\"@graph\":[{\"@type\":\"Article\",\"@id\":\"https:\\\/\\\/aliancasocial.org\\\/projetos-com-adolescentes-em-situacao-de-vulnerabilidade-social-caminhos-de-inclusao-e-esperanca\\\/#article\",\"isPartOf\":{\"@id\":\"https:\\\/\\\/aliancasocial.org\\\/projetos-com-adolescentes-em-situacao-de-vulnerabilidade-social-caminhos-de-inclusao-e-esperanca\\\/\"},\"author\":{\"name\":\"Fernanda Monzambani\",\"@id\":\"https:\\\/\\\/aliancasocial.org\\\/#\\\/schema\\\/person\\\/78098b551faec531645dbd5d82778414\"},\"headline\":\"Projetos com Adolescentes em Situa\u00e7\u00e3o de Vulnerabilidade Social: Caminhos de Inclus\u00e3o e Esperan\u00e7a\",\"datePublished\":\"2025-10-30T16:55:16+00:00\",\"mainEntityOfPage\":{\"@id\":\"https:\\\/\\\/aliancasocial.org\\\/projetos-com-adolescentes-em-situacao-de-vulnerabilidade-social-caminhos-de-inclusao-e-esperanca\\\/\"},\"wordCount\":424,\"publisher\":{\"@id\":\"https:\\\/\\\/aliancasocial.org\\\/#organization\"},\"image\":{\"@id\":\"https:\\\/\\\/aliancasocial.org\\\/projetos-com-adolescentes-em-situacao-de-vulnerabilidade-social-caminhos-de-inclusao-e-esperanca\\\/#primaryimage\"},\"thumbnailUrl\":\"https:\\\/\\\/aliancasocial.org\\\/wp-content\\\/uploads\\\/2022\\\/07\\\/Crianca-e-adolescente.jpg\",\"articleSection\":[\"Sem Categoria\"],\"inLanguage\":\"en-US\"},{\"@type\":\"WebPage\",\"@id\":\"https:\\\/\\\/aliancasocial.org\\\/projetos-com-adolescentes-em-situacao-de-vulnerabilidade-social-caminhos-de-inclusao-e-esperanca\\\/\",\"url\":\"https:\\\/\\\/aliancasocial.org\\\/projetos-com-adolescentes-em-situacao-de-vulnerabilidade-social-caminhos-de-inclusao-e-esperanca\\\/\",\"name\":\"Projetos com Adolescentes em Situa\u00e7\u00e3o de Vulnerabilidade Social: Caminhos de Inclus\u00e3o e Esperan\u00e7a - Alian\u00e7a de Miseric\u00f3rdia\",\"isPartOf\":{\"@id\":\"https:\\\/\\\/aliancasocial.org\\\/#website\"},\"primaryImageOfPage\":{\"@id\":\"https:\\\/\\\/aliancasocial.org\\\/projetos-com-adolescentes-em-situacao-de-vulnerabilidade-social-caminhos-de-inclusao-e-esperanca\\\/#primaryimage\"},\"image\":{\"@id\":\"https:\\\/\\\/aliancasocial.org\\\/projetos-com-adolescentes-em-situacao-de-vulnerabilidade-social-caminhos-de-inclusao-e-esperanca\\\/#primaryimage\"},\"thumbnailUrl\":\"https:\\\/\\\/aliancasocial.org\\\/wp-content\\\/uploads\\\/2022\\\/07\\\/Crianca-e-adolescente.jpg\",\"datePublished\":\"2025-10-30T16:55:16+00:00\",\"description\":\"A adolesc\u00eancia \u00e9 uma fase de constru\u00e7\u00e3o de identidade, tomada de decis\u00f5es e descoberta de novos caminhos. Mas quando essa etapa \u00e9 vivida em meio \u00e0\",\"breadcrumb\":{\"@id\":\"https:\\\/\\\/aliancasocial.org\\\/projetos-com-adolescentes-em-situacao-de-vulnerabilidade-social-caminhos-de-inclusao-e-esperanca\\\/#breadcrumb\"},\"inLanguage\":\"en-US\",\"potentialAction\":[{\"@type\":\"ReadAction\",\"target\":[\"https:\\\/\\\/aliancasocial.org\\\/projetos-com-adolescentes-em-situacao-de-vulnerabilidade-social-caminhos-de-inclusao-e-esperanca\\\/\"]}]},{\"@type\":\"ImageObject\",\"inLanguage\":\"en-US\",\"@id\":\"https:\\\/\\\/aliancasocial.org\\\/projetos-com-adolescentes-em-situacao-de-vulnerabilidade-social-caminhos-de-inclusao-e-esperanca\\\/#primaryimage\",\"url\":\"https:\\\/\\\/aliancasocial.org\\\/wp-content\\\/uploads\\\/2022\\\/07\\\/Crianca-e-adolescente.jpg\",\"contentUrl\":\"https:\\\/\\\/aliancasocial.org\\\/wp-content\\\/uploads\\\/2022\\\/07\\\/Crianca-e-adolescente.jpg\",\"width\":345,\"height\":193},{\"@type\":\"BreadcrumbList\",\"@id\":\"https:\\\/\\\/aliancasocial.org\\\/projetos-com-adolescentes-em-situacao-de-vulnerabilidade-social-caminhos-de-inclusao-e-esperanca\\\/#breadcrumb\",\"itemListElement\":[{\"@type\":\"ListItem\",\"position\":1,\"name\":\"In\u00edcio\",\"item\":\"https:\\\/\\\/aliancasocial.org\\\/en\\\/\"},{\"@type\":\"ListItem\",\"position\":2,\"name\":\"Projetos com Adolescentes em Situa\u00e7\u00e3o de Vulnerabilidade Social: Caminhos de Inclus\u00e3o e Esperan\u00e7a\"}]},{\"@type\":\"WebSite\",\"@id\":\"https:\\\/\\\/aliancasocial.org\\\/#website\",\"url\":\"https:\\\/\\\/aliancasocial.org\\\/\",\"name\":\"Alian\u00e7a de Miseric\u00f3rdia\",\"description\":\"Levando dignidade humana a todos os cantos do mundo\",\"publisher\":{\"@id\":\"https:\\\/\\\/aliancasocial.org\\\/#organization\"},\"potentialAction\":[{\"@type\":\"SearchAction\",\"target\":{\"@type\":\"EntryPoint\",\"urlTemplate\":\"https:\\\/\\\/aliancasocial.org\\\/?s={search_term_string}\"},\"query-input\":{\"@type\":\"PropertyValueSpecification\",\"valueRequired\":true,\"valueName\":\"search_term_string\"}}],\"inLanguage\":\"en-US\"},{\"@type\":\"Organization\",\"@id\":\"https:\\\/\\\/aliancasocial.org\\\/#organization\",\"name\":\"Alian\u00e7a de Miseric\u00f3rdia\",\"url\":\"https:\\\/\\\/aliancasocial.org\\\/\",\"logo\":{\"@type\":\"ImageObject\",\"inLanguage\":\"en-US\",\"@id\":\"https:\\\/\\\/aliancasocial.org\\\/#\\\/schema\\\/logo\\\/image\\\/\",\"url\":\"https:\\\/\\\/aliancasocial.org\\\/wp-content\\\/uploads\\\/2022\\\/07\\\/logo-alianca-marrom.svg\",\"contentUrl\":\"https:\\\/\\\/aliancasocial.org\\\/wp-content\\\/uploads\\\/2022\\\/07\\\/logo-alianca-marrom.svg\",\"width\":91,\"height\":33,\"caption\":\"Alian\u00e7a de Miseric\u00f3rdia\"},\"image\":{\"@id\":\"https:\\\/\\\/aliancasocial.org\\\/#\\\/schema\\\/logo\\\/image\\\/\"},\"sameAs\":[\"https:\\\/\\\/www.facebook.com\\\/iesmisericordia\\\/\",\"https:\\\/\\\/www.instagram.com\\\/aliancademisericordia\\\/\"]},{\"@type\":\"Person\",\"@id\":\"https:\\\/\\\/aliancasocial.org\\\/#\\\/schema\\\/person\\\/78098b551faec531645dbd5d82778414\",\"name\":\"Fernanda Monzambani\",\"image\":{\"@type\":\"ImageObject\",\"inLanguage\":\"en-US\",\"@id\":\"https:\\\/\\\/secure.gravatar.com\\\/avatar\\\/aa6d89063e21cd9638051b6cd0602c108d4b79b0898534c712d68409f7e5b64c?s=96&d=mm&r=g\",\"url\":\"https:\\\/\\\/secure.gravatar.com\\\/avatar\\\/aa6d89063e21cd9638051b6cd0602c108d4b79b0898534c712d68409f7e5b64c?s=96&d=mm&r=g\",\"contentUrl\":\"https:\\\/\\\/secure.gravatar.com\\\/avatar\\\/aa6d89063e21cd9638051b6cd0602c108d4b79b0898534c712d68409f7e5b64c?s=96&d=mm&r=g\",\"caption\":\"Fernanda Monzambani\"},\"url\":\"https:\\\/\\\/aliancasocial.org\\\/en\\\/author\\\/fernanda\\\/\"}]}<\/script>\n<!-- \/ Yoast SEO plugin. -->","yoast_head_json":{"title":"Projetos com Adolescentes em Situa\u00e7\u00e3o de Vulnerabilidade Social: Caminhos de Inclus\u00e3o e Esperan\u00e7a - Alian\u00e7a de Miseric\u00f3rdia","description":"A adolesc\u00eancia \u00e9 uma fase de constru\u00e7\u00e3o de identidade, tomada de decis\u00f5es e descoberta de novos caminhos. Mas quando essa etapa \u00e9 vivida em meio \u00e0","robots":{"index":"index","follow":"follow","max-snippet":"max-snippet:-1","max-image-preview":"max-image-preview:large","max-video-preview":"max-video-preview:-1"},"canonical":"https:\/\/aliancasocial.org\/en\/projetos-com-adolescentes-em-situacao-de-vulnerabilidade-social-caminhos-de-inclusao-e-esperanca\/","og_locale":"en_US","og_type":"article","og_title":"Projetos com Adolescentes em Situa\u00e7\u00e3o de Vulnerabilidade Social: Caminhos de Inclus\u00e3o e Esperan\u00e7a - Alian\u00e7a de Miseric\u00f3rdia","og_description":"A adolesc\u00eancia \u00e9 uma fase de constru\u00e7\u00e3o de identidade, tomada de decis\u00f5es e descoberta de novos caminhos. Mas quando essa etapa \u00e9 vivida em meio \u00e0","og_url":"https:\/\/aliancasocial.org\/en\/projetos-com-adolescentes-em-situacao-de-vulnerabilidade-social-caminhos-de-inclusao-e-esperanca\/","og_site_name":"Alian\u00e7a de Miseric\u00f3rdia","article_publisher":"https:\/\/www.facebook.com\/iesmisericordia\/","article_published_time":"2025-10-30T16:55:16+00:00","og_image":[{"width":345,"height":193,"url":"https:\/\/aliancasocial.org\/wp-content\/uploads\/2022\/07\/Crianca-e-adolescente.jpg","type":"image\/jpeg"}],"author":"Fernanda Monzambani","twitter_card":"summary_large_image","twitter_misc":{"Written by":"Fernanda Monzambani","Est. reading time":"3 minutes"},"schema":{"@context":"https:\/\/schema.org","@graph":[{"@type":"Article","@id":"https:\/\/aliancasocial.org\/projetos-com-adolescentes-em-situacao-de-vulnerabilidade-social-caminhos-de-inclusao-e-esperanca\/#article","isPartOf":{"@id":"https:\/\/aliancasocial.org\/projetos-com-adolescentes-em-situacao-de-vulnerabilidade-social-caminhos-de-inclusao-e-esperanca\/"},"author":{"name":"Fernanda Monzambani","@id":"https:\/\/aliancasocial.org\/#\/schema\/person\/78098b551faec531645dbd5d82778414"},"headline":"Projetos com Adolescentes em Situa\u00e7\u00e3o de Vulnerabilidade Social: Caminhos de Inclus\u00e3o e Esperan\u00e7a","datePublished":"2025-10-30T16:55:16+00:00","mainEntityOfPage":{"@id":"https:\/\/aliancasocial.org\/projetos-com-adolescentes-em-situacao-de-vulnerabilidade-social-caminhos-de-inclusao-e-esperanca\/"},"wordCount":424,"publisher":{"@id":"https:\/\/aliancasocial.org\/#organization"},"image":{"@id":"https:\/\/aliancasocial.org\/projetos-com-adolescentes-em-situacao-de-vulnerabilidade-social-caminhos-de-inclusao-e-esperanca\/#primaryimage"},"thumbnailUrl":"https:\/\/aliancasocial.org\/wp-content\/uploads\/2022\/07\/Crianca-e-adolescente.jpg","articleSection":["Sem Categoria"],"inLanguage":"en-US"},{"@type":"WebPage","@id":"https:\/\/aliancasocial.org\/projetos-com-adolescentes-em-situacao-de-vulnerabilidade-social-caminhos-de-inclusao-e-esperanca\/","url":"https:\/\/aliancasocial.org\/projetos-com-adolescentes-em-situacao-de-vulnerabilidade-social-caminhos-de-inclusao-e-esperanca\/","name":"Projetos com Adolescentes em Situa\u00e7\u00e3o de Vulnerabilidade Social: Caminhos de Inclus\u00e3o e Esperan\u00e7a - Alian\u00e7a de Miseric\u00f3rdia","isPartOf":{"@id":"https:\/\/aliancasocial.org\/#website"},"primaryImageOfPage":{"@id":"https:\/\/aliancasocial.org\/projetos-com-adolescentes-em-situacao-de-vulnerabilidade-social-caminhos-de-inclusao-e-esperanca\/#primaryimage"},"image":{"@id":"https:\/\/aliancasocial.org\/projetos-com-adolescentes-em-situacao-de-vulnerabilidade-social-caminhos-de-inclusao-e-esperanca\/#primaryimage"},"thumbnailUrl":"https:\/\/aliancasocial.org\/wp-content\/uploads\/2022\/07\/Crianca-e-adolescente.jpg","datePublished":"2025-10-30T16:55:16+00:00","description":"A adolesc\u00eancia \u00e9 uma fase de constru\u00e7\u00e3o de identidade, tomada de decis\u00f5es e descoberta de novos caminhos. Mas quando essa etapa \u00e9 vivida em meio \u00e0","breadcrumb":{"@id":"https:\/\/aliancasocial.org\/projetos-com-adolescentes-em-situacao-de-vulnerabilidade-social-caminhos-de-inclusao-e-esperanca\/#breadcrumb"},"inLanguage":"en-US","potentialAction":[{"@type":"ReadAction","target":["https:\/\/aliancasocial.org\/projetos-com-adolescentes-em-situacao-de-vulnerabilidade-social-caminhos-de-inclusao-e-esperanca\/"]}]},{"@type":"ImageObject","inLanguage":"en-US","@id":"https:\/\/aliancasocial.org\/projetos-com-adolescentes-em-situacao-de-vulnerabilidade-social-caminhos-de-inclusao-e-esperanca\/#primaryimage","url":"https:\/\/aliancasocial.org\/wp-content\/uploads\/2022\/07\/Crianca-e-adolescente.jpg","contentUrl":"https:\/\/aliancasocial.org\/wp-content\/uploads\/2022\/07\/Crianca-e-adolescente.jpg","width":345,"height":193},{"@type":"BreadcrumbList","@id":"https:\/\/aliancasocial.org\/projetos-com-adolescentes-em-situacao-de-vulnerabilidade-social-caminhos-de-inclusao-e-esperanca\/#breadcrumb","itemListElement":[{"@type":"ListItem","position":1,"name":"In\u00edcio","item":"https:\/\/aliancasocial.org\/en\/"},{"@type":"ListItem","position":2,"name":"Projetos com Adolescentes em Situa\u00e7\u00e3o de Vulnerabilidade Social: Caminhos de Inclus\u00e3o e Esperan\u00e7a"}]},{"@type":"WebSite","@id":"https:\/\/aliancasocial.org\/#website","url":"https:\/\/aliancasocial.org\/","name":"Covenant of Mercy","description":"Bringing human dignity to every corner of the world","publisher":{"@id":"https:\/\/aliancasocial.org\/#organization"},"potentialAction":[{"@type":"SearchAction","target":{"@type":"EntryPoint","urlTemplate":"https:\/\/aliancasocial.org\/?s={search_term_string}"},"query-input":{"@type":"PropertyValueSpecification","valueRequired":true,"valueName":"search_term_string"}}],"inLanguage":"en-US"},{"@type":"Organization","@id":"https:\/\/aliancasocial.org\/#organization","name":"Covenant of Mercy","url":"https:\/\/aliancasocial.org\/","logo":{"@type":"ImageObject","inLanguage":"en-US","@id":"https:\/\/aliancasocial.org\/#\/schema\/logo\/image\/","url":"https:\/\/aliancasocial.org\/wp-content\/uploads\/2022\/07\/logo-alianca-marrom.svg","contentUrl":"https:\/\/aliancasocial.org\/wp-content\/uploads\/2022\/07\/logo-alianca-marrom.svg","width":91,"height":33,"caption":"Alian\u00e7a de Miseric\u00f3rdia"},"image":{"@id":"https:\/\/aliancasocial.org\/#\/schema\/logo\/image\/"},"sameAs":["https:\/\/www.facebook.com\/iesmisericordia\/","https:\/\/www.instagram.com\/aliancademisericordia\/"]},{"@type":"Person","@id":"https:\/\/aliancasocial.org\/#\/schema\/person\/78098b551faec531645dbd5d82778414","name":"Fernanda Monzambani","image":{"@type":"ImageObject","inLanguage":"en-US","@id":"https:\/\/secure.gravatar.com\/avatar\/aa6d89063e21cd9638051b6cd0602c108d4b79b0898534c712d68409f7e5b64c?s=96&d=mm&r=g","url":"https:\/\/secure.gravatar.com\/avatar\/aa6d89063e21cd9638051b6cd0602c108d4b79b0898534c712d68409f7e5b64c?s=96&d=mm&r=g","contentUrl":"https:\/\/secure.gravatar.com\/avatar\/aa6d89063e21cd9638051b6cd0602c108d4b79b0898534c712d68409f7e5b64c?s=96&d=mm&r=g","caption":"Fernanda Monzambani"},"url":"https:\/\/aliancasocial.org\/en\/author\/fernanda\/"}]}},"_links":{"self":[{"href":"https:\/\/aliancasocial.org\/en\/wp-json\/wp\/v2\/posts\/11851","targetHints":{"allow":["GET"]}}],"collection":[{"href":"https:\/\/aliancasocial.org\/en\/wp-json\/wp\/v2\/posts"}],"about":[{"href":"https:\/\/aliancasocial.org\/en\/wp-json\/wp\/v2\/types\/post"}],"author":[{"embeddable":true,"href":"https:\/\/aliancasocial.org\/en\/wp-json\/wp\/v2\/users\/8"}],"replies":[{"embeddable":true,"href":"https:\/\/aliancasocial.org\/en\/wp-json\/wp\/v2\/comments?post=11851"}],"version-history":[{"count":1,"href":"https:\/\/aliancasocial.org\/en\/wp-json\/wp\/v2\/posts\/11851\/revisions"}],"predecessor-version":[{"id":11852,"href":"https:\/\/aliancasocial.org\/en\/wp-json\/wp\/v2\/posts\/11851\/revisions\/11852"}],"wp:featuredmedia":[{"embeddable":true,"href":"https:\/\/aliancasocial.org\/en\/wp-json\/wp\/v2\/media\/3787"}],"wp:attachment":[{"href":"https:\/\/aliancasocial.org\/en\/wp-json\/wp\/v2\/media?parent=11851"}],"wp:term":[{"taxonomy":"category","embeddable":true,"href":"https:\/\/aliancasocial.org\/en\/wp-json\/wp\/v2\/categories?post=11851"},{"taxonomy":"post_tag","embeddable":true,"href":"https:\/\/aliancasocial.org\/en\/wp-json\/wp\/v2\/tags?post=11851"},{"taxonomy":"destaques","embeddable":true,"href":"https:\/\/aliancasocial.org\/en\/wp-json\/wp\/v2\/destaques?post=11851"}],"curies":[{"name":"wp","href":"https:\/\/api.w.org\/{rel}","templated":true}]}}