{"id":11870,"date":"2025-08-06T10:14:52","date_gmt":"2025-08-06T13:14:52","guid":{"rendered":"https:\/\/aliancasocial.org\/?p=11870"},"modified":"2025-08-06T10:14:56","modified_gmt":"2025-08-06T13:14:56","slug":"projeto-de-fotografia-do-oratorio-sao-domingos-savio-documenta-a-comunidade-do-moinho","status":"publish","type":"post","link":"https:\/\/aliancasocial.org\/en\/projeto-de-fotografia-do-oratorio-sao-domingos-savio-documenta-a-comunidade-do-moinho\/","title":{"rendered":"Photography project of the Oratory of Saint Dominic Savio documents the Community of Moinho"},"content":{"rendered":"<p>What the eyes see, the heart keeps. And when those eyes belong to children and adolescents growing up on the margins, not just geographically but socially, the images they capture become more than records: they become living testimonies.<\/p>\n\n\n\n<p>This is how the project was born <strong>\u201cLooks that Speak\u201d<\/strong>, at the Orat\u00f3rio S\u00e3o Domingos S\u00e1vio, located in the Moinho Community, central S\u00e3o Paulo. Through a photography course, educators offered students not only a new skill, but also an opportunity to look more deeply at their surroundings\u2014and within themselves.<\/p>\n\n\n\n<p>The project aimed to create a photographic archive of the community before the demolition of homes and businesses and the relocation of the families residing there. Faced with the imminent relocation, the photographs taken by the residents themselves, especially children and adolescents, reveal the affection, bonds, and stories that have shaped the territory and their lives.<\/p>\n\n\n\n<p>Each photograph is a unique perspective on reality. A perspective that speaks of coexistence, of childhood, of the simplicity and beauty hidden in the details of everyday life. These images resist invisibility, communicating love, friendship, respect, and faith. Photographs that not only portray, but proclaim: there is life, dignity, and hope in every corner of the community.<\/p>\n\n\n\n<p><strong>+ <a href=\"https:\/\/misericordia.com.br\/oratorio-sao-domingos-2025-alianca-de-misericordia-mobiliza-campanha-para-garantir-nova-sede\/\">Saint Dominic&#039;s Oratory 2025: Alliance of Mercy launches campaign to secure new headquarters \u2013 Alliance of Mercy<\/a><\/strong><\/p>\n\n\n\n<p>Even in the face of pain and uncertainty, the students didn&#039;t betray abandonment. They proclaimed love. Their images don&#039;t depict ruins, but memories and promises. The &quot;Looks That Speak&quot; project became an exercise in memory and, above all, in presence: what is lived intensely will never be erased.<\/p>\n\n\n\n<p><strong>An oratory where hope flourishes<\/strong><\/p>\n\n\n\n<p>The project was developed in <strong>Saint Dominic Savio Oratory<\/strong>, one of the Child and Adolescent Centers (CCA) maintained by the Alliance of Mercy. The CCA is a socio-educational space that welcomes approximately 120 children and adolescents in situations of social vulnerability daily.<\/p>\n\n\n\n<p>There, after-school classes offer workshops in reading, writing, arts, sports, cultural activities, and spiritual experiences. However, more than activities, what is offered is a space for listening, welcoming, and restoring dignity.<\/p>\n\n\n\n<p>The Oratory&#039;s presence in the Moinho Community is a concrete sign of God&#039;s mercy. It is where family bonds are restored, talents are discovered, and dreams are rekindled. It is a place where one learns to believe again, even amid limitations and challenges. Where Christ is proclaimed with simplicity, through everyday gestures of care, tenderness, and faith.<\/p>\n\n\n\n<p><strong>How can you help?<\/strong><\/p>\n\n\n\n<p>The Alliance of Mercy&#039;s mission is made possible thanks to divine providence and the generosity of so many who believe in transforming lives. Projects like &quot;Olhares que Falam&quot; (Looks that Speak) demonstrate that the Gospel continues to be proclaimed, also through art, education, and fraternal presence among the poorest.<\/p>\n\n\n\n<p>You can collaborate with this mission:<\/p>\n\n\n\n<ul class=\"wp-block-list\">\n<li>Following our Instagram: <a href=\"https:\/\/www.instagram.com\/aliancademisericordia\">@aliancademisericordia<\/a> It is <a href=\"https:\/\/www.instagram.com\/alianca.social\">@alianca.social<\/a><\/li>\n\n\n\n<li>Sharing our projects and testimonies<\/li>\n\n\n\n<li>Contributing with a donation via Pix: <strong>doar@misericordia.com.br<\/strong><\/li>\n<\/ul>\n\n\n\n<p>Every gesture of love turns into concrete care.<br>And where the world sees abandonment, we continue to see promises. Because the gaze of mercy speaks louder!<\/p>","protected":false},"excerpt":{"rendered":"<p>O que os olhos veem, o cora\u00e7\u00e3o guarda. E quando esses olhos pertencem a crian\u00e7as e adolescentes que crescem \u00e0s margens, n\u00e3o apenas geogr\u00e1ficas, mas sociais, as imagens que captam tornam-se mais do que registros: tornam-se testemunhos vivos. Foi assim que nasceu o projeto \u201cOlhares que Falam\u201d, no Orat\u00f3rio S\u00e3o Domingos S\u00e1vio, localizado na Comunidade [&hellip;]<\/p>\n","protected":false},"author":8,"featured_media":11871,"comment_status":"closed","ping_status":"closed","sticky":false,"template":"","format":"standard","meta":{"footnotes":""},"categories":[47],"tags":[],"destaques":[36],"class_list":["post-11870","post","type-post","status-publish","format-standard","has-post-thumbnail","hentry","category-responsabilidade-social","destaques-destaque-01"],"yoast_head":"<!-- This site is optimized with the Yoast SEO plugin v27.4 - https:\/\/yoast.com\/product\/yoast-seo-wordpress\/ -->\n<title>Projeto de fotografia do Orat\u00f3rio S\u00e3o Domingos S\u00e1vio documenta a Comunidade do Moinho - Alian\u00e7a de Miseric\u00f3rdia<\/title>\n<meta name=\"robots\" content=\"index, follow, max-snippet:-1, max-image-preview:large, max-video-preview:-1\" \/>\n<link rel=\"canonical\" href=\"https:\/\/aliancasocial.org\/en\/projeto-de-fotografia-do-oratorio-sao-domingos-savio-documenta-a-comunidade-do-moinho\/\" \/>\n<meta property=\"og:locale\" content=\"en_US\" \/>\n<meta property=\"og:type\" content=\"article\" \/>\n<meta property=\"og:title\" content=\"Projeto de fotografia do Orat\u00f3rio S\u00e3o Domingos S\u00e1vio documenta a Comunidade do Moinho - Alian\u00e7a de Miseric\u00f3rdia\" \/>\n<meta property=\"og:description\" content=\"O que os olhos veem, o cora\u00e7\u00e3o guarda. E quando esses olhos pertencem a crian\u00e7as e adolescentes que crescem \u00e0s margens, n\u00e3o apenas geogr\u00e1ficas, mas sociais, as imagens que captam tornam-se mais do que registros: tornam-se testemunhos vivos. Foi assim que nasceu o projeto \u201cOlhares que Falam\u201d, no Orat\u00f3rio S\u00e3o Domingos S\u00e1vio, localizado na Comunidade [&hellip;]\" \/>\n<meta property=\"og:url\" content=\"https:\/\/aliancasocial.org\/en\/projeto-de-fotografia-do-oratorio-sao-domingos-savio-documenta-a-comunidade-do-moinho\/\" \/>\n<meta property=\"og:site_name\" content=\"Alian\u00e7a de Miseric\u00f3rdia\" \/>\n<meta property=\"article:publisher\" content=\"https:\/\/www.facebook.com\/iesmisericordia\/\" \/>\n<meta property=\"article:published_time\" content=\"2025-08-06T13:14:52+00:00\" \/>\n<meta property=\"article:modified_time\" content=\"2025-08-06T13:14:56+00:00\" \/>\n<meta property=\"og:image\" content=\"https:\/\/aliancasocial.org\/wp-content\/uploads\/2025\/08\/WhatsApp-Image-2025-08-05-at-12.03.56-1.jpeg\" \/>\n\t<meta property=\"og:image:width\" content=\"1600\" \/>\n\t<meta property=\"og:image:height\" content=\"721\" \/>\n\t<meta property=\"og:image:type\" content=\"image\/jpeg\" \/>\n<meta name=\"author\" content=\"Fernanda Monzambani\" \/>\n<meta name=\"twitter:card\" content=\"summary_large_image\" \/>\n<meta name=\"twitter:label1\" content=\"Written by\" \/>\n\t<meta name=\"twitter:data1\" content=\"Fernanda Monzambani\" \/>\n\t<meta name=\"twitter:label2\" content=\"Est. reading time\" \/>\n\t<meta name=\"twitter:data2\" content=\"4 minutes\" \/>\n<script type=\"application\/ld+json\" class=\"yoast-schema-graph\">{\"@context\":\"https:\\\/\\\/schema.org\",\"@graph\":[{\"@type\":\"Article\",\"@id\":\"https:\\\/\\\/aliancasocial.org\\\/projeto-de-fotografia-do-oratorio-sao-domingos-savio-documenta-a-comunidade-do-moinho\\\/#article\",\"isPartOf\":{\"@id\":\"https:\\\/\\\/aliancasocial.org\\\/projeto-de-fotografia-do-oratorio-sao-domingos-savio-documenta-a-comunidade-do-moinho\\\/\"},\"author\":{\"name\":\"Fernanda Monzambani\",\"@id\":\"https:\\\/\\\/aliancasocial.org\\\/#\\\/schema\\\/person\\\/73a690df527bfd7df78ba35714ff67d4\"},\"headline\":\"Projeto de fotografia do Orat\u00f3rio S\u00e3o Domingos S\u00e1vio documenta a Comunidade do Moinho\",\"datePublished\":\"2025-08-06T13:14:52+00:00\",\"dateModified\":\"2025-08-06T13:14:56+00:00\",\"mainEntityOfPage\":{\"@id\":\"https:\\\/\\\/aliancasocial.org\\\/projeto-de-fotografia-do-oratorio-sao-domingos-savio-documenta-a-comunidade-do-moinho\\\/\"},\"wordCount\":607,\"publisher\":{\"@id\":\"https:\\\/\\\/aliancasocial.org\\\/#organization\"},\"image\":{\"@id\":\"https:\\\/\\\/aliancasocial.org\\\/projeto-de-fotografia-do-oratorio-sao-domingos-savio-documenta-a-comunidade-do-moinho\\\/#primaryimage\"},\"thumbnailUrl\":\"https:\\\/\\\/aliancasocial.org\\\/wp-content\\\/uploads\\\/2025\\\/08\\\/WhatsApp-Image-2025-08-05-at-12.03.56-1.jpeg\",\"articleSection\":[\"Responsabilidade Social\"],\"inLanguage\":\"en-US\"},{\"@type\":\"WebPage\",\"@id\":\"https:\\\/\\\/aliancasocial.org\\\/projeto-de-fotografia-do-oratorio-sao-domingos-savio-documenta-a-comunidade-do-moinho\\\/\",\"url\":\"https:\\\/\\\/aliancasocial.org\\\/projeto-de-fotografia-do-oratorio-sao-domingos-savio-documenta-a-comunidade-do-moinho\\\/\",\"name\":\"Projeto de fotografia do Orat\u00f3rio S\u00e3o Domingos S\u00e1vio documenta a Comunidade do Moinho - Alian\u00e7a de Miseric\u00f3rdia\",\"isPartOf\":{\"@id\":\"https:\\\/\\\/aliancasocial.org\\\/#website\"},\"primaryImageOfPage\":{\"@id\":\"https:\\\/\\\/aliancasocial.org\\\/projeto-de-fotografia-do-oratorio-sao-domingos-savio-documenta-a-comunidade-do-moinho\\\/#primaryimage\"},\"image\":{\"@id\":\"https:\\\/\\\/aliancasocial.org\\\/projeto-de-fotografia-do-oratorio-sao-domingos-savio-documenta-a-comunidade-do-moinho\\\/#primaryimage\"},\"thumbnailUrl\":\"https:\\\/\\\/aliancasocial.org\\\/wp-content\\\/uploads\\\/2025\\\/08\\\/WhatsApp-Image-2025-08-05-at-12.03.56-1.jpeg\",\"datePublished\":\"2025-08-06T13:14:52+00:00\",\"dateModified\":\"2025-08-06T13:14:56+00:00\",\"breadcrumb\":{\"@id\":\"https:\\\/\\\/aliancasocial.org\\\/projeto-de-fotografia-do-oratorio-sao-domingos-savio-documenta-a-comunidade-do-moinho\\\/#breadcrumb\"},\"inLanguage\":\"en-US\",\"potentialAction\":[{\"@type\":\"ReadAction\",\"target\":[\"https:\\\/\\\/aliancasocial.org\\\/projeto-de-fotografia-do-oratorio-sao-domingos-savio-documenta-a-comunidade-do-moinho\\\/\"]}]},{\"@type\":\"ImageObject\",\"inLanguage\":\"en-US\",\"@id\":\"https:\\\/\\\/aliancasocial.org\\\/projeto-de-fotografia-do-oratorio-sao-domingos-savio-documenta-a-comunidade-do-moinho\\\/#primaryimage\",\"url\":\"https:\\\/\\\/aliancasocial.org\\\/wp-content\\\/uploads\\\/2025\\\/08\\\/WhatsApp-Image-2025-08-05-at-12.03.56-1.jpeg\",\"contentUrl\":\"https:\\\/\\\/aliancasocial.org\\\/wp-content\\\/uploads\\\/2025\\\/08\\\/WhatsApp-Image-2025-08-05-at-12.03.56-1.jpeg\",\"width\":1600,\"height\":721},{\"@type\":\"BreadcrumbList\",\"@id\":\"https:\\\/\\\/aliancasocial.org\\\/projeto-de-fotografia-do-oratorio-sao-domingos-savio-documenta-a-comunidade-do-moinho\\\/#breadcrumb\",\"itemListElement\":[{\"@type\":\"ListItem\",\"position\":1,\"name\":\"In\u00edcio\",\"item\":\"https:\\\/\\\/aliancasocial.org\\\/en\\\/\"},{\"@type\":\"ListItem\",\"position\":2,\"name\":\"Projeto de fotografia do Orat\u00f3rio S\u00e3o Domingos S\u00e1vio documenta a Comunidade do Moinho\"}]},{\"@type\":\"WebSite\",\"@id\":\"https:\\\/\\\/aliancasocial.org\\\/#website\",\"url\":\"https:\\\/\\\/aliancasocial.org\\\/\",\"name\":\"Alian\u00e7a de Miseric\u00f3rdia\",\"description\":\"Levando dignidade humana a todos os cantos do mundo\",\"publisher\":{\"@id\":\"https:\\\/\\\/aliancasocial.org\\\/#organization\"},\"potentialAction\":[{\"@type\":\"SearchAction\",\"target\":{\"@type\":\"EntryPoint\",\"urlTemplate\":\"https:\\\/\\\/aliancasocial.org\\\/?s={search_term_string}\"},\"query-input\":{\"@type\":\"PropertyValueSpecification\",\"valueRequired\":true,\"valueName\":\"search_term_string\"}}],\"inLanguage\":\"en-US\"},{\"@type\":\"Organization\",\"@id\":\"https:\\\/\\\/aliancasocial.org\\\/#organization\",\"name\":\"Alian\u00e7a de Miseric\u00f3rdia\",\"url\":\"https:\\\/\\\/aliancasocial.org\\\/\",\"logo\":{\"@type\":\"ImageObject\",\"inLanguage\":\"en-US\",\"@id\":\"https:\\\/\\\/aliancasocial.org\\\/#\\\/schema\\\/logo\\\/image\\\/\",\"url\":\"https:\\\/\\\/aliancasocial.org\\\/wp-content\\\/uploads\\\/2022\\\/07\\\/logo-alianca-marrom.svg\",\"contentUrl\":\"https:\\\/\\\/aliancasocial.org\\\/wp-content\\\/uploads\\\/2022\\\/07\\\/logo-alianca-marrom.svg\",\"width\":91,\"height\":33,\"caption\":\"Alian\u00e7a de Miseric\u00f3rdia\"},\"image\":{\"@id\":\"https:\\\/\\\/aliancasocial.org\\\/#\\\/schema\\\/logo\\\/image\\\/\"},\"sameAs\":[\"https:\\\/\\\/www.facebook.com\\\/iesmisericordia\\\/\",\"https:\\\/\\\/www.instagram.com\\\/aliancademisericordia\\\/\"]},{\"@type\":\"Person\",\"@id\":\"https:\\\/\\\/aliancasocial.org\\\/#\\\/schema\\\/person\\\/73a690df527bfd7df78ba35714ff67d4\",\"name\":\"Fernanda Monzambani\",\"image\":{\"@type\":\"ImageObject\",\"inLanguage\":\"en-US\",\"@id\":\"https:\\\/\\\/secure.gravatar.com\\\/avatar\\\/aa6d89063e21cd9638051b6cd0602c108d4b79b0898534c712d68409f7e5b64c?s=96&d=mm&r=g\",\"url\":\"https:\\\/\\\/secure.gravatar.com\\\/avatar\\\/aa6d89063e21cd9638051b6cd0602c108d4b79b0898534c712d68409f7e5b64c?s=96&d=mm&r=g\",\"contentUrl\":\"https:\\\/\\\/secure.gravatar.com\\\/avatar\\\/aa6d89063e21cd9638051b6cd0602c108d4b79b0898534c712d68409f7e5b64c?s=96&d=mm&r=g\",\"caption\":\"Fernanda Monzambani\"},\"url\":\"https:\\\/\\\/aliancasocial.org\\\/en\\\/author\\\/fernanda\\\/\"}]}<\/script>\n<!-- \/ Yoast SEO plugin. -->","yoast_head_json":{"title":"Projeto de fotografia do Orat\u00f3rio S\u00e3o Domingos S\u00e1vio documenta a Comunidade do Moinho - Alian\u00e7a de Miseric\u00f3rdia","robots":{"index":"index","follow":"follow","max-snippet":"max-snippet:-1","max-image-preview":"max-image-preview:large","max-video-preview":"max-video-preview:-1"},"canonical":"https:\/\/aliancasocial.org\/en\/projeto-de-fotografia-do-oratorio-sao-domingos-savio-documenta-a-comunidade-do-moinho\/","og_locale":"en_US","og_type":"article","og_title":"Projeto de fotografia do Orat\u00f3rio S\u00e3o Domingos S\u00e1vio documenta a Comunidade do Moinho - Alian\u00e7a de Miseric\u00f3rdia","og_description":"O que os olhos veem, o cora\u00e7\u00e3o guarda. E quando esses olhos pertencem a crian\u00e7as e adolescentes que crescem \u00e0s margens, n\u00e3o apenas geogr\u00e1ficas, mas sociais, as imagens que captam tornam-se mais do que registros: tornam-se testemunhos vivos. Foi assim que nasceu o projeto \u201cOlhares que Falam\u201d, no Orat\u00f3rio S\u00e3o Domingos S\u00e1vio, localizado na Comunidade [&hellip;]","og_url":"https:\/\/aliancasocial.org\/en\/projeto-de-fotografia-do-oratorio-sao-domingos-savio-documenta-a-comunidade-do-moinho\/","og_site_name":"Alian\u00e7a de Miseric\u00f3rdia","article_publisher":"https:\/\/www.facebook.com\/iesmisericordia\/","article_published_time":"2025-08-06T13:14:52+00:00","article_modified_time":"2025-08-06T13:14:56+00:00","og_image":[{"width":1600,"height":721,"url":"https:\/\/aliancasocial.org\/wp-content\/uploads\/2025\/08\/WhatsApp-Image-2025-08-05-at-12.03.56-1.jpeg","type":"image\/jpeg"}],"author":"Fernanda Monzambani","twitter_card":"summary_large_image","twitter_misc":{"Written by":"Fernanda Monzambani","Est. reading time":"4 minutes"},"schema":{"@context":"https:\/\/schema.org","@graph":[{"@type":"Article","@id":"https:\/\/aliancasocial.org\/projeto-de-fotografia-do-oratorio-sao-domingos-savio-documenta-a-comunidade-do-moinho\/#article","isPartOf":{"@id":"https:\/\/aliancasocial.org\/projeto-de-fotografia-do-oratorio-sao-domingos-savio-documenta-a-comunidade-do-moinho\/"},"author":{"name":"Fernanda Monzambani","@id":"https:\/\/aliancasocial.org\/#\/schema\/person\/73a690df527bfd7df78ba35714ff67d4"},"headline":"Projeto de fotografia do Orat\u00f3rio S\u00e3o Domingos S\u00e1vio documenta a Comunidade do Moinho","datePublished":"2025-08-06T13:14:52+00:00","dateModified":"2025-08-06T13:14:56+00:00","mainEntityOfPage":{"@id":"https:\/\/aliancasocial.org\/projeto-de-fotografia-do-oratorio-sao-domingos-savio-documenta-a-comunidade-do-moinho\/"},"wordCount":607,"publisher":{"@id":"https:\/\/aliancasocial.org\/#organization"},"image":{"@id":"https:\/\/aliancasocial.org\/projeto-de-fotografia-do-oratorio-sao-domingos-savio-documenta-a-comunidade-do-moinho\/#primaryimage"},"thumbnailUrl":"https:\/\/aliancasocial.org\/wp-content\/uploads\/2025\/08\/WhatsApp-Image-2025-08-05-at-12.03.56-1.jpeg","articleSection":["Responsabilidade Social"],"inLanguage":"en-US"},{"@type":"WebPage","@id":"https:\/\/aliancasocial.org\/projeto-de-fotografia-do-oratorio-sao-domingos-savio-documenta-a-comunidade-do-moinho\/","url":"https:\/\/aliancasocial.org\/projeto-de-fotografia-do-oratorio-sao-domingos-savio-documenta-a-comunidade-do-moinho\/","name":"Projeto de fotografia do Orat\u00f3rio S\u00e3o Domingos S\u00e1vio documenta a Comunidade do Moinho - Alian\u00e7a de Miseric\u00f3rdia","isPartOf":{"@id":"https:\/\/aliancasocial.org\/#website"},"primaryImageOfPage":{"@id":"https:\/\/aliancasocial.org\/projeto-de-fotografia-do-oratorio-sao-domingos-savio-documenta-a-comunidade-do-moinho\/#primaryimage"},"image":{"@id":"https:\/\/aliancasocial.org\/projeto-de-fotografia-do-oratorio-sao-domingos-savio-documenta-a-comunidade-do-moinho\/#primaryimage"},"thumbnailUrl":"https:\/\/aliancasocial.org\/wp-content\/uploads\/2025\/08\/WhatsApp-Image-2025-08-05-at-12.03.56-1.jpeg","datePublished":"2025-08-06T13:14:52+00:00","dateModified":"2025-08-06T13:14:56+00:00","breadcrumb":{"@id":"https:\/\/aliancasocial.org\/projeto-de-fotografia-do-oratorio-sao-domingos-savio-documenta-a-comunidade-do-moinho\/#breadcrumb"},"inLanguage":"en-US","potentialAction":[{"@type":"ReadAction","target":["https:\/\/aliancasocial.org\/projeto-de-fotografia-do-oratorio-sao-domingos-savio-documenta-a-comunidade-do-moinho\/"]}]},{"@type":"ImageObject","inLanguage":"en-US","@id":"https:\/\/aliancasocial.org\/projeto-de-fotografia-do-oratorio-sao-domingos-savio-documenta-a-comunidade-do-moinho\/#primaryimage","url":"https:\/\/aliancasocial.org\/wp-content\/uploads\/2025\/08\/WhatsApp-Image-2025-08-05-at-12.03.56-1.jpeg","contentUrl":"https:\/\/aliancasocial.org\/wp-content\/uploads\/2025\/08\/WhatsApp-Image-2025-08-05-at-12.03.56-1.jpeg","width":1600,"height":721},{"@type":"BreadcrumbList","@id":"https:\/\/aliancasocial.org\/projeto-de-fotografia-do-oratorio-sao-domingos-savio-documenta-a-comunidade-do-moinho\/#breadcrumb","itemListElement":[{"@type":"ListItem","position":1,"name":"In\u00edcio","item":"https:\/\/aliancasocial.org\/en\/"},{"@type":"ListItem","position":2,"name":"Projeto de fotografia do Orat\u00f3rio S\u00e3o Domingos S\u00e1vio documenta a Comunidade do Moinho"}]},{"@type":"WebSite","@id":"https:\/\/aliancasocial.org\/#website","url":"https:\/\/aliancasocial.org\/","name":"Covenant of Mercy","description":"Bringing human dignity to every corner of the world","publisher":{"@id":"https:\/\/aliancasocial.org\/#organization"},"potentialAction":[{"@type":"SearchAction","target":{"@type":"EntryPoint","urlTemplate":"https:\/\/aliancasocial.org\/?s={search_term_string}"},"query-input":{"@type":"PropertyValueSpecification","valueRequired":true,"valueName":"search_term_string"}}],"inLanguage":"en-US"},{"@type":"Organization","@id":"https:\/\/aliancasocial.org\/#organization","name":"Covenant of Mercy","url":"https:\/\/aliancasocial.org\/","logo":{"@type":"ImageObject","inLanguage":"en-US","@id":"https:\/\/aliancasocial.org\/#\/schema\/logo\/image\/","url":"https:\/\/aliancasocial.org\/wp-content\/uploads\/2022\/07\/logo-alianca-marrom.svg","contentUrl":"https:\/\/aliancasocial.org\/wp-content\/uploads\/2022\/07\/logo-alianca-marrom.svg","width":91,"height":33,"caption":"Alian\u00e7a de Miseric\u00f3rdia"},"image":{"@id":"https:\/\/aliancasocial.org\/#\/schema\/logo\/image\/"},"sameAs":["https:\/\/www.facebook.com\/iesmisericordia\/","https:\/\/www.instagram.com\/aliancademisericordia\/"]},{"@type":"Person","@id":"https:\/\/aliancasocial.org\/#\/schema\/person\/73a690df527bfd7df78ba35714ff67d4","name":"Fernanda Monzambani","image":{"@type":"ImageObject","inLanguage":"en-US","@id":"https:\/\/secure.gravatar.com\/avatar\/aa6d89063e21cd9638051b6cd0602c108d4b79b0898534c712d68409f7e5b64c?s=96&d=mm&r=g","url":"https:\/\/secure.gravatar.com\/avatar\/aa6d89063e21cd9638051b6cd0602c108d4b79b0898534c712d68409f7e5b64c?s=96&d=mm&r=g","contentUrl":"https:\/\/secure.gravatar.com\/avatar\/aa6d89063e21cd9638051b6cd0602c108d4b79b0898534c712d68409f7e5b64c?s=96&d=mm&r=g","caption":"Fernanda Monzambani"},"url":"https:\/\/aliancasocial.org\/en\/author\/fernanda\/"}]}},"_links":{"self":[{"href":"https:\/\/aliancasocial.org\/en\/wp-json\/wp\/v2\/posts\/11870","targetHints":{"allow":["GET"]}}],"collection":[{"href":"https:\/\/aliancasocial.org\/en\/wp-json\/wp\/v2\/posts"}],"about":[{"href":"https:\/\/aliancasocial.org\/en\/wp-json\/wp\/v2\/types\/post"}],"author":[{"embeddable":true,"href":"https:\/\/aliancasocial.org\/en\/wp-json\/wp\/v2\/users\/8"}],"replies":[{"embeddable":true,"href":"https:\/\/aliancasocial.org\/en\/wp-json\/wp\/v2\/comments?post=11870"}],"version-history":[{"count":1,"href":"https:\/\/aliancasocial.org\/en\/wp-json\/wp\/v2\/posts\/11870\/revisions"}],"predecessor-version":[{"id":11872,"href":"https:\/\/aliancasocial.org\/en\/wp-json\/wp\/v2\/posts\/11870\/revisions\/11872"}],"wp:featuredmedia":[{"embeddable":true,"href":"https:\/\/aliancasocial.org\/en\/wp-json\/wp\/v2\/media\/11871"}],"wp:attachment":[{"href":"https:\/\/aliancasocial.org\/en\/wp-json\/wp\/v2\/media?parent=11870"}],"wp:term":[{"taxonomy":"category","embeddable":true,"href":"https:\/\/aliancasocial.org\/en\/wp-json\/wp\/v2\/categories?post=11870"},{"taxonomy":"post_tag","embeddable":true,"href":"https:\/\/aliancasocial.org\/en\/wp-json\/wp\/v2\/tags?post=11870"},{"taxonomy":"destaques","embeddable":true,"href":"https:\/\/aliancasocial.org\/en\/wp-json\/wp\/v2\/destaques?post=11870"}],"curies":[{"name":"wp","href":"https:\/\/api.w.org\/{rel}","templated":true}]}}