{"id":11873,"date":"2025-08-18T18:45:40","date_gmt":"2025-08-18T21:45:40","guid":{"rendered":"https:\/\/aliancasocial.org\/?p=11873"},"modified":"2025-08-19T15:56:15","modified_gmt":"2025-08-19T18:56:15","slug":"curso-de-gastronomia-tem-inicio-na-vila-cuore-e-forma-novos-caminhos-de-transformacao-social","status":"publish","type":"post","link":"https:\/\/aliancasocial.org\/en\/curso-de-gastronomia-tem-inicio-na-vila-cuore-e-forma-novos-caminhos-de-transformacao-social\/","title":{"rendered":"Gastronomy course begins at Vila Cuore and forms new paths for social transformation"},"content":{"rendered":"<p>On Monday morning, <strong>August 18th<\/strong>, another class of <strong>Gastronomic Techniques Course<\/strong> from the <strong>village cuore<\/strong>, education and training center of <strong>Covenant of Mercy<\/strong>, located in the northern zone of S\u00e3o Paulo. The free training has a workload of <strong>210 hours in person<\/strong> and will be held until <strong>November 2025<\/strong>, with classes from Monday to Thursday.<\/p>\n\n\n\n<p>More than a technical course, the goal is to train people for life: many students arrive seeking a fresh start, facing unemployment, low self-esteem, or seeking an opportunity to undertake a dignified business. The experience of previous classes confirms the positive and lasting impact of the initiative.<\/p>\n\n\n\n<p><strong>Course offers complete training with practical classes and human support<\/strong><\/p>\n\n\n\n<p>The course content is divided into modules of:<\/p>\n\n\n\n<ul class=\"wp-block-list\">\n<li><strong>Gastronomic techniques<\/strong> (soups, sauces, cuts, meats, Brazilian cuisine)<\/li>\n\n\n\n<li><strong>Bakery and confectionery<\/strong><\/li>\n\n\n\n<li><strong>Human formation and values<\/strong><\/li>\n\n\n\n<li><strong>Entrepreneurship and project development<\/strong><\/li>\n\n\n\n<li><strong>Final Project and Entrepreneurship Fair<\/strong><\/li>\n<\/ul>\n\n\n\n<p>Classes are led by a team of <strong>guest chefs and experienced educators<\/strong>, which offer not only technical knowledge, but also a warm welcome and listening ear. Among the names confirmed for this edition are <strong>Maze F\u00e9lix, Al\u00ea Saddi, Adriano Gambale and Andrea Aidar<\/strong>.<\/p>\n\n\n\n<p>The course is held in a <strong>industrial kitchen model<\/strong>, with a professional structure and educational environment that promotes learning and personal development. Furthermore, students can choose <strong>10 hours of volunteering<\/strong> in the project&#039;s own kitchen, functioning as an introduction to the real internship.<\/p>\n\n\n\n<p><strong>Transformation that goes beyond the kitchen<\/strong><\/p>\n\n\n\n<p>Reports from former students confirm that the transformation goes far beyond the plate. In previous editions, many participants left the course with <strong>guaranteed employment<\/strong>, others started <strong>own business<\/strong> and some even decided <strong>pursue a career in gastronomy<\/strong>, entering technical courses and colleges.<\/p>\n\n\n\n<p>In addition to technical training, the project works to rebuild lives, promoting self-esteem, coexistence, faith, and hope. &quot;Here, people discover talents they didn&#039;t even know they had,&quot; he says. <strong>Maze Felix<\/strong>, chef and educator of the project.<\/p>\n\n\n\n<h2 class=\"wp-block-heading\">A successful partnership<\/h2>\n\n\n\n<p>We want to thank the <a href=\"https:\/\/institutobiarabinovich.org.br\/\"><strong>Bia Rabinovich Institute<\/strong><\/a> for this successful partnership that made possible not only the course, but a new stage in the lives of these students who were awakened to a new profession and, consequently, to a new step in their stories.<\/p>\n\n\n\n<p>Partnerships like this help the Alliance to go much further in its mission of restoring full dignity to so many brothers and sisters in vulnerable situations. Thank you very much!<\/p>\n\n\n\n<p><strong>Keep following and supporting<\/strong><\/p>\n\n\n\n<p>Registration for this class has now closed, but <strong>new opportunities are coming<\/strong>To keep up to date with the opening of new classes, follow the Alliance of Mercy on social media:<\/p>\n\n\n\n<p>&nbsp;<strong>Instagram:<\/strong> @cuorealianca | @aliancademisericordia<\/p>\n\n\n\n<p>And so that more people can live this transformative experience, <strong>your help is essential<\/strong>.<\/p>\n\n\n\n<p>&nbsp;<strong>Support this mission with your donation. Every contribution allows new students access to education, dignity, and a new chance.<\/strong><br><strong>Click here to donate<\/strong><\/p>","protected":false},"excerpt":{"rendered":"<p>Na manh\u00e3 desta segunda-feira, 18 de agosto, teve in\u00edcio mais uma turma do Curso de T\u00e9cnicas Gastron\u00f4micas da Vila Cuore, centro de educa\u00e7\u00e3o e forma\u00e7\u00e3o da Alian\u00e7a de Miseric\u00f3rdia, localizado na zona norte de S\u00e3o Paulo. A forma\u00e7\u00e3o gratuita tem carga hor\u00e1ria de 210 horas presenciais e ser\u00e1 realizada at\u00e9 novembro de 2025, com aulas [&hellip;]<\/p>\n","protected":false},"author":8,"featured_media":11874,"comment_status":"closed","ping_status":"closed","sticky":false,"template":"","format":"standard","meta":{"footnotes":""},"categories":[9,45],"tags":[],"destaques":[36],"class_list":["post-11873","post","type-post","status-publish","format-standard","has-post-thumbnail","hentry","category-educacao","category-empreendedorismo","destaques-destaque-01"],"yoast_head":"<!-- This site is optimized with the Yoast SEO plugin v27.4 - https:\/\/yoast.com\/product\/yoast-seo-wordpress\/ -->\n<title>Curso de Gastronomia tem in\u00edcio na Vila Cuore e forma novos caminhos de transforma\u00e7\u00e3o social - Alian\u00e7a de Miseric\u00f3rdia<\/title>\n<meta name=\"robots\" content=\"index, follow, max-snippet:-1, max-image-preview:large, max-video-preview:-1\" \/>\n<link rel=\"canonical\" href=\"https:\/\/aliancasocial.org\/en\/curso-de-gastronomia-tem-inicio-na-vila-cuore-e-forma-novos-caminhos-de-transformacao-social\/\" \/>\n<meta property=\"og:locale\" content=\"en_US\" \/>\n<meta property=\"og:type\" content=\"article\" \/>\n<meta property=\"og:title\" content=\"Curso de Gastronomia tem in\u00edcio na Vila Cuore e forma novos caminhos de transforma\u00e7\u00e3o social - Alian\u00e7a de Miseric\u00f3rdia\" \/>\n<meta property=\"og:description\" content=\"Na manh\u00e3 desta segunda-feira, 18 de agosto, teve in\u00edcio mais uma turma do Curso de T\u00e9cnicas Gastron\u00f4micas da Vila Cuore, centro de educa\u00e7\u00e3o e forma\u00e7\u00e3o da Alian\u00e7a de Miseric\u00f3rdia, localizado na zona norte de S\u00e3o Paulo. A forma\u00e7\u00e3o gratuita tem carga hor\u00e1ria de 210 horas presenciais e ser\u00e1 realizada at\u00e9 novembro de 2025, com aulas [&hellip;]\" \/>\n<meta property=\"og:url\" content=\"https:\/\/aliancasocial.org\/en\/curso-de-gastronomia-tem-inicio-na-vila-cuore-e-forma-novos-caminhos-de-transformacao-social\/\" \/>\n<meta property=\"og:site_name\" content=\"Alian\u00e7a de Miseric\u00f3rdia\" \/>\n<meta property=\"article:publisher\" content=\"https:\/\/www.facebook.com\/iesmisericordia\/\" \/>\n<meta property=\"article:published_time\" content=\"2025-08-18T21:45:40+00:00\" \/>\n<meta property=\"article:modified_time\" content=\"2025-08-19T18:56:15+00:00\" \/>\n<meta property=\"og:image\" content=\"https:\/\/aliancasocial.org\/wp-content\/uploads\/2025\/08\/WhatsApp-Image-2025-08-18-at-16.04.51-scaled.jpeg\" \/>\n\t<meta property=\"og:image:width\" content=\"2560\" \/>\n\t<meta property=\"og:image:height\" content=\"1920\" \/>\n\t<meta property=\"og:image:type\" content=\"image\/jpeg\" \/>\n<meta name=\"author\" content=\"Fernanda Monzambani\" \/>\n<meta name=\"twitter:card\" content=\"summary_large_image\" \/>\n<meta name=\"twitter:label1\" content=\"Written by\" \/>\n\t<meta name=\"twitter:data1\" content=\"Fernanda Monzambani\" \/>\n\t<meta name=\"twitter:label2\" content=\"Est. reading time\" \/>\n\t<meta name=\"twitter:data2\" content=\"3 minutes\" \/>\n<script type=\"application\/ld+json\" class=\"yoast-schema-graph\">{\"@context\":\"https:\\\/\\\/schema.org\",\"@graph\":[{\"@type\":\"Article\",\"@id\":\"https:\\\/\\\/aliancasocial.org\\\/curso-de-gastronomia-tem-inicio-na-vila-cuore-e-forma-novos-caminhos-de-transformacao-social\\\/#article\",\"isPartOf\":{\"@id\":\"https:\\\/\\\/aliancasocial.org\\\/curso-de-gastronomia-tem-inicio-na-vila-cuore-e-forma-novos-caminhos-de-transformacao-social\\\/\"},\"author\":{\"name\":\"Fernanda Monzambani\",\"@id\":\"https:\\\/\\\/aliancasocial.org\\\/#\\\/schema\\\/person\\\/73a690df527bfd7df78ba35714ff67d4\"},\"headline\":\"Curso de Gastronomia tem in\u00edcio na Vila Cuore e forma novos caminhos de transforma\u00e7\u00e3o social\",\"datePublished\":\"2025-08-18T21:45:40+00:00\",\"dateModified\":\"2025-08-19T18:56:15+00:00\",\"mainEntityOfPage\":{\"@id\":\"https:\\\/\\\/aliancasocial.org\\\/curso-de-gastronomia-tem-inicio-na-vila-cuore-e-forma-novos-caminhos-de-transformacao-social\\\/\"},\"wordCount\":552,\"publisher\":{\"@id\":\"https:\\\/\\\/aliancasocial.org\\\/#organization\"},\"image\":{\"@id\":\"https:\\\/\\\/aliancasocial.org\\\/curso-de-gastronomia-tem-inicio-na-vila-cuore-e-forma-novos-caminhos-de-transformacao-social\\\/#primaryimage\"},\"thumbnailUrl\":\"https:\\\/\\\/aliancasocial.org\\\/wp-content\\\/uploads\\\/2025\\\/08\\\/WhatsApp-Image-2025-08-18-at-16.04.51-scaled.jpeg\",\"articleSection\":[\"Educa\u00e7\u00e3o\",\"Empreendedorismo\"],\"inLanguage\":\"en-US\"},{\"@type\":\"WebPage\",\"@id\":\"https:\\\/\\\/aliancasocial.org\\\/curso-de-gastronomia-tem-inicio-na-vila-cuore-e-forma-novos-caminhos-de-transformacao-social\\\/\",\"url\":\"https:\\\/\\\/aliancasocial.org\\\/curso-de-gastronomia-tem-inicio-na-vila-cuore-e-forma-novos-caminhos-de-transformacao-social\\\/\",\"name\":\"Curso de Gastronomia tem in\u00edcio na Vila Cuore e forma novos caminhos de transforma\u00e7\u00e3o social - Alian\u00e7a de Miseric\u00f3rdia\",\"isPartOf\":{\"@id\":\"https:\\\/\\\/aliancasocial.org\\\/#website\"},\"primaryImageOfPage\":{\"@id\":\"https:\\\/\\\/aliancasocial.org\\\/curso-de-gastronomia-tem-inicio-na-vila-cuore-e-forma-novos-caminhos-de-transformacao-social\\\/#primaryimage\"},\"image\":{\"@id\":\"https:\\\/\\\/aliancasocial.org\\\/curso-de-gastronomia-tem-inicio-na-vila-cuore-e-forma-novos-caminhos-de-transformacao-social\\\/#primaryimage\"},\"thumbnailUrl\":\"https:\\\/\\\/aliancasocial.org\\\/wp-content\\\/uploads\\\/2025\\\/08\\\/WhatsApp-Image-2025-08-18-at-16.04.51-scaled.jpeg\",\"datePublished\":\"2025-08-18T21:45:40+00:00\",\"dateModified\":\"2025-08-19T18:56:15+00:00\",\"breadcrumb\":{\"@id\":\"https:\\\/\\\/aliancasocial.org\\\/curso-de-gastronomia-tem-inicio-na-vila-cuore-e-forma-novos-caminhos-de-transformacao-social\\\/#breadcrumb\"},\"inLanguage\":\"en-US\",\"potentialAction\":[{\"@type\":\"ReadAction\",\"target\":[\"https:\\\/\\\/aliancasocial.org\\\/curso-de-gastronomia-tem-inicio-na-vila-cuore-e-forma-novos-caminhos-de-transformacao-social\\\/\"]}]},{\"@type\":\"ImageObject\",\"inLanguage\":\"en-US\",\"@id\":\"https:\\\/\\\/aliancasocial.org\\\/curso-de-gastronomia-tem-inicio-na-vila-cuore-e-forma-novos-caminhos-de-transformacao-social\\\/#primaryimage\",\"url\":\"https:\\\/\\\/aliancasocial.org\\\/wp-content\\\/uploads\\\/2025\\\/08\\\/WhatsApp-Image-2025-08-18-at-16.04.51-scaled.jpeg\",\"contentUrl\":\"https:\\\/\\\/aliancasocial.org\\\/wp-content\\\/uploads\\\/2025\\\/08\\\/WhatsApp-Image-2025-08-18-at-16.04.51-scaled.jpeg\",\"width\":2560,\"height\":1920},{\"@type\":\"BreadcrumbList\",\"@id\":\"https:\\\/\\\/aliancasocial.org\\\/curso-de-gastronomia-tem-inicio-na-vila-cuore-e-forma-novos-caminhos-de-transformacao-social\\\/#breadcrumb\",\"itemListElement\":[{\"@type\":\"ListItem\",\"position\":1,\"name\":\"In\u00edcio\",\"item\":\"https:\\\/\\\/aliancasocial.org\\\/en\\\/\"},{\"@type\":\"ListItem\",\"position\":2,\"name\":\"Curso de Gastronomia tem in\u00edcio na Vila Cuore e forma novos caminhos de transforma\u00e7\u00e3o social\"}]},{\"@type\":\"WebSite\",\"@id\":\"https:\\\/\\\/aliancasocial.org\\\/#website\",\"url\":\"https:\\\/\\\/aliancasocial.org\\\/\",\"name\":\"Alian\u00e7a de Miseric\u00f3rdia\",\"description\":\"Levando dignidade humana a todos os cantos do mundo\",\"publisher\":{\"@id\":\"https:\\\/\\\/aliancasocial.org\\\/#organization\"},\"potentialAction\":[{\"@type\":\"SearchAction\",\"target\":{\"@type\":\"EntryPoint\",\"urlTemplate\":\"https:\\\/\\\/aliancasocial.org\\\/?s={search_term_string}\"},\"query-input\":{\"@type\":\"PropertyValueSpecification\",\"valueRequired\":true,\"valueName\":\"search_term_string\"}}],\"inLanguage\":\"en-US\"},{\"@type\":\"Organization\",\"@id\":\"https:\\\/\\\/aliancasocial.org\\\/#organization\",\"name\":\"Alian\u00e7a de Miseric\u00f3rdia\",\"url\":\"https:\\\/\\\/aliancasocial.org\\\/\",\"logo\":{\"@type\":\"ImageObject\",\"inLanguage\":\"en-US\",\"@id\":\"https:\\\/\\\/aliancasocial.org\\\/#\\\/schema\\\/logo\\\/image\\\/\",\"url\":\"https:\\\/\\\/aliancasocial.org\\\/wp-content\\\/uploads\\\/2022\\\/07\\\/logo-alianca-marrom.svg\",\"contentUrl\":\"https:\\\/\\\/aliancasocial.org\\\/wp-content\\\/uploads\\\/2022\\\/07\\\/logo-alianca-marrom.svg\",\"width\":91,\"height\":33,\"caption\":\"Alian\u00e7a de Miseric\u00f3rdia\"},\"image\":{\"@id\":\"https:\\\/\\\/aliancasocial.org\\\/#\\\/schema\\\/logo\\\/image\\\/\"},\"sameAs\":[\"https:\\\/\\\/www.facebook.com\\\/iesmisericordia\\\/\",\"https:\\\/\\\/www.instagram.com\\\/aliancademisericordia\\\/\"]},{\"@type\":\"Person\",\"@id\":\"https:\\\/\\\/aliancasocial.org\\\/#\\\/schema\\\/person\\\/73a690df527bfd7df78ba35714ff67d4\",\"name\":\"Fernanda Monzambani\",\"image\":{\"@type\":\"ImageObject\",\"inLanguage\":\"en-US\",\"@id\":\"https:\\\/\\\/secure.gravatar.com\\\/avatar\\\/aa6d89063e21cd9638051b6cd0602c108d4b79b0898534c712d68409f7e5b64c?s=96&d=mm&r=g\",\"url\":\"https:\\\/\\\/secure.gravatar.com\\\/avatar\\\/aa6d89063e21cd9638051b6cd0602c108d4b79b0898534c712d68409f7e5b64c?s=96&d=mm&r=g\",\"contentUrl\":\"https:\\\/\\\/secure.gravatar.com\\\/avatar\\\/aa6d89063e21cd9638051b6cd0602c108d4b79b0898534c712d68409f7e5b64c?s=96&d=mm&r=g\",\"caption\":\"Fernanda Monzambani\"},\"url\":\"https:\\\/\\\/aliancasocial.org\\\/en\\\/author\\\/fernanda\\\/\"}]}<\/script>\n<!-- \/ Yoast SEO plugin. -->","yoast_head_json":{"title":"Curso de Gastronomia tem in\u00edcio na Vila Cuore e forma novos caminhos de transforma\u00e7\u00e3o social - Alian\u00e7a de Miseric\u00f3rdia","robots":{"index":"index","follow":"follow","max-snippet":"max-snippet:-1","max-image-preview":"max-image-preview:large","max-video-preview":"max-video-preview:-1"},"canonical":"https:\/\/aliancasocial.org\/en\/curso-de-gastronomia-tem-inicio-na-vila-cuore-e-forma-novos-caminhos-de-transformacao-social\/","og_locale":"en_US","og_type":"article","og_title":"Curso de Gastronomia tem in\u00edcio na Vila Cuore e forma novos caminhos de transforma\u00e7\u00e3o social - Alian\u00e7a de Miseric\u00f3rdia","og_description":"Na manh\u00e3 desta segunda-feira, 18 de agosto, teve in\u00edcio mais uma turma do Curso de T\u00e9cnicas Gastron\u00f4micas da Vila Cuore, centro de educa\u00e7\u00e3o e forma\u00e7\u00e3o da Alian\u00e7a de Miseric\u00f3rdia, localizado na zona norte de S\u00e3o Paulo. A forma\u00e7\u00e3o gratuita tem carga hor\u00e1ria de 210 horas presenciais e ser\u00e1 realizada at\u00e9 novembro de 2025, com aulas [&hellip;]","og_url":"https:\/\/aliancasocial.org\/en\/curso-de-gastronomia-tem-inicio-na-vila-cuore-e-forma-novos-caminhos-de-transformacao-social\/","og_site_name":"Alian\u00e7a de Miseric\u00f3rdia","article_publisher":"https:\/\/www.facebook.com\/iesmisericordia\/","article_published_time":"2025-08-18T21:45:40+00:00","article_modified_time":"2025-08-19T18:56:15+00:00","og_image":[{"width":2560,"height":1920,"url":"https:\/\/aliancasocial.org\/wp-content\/uploads\/2025\/08\/WhatsApp-Image-2025-08-18-at-16.04.51-scaled.jpeg","type":"image\/jpeg"}],"author":"Fernanda Monzambani","twitter_card":"summary_large_image","twitter_misc":{"Written by":"Fernanda Monzambani","Est. reading time":"3 minutes"},"schema":{"@context":"https:\/\/schema.org","@graph":[{"@type":"Article","@id":"https:\/\/aliancasocial.org\/curso-de-gastronomia-tem-inicio-na-vila-cuore-e-forma-novos-caminhos-de-transformacao-social\/#article","isPartOf":{"@id":"https:\/\/aliancasocial.org\/curso-de-gastronomia-tem-inicio-na-vila-cuore-e-forma-novos-caminhos-de-transformacao-social\/"},"author":{"name":"Fernanda Monzambani","@id":"https:\/\/aliancasocial.org\/#\/schema\/person\/73a690df527bfd7df78ba35714ff67d4"},"headline":"Curso de Gastronomia tem in\u00edcio na Vila Cuore e forma novos caminhos de transforma\u00e7\u00e3o social","datePublished":"2025-08-18T21:45:40+00:00","dateModified":"2025-08-19T18:56:15+00:00","mainEntityOfPage":{"@id":"https:\/\/aliancasocial.org\/curso-de-gastronomia-tem-inicio-na-vila-cuore-e-forma-novos-caminhos-de-transformacao-social\/"},"wordCount":552,"publisher":{"@id":"https:\/\/aliancasocial.org\/#organization"},"image":{"@id":"https:\/\/aliancasocial.org\/curso-de-gastronomia-tem-inicio-na-vila-cuore-e-forma-novos-caminhos-de-transformacao-social\/#primaryimage"},"thumbnailUrl":"https:\/\/aliancasocial.org\/wp-content\/uploads\/2025\/08\/WhatsApp-Image-2025-08-18-at-16.04.51-scaled.jpeg","articleSection":["Educa\u00e7\u00e3o","Empreendedorismo"],"inLanguage":"en-US"},{"@type":"WebPage","@id":"https:\/\/aliancasocial.org\/curso-de-gastronomia-tem-inicio-na-vila-cuore-e-forma-novos-caminhos-de-transformacao-social\/","url":"https:\/\/aliancasocial.org\/curso-de-gastronomia-tem-inicio-na-vila-cuore-e-forma-novos-caminhos-de-transformacao-social\/","name":"Curso de Gastronomia tem in\u00edcio na Vila Cuore e forma novos caminhos de transforma\u00e7\u00e3o social - Alian\u00e7a de Miseric\u00f3rdia","isPartOf":{"@id":"https:\/\/aliancasocial.org\/#website"},"primaryImageOfPage":{"@id":"https:\/\/aliancasocial.org\/curso-de-gastronomia-tem-inicio-na-vila-cuore-e-forma-novos-caminhos-de-transformacao-social\/#primaryimage"},"image":{"@id":"https:\/\/aliancasocial.org\/curso-de-gastronomia-tem-inicio-na-vila-cuore-e-forma-novos-caminhos-de-transformacao-social\/#primaryimage"},"thumbnailUrl":"https:\/\/aliancasocial.org\/wp-content\/uploads\/2025\/08\/WhatsApp-Image-2025-08-18-at-16.04.51-scaled.jpeg","datePublished":"2025-08-18T21:45:40+00:00","dateModified":"2025-08-19T18:56:15+00:00","breadcrumb":{"@id":"https:\/\/aliancasocial.org\/curso-de-gastronomia-tem-inicio-na-vila-cuore-e-forma-novos-caminhos-de-transformacao-social\/#breadcrumb"},"inLanguage":"en-US","potentialAction":[{"@type":"ReadAction","target":["https:\/\/aliancasocial.org\/curso-de-gastronomia-tem-inicio-na-vila-cuore-e-forma-novos-caminhos-de-transformacao-social\/"]}]},{"@type":"ImageObject","inLanguage":"en-US","@id":"https:\/\/aliancasocial.org\/curso-de-gastronomia-tem-inicio-na-vila-cuore-e-forma-novos-caminhos-de-transformacao-social\/#primaryimage","url":"https:\/\/aliancasocial.org\/wp-content\/uploads\/2025\/08\/WhatsApp-Image-2025-08-18-at-16.04.51-scaled.jpeg","contentUrl":"https:\/\/aliancasocial.org\/wp-content\/uploads\/2025\/08\/WhatsApp-Image-2025-08-18-at-16.04.51-scaled.jpeg","width":2560,"height":1920},{"@type":"BreadcrumbList","@id":"https:\/\/aliancasocial.org\/curso-de-gastronomia-tem-inicio-na-vila-cuore-e-forma-novos-caminhos-de-transformacao-social\/#breadcrumb","itemListElement":[{"@type":"ListItem","position":1,"name":"In\u00edcio","item":"https:\/\/aliancasocial.org\/en\/"},{"@type":"ListItem","position":2,"name":"Curso de Gastronomia tem in\u00edcio na Vila Cuore e forma novos caminhos de transforma\u00e7\u00e3o social"}]},{"@type":"WebSite","@id":"https:\/\/aliancasocial.org\/#website","url":"https:\/\/aliancasocial.org\/","name":"Covenant of Mercy","description":"Bringing human dignity to every corner of the world","publisher":{"@id":"https:\/\/aliancasocial.org\/#organization"},"potentialAction":[{"@type":"SearchAction","target":{"@type":"EntryPoint","urlTemplate":"https:\/\/aliancasocial.org\/?s={search_term_string}"},"query-input":{"@type":"PropertyValueSpecification","valueRequired":true,"valueName":"search_term_string"}}],"inLanguage":"en-US"},{"@type":"Organization","@id":"https:\/\/aliancasocial.org\/#organization","name":"Covenant of Mercy","url":"https:\/\/aliancasocial.org\/","logo":{"@type":"ImageObject","inLanguage":"en-US","@id":"https:\/\/aliancasocial.org\/#\/schema\/logo\/image\/","url":"https:\/\/aliancasocial.org\/wp-content\/uploads\/2022\/07\/logo-alianca-marrom.svg","contentUrl":"https:\/\/aliancasocial.org\/wp-content\/uploads\/2022\/07\/logo-alianca-marrom.svg","width":91,"height":33,"caption":"Alian\u00e7a de Miseric\u00f3rdia"},"image":{"@id":"https:\/\/aliancasocial.org\/#\/schema\/logo\/image\/"},"sameAs":["https:\/\/www.facebook.com\/iesmisericordia\/","https:\/\/www.instagram.com\/aliancademisericordia\/"]},{"@type":"Person","@id":"https:\/\/aliancasocial.org\/#\/schema\/person\/73a690df527bfd7df78ba35714ff67d4","name":"Fernanda Monzambani","image":{"@type":"ImageObject","inLanguage":"en-US","@id":"https:\/\/secure.gravatar.com\/avatar\/aa6d89063e21cd9638051b6cd0602c108d4b79b0898534c712d68409f7e5b64c?s=96&d=mm&r=g","url":"https:\/\/secure.gravatar.com\/avatar\/aa6d89063e21cd9638051b6cd0602c108d4b79b0898534c712d68409f7e5b64c?s=96&d=mm&r=g","contentUrl":"https:\/\/secure.gravatar.com\/avatar\/aa6d89063e21cd9638051b6cd0602c108d4b79b0898534c712d68409f7e5b64c?s=96&d=mm&r=g","caption":"Fernanda Monzambani"},"url":"https:\/\/aliancasocial.org\/en\/author\/fernanda\/"}]}},"_links":{"self":[{"href":"https:\/\/aliancasocial.org\/en\/wp-json\/wp\/v2\/posts\/11873","targetHints":{"allow":["GET"]}}],"collection":[{"href":"https:\/\/aliancasocial.org\/en\/wp-json\/wp\/v2\/posts"}],"about":[{"href":"https:\/\/aliancasocial.org\/en\/wp-json\/wp\/v2\/types\/post"}],"author":[{"embeddable":true,"href":"https:\/\/aliancasocial.org\/en\/wp-json\/wp\/v2\/users\/8"}],"replies":[{"embeddable":true,"href":"https:\/\/aliancasocial.org\/en\/wp-json\/wp\/v2\/comments?post=11873"}],"version-history":[{"count":2,"href":"https:\/\/aliancasocial.org\/en\/wp-json\/wp\/v2\/posts\/11873\/revisions"}],"predecessor-version":[{"id":11876,"href":"https:\/\/aliancasocial.org\/en\/wp-json\/wp\/v2\/posts\/11873\/revisions\/11876"}],"wp:featuredmedia":[{"embeddable":true,"href":"https:\/\/aliancasocial.org\/en\/wp-json\/wp\/v2\/media\/11874"}],"wp:attachment":[{"href":"https:\/\/aliancasocial.org\/en\/wp-json\/wp\/v2\/media?parent=11873"}],"wp:term":[{"taxonomy":"category","embeddable":true,"href":"https:\/\/aliancasocial.org\/en\/wp-json\/wp\/v2\/categories?post=11873"},{"taxonomy":"post_tag","embeddable":true,"href":"https:\/\/aliancasocial.org\/en\/wp-json\/wp\/v2\/tags?post=11873"},{"taxonomy":"destaques","embeddable":true,"href":"https:\/\/aliancasocial.org\/en\/wp-json\/wp\/v2\/destaques?post=11873"}],"curies":[{"name":"wp","href":"https:\/\/api.w.org\/{rel}","templated":true}]}}