{"id":11877,"date":"2025-08-19T17:27:20","date_gmt":"2025-08-19T20:27:20","guid":{"rendered":"https:\/\/aliancasocial.org\/?p=11877"},"modified":"2025-08-19T17:28:37","modified_gmt":"2025-08-19T20:28:37","slug":"jantar-beneficente-no-terraco-italia-celebra-os-25-anos-da-alianca-de-misericordia","status":"publish","type":"post","link":"https:\/\/aliancasocial.org\/en\/jantar-beneficente-no-terraco-italia-celebra-os-25-anos-da-alianca-de-misericordia\/","title":{"rendered":"Charity dinner at Terra\u00e7o It\u00e1lia celebrates 25 years of the Alliance of Mercy"},"content":{"rendered":"<p>On August 14th, the Alliance of Mercy celebrated with great joy its <strong>25 years of mission and evangelization<\/strong> common <strong>charity dinner at Terra\u00e7o It\u00e1lia<\/strong>, in S\u00e3o Paulo. The event, marked by moments of sharing, tributes and testimonies, brought together around 120 guests and was hosted by the couple <strong>Ana Lucia and Sergio Comolatti<\/strong>, great benefactors of the Alliance since its founding.<\/p>\n\n\n\n<p>The Comolatti couple were remembered with affection and gratitude for their generous \u201cyes\u201d given back in <strong>December 1999<\/strong>, when <strong>Father Antonello<\/strong> He sought them out even before the official founding of the Alliance of Mercy. Since then, his faithfulness and constant support have been fundamental to the growth of the mission, especially in the evangelization of the poor and the restoration of human dignity.<\/p>\n\n\n\n<p>During dinner, a <strong>special tribute to both<\/strong>, recognizing the fruits generated from that yes: the transformed lives and concrete charitable actions that continue to impact Brazil.<\/p>\n\n\n\n<p><strong>Testimony of transformation: Cicero<\/strong><\/p>\n\n\n\n<p>One of the most moving moments of the night was the testimony of <strong>Cicero<\/strong>, one of the living fruits of the Alliance&#039;s work. Formerly homeless, Cicero was welcomed by the Alliance of Mercy and had his life transformed. After a process of personal restoration, he became a chef and completed a gastronomic specialization with the support of the space. <strong>village cuore<\/strong>.<\/p>\n\n\n\n<p>Today, Cicero acts as <strong>cook at Casa Restaura-me<\/strong>, preparing 450 meals daily for those assisted.<br><br><a href=\"https:\/\/aliancasocial.org\/en\/projetos\/pessoas-em-situacao-de-rua\/\">DISCOVER THE WORK OF THE RESTORE ME HOUSE HERE!<\/a><\/p>\n\n\n\n<p>At the charity dinner, he had the honor of <strong>advise Chef Pasquale<\/strong>, from Terra\u00e7o It\u00e1lia, preparing the evening&#039;s menu. A video of his testimony was shown, moving those present and reinforcing the concrete impact of evangelization through charity.<\/p>\n\n\n\n<p><strong>Memory and gratitude<\/strong><\/p>\n\n\n\n<p>In addition to the testimonies, <strong>Father Henry<\/strong> It is <strong>Dede Martelli <\/strong>They shared a little of the Alliance&#039;s history, highlighting the important milestones of this evangelizing journey that unites spirituality, human promotion and mercy.<\/p>\n\n\n\n<p>The charity dinner was more than a celebration: it was a moment of <strong>thanksgiving for 25 years of mission<\/strong> and an invitation to continue sowing the love of God, especially among those who are often forgotten by society.<\/p>\n\n\n\n<p><a href=\"https:\/\/misericordia.doardigital.com.br\/doacao\">Help the Alliance continue its important work of restoring lives, donate now!<\/a><\/p>\n\n\n\n<p><\/p>","protected":false},"excerpt":{"rendered":"<p>No dia 14 de agosto, a Alian\u00e7a de Miseric\u00f3rdia celebrou com grande alegria seus 25 anos de miss\u00e3o e evangeliza\u00e7\u00e3o com um jantar beneficente no Terra\u00e7o It\u00e1lia, em S\u00e3o Paulo. O evento, marcado por momentos de partilha, homenagens e testemunhos, reuniu cerca de 120 convidados e teve como anfitri\u00f5es o casal Ana Lucia e S\u00e9rgio [&hellip;]<\/p>\n","protected":false},"author":8,"featured_media":11878,"comment_status":"closed","ping_status":"closed","sticky":false,"template":"","format":"standard","meta":{"footnotes":""},"categories":[1],"tags":[],"destaques":[37],"class_list":["post-11877","post","type-post","status-publish","format-standard","has-post-thumbnail","hentry","category-sem-categoria","destaques-destaque-02"],"yoast_head":"<!-- This site is optimized with the Yoast SEO plugin v27.4 - https:\/\/yoast.com\/product\/yoast-seo-wordpress\/ -->\n<title>Jantar beneficente no Terra\u00e7o It\u00e1lia celebra os 25 Anos da Alian\u00e7a de Miseric\u00f3rdia - Alian\u00e7a de Miseric\u00f3rdia<\/title>\n<meta name=\"robots\" content=\"index, follow, max-snippet:-1, max-image-preview:large, max-video-preview:-1\" \/>\n<link rel=\"canonical\" href=\"https:\/\/aliancasocial.org\/en\/jantar-beneficente-no-terraco-italia-celebra-os-25-anos-da-alianca-de-misericordia\/\" \/>\n<meta property=\"og:locale\" content=\"en_US\" \/>\n<meta property=\"og:type\" content=\"article\" \/>\n<meta property=\"og:title\" content=\"Jantar beneficente no Terra\u00e7o It\u00e1lia celebra os 25 Anos da Alian\u00e7a de Miseric\u00f3rdia - Alian\u00e7a de Miseric\u00f3rdia\" \/>\n<meta property=\"og:description\" content=\"No dia 14 de agosto, a Alian\u00e7a de Miseric\u00f3rdia celebrou com grande alegria seus 25 anos de miss\u00e3o e evangeliza\u00e7\u00e3o com um jantar beneficente no Terra\u00e7o It\u00e1lia, em S\u00e3o Paulo. O evento, marcado por momentos de partilha, homenagens e testemunhos, reuniu cerca de 120 convidados e teve como anfitri\u00f5es o casal Ana Lucia e S\u00e9rgio [&hellip;]\" \/>\n<meta property=\"og:url\" content=\"https:\/\/aliancasocial.org\/en\/jantar-beneficente-no-terraco-italia-celebra-os-25-anos-da-alianca-de-misericordia\/\" \/>\n<meta property=\"og:site_name\" content=\"Alian\u00e7a de Miseric\u00f3rdia\" \/>\n<meta property=\"article:publisher\" content=\"https:\/\/www.facebook.com\/iesmisericordia\/\" \/>\n<meta property=\"article:published_time\" content=\"2025-08-19T20:27:20+00:00\" \/>\n<meta property=\"article:modified_time\" content=\"2025-08-19T20:28:37+00:00\" \/>\n<meta property=\"og:image\" content=\"https:\/\/aliancasocial.org\/wp-content\/uploads\/2025\/08\/WhatsApp-Image-2025-08-18-at-16.40.27.jpeg\" \/>\n\t<meta property=\"og:image:width\" content=\"1200\" \/>\n\t<meta property=\"og:image:height\" content=\"1600\" \/>\n\t<meta property=\"og:image:type\" content=\"image\/jpeg\" \/>\n<meta name=\"author\" content=\"Fernanda Monzambani\" \/>\n<meta name=\"twitter:card\" content=\"summary_large_image\" \/>\n<meta name=\"twitter:label1\" content=\"Written by\" \/>\n\t<meta name=\"twitter:data1\" content=\"Fernanda Monzambani\" \/>\n\t<meta name=\"twitter:label2\" content=\"Est. reading time\" \/>\n\t<meta name=\"twitter:data2\" content=\"3 minutes\" \/>\n<script type=\"application\/ld+json\" class=\"yoast-schema-graph\">{\"@context\":\"https:\\\/\\\/schema.org\",\"@graph\":[{\"@type\":\"Article\",\"@id\":\"https:\\\/\\\/aliancasocial.org\\\/jantar-beneficente-no-terraco-italia-celebra-os-25-anos-da-alianca-de-misericordia\\\/#article\",\"isPartOf\":{\"@id\":\"https:\\\/\\\/aliancasocial.org\\\/jantar-beneficente-no-terraco-italia-celebra-os-25-anos-da-alianca-de-misericordia\\\/\"},\"author\":{\"name\":\"Fernanda Monzambani\",\"@id\":\"https:\\\/\\\/aliancasocial.org\\\/#\\\/schema\\\/person\\\/73a690df527bfd7df78ba35714ff67d4\"},\"headline\":\"Jantar beneficente no Terra\u00e7o It\u00e1lia celebra os 25 Anos da Alian\u00e7a de Miseric\u00f3rdia\",\"datePublished\":\"2025-08-19T20:27:20+00:00\",\"dateModified\":\"2025-08-19T20:28:37+00:00\",\"mainEntityOfPage\":{\"@id\":\"https:\\\/\\\/aliancasocial.org\\\/jantar-beneficente-no-terraco-italia-celebra-os-25-anos-da-alianca-de-misericordia\\\/\"},\"wordCount\":433,\"publisher\":{\"@id\":\"https:\\\/\\\/aliancasocial.org\\\/#organization\"},\"image\":{\"@id\":\"https:\\\/\\\/aliancasocial.org\\\/jantar-beneficente-no-terraco-italia-celebra-os-25-anos-da-alianca-de-misericordia\\\/#primaryimage\"},\"thumbnailUrl\":\"https:\\\/\\\/aliancasocial.org\\\/wp-content\\\/uploads\\\/2025\\\/08\\\/WhatsApp-Image-2025-08-18-at-16.40.27.jpeg\",\"articleSection\":[\"Sem Categoria\"],\"inLanguage\":\"en-US\"},{\"@type\":\"WebPage\",\"@id\":\"https:\\\/\\\/aliancasocial.org\\\/jantar-beneficente-no-terraco-italia-celebra-os-25-anos-da-alianca-de-misericordia\\\/\",\"url\":\"https:\\\/\\\/aliancasocial.org\\\/jantar-beneficente-no-terraco-italia-celebra-os-25-anos-da-alianca-de-misericordia\\\/\",\"name\":\"Jantar beneficente no Terra\u00e7o It\u00e1lia celebra os 25 Anos da Alian\u00e7a de Miseric\u00f3rdia - Alian\u00e7a de Miseric\u00f3rdia\",\"isPartOf\":{\"@id\":\"https:\\\/\\\/aliancasocial.org\\\/#website\"},\"primaryImageOfPage\":{\"@id\":\"https:\\\/\\\/aliancasocial.org\\\/jantar-beneficente-no-terraco-italia-celebra-os-25-anos-da-alianca-de-misericordia\\\/#primaryimage\"},\"image\":{\"@id\":\"https:\\\/\\\/aliancasocial.org\\\/jantar-beneficente-no-terraco-italia-celebra-os-25-anos-da-alianca-de-misericordia\\\/#primaryimage\"},\"thumbnailUrl\":\"https:\\\/\\\/aliancasocial.org\\\/wp-content\\\/uploads\\\/2025\\\/08\\\/WhatsApp-Image-2025-08-18-at-16.40.27.jpeg\",\"datePublished\":\"2025-08-19T20:27:20+00:00\",\"dateModified\":\"2025-08-19T20:28:37+00:00\",\"breadcrumb\":{\"@id\":\"https:\\\/\\\/aliancasocial.org\\\/jantar-beneficente-no-terraco-italia-celebra-os-25-anos-da-alianca-de-misericordia\\\/#breadcrumb\"},\"inLanguage\":\"en-US\",\"potentialAction\":[{\"@type\":\"ReadAction\",\"target\":[\"https:\\\/\\\/aliancasocial.org\\\/jantar-beneficente-no-terraco-italia-celebra-os-25-anos-da-alianca-de-misericordia\\\/\"]}]},{\"@type\":\"ImageObject\",\"inLanguage\":\"en-US\",\"@id\":\"https:\\\/\\\/aliancasocial.org\\\/jantar-beneficente-no-terraco-italia-celebra-os-25-anos-da-alianca-de-misericordia\\\/#primaryimage\",\"url\":\"https:\\\/\\\/aliancasocial.org\\\/wp-content\\\/uploads\\\/2025\\\/08\\\/WhatsApp-Image-2025-08-18-at-16.40.27.jpeg\",\"contentUrl\":\"https:\\\/\\\/aliancasocial.org\\\/wp-content\\\/uploads\\\/2025\\\/08\\\/WhatsApp-Image-2025-08-18-at-16.40.27.jpeg\",\"width\":1200,\"height\":1600},{\"@type\":\"BreadcrumbList\",\"@id\":\"https:\\\/\\\/aliancasocial.org\\\/jantar-beneficente-no-terraco-italia-celebra-os-25-anos-da-alianca-de-misericordia\\\/#breadcrumb\",\"itemListElement\":[{\"@type\":\"ListItem\",\"position\":1,\"name\":\"In\u00edcio\",\"item\":\"https:\\\/\\\/aliancasocial.org\\\/en\\\/\"},{\"@type\":\"ListItem\",\"position\":2,\"name\":\"Jantar beneficente no Terra\u00e7o It\u00e1lia celebra os 25 Anos da Alian\u00e7a de Miseric\u00f3rdia\"}]},{\"@type\":\"WebSite\",\"@id\":\"https:\\\/\\\/aliancasocial.org\\\/#website\",\"url\":\"https:\\\/\\\/aliancasocial.org\\\/\",\"name\":\"Alian\u00e7a de Miseric\u00f3rdia\",\"description\":\"Levando dignidade humana a todos os cantos do mundo\",\"publisher\":{\"@id\":\"https:\\\/\\\/aliancasocial.org\\\/#organization\"},\"potentialAction\":[{\"@type\":\"SearchAction\",\"target\":{\"@type\":\"EntryPoint\",\"urlTemplate\":\"https:\\\/\\\/aliancasocial.org\\\/?s={search_term_string}\"},\"query-input\":{\"@type\":\"PropertyValueSpecification\",\"valueRequired\":true,\"valueName\":\"search_term_string\"}}],\"inLanguage\":\"en-US\"},{\"@type\":\"Organization\",\"@id\":\"https:\\\/\\\/aliancasocial.org\\\/#organization\",\"name\":\"Alian\u00e7a de Miseric\u00f3rdia\",\"url\":\"https:\\\/\\\/aliancasocial.org\\\/\",\"logo\":{\"@type\":\"ImageObject\",\"inLanguage\":\"en-US\",\"@id\":\"https:\\\/\\\/aliancasocial.org\\\/#\\\/schema\\\/logo\\\/image\\\/\",\"url\":\"https:\\\/\\\/aliancasocial.org\\\/wp-content\\\/uploads\\\/2022\\\/07\\\/logo-alianca-marrom.svg\",\"contentUrl\":\"https:\\\/\\\/aliancasocial.org\\\/wp-content\\\/uploads\\\/2022\\\/07\\\/logo-alianca-marrom.svg\",\"width\":91,\"height\":33,\"caption\":\"Alian\u00e7a de Miseric\u00f3rdia\"},\"image\":{\"@id\":\"https:\\\/\\\/aliancasocial.org\\\/#\\\/schema\\\/logo\\\/image\\\/\"},\"sameAs\":[\"https:\\\/\\\/www.facebook.com\\\/iesmisericordia\\\/\",\"https:\\\/\\\/www.instagram.com\\\/aliancademisericordia\\\/\"]},{\"@type\":\"Person\",\"@id\":\"https:\\\/\\\/aliancasocial.org\\\/#\\\/schema\\\/person\\\/73a690df527bfd7df78ba35714ff67d4\",\"name\":\"Fernanda Monzambani\",\"image\":{\"@type\":\"ImageObject\",\"inLanguage\":\"en-US\",\"@id\":\"https:\\\/\\\/secure.gravatar.com\\\/avatar\\\/aa6d89063e21cd9638051b6cd0602c108d4b79b0898534c712d68409f7e5b64c?s=96&d=mm&r=g\",\"url\":\"https:\\\/\\\/secure.gravatar.com\\\/avatar\\\/aa6d89063e21cd9638051b6cd0602c108d4b79b0898534c712d68409f7e5b64c?s=96&d=mm&r=g\",\"contentUrl\":\"https:\\\/\\\/secure.gravatar.com\\\/avatar\\\/aa6d89063e21cd9638051b6cd0602c108d4b79b0898534c712d68409f7e5b64c?s=96&d=mm&r=g\",\"caption\":\"Fernanda Monzambani\"},\"url\":\"https:\\\/\\\/aliancasocial.org\\\/en\\\/author\\\/fernanda\\\/\"}]}<\/script>\n<!-- \/ Yoast SEO plugin. -->","yoast_head_json":{"title":"Jantar beneficente no Terra\u00e7o It\u00e1lia celebra os 25 Anos da Alian\u00e7a de Miseric\u00f3rdia - Alian\u00e7a de Miseric\u00f3rdia","robots":{"index":"index","follow":"follow","max-snippet":"max-snippet:-1","max-image-preview":"max-image-preview:large","max-video-preview":"max-video-preview:-1"},"canonical":"https:\/\/aliancasocial.org\/en\/jantar-beneficente-no-terraco-italia-celebra-os-25-anos-da-alianca-de-misericordia\/","og_locale":"en_US","og_type":"article","og_title":"Jantar beneficente no Terra\u00e7o It\u00e1lia celebra os 25 Anos da Alian\u00e7a de Miseric\u00f3rdia - Alian\u00e7a de Miseric\u00f3rdia","og_description":"No dia 14 de agosto, a Alian\u00e7a de Miseric\u00f3rdia celebrou com grande alegria seus 25 anos de miss\u00e3o e evangeliza\u00e7\u00e3o com um jantar beneficente no Terra\u00e7o It\u00e1lia, em S\u00e3o Paulo. O evento, marcado por momentos de partilha, homenagens e testemunhos, reuniu cerca de 120 convidados e teve como anfitri\u00f5es o casal Ana Lucia e S\u00e9rgio [&hellip;]","og_url":"https:\/\/aliancasocial.org\/en\/jantar-beneficente-no-terraco-italia-celebra-os-25-anos-da-alianca-de-misericordia\/","og_site_name":"Alian\u00e7a de Miseric\u00f3rdia","article_publisher":"https:\/\/www.facebook.com\/iesmisericordia\/","article_published_time":"2025-08-19T20:27:20+00:00","article_modified_time":"2025-08-19T20:28:37+00:00","og_image":[{"width":1200,"height":1600,"url":"https:\/\/aliancasocial.org\/wp-content\/uploads\/2025\/08\/WhatsApp-Image-2025-08-18-at-16.40.27.jpeg","type":"image\/jpeg"}],"author":"Fernanda Monzambani","twitter_card":"summary_large_image","twitter_misc":{"Written by":"Fernanda Monzambani","Est. reading time":"3 minutes"},"schema":{"@context":"https:\/\/schema.org","@graph":[{"@type":"Article","@id":"https:\/\/aliancasocial.org\/jantar-beneficente-no-terraco-italia-celebra-os-25-anos-da-alianca-de-misericordia\/#article","isPartOf":{"@id":"https:\/\/aliancasocial.org\/jantar-beneficente-no-terraco-italia-celebra-os-25-anos-da-alianca-de-misericordia\/"},"author":{"name":"Fernanda Monzambani","@id":"https:\/\/aliancasocial.org\/#\/schema\/person\/73a690df527bfd7df78ba35714ff67d4"},"headline":"Jantar beneficente no Terra\u00e7o It\u00e1lia celebra os 25 Anos da Alian\u00e7a de Miseric\u00f3rdia","datePublished":"2025-08-19T20:27:20+00:00","dateModified":"2025-08-19T20:28:37+00:00","mainEntityOfPage":{"@id":"https:\/\/aliancasocial.org\/jantar-beneficente-no-terraco-italia-celebra-os-25-anos-da-alianca-de-misericordia\/"},"wordCount":433,"publisher":{"@id":"https:\/\/aliancasocial.org\/#organization"},"image":{"@id":"https:\/\/aliancasocial.org\/jantar-beneficente-no-terraco-italia-celebra-os-25-anos-da-alianca-de-misericordia\/#primaryimage"},"thumbnailUrl":"https:\/\/aliancasocial.org\/wp-content\/uploads\/2025\/08\/WhatsApp-Image-2025-08-18-at-16.40.27.jpeg","articleSection":["Sem Categoria"],"inLanguage":"en-US"},{"@type":"WebPage","@id":"https:\/\/aliancasocial.org\/jantar-beneficente-no-terraco-italia-celebra-os-25-anos-da-alianca-de-misericordia\/","url":"https:\/\/aliancasocial.org\/jantar-beneficente-no-terraco-italia-celebra-os-25-anos-da-alianca-de-misericordia\/","name":"Jantar beneficente no Terra\u00e7o It\u00e1lia celebra os 25 Anos da Alian\u00e7a de Miseric\u00f3rdia - Alian\u00e7a de Miseric\u00f3rdia","isPartOf":{"@id":"https:\/\/aliancasocial.org\/#website"},"primaryImageOfPage":{"@id":"https:\/\/aliancasocial.org\/jantar-beneficente-no-terraco-italia-celebra-os-25-anos-da-alianca-de-misericordia\/#primaryimage"},"image":{"@id":"https:\/\/aliancasocial.org\/jantar-beneficente-no-terraco-italia-celebra-os-25-anos-da-alianca-de-misericordia\/#primaryimage"},"thumbnailUrl":"https:\/\/aliancasocial.org\/wp-content\/uploads\/2025\/08\/WhatsApp-Image-2025-08-18-at-16.40.27.jpeg","datePublished":"2025-08-19T20:27:20+00:00","dateModified":"2025-08-19T20:28:37+00:00","breadcrumb":{"@id":"https:\/\/aliancasocial.org\/jantar-beneficente-no-terraco-italia-celebra-os-25-anos-da-alianca-de-misericordia\/#breadcrumb"},"inLanguage":"en-US","potentialAction":[{"@type":"ReadAction","target":["https:\/\/aliancasocial.org\/jantar-beneficente-no-terraco-italia-celebra-os-25-anos-da-alianca-de-misericordia\/"]}]},{"@type":"ImageObject","inLanguage":"en-US","@id":"https:\/\/aliancasocial.org\/jantar-beneficente-no-terraco-italia-celebra-os-25-anos-da-alianca-de-misericordia\/#primaryimage","url":"https:\/\/aliancasocial.org\/wp-content\/uploads\/2025\/08\/WhatsApp-Image-2025-08-18-at-16.40.27.jpeg","contentUrl":"https:\/\/aliancasocial.org\/wp-content\/uploads\/2025\/08\/WhatsApp-Image-2025-08-18-at-16.40.27.jpeg","width":1200,"height":1600},{"@type":"BreadcrumbList","@id":"https:\/\/aliancasocial.org\/jantar-beneficente-no-terraco-italia-celebra-os-25-anos-da-alianca-de-misericordia\/#breadcrumb","itemListElement":[{"@type":"ListItem","position":1,"name":"In\u00edcio","item":"https:\/\/aliancasocial.org\/en\/"},{"@type":"ListItem","position":2,"name":"Jantar beneficente no Terra\u00e7o It\u00e1lia celebra os 25 Anos da Alian\u00e7a de Miseric\u00f3rdia"}]},{"@type":"WebSite","@id":"https:\/\/aliancasocial.org\/#website","url":"https:\/\/aliancasocial.org\/","name":"Covenant of Mercy","description":"Bringing human dignity to every corner of the world","publisher":{"@id":"https:\/\/aliancasocial.org\/#organization"},"potentialAction":[{"@type":"SearchAction","target":{"@type":"EntryPoint","urlTemplate":"https:\/\/aliancasocial.org\/?s={search_term_string}"},"query-input":{"@type":"PropertyValueSpecification","valueRequired":true,"valueName":"search_term_string"}}],"inLanguage":"en-US"},{"@type":"Organization","@id":"https:\/\/aliancasocial.org\/#organization","name":"Covenant of Mercy","url":"https:\/\/aliancasocial.org\/","logo":{"@type":"ImageObject","inLanguage":"en-US","@id":"https:\/\/aliancasocial.org\/#\/schema\/logo\/image\/","url":"https:\/\/aliancasocial.org\/wp-content\/uploads\/2022\/07\/logo-alianca-marrom.svg","contentUrl":"https:\/\/aliancasocial.org\/wp-content\/uploads\/2022\/07\/logo-alianca-marrom.svg","width":91,"height":33,"caption":"Alian\u00e7a de Miseric\u00f3rdia"},"image":{"@id":"https:\/\/aliancasocial.org\/#\/schema\/logo\/image\/"},"sameAs":["https:\/\/www.facebook.com\/iesmisericordia\/","https:\/\/www.instagram.com\/aliancademisericordia\/"]},{"@type":"Person","@id":"https:\/\/aliancasocial.org\/#\/schema\/person\/73a690df527bfd7df78ba35714ff67d4","name":"Fernanda Monzambani","image":{"@type":"ImageObject","inLanguage":"en-US","@id":"https:\/\/secure.gravatar.com\/avatar\/aa6d89063e21cd9638051b6cd0602c108d4b79b0898534c712d68409f7e5b64c?s=96&d=mm&r=g","url":"https:\/\/secure.gravatar.com\/avatar\/aa6d89063e21cd9638051b6cd0602c108d4b79b0898534c712d68409f7e5b64c?s=96&d=mm&r=g","contentUrl":"https:\/\/secure.gravatar.com\/avatar\/aa6d89063e21cd9638051b6cd0602c108d4b79b0898534c712d68409f7e5b64c?s=96&d=mm&r=g","caption":"Fernanda Monzambani"},"url":"https:\/\/aliancasocial.org\/en\/author\/fernanda\/"}]}},"_links":{"self":[{"href":"https:\/\/aliancasocial.org\/en\/wp-json\/wp\/v2\/posts\/11877","targetHints":{"allow":["GET"]}}],"collection":[{"href":"https:\/\/aliancasocial.org\/en\/wp-json\/wp\/v2\/posts"}],"about":[{"href":"https:\/\/aliancasocial.org\/en\/wp-json\/wp\/v2\/types\/post"}],"author":[{"embeddable":true,"href":"https:\/\/aliancasocial.org\/en\/wp-json\/wp\/v2\/users\/8"}],"replies":[{"embeddable":true,"href":"https:\/\/aliancasocial.org\/en\/wp-json\/wp\/v2\/comments?post=11877"}],"version-history":[{"count":2,"href":"https:\/\/aliancasocial.org\/en\/wp-json\/wp\/v2\/posts\/11877\/revisions"}],"predecessor-version":[{"id":11880,"href":"https:\/\/aliancasocial.org\/en\/wp-json\/wp\/v2\/posts\/11877\/revisions\/11880"}],"wp:featuredmedia":[{"embeddable":true,"href":"https:\/\/aliancasocial.org\/en\/wp-json\/wp\/v2\/media\/11878"}],"wp:attachment":[{"href":"https:\/\/aliancasocial.org\/en\/wp-json\/wp\/v2\/media?parent=11877"}],"wp:term":[{"taxonomy":"category","embeddable":true,"href":"https:\/\/aliancasocial.org\/en\/wp-json\/wp\/v2\/categories?post=11877"},{"taxonomy":"post_tag","embeddable":true,"href":"https:\/\/aliancasocial.org\/en\/wp-json\/wp\/v2\/tags?post=11877"},{"taxonomy":"destaques","embeddable":true,"href":"https:\/\/aliancasocial.org\/en\/wp-json\/wp\/v2\/destaques?post=11877"}],"curies":[{"name":"wp","href":"https:\/\/api.w.org\/{rel}","templated":true}]}}