{"id":11881,"date":"2025-08-26T14:09:45","date_gmt":"2025-08-26T17:09:45","guid":{"rendered":"https:\/\/aliancasocial.org\/?p=11881"},"modified":"2025-08-26T14:09:52","modified_gmt":"2025-08-26T17:09:52","slug":"mcdia-feliz-alcanca-projetos-da-alianca-de-misericordia-com-solidariedade-alegria-e-fe","status":"publish","type":"post","link":"https:\/\/aliancasocial.org\/en\/mcdia-feliz-alcanca-projetos-da-alianca-de-misericordia-com-solidariedade-alegria-e-fe\/","title":{"rendered":"McHappy Day reaches out to Alliance of Mercy projects with solidarity, joy and faith"},"content":{"rendered":"<p>On the day <strong>August 23, 2025<\/strong>, solidarity gained a flavor of love and hope through the <strong>McHappy Day<\/strong>, which directly impacted three social fronts of the <strong>Covenant of Mercy<\/strong>: <strong>Home Restore Me<\/strong>, <strong>Senator Camara<\/strong> It is <strong>village cuore<\/strong>. <\/p>\n\n\n\n<h2 class=\"wp-block-heading\">Casa Restaura-me: a welcome with a sense of dignity<\/h2>\n\n\n\n<p>At Casa Restaura-me, located in downtown S\u00e3o Paulo, the morning was marked by joy, sharing, and hospitality. With the donation of <strong>470 Big Mac vouchers<\/strong>, the guests enjoyed a special lunch, in an environment full of affection.<\/p>\n\n\n\n<p>From <strong>11am to 1pm<\/strong>, the Casa&#039;s dining room was decorated in McDonald&#039;s colors, creating a playful and engaging space. The <strong>socio-educational counselor Gerson<\/strong> livened up the atmosphere dressed as <strong>Ronald McDonald<\/strong>, with music, paintings and games, bringing lightness and lots of smiles.<\/p>\n\n\n\n<h3 class=\"wp-block-heading\">Testimonies of gratitude<\/h3>\n\n\n\n<p><strong>Mrs. Teresa<\/strong>, a resident of the house, expressed:<\/p>\n\n\n\n<blockquote class=\"wp-block-quote is-layout-flow wp-block-quote-is-layout-flow\">\n<p><em>&quot;I sincerely thank Marcelle. We were so happy with this surprise, because unexpected joy warms the heart. May God bless her and may she always be present in our lives here at Casa Restaura-me.&quot;<\/em><\/p>\n<\/blockquote>\n\n\n\n<p><strong>Marcelo<\/strong>, on behalf of everyone, completed:<\/p>\n\n\n\n<blockquote class=\"wp-block-quote is-layout-flow wp-block-quote-is-layout-flow\">\n<p><em>&quot;I want to thank dear Marcelle and her company from the bottom of my heart for this wonderful gesture of kindness. Thank you so much!&quot;<\/em><\/p>\n<\/blockquote>\n\n\n\n<h2 class=\"wp-block-heading\">Senator Camar\u00e1: McHappy Day brings faith and care to the outskirts<\/h2>\n\n\n\n<p>In the missionary territory of <strong>Senator Camara<\/strong>, in Rio de Janeiro, <strong>300 snacks were distributed<\/strong> for about <strong>100 children and 50 adults<\/strong>, in addition to <strong>100 deliveries to neighborhood homes<\/strong> It is <strong>50 destined for street ministry<\/strong>.<\/p>\n\n\n\n<p>The program was enriched with <strong>games and moments of spirituality<\/strong>, promoting not only food, but <strong>joy and dignity<\/strong> for the community.<\/p>\n\n\n\n<p>The action included the <strong>support from the Ayrton Senna Institute and Stefanini Brasil<\/strong>, and was carried out in the name of the benefactor <strong>Marcelle Farias<\/strong>, an instrument of God&#039;s providence for so many families in vulnerable situations.<\/p>\n\n\n\n<h2 class=\"wp-block-heading\">Vila Cuore: a celebration of love and generosity<\/h2>\n\n\n\n<p>A <strong>village cuore<\/strong>, located in the east zone of S\u00e3o Paulo, was also blessed with the joy of McHappy Day. The event included the distribution of <strong>200 snacks and 200 souvenirs<\/strong>, thanks to the partnership with the company <strong>EATON<\/strong>.<\/p>\n\n\n\n<p>The gesture brought more than a meal: <strong>provided inclusion, communion and fraternity<\/strong>, reaffirming the Alliance of Mercy\u2019s commitment to the poorest and smallest.<\/p>\n\n\n\n<p> Solidarity, when done with love, is capable of restoring hope.<\/p>\n\n\n\n<p><\/p>","protected":false},"excerpt":{"rendered":"<p>No dia 23 de agosto de 2025, a solidariedade ganhou sabor de amor e esperan\u00e7a por meio do McDia Feliz, que impactou diretamente tr\u00eas frentes sociais da Alian\u00e7a de Miseric\u00f3rdia: Casa Restaura-me, Senador Camar\u00e1 e Vila Cuore. Casa Restaura-me: acolhimento com sabor de dignidade Na Casa Restaura-me, localizada no centro de S\u00e3o Paulo, a manh\u00e3 [&hellip;]<\/p>\n","protected":false},"author":8,"featured_media":11883,"comment_status":"closed","ping_status":"closed","sticky":false,"template":"","format":"standard","meta":{"footnotes":""},"categories":[1],"tags":[],"destaques":[38],"class_list":["post-11881","post","type-post","status-publish","format-standard","has-post-thumbnail","hentry","category-sem-categoria","destaques-destaque-03"],"yoast_head":"<!-- This site is optimized with the Yoast SEO plugin v27.4 - https:\/\/yoast.com\/product\/yoast-seo-wordpress\/ -->\n<title>McDia Feliz alcan\u00e7a projetos da Alian\u00e7a de Miseric\u00f3rdia com solidariedade, alegria e f\u00e9 - Alian\u00e7a de Miseric\u00f3rdia<\/title>\n<meta name=\"robots\" content=\"index, follow, max-snippet:-1, max-image-preview:large, max-video-preview:-1\" \/>\n<link rel=\"canonical\" href=\"https:\/\/aliancasocial.org\/en\/mcdia-feliz-alcanca-projetos-da-alianca-de-misericordia-com-solidariedade-alegria-e-fe\/\" \/>\n<meta property=\"og:locale\" content=\"en_US\" \/>\n<meta property=\"og:type\" content=\"article\" \/>\n<meta property=\"og:title\" content=\"McDia Feliz alcan\u00e7a projetos da Alian\u00e7a de Miseric\u00f3rdia com solidariedade, alegria e f\u00e9 - Alian\u00e7a de Miseric\u00f3rdia\" \/>\n<meta property=\"og:description\" content=\"No dia 23 de agosto de 2025, a solidariedade ganhou sabor de amor e esperan\u00e7a por meio do McDia Feliz, que impactou diretamente tr\u00eas frentes sociais da Alian\u00e7a de Miseric\u00f3rdia: Casa Restaura-me, Senador Camar\u00e1 e Vila Cuore. Casa Restaura-me: acolhimento com sabor de dignidade Na Casa Restaura-me, localizada no centro de S\u00e3o Paulo, a manh\u00e3 [&hellip;]\" \/>\n<meta property=\"og:url\" content=\"https:\/\/aliancasocial.org\/en\/mcdia-feliz-alcanca-projetos-da-alianca-de-misericordia-com-solidariedade-alegria-e-fe\/\" \/>\n<meta property=\"og:site_name\" content=\"Alian\u00e7a de Miseric\u00f3rdia\" \/>\n<meta property=\"article:publisher\" content=\"https:\/\/www.facebook.com\/iesmisericordia\/\" \/>\n<meta property=\"article:published_time\" content=\"2025-08-26T17:09:45+00:00\" \/>\n<meta property=\"article:modified_time\" content=\"2025-08-26T17:09:52+00:00\" \/>\n<meta property=\"og:image\" content=\"https:\/\/aliancasocial.org\/wp-content\/uploads\/2025\/08\/WhatsApp-Image-2025-08-25-at-12.06.23.jpeg\" \/>\n\t<meta property=\"og:image:width\" content=\"1280\" \/>\n\t<meta property=\"og:image:height\" content=\"562\" \/>\n\t<meta property=\"og:image:type\" content=\"image\/jpeg\" \/>\n<meta name=\"author\" content=\"Fernanda Monzambani\" \/>\n<meta name=\"twitter:card\" content=\"summary_large_image\" \/>\n<meta name=\"twitter:label1\" content=\"Written by\" \/>\n\t<meta name=\"twitter:data1\" content=\"Fernanda Monzambani\" \/>\n\t<meta name=\"twitter:label2\" content=\"Est. reading time\" \/>\n\t<meta name=\"twitter:data2\" content=\"3 minutes\" \/>\n<script type=\"application\/ld+json\" class=\"yoast-schema-graph\">{\"@context\":\"https:\\\/\\\/schema.org\",\"@graph\":[{\"@type\":\"Article\",\"@id\":\"https:\\\/\\\/aliancasocial.org\\\/mcdia-feliz-alcanca-projetos-da-alianca-de-misericordia-com-solidariedade-alegria-e-fe\\\/#article\",\"isPartOf\":{\"@id\":\"https:\\\/\\\/aliancasocial.org\\\/mcdia-feliz-alcanca-projetos-da-alianca-de-misericordia-com-solidariedade-alegria-e-fe\\\/\"},\"author\":{\"name\":\"Fernanda Monzambani\",\"@id\":\"https:\\\/\\\/aliancasocial.org\\\/#\\\/schema\\\/person\\\/78098b551faec531645dbd5d82778414\"},\"headline\":\"McDia Feliz alcan\u00e7a projetos da Alian\u00e7a de Miseric\u00f3rdia com solidariedade, alegria e f\u00e9\",\"datePublished\":\"2025-08-26T17:09:45+00:00\",\"dateModified\":\"2025-08-26T17:09:52+00:00\",\"mainEntityOfPage\":{\"@id\":\"https:\\\/\\\/aliancasocial.org\\\/mcdia-feliz-alcanca-projetos-da-alianca-de-misericordia-com-solidariedade-alegria-e-fe\\\/\"},\"wordCount\":425,\"publisher\":{\"@id\":\"https:\\\/\\\/aliancasocial.org\\\/#organization\"},\"image\":{\"@id\":\"https:\\\/\\\/aliancasocial.org\\\/mcdia-feliz-alcanca-projetos-da-alianca-de-misericordia-com-solidariedade-alegria-e-fe\\\/#primaryimage\"},\"thumbnailUrl\":\"https:\\\/\\\/aliancasocial.org\\\/wp-content\\\/uploads\\\/2025\\\/08\\\/WhatsApp-Image-2025-08-25-at-12.06.23.jpeg\",\"articleSection\":[\"Sem Categoria\"],\"inLanguage\":\"en-US\"},{\"@type\":\"WebPage\",\"@id\":\"https:\\\/\\\/aliancasocial.org\\\/mcdia-feliz-alcanca-projetos-da-alianca-de-misericordia-com-solidariedade-alegria-e-fe\\\/\",\"url\":\"https:\\\/\\\/aliancasocial.org\\\/mcdia-feliz-alcanca-projetos-da-alianca-de-misericordia-com-solidariedade-alegria-e-fe\\\/\",\"name\":\"McDia Feliz alcan\u00e7a projetos da Alian\u00e7a de Miseric\u00f3rdia com solidariedade, alegria e f\u00e9 - Alian\u00e7a de Miseric\u00f3rdia\",\"isPartOf\":{\"@id\":\"https:\\\/\\\/aliancasocial.org\\\/#website\"},\"primaryImageOfPage\":{\"@id\":\"https:\\\/\\\/aliancasocial.org\\\/mcdia-feliz-alcanca-projetos-da-alianca-de-misericordia-com-solidariedade-alegria-e-fe\\\/#primaryimage\"},\"image\":{\"@id\":\"https:\\\/\\\/aliancasocial.org\\\/mcdia-feliz-alcanca-projetos-da-alianca-de-misericordia-com-solidariedade-alegria-e-fe\\\/#primaryimage\"},\"thumbnailUrl\":\"https:\\\/\\\/aliancasocial.org\\\/wp-content\\\/uploads\\\/2025\\\/08\\\/WhatsApp-Image-2025-08-25-at-12.06.23.jpeg\",\"datePublished\":\"2025-08-26T17:09:45+00:00\",\"dateModified\":\"2025-08-26T17:09:52+00:00\",\"breadcrumb\":{\"@id\":\"https:\\\/\\\/aliancasocial.org\\\/mcdia-feliz-alcanca-projetos-da-alianca-de-misericordia-com-solidariedade-alegria-e-fe\\\/#breadcrumb\"},\"inLanguage\":\"en-US\",\"potentialAction\":[{\"@type\":\"ReadAction\",\"target\":[\"https:\\\/\\\/aliancasocial.org\\\/mcdia-feliz-alcanca-projetos-da-alianca-de-misericordia-com-solidariedade-alegria-e-fe\\\/\"]}]},{\"@type\":\"ImageObject\",\"inLanguage\":\"en-US\",\"@id\":\"https:\\\/\\\/aliancasocial.org\\\/mcdia-feliz-alcanca-projetos-da-alianca-de-misericordia-com-solidariedade-alegria-e-fe\\\/#primaryimage\",\"url\":\"https:\\\/\\\/aliancasocial.org\\\/wp-content\\\/uploads\\\/2025\\\/08\\\/WhatsApp-Image-2025-08-25-at-12.06.23.jpeg\",\"contentUrl\":\"https:\\\/\\\/aliancasocial.org\\\/wp-content\\\/uploads\\\/2025\\\/08\\\/WhatsApp-Image-2025-08-25-at-12.06.23.jpeg\",\"width\":1280,\"height\":562},{\"@type\":\"BreadcrumbList\",\"@id\":\"https:\\\/\\\/aliancasocial.org\\\/mcdia-feliz-alcanca-projetos-da-alianca-de-misericordia-com-solidariedade-alegria-e-fe\\\/#breadcrumb\",\"itemListElement\":[{\"@type\":\"ListItem\",\"position\":1,\"name\":\"In\u00edcio\",\"item\":\"https:\\\/\\\/aliancasocial.org\\\/en\\\/\"},{\"@type\":\"ListItem\",\"position\":2,\"name\":\"McDia Feliz alcan\u00e7a projetos da Alian\u00e7a de Miseric\u00f3rdia com solidariedade, alegria e f\u00e9\"}]},{\"@type\":\"WebSite\",\"@id\":\"https:\\\/\\\/aliancasocial.org\\\/#website\",\"url\":\"https:\\\/\\\/aliancasocial.org\\\/\",\"name\":\"Alian\u00e7a de Miseric\u00f3rdia\",\"description\":\"Levando dignidade humana a todos os cantos do mundo\",\"publisher\":{\"@id\":\"https:\\\/\\\/aliancasocial.org\\\/#organization\"},\"potentialAction\":[{\"@type\":\"SearchAction\",\"target\":{\"@type\":\"EntryPoint\",\"urlTemplate\":\"https:\\\/\\\/aliancasocial.org\\\/?s={search_term_string}\"},\"query-input\":{\"@type\":\"PropertyValueSpecification\",\"valueRequired\":true,\"valueName\":\"search_term_string\"}}],\"inLanguage\":\"en-US\"},{\"@type\":\"Organization\",\"@id\":\"https:\\\/\\\/aliancasocial.org\\\/#organization\",\"name\":\"Alian\u00e7a de Miseric\u00f3rdia\",\"url\":\"https:\\\/\\\/aliancasocial.org\\\/\",\"logo\":{\"@type\":\"ImageObject\",\"inLanguage\":\"en-US\",\"@id\":\"https:\\\/\\\/aliancasocial.org\\\/#\\\/schema\\\/logo\\\/image\\\/\",\"url\":\"https:\\\/\\\/aliancasocial.org\\\/wp-content\\\/uploads\\\/2022\\\/07\\\/logo-alianca-marrom.svg\",\"contentUrl\":\"https:\\\/\\\/aliancasocial.org\\\/wp-content\\\/uploads\\\/2022\\\/07\\\/logo-alianca-marrom.svg\",\"width\":91,\"height\":33,\"caption\":\"Alian\u00e7a de Miseric\u00f3rdia\"},\"image\":{\"@id\":\"https:\\\/\\\/aliancasocial.org\\\/#\\\/schema\\\/logo\\\/image\\\/\"},\"sameAs\":[\"https:\\\/\\\/www.facebook.com\\\/iesmisericordia\\\/\",\"https:\\\/\\\/www.instagram.com\\\/aliancademisericordia\\\/\"]},{\"@type\":\"Person\",\"@id\":\"https:\\\/\\\/aliancasocial.org\\\/#\\\/schema\\\/person\\\/78098b551faec531645dbd5d82778414\",\"name\":\"Fernanda Monzambani\",\"image\":{\"@type\":\"ImageObject\",\"inLanguage\":\"en-US\",\"@id\":\"https:\\\/\\\/secure.gravatar.com\\\/avatar\\\/aa6d89063e21cd9638051b6cd0602c108d4b79b0898534c712d68409f7e5b64c?s=96&d=mm&r=g\",\"url\":\"https:\\\/\\\/secure.gravatar.com\\\/avatar\\\/aa6d89063e21cd9638051b6cd0602c108d4b79b0898534c712d68409f7e5b64c?s=96&d=mm&r=g\",\"contentUrl\":\"https:\\\/\\\/secure.gravatar.com\\\/avatar\\\/aa6d89063e21cd9638051b6cd0602c108d4b79b0898534c712d68409f7e5b64c?s=96&d=mm&r=g\",\"caption\":\"Fernanda Monzambani\"},\"url\":\"https:\\\/\\\/aliancasocial.org\\\/en\\\/author\\\/fernanda\\\/\"}]}<\/script>\n<!-- \/ Yoast SEO plugin. -->","yoast_head_json":{"title":"McDia Feliz alcan\u00e7a projetos da Alian\u00e7a de Miseric\u00f3rdia com solidariedade, alegria e f\u00e9 - Alian\u00e7a de Miseric\u00f3rdia","robots":{"index":"index","follow":"follow","max-snippet":"max-snippet:-1","max-image-preview":"max-image-preview:large","max-video-preview":"max-video-preview:-1"},"canonical":"https:\/\/aliancasocial.org\/en\/mcdia-feliz-alcanca-projetos-da-alianca-de-misericordia-com-solidariedade-alegria-e-fe\/","og_locale":"en_US","og_type":"article","og_title":"McDia Feliz alcan\u00e7a projetos da Alian\u00e7a de Miseric\u00f3rdia com solidariedade, alegria e f\u00e9 - Alian\u00e7a de Miseric\u00f3rdia","og_description":"No dia 23 de agosto de 2025, a solidariedade ganhou sabor de amor e esperan\u00e7a por meio do McDia Feliz, que impactou diretamente tr\u00eas frentes sociais da Alian\u00e7a de Miseric\u00f3rdia: Casa Restaura-me, Senador Camar\u00e1 e Vila Cuore. Casa Restaura-me: acolhimento com sabor de dignidade Na Casa Restaura-me, localizada no centro de S\u00e3o Paulo, a manh\u00e3 [&hellip;]","og_url":"https:\/\/aliancasocial.org\/en\/mcdia-feliz-alcanca-projetos-da-alianca-de-misericordia-com-solidariedade-alegria-e-fe\/","og_site_name":"Alian\u00e7a de Miseric\u00f3rdia","article_publisher":"https:\/\/www.facebook.com\/iesmisericordia\/","article_published_time":"2025-08-26T17:09:45+00:00","article_modified_time":"2025-08-26T17:09:52+00:00","og_image":[{"width":1280,"height":562,"url":"https:\/\/aliancasocial.org\/wp-content\/uploads\/2025\/08\/WhatsApp-Image-2025-08-25-at-12.06.23.jpeg","type":"image\/jpeg"}],"author":"Fernanda Monzambani","twitter_card":"summary_large_image","twitter_misc":{"Written by":"Fernanda Monzambani","Est. reading time":"3 minutes"},"schema":{"@context":"https:\/\/schema.org","@graph":[{"@type":"Article","@id":"https:\/\/aliancasocial.org\/mcdia-feliz-alcanca-projetos-da-alianca-de-misericordia-com-solidariedade-alegria-e-fe\/#article","isPartOf":{"@id":"https:\/\/aliancasocial.org\/mcdia-feliz-alcanca-projetos-da-alianca-de-misericordia-com-solidariedade-alegria-e-fe\/"},"author":{"name":"Fernanda Monzambani","@id":"https:\/\/aliancasocial.org\/#\/schema\/person\/78098b551faec531645dbd5d82778414"},"headline":"McDia Feliz alcan\u00e7a projetos da Alian\u00e7a de Miseric\u00f3rdia com solidariedade, alegria e f\u00e9","datePublished":"2025-08-26T17:09:45+00:00","dateModified":"2025-08-26T17:09:52+00:00","mainEntityOfPage":{"@id":"https:\/\/aliancasocial.org\/mcdia-feliz-alcanca-projetos-da-alianca-de-misericordia-com-solidariedade-alegria-e-fe\/"},"wordCount":425,"publisher":{"@id":"https:\/\/aliancasocial.org\/#organization"},"image":{"@id":"https:\/\/aliancasocial.org\/mcdia-feliz-alcanca-projetos-da-alianca-de-misericordia-com-solidariedade-alegria-e-fe\/#primaryimage"},"thumbnailUrl":"https:\/\/aliancasocial.org\/wp-content\/uploads\/2025\/08\/WhatsApp-Image-2025-08-25-at-12.06.23.jpeg","articleSection":["Sem Categoria"],"inLanguage":"en-US"},{"@type":"WebPage","@id":"https:\/\/aliancasocial.org\/mcdia-feliz-alcanca-projetos-da-alianca-de-misericordia-com-solidariedade-alegria-e-fe\/","url":"https:\/\/aliancasocial.org\/mcdia-feliz-alcanca-projetos-da-alianca-de-misericordia-com-solidariedade-alegria-e-fe\/","name":"McDia Feliz alcan\u00e7a projetos da Alian\u00e7a de Miseric\u00f3rdia com solidariedade, alegria e f\u00e9 - Alian\u00e7a de Miseric\u00f3rdia","isPartOf":{"@id":"https:\/\/aliancasocial.org\/#website"},"primaryImageOfPage":{"@id":"https:\/\/aliancasocial.org\/mcdia-feliz-alcanca-projetos-da-alianca-de-misericordia-com-solidariedade-alegria-e-fe\/#primaryimage"},"image":{"@id":"https:\/\/aliancasocial.org\/mcdia-feliz-alcanca-projetos-da-alianca-de-misericordia-com-solidariedade-alegria-e-fe\/#primaryimage"},"thumbnailUrl":"https:\/\/aliancasocial.org\/wp-content\/uploads\/2025\/08\/WhatsApp-Image-2025-08-25-at-12.06.23.jpeg","datePublished":"2025-08-26T17:09:45+00:00","dateModified":"2025-08-26T17:09:52+00:00","breadcrumb":{"@id":"https:\/\/aliancasocial.org\/mcdia-feliz-alcanca-projetos-da-alianca-de-misericordia-com-solidariedade-alegria-e-fe\/#breadcrumb"},"inLanguage":"en-US","potentialAction":[{"@type":"ReadAction","target":["https:\/\/aliancasocial.org\/mcdia-feliz-alcanca-projetos-da-alianca-de-misericordia-com-solidariedade-alegria-e-fe\/"]}]},{"@type":"ImageObject","inLanguage":"en-US","@id":"https:\/\/aliancasocial.org\/mcdia-feliz-alcanca-projetos-da-alianca-de-misericordia-com-solidariedade-alegria-e-fe\/#primaryimage","url":"https:\/\/aliancasocial.org\/wp-content\/uploads\/2025\/08\/WhatsApp-Image-2025-08-25-at-12.06.23.jpeg","contentUrl":"https:\/\/aliancasocial.org\/wp-content\/uploads\/2025\/08\/WhatsApp-Image-2025-08-25-at-12.06.23.jpeg","width":1280,"height":562},{"@type":"BreadcrumbList","@id":"https:\/\/aliancasocial.org\/mcdia-feliz-alcanca-projetos-da-alianca-de-misericordia-com-solidariedade-alegria-e-fe\/#breadcrumb","itemListElement":[{"@type":"ListItem","position":1,"name":"In\u00edcio","item":"https:\/\/aliancasocial.org\/en\/"},{"@type":"ListItem","position":2,"name":"McDia Feliz alcan\u00e7a projetos da Alian\u00e7a de Miseric\u00f3rdia com solidariedade, alegria e f\u00e9"}]},{"@type":"WebSite","@id":"https:\/\/aliancasocial.org\/#website","url":"https:\/\/aliancasocial.org\/","name":"Covenant of Mercy","description":"Bringing human dignity to every corner of the world","publisher":{"@id":"https:\/\/aliancasocial.org\/#organization"},"potentialAction":[{"@type":"SearchAction","target":{"@type":"EntryPoint","urlTemplate":"https:\/\/aliancasocial.org\/?s={search_term_string}"},"query-input":{"@type":"PropertyValueSpecification","valueRequired":true,"valueName":"search_term_string"}}],"inLanguage":"en-US"},{"@type":"Organization","@id":"https:\/\/aliancasocial.org\/#organization","name":"Covenant of Mercy","url":"https:\/\/aliancasocial.org\/","logo":{"@type":"ImageObject","inLanguage":"en-US","@id":"https:\/\/aliancasocial.org\/#\/schema\/logo\/image\/","url":"https:\/\/aliancasocial.org\/wp-content\/uploads\/2022\/07\/logo-alianca-marrom.svg","contentUrl":"https:\/\/aliancasocial.org\/wp-content\/uploads\/2022\/07\/logo-alianca-marrom.svg","width":91,"height":33,"caption":"Alian\u00e7a de Miseric\u00f3rdia"},"image":{"@id":"https:\/\/aliancasocial.org\/#\/schema\/logo\/image\/"},"sameAs":["https:\/\/www.facebook.com\/iesmisericordia\/","https:\/\/www.instagram.com\/aliancademisericordia\/"]},{"@type":"Person","@id":"https:\/\/aliancasocial.org\/#\/schema\/person\/78098b551faec531645dbd5d82778414","name":"Fernanda Monzambani","image":{"@type":"ImageObject","inLanguage":"en-US","@id":"https:\/\/secure.gravatar.com\/avatar\/aa6d89063e21cd9638051b6cd0602c108d4b79b0898534c712d68409f7e5b64c?s=96&d=mm&r=g","url":"https:\/\/secure.gravatar.com\/avatar\/aa6d89063e21cd9638051b6cd0602c108d4b79b0898534c712d68409f7e5b64c?s=96&d=mm&r=g","contentUrl":"https:\/\/secure.gravatar.com\/avatar\/aa6d89063e21cd9638051b6cd0602c108d4b79b0898534c712d68409f7e5b64c?s=96&d=mm&r=g","caption":"Fernanda Monzambani"},"url":"https:\/\/aliancasocial.org\/en\/author\/fernanda\/"}]}},"_links":{"self":[{"href":"https:\/\/aliancasocial.org\/en\/wp-json\/wp\/v2\/posts\/11881","targetHints":{"allow":["GET"]}}],"collection":[{"href":"https:\/\/aliancasocial.org\/en\/wp-json\/wp\/v2\/posts"}],"about":[{"href":"https:\/\/aliancasocial.org\/en\/wp-json\/wp\/v2\/types\/post"}],"author":[{"embeddable":true,"href":"https:\/\/aliancasocial.org\/en\/wp-json\/wp\/v2\/users\/8"}],"replies":[{"embeddable":true,"href":"https:\/\/aliancasocial.org\/en\/wp-json\/wp\/v2\/comments?post=11881"}],"version-history":[{"count":1,"href":"https:\/\/aliancasocial.org\/en\/wp-json\/wp\/v2\/posts\/11881\/revisions"}],"predecessor-version":[{"id":11884,"href":"https:\/\/aliancasocial.org\/en\/wp-json\/wp\/v2\/posts\/11881\/revisions\/11884"}],"wp:featuredmedia":[{"embeddable":true,"href":"https:\/\/aliancasocial.org\/en\/wp-json\/wp\/v2\/media\/11883"}],"wp:attachment":[{"href":"https:\/\/aliancasocial.org\/en\/wp-json\/wp\/v2\/media?parent=11881"}],"wp:term":[{"taxonomy":"category","embeddable":true,"href":"https:\/\/aliancasocial.org\/en\/wp-json\/wp\/v2\/categories?post=11881"},{"taxonomy":"post_tag","embeddable":true,"href":"https:\/\/aliancasocial.org\/en\/wp-json\/wp\/v2\/tags?post=11881"},{"taxonomy":"destaques","embeddable":true,"href":"https:\/\/aliancasocial.org\/en\/wp-json\/wp\/v2\/destaques?post=11881"}],"curies":[{"name":"wp","href":"https:\/\/api.w.org\/{rel}","templated":true}]}}